{"id":11540,"date":"2021-07-09T18:49:16","date_gmt":"2021-07-09T18:49:16","guid":{"rendered":"https:\/\/noti-america.com\/site\/repdom\/?p=11540"},"modified":"2021-07-09T18:49:16","modified_gmt":"2021-07-09T18:49:16","slug":"jovenel-moise-la-vieja-industria-de-mercenarios-colombianos-que-presuntamente-esta-detras-de-su-asesinato","status":"publish","type":"post","link":"https:\/\/noti-america.com\/site\/repdom\/2021\/07\/09\/jovenel-moise-la-vieja-industria-de-mercenarios-colombianos-que-presuntamente-esta-detras-de-su-asesinato\/","title":{"rendered":"Jovenel Mo\u00efse: la vieja industria de mercenarios colombianos que presuntamente est\u00e1 detr\u00e1s de su asesinato"},"content":{"rendered":"<p><img loading=\"lazy\" decoding=\"async\" class=\"\" src=\"https:\/\/ichef.bbci.co.uk\/news\/640\/cpsprodpb\/81BD\/production\/_119331233_hi068493403.jpg\" alt=\"La polic\u00eda de Hait\u00ed muestra a los medios los detenidos sospechosos del asesinato del presidente Jovenel Mo\u00efse. Puerto Pr\u00edncipe, 8 de julio de 2021.\" width=\"475\" height=\"267\" \/><\/p>\n<p>NOTI-AMERICA REP\u00daBLICA DOMINICANA<\/p>\n<div class=\"e1j2237y3 bbc-irdbz7 e57qer20\" dir=\"ltr\">\n<div class=\"bbc-19j92fr e57qer20\" dir=\"ltr\">\n<p class=\"bbc-bm53ic e1cc2ql70\" dir=\"ltr\" style=\"text-align: justify\"><b>Militares colombianos retirados, que hablan ingl\u00e9s y poseen entrenamiento en armas sofisticadas, inteligencia y operaciones internacionales. Que fueron parte de unidades contraguerrilleras, muchas de ellas financiadas por Estados Unidos.<\/b><\/p>\n<\/div>\n<div class=\"bbc-19j92fr e57qer20\" dir=\"ltr\" style=\"text-align: justify\">\n<p class=\"bbc-bm53ic e1cc2ql70\" dir=\"ltr\">Ese es, en t\u00e9rminos generales, el perfil de los 26 colombianos \u201415 detenidos, tres abatidos y ocho pr\u00f3fugos\u2014 que, seg\u00fan las autoridades haitianas, est\u00e1n implicados en el asesinato del presidente de ese pa\u00eds Jovenel Mo\u00efse.<\/p>\n<\/div>\n<div class=\"bbc-19j92fr e57qer20\" dir=\"ltr\" style=\"text-align: justify\">\n<p class=\"bbc-bm53ic e1cc2ql70\" dir=\"ltr\">El mandatario fue asesinado en su residencia en la madrugada del mi\u00e9rcoles. Sufri\u00f3 12 tiros, uno de ellos en la cabeza. Supuestamente lo torturaron. Llevaba meses encerrado en su casa en medio de una crisis pol\u00edtica que fue menguando cada vez m\u00e1s su legitimidad y haciendo que aumentaran las voces que ped\u00edan su renuncia.<\/p>\n<\/div>\n<div class=\"bbc-19j92fr e57qer20\" dir=\"ltr\" style=\"text-align: justify\">\n<p class=\"bbc-bm53ic e1cc2ql70\" dir=\"ltr\">Hasta ahora se desconoce qui\u00e9n pag\u00f3 a los mercenarios colombianos para que mataran al mandatario.<\/p>\n<\/div>\n<section class=\"e1j2237y7 bbc-113e14a e1e90g5r0\" role=\"region\" aria-label=\"Publicidad 2\" aria-hidden=\"true\" data-e2e=\"advertisement\"><\/section>\n<div class=\"bbc-19j92fr e57qer20\" dir=\"ltr\" style=\"text-align: justify\">\n<p class=\"bbc-bm53ic e1cc2ql70\" dir=\"ltr\">Pero antes de que hubiese pasado un d\u00eda desde que se supo el car\u00e1cter internacional del magnicidio, ya empezaron a conocerse los detalles de los exmilitares que lo llevaron a cabo.<\/p>\n<\/div>\n<div class=\"bbc-1n4f7vm e57qer20\" dir=\"ltr\" style=\"text-align: justify\">\n<div class=\"bbc-9e56ts ebqhneu1\">\n<section class=\" bbc-6bz6fw e82toqd3\" role=\"region\" data-e2e=\"recommendations-heading\" aria-labelledby=\"recommendations-heading\">\n<div class=\"bbc-bjn8wh emhm4kg2\">\n<p>Detalles que ilustran una faceta clave de la guerra en Colombia: una industria de mercenarios que, salidos de los esquemas de lucha contra el narcotr\u00e1fico y el terrorismo financiados por Estados Unidos, se han involucrado en distintos conflictos internacionales debido a su gran habilidad militar y su disposici\u00f3n de cobrar salarios bajos.<\/p>\n<\/div>\n<\/section>\n<\/div>\n<\/div>\n<div class=\"bbc-19j92fr e57qer20\" dir=\"ltr\" style=\"text-align: justify\">\n<h2 id=\"Qui\u00e9nes-fueron-\" class=\"bbc-l3e97o e14hemmw0\">\u00bfQui\u00e9nes fueron?<\/h2>\n<\/div>\n<div class=\"bbc-19j92fr e57qer20\" dir=\"ltr\" style=\"text-align: justify\">\n<p class=\"bbc-bm53ic e1cc2ql70\" dir=\"ltr\">En la ma\u00f1ana del viernes, los medios colombianos fueron publicando a cuentagotas los nombres, las trayectorias y las fotos de los militares retirados involucrados en el magnicidio.<\/p>\n<\/div>\n<div class=\"bbc-19j92fr e57qer20\" dir=\"ltr\" style=\"text-align: justify\">\n<p class=\"bbc-bm53ic e1cc2ql70\" dir=\"ltr\">La mayor\u00eda de ellos rondan los 40 a\u00f1os, ejercieron de soldados y, como parte de una pr\u00e1ctica usual en el ej\u00e9rcito al no poder ascender, se retiraron j\u00f3venes, hace menos de dos o tres a\u00f1os.<\/p>\n<\/div>\n<div class=\"bbc-19j92fr e57qer20\" dir=\"ltr\" style=\"text-align: justify\">\n<p class=\"bbc-bm53ic e1cc2ql70\" dir=\"ltr\">La esposa de Eladio Uribe, al parecer detenido en Hait\u00ed, le dijo a la W Radio que el\u00a0<b>exmilitar fue soldado profesional durante 20 a\u00f1os, se retir\u00f3 en 2019 y recibi\u00f3 varios reconocimientos castrenses<\/b>.<\/p>\n<\/div>\n<div class=\"bbc-19j92fr e57qer20\" dir=\"ltr\" style=\"text-align: justify\">\n<p class=\"bbc-bm53ic e1cc2ql70\" dir=\"ltr\">Seg\u00fan ella, Uribe estuvo investigado por el caso de los falsos positivos, un esquema de cuotas que pasaba bajas civiles como bajas guerrilleras en combate, pero \u00abfue absuelto\u00bb.<\/p>\n<\/div>\n<div class=\"bbc-19j92fr e57qer20\" dir=\"ltr\" style=\"text-align: justify\">\n<p class=\"bbc-bm53ic e1cc2ql70\" dir=\"ltr\">Y estaba, de acuerdo con el relato de su esposa, en Rep\u00fablica Dominicana contratado por una supuesta empresa de seguridad que le pagar\u00eda US$3.000 al mes.<\/p>\n<\/div>\n<div class=\"bbc-19j92fr e57qer20\" dir=\"ltr\" style=\"text-align: justify\">\n<p class=\"bbc-bm53ic e1cc2ql70\" dir=\"ltr\">\u00abA ellos no les dijeron para d\u00f3nde se los iban a llevar exactamente (\u2026) era una oportunidad laboral con una agencia para cuidar familias de jeques\u00bb, asegur\u00f3.<\/p>\n<\/div>\n<div class=\"bbc-19j92fr e57qer20\" dir=\"ltr\" style=\"text-align: justify\">\n<p class=\"bbc-bm53ic e1cc2ql70\" dir=\"ltr\">Los medios colombianos tambi\u00e9n hicieron hincapi\u00e9 en el caso de Manuel Antonio Grosso,\u00a0<b>un paracaidista y miembro de las fuerzas especiales antiguerrilla\u00a0<\/b>que public\u00f3 fotos en redes sociales hace una semana desde Rep\u00fablica Dominicana.<\/p>\n<\/div>\n<div class=\"bbc-19j92fr e57qer20\" dir=\"ltr\" style=\"text-align: justify\">\n<p class=\"bbc-bm53ic e1cc2ql70\" dir=\"ltr\">Al parecer cruz\u00f3 la frontera a Hait\u00ed el d\u00eda antes del asesinato de Mo\u00efse.<\/p>\n<\/div>\n<div class=\"bbc-1ka88fa e57qer20\" dir=\"ltr\" style=\"text-align: justify\">\n<figure class=\"bbc-1qdcvv9 e6bmn90\">\n<div class=\"bbc-172p16q e57qer20\" dir=\"ltr\">\n<div class=\"bbc-172p16q e57qer20\" dir=\"ltr\">\n<div class=\"bbc-189y18v e57qer20\" dir=\"ltr\">\n<div class=\"bbc-1k5hvrj e1whu0\" data-e2e=\"image-placeholder\">\n<div class=\"lazyload-wrapper \">\n<div class=\"lazyload-placeholder\">Los mercenarios colombianos, un bien de exportaci\u00f3n<\/div>\n<\/div>\n<\/div>\n<\/div>\n<\/div>\n<\/div>\n<\/figure>\n<\/div>\n<div class=\"bbc-19j92fr e57qer20\" dir=\"ltr\" style=\"text-align: justify\">\n<p class=\"bbc-bm53ic e1cc2ql70\" dir=\"ltr\">No es la primera vez que mercenarios colombianos son noticia mundial debido a su participaci\u00f3n en operaciones militares que traspasan fronteras.<\/p>\n<\/div>\n<div class=\"bbc-19j92fr e57qer20\" dir=\"ltr\" style=\"text-align: justify\">\n<p class=\"bbc-bm53ic e1cc2ql70\" dir=\"ltr\">Durante las \u00faltimas dos d\u00e9cadas, cientos de exmilitares colombianos han sido empleados por contratistas privados de pa\u00edses como Estados Unidos o Reino Unido para dar apoyo en las guerras de Afganist\u00e1n, Irak y Yemen.<\/p>\n<\/div>\n<div class=\"bbc-19j92fr e57qer20\" dir=\"ltr\" style=\"text-align: justify\">\n<p class=\"bbc-bm53ic e1cc2ql70\" dir=\"ltr\">Los salarios en el ej\u00e9rcito colombiano son, seg\u00fan declaraciones de exministros de Defensa,<b>\u00a0entre 15<\/b><b>%<\/b><b>\u00a0y 20% menores de lo que puede recibir un retirado en el exterior por operaciones contratadas de manera privada<\/b>.<\/p>\n<\/div>\n<div class=\"bbc-19j92fr e57qer20\" dir=\"ltr\" style=\"text-align: justify\">\n<p class=\"bbc-bm53ic e1cc2ql70\" dir=\"ltr\">Expertos en seguridad explican que la industria de los mercenarios experiment\u00f3 un cambio despu\u00e9s de los atentados contra las Torres Gemelas en Nuevas York en 2001 y el inicio de la llamada \u00abguerra global contra el terrorismo\u00bb, que fue parcialmente ejecutada por contratistas privados.<\/p>\n<\/div>\n<div class=\"bbc-19j92fr e57qer20\" dir=\"ltr\" style=\"text-align: justify\">\n<p class=\"bbc-bm53ic e1cc2ql70\" dir=\"ltr\">Tras la Guerra Fr\u00eda, argumentan, Estados Unidos estaba interesado en tercerizar las intervenciones militares en pa\u00edses peque\u00f1os pero con conflictos complejos, para reducir el impacto pol\u00edtico de sacrificar tropas estadounidenses.<\/p>\n<\/div>\n<div class=\"bbc-19j92fr e57qer20\" dir=\"ltr\" style=\"text-align: justify\">\n<p class=\"bbc-bm53ic e1cc2ql70\" dir=\"ltr\">\u00abLas guerras en Irak y Afganist\u00e1n permitieron madurar a la industria militar privada, con redes de mercenarios establecidas y algunas pr\u00e1cticas \u00f3ptimas\u00bb, escribe Sean McFate, un experto estadounidense en el sobre tema.<\/p>\n<\/div>\n<div class=\"bbc-19j92fr e57qer20\" dir=\"ltr\" style=\"text-align: justify\">\n<p class=\"bbc-bm53ic e1cc2ql70\" dir=\"ltr\">La industria dio con la creaci\u00f3n de empresas como\u00a0<b>Blackwater<\/b>, una firma militar privada que, seg\u00fan informes del Departamento de Estado, dio entrenamiento a militares y paramilitares colombianos en 2005.<\/p>\n<\/div>\n<div class=\"bbc-19j92fr e57qer20\" dir=\"ltr\" style=\"text-align: justify\">\n<p class=\"bbc-bm53ic e1cc2ql70\" dir=\"ltr\">McFate explica en uno de sus ensayos: \u00abOtros (pa\u00edses) imitan el modelo estadounidense y cada d\u00eda surgen nuevos grupos militares privados de pa\u00edses como Rusia, Uganda, Irak, Afganist\u00e1n y Colombia. Sus servicios son m\u00e1s robustos que los de Blackwater, ofrecen un mayor poder de combate y la voluntad de trabajar para el mejor postor con escasa consideraci\u00f3n por los derechos humanos.<b>\u00a0Son mercenarios en todos los sentidos de la palabra<\/b>\u00ab.<\/p>\n<\/div>\n<div class=\"bbc-19j92fr e57qer20\" dir=\"ltr\" style=\"text-align: justify\">\n<p class=\"bbc-bm53ic e1cc2ql70\" dir=\"ltr\">Colombia lleg\u00f3 a la guerra contra el terrorismo, que fue secundada por el gobierno de \u00c1lvaro Uribe, con una experiencia ya consolidada en el tema de contrataci\u00f3n y creaci\u00f3n de empresas privadas de seguridad.<\/p>\n<\/div>\n<div class=\"bbc-1ka88fa e57qer20\" dir=\"ltr\" style=\"text-align: justify\">\n<figure class=\"bbc-1qdcvv9 e6bmn90\">\n<div class=\"bbc-172p16q e57qer20\" dir=\"ltr\">\n<div class=\"bbc-172p16q e57qer20\" dir=\"ltr\">\n<div class=\"bbc-189y18v e57qer20\" dir=\"ltr\">\n<div class=\"bbc-1k5hvrj e1whu0\" data-e2e=\"image-placeholder\">\n<div class=\"lazyload-wrapper \">\n<div class=\"lazyload-placeholder\">En los a\u00f1os 90, el pa\u00eds relaj\u00f3 las leyes para la creaci\u00f3n de este tipo de empresas, para fortalecer a los grupos que enfrentaban a las guerrillas en el campo.<\/div>\n<\/div>\n<\/div>\n<\/div>\n<\/div>\n<\/div>\n<\/figure>\n<\/div>\n<div class=\"bbc-19j92fr e57qer20\" dir=\"ltr\" style=\"text-align: justify\">\n<p class=\"bbc-bm53ic e1cc2ql70\" dir=\"ltr\">\u00abEl dilema para el pa\u00eds no es optar por tener cooperativas de seguridad rural o no\u00bb, dijo el entonces ministro de Defensa Fernando Botero Zea. \u00abLa verdadera elecci\u00f3n es entre permitir cooperativas supervisadas por el Estado o tener el desarrollo descontrolado de autodefensas y grupos paramilitares creados al margen de la ley\u00bb.<\/p>\n<\/div>\n<div class=\"bbc-19j92fr e57qer20\" dir=\"ltr\" style=\"text-align: justify\">\n<p class=\"bbc-bm53ic e1cc2ql70\" dir=\"ltr\">El resultado fue, sin embargo, una consolidaci\u00f3n de los ej\u00e9rcitos paramilitares.<\/p>\n<\/div>\n<div class=\"bbc-19j92fr e57qer20\" dir=\"ltr\" style=\"text-align: justify\">\n<p class=\"bbc-bm53ic e1cc2ql70\" dir=\"ltr\">Pero, adem\u00e1s, Colombia ya era el principal aliado de Estados Unidos en la lucha contra el narcotr\u00e1fico.<\/p>\n<\/div>\n<div class=\"bbc-19j92fr e57qer20\" dir=\"ltr\" style=\"text-align: justify\">\n<p class=\"bbc-bm53ic e1cc2ql70\" dir=\"ltr\">El famoso Plan Colombia, un multimillonario programa contra el narcotr\u00e1fico, convirti\u00f3 al pa\u00eds en el mayor receptor de asistencia militar estadounidense en Am\u00e9rica Latina.<\/p>\n<\/div>\n<div class=\"bbc-19j92fr e57qer20\" dir=\"ltr\" style=\"text-align: justify\">\n<p class=\"bbc-bm53ic e1cc2ql70\" dir=\"ltr\">Y dispar\u00f3 la creaci\u00f3n de empresas privadas de seguridad en el pa\u00eds.<\/p>\n<\/div>\n<div class=\"bbc-19j92fr e57qer20\" dir=\"ltr\" style=\"text-align: justify\">\n<p class=\"bbc-bm53ic e1cc2ql70\" dir=\"ltr\">Seg\u00fan un informe de 2011 del Comit\u00e9 del Senado sobre Seguridad Nacional de EE.UU.,\u00a0<b>entre 2005 y 2009 el gobierno federal gast\u00f3 US$3.100 millones en contratos privados para pol\u00edticas de antinarc\u00f3ticos en Am\u00e9rica Latina<\/b>, un aumento del 32% en cuatro a\u00f1os.<\/p>\n<\/div>\n<div class=\"bbc-19j92fr e57qer20\" dir=\"ltr\" style=\"text-align: justify\">\n<p class=\"bbc-bm53ic e1cc2ql70\" dir=\"ltr\">Y la mayor\u00eda de esas empresas estaban en Colombia.<\/p>\n<\/div>\n<div class=\"bbc-1ka88fa e57qer20\" dir=\"ltr\" style=\"text-align: justify\">\n<figure class=\"bbc-1qdcvv9 e6bmn90\">\n<div class=\"bbc-172p16q e57qer20\" dir=\"ltr\">\n<div class=\"bbc-172p16q e57qer20\" dir=\"ltr\">\n<div class=\"bbc-189y18v e57qer20\" dir=\"ltr\">\n<div class=\"bbc-1k5hvrj e1whu0\" data-e2e=\"image-placeholder\">\n<div class=\"lazyload-wrapper \">\n<div class=\"lazyload-placeholder\"><\/div>\n<\/div>\n<\/div>\n<\/div>\n<\/div>\n<\/div>\n<\/figure>\n<\/div>\n<div class=\"bbc-19j92fr e57qer20\" dir=\"ltr\" style=\"text-align: justify\">\n<div class=\"bbc-12snd3g e1rm9fh20\" data-e2e=\"youtube-embed-https:\/\/www.youtube.com\/watch?v=3gwP5X5szQM\"><\/div>\n<\/div>\n<section class=\" eohxfgj0 bbc-1u4iszl e82toqd3\" role=\"region\" data-e2e=\"related-content-heading\" aria-labelledby=\"related-content-heading\">\n<div class=\"bbc-1hc1w01 e19k1v2h0\" dir=\"ltr\"><\/div>\n<\/section>\n<\/div>\n<div class=\"e1j2237y2 bbc-fm4knk e57qer20\" dir=\"ltr\">\n<div class=\"bbc-12dqyuf e1j2237y0\" style=\"text-align: justify\"><\/div>\n<div class=\"bbc-12dqyuf e1j2237y0\">\n<section class=\" bbc-6bz6fw e82toqd3\" role=\"region\" data-e2e=\"features-analysis-heading\" aria-labelledby=\"features-analysis-heading\">\n<div class=\"bbc-1ehn615 e1tfxkuo5\" data-e2e=\"story-promo\">\n<div class=\"bbc-1o12lo8 e1fos6470\" dir=\"ltr\">\n<div class=\"bbc-bjn8wh e1tfxkuo4\">\n<div class=\"bbc-1byb41b e1whu0\" style=\"text-align: justify\" data-e2e=\"image-placeholder\">\n<div class=\"lazyload-wrapper \"><img decoding=\"async\" class=\"css-yfiktt e1enwo3v0\" src=\"https:\/\/ichef.bbci.co.uk\/news\/660\/cpsprodpb\/DA0B\/production\/_119291855_gettyimages-1231088248.jpg\" alt=\"Hait\u00ed\" width=\"1660\" \/><\/div>\n<\/div>\n<div class=\"bbc-ia13gh e1tfxkuo3\" style=\"text-align: justify\"><\/div>\n<\/div>\n<\/div>\n<div class=\"bbc-1sk5sm2 e19k1v2h0\" dir=\"ltr\"><\/div>\n<div class=\"bbc-1o12lo8 e1fos6470\" dir=\"ltr\">\n<div class=\"bbc-bjn8wh e1tfxkuo4\">\n<div class=\"bbc-1k5hvrj e1whu0\" data-e2e=\"image-placeholder\">Fuente: BBCMUNDO.<\/div>\n<\/div>\n<\/div>\n<\/div>\n<\/section>\n<\/div>\n<\/div>\n","protected":false},"excerpt":{"rendered":"<p>NOTI-AMERICA REP\u00daBLICA DOMINICANA Militares colombianos retirados, que hablan ingl\u00e9s y poseen entrenamiento en armas sofisticadas, inteligencia y operaciones internacionales. Que fueron parte de unidades contraguerrilleras, muchas de ellas financiadas por Estados Unidos. Ese es,&#46;&#46;&#46;<\/p>\n","protected":false},"author":92,"featured_media":11542,"comment_status":"open","ping_status":"open","sticky":false,"template":"","format":"image","meta":{"_acf_changed":false,"rop_custom_images_group":[],"rop_custom_messages_group":[],"rop_publish_now":"initial","rop_publish_now_accounts":[],"rop_publish_now_history":[],"rop_publish_now_status":"pending","footnotes":""},"categories":[4],"tags":[],"class_list":["post-11540","post","type-post","status-publish","format-image","has-post-thumbnail","hentry","category-internacionales","post_format-post-format-image"],"acf":[],"yoast_head":"<!-- This site is optimized with the Yoast SEO Premium plugin v24.9 (Yoast SEO v27.2) - https:\/\/yoast.com\/product\/yoast-seo-premium-wordpress\/ -->\n<title>Jovenel Mo\u00efse: la vieja industria de mercenarios colombianos que presuntamente est\u00e1 detr\u00e1s de su asesinato - Rep. Dominicana | Noti-America.com<\/title>\n<meta name=\"robots\" content=\"index, follow, max-snippet:-1, max-image-preview:large, max-video-preview:-1\" \/>\n<link rel=\"canonical\" href=\"https:\/\/noti-america.com\/site\/repdom\/2021\/07\/09\/jovenel-moise-la-vieja-industria-de-mercenarios-colombianos-que-presuntamente-esta-detras-de-su-asesinato\/\" \/>\n<meta property=\"og:locale\" content=\"es_ES\" \/>\n<meta property=\"og:type\" content=\"article\" \/>\n<meta property=\"og:title\" content=\"Jovenel Mo\u00efse: la vieja industria de mercenarios colombianos que presuntamente est\u00e1 detr\u00e1s de su asesinato\" \/>\n<meta property=\"og:description\" content=\"NOTI-AMERICA REP\u00daBLICA DOMINICANA Militares colombianos retirados, que hablan ingl\u00e9s y poseen entrenamiento en armas sofisticadas, inteligencia y operaciones internacionales. Que fueron parte de unidades contraguerrilleras, muchas de ellas financiadas por Estados Unidos. Ese es,&#046;&#046;&#046;\" \/>\n<meta property=\"og:url\" content=\"https:\/\/noti-america.com\/site\/repdom\/2021\/07\/09\/jovenel-moise-la-vieja-industria-de-mercenarios-colombianos-que-presuntamente-esta-detras-de-su-asesinato\/\" \/>\n<meta property=\"og:site_name\" content=\"Rep. Dominicana | Noti-America.com\" \/>\n<meta property=\"article:published_time\" content=\"2021-07-09T18:49:16+00:00\" \/>\n<meta property=\"og:image\" content=\"https:\/\/noti-america.com\/site\/repdom\/wp-content\/uploads\/sites\/6\/2021\/07\/119331233_hi068493403.jpg\" \/>\n\t<meta property=\"og:image:width\" content=\"800\" \/>\n\t<meta property=\"og:image:height\" content=\"450\" \/>\n\t<meta property=\"og:image:type\" content=\"image\/jpeg\" \/>\n<meta name=\"author\" content=\"Sueanny Guzm\u00e1n\" \/>\n<meta name=\"twitter:card\" content=\"summary_large_image\" \/>\n<meta name=\"twitter:creator\" content=\"@sueannyguzmanrd\" \/>\n<meta name=\"twitter:label1\" content=\"Escrito por\" \/>\n\t<meta name=\"twitter:data1\" content=\"Sueanny Guzm\u00e1n\" \/>\n\t<meta name=\"twitter:label2\" content=\"Tiempo estimado de lectura\" \/>\n\t<meta name=\"twitter:data2\" content=\"5 minutos\" \/>\n<script type=\"application\/ld+json\" class=\"yoast-schema-graph\">{\"@context\":\"https:\/\/schema.org\",\"@graph\":[{\"@type\":\"Article\",\"@id\":\"https:\/\/noti-america.com\/site\/repdom\/2021\/07\/09\/jovenel-moise-la-vieja-industria-de-mercenarios-colombianos-que-presuntamente-esta-detras-de-su-asesinato\/#article\",\"isPartOf\":{\"@id\":\"https:\/\/noti-america.com\/site\/repdom\/2021\/07\/09\/jovenel-moise-la-vieja-industria-de-mercenarios-colombianos-que-presuntamente-esta-detras-de-su-asesinato\/\"},\"author\":{\"name\":\"Sueanny Guzm\u00e1n\",\"@id\":\"https:\/\/noti-america.com\/site\/repdom\/#\/schema\/person\/3e41f2e0a88de2dbfa74310de6e08c3b\"},\"headline\":\"Jovenel Mo\u00efse: la vieja industria de mercenarios colombianos que presuntamente est\u00e1 detr\u00e1s de su asesinato\",\"datePublished\":\"2021-07-09T18:49:16+00:00\",\"mainEntityOfPage\":{\"@id\":\"https:\/\/noti-america.com\/site\/repdom\/2021\/07\/09\/jovenel-moise-la-vieja-industria-de-mercenarios-colombianos-que-presuntamente-esta-detras-de-su-asesinato\/\"},\"wordCount\":1060,\"commentCount\":0,\"publisher\":{\"@id\":\"https:\/\/noti-america.com\/site\/repdom\/#organization\"},\"image\":{\"@id\":\"https:\/\/noti-america.com\/site\/repdom\/2021\/07\/09\/jovenel-moise-la-vieja-industria-de-mercenarios-colombianos-que-presuntamente-esta-detras-de-su-asesinato\/#primaryimage\"},\"thumbnailUrl\":\"https:\/\/noti-america.com\/site\/repdom\/wp-content\/uploads\/sites\/6\/2021\/07\/119331233_hi068493403.jpg\",\"articleSection\":[\"Internacionales\"],\"inLanguage\":\"es\",\"potentialAction\":[{\"@type\":\"CommentAction\",\"name\":\"Comment\",\"target\":[\"https:\/\/noti-america.com\/site\/repdom\/2021\/07\/09\/jovenel-moise-la-vieja-industria-de-mercenarios-colombianos-que-presuntamente-esta-detras-de-su-asesinato\/#respond\"]}]},{\"@type\":\"WebPage\",\"@id\":\"https:\/\/noti-america.com\/site\/repdom\/2021\/07\/09\/jovenel-moise-la-vieja-industria-de-mercenarios-colombianos-que-presuntamente-esta-detras-de-su-asesinato\/\",\"url\":\"https:\/\/noti-america.com\/site\/repdom\/2021\/07\/09\/jovenel-moise-la-vieja-industria-de-mercenarios-colombianos-que-presuntamente-esta-detras-de-su-asesinato\/\",\"name\":\"Jovenel Mo\u00efse: la vieja industria de mercenarios colombianos que presuntamente est\u00e1 detr\u00e1s de su asesinato - Rep. Dominicana | Noti-America.com\",\"isPartOf\":{\"@id\":\"https:\/\/noti-america.com\/site\/repdom\/#website\"},\"primaryImageOfPage\":{\"@id\":\"https:\/\/noti-america.com\/site\/repdom\/2021\/07\/09\/jovenel-moise-la-vieja-industria-de-mercenarios-colombianos-que-presuntamente-esta-detras-de-su-asesinato\/#primaryimage\"},\"image\":{\"@id\":\"https:\/\/noti-america.com\/site\/repdom\/2021\/07\/09\/jovenel-moise-la-vieja-industria-de-mercenarios-colombianos-que-presuntamente-esta-detras-de-su-asesinato\/#primaryimage\"},\"thumbnailUrl\":\"https:\/\/noti-america.com\/site\/repdom\/wp-content\/uploads\/sites\/6\/2021\/07\/119331233_hi068493403.jpg\",\"datePublished\":\"2021-07-09T18:49:16+00:00\",\"breadcrumb\":{\"@id\":\"https:\/\/noti-america.com\/site\/repdom\/2021\/07\/09\/jovenel-moise-la-vieja-industria-de-mercenarios-colombianos-que-presuntamente-esta-detras-de-su-asesinato\/#breadcrumb\"},\"inLanguage\":\"es\",\"potentialAction\":[{\"@type\":\"ReadAction\",\"target\":[\"https:\/\/noti-america.com\/site\/repdom\/2021\/07\/09\/jovenel-moise-la-vieja-industria-de-mercenarios-colombianos-que-presuntamente-esta-detras-de-su-asesinato\/\"]}]},{\"@type\":\"ImageObject\",\"inLanguage\":\"es\",\"@id\":\"https:\/\/noti-america.com\/site\/repdom\/2021\/07\/09\/jovenel-moise-la-vieja-industria-de-mercenarios-colombianos-que-presuntamente-esta-detras-de-su-asesinato\/#primaryimage\",\"url\":\"https:\/\/noti-america.com\/site\/repdom\/wp-content\/uploads\/sites\/6\/2021\/07\/119331233_hi068493403.jpg\",\"contentUrl\":\"https:\/\/noti-america.com\/site\/repdom\/wp-content\/uploads\/sites\/6\/2021\/07\/119331233_hi068493403.jpg\",\"width\":800,\"height\":450},{\"@type\":\"BreadcrumbList\",\"@id\":\"https:\/\/noti-america.com\/site\/repdom\/2021\/07\/09\/jovenel-moise-la-vieja-industria-de-mercenarios-colombianos-que-presuntamente-esta-detras-de-su-asesinato\/#breadcrumb\",\"itemListElement\":[{\"@type\":\"ListItem\",\"position\":1,\"name\":\"Portada\",\"item\":\"https:\/\/noti-america.com\/site\/repdom\/\"},{\"@type\":\"ListItem\",\"position\":2,\"name\":\"Jovenel Mo\u00efse: la vieja industria de mercenarios colombianos que presuntamente est\u00e1 detr\u00e1s de su asesinato\"}]},{\"@type\":\"WebSite\",\"@id\":\"https:\/\/noti-america.com\/site\/repdom\/#website\",\"url\":\"https:\/\/noti-america.com\/site\/repdom\/\",\"name\":\"Rep. Dominicana | Noti-America.com\",\"description\":\"\",\"publisher\":{\"@id\":\"https:\/\/noti-america.com\/site\/repdom\/#organization\"},\"potentialAction\":[{\"@type\":\"SearchAction\",\"target\":{\"@type\":\"EntryPoint\",\"urlTemplate\":\"https:\/\/noti-america.com\/site\/repdom\/?s={search_term_string}\"},\"query-input\":{\"@type\":\"PropertyValueSpecification\",\"valueRequired\":true,\"valueName\":\"search_term_string\"}}],\"inLanguage\":\"es\"},{\"@type\":\"Organization\",\"@id\":\"https:\/\/noti-america.com\/site\/repdom\/#organization\",\"name\":\"Noti-America LLC | Rep\u00fablica Dominicana\",\"url\":\"https:\/\/noti-america.com\/site\/repdom\/\",\"logo\":{\"@type\":\"ImageObject\",\"inLanguage\":\"es\",\"@id\":\"https:\/\/noti-america.com\/site\/repdom\/#\/schema\/logo\/image\/\",\"url\":\"https:\/\/noti-america.com\/site\/repdom\/wp-content\/uploads\/sites\/6\/2020\/07\/LogoNA-4x3-1.jpg\",\"contentUrl\":\"https:\/\/noti-america.com\/site\/repdom\/wp-content\/uploads\/sites\/6\/2020\/07\/LogoNA-4x3-1.jpg\",\"width\":1236,\"height\":1080,\"caption\":\"Noti-America LLC | Rep\u00fablica Dominicana\"},\"image\":{\"@id\":\"https:\/\/noti-america.com\/site\/repdom\/#\/schema\/logo\/image\/\"}},{\"@type\":\"Person\",\"@id\":\"https:\/\/noti-america.com\/site\/repdom\/#\/schema\/person\/3e41f2e0a88de2dbfa74310de6e08c3b\",\"name\":\"Sueanny Guzm\u00e1n\",\"image\":{\"@type\":\"ImageObject\",\"inLanguage\":\"es\",\"@id\":\"https:\/\/secure.gravatar.com\/avatar\/743180685ef4657e50d4fb7ec792c2c316119f5a7db45e029570122e8cd05065?s=96&d=mm&r=g\",\"url\":\"https:\/\/secure.gravatar.com\/avatar\/743180685ef4657e50d4fb7ec792c2c316119f5a7db45e029570122e8cd05065?s=96&d=mm&r=g\",\"contentUrl\":\"https:\/\/secure.gravatar.com\/avatar\/743180685ef4657e50d4fb7ec792c2c316119f5a7db45e029570122e8cd05065?s=96&d=mm&r=g\",\"caption\":\"Sueanny Guzm\u00e1n\"},\"sameAs\":[\"https:\/\/x.com\/sueannyguzmanrd\"],\"url\":\"https:\/\/noti-america.com\/site\/repdom\/author\/sguzman\/\"}]}<\/script>\n<!-- \/ Yoast SEO Premium plugin. -->","yoast_head_json":{"title":"Jovenel Mo\u00efse: la vieja industria de mercenarios colombianos que presuntamente est\u00e1 detr\u00e1s de su asesinato - Rep. Dominicana | Noti-America.com","robots":{"index":"index","follow":"follow","max-snippet":"max-snippet:-1","max-image-preview":"max-image-preview:large","max-video-preview":"max-video-preview:-1"},"canonical":"https:\/\/noti-america.com\/site\/repdom\/2021\/07\/09\/jovenel-moise-la-vieja-industria-de-mercenarios-colombianos-que-presuntamente-esta-detras-de-su-asesinato\/","og_locale":"es_ES","og_type":"article","og_title":"Jovenel Mo\u00efse: la vieja industria de mercenarios colombianos que presuntamente est\u00e1 detr\u00e1s de su asesinato","og_description":"NOTI-AMERICA REP\u00daBLICA DOMINICANA Militares colombianos retirados, que hablan ingl\u00e9s y poseen entrenamiento en armas sofisticadas, inteligencia y operaciones internacionales. Que fueron parte de unidades contraguerrilleras, muchas de ellas financiadas por Estados Unidos. Ese es,&#46;&#46;&#46;","og_url":"https:\/\/noti-america.com\/site\/repdom\/2021\/07\/09\/jovenel-moise-la-vieja-industria-de-mercenarios-colombianos-que-presuntamente-esta-detras-de-su-asesinato\/","og_site_name":"Rep. Dominicana | Noti-America.com","article_published_time":"2021-07-09T18:49:16+00:00","og_image":[{"width":800,"height":450,"url":"https:\/\/noti-america.com\/site\/repdom\/wp-content\/uploads\/sites\/6\/2021\/07\/119331233_hi068493403.jpg","type":"image\/jpeg"}],"author":"Sueanny Guzm\u00e1n","twitter_card":"summary_large_image","twitter_creator":"@sueannyguzmanrd","twitter_misc":{"Escrito por":"Sueanny Guzm\u00e1n","Tiempo estimado de lectura":"5 minutos"},"schema":{"@context":"https:\/\/schema.org","@graph":[{"@type":"Article","@id":"https:\/\/noti-america.com\/site\/repdom\/2021\/07\/09\/jovenel-moise-la-vieja-industria-de-mercenarios-colombianos-que-presuntamente-esta-detras-de-su-asesinato\/#article","isPartOf":{"@id":"https:\/\/noti-america.com\/site\/repdom\/2021\/07\/09\/jovenel-moise-la-vieja-industria-de-mercenarios-colombianos-que-presuntamente-esta-detras-de-su-asesinato\/"},"author":{"name":"Sueanny Guzm\u00e1n","@id":"https:\/\/noti-america.com\/site\/repdom\/#\/schema\/person\/3e41f2e0a88de2dbfa74310de6e08c3b"},"headline":"Jovenel Mo\u00efse: la vieja industria de mercenarios colombianos que presuntamente est\u00e1 detr\u00e1s de su asesinato","datePublished":"2021-07-09T18:49:16+00:00","mainEntityOfPage":{"@id":"https:\/\/noti-america.com\/site\/repdom\/2021\/07\/09\/jovenel-moise-la-vieja-industria-de-mercenarios-colombianos-que-presuntamente-esta-detras-de-su-asesinato\/"},"wordCount":1060,"commentCount":0,"publisher":{"@id":"https:\/\/noti-america.com\/site\/repdom\/#organization"},"image":{"@id":"https:\/\/noti-america.com\/site\/repdom\/2021\/07\/09\/jovenel-moise-la-vieja-industria-de-mercenarios-colombianos-que-presuntamente-esta-detras-de-su-asesinato\/#primaryimage"},"thumbnailUrl":"https:\/\/noti-america.com\/site\/repdom\/wp-content\/uploads\/sites\/6\/2021\/07\/119331233_hi068493403.jpg","articleSection":["Internacionales"],"inLanguage":"es","potentialAction":[{"@type":"CommentAction","name":"Comment","target":["https:\/\/noti-america.com\/site\/repdom\/2021\/07\/09\/jovenel-moise-la-vieja-industria-de-mercenarios-colombianos-que-presuntamente-esta-detras-de-su-asesinato\/#respond"]}]},{"@type":"WebPage","@id":"https:\/\/noti-america.com\/site\/repdom\/2021\/07\/09\/jovenel-moise-la-vieja-industria-de-mercenarios-colombianos-que-presuntamente-esta-detras-de-su-asesinato\/","url":"https:\/\/noti-america.com\/site\/repdom\/2021\/07\/09\/jovenel-moise-la-vieja-industria-de-mercenarios-colombianos-que-presuntamente-esta-detras-de-su-asesinato\/","name":"Jovenel Mo\u00efse: la vieja industria de mercenarios colombianos que presuntamente est\u00e1 detr\u00e1s de su asesinato - Rep. Dominicana | Noti-America.com","isPartOf":{"@id":"https:\/\/noti-america.com\/site\/repdom\/#website"},"primaryImageOfPage":{"@id":"https:\/\/noti-america.com\/site\/repdom\/2021\/07\/09\/jovenel-moise-la-vieja-industria-de-mercenarios-colombianos-que-presuntamente-esta-detras-de-su-asesinato\/#primaryimage"},"image":{"@id":"https:\/\/noti-america.com\/site\/repdom\/2021\/07\/09\/jovenel-moise-la-vieja-industria-de-mercenarios-colombianos-que-presuntamente-esta-detras-de-su-asesinato\/#primaryimage"},"thumbnailUrl":"https:\/\/noti-america.com\/site\/repdom\/wp-content\/uploads\/sites\/6\/2021\/07\/119331233_hi068493403.jpg","datePublished":"2021-07-09T18:49:16+00:00","breadcrumb":{"@id":"https:\/\/noti-america.com\/site\/repdom\/2021\/07\/09\/jovenel-moise-la-vieja-industria-de-mercenarios-colombianos-que-presuntamente-esta-detras-de-su-asesinato\/#breadcrumb"},"inLanguage":"es","potentialAction":[{"@type":"ReadAction","target":["https:\/\/noti-america.com\/site\/repdom\/2021\/07\/09\/jovenel-moise-la-vieja-industria-de-mercenarios-colombianos-que-presuntamente-esta-detras-de-su-asesinato\/"]}]},{"@type":"ImageObject","inLanguage":"es","@id":"https:\/\/noti-america.com\/site\/repdom\/2021\/07\/09\/jovenel-moise-la-vieja-industria-de-mercenarios-colombianos-que-presuntamente-esta-detras-de-su-asesinato\/#primaryimage","url":"https:\/\/noti-america.com\/site\/repdom\/wp-content\/uploads\/sites\/6\/2021\/07\/119331233_hi068493403.jpg","contentUrl":"https:\/\/noti-america.com\/site\/repdom\/wp-content\/uploads\/sites\/6\/2021\/07\/119331233_hi068493403.jpg","width":800,"height":450},{"@type":"BreadcrumbList","@id":"https:\/\/noti-america.com\/site\/repdom\/2021\/07\/09\/jovenel-moise-la-vieja-industria-de-mercenarios-colombianos-que-presuntamente-esta-detras-de-su-asesinato\/#breadcrumb","itemListElement":[{"@type":"ListItem","position":1,"name":"Portada","item":"https:\/\/noti-america.com\/site\/repdom\/"},{"@type":"ListItem","position":2,"name":"Jovenel Mo\u00efse: la vieja industria de mercenarios colombianos que presuntamente est\u00e1 detr\u00e1s de su asesinato"}]},{"@type":"WebSite","@id":"https:\/\/noti-america.com\/site\/repdom\/#website","url":"https:\/\/noti-america.com\/site\/repdom\/","name":"Rep. Dominicana | Noti-America.com","description":"","publisher":{"@id":"https:\/\/noti-america.com\/site\/repdom\/#organization"},"potentialAction":[{"@type":"SearchAction","target":{"@type":"EntryPoint","urlTemplate":"https:\/\/noti-america.com\/site\/repdom\/?s={search_term_string}"},"query-input":{"@type":"PropertyValueSpecification","valueRequired":true,"valueName":"search_term_string"}}],"inLanguage":"es"},{"@type":"Organization","@id":"https:\/\/noti-america.com\/site\/repdom\/#organization","name":"Noti-America LLC | Rep\u00fablica Dominicana","url":"https:\/\/noti-america.com\/site\/repdom\/","logo":{"@type":"ImageObject","inLanguage":"es","@id":"https:\/\/noti-america.com\/site\/repdom\/#\/schema\/logo\/image\/","url":"https:\/\/noti-america.com\/site\/repdom\/wp-content\/uploads\/sites\/6\/2020\/07\/LogoNA-4x3-1.jpg","contentUrl":"https:\/\/noti-america.com\/site\/repdom\/wp-content\/uploads\/sites\/6\/2020\/07\/LogoNA-4x3-1.jpg","width":1236,"height":1080,"caption":"Noti-America LLC | Rep\u00fablica Dominicana"},"image":{"@id":"https:\/\/noti-america.com\/site\/repdom\/#\/schema\/logo\/image\/"}},{"@type":"Person","@id":"https:\/\/noti-america.com\/site\/repdom\/#\/schema\/person\/3e41f2e0a88de2dbfa74310de6e08c3b","name":"Sueanny Guzm\u00e1n","image":{"@type":"ImageObject","inLanguage":"es","@id":"https:\/\/secure.gravatar.com\/avatar\/743180685ef4657e50d4fb7ec792c2c316119f5a7db45e029570122e8cd05065?s=96&d=mm&r=g","url":"https:\/\/secure.gravatar.com\/avatar\/743180685ef4657e50d4fb7ec792c2c316119f5a7db45e029570122e8cd05065?s=96&d=mm&r=g","contentUrl":"https:\/\/secure.gravatar.com\/avatar\/743180685ef4657e50d4fb7ec792c2c316119f5a7db45e029570122e8cd05065?s=96&d=mm&r=g","caption":"Sueanny Guzm\u00e1n"},"sameAs":["https:\/\/x.com\/sueannyguzmanrd"],"url":"https:\/\/noti-america.com\/site\/repdom\/author\/sguzman\/"}]}},"_links":{"self":[{"href":"https:\/\/noti-america.com\/site\/repdom\/wp-json\/wp\/v2\/posts\/11540","targetHints":{"allow":["GET"]}}],"collection":[{"href":"https:\/\/noti-america.com\/site\/repdom\/wp-json\/wp\/v2\/posts"}],"about":[{"href":"https:\/\/noti-america.com\/site\/repdom\/wp-json\/wp\/v2\/types\/post"}],"author":[{"embeddable":true,"href":"https:\/\/noti-america.com\/site\/repdom\/wp-json\/wp\/v2\/users\/92"}],"replies":[{"embeddable":true,"href":"https:\/\/noti-america.com\/site\/repdom\/wp-json\/wp\/v2\/comments?post=11540"}],"version-history":[{"count":2,"href":"https:\/\/noti-america.com\/site\/repdom\/wp-json\/wp\/v2\/posts\/11540\/revisions"}],"predecessor-version":[{"id":11543,"href":"https:\/\/noti-america.com\/site\/repdom\/wp-json\/wp\/v2\/posts\/11540\/revisions\/11543"}],"wp:featuredmedia":[{"embeddable":true,"href":"https:\/\/noti-america.com\/site\/repdom\/wp-json\/wp\/v2\/media\/11542"}],"wp:attachment":[{"href":"https:\/\/noti-america.com\/site\/repdom\/wp-json\/wp\/v2\/media?parent=11540"}],"wp:term":[{"taxonomy":"category","embeddable":true,"href":"https:\/\/noti-america.com\/site\/repdom\/wp-json\/wp\/v2\/categories?post=11540"},{"taxonomy":"post_tag","embeddable":true,"href":"https:\/\/noti-america.com\/site\/repdom\/wp-json\/wp\/v2\/tags?post=11540"}],"curies":[{"name":"wp","href":"https:\/\/api.w.org\/{rel}","templated":true}]}}