{"id":11205,"date":"2021-06-23T21:20:36","date_gmt":"2021-06-23T21:20:36","guid":{"rendered":"https:\/\/noti-america.com\/site\/repdom\/?p=11205"},"modified":"2021-06-23T21:20:36","modified_gmt":"2021-06-23T21:20:36","slug":"dominicanos-en-camino-a-aumentar-su-poder-politico-en-ny","status":"publish","type":"post","link":"https:\/\/noti-america.com\/site\/repdom\/2021\/06\/23\/dominicanos-en-camino-a-aumentar-su-poder-politico-en-ny\/","title":{"rendered":"Dominicanos en camino a aumentar su poder pol\u00edtico en NY"},"content":{"rendered":"<p style=\"text-align: justify\" align=\"left\">BRONX, NY &#8211; Con m\u00e1s del 70% de los votos emitidos y contados ofrecidos por la Junta de Elecciones de la ciudad de Nueva York, de las elecciones primarias donde participaron m\u00e1s de 20 dominicanos en los cinco condados para diferentes posiciones electas de la ciudad, 5 dominicanos ser\u00e1n los nuevos concejales a partir de las elecciones generales del 2 de noviembre del 2021 cuando resulten ganadores, aumentando el poder pol\u00edtico de la di\u00e1spora.<\/p>\n<p style=\"text-align: justify\" align=\"left\">Pierina S\u00e1nchez (D14), Shaun Abreu (D7), Carmen de la Rosa (D10) y Oswald Feliz (D15), considerados como los \u201cCuatro Fant\u00e1sticos\u201d, y respaldados por el congresista Adriano Espaillat, l\u00edderes electos y comunitarios afianzan su liderazgo y su poder pol\u00edtico en sus comunidades al resultar ganadores en sus distritos. Cabe destacar que los dominicanos Antonio Reynoso candidato a presidente del condado de Brooklyn y Christopher Marte candidato a concejal por el distrito 1 de Manhattan tambi\u00e9n fueron ganadores.<\/p>\n<p style=\"text-align: justify\" align=\"left\">\u201cFelicitamos a estos j\u00f3venes realmente por sus cualidades, su tenacidad y por su trabajo. Han salido victoriosos, el presente y el futuro de esta ciudad est\u00e1 en manos de esos j\u00f3venes, y para m\u00ed es un privilegio haber jugado un papel para que ellos puedan entrar al escenario que le corresponde como j\u00f3venes honestos, preparados, con experiencia, y calificados; estamos muy orgullosos del trabajo que se ha llevado a cabo, y contamos ahora con 5 concejales dominicanos nuevos, y posiblemente un presidente del condado de Brooklyn dominicano tambi\u00e9n. Realmente avanzamos y logramos la meta que nos trazamos, que era la de aumentar la representaci\u00f3n dominicana en el Concejo Municipal, con juventud preparada y calificada, as\u00ed que estamos muy orgullosos de este triunfo\u201d, dijo Adriano Espaillat.<\/p>\n<p style=\"text-align: justify\" align=\"left\">Estos j\u00f3venes profesionales dominicanos har\u00e1n historia a partir del 2 de noviembre en las elecciones generales al proyectarse seguros ganadores para ocupar la posici\u00f3n de concejal de la ciudad de Nueva York.<\/p>\n<p style=\"text-align: justify\" align=\"left\">Los \u201cCuatro Fant\u00e1sticos\u201d del futuro pol\u00edtico dominicano agradecieron el respaldo total del congresista Espaillat y de todos los sectores de la comunidad dominicana radicada en la ciudad de New York. Durante el proceso de las primarias creci\u00f3 el entusiasmo entre los dominicanos que se prepararon para votar masivamente por los representantes de Quisqueya la Bella y de la di\u00e1spora en los cinco condados este martes 22 de junio.<\/p>\n<p style=\"text-align: justify\" align=\"left\">Estos l\u00edderes comunitarios con amplia experiencia para luchar en sus comunidades a favor de la salud, viviendas asequibles, empleos, seguridad ciudadana, inmigraci\u00f3n, artes, deportes, programas para los j\u00f3venes y mujeres, cultura y otras necesidades en cada uno de sus distritos que representan.<\/p>\n<p style=\"text-align: justify\" align=\"left\">Los dominicanos triunfan en las elecciones primarias y est\u00e1n listos para el gran reto para trabajar por sus comunidades en momentos de crisis motivados por la pandemia del COVID-19.<\/p>\n<p style=\"text-align: justify\" align=\"left\"><strong>Fuente: Jos\u00e9 Zabala<\/strong><\/p>\n","protected":false},"excerpt":{"rendered":"<p>BRONX, NY &#8211; Con m\u00e1s del 70% de los votos emitidos y contados ofrecidos por la Junta de Elecciones de la ciudad de Nueva York, de las elecciones primarias donde participaron m\u00e1s de 20&#46;&#46;&#46;<\/p>\n","protected":false},"author":89,"featured_media":11206,"comment_status":"open","ping_status":"open","sticky":false,"template":"","format":"standard","meta":{"_acf_changed":false,"rop_custom_images_group":[],"rop_custom_messages_group":[],"rop_publish_now":"initial","rop_publish_now_accounts":[],"rop_publish_now_history":[],"rop_publish_now_status":"pending","footnotes":""},"categories":[4],"tags":[1110,740],"class_list":["post-11205","post","type-post","status-publish","format-standard","has-post-thumbnail","hentry","category-internacionales","tag-adriano-espaillat","tag-nueva-york"],"acf":[],"yoast_head":"<!-- This site is optimized with the Yoast SEO Premium plugin v24.9 (Yoast SEO v27.2) - https:\/\/yoast.com\/product\/yoast-seo-premium-wordpress\/ -->\n<title>Dominicanos en camino a aumentar su poder pol\u00edtico en NY - Rep. Dominicana | Noti-America.com<\/title>\n<meta name=\"robots\" content=\"index, follow, max-snippet:-1, max-image-preview:large, max-video-preview:-1\" \/>\n<link rel=\"canonical\" href=\"https:\/\/noti-america.com\/site\/repdom\/2021\/06\/23\/dominicanos-en-camino-a-aumentar-su-poder-politico-en-ny\/\" \/>\n<meta property=\"og:locale\" content=\"es_ES\" \/>\n<meta property=\"og:type\" content=\"article\" \/>\n<meta property=\"og:title\" content=\"Dominicanos en camino a aumentar su poder pol\u00edtico en NY\" \/>\n<meta property=\"og:description\" content=\"BRONX, NY &#8211; Con m\u00e1s del 70% de los votos emitidos y contados ofrecidos por la Junta de Elecciones de la ciudad de Nueva York, de las elecciones primarias donde participaron m\u00e1s de 20&#046;&#046;&#046;\" \/>\n<meta property=\"og:url\" content=\"https:\/\/noti-america.com\/site\/repdom\/2021\/06\/23\/dominicanos-en-camino-a-aumentar-su-poder-politico-en-ny\/\" \/>\n<meta property=\"og:site_name\" content=\"Rep. Dominicana | Noti-America.com\" \/>\n<meta property=\"article:published_time\" content=\"2021-06-23T21:20:36+00:00\" \/>\n<meta property=\"og:image\" content=\"https:\/\/noti-america.com\/site\/repdom\/wp-content\/uploads\/sites\/6\/2021\/06\/Dominicanos-en-NY.jpg\" \/>\n\t<meta property=\"og:image:width\" content=\"960\" \/>\n\t<meta property=\"og:image:height\" content=\"893\" \/>\n\t<meta property=\"og:image:type\" content=\"image\/jpeg\" \/>\n<meta name=\"author\" content=\"Ad\u00e1n Soriano\" \/>\n<meta name=\"twitter:card\" content=\"summary_large_image\" \/>\n<meta name=\"twitter:creator\" content=\"@adansoriano\" \/>\n<meta name=\"twitter:label1\" content=\"Escrito por\" \/>\n\t<meta name=\"twitter:data1\" content=\"Ad\u00e1n Soriano\" \/>\n\t<meta name=\"twitter:label2\" content=\"Tiempo estimado de lectura\" \/>\n\t<meta name=\"twitter:data2\" content=\"2 minutos\" \/>\n<script type=\"application\/ld+json\" class=\"yoast-schema-graph\">{\"@context\":\"https:\/\/schema.org\",\"@graph\":[{\"@type\":\"Article\",\"@id\":\"https:\/\/noti-america.com\/site\/repdom\/2021\/06\/23\/dominicanos-en-camino-a-aumentar-su-poder-politico-en-ny\/#article\",\"isPartOf\":{\"@id\":\"https:\/\/noti-america.com\/site\/repdom\/2021\/06\/23\/dominicanos-en-camino-a-aumentar-su-poder-politico-en-ny\/\"},\"author\":{\"name\":\"Ad\u00e1n Soriano\",\"@id\":\"https:\/\/noti-america.com\/site\/repdom\/#\/schema\/person\/fd0092c1530d275fabaa5cffcbc2b976\"},\"headline\":\"Dominicanos en camino a aumentar su poder pol\u00edtico en NY\",\"datePublished\":\"2021-06-23T21:20:36+00:00\",\"mainEntityOfPage\":{\"@id\":\"https:\/\/noti-america.com\/site\/repdom\/2021\/06\/23\/dominicanos-en-camino-a-aumentar-su-poder-politico-en-ny\/\"},\"wordCount\":476,\"commentCount\":0,\"publisher\":{\"@id\":\"https:\/\/noti-america.com\/site\/repdom\/#organization\"},\"image\":{\"@id\":\"https:\/\/noti-america.com\/site\/repdom\/2021\/06\/23\/dominicanos-en-camino-a-aumentar-su-poder-politico-en-ny\/#primaryimage\"},\"thumbnailUrl\":\"https:\/\/noti-america.com\/site\/repdom\/wp-content\/uploads\/sites\/6\/2021\/06\/Dominicanos-en-NY.jpg\",\"keywords\":[\"Adriano Espaillat\",\"Nueva York\"],\"articleSection\":[\"Internacionales\"],\"inLanguage\":\"es\",\"potentialAction\":[{\"@type\":\"CommentAction\",\"name\":\"Comment\",\"target\":[\"https:\/\/noti-america.com\/site\/repdom\/2021\/06\/23\/dominicanos-en-camino-a-aumentar-su-poder-politico-en-ny\/#respond\"]}]},{\"@type\":\"WebPage\",\"@id\":\"https:\/\/noti-america.com\/site\/repdom\/2021\/06\/23\/dominicanos-en-camino-a-aumentar-su-poder-politico-en-ny\/\",\"url\":\"https:\/\/noti-america.com\/site\/repdom\/2021\/06\/23\/dominicanos-en-camino-a-aumentar-su-poder-politico-en-ny\/\",\"name\":\"Dominicanos en camino a aumentar su poder pol\u00edtico en NY - Rep. Dominicana | Noti-America.com\",\"isPartOf\":{\"@id\":\"https:\/\/noti-america.com\/site\/repdom\/#website\"},\"primaryImageOfPage\":{\"@id\":\"https:\/\/noti-america.com\/site\/repdom\/2021\/06\/23\/dominicanos-en-camino-a-aumentar-su-poder-politico-en-ny\/#primaryimage\"},\"image\":{\"@id\":\"https:\/\/noti-america.com\/site\/repdom\/2021\/06\/23\/dominicanos-en-camino-a-aumentar-su-poder-politico-en-ny\/#primaryimage\"},\"thumbnailUrl\":\"https:\/\/noti-america.com\/site\/repdom\/wp-content\/uploads\/sites\/6\/2021\/06\/Dominicanos-en-NY.jpg\",\"datePublished\":\"2021-06-23T21:20:36+00:00\",\"breadcrumb\":{\"@id\":\"https:\/\/noti-america.com\/site\/repdom\/2021\/06\/23\/dominicanos-en-camino-a-aumentar-su-poder-politico-en-ny\/#breadcrumb\"},\"inLanguage\":\"es\",\"potentialAction\":[{\"@type\":\"ReadAction\",\"target\":[\"https:\/\/noti-america.com\/site\/repdom\/2021\/06\/23\/dominicanos-en-camino-a-aumentar-su-poder-politico-en-ny\/\"]}]},{\"@type\":\"ImageObject\",\"inLanguage\":\"es\",\"@id\":\"https:\/\/noti-america.com\/site\/repdom\/2021\/06\/23\/dominicanos-en-camino-a-aumentar-su-poder-politico-en-ny\/#primaryimage\",\"url\":\"https:\/\/noti-america.com\/site\/repdom\/wp-content\/uploads\/sites\/6\/2021\/06\/Dominicanos-en-NY.jpg\",\"contentUrl\":\"https:\/\/noti-america.com\/site\/repdom\/wp-content\/uploads\/sites\/6\/2021\/06\/Dominicanos-en-NY.jpg\",\"width\":960,\"height\":893},{\"@type\":\"BreadcrumbList\",\"@id\":\"https:\/\/noti-america.com\/site\/repdom\/2021\/06\/23\/dominicanos-en-camino-a-aumentar-su-poder-politico-en-ny\/#breadcrumb\",\"itemListElement\":[{\"@type\":\"ListItem\",\"position\":1,\"name\":\"Portada\",\"item\":\"https:\/\/noti-america.com\/site\/repdom\/\"},{\"@type\":\"ListItem\",\"position\":2,\"name\":\"Dominicanos en camino a aumentar su poder pol\u00edtico en NY\"}]},{\"@type\":\"WebSite\",\"@id\":\"https:\/\/noti-america.com\/site\/repdom\/#website\",\"url\":\"https:\/\/noti-america.com\/site\/repdom\/\",\"name\":\"Rep. Dominicana | Noti-America.com\",\"description\":\"\",\"publisher\":{\"@id\":\"https:\/\/noti-america.com\/site\/repdom\/#organization\"},\"potentialAction\":[{\"@type\":\"SearchAction\",\"target\":{\"@type\":\"EntryPoint\",\"urlTemplate\":\"https:\/\/noti-america.com\/site\/repdom\/?s={search_term_string}\"},\"query-input\":{\"@type\":\"PropertyValueSpecification\",\"valueRequired\":true,\"valueName\":\"search_term_string\"}}],\"inLanguage\":\"es\"},{\"@type\":\"Organization\",\"@id\":\"https:\/\/noti-america.com\/site\/repdom\/#organization\",\"name\":\"Noti-America LLC | Rep\u00fablica Dominicana\",\"url\":\"https:\/\/noti-america.com\/site\/repdom\/\",\"logo\":{\"@type\":\"ImageObject\",\"inLanguage\":\"es\",\"@id\":\"https:\/\/noti-america.com\/site\/repdom\/#\/schema\/logo\/image\/\",\"url\":\"https:\/\/noti-america.com\/site\/repdom\/wp-content\/uploads\/sites\/6\/2020\/07\/LogoNA-4x3-1.jpg\",\"contentUrl\":\"https:\/\/noti-america.com\/site\/repdom\/wp-content\/uploads\/sites\/6\/2020\/07\/LogoNA-4x3-1.jpg\",\"width\":1236,\"height\":1080,\"caption\":\"Noti-America LLC | Rep\u00fablica Dominicana\"},\"image\":{\"@id\":\"https:\/\/noti-america.com\/site\/repdom\/#\/schema\/logo\/image\/\"}},{\"@type\":\"Person\",\"@id\":\"https:\/\/noti-america.com\/site\/repdom\/#\/schema\/person\/fd0092c1530d275fabaa5cffcbc2b976\",\"name\":\"Ad\u00e1n Soriano\",\"image\":{\"@type\":\"ImageObject\",\"inLanguage\":\"es\",\"@id\":\"https:\/\/secure.gravatar.com\/avatar\/ecf97ff3aee7ff9efdae670d7e976f3e7e8acc1077e510d73707999a8bfd4467?s=96&d=mm&r=g\",\"url\":\"https:\/\/secure.gravatar.com\/avatar\/ecf97ff3aee7ff9efdae670d7e976f3e7e8acc1077e510d73707999a8bfd4467?s=96&d=mm&r=g\",\"contentUrl\":\"https:\/\/secure.gravatar.com\/avatar\/ecf97ff3aee7ff9efdae670d7e976f3e7e8acc1077e510d73707999a8bfd4467?s=96&d=mm&r=g\",\"caption\":\"Ad\u00e1n Soriano\"},\"description\":\"Soy cronista deportivo con 10 a\u00f1os de experiencia en varios espacios, y conduzco el podcast deportivo llamado Mezcla Deportiva\",\"sameAs\":[\"https:\/\/x.com\/adansoriano\"],\"url\":\"https:\/\/noti-america.com\/site\/repdom\/author\/asoriano\/\"}]}<\/script>\n<!-- \/ Yoast SEO Premium plugin. -->","yoast_head_json":{"title":"Dominicanos en camino a aumentar su poder pol\u00edtico en NY - Rep. Dominicana | Noti-America.com","robots":{"index":"index","follow":"follow","max-snippet":"max-snippet:-1","max-image-preview":"max-image-preview:large","max-video-preview":"max-video-preview:-1"},"canonical":"https:\/\/noti-america.com\/site\/repdom\/2021\/06\/23\/dominicanos-en-camino-a-aumentar-su-poder-politico-en-ny\/","og_locale":"es_ES","og_type":"article","og_title":"Dominicanos en camino a aumentar su poder pol\u00edtico en NY","og_description":"BRONX, NY &#8211; Con m\u00e1s del 70% de los votos emitidos y contados ofrecidos por la Junta de Elecciones de la ciudad de Nueva York, de las elecciones primarias donde participaron m\u00e1s de 20&#46;&#46;&#46;","og_url":"https:\/\/noti-america.com\/site\/repdom\/2021\/06\/23\/dominicanos-en-camino-a-aumentar-su-poder-politico-en-ny\/","og_site_name":"Rep. Dominicana | Noti-America.com","article_published_time":"2021-06-23T21:20:36+00:00","og_image":[{"width":960,"height":893,"url":"https:\/\/noti-america.com\/site\/repdom\/wp-content\/uploads\/sites\/6\/2021\/06\/Dominicanos-en-NY.jpg","type":"image\/jpeg"}],"author":"Ad\u00e1n Soriano","twitter_card":"summary_large_image","twitter_creator":"@adansoriano","twitter_misc":{"Escrito por":"Ad\u00e1n Soriano","Tiempo estimado de lectura":"2 minutos"},"schema":{"@context":"https:\/\/schema.org","@graph":[{"@type":"Article","@id":"https:\/\/noti-america.com\/site\/repdom\/2021\/06\/23\/dominicanos-en-camino-a-aumentar-su-poder-politico-en-ny\/#article","isPartOf":{"@id":"https:\/\/noti-america.com\/site\/repdom\/2021\/06\/23\/dominicanos-en-camino-a-aumentar-su-poder-politico-en-ny\/"},"author":{"name":"Ad\u00e1n Soriano","@id":"https:\/\/noti-america.com\/site\/repdom\/#\/schema\/person\/fd0092c1530d275fabaa5cffcbc2b976"},"headline":"Dominicanos en camino a aumentar su poder pol\u00edtico en NY","datePublished":"2021-06-23T21:20:36+00:00","mainEntityOfPage":{"@id":"https:\/\/noti-america.com\/site\/repdom\/2021\/06\/23\/dominicanos-en-camino-a-aumentar-su-poder-politico-en-ny\/"},"wordCount":476,"commentCount":0,"publisher":{"@id":"https:\/\/noti-america.com\/site\/repdom\/#organization"},"image":{"@id":"https:\/\/noti-america.com\/site\/repdom\/2021\/06\/23\/dominicanos-en-camino-a-aumentar-su-poder-politico-en-ny\/#primaryimage"},"thumbnailUrl":"https:\/\/noti-america.com\/site\/repdom\/wp-content\/uploads\/sites\/6\/2021\/06\/Dominicanos-en-NY.jpg","keywords":["Adriano Espaillat","Nueva York"],"articleSection":["Internacionales"],"inLanguage":"es","potentialAction":[{"@type":"CommentAction","name":"Comment","target":["https:\/\/noti-america.com\/site\/repdom\/2021\/06\/23\/dominicanos-en-camino-a-aumentar-su-poder-politico-en-ny\/#respond"]}]},{"@type":"WebPage","@id":"https:\/\/noti-america.com\/site\/repdom\/2021\/06\/23\/dominicanos-en-camino-a-aumentar-su-poder-politico-en-ny\/","url":"https:\/\/noti-america.com\/site\/repdom\/2021\/06\/23\/dominicanos-en-camino-a-aumentar-su-poder-politico-en-ny\/","name":"Dominicanos en camino a aumentar su poder pol\u00edtico en NY - Rep. Dominicana | Noti-America.com","isPartOf":{"@id":"https:\/\/noti-america.com\/site\/repdom\/#website"},"primaryImageOfPage":{"@id":"https:\/\/noti-america.com\/site\/repdom\/2021\/06\/23\/dominicanos-en-camino-a-aumentar-su-poder-politico-en-ny\/#primaryimage"},"image":{"@id":"https:\/\/noti-america.com\/site\/repdom\/2021\/06\/23\/dominicanos-en-camino-a-aumentar-su-poder-politico-en-ny\/#primaryimage"},"thumbnailUrl":"https:\/\/noti-america.com\/site\/repdom\/wp-content\/uploads\/sites\/6\/2021\/06\/Dominicanos-en-NY.jpg","datePublished":"2021-06-23T21:20:36+00:00","breadcrumb":{"@id":"https:\/\/noti-america.com\/site\/repdom\/2021\/06\/23\/dominicanos-en-camino-a-aumentar-su-poder-politico-en-ny\/#breadcrumb"},"inLanguage":"es","potentialAction":[{"@type":"ReadAction","target":["https:\/\/noti-america.com\/site\/repdom\/2021\/06\/23\/dominicanos-en-camino-a-aumentar-su-poder-politico-en-ny\/"]}]},{"@type":"ImageObject","inLanguage":"es","@id":"https:\/\/noti-america.com\/site\/repdom\/2021\/06\/23\/dominicanos-en-camino-a-aumentar-su-poder-politico-en-ny\/#primaryimage","url":"https:\/\/noti-america.com\/site\/repdom\/wp-content\/uploads\/sites\/6\/2021\/06\/Dominicanos-en-NY.jpg","contentUrl":"https:\/\/noti-america.com\/site\/repdom\/wp-content\/uploads\/sites\/6\/2021\/06\/Dominicanos-en-NY.jpg","width":960,"height":893},{"@type":"BreadcrumbList","@id":"https:\/\/noti-america.com\/site\/repdom\/2021\/06\/23\/dominicanos-en-camino-a-aumentar-su-poder-politico-en-ny\/#breadcrumb","itemListElement":[{"@type":"ListItem","position":1,"name":"Portada","item":"https:\/\/noti-america.com\/site\/repdom\/"},{"@type":"ListItem","position":2,"name":"Dominicanos en camino a aumentar su poder pol\u00edtico en NY"}]},{"@type":"WebSite","@id":"https:\/\/noti-america.com\/site\/repdom\/#website","url":"https:\/\/noti-america.com\/site\/repdom\/","name":"Rep. Dominicana | Noti-America.com","description":"","publisher":{"@id":"https:\/\/noti-america.com\/site\/repdom\/#organization"},"potentialAction":[{"@type":"SearchAction","target":{"@type":"EntryPoint","urlTemplate":"https:\/\/noti-america.com\/site\/repdom\/?s={search_term_string}"},"query-input":{"@type":"PropertyValueSpecification","valueRequired":true,"valueName":"search_term_string"}}],"inLanguage":"es"},{"@type":"Organization","@id":"https:\/\/noti-america.com\/site\/repdom\/#organization","name":"Noti-America LLC | Rep\u00fablica Dominicana","url":"https:\/\/noti-america.com\/site\/repdom\/","logo":{"@type":"ImageObject","inLanguage":"es","@id":"https:\/\/noti-america.com\/site\/repdom\/#\/schema\/logo\/image\/","url":"https:\/\/noti-america.com\/site\/repdom\/wp-content\/uploads\/sites\/6\/2020\/07\/LogoNA-4x3-1.jpg","contentUrl":"https:\/\/noti-america.com\/site\/repdom\/wp-content\/uploads\/sites\/6\/2020\/07\/LogoNA-4x3-1.jpg","width":1236,"height":1080,"caption":"Noti-America LLC | Rep\u00fablica Dominicana"},"image":{"@id":"https:\/\/noti-america.com\/site\/repdom\/#\/schema\/logo\/image\/"}},{"@type":"Person","@id":"https:\/\/noti-america.com\/site\/repdom\/#\/schema\/person\/fd0092c1530d275fabaa5cffcbc2b976","name":"Ad\u00e1n Soriano","image":{"@type":"ImageObject","inLanguage":"es","@id":"https:\/\/secure.gravatar.com\/avatar\/ecf97ff3aee7ff9efdae670d7e976f3e7e8acc1077e510d73707999a8bfd4467?s=96&d=mm&r=g","url":"https:\/\/secure.gravatar.com\/avatar\/ecf97ff3aee7ff9efdae670d7e976f3e7e8acc1077e510d73707999a8bfd4467?s=96&d=mm&r=g","contentUrl":"https:\/\/secure.gravatar.com\/avatar\/ecf97ff3aee7ff9efdae670d7e976f3e7e8acc1077e510d73707999a8bfd4467?s=96&d=mm&r=g","caption":"Ad\u00e1n Soriano"},"description":"Soy cronista deportivo con 10 a\u00f1os de experiencia en varios espacios, y conduzco el podcast deportivo llamado Mezcla Deportiva","sameAs":["https:\/\/x.com\/adansoriano"],"url":"https:\/\/noti-america.com\/site\/repdom\/author\/asoriano\/"}]}},"_links":{"self":[{"href":"https:\/\/noti-america.com\/site\/repdom\/wp-json\/wp\/v2\/posts\/11205","targetHints":{"allow":["GET"]}}],"collection":[{"href":"https:\/\/noti-america.com\/site\/repdom\/wp-json\/wp\/v2\/posts"}],"about":[{"href":"https:\/\/noti-america.com\/site\/repdom\/wp-json\/wp\/v2\/types\/post"}],"author":[{"embeddable":true,"href":"https:\/\/noti-america.com\/site\/repdom\/wp-json\/wp\/v2\/users\/89"}],"replies":[{"embeddable":true,"href":"https:\/\/noti-america.com\/site\/repdom\/wp-json\/wp\/v2\/comments?post=11205"}],"version-history":[{"count":1,"href":"https:\/\/noti-america.com\/site\/repdom\/wp-json\/wp\/v2\/posts\/11205\/revisions"}],"predecessor-version":[{"id":11207,"href":"https:\/\/noti-america.com\/site\/repdom\/wp-json\/wp\/v2\/posts\/11205\/revisions\/11207"}],"wp:featuredmedia":[{"embeddable":true,"href":"https:\/\/noti-america.com\/site\/repdom\/wp-json\/wp\/v2\/media\/11206"}],"wp:attachment":[{"href":"https:\/\/noti-america.com\/site\/repdom\/wp-json\/wp\/v2\/media?parent=11205"}],"wp:term":[{"taxonomy":"category","embeddable":true,"href":"https:\/\/noti-america.com\/site\/repdom\/wp-json\/wp\/v2\/categories?post=11205"},{"taxonomy":"post_tag","embeddable":true,"href":"https:\/\/noti-america.com\/site\/repdom\/wp-json\/wp\/v2\/tags?post=11205"}],"curies":[{"name":"wp","href":"https:\/\/api.w.org\/{rel}","templated":true}]}}