{"id":11150,"date":"2021-06-21T15:13:53","date_gmt":"2021-06-21T15:13:53","guid":{"rendered":"https:\/\/noti-america.com\/site\/repdom\/?p=11150"},"modified":"2021-06-21T15:20:35","modified_gmt":"2021-06-21T15:20:35","slug":"senador-carlos-gomez-se-cumple-un-sueno-con-la-construccion-de-la-avenida-circunvalacion-moca","status":"publish","type":"post","link":"https:\/\/noti-america.com\/site\/repdom\/2021\/06\/21\/senador-carlos-gomez-se-cumple-un-sueno-con-la-construccion-de-la-avenida-circunvalacion-moca\/","title":{"rendered":"Senador Carlos G\u00f3mez: \u201cSe cumple un sue\u00f1o con la construcci\u00f3n de la avenida Circunvalaci\u00f3n Moca\u201d"},"content":{"rendered":"<p style=\"text-align: justify\"><span data-contrast=\"auto\">MOCA &#8211; \u201cCon el anuncio de esta gran obra, la construcci\u00f3n de la avenida Circunvalaci\u00f3n Cruce de Chero\/Cruce Estancia Nueva, el se\u00f1or presidente Luis Abinader viene a cubrir una necesidad hist\u00f3rica de Moca\u201d, exclam\u00f3 un emocionado Carlos G\u00f3mez, senador de la provincia Espaillat.<\/span><span data-ccp-props=\"{&quot;201341983&quot;:0,&quot;335551550&quot;:6,&quot;335551620&quot;:6,&quot;335559739&quot;:160,&quot;335559740&quot;:259}\">\u00a0<\/span><\/p>\n<p style=\"text-align: justify\"><span data-contrast=\"auto\">En su discurso el senador G\u00f3mez apunt\u00f3 que el gobierno del presidente\u00a0Abinader, est\u00e1 dando fiel cumplimiento a lo prometido en la campa\u00f1a.<\/span><span data-ccp-props=\"{&quot;201341983&quot;:0,&quot;335551550&quot;:6,&quot;335551620&quot;:6,&quot;335559739&quot;:160,&quot;335559740&quot;:259}\">\u00a0<\/span><\/p>\n<p style=\"text-align: justify\"><span data-contrast=\"auto\">\u201cRecuerdo que en pleno fervor de la campa\u00f1a le dije: Luis tengo un malet\u00edn lleno de proyectos que debemos desarrollar en Espaillat, pero quiero pedirte que le demos prioridad a uno en particular, el me pregunt\u00f3 cu\u00e1l, y yo le contest\u00e9: el inicio de la Circunvalaci\u00f3n de Moca, uniendo el Cruce de Chero en Juan L\u00f3pez con el Cruce de Estancia Nueva en Moca. El virtual presidente en ese momento me dijo, desde que ganemos, Moca lo tendr\u00e1\u201d.<\/span><span data-ccp-props=\"{&quot;201341983&quot;:0,&quot;335551550&quot;:6,&quot;335551620&quot;:6,&quot;335559739&quot;:160,&quot;335559740&quot;:259}\">\u00a0<\/span><\/p>\n<p style=\"text-align: justify\"><span data-contrast=\"auto\">Adem\u00e1s, agradeci\u00f3 tambi\u00e9n a\u00a0Deligne\u00a0Ascenci\u00f3n, ministro de Obras P\u00fablicas, quien, desde el primer momento de ver los planos confi\u00f3 en esta obra.<\/span><span data-ccp-props=\"{&quot;201341983&quot;:0,&quot;335551550&quot;:6,&quot;335551620&quot;:6,&quot;335559739&quot;:160,&quot;335559740&quot;:259}\">\u00a0<\/span><\/p>\n<p style=\"text-align: justify\"><span data-contrast=\"auto\">El proyecto cuenta con una longitud de 1.20 kil\u00f3metros, con dos carriles por sentido, cada carril con un ancho de 3.50 metros. Tambi\u00e9n, ser\u00e1n construidos dos puentes con diferentes longitudes, uno de ellos sobre el r\u00edo Moca, adem\u00e1s de que la v\u00eda contar\u00e1 con un distribuidor de tr\u00e1fico.<\/span><\/p>\n<p><img loading=\"lazy\" decoding=\"async\" class=\"alignnone size-medium wp-image-11151\" src=\"https:\/\/noti-america.com\/site\/repdom\/wp-content\/uploads\/sites\/6\/2021\/06\/Primer-picazo-300x200.png\" alt=\"\" width=\"300\" height=\"200\" srcset=\"https:\/\/noti-america.com\/site\/repdom\/wp-content\/uploads\/sites\/6\/2021\/06\/Primer-picazo-300x200.png 300w, https:\/\/noti-america.com\/site\/repdom\/wp-content\/uploads\/sites\/6\/2021\/06\/Primer-picazo-1024x682.png 1024w, https:\/\/noti-america.com\/site\/repdom\/wp-content\/uploads\/sites\/6\/2021\/06\/Primer-picazo-768x512.png 768w, https:\/\/noti-america.com\/site\/repdom\/wp-content\/uploads\/sites\/6\/2021\/06\/Primer-picazo-272x182.png 272w, https:\/\/noti-america.com\/site\/repdom\/wp-content\/uploads\/sites\/6\/2021\/06\/Primer-picazo.png 1280w\" sizes=\"auto, (max-width: 300px) 100vw, 300px\" \/><\/p>\n<p style=\"text-align: justify\"><span data-contrast=\"auto\">Con un costo superior a los 750 millones de pesos, el presidente\u00a0Abinader\u00a0dio el primer palazo para la construcci\u00f3n de la carretera Estancia Nueva-Guauci, construcci\u00f3n que servir\u00e1 para descongestionar el tr\u00e1nsito de transporte de carga y vehicular y para que los mocanos tengan una ciudad m\u00e1s moderna, ordenada, segura, con mayor movilidad y sin taponamientos.<\/span><\/p>\n<p style=\"text-align: justify\"><span data-contrast=\"auto\">Actualmente, el trayecto es de unos 4.5 km., por la calle Duarte, sumado a la cantidad de usuarios que utilizan esta v\u00eda para llegar a las comunidades de Villa Trina y Salcedo, esto permitir\u00e1 reducir en un 74% su longitud de recorrido.<\/span><\/p>\n<p style=\"text-align: justify\"><span data-contrast=\"auto\">\u201cOtra vez me le acerqu\u00e9 de nuevo y le record\u00e9 el proyecto, el presidente\u00a0Abinader\u00a0me dijo, prepara el proyecto y el presupuesto aproximado y vamos a trabajar\u201d, explic\u00f3 el senador G\u00f3mez.<\/span><\/p>\n<p style=\"text-align: justify\"><span data-contrast=\"auto\">En su narrativa y entre aplausos dijo con gran emoci\u00f3n que lleg\u00f3 a Moca, y realiz\u00f3 varias llamadas, contactando a varios t\u00e9cnicos mocanos en el \u00e1rea encabezado por el arquitecto Carlos Marte, y de inmediato se inici\u00f3 todo el proyecto.<\/span><\/p>\n<p style=\"text-align: justify\"><span data-contrast=\"auto\">\u201cCuando comenzamos nuestro recorrido por la provincia Espaillat, escuchamos las necesidades y siempre era la misma, en voz, de asociaciones como la ADEPE, juntas de vecinos, comerciantes, productores agropecuarios, entre otros, siempre existi\u00f3 un com\u00fan denominador, la gente siempre me hac\u00eda referencia \u201cMoca necesita el empalme carretero Cruce de Chero con Cruce de Estancia Nueva\u201d.<\/span><\/p>\n<p style=\"text-align: justify\"><span data-contrast=\"auto\">Con la construcci\u00f3n de este proyecto, anhelada por d\u00e9cadas, es uno de los pasos m\u00e1s impactantes para el desarrollo y crecimiento de los mocanos.<\/span><\/p>\n<p style=\"text-align: justify\"><span data-contrast=\"auto\">\u201cPor fin acabaremos con los en taponamientos de\u00a0Guauci, del hoyo de la\u00a0Curacao, de Juan\u00a0Lopito\u00a0y Estancia Nueva\u201d.<\/span><\/p>\n<p style=\"text-align: justify\"><strong>Fuente: William Aish<\/strong><\/p>\n","protected":false},"excerpt":{"rendered":"<p>MOCA &#8211; \u201cCon el anuncio de esta gran obra, la construcci\u00f3n de la avenida Circunvalaci\u00f3n Cruce de Chero\/Cruce Estancia Nueva, el se\u00f1or presidente Luis Abinader viene a cubrir una necesidad hist\u00f3rica de Moca\u201d, exclam\u00f3&#46;&#46;&#46;<\/p>\n","protected":false},"author":89,"featured_media":11152,"comment_status":"open","ping_status":"open","sticky":false,"template":"","format":"standard","meta":{"_acf_changed":false,"rop_custom_images_group":[],"rop_custom_messages_group":[],"rop_publish_now":"initial","rop_publish_now_accounts":[],"rop_publish_now_history":[],"rop_publish_now_status":"pending","footnotes":""},"categories":[338,105],"tags":[774,350,1355,1354,571],"class_list":["post-11150","post","type-post","status-publish","format-standard","has-post-thumbnail","hentry","category-nacionales","category-noticias","tag-carlos-gomez","tag-deligne-ascencion-burgos","tag-ministerio-de-obras-publicas","tag-moca","tag-presidente-luis-abinader"],"acf":[],"yoast_head":"<!-- This site is optimized with the Yoast SEO Premium plugin v24.9 (Yoast SEO v27.2) - https:\/\/yoast.com\/product\/yoast-seo-premium-wordpress\/ -->\n<title>Senador Carlos G\u00f3mez: \u201cSe cumple un sue\u00f1o con la construcci\u00f3n de la avenida Circunvalaci\u00f3n Moca\u201d - Rep. Dominicana | Noti-America.com<\/title>\n<meta name=\"robots\" content=\"index, follow, max-snippet:-1, max-image-preview:large, max-video-preview:-1\" \/>\n<link rel=\"canonical\" href=\"https:\/\/noti-america.com\/site\/repdom\/2021\/06\/21\/senador-carlos-gomez-se-cumple-un-sueno-con-la-construccion-de-la-avenida-circunvalacion-moca\/\" \/>\n<meta property=\"og:locale\" content=\"es_ES\" \/>\n<meta property=\"og:type\" content=\"article\" \/>\n<meta property=\"og:title\" content=\"Senador Carlos G\u00f3mez: \u201cSe cumple un sue\u00f1o con la construcci\u00f3n de la avenida Circunvalaci\u00f3n Moca\u201d\" \/>\n<meta property=\"og:description\" content=\"MOCA &#8211; \u201cCon el anuncio de esta gran obra, la construcci\u00f3n de la avenida Circunvalaci\u00f3n Cruce de Chero\/Cruce Estancia Nueva, el se\u00f1or presidente Luis Abinader viene a cubrir una necesidad hist\u00f3rica de Moca\u201d, exclam\u00f3&#046;&#046;&#046;\" \/>\n<meta property=\"og:url\" content=\"https:\/\/noti-america.com\/site\/repdom\/2021\/06\/21\/senador-carlos-gomez-se-cumple-un-sueno-con-la-construccion-de-la-avenida-circunvalacion-moca\/\" \/>\n<meta property=\"og:site_name\" content=\"Rep. Dominicana | Noti-America.com\" \/>\n<meta property=\"article:published_time\" content=\"2021-06-21T15:13:53+00:00\" \/>\n<meta property=\"article:modified_time\" content=\"2021-06-21T15:20:35+00:00\" \/>\n<meta property=\"og:image\" content=\"https:\/\/noti-america.com\/site\/repdom\/wp-content\/uploads\/sites\/6\/2021\/06\/Carlos-Gomez.jpg\" \/>\n\t<meta property=\"og:image:width\" content=\"1280\" \/>\n\t<meta property=\"og:image:height\" content=\"853\" \/>\n\t<meta property=\"og:image:type\" content=\"image\/jpeg\" \/>\n<meta name=\"author\" content=\"Ad\u00e1n Soriano\" \/>\n<meta name=\"twitter:card\" content=\"summary_large_image\" \/>\n<meta name=\"twitter:creator\" content=\"@adansoriano\" \/>\n<meta name=\"twitter:label1\" content=\"Escrito por\" \/>\n\t<meta name=\"twitter:data1\" content=\"Ad\u00e1n Soriano\" \/>\n\t<meta name=\"twitter:label2\" content=\"Tiempo estimado de lectura\" \/>\n\t<meta name=\"twitter:data2\" content=\"3 minutos\" \/>\n<script type=\"application\/ld+json\" class=\"yoast-schema-graph\">{\"@context\":\"https:\/\/schema.org\",\"@graph\":[{\"@type\":\"Article\",\"@id\":\"https:\/\/noti-america.com\/site\/repdom\/2021\/06\/21\/senador-carlos-gomez-se-cumple-un-sueno-con-la-construccion-de-la-avenida-circunvalacion-moca\/#article\",\"isPartOf\":{\"@id\":\"https:\/\/noti-america.com\/site\/repdom\/2021\/06\/21\/senador-carlos-gomez-se-cumple-un-sueno-con-la-construccion-de-la-avenida-circunvalacion-moca\/\"},\"author\":{\"name\":\"Ad\u00e1n Soriano\",\"@id\":\"https:\/\/noti-america.com\/site\/repdom\/#\/schema\/person\/fd0092c1530d275fabaa5cffcbc2b976\"},\"headline\":\"Senador Carlos G\u00f3mez: \u201cSe cumple un sue\u00f1o con la construcci\u00f3n de la avenida Circunvalaci\u00f3n Moca\u201d\",\"datePublished\":\"2021-06-21T15:13:53+00:00\",\"dateModified\":\"2021-06-21T15:20:35+00:00\",\"mainEntityOfPage\":{\"@id\":\"https:\/\/noti-america.com\/site\/repdom\/2021\/06\/21\/senador-carlos-gomez-se-cumple-un-sueno-con-la-construccion-de-la-avenida-circunvalacion-moca\/\"},\"wordCount\":538,\"commentCount\":0,\"publisher\":{\"@id\":\"https:\/\/noti-america.com\/site\/repdom\/#organization\"},\"image\":{\"@id\":\"https:\/\/noti-america.com\/site\/repdom\/2021\/06\/21\/senador-carlos-gomez-se-cumple-un-sueno-con-la-construccion-de-la-avenida-circunvalacion-moca\/#primaryimage\"},\"thumbnailUrl\":\"https:\/\/noti-america.com\/site\/repdom\/wp-content\/uploads\/sites\/6\/2021\/06\/Carlos-Gomez.jpg\",\"keywords\":[\"Carlos G\u00f3mez\",\"Deligne Ascenci\u00f3n Burgos\",\"Ministerio de Obras P\u00fablicas\",\"Moca\",\"Presidente Luis Abinader\"],\"articleSection\":[\"Nacionales\",\"Noticias\"],\"inLanguage\":\"es\",\"potentialAction\":[{\"@type\":\"CommentAction\",\"name\":\"Comment\",\"target\":[\"https:\/\/noti-america.com\/site\/repdom\/2021\/06\/21\/senador-carlos-gomez-se-cumple-un-sueno-con-la-construccion-de-la-avenida-circunvalacion-moca\/#respond\"]}]},{\"@type\":\"WebPage\",\"@id\":\"https:\/\/noti-america.com\/site\/repdom\/2021\/06\/21\/senador-carlos-gomez-se-cumple-un-sueno-con-la-construccion-de-la-avenida-circunvalacion-moca\/\",\"url\":\"https:\/\/noti-america.com\/site\/repdom\/2021\/06\/21\/senador-carlos-gomez-se-cumple-un-sueno-con-la-construccion-de-la-avenida-circunvalacion-moca\/\",\"name\":\"Senador Carlos G\u00f3mez: \u201cSe cumple un sue\u00f1o con la construcci\u00f3n de la avenida Circunvalaci\u00f3n Moca\u201d - Rep. Dominicana | Noti-America.com\",\"isPartOf\":{\"@id\":\"https:\/\/noti-america.com\/site\/repdom\/#website\"},\"primaryImageOfPage\":{\"@id\":\"https:\/\/noti-america.com\/site\/repdom\/2021\/06\/21\/senador-carlos-gomez-se-cumple-un-sueno-con-la-construccion-de-la-avenida-circunvalacion-moca\/#primaryimage\"},\"image\":{\"@id\":\"https:\/\/noti-america.com\/site\/repdom\/2021\/06\/21\/senador-carlos-gomez-se-cumple-un-sueno-con-la-construccion-de-la-avenida-circunvalacion-moca\/#primaryimage\"},\"thumbnailUrl\":\"https:\/\/noti-america.com\/site\/repdom\/wp-content\/uploads\/sites\/6\/2021\/06\/Carlos-Gomez.jpg\",\"datePublished\":\"2021-06-21T15:13:53+00:00\",\"dateModified\":\"2021-06-21T15:20:35+00:00\",\"breadcrumb\":{\"@id\":\"https:\/\/noti-america.com\/site\/repdom\/2021\/06\/21\/senador-carlos-gomez-se-cumple-un-sueno-con-la-construccion-de-la-avenida-circunvalacion-moca\/#breadcrumb\"},\"inLanguage\":\"es\",\"potentialAction\":[{\"@type\":\"ReadAction\",\"target\":[\"https:\/\/noti-america.com\/site\/repdom\/2021\/06\/21\/senador-carlos-gomez-se-cumple-un-sueno-con-la-construccion-de-la-avenida-circunvalacion-moca\/\"]}]},{\"@type\":\"ImageObject\",\"inLanguage\":\"es\",\"@id\":\"https:\/\/noti-america.com\/site\/repdom\/2021\/06\/21\/senador-carlos-gomez-se-cumple-un-sueno-con-la-construccion-de-la-avenida-circunvalacion-moca\/#primaryimage\",\"url\":\"https:\/\/noti-america.com\/site\/repdom\/wp-content\/uploads\/sites\/6\/2021\/06\/Carlos-Gomez.jpg\",\"contentUrl\":\"https:\/\/noti-america.com\/site\/repdom\/wp-content\/uploads\/sites\/6\/2021\/06\/Carlos-Gomez.jpg\",\"width\":1280,\"height\":853},{\"@type\":\"BreadcrumbList\",\"@id\":\"https:\/\/noti-america.com\/site\/repdom\/2021\/06\/21\/senador-carlos-gomez-se-cumple-un-sueno-con-la-construccion-de-la-avenida-circunvalacion-moca\/#breadcrumb\",\"itemListElement\":[{\"@type\":\"ListItem\",\"position\":1,\"name\":\"Portada\",\"item\":\"https:\/\/noti-america.com\/site\/repdom\/\"},{\"@type\":\"ListItem\",\"position\":2,\"name\":\"Senador Carlos G\u00f3mez: \u201cSe cumple un sue\u00f1o con la construcci\u00f3n de la avenida Circunvalaci\u00f3n Moca\u201d\"}]},{\"@type\":\"WebSite\",\"@id\":\"https:\/\/noti-america.com\/site\/repdom\/#website\",\"url\":\"https:\/\/noti-america.com\/site\/repdom\/\",\"name\":\"Rep. Dominicana | Noti-America.com\",\"description\":\"\",\"publisher\":{\"@id\":\"https:\/\/noti-america.com\/site\/repdom\/#organization\"},\"potentialAction\":[{\"@type\":\"SearchAction\",\"target\":{\"@type\":\"EntryPoint\",\"urlTemplate\":\"https:\/\/noti-america.com\/site\/repdom\/?s={search_term_string}\"},\"query-input\":{\"@type\":\"PropertyValueSpecification\",\"valueRequired\":true,\"valueName\":\"search_term_string\"}}],\"inLanguage\":\"es\"},{\"@type\":\"Organization\",\"@id\":\"https:\/\/noti-america.com\/site\/repdom\/#organization\",\"name\":\"Noti-America LLC | Rep\u00fablica Dominicana\",\"url\":\"https:\/\/noti-america.com\/site\/repdom\/\",\"logo\":{\"@type\":\"ImageObject\",\"inLanguage\":\"es\",\"@id\":\"https:\/\/noti-america.com\/site\/repdom\/#\/schema\/logo\/image\/\",\"url\":\"https:\/\/noti-america.com\/site\/repdom\/wp-content\/uploads\/sites\/6\/2020\/07\/LogoNA-4x3-1.jpg\",\"contentUrl\":\"https:\/\/noti-america.com\/site\/repdom\/wp-content\/uploads\/sites\/6\/2020\/07\/LogoNA-4x3-1.jpg\",\"width\":1236,\"height\":1080,\"caption\":\"Noti-America LLC | Rep\u00fablica Dominicana\"},\"image\":{\"@id\":\"https:\/\/noti-america.com\/site\/repdom\/#\/schema\/logo\/image\/\"}},{\"@type\":\"Person\",\"@id\":\"https:\/\/noti-america.com\/site\/repdom\/#\/schema\/person\/fd0092c1530d275fabaa5cffcbc2b976\",\"name\":\"Ad\u00e1n Soriano\",\"image\":{\"@type\":\"ImageObject\",\"inLanguage\":\"es\",\"@id\":\"https:\/\/secure.gravatar.com\/avatar\/ecf97ff3aee7ff9efdae670d7e976f3e7e8acc1077e510d73707999a8bfd4467?s=96&d=mm&r=g\",\"url\":\"https:\/\/secure.gravatar.com\/avatar\/ecf97ff3aee7ff9efdae670d7e976f3e7e8acc1077e510d73707999a8bfd4467?s=96&d=mm&r=g\",\"contentUrl\":\"https:\/\/secure.gravatar.com\/avatar\/ecf97ff3aee7ff9efdae670d7e976f3e7e8acc1077e510d73707999a8bfd4467?s=96&d=mm&r=g\",\"caption\":\"Ad\u00e1n Soriano\"},\"description\":\"Soy cronista deportivo con 10 a\u00f1os de experiencia en varios espacios, y conduzco el podcast deportivo llamado Mezcla Deportiva\",\"sameAs\":[\"https:\/\/x.com\/adansoriano\"],\"url\":\"https:\/\/noti-america.com\/site\/repdom\/author\/asoriano\/\"}]}<\/script>\n<!-- \/ Yoast SEO Premium plugin. -->","yoast_head_json":{"title":"Senador Carlos G\u00f3mez: \u201cSe cumple un sue\u00f1o con la construcci\u00f3n de la avenida Circunvalaci\u00f3n Moca\u201d - Rep. Dominicana | Noti-America.com","robots":{"index":"index","follow":"follow","max-snippet":"max-snippet:-1","max-image-preview":"max-image-preview:large","max-video-preview":"max-video-preview:-1"},"canonical":"https:\/\/noti-america.com\/site\/repdom\/2021\/06\/21\/senador-carlos-gomez-se-cumple-un-sueno-con-la-construccion-de-la-avenida-circunvalacion-moca\/","og_locale":"es_ES","og_type":"article","og_title":"Senador Carlos G\u00f3mez: \u201cSe cumple un sue\u00f1o con la construcci\u00f3n de la avenida Circunvalaci\u00f3n Moca\u201d","og_description":"MOCA &#8211; \u201cCon el anuncio de esta gran obra, la construcci\u00f3n de la avenida Circunvalaci\u00f3n Cruce de Chero\/Cruce Estancia Nueva, el se\u00f1or presidente Luis Abinader viene a cubrir una necesidad hist\u00f3rica de Moca\u201d, exclam\u00f3&#46;&#46;&#46;","og_url":"https:\/\/noti-america.com\/site\/repdom\/2021\/06\/21\/senador-carlos-gomez-se-cumple-un-sueno-con-la-construccion-de-la-avenida-circunvalacion-moca\/","og_site_name":"Rep. Dominicana | Noti-America.com","article_published_time":"2021-06-21T15:13:53+00:00","article_modified_time":"2021-06-21T15:20:35+00:00","og_image":[{"width":1280,"height":853,"url":"https:\/\/noti-america.com\/site\/repdom\/wp-content\/uploads\/sites\/6\/2021\/06\/Carlos-Gomez.jpg","type":"image\/jpeg"}],"author":"Ad\u00e1n Soriano","twitter_card":"summary_large_image","twitter_creator":"@adansoriano","twitter_misc":{"Escrito por":"Ad\u00e1n Soriano","Tiempo estimado de lectura":"3 minutos"},"schema":{"@context":"https:\/\/schema.org","@graph":[{"@type":"Article","@id":"https:\/\/noti-america.com\/site\/repdom\/2021\/06\/21\/senador-carlos-gomez-se-cumple-un-sueno-con-la-construccion-de-la-avenida-circunvalacion-moca\/#article","isPartOf":{"@id":"https:\/\/noti-america.com\/site\/repdom\/2021\/06\/21\/senador-carlos-gomez-se-cumple-un-sueno-con-la-construccion-de-la-avenida-circunvalacion-moca\/"},"author":{"name":"Ad\u00e1n Soriano","@id":"https:\/\/noti-america.com\/site\/repdom\/#\/schema\/person\/fd0092c1530d275fabaa5cffcbc2b976"},"headline":"Senador Carlos G\u00f3mez: \u201cSe cumple un sue\u00f1o con la construcci\u00f3n de la avenida Circunvalaci\u00f3n Moca\u201d","datePublished":"2021-06-21T15:13:53+00:00","dateModified":"2021-06-21T15:20:35+00:00","mainEntityOfPage":{"@id":"https:\/\/noti-america.com\/site\/repdom\/2021\/06\/21\/senador-carlos-gomez-se-cumple-un-sueno-con-la-construccion-de-la-avenida-circunvalacion-moca\/"},"wordCount":538,"commentCount":0,"publisher":{"@id":"https:\/\/noti-america.com\/site\/repdom\/#organization"},"image":{"@id":"https:\/\/noti-america.com\/site\/repdom\/2021\/06\/21\/senador-carlos-gomez-se-cumple-un-sueno-con-la-construccion-de-la-avenida-circunvalacion-moca\/#primaryimage"},"thumbnailUrl":"https:\/\/noti-america.com\/site\/repdom\/wp-content\/uploads\/sites\/6\/2021\/06\/Carlos-Gomez.jpg","keywords":["Carlos G\u00f3mez","Deligne Ascenci\u00f3n Burgos","Ministerio de Obras P\u00fablicas","Moca","Presidente Luis Abinader"],"articleSection":["Nacionales","Noticias"],"inLanguage":"es","potentialAction":[{"@type":"CommentAction","name":"Comment","target":["https:\/\/noti-america.com\/site\/repdom\/2021\/06\/21\/senador-carlos-gomez-se-cumple-un-sueno-con-la-construccion-de-la-avenida-circunvalacion-moca\/#respond"]}]},{"@type":"WebPage","@id":"https:\/\/noti-america.com\/site\/repdom\/2021\/06\/21\/senador-carlos-gomez-se-cumple-un-sueno-con-la-construccion-de-la-avenida-circunvalacion-moca\/","url":"https:\/\/noti-america.com\/site\/repdom\/2021\/06\/21\/senador-carlos-gomez-se-cumple-un-sueno-con-la-construccion-de-la-avenida-circunvalacion-moca\/","name":"Senador Carlos G\u00f3mez: \u201cSe cumple un sue\u00f1o con la construcci\u00f3n de la avenida Circunvalaci\u00f3n Moca\u201d - Rep. Dominicana | Noti-America.com","isPartOf":{"@id":"https:\/\/noti-america.com\/site\/repdom\/#website"},"primaryImageOfPage":{"@id":"https:\/\/noti-america.com\/site\/repdom\/2021\/06\/21\/senador-carlos-gomez-se-cumple-un-sueno-con-la-construccion-de-la-avenida-circunvalacion-moca\/#primaryimage"},"image":{"@id":"https:\/\/noti-america.com\/site\/repdom\/2021\/06\/21\/senador-carlos-gomez-se-cumple-un-sueno-con-la-construccion-de-la-avenida-circunvalacion-moca\/#primaryimage"},"thumbnailUrl":"https:\/\/noti-america.com\/site\/repdom\/wp-content\/uploads\/sites\/6\/2021\/06\/Carlos-Gomez.jpg","datePublished":"2021-06-21T15:13:53+00:00","dateModified":"2021-06-21T15:20:35+00:00","breadcrumb":{"@id":"https:\/\/noti-america.com\/site\/repdom\/2021\/06\/21\/senador-carlos-gomez-se-cumple-un-sueno-con-la-construccion-de-la-avenida-circunvalacion-moca\/#breadcrumb"},"inLanguage":"es","potentialAction":[{"@type":"ReadAction","target":["https:\/\/noti-america.com\/site\/repdom\/2021\/06\/21\/senador-carlos-gomez-se-cumple-un-sueno-con-la-construccion-de-la-avenida-circunvalacion-moca\/"]}]},{"@type":"ImageObject","inLanguage":"es","@id":"https:\/\/noti-america.com\/site\/repdom\/2021\/06\/21\/senador-carlos-gomez-se-cumple-un-sueno-con-la-construccion-de-la-avenida-circunvalacion-moca\/#primaryimage","url":"https:\/\/noti-america.com\/site\/repdom\/wp-content\/uploads\/sites\/6\/2021\/06\/Carlos-Gomez.jpg","contentUrl":"https:\/\/noti-america.com\/site\/repdom\/wp-content\/uploads\/sites\/6\/2021\/06\/Carlos-Gomez.jpg","width":1280,"height":853},{"@type":"BreadcrumbList","@id":"https:\/\/noti-america.com\/site\/repdom\/2021\/06\/21\/senador-carlos-gomez-se-cumple-un-sueno-con-la-construccion-de-la-avenida-circunvalacion-moca\/#breadcrumb","itemListElement":[{"@type":"ListItem","position":1,"name":"Portada","item":"https:\/\/noti-america.com\/site\/repdom\/"},{"@type":"ListItem","position":2,"name":"Senador Carlos G\u00f3mez: \u201cSe cumple un sue\u00f1o con la construcci\u00f3n de la avenida Circunvalaci\u00f3n Moca\u201d"}]},{"@type":"WebSite","@id":"https:\/\/noti-america.com\/site\/repdom\/#website","url":"https:\/\/noti-america.com\/site\/repdom\/","name":"Rep. Dominicana | Noti-America.com","description":"","publisher":{"@id":"https:\/\/noti-america.com\/site\/repdom\/#organization"},"potentialAction":[{"@type":"SearchAction","target":{"@type":"EntryPoint","urlTemplate":"https:\/\/noti-america.com\/site\/repdom\/?s={search_term_string}"},"query-input":{"@type":"PropertyValueSpecification","valueRequired":true,"valueName":"search_term_string"}}],"inLanguage":"es"},{"@type":"Organization","@id":"https:\/\/noti-america.com\/site\/repdom\/#organization","name":"Noti-America LLC | Rep\u00fablica Dominicana","url":"https:\/\/noti-america.com\/site\/repdom\/","logo":{"@type":"ImageObject","inLanguage":"es","@id":"https:\/\/noti-america.com\/site\/repdom\/#\/schema\/logo\/image\/","url":"https:\/\/noti-america.com\/site\/repdom\/wp-content\/uploads\/sites\/6\/2020\/07\/LogoNA-4x3-1.jpg","contentUrl":"https:\/\/noti-america.com\/site\/repdom\/wp-content\/uploads\/sites\/6\/2020\/07\/LogoNA-4x3-1.jpg","width":1236,"height":1080,"caption":"Noti-America LLC | Rep\u00fablica Dominicana"},"image":{"@id":"https:\/\/noti-america.com\/site\/repdom\/#\/schema\/logo\/image\/"}},{"@type":"Person","@id":"https:\/\/noti-america.com\/site\/repdom\/#\/schema\/person\/fd0092c1530d275fabaa5cffcbc2b976","name":"Ad\u00e1n Soriano","image":{"@type":"ImageObject","inLanguage":"es","@id":"https:\/\/secure.gravatar.com\/avatar\/ecf97ff3aee7ff9efdae670d7e976f3e7e8acc1077e510d73707999a8bfd4467?s=96&d=mm&r=g","url":"https:\/\/secure.gravatar.com\/avatar\/ecf97ff3aee7ff9efdae670d7e976f3e7e8acc1077e510d73707999a8bfd4467?s=96&d=mm&r=g","contentUrl":"https:\/\/secure.gravatar.com\/avatar\/ecf97ff3aee7ff9efdae670d7e976f3e7e8acc1077e510d73707999a8bfd4467?s=96&d=mm&r=g","caption":"Ad\u00e1n Soriano"},"description":"Soy cronista deportivo con 10 a\u00f1os de experiencia en varios espacios, y conduzco el podcast deportivo llamado Mezcla Deportiva","sameAs":["https:\/\/x.com\/adansoriano"],"url":"https:\/\/noti-america.com\/site\/repdom\/author\/asoriano\/"}]}},"_links":{"self":[{"href":"https:\/\/noti-america.com\/site\/repdom\/wp-json\/wp\/v2\/posts\/11150","targetHints":{"allow":["GET"]}}],"collection":[{"href":"https:\/\/noti-america.com\/site\/repdom\/wp-json\/wp\/v2\/posts"}],"about":[{"href":"https:\/\/noti-america.com\/site\/repdom\/wp-json\/wp\/v2\/types\/post"}],"author":[{"embeddable":true,"href":"https:\/\/noti-america.com\/site\/repdom\/wp-json\/wp\/v2\/users\/89"}],"replies":[{"embeddable":true,"href":"https:\/\/noti-america.com\/site\/repdom\/wp-json\/wp\/v2\/comments?post=11150"}],"version-history":[{"count":2,"href":"https:\/\/noti-america.com\/site\/repdom\/wp-json\/wp\/v2\/posts\/11150\/revisions"}],"predecessor-version":[{"id":11154,"href":"https:\/\/noti-america.com\/site\/repdom\/wp-json\/wp\/v2\/posts\/11150\/revisions\/11154"}],"wp:featuredmedia":[{"embeddable":true,"href":"https:\/\/noti-america.com\/site\/repdom\/wp-json\/wp\/v2\/media\/11152"}],"wp:attachment":[{"href":"https:\/\/noti-america.com\/site\/repdom\/wp-json\/wp\/v2\/media?parent=11150"}],"wp:term":[{"taxonomy":"category","embeddable":true,"href":"https:\/\/noti-america.com\/site\/repdom\/wp-json\/wp\/v2\/categories?post=11150"},{"taxonomy":"post_tag","embeddable":true,"href":"https:\/\/noti-america.com\/site\/repdom\/wp-json\/wp\/v2\/tags?post=11150"}],"curies":[{"name":"wp","href":"https:\/\/api.w.org\/{rel}","templated":true}]}}