{"id":10804,"date":"2021-06-04T19:47:39","date_gmt":"2021-06-04T19:47:39","guid":{"rendered":"https:\/\/noti-america.com\/site\/repdom\/?p=10804"},"modified":"2021-06-04T19:47:39","modified_gmt":"2021-06-04T19:47:39","slug":"vacunate-rd","status":"publish","type":"post","link":"https:\/\/noti-america.com\/site\/repdom\/2021\/06\/04\/vacunate-rd\/","title":{"rendered":"VACUNATE RD"},"content":{"rendered":"<p style=\"text-align: justify\"><strong>NOTI &#8211; AM\u00c9RICA (REP\u00daBLICA DOMINICANA)<\/strong><\/p>\n<p style=\"text-align: justify\">Las circunstancias han permitido que las personas tengamos que vacunarnos de manera casi obligatoria para crear la llamada: \u00abinmunidad del reba\u00f1o\u00bb.<\/p>\n<p style=\"text-align: left\">Estamos muy concienteslo de la situaci\u00f3n que ha y continua causando el llamado: \u00bb Sars covid 2 o Covid &#8211; 19 a nivel mundial el cu\u00e1l es un problema de todos por ende se ha iniciado una jornada masiva de inoculaci\u00f3n muy intensa para que menos v\u00edctimas sufran la desgracia de morir por dicho virus.<\/p>\n<p style=\"text-align: justify\">Muchas personas se han dejado manipular de la ignorancia y han y siguen creyendo en informaciones falsas en todos los medios digitales y dem\u00e1s para que la gente no proceda a la inoculaci\u00f3n y es importante resaltar que esto no es de una sola persona sino que esto es de todos por dicha raz\u00f3n es bueno que se dejen llevar de las autoridades correspondientes y pasar a los centros de vacunaci\u00f3n a inocularse.<\/p>\n<p style=\"text-align: justify\">Es preciso decir que este virus mortal se ha ido multiplicando en diferentes variantes para continuar sobreviviendo en el ambiente e incluso habitar de manera permanente entre nosotros por eso y muchas otras m\u00e1s razones debemos vacunarnos para que ese virus se debilite y no contin\u00fae su curso matando mas personas .<\/p>\n<p style=\"text-align: justify\">\u00abActivese y vacunese\u00bb<\/p>\n<p style=\"text-align: justify\">Fuente: @conexionsinlimitesrd<\/p>\n<p style=\"text-align: justify\">Facebook: Felipe Cerso Castillo Carri\u00f3n<\/p>\n<p style=\"text-align: justify\">Instagram: @felipecersocastillo<\/p>\n<p style=\"text-align: justify\">Twitter: @felipecersoc<\/p>\n","protected":false},"excerpt":{"rendered":"<p>NOTI &#8211; AM\u00c9RICA (REP\u00daBLICA DOMINICANA) Las circunstancias han permitido que las personas tengamos que vacunarnos de manera casi obligatoria para crear la llamada: \u00abinmunidad del reba\u00f1o\u00bb. Estamos muy concienteslo de la situaci\u00f3n que ha&#46;&#46;&#46;<\/p>\n","protected":false},"author":94,"featured_media":10805,"comment_status":"open","ping_status":"open","sticky":false,"template":"","format":"gallery","meta":{"_acf_changed":false,"rop_custom_images_group":[],"rop_custom_messages_group":[],"rop_publish_now":"initial","rop_publish_now_accounts":[],"rop_publish_now_history":[],"rop_publish_now_status":"pending","footnotes":""},"categories":[12],"tags":[],"class_list":["post-10804","post","type-post","status-publish","format-gallery","has-post-thumbnail","hentry","category-opinion","post_format-post-format-gallery"],"acf":[],"yoast_head":"<!-- This site is optimized with the Yoast SEO Premium plugin v24.9 (Yoast SEO v27.2) - https:\/\/yoast.com\/product\/yoast-seo-premium-wordpress\/ -->\n<title>VACUNATE RD - Rep. Dominicana | Noti-America.com<\/title>\n<meta name=\"robots\" content=\"index, follow, max-snippet:-1, max-image-preview:large, max-video-preview:-1\" \/>\n<link rel=\"canonical\" href=\"https:\/\/noti-america.com\/site\/repdom\/2021\/06\/04\/vacunate-rd\/\" \/>\n<meta property=\"og:locale\" content=\"es_ES\" \/>\n<meta property=\"og:type\" content=\"article\" \/>\n<meta property=\"og:title\" content=\"VACUNATE RD\" \/>\n<meta property=\"og:description\" content=\"NOTI &#8211; AM\u00c9RICA (REP\u00daBLICA DOMINICANA) Las circunstancias han permitido que las personas tengamos que vacunarnos de manera casi obligatoria para crear la llamada: \u00abinmunidad del reba\u00f1o\u00bb. Estamos muy concienteslo de la situaci\u00f3n que ha&#046;&#046;&#046;\" \/>\n<meta property=\"og:url\" content=\"https:\/\/noti-america.com\/site\/repdom\/2021\/06\/04\/vacunate-rd\/\" \/>\n<meta property=\"og:site_name\" content=\"Rep. Dominicana | Noti-America.com\" \/>\n<meta property=\"article:published_time\" content=\"2021-06-04T19:47:39+00:00\" \/>\n<meta property=\"og:image\" content=\"https:\/\/noti-america.com\/site\/repdom\/wp-content\/uploads\/sites\/6\/2021\/06\/vacunas.jpg\" \/>\n\t<meta property=\"og:image:width\" content=\"850\" \/>\n\t<meta property=\"og:image:height\" content=\"500\" \/>\n\t<meta property=\"og:image:type\" content=\"image\/jpeg\" \/>\n<meta name=\"author\" content=\"Felipe Castillo\" \/>\n<meta name=\"twitter:card\" content=\"summary_large_image\" \/>\n<meta name=\"twitter:creator\" content=\"@felipecersoc\" \/>\n<meta name=\"twitter:label1\" content=\"Escrito por\" \/>\n\t<meta name=\"twitter:data1\" content=\"Felipe Castillo\" \/>\n\t<meta name=\"twitter:label2\" content=\"Tiempo estimado de lectura\" \/>\n\t<meta name=\"twitter:data2\" content=\"1 minuto\" \/>\n<script type=\"application\/ld+json\" class=\"yoast-schema-graph\">{\"@context\":\"https:\/\/schema.org\",\"@graph\":[{\"@type\":\"Article\",\"@id\":\"https:\/\/noti-america.com\/site\/repdom\/2021\/06\/04\/vacunate-rd\/#article\",\"isPartOf\":{\"@id\":\"https:\/\/noti-america.com\/site\/repdom\/2021\/06\/04\/vacunate-rd\/\"},\"author\":{\"name\":\"Felipe Castillo\",\"@id\":\"https:\/\/noti-america.com\/site\/repdom\/#\/schema\/person\/5771742f15e3fe0e4f35a8db2d4c93b9\"},\"headline\":\"VACUNATE RD\",\"datePublished\":\"2021-06-04T19:47:39+00:00\",\"mainEntityOfPage\":{\"@id\":\"https:\/\/noti-america.com\/site\/repdom\/2021\/06\/04\/vacunate-rd\/\"},\"wordCount\":232,\"commentCount\":0,\"publisher\":{\"@id\":\"https:\/\/noti-america.com\/site\/repdom\/#organization\"},\"image\":{\"@id\":\"https:\/\/noti-america.com\/site\/repdom\/2021\/06\/04\/vacunate-rd\/#primaryimage\"},\"thumbnailUrl\":\"https:\/\/noti-america.com\/site\/repdom\/wp-content\/uploads\/sites\/6\/2021\/06\/vacunas.jpg\",\"articleSection\":[\"Opini\u00f3n\"],\"inLanguage\":\"es\",\"potentialAction\":[{\"@type\":\"CommentAction\",\"name\":\"Comment\",\"target\":[\"https:\/\/noti-america.com\/site\/repdom\/2021\/06\/04\/vacunate-rd\/#respond\"]}]},{\"@type\":\"WebPage\",\"@id\":\"https:\/\/noti-america.com\/site\/repdom\/2021\/06\/04\/vacunate-rd\/\",\"url\":\"https:\/\/noti-america.com\/site\/repdom\/2021\/06\/04\/vacunate-rd\/\",\"name\":\"VACUNATE RD - Rep. Dominicana | Noti-America.com\",\"isPartOf\":{\"@id\":\"https:\/\/noti-america.com\/site\/repdom\/#website\"},\"primaryImageOfPage\":{\"@id\":\"https:\/\/noti-america.com\/site\/repdom\/2021\/06\/04\/vacunate-rd\/#primaryimage\"},\"image\":{\"@id\":\"https:\/\/noti-america.com\/site\/repdom\/2021\/06\/04\/vacunate-rd\/#primaryimage\"},\"thumbnailUrl\":\"https:\/\/noti-america.com\/site\/repdom\/wp-content\/uploads\/sites\/6\/2021\/06\/vacunas.jpg\",\"datePublished\":\"2021-06-04T19:47:39+00:00\",\"breadcrumb\":{\"@id\":\"https:\/\/noti-america.com\/site\/repdom\/2021\/06\/04\/vacunate-rd\/#breadcrumb\"},\"inLanguage\":\"es\",\"potentialAction\":[{\"@type\":\"ReadAction\",\"target\":[\"https:\/\/noti-america.com\/site\/repdom\/2021\/06\/04\/vacunate-rd\/\"]}]},{\"@type\":\"ImageObject\",\"inLanguage\":\"es\",\"@id\":\"https:\/\/noti-america.com\/site\/repdom\/2021\/06\/04\/vacunate-rd\/#primaryimage\",\"url\":\"https:\/\/noti-america.com\/site\/repdom\/wp-content\/uploads\/sites\/6\/2021\/06\/vacunas.jpg\",\"contentUrl\":\"https:\/\/noti-america.com\/site\/repdom\/wp-content\/uploads\/sites\/6\/2021\/06\/vacunas.jpg\",\"width\":850,\"height\":500},{\"@type\":\"BreadcrumbList\",\"@id\":\"https:\/\/noti-america.com\/site\/repdom\/2021\/06\/04\/vacunate-rd\/#breadcrumb\",\"itemListElement\":[{\"@type\":\"ListItem\",\"position\":1,\"name\":\"Portada\",\"item\":\"https:\/\/noti-america.com\/site\/repdom\/\"},{\"@type\":\"ListItem\",\"position\":2,\"name\":\"VACUNATE RD\"}]},{\"@type\":\"WebSite\",\"@id\":\"https:\/\/noti-america.com\/site\/repdom\/#website\",\"url\":\"https:\/\/noti-america.com\/site\/repdom\/\",\"name\":\"Rep. Dominicana | Noti-America.com\",\"description\":\"\",\"publisher\":{\"@id\":\"https:\/\/noti-america.com\/site\/repdom\/#organization\"},\"potentialAction\":[{\"@type\":\"SearchAction\",\"target\":{\"@type\":\"EntryPoint\",\"urlTemplate\":\"https:\/\/noti-america.com\/site\/repdom\/?s={search_term_string}\"},\"query-input\":{\"@type\":\"PropertyValueSpecification\",\"valueRequired\":true,\"valueName\":\"search_term_string\"}}],\"inLanguage\":\"es\"},{\"@type\":\"Organization\",\"@id\":\"https:\/\/noti-america.com\/site\/repdom\/#organization\",\"name\":\"Noti-America LLC | Rep\u00fablica Dominicana\",\"url\":\"https:\/\/noti-america.com\/site\/repdom\/\",\"logo\":{\"@type\":\"ImageObject\",\"inLanguage\":\"es\",\"@id\":\"https:\/\/noti-america.com\/site\/repdom\/#\/schema\/logo\/image\/\",\"url\":\"https:\/\/noti-america.com\/site\/repdom\/wp-content\/uploads\/sites\/6\/2020\/07\/LogoNA-4x3-1.jpg\",\"contentUrl\":\"https:\/\/noti-america.com\/site\/repdom\/wp-content\/uploads\/sites\/6\/2020\/07\/LogoNA-4x3-1.jpg\",\"width\":1236,\"height\":1080,\"caption\":\"Noti-America LLC | Rep\u00fablica Dominicana\"},\"image\":{\"@id\":\"https:\/\/noti-america.com\/site\/repdom\/#\/schema\/logo\/image\/\"}},{\"@type\":\"Person\",\"@id\":\"https:\/\/noti-america.com\/site\/repdom\/#\/schema\/person\/5771742f15e3fe0e4f35a8db2d4c93b9\",\"name\":\"Felipe Castillo\",\"image\":{\"@type\":\"ImageObject\",\"inLanguage\":\"es\",\"@id\":\"https:\/\/secure.gravatar.com\/avatar\/2f897233f9dfdbc119eb070afcf1c07aea6ab7f9313d4b966cb42d24ea8b52e6?s=96&d=mm&r=g\",\"url\":\"https:\/\/secure.gravatar.com\/avatar\/2f897233f9dfdbc119eb070afcf1c07aea6ab7f9313d4b966cb42d24ea8b52e6?s=96&d=mm&r=g\",\"contentUrl\":\"https:\/\/secure.gravatar.com\/avatar\/2f897233f9dfdbc119eb070afcf1c07aea6ab7f9313d4b966cb42d24ea8b52e6?s=96&d=mm&r=g\",\"caption\":\"Felipe Castillo\"},\"description\":\"Locutor, Maestro de Ceremonias, Animador, Orador, Coach Comunicacional, Mentor Honorifico, Manejo del Idioma Portugues, Manejo de Paquete de Office, Control Master, Manejo del Idioma English Intermedio, Comunicador, Lider - Consejero de Campamentos, Productor de Contenido del Proyecto Comunicacional \\\"Conexi\u00f3n Sin Limites RD\\\"\",\"sameAs\":[\"https:\/\/x.com\/felipecersoc\"],\"url\":\"https:\/\/noti-america.com\/site\/repdom\/author\/fcastillo\/\"}]}<\/script>\n<!-- \/ Yoast SEO Premium plugin. -->","yoast_head_json":{"title":"VACUNATE RD - Rep. Dominicana | Noti-America.com","robots":{"index":"index","follow":"follow","max-snippet":"max-snippet:-1","max-image-preview":"max-image-preview:large","max-video-preview":"max-video-preview:-1"},"canonical":"https:\/\/noti-america.com\/site\/repdom\/2021\/06\/04\/vacunate-rd\/","og_locale":"es_ES","og_type":"article","og_title":"VACUNATE RD","og_description":"NOTI &#8211; AM\u00c9RICA (REP\u00daBLICA DOMINICANA) Las circunstancias han permitido que las personas tengamos que vacunarnos de manera casi obligatoria para crear la llamada: \u00abinmunidad del reba\u00f1o\u00bb. Estamos muy concienteslo de la situaci\u00f3n que ha&#46;&#46;&#46;","og_url":"https:\/\/noti-america.com\/site\/repdom\/2021\/06\/04\/vacunate-rd\/","og_site_name":"Rep. Dominicana | Noti-America.com","article_published_time":"2021-06-04T19:47:39+00:00","og_image":[{"width":850,"height":500,"url":"https:\/\/noti-america.com\/site\/repdom\/wp-content\/uploads\/sites\/6\/2021\/06\/vacunas.jpg","type":"image\/jpeg"}],"author":"Felipe Castillo","twitter_card":"summary_large_image","twitter_creator":"@felipecersoc","twitter_misc":{"Escrito por":"Felipe Castillo","Tiempo estimado de lectura":"1 minuto"},"schema":{"@context":"https:\/\/schema.org","@graph":[{"@type":"Article","@id":"https:\/\/noti-america.com\/site\/repdom\/2021\/06\/04\/vacunate-rd\/#article","isPartOf":{"@id":"https:\/\/noti-america.com\/site\/repdom\/2021\/06\/04\/vacunate-rd\/"},"author":{"name":"Felipe Castillo","@id":"https:\/\/noti-america.com\/site\/repdom\/#\/schema\/person\/5771742f15e3fe0e4f35a8db2d4c93b9"},"headline":"VACUNATE RD","datePublished":"2021-06-04T19:47:39+00:00","mainEntityOfPage":{"@id":"https:\/\/noti-america.com\/site\/repdom\/2021\/06\/04\/vacunate-rd\/"},"wordCount":232,"commentCount":0,"publisher":{"@id":"https:\/\/noti-america.com\/site\/repdom\/#organization"},"image":{"@id":"https:\/\/noti-america.com\/site\/repdom\/2021\/06\/04\/vacunate-rd\/#primaryimage"},"thumbnailUrl":"https:\/\/noti-america.com\/site\/repdom\/wp-content\/uploads\/sites\/6\/2021\/06\/vacunas.jpg","articleSection":["Opini\u00f3n"],"inLanguage":"es","potentialAction":[{"@type":"CommentAction","name":"Comment","target":["https:\/\/noti-america.com\/site\/repdom\/2021\/06\/04\/vacunate-rd\/#respond"]}]},{"@type":"WebPage","@id":"https:\/\/noti-america.com\/site\/repdom\/2021\/06\/04\/vacunate-rd\/","url":"https:\/\/noti-america.com\/site\/repdom\/2021\/06\/04\/vacunate-rd\/","name":"VACUNATE RD - Rep. Dominicana | Noti-America.com","isPartOf":{"@id":"https:\/\/noti-america.com\/site\/repdom\/#website"},"primaryImageOfPage":{"@id":"https:\/\/noti-america.com\/site\/repdom\/2021\/06\/04\/vacunate-rd\/#primaryimage"},"image":{"@id":"https:\/\/noti-america.com\/site\/repdom\/2021\/06\/04\/vacunate-rd\/#primaryimage"},"thumbnailUrl":"https:\/\/noti-america.com\/site\/repdom\/wp-content\/uploads\/sites\/6\/2021\/06\/vacunas.jpg","datePublished":"2021-06-04T19:47:39+00:00","breadcrumb":{"@id":"https:\/\/noti-america.com\/site\/repdom\/2021\/06\/04\/vacunate-rd\/#breadcrumb"},"inLanguage":"es","potentialAction":[{"@type":"ReadAction","target":["https:\/\/noti-america.com\/site\/repdom\/2021\/06\/04\/vacunate-rd\/"]}]},{"@type":"ImageObject","inLanguage":"es","@id":"https:\/\/noti-america.com\/site\/repdom\/2021\/06\/04\/vacunate-rd\/#primaryimage","url":"https:\/\/noti-america.com\/site\/repdom\/wp-content\/uploads\/sites\/6\/2021\/06\/vacunas.jpg","contentUrl":"https:\/\/noti-america.com\/site\/repdom\/wp-content\/uploads\/sites\/6\/2021\/06\/vacunas.jpg","width":850,"height":500},{"@type":"BreadcrumbList","@id":"https:\/\/noti-america.com\/site\/repdom\/2021\/06\/04\/vacunate-rd\/#breadcrumb","itemListElement":[{"@type":"ListItem","position":1,"name":"Portada","item":"https:\/\/noti-america.com\/site\/repdom\/"},{"@type":"ListItem","position":2,"name":"VACUNATE RD"}]},{"@type":"WebSite","@id":"https:\/\/noti-america.com\/site\/repdom\/#website","url":"https:\/\/noti-america.com\/site\/repdom\/","name":"Rep. Dominicana | Noti-America.com","description":"","publisher":{"@id":"https:\/\/noti-america.com\/site\/repdom\/#organization"},"potentialAction":[{"@type":"SearchAction","target":{"@type":"EntryPoint","urlTemplate":"https:\/\/noti-america.com\/site\/repdom\/?s={search_term_string}"},"query-input":{"@type":"PropertyValueSpecification","valueRequired":true,"valueName":"search_term_string"}}],"inLanguage":"es"},{"@type":"Organization","@id":"https:\/\/noti-america.com\/site\/repdom\/#organization","name":"Noti-America LLC | Rep\u00fablica Dominicana","url":"https:\/\/noti-america.com\/site\/repdom\/","logo":{"@type":"ImageObject","inLanguage":"es","@id":"https:\/\/noti-america.com\/site\/repdom\/#\/schema\/logo\/image\/","url":"https:\/\/noti-america.com\/site\/repdom\/wp-content\/uploads\/sites\/6\/2020\/07\/LogoNA-4x3-1.jpg","contentUrl":"https:\/\/noti-america.com\/site\/repdom\/wp-content\/uploads\/sites\/6\/2020\/07\/LogoNA-4x3-1.jpg","width":1236,"height":1080,"caption":"Noti-America LLC | Rep\u00fablica Dominicana"},"image":{"@id":"https:\/\/noti-america.com\/site\/repdom\/#\/schema\/logo\/image\/"}},{"@type":"Person","@id":"https:\/\/noti-america.com\/site\/repdom\/#\/schema\/person\/5771742f15e3fe0e4f35a8db2d4c93b9","name":"Felipe Castillo","image":{"@type":"ImageObject","inLanguage":"es","@id":"https:\/\/secure.gravatar.com\/avatar\/2f897233f9dfdbc119eb070afcf1c07aea6ab7f9313d4b966cb42d24ea8b52e6?s=96&d=mm&r=g","url":"https:\/\/secure.gravatar.com\/avatar\/2f897233f9dfdbc119eb070afcf1c07aea6ab7f9313d4b966cb42d24ea8b52e6?s=96&d=mm&r=g","contentUrl":"https:\/\/secure.gravatar.com\/avatar\/2f897233f9dfdbc119eb070afcf1c07aea6ab7f9313d4b966cb42d24ea8b52e6?s=96&d=mm&r=g","caption":"Felipe Castillo"},"description":"Locutor, Maestro de Ceremonias, Animador, Orador, Coach Comunicacional, Mentor Honorifico, Manejo del Idioma Portugues, Manejo de Paquete de Office, Control Master, Manejo del Idioma English Intermedio, Comunicador, Lider - Consejero de Campamentos, Productor de Contenido del Proyecto Comunicacional \"Conexi\u00f3n Sin Limites RD\"","sameAs":["https:\/\/x.com\/felipecersoc"],"url":"https:\/\/noti-america.com\/site\/repdom\/author\/fcastillo\/"}]}},"_links":{"self":[{"href":"https:\/\/noti-america.com\/site\/repdom\/wp-json\/wp\/v2\/posts\/10804","targetHints":{"allow":["GET"]}}],"collection":[{"href":"https:\/\/noti-america.com\/site\/repdom\/wp-json\/wp\/v2\/posts"}],"about":[{"href":"https:\/\/noti-america.com\/site\/repdom\/wp-json\/wp\/v2\/types\/post"}],"author":[{"embeddable":true,"href":"https:\/\/noti-america.com\/site\/repdom\/wp-json\/wp\/v2\/users\/94"}],"replies":[{"embeddable":true,"href":"https:\/\/noti-america.com\/site\/repdom\/wp-json\/wp\/v2\/comments?post=10804"}],"version-history":[{"count":2,"href":"https:\/\/noti-america.com\/site\/repdom\/wp-json\/wp\/v2\/posts\/10804\/revisions"}],"predecessor-version":[{"id":10809,"href":"https:\/\/noti-america.com\/site\/repdom\/wp-json\/wp\/v2\/posts\/10804\/revisions\/10809"}],"wp:featuredmedia":[{"embeddable":true,"href":"https:\/\/noti-america.com\/site\/repdom\/wp-json\/wp\/v2\/media\/10805"}],"wp:attachment":[{"href":"https:\/\/noti-america.com\/site\/repdom\/wp-json\/wp\/v2\/media?parent=10804"}],"wp:term":[{"taxonomy":"category","embeddable":true,"href":"https:\/\/noti-america.com\/site\/repdom\/wp-json\/wp\/v2\/categories?post=10804"},{"taxonomy":"post_tag","embeddable":true,"href":"https:\/\/noti-america.com\/site\/repdom\/wp-json\/wp\/v2\/tags?post=10804"}],"curies":[{"name":"wp","href":"https:\/\/api.w.org\/{rel}","templated":true}]}}