{"id":10732,"date":"2021-06-01T12:48:07","date_gmt":"2021-06-01T12:48:07","guid":{"rendered":"https:\/\/noti-america.com\/site\/repdom\/?p=10732"},"modified":"2021-06-01T12:48:07","modified_gmt":"2021-06-01T12:48:07","slug":"raul-valdes-lidera-el-primer-triunfo-de-rd-en-el-preolimpico","status":"publish","type":"post","link":"https:\/\/noti-america.com\/site\/repdom\/2021\/06\/01\/raul-valdes-lidera-el-primer-triunfo-de-rd-en-el-preolimpico\/","title":{"rendered":"Ra\u00fal Vald\u00e9s lidera el primer triunfo de RD en el Preol\u00edmpico"},"content":{"rendered":"<p class=\"x_MsoNormal\" style=\"text-align: justify\"><span lang=\"EN-US\">PORT ST.\u00a0<\/span><span lang=\"ES-DO\">LUCIE, Florida &#8211; <\/span><span lang=\"ES-DO\">Una magn\u00edfica labor de Ra\u00fal Vald\u00e9s gui\u00f3 a la Rep\u00fablica Dominicana a un triunfo por 5-2 sobre Puerto Rico, en partido celebrado este lunes en el Clover Park correspondiente al Preol\u00edmpico de B\u00e9isbol de Am\u00e9rica.<\/span><\/p>\n<p class=\"x_MsoNormal\" style=\"text-align: justify\"><span lang=\"ES-DO\">El zurdo complet\u00f3 siete episodios de dos carreras, tres hits, un boleto y cinco ponches, en una presentaci\u00f3n en la retir\u00f3 a 13 bateadores sin que le sacaran la pelota del cuadro, apunt\u00e1ndose as\u00ed la victoria.<\/span><\/p>\n<p class=\"x_MsoNormal\" style=\"text-align: justify\"><span lang=\"ES-DO\">A Vald\u00e9s lo respaldaron Gustavo N\u00fa\u00f1ez al batear de 3-3 con triple, una anotada y una producida; Luis Liberato de 2-1 con jonr\u00f3n, una impulsada y dos boletos; Juan Francisco, Diego Goris y Emilio Bonifacio de 4-1 cada uno con una impulsada y Julio Y. Rodr\u00edguez de 5-2 con dos anotadas. Fueron 11 los indiscutibles de los dominicanos en el juego.<\/span><\/p>\n<p class=\"x_MsoNormal\" style=\"text-align: justify\"><span lang=\"ES-DO\">Los criollos marcaron carrera en el mismo primer episodio al abridor boricua Luis Cruz, con sencillos consecutivos de Rodr\u00edguez y Jos\u00e9 Bautista luego de dos outs y hit remolcador al prado derecho, cortes\u00eda de Francisco.<\/span><\/p>\n<p class=\"x_MsoNormal\" style=\"text-align: justify\"><span lang=\"ES-DO\">A la altura del segundo, Rey Navarro encontr\u00f3 a Kevin Luciano en primera, atrap\u00f3 un lanzamiento de Vald\u00e9s y deposit\u00f3 la pelota sobre la verja del bosque izquierdo, dando a los puertorrique\u00f1os ventaja de 2-1.<\/span><\/p>\n<p class=\"x_MsoNormal\" style=\"text-align: justify\"><span lang=\"ES-DO\">El empate lleg\u00f3 en el tercero con doble impulsador de Diego Goris al derecho, anotando Rodr\u00edguez desde la intermedia.<\/span><\/p>\n<p class=\"x_MsoNormal\" style=\"text-align: justify\"><span lang=\"ES-DO\">En el cierre del sexto, los bates dominicanos se destacaron, primero con un cuadrangular solitario de Emilio Bonifacio entre el derecho y el central contra Efra\u00edn Nieves, y luego con un triple de Gustavo N\u00fa\u00f1ez al derecho y un doble de Emilio Bonifacio al central, ambos frente a Iv\u00e1n Maldonado, que colocaron 4-2 el marcador.<\/span><\/p>\n<p class=\"x_MsoNormal\" style=\"text-align: justify\"><span lang=\"ES-DO\">Una m\u00e1s lleg\u00f3 para los quisqueyanos en el s\u00e9ptimo, con sencillo impulsador de N\u00fa\u00f1ez al central, ante H\u00e9ctor Acevedo, que remolc\u00f3 a Goris desde la antesala.<\/span><\/p>\n<p class=\"x_MsoNormal\" style=\"text-align: justify\"><span lang=\"ES-DO\">Jumbo D\u00edaz lanz\u00f3 el octavo en blanco y en el noveno por igual Jairo Asencio, logrando este \u00faltimo su primer rescate del evento.<\/span><\/p>\n<p class=\"x_MsoNormal\" style=\"text-align: justify\"><span lang=\"ES-DO\">Por Puerto Rico, Navarro fue el m\u00e1s destacado al concluir de 2-1 con un vuelacercas, dos producidas y un boleto. Maldonado carg\u00f3 con la derrota en su labor de 2 innings de una limpia y un ponche.<\/span><\/p>\n<p class=\"x_MsoNormal\" style=\"text-align: justify\"><span lang=\"ES-DO\">El pr\u00f3ximo partido de la Rep\u00fablica Dominicana (1-0) ser\u00e1 este martes contra los Estados Unidos en el estadio The Ballpark of the Palm Beaches en West Palm Beach.<\/span><\/p>\n<p><strong>Fuente: Prensa PROB\u00c9ISBOL<\/strong><\/p>\n","protected":false},"excerpt":{"rendered":"<p>PORT ST.\u00a0LUCIE, Florida &#8211; Una magn\u00edfica labor de Ra\u00fal Vald\u00e9s gui\u00f3 a la Rep\u00fablica Dominicana a un triunfo por 5-2 sobre Puerto Rico, en partido celebrado este lunes en el Clover Park correspondiente al&#46;&#46;&#46;<\/p>\n","protected":false},"author":89,"featured_media":10733,"comment_status":"open","ping_status":"open","sticky":false,"template":"","format":"standard","meta":{"_acf_changed":false,"rop_custom_images_group":[],"rop_custom_messages_group":[],"rop_publish_now":"initial","rop_publish_now_accounts":[],"rop_publish_now_history":[],"rop_publish_now_status":"pending","footnotes":""},"categories":[16],"tags":[1176,123,1091,1178],"class_list":["post-10732","post","type-post","status-publish","format-standard","has-post-thumbnail","hentry","category-deportes","tag-juegos-olimpicos-tokio-2020","tag-peloteros-dominicanos","tag-preolimpico-de-beisbol-de-america","tag-raul-valdes"],"acf":[],"yoast_head":"<!-- This site is optimized with the Yoast SEO Premium plugin v24.9 (Yoast SEO v27.2) - https:\/\/yoast.com\/product\/yoast-seo-premium-wordpress\/ -->\n<title>Ra\u00fal Vald\u00e9s lidera el primer triunfo de RD en el Preol\u00edmpico - Rep. Dominicana | Noti-America.com<\/title>\n<meta name=\"robots\" content=\"index, follow, max-snippet:-1, max-image-preview:large, max-video-preview:-1\" \/>\n<link rel=\"canonical\" href=\"https:\/\/noti-america.com\/site\/repdom\/2021\/06\/01\/raul-valdes-lidera-el-primer-triunfo-de-rd-en-el-preolimpico\/\" \/>\n<meta property=\"og:locale\" content=\"es_ES\" \/>\n<meta property=\"og:type\" content=\"article\" \/>\n<meta property=\"og:title\" content=\"Ra\u00fal Vald\u00e9s lidera el primer triunfo de RD en el Preol\u00edmpico\" \/>\n<meta property=\"og:description\" content=\"PORT ST.\u00a0LUCIE, Florida &#8211; Una magn\u00edfica labor de Ra\u00fal Vald\u00e9s gui\u00f3 a la Rep\u00fablica Dominicana a un triunfo por 5-2 sobre Puerto Rico, en partido celebrado este lunes en el Clover Park correspondiente al&#046;&#046;&#046;\" \/>\n<meta property=\"og:url\" content=\"https:\/\/noti-america.com\/site\/repdom\/2021\/06\/01\/raul-valdes-lidera-el-primer-triunfo-de-rd-en-el-preolimpico\/\" \/>\n<meta property=\"og:site_name\" content=\"Rep. Dominicana | Noti-America.com\" \/>\n<meta property=\"article:published_time\" content=\"2021-06-01T12:48:07+00:00\" \/>\n<meta property=\"og:image\" content=\"https:\/\/noti-america.com\/site\/repdom\/wp-content\/uploads\/sites\/6\/2021\/06\/Rau\u0301l-Valde\u0301s.jpg\" \/>\n\t<meta property=\"og:image:width\" content=\"853\" \/>\n\t<meta property=\"og:image:height\" content=\"1280\" \/>\n\t<meta property=\"og:image:type\" content=\"image\/jpeg\" \/>\n<meta name=\"author\" content=\"Ad\u00e1n Soriano\" \/>\n<meta name=\"twitter:card\" content=\"summary_large_image\" \/>\n<meta name=\"twitter:creator\" content=\"@adansoriano\" \/>\n<meta name=\"twitter:label1\" content=\"Escrito por\" \/>\n\t<meta name=\"twitter:data1\" content=\"Ad\u00e1n Soriano\" \/>\n\t<meta name=\"twitter:label2\" content=\"Tiempo estimado de lectura\" \/>\n\t<meta name=\"twitter:data2\" content=\"2 minutos\" \/>\n<script type=\"application\/ld+json\" class=\"yoast-schema-graph\">{\"@context\":\"https:\/\/schema.org\",\"@graph\":[{\"@type\":\"Article\",\"@id\":\"https:\/\/noti-america.com\/site\/repdom\/2021\/06\/01\/raul-valdes-lidera-el-primer-triunfo-de-rd-en-el-preolimpico\/#article\",\"isPartOf\":{\"@id\":\"https:\/\/noti-america.com\/site\/repdom\/2021\/06\/01\/raul-valdes-lidera-el-primer-triunfo-de-rd-en-el-preolimpico\/\"},\"author\":{\"name\":\"Ad\u00e1n Soriano\",\"@id\":\"https:\/\/noti-america.com\/site\/repdom\/#\/schema\/person\/fd0092c1530d275fabaa5cffcbc2b976\"},\"headline\":\"Ra\u00fal Vald\u00e9s lidera el primer triunfo de RD en el Preol\u00edmpico\",\"datePublished\":\"2021-06-01T12:48:07+00:00\",\"mainEntityOfPage\":{\"@id\":\"https:\/\/noti-america.com\/site\/repdom\/2021\/06\/01\/raul-valdes-lidera-el-primer-triunfo-de-rd-en-el-preolimpico\/\"},\"wordCount\":439,\"commentCount\":0,\"publisher\":{\"@id\":\"https:\/\/noti-america.com\/site\/repdom\/#organization\"},\"image\":{\"@id\":\"https:\/\/noti-america.com\/site\/repdom\/2021\/06\/01\/raul-valdes-lidera-el-primer-triunfo-de-rd-en-el-preolimpico\/#primaryimage\"},\"thumbnailUrl\":\"https:\/\/noti-america.com\/site\/repdom\/wp-content\/uploads\/sites\/6\/2021\/06\/Rau\u0301l-Valde\u0301s.jpg\",\"keywords\":[\"Juegos Ol\u00edmpicos Tokio 2020\",\"Peloteros Dominicanos\",\"Preol\u00edmpico de B\u00e9isbol de Am\u00e9rica\",\"Ra\u00fal Vald\u00e9s\"],\"articleSection\":[\"Deportes\"],\"inLanguage\":\"es\",\"potentialAction\":[{\"@type\":\"CommentAction\",\"name\":\"Comment\",\"target\":[\"https:\/\/noti-america.com\/site\/repdom\/2021\/06\/01\/raul-valdes-lidera-el-primer-triunfo-de-rd-en-el-preolimpico\/#respond\"]}]},{\"@type\":\"WebPage\",\"@id\":\"https:\/\/noti-america.com\/site\/repdom\/2021\/06\/01\/raul-valdes-lidera-el-primer-triunfo-de-rd-en-el-preolimpico\/\",\"url\":\"https:\/\/noti-america.com\/site\/repdom\/2021\/06\/01\/raul-valdes-lidera-el-primer-triunfo-de-rd-en-el-preolimpico\/\",\"name\":\"Ra\u00fal Vald\u00e9s lidera el primer triunfo de RD en el Preol\u00edmpico - Rep. Dominicana | Noti-America.com\",\"isPartOf\":{\"@id\":\"https:\/\/noti-america.com\/site\/repdom\/#website\"},\"primaryImageOfPage\":{\"@id\":\"https:\/\/noti-america.com\/site\/repdom\/2021\/06\/01\/raul-valdes-lidera-el-primer-triunfo-de-rd-en-el-preolimpico\/#primaryimage\"},\"image\":{\"@id\":\"https:\/\/noti-america.com\/site\/repdom\/2021\/06\/01\/raul-valdes-lidera-el-primer-triunfo-de-rd-en-el-preolimpico\/#primaryimage\"},\"thumbnailUrl\":\"https:\/\/noti-america.com\/site\/repdom\/wp-content\/uploads\/sites\/6\/2021\/06\/Rau\u0301l-Valde\u0301s.jpg\",\"datePublished\":\"2021-06-01T12:48:07+00:00\",\"breadcrumb\":{\"@id\":\"https:\/\/noti-america.com\/site\/repdom\/2021\/06\/01\/raul-valdes-lidera-el-primer-triunfo-de-rd-en-el-preolimpico\/#breadcrumb\"},\"inLanguage\":\"es\",\"potentialAction\":[{\"@type\":\"ReadAction\",\"target\":[\"https:\/\/noti-america.com\/site\/repdom\/2021\/06\/01\/raul-valdes-lidera-el-primer-triunfo-de-rd-en-el-preolimpico\/\"]}]},{\"@type\":\"ImageObject\",\"inLanguage\":\"es\",\"@id\":\"https:\/\/noti-america.com\/site\/repdom\/2021\/06\/01\/raul-valdes-lidera-el-primer-triunfo-de-rd-en-el-preolimpico\/#primaryimage\",\"url\":\"https:\/\/noti-america.com\/site\/repdom\/wp-content\/uploads\/sites\/6\/2021\/06\/Rau\u0301l-Valde\u0301s.jpg\",\"contentUrl\":\"https:\/\/noti-america.com\/site\/repdom\/wp-content\/uploads\/sites\/6\/2021\/06\/Rau\u0301l-Valde\u0301s.jpg\",\"width\":853,\"height\":1280},{\"@type\":\"BreadcrumbList\",\"@id\":\"https:\/\/noti-america.com\/site\/repdom\/2021\/06\/01\/raul-valdes-lidera-el-primer-triunfo-de-rd-en-el-preolimpico\/#breadcrumb\",\"itemListElement\":[{\"@type\":\"ListItem\",\"position\":1,\"name\":\"Portada\",\"item\":\"https:\/\/noti-america.com\/site\/repdom\/\"},{\"@type\":\"ListItem\",\"position\":2,\"name\":\"Ra\u00fal Vald\u00e9s lidera el primer triunfo de RD en el Preol\u00edmpico\"}]},{\"@type\":\"WebSite\",\"@id\":\"https:\/\/noti-america.com\/site\/repdom\/#website\",\"url\":\"https:\/\/noti-america.com\/site\/repdom\/\",\"name\":\"Rep. Dominicana | Noti-America.com\",\"description\":\"\",\"publisher\":{\"@id\":\"https:\/\/noti-america.com\/site\/repdom\/#organization\"},\"potentialAction\":[{\"@type\":\"SearchAction\",\"target\":{\"@type\":\"EntryPoint\",\"urlTemplate\":\"https:\/\/noti-america.com\/site\/repdom\/?s={search_term_string}\"},\"query-input\":{\"@type\":\"PropertyValueSpecification\",\"valueRequired\":true,\"valueName\":\"search_term_string\"}}],\"inLanguage\":\"es\"},{\"@type\":\"Organization\",\"@id\":\"https:\/\/noti-america.com\/site\/repdom\/#organization\",\"name\":\"Noti-America LLC | Rep\u00fablica Dominicana\",\"url\":\"https:\/\/noti-america.com\/site\/repdom\/\",\"logo\":{\"@type\":\"ImageObject\",\"inLanguage\":\"es\",\"@id\":\"https:\/\/noti-america.com\/site\/repdom\/#\/schema\/logo\/image\/\",\"url\":\"https:\/\/noti-america.com\/site\/repdom\/wp-content\/uploads\/sites\/6\/2020\/07\/LogoNA-4x3-1.jpg\",\"contentUrl\":\"https:\/\/noti-america.com\/site\/repdom\/wp-content\/uploads\/sites\/6\/2020\/07\/LogoNA-4x3-1.jpg\",\"width\":1236,\"height\":1080,\"caption\":\"Noti-America LLC | Rep\u00fablica Dominicana\"},\"image\":{\"@id\":\"https:\/\/noti-america.com\/site\/repdom\/#\/schema\/logo\/image\/\"}},{\"@type\":\"Person\",\"@id\":\"https:\/\/noti-america.com\/site\/repdom\/#\/schema\/person\/fd0092c1530d275fabaa5cffcbc2b976\",\"name\":\"Ad\u00e1n Soriano\",\"image\":{\"@type\":\"ImageObject\",\"inLanguage\":\"es\",\"@id\":\"https:\/\/secure.gravatar.com\/avatar\/ecf97ff3aee7ff9efdae670d7e976f3e7e8acc1077e510d73707999a8bfd4467?s=96&d=mm&r=g\",\"url\":\"https:\/\/secure.gravatar.com\/avatar\/ecf97ff3aee7ff9efdae670d7e976f3e7e8acc1077e510d73707999a8bfd4467?s=96&d=mm&r=g\",\"contentUrl\":\"https:\/\/secure.gravatar.com\/avatar\/ecf97ff3aee7ff9efdae670d7e976f3e7e8acc1077e510d73707999a8bfd4467?s=96&d=mm&r=g\",\"caption\":\"Ad\u00e1n Soriano\"},\"description\":\"Soy cronista deportivo con 10 a\u00f1os de experiencia en varios espacios, y conduzco el podcast deportivo llamado Mezcla Deportiva\",\"sameAs\":[\"https:\/\/x.com\/adansoriano\"],\"url\":\"https:\/\/noti-america.com\/site\/repdom\/author\/asoriano\/\"}]}<\/script>\n<!-- \/ Yoast SEO Premium plugin. -->","yoast_head_json":{"title":"Ra\u00fal Vald\u00e9s lidera el primer triunfo de RD en el Preol\u00edmpico - Rep. Dominicana | Noti-America.com","robots":{"index":"index","follow":"follow","max-snippet":"max-snippet:-1","max-image-preview":"max-image-preview:large","max-video-preview":"max-video-preview:-1"},"canonical":"https:\/\/noti-america.com\/site\/repdom\/2021\/06\/01\/raul-valdes-lidera-el-primer-triunfo-de-rd-en-el-preolimpico\/","og_locale":"es_ES","og_type":"article","og_title":"Ra\u00fal Vald\u00e9s lidera el primer triunfo de RD en el Preol\u00edmpico","og_description":"PORT ST.\u00a0LUCIE, Florida &#8211; Una magn\u00edfica labor de Ra\u00fal Vald\u00e9s gui\u00f3 a la Rep\u00fablica Dominicana a un triunfo por 5-2 sobre Puerto Rico, en partido celebrado este lunes en el Clover Park correspondiente al&#46;&#46;&#46;","og_url":"https:\/\/noti-america.com\/site\/repdom\/2021\/06\/01\/raul-valdes-lidera-el-primer-triunfo-de-rd-en-el-preolimpico\/","og_site_name":"Rep. Dominicana | Noti-America.com","article_published_time":"2021-06-01T12:48:07+00:00","og_image":[{"width":853,"height":1280,"url":"https:\/\/noti-america.com\/site\/repdom\/wp-content\/uploads\/sites\/6\/2021\/06\/Rau\u0301l-Valde\u0301s.jpg","type":"image\/jpeg"}],"author":"Ad\u00e1n Soriano","twitter_card":"summary_large_image","twitter_creator":"@adansoriano","twitter_misc":{"Escrito por":"Ad\u00e1n Soriano","Tiempo estimado de lectura":"2 minutos"},"schema":{"@context":"https:\/\/schema.org","@graph":[{"@type":"Article","@id":"https:\/\/noti-america.com\/site\/repdom\/2021\/06\/01\/raul-valdes-lidera-el-primer-triunfo-de-rd-en-el-preolimpico\/#article","isPartOf":{"@id":"https:\/\/noti-america.com\/site\/repdom\/2021\/06\/01\/raul-valdes-lidera-el-primer-triunfo-de-rd-en-el-preolimpico\/"},"author":{"name":"Ad\u00e1n Soriano","@id":"https:\/\/noti-america.com\/site\/repdom\/#\/schema\/person\/fd0092c1530d275fabaa5cffcbc2b976"},"headline":"Ra\u00fal Vald\u00e9s lidera el primer triunfo de RD en el Preol\u00edmpico","datePublished":"2021-06-01T12:48:07+00:00","mainEntityOfPage":{"@id":"https:\/\/noti-america.com\/site\/repdom\/2021\/06\/01\/raul-valdes-lidera-el-primer-triunfo-de-rd-en-el-preolimpico\/"},"wordCount":439,"commentCount":0,"publisher":{"@id":"https:\/\/noti-america.com\/site\/repdom\/#organization"},"image":{"@id":"https:\/\/noti-america.com\/site\/repdom\/2021\/06\/01\/raul-valdes-lidera-el-primer-triunfo-de-rd-en-el-preolimpico\/#primaryimage"},"thumbnailUrl":"https:\/\/noti-america.com\/site\/repdom\/wp-content\/uploads\/sites\/6\/2021\/06\/Rau\u0301l-Valde\u0301s.jpg","keywords":["Juegos Ol\u00edmpicos Tokio 2020","Peloteros Dominicanos","Preol\u00edmpico de B\u00e9isbol de Am\u00e9rica","Ra\u00fal Vald\u00e9s"],"articleSection":["Deportes"],"inLanguage":"es","potentialAction":[{"@type":"CommentAction","name":"Comment","target":["https:\/\/noti-america.com\/site\/repdom\/2021\/06\/01\/raul-valdes-lidera-el-primer-triunfo-de-rd-en-el-preolimpico\/#respond"]}]},{"@type":"WebPage","@id":"https:\/\/noti-america.com\/site\/repdom\/2021\/06\/01\/raul-valdes-lidera-el-primer-triunfo-de-rd-en-el-preolimpico\/","url":"https:\/\/noti-america.com\/site\/repdom\/2021\/06\/01\/raul-valdes-lidera-el-primer-triunfo-de-rd-en-el-preolimpico\/","name":"Ra\u00fal Vald\u00e9s lidera el primer triunfo de RD en el Preol\u00edmpico - Rep. Dominicana | Noti-America.com","isPartOf":{"@id":"https:\/\/noti-america.com\/site\/repdom\/#website"},"primaryImageOfPage":{"@id":"https:\/\/noti-america.com\/site\/repdom\/2021\/06\/01\/raul-valdes-lidera-el-primer-triunfo-de-rd-en-el-preolimpico\/#primaryimage"},"image":{"@id":"https:\/\/noti-america.com\/site\/repdom\/2021\/06\/01\/raul-valdes-lidera-el-primer-triunfo-de-rd-en-el-preolimpico\/#primaryimage"},"thumbnailUrl":"https:\/\/noti-america.com\/site\/repdom\/wp-content\/uploads\/sites\/6\/2021\/06\/Rau\u0301l-Valde\u0301s.jpg","datePublished":"2021-06-01T12:48:07+00:00","breadcrumb":{"@id":"https:\/\/noti-america.com\/site\/repdom\/2021\/06\/01\/raul-valdes-lidera-el-primer-triunfo-de-rd-en-el-preolimpico\/#breadcrumb"},"inLanguage":"es","potentialAction":[{"@type":"ReadAction","target":["https:\/\/noti-america.com\/site\/repdom\/2021\/06\/01\/raul-valdes-lidera-el-primer-triunfo-de-rd-en-el-preolimpico\/"]}]},{"@type":"ImageObject","inLanguage":"es","@id":"https:\/\/noti-america.com\/site\/repdom\/2021\/06\/01\/raul-valdes-lidera-el-primer-triunfo-de-rd-en-el-preolimpico\/#primaryimage","url":"https:\/\/noti-america.com\/site\/repdom\/wp-content\/uploads\/sites\/6\/2021\/06\/Rau\u0301l-Valde\u0301s.jpg","contentUrl":"https:\/\/noti-america.com\/site\/repdom\/wp-content\/uploads\/sites\/6\/2021\/06\/Rau\u0301l-Valde\u0301s.jpg","width":853,"height":1280},{"@type":"BreadcrumbList","@id":"https:\/\/noti-america.com\/site\/repdom\/2021\/06\/01\/raul-valdes-lidera-el-primer-triunfo-de-rd-en-el-preolimpico\/#breadcrumb","itemListElement":[{"@type":"ListItem","position":1,"name":"Portada","item":"https:\/\/noti-america.com\/site\/repdom\/"},{"@type":"ListItem","position":2,"name":"Ra\u00fal Vald\u00e9s lidera el primer triunfo de RD en el Preol\u00edmpico"}]},{"@type":"WebSite","@id":"https:\/\/noti-america.com\/site\/repdom\/#website","url":"https:\/\/noti-america.com\/site\/repdom\/","name":"Rep. Dominicana | Noti-America.com","description":"","publisher":{"@id":"https:\/\/noti-america.com\/site\/repdom\/#organization"},"potentialAction":[{"@type":"SearchAction","target":{"@type":"EntryPoint","urlTemplate":"https:\/\/noti-america.com\/site\/repdom\/?s={search_term_string}"},"query-input":{"@type":"PropertyValueSpecification","valueRequired":true,"valueName":"search_term_string"}}],"inLanguage":"es"},{"@type":"Organization","@id":"https:\/\/noti-america.com\/site\/repdom\/#organization","name":"Noti-America LLC | Rep\u00fablica Dominicana","url":"https:\/\/noti-america.com\/site\/repdom\/","logo":{"@type":"ImageObject","inLanguage":"es","@id":"https:\/\/noti-america.com\/site\/repdom\/#\/schema\/logo\/image\/","url":"https:\/\/noti-america.com\/site\/repdom\/wp-content\/uploads\/sites\/6\/2020\/07\/LogoNA-4x3-1.jpg","contentUrl":"https:\/\/noti-america.com\/site\/repdom\/wp-content\/uploads\/sites\/6\/2020\/07\/LogoNA-4x3-1.jpg","width":1236,"height":1080,"caption":"Noti-America LLC | Rep\u00fablica Dominicana"},"image":{"@id":"https:\/\/noti-america.com\/site\/repdom\/#\/schema\/logo\/image\/"}},{"@type":"Person","@id":"https:\/\/noti-america.com\/site\/repdom\/#\/schema\/person\/fd0092c1530d275fabaa5cffcbc2b976","name":"Ad\u00e1n Soriano","image":{"@type":"ImageObject","inLanguage":"es","@id":"https:\/\/secure.gravatar.com\/avatar\/ecf97ff3aee7ff9efdae670d7e976f3e7e8acc1077e510d73707999a8bfd4467?s=96&d=mm&r=g","url":"https:\/\/secure.gravatar.com\/avatar\/ecf97ff3aee7ff9efdae670d7e976f3e7e8acc1077e510d73707999a8bfd4467?s=96&d=mm&r=g","contentUrl":"https:\/\/secure.gravatar.com\/avatar\/ecf97ff3aee7ff9efdae670d7e976f3e7e8acc1077e510d73707999a8bfd4467?s=96&d=mm&r=g","caption":"Ad\u00e1n Soriano"},"description":"Soy cronista deportivo con 10 a\u00f1os de experiencia en varios espacios, y conduzco el podcast deportivo llamado Mezcla Deportiva","sameAs":["https:\/\/x.com\/adansoriano"],"url":"https:\/\/noti-america.com\/site\/repdom\/author\/asoriano\/"}]}},"_links":{"self":[{"href":"https:\/\/noti-america.com\/site\/repdom\/wp-json\/wp\/v2\/posts\/10732","targetHints":{"allow":["GET"]}}],"collection":[{"href":"https:\/\/noti-america.com\/site\/repdom\/wp-json\/wp\/v2\/posts"}],"about":[{"href":"https:\/\/noti-america.com\/site\/repdom\/wp-json\/wp\/v2\/types\/post"}],"author":[{"embeddable":true,"href":"https:\/\/noti-america.com\/site\/repdom\/wp-json\/wp\/v2\/users\/89"}],"replies":[{"embeddable":true,"href":"https:\/\/noti-america.com\/site\/repdom\/wp-json\/wp\/v2\/comments?post=10732"}],"version-history":[{"count":1,"href":"https:\/\/noti-america.com\/site\/repdom\/wp-json\/wp\/v2\/posts\/10732\/revisions"}],"predecessor-version":[{"id":10734,"href":"https:\/\/noti-america.com\/site\/repdom\/wp-json\/wp\/v2\/posts\/10732\/revisions\/10734"}],"wp:featuredmedia":[{"embeddable":true,"href":"https:\/\/noti-america.com\/site\/repdom\/wp-json\/wp\/v2\/media\/10733"}],"wp:attachment":[{"href":"https:\/\/noti-america.com\/site\/repdom\/wp-json\/wp\/v2\/media?parent=10732"}],"wp:term":[{"taxonomy":"category","embeddable":true,"href":"https:\/\/noti-america.com\/site\/repdom\/wp-json\/wp\/v2\/categories?post=10732"},{"taxonomy":"post_tag","embeddable":true,"href":"https:\/\/noti-america.com\/site\/repdom\/wp-json\/wp\/v2\/tags?post=10732"}],"curies":[{"name":"wp","href":"https:\/\/api.w.org\/{rel}","templated":true}]}}