{"id":10574,"date":"2021-05-24T12:35:11","date_gmt":"2021-05-24T12:35:11","guid":{"rendered":"https:\/\/noti-america.com\/site\/repdom\/?p=10574"},"modified":"2021-05-24T12:35:11","modified_gmt":"2021-05-24T12:35:11","slug":"falla-en-pista-del-aila-fue-provocada-por-acto-vandalico-2","status":"publish","type":"post","link":"https:\/\/noti-america.com\/site\/repdom\/2021\/05\/24\/falla-en-pista-del-aila-fue-provocada-por-acto-vandalico-2\/","title":{"rendered":"Falla en pista del Aila fue provocada por acto vand\u00e1lico"},"content":{"rendered":"<p>&nbsp;<\/p>\n<p><img loading=\"lazy\" decoding=\"async\" class=\"alignnone size-medium wp-image-10575\" src=\"https:\/\/noti-america.com\/site\/repdom\/wp-content\/uploads\/sites\/6\/2021\/05\/whatsapp-image-2021-05-24-at-7-43-25-am_16459262_20210524080601-300x192.jpg\" alt=\"\" width=\"300\" height=\"192\" srcset=\"https:\/\/noti-america.com\/site\/repdom\/wp-content\/uploads\/sites\/6\/2021\/05\/whatsapp-image-2021-05-24-at-7-43-25-am_16459262_20210524080601-300x192.jpg 300w, https:\/\/noti-america.com\/site\/repdom\/wp-content\/uploads\/sites\/6\/2021\/05\/whatsapp-image-2021-05-24-at-7-43-25-am_16459262_20210524080601.jpg 546w\" sizes=\"auto, (max-width: 300px) 100vw, 300px\" \/><\/p>\n<p><strong>Noti-America Republica Dominicana<\/strong><\/p>\n<p>La vicepresidenta de la Rep\u00fablica, Raquel Pe\u00f1a anunci\u00f3 este lunes que el mal funcionamiento de la pista del Aeropuerto Internacional Las Am\u00e9ricas (Aila) fue provocado por actos vand\u00e1licos.<\/p>\n<p>Pe\u00f1a public\u00f3 en Twitter que \u00abla investigaci\u00f3n realizada por el Cuerpo Especializado en Seguridad Aeroportuaria y de la Aviaci\u00f3n Civil (Cesac) confirm\u00f3 que un acto vand\u00e1lico provoc\u00f3 la salida de servicio de las luces de la pista de aterrizaje del Aeropuerto Internacional Las Am\u00e9ricas (AILA)\u00bb.<\/p>\n<p>La vicepresidenta a\u00f1adi\u00f3 que \u00ablos delincuentes penetraron hasta el per\u00edmetro restringido, cortaron los cables que alimentan las luces de la pista, dej\u00e1ndolos tirados en el \u00e1rea. Las autoridades continuar\u00e1n la investigaci\u00f3n para establecer el m\u00f3vil del acto vand\u00e1lico\u00bb.<\/p>\n<p>Al mismo tiempo, se\u00f1al\u00f3 que \u00abdebido a la intervenci\u00f3n de las autoridades estadounidenses y militares\u00bb se ha restablecido el funcionamiento del Aeropuerto Internacional Las Am\u00e9ricas (AILA) y la investigaci\u00f3n continuar\u00e1 \u00ab.<\/p>\n<p>Debido a problemas en la pista, los tres aviones que volaban hacia Aila fueron desviados. El avi\u00f3n no pudo aterrizar debido a un problema con las luces de la pista de la terminal. El aeropuerto dominicano Siglo XXI (aeropuerto) dijo que los aviones aterrizaron en el \u00abaeropuerto de reserva\u00bb. Hubo cuatro vuelos afectados, pero se inform\u00f3 de tres por primera vez.<\/p>\n<p>\u201cEl de San Juan, regres\u00f3 a San Juan, el de Jet Blue aterriz\u00f3 en Santiago (Aeropuerto del Cibao); el de Iberia (Madrid) se fue a Punta Cana\u201d, dijo Luis Jos\u00e9 L\u00f3pez Mena, director de Comunicaciones de la entidad.<\/p>\n<p>&nbsp;<\/p>\n<p>&nbsp;<\/p>\n<p>&nbsp;<\/p>\n<p>&nbsp;<\/p>\n<p>&nbsp;<\/p>\n<p>Fuente DL.<\/p>\n<p>&nbsp;<\/p>\n<p>&nbsp;<\/p>\n","protected":false},"excerpt":{"rendered":"<p>&nbsp; Noti-America Republica Dominicana La vicepresidenta de la Rep\u00fablica, Raquel Pe\u00f1a anunci\u00f3 este lunes que el mal funcionamiento de la pista del Aeropuerto Internacional Las Am\u00e9ricas (Aila) fue provocado por actos vand\u00e1licos. Pe\u00f1a public\u00f3&#46;&#46;&#46;<\/p>\n","protected":false},"author":96,"featured_media":10575,"comment_status":"open","ping_status":"open","sticky":false,"template":"","format":"standard","meta":{"_acf_changed":false,"rop_custom_images_group":[],"rop_custom_messages_group":[],"rop_publish_now":"initial","rop_publish_now_accounts":[],"rop_publish_now_history":[],"rop_publish_now_status":"pending","footnotes":""},"categories":[105],"tags":[],"class_list":["post-10574","post","type-post","status-publish","format-standard","has-post-thumbnail","hentry","category-noticias"],"acf":[],"yoast_head":"<!-- This site is optimized with the Yoast SEO Premium plugin v24.9 (Yoast SEO v27.2) - https:\/\/yoast.com\/product\/yoast-seo-premium-wordpress\/ -->\n<title>Falla en pista del Aila fue provocada por acto vand\u00e1lico - Rep. Dominicana | Noti-America.com<\/title>\n<meta name=\"robots\" content=\"index, follow, max-snippet:-1, max-image-preview:large, max-video-preview:-1\" \/>\n<link rel=\"canonical\" href=\"https:\/\/noti-america.com\/site\/repdom\/2021\/05\/24\/falla-en-pista-del-aila-fue-provocada-por-acto-vandalico-2\/\" \/>\n<meta property=\"og:locale\" content=\"es_ES\" \/>\n<meta property=\"og:type\" content=\"article\" \/>\n<meta property=\"og:title\" content=\"Falla en pista del Aila fue provocada por acto vand\u00e1lico\" \/>\n<meta property=\"og:description\" content=\"&nbsp; Noti-America Republica Dominicana La vicepresidenta de la Rep\u00fablica, Raquel Pe\u00f1a anunci\u00f3 este lunes que el mal funcionamiento de la pista del Aeropuerto Internacional Las Am\u00e9ricas (Aila) fue provocado por actos vand\u00e1licos. Pe\u00f1a public\u00f3&#046;&#046;&#046;\" \/>\n<meta property=\"og:url\" content=\"https:\/\/noti-america.com\/site\/repdom\/2021\/05\/24\/falla-en-pista-del-aila-fue-provocada-por-acto-vandalico-2\/\" \/>\n<meta property=\"og:site_name\" content=\"Rep. Dominicana | Noti-America.com\" \/>\n<meta property=\"article:author\" content=\"https:\/\/www.facebook.com\/share\/1HVE1qCqVk\/?mibextid=wwXIfr\" \/>\n<meta property=\"article:published_time\" content=\"2021-05-24T12:35:11+00:00\" \/>\n<meta property=\"og:image\" content=\"https:\/\/noti-america.com\/site\/repdom\/wp-content\/uploads\/sites\/6\/2021\/05\/whatsapp-image-2021-05-24-at-7-43-25-am_16459262_20210524080601.jpg\" \/>\n\t<meta property=\"og:image:width\" content=\"546\" \/>\n\t<meta property=\"og:image:height\" content=\"350\" \/>\n\t<meta property=\"og:image:type\" content=\"image\/jpeg\" \/>\n<meta name=\"author\" content=\"Miguel Ramirez\" \/>\n<meta name=\"twitter:card\" content=\"summary_large_image\" \/>\n<meta name=\"twitter:label1\" content=\"Escrito por\" \/>\n\t<meta name=\"twitter:data1\" content=\"Miguel Ramirez\" \/>\n\t<meta name=\"twitter:label2\" content=\"Tiempo estimado de lectura\" \/>\n\t<meta name=\"twitter:data2\" content=\"1 minuto\" \/>\n<script type=\"application\/ld+json\" class=\"yoast-schema-graph\">{\"@context\":\"https:\/\/schema.org\",\"@graph\":[{\"@type\":\"Article\",\"@id\":\"https:\/\/noti-america.com\/site\/repdom\/2021\/05\/24\/falla-en-pista-del-aila-fue-provocada-por-acto-vandalico-2\/#article\",\"isPartOf\":{\"@id\":\"https:\/\/noti-america.com\/site\/repdom\/2021\/05\/24\/falla-en-pista-del-aila-fue-provocada-por-acto-vandalico-2\/\"},\"author\":{\"name\":\"Miguel Ramirez\",\"@id\":\"https:\/\/noti-america.com\/site\/repdom\/#\/schema\/person\/8027db7d71a0328e6e4474fa188c6fb3\"},\"headline\":\"Falla en pista del Aila fue provocada por acto vand\u00e1lico\",\"datePublished\":\"2021-05-24T12:35:11+00:00\",\"mainEntityOfPage\":{\"@id\":\"https:\/\/noti-america.com\/site\/repdom\/2021\/05\/24\/falla-en-pista-del-aila-fue-provocada-por-acto-vandalico-2\/\"},\"wordCount\":286,\"commentCount\":0,\"publisher\":{\"@id\":\"https:\/\/noti-america.com\/site\/repdom\/#organization\"},\"image\":{\"@id\":\"https:\/\/noti-america.com\/site\/repdom\/2021\/05\/24\/falla-en-pista-del-aila-fue-provocada-por-acto-vandalico-2\/#primaryimage\"},\"thumbnailUrl\":\"https:\/\/noti-america.com\/site\/repdom\/wp-content\/uploads\/sites\/6\/2021\/05\/whatsapp-image-2021-05-24-at-7-43-25-am_16459262_20210524080601.jpg\",\"articleSection\":[\"Noticias\"],\"inLanguage\":\"es\",\"potentialAction\":[{\"@type\":\"CommentAction\",\"name\":\"Comment\",\"target\":[\"https:\/\/noti-america.com\/site\/repdom\/2021\/05\/24\/falla-en-pista-del-aila-fue-provocada-por-acto-vandalico-2\/#respond\"]}]},{\"@type\":\"WebPage\",\"@id\":\"https:\/\/noti-america.com\/site\/repdom\/2021\/05\/24\/falla-en-pista-del-aila-fue-provocada-por-acto-vandalico-2\/\",\"url\":\"https:\/\/noti-america.com\/site\/repdom\/2021\/05\/24\/falla-en-pista-del-aila-fue-provocada-por-acto-vandalico-2\/\",\"name\":\"Falla en pista del Aila fue provocada por acto vand\u00e1lico - Rep. Dominicana | Noti-America.com\",\"isPartOf\":{\"@id\":\"https:\/\/noti-america.com\/site\/repdom\/#website\"},\"primaryImageOfPage\":{\"@id\":\"https:\/\/noti-america.com\/site\/repdom\/2021\/05\/24\/falla-en-pista-del-aila-fue-provocada-por-acto-vandalico-2\/#primaryimage\"},\"image\":{\"@id\":\"https:\/\/noti-america.com\/site\/repdom\/2021\/05\/24\/falla-en-pista-del-aila-fue-provocada-por-acto-vandalico-2\/#primaryimage\"},\"thumbnailUrl\":\"https:\/\/noti-america.com\/site\/repdom\/wp-content\/uploads\/sites\/6\/2021\/05\/whatsapp-image-2021-05-24-at-7-43-25-am_16459262_20210524080601.jpg\",\"datePublished\":\"2021-05-24T12:35:11+00:00\",\"breadcrumb\":{\"@id\":\"https:\/\/noti-america.com\/site\/repdom\/2021\/05\/24\/falla-en-pista-del-aila-fue-provocada-por-acto-vandalico-2\/#breadcrumb\"},\"inLanguage\":\"es\",\"potentialAction\":[{\"@type\":\"ReadAction\",\"target\":[\"https:\/\/noti-america.com\/site\/repdom\/2021\/05\/24\/falla-en-pista-del-aila-fue-provocada-por-acto-vandalico-2\/\"]}]},{\"@type\":\"ImageObject\",\"inLanguage\":\"es\",\"@id\":\"https:\/\/noti-america.com\/site\/repdom\/2021\/05\/24\/falla-en-pista-del-aila-fue-provocada-por-acto-vandalico-2\/#primaryimage\",\"url\":\"https:\/\/noti-america.com\/site\/repdom\/wp-content\/uploads\/sites\/6\/2021\/05\/whatsapp-image-2021-05-24-at-7-43-25-am_16459262_20210524080601.jpg\",\"contentUrl\":\"https:\/\/noti-america.com\/site\/repdom\/wp-content\/uploads\/sites\/6\/2021\/05\/whatsapp-image-2021-05-24-at-7-43-25-am_16459262_20210524080601.jpg\",\"width\":546,\"height\":350},{\"@type\":\"BreadcrumbList\",\"@id\":\"https:\/\/noti-america.com\/site\/repdom\/2021\/05\/24\/falla-en-pista-del-aila-fue-provocada-por-acto-vandalico-2\/#breadcrumb\",\"itemListElement\":[{\"@type\":\"ListItem\",\"position\":1,\"name\":\"Portada\",\"item\":\"https:\/\/noti-america.com\/site\/repdom\/\"},{\"@type\":\"ListItem\",\"position\":2,\"name\":\"Falla en pista del Aila fue provocada por acto vand\u00e1lico\"}]},{\"@type\":\"WebSite\",\"@id\":\"https:\/\/noti-america.com\/site\/repdom\/#website\",\"url\":\"https:\/\/noti-america.com\/site\/repdom\/\",\"name\":\"Rep. Dominicana | Noti-America.com\",\"description\":\"\",\"publisher\":{\"@id\":\"https:\/\/noti-america.com\/site\/repdom\/#organization\"},\"potentialAction\":[{\"@type\":\"SearchAction\",\"target\":{\"@type\":\"EntryPoint\",\"urlTemplate\":\"https:\/\/noti-america.com\/site\/repdom\/?s={search_term_string}\"},\"query-input\":{\"@type\":\"PropertyValueSpecification\",\"valueRequired\":true,\"valueName\":\"search_term_string\"}}],\"inLanguage\":\"es\"},{\"@type\":\"Organization\",\"@id\":\"https:\/\/noti-america.com\/site\/repdom\/#organization\",\"name\":\"Noti-America LLC | Rep\u00fablica Dominicana\",\"url\":\"https:\/\/noti-america.com\/site\/repdom\/\",\"logo\":{\"@type\":\"ImageObject\",\"inLanguage\":\"es\",\"@id\":\"https:\/\/noti-america.com\/site\/repdom\/#\/schema\/logo\/image\/\",\"url\":\"https:\/\/noti-america.com\/site\/repdom\/wp-content\/uploads\/sites\/6\/2020\/07\/LogoNA-4x3-1.jpg\",\"contentUrl\":\"https:\/\/noti-america.com\/site\/repdom\/wp-content\/uploads\/sites\/6\/2020\/07\/LogoNA-4x3-1.jpg\",\"width\":1236,\"height\":1080,\"caption\":\"Noti-America LLC | Rep\u00fablica Dominicana\"},\"image\":{\"@id\":\"https:\/\/noti-america.com\/site\/repdom\/#\/schema\/logo\/image\/\"}},{\"@type\":\"Person\",\"@id\":\"https:\/\/noti-america.com\/site\/repdom\/#\/schema\/person\/8027db7d71a0328e6e4474fa188c6fb3\",\"name\":\"Miguel Ramirez\",\"image\":{\"@type\":\"ImageObject\",\"inLanguage\":\"es\",\"@id\":\"https:\/\/secure.gravatar.com\/avatar\/41a78fb2cdab3e2dc5831d3591f1dab499ed0c22acc464195b09f37c2b3ac2cf?s=96&d=mm&r=g\",\"url\":\"https:\/\/secure.gravatar.com\/avatar\/41a78fb2cdab3e2dc5831d3591f1dab499ed0c22acc464195b09f37c2b3ac2cf?s=96&d=mm&r=g\",\"contentUrl\":\"https:\/\/secure.gravatar.com\/avatar\/41a78fb2cdab3e2dc5831d3591f1dab499ed0c22acc464195b09f37c2b3ac2cf?s=96&d=mm&r=g\",\"caption\":\"Miguel Ramirez\"},\"description\":\"Locutor y periodista digital y coach comunicaci\u00f3n\",\"sameAs\":[\"https:\/\/www.facebook.com\/share\/1HVE1qCqVk\/?mibextid=wwXIfr\"],\"url\":\"https:\/\/noti-america.com\/site\/repdom\/author\/mramirez\/\"}]}<\/script>\n<!-- \/ Yoast SEO Premium plugin. -->","yoast_head_json":{"title":"Falla en pista del Aila fue provocada por acto vand\u00e1lico - Rep. Dominicana | Noti-America.com","robots":{"index":"index","follow":"follow","max-snippet":"max-snippet:-1","max-image-preview":"max-image-preview:large","max-video-preview":"max-video-preview:-1"},"canonical":"https:\/\/noti-america.com\/site\/repdom\/2021\/05\/24\/falla-en-pista-del-aila-fue-provocada-por-acto-vandalico-2\/","og_locale":"es_ES","og_type":"article","og_title":"Falla en pista del Aila fue provocada por acto vand\u00e1lico","og_description":"&nbsp; Noti-America Republica Dominicana La vicepresidenta de la Rep\u00fablica, Raquel Pe\u00f1a anunci\u00f3 este lunes que el mal funcionamiento de la pista del Aeropuerto Internacional Las Am\u00e9ricas (Aila) fue provocado por actos vand\u00e1licos. Pe\u00f1a public\u00f3&#46;&#46;&#46;","og_url":"https:\/\/noti-america.com\/site\/repdom\/2021\/05\/24\/falla-en-pista-del-aila-fue-provocada-por-acto-vandalico-2\/","og_site_name":"Rep. Dominicana | Noti-America.com","article_author":"https:\/\/www.facebook.com\/share\/1HVE1qCqVk\/?mibextid=wwXIfr","article_published_time":"2021-05-24T12:35:11+00:00","og_image":[{"width":546,"height":350,"url":"https:\/\/noti-america.com\/site\/repdom\/wp-content\/uploads\/sites\/6\/2021\/05\/whatsapp-image-2021-05-24-at-7-43-25-am_16459262_20210524080601.jpg","type":"image\/jpeg"}],"author":"Miguel Ramirez","twitter_card":"summary_large_image","twitter_misc":{"Escrito por":"Miguel Ramirez","Tiempo estimado de lectura":"1 minuto"},"schema":{"@context":"https:\/\/schema.org","@graph":[{"@type":"Article","@id":"https:\/\/noti-america.com\/site\/repdom\/2021\/05\/24\/falla-en-pista-del-aila-fue-provocada-por-acto-vandalico-2\/#article","isPartOf":{"@id":"https:\/\/noti-america.com\/site\/repdom\/2021\/05\/24\/falla-en-pista-del-aila-fue-provocada-por-acto-vandalico-2\/"},"author":{"name":"Miguel Ramirez","@id":"https:\/\/noti-america.com\/site\/repdom\/#\/schema\/person\/8027db7d71a0328e6e4474fa188c6fb3"},"headline":"Falla en pista del Aila fue provocada por acto vand\u00e1lico","datePublished":"2021-05-24T12:35:11+00:00","mainEntityOfPage":{"@id":"https:\/\/noti-america.com\/site\/repdom\/2021\/05\/24\/falla-en-pista-del-aila-fue-provocada-por-acto-vandalico-2\/"},"wordCount":286,"commentCount":0,"publisher":{"@id":"https:\/\/noti-america.com\/site\/repdom\/#organization"},"image":{"@id":"https:\/\/noti-america.com\/site\/repdom\/2021\/05\/24\/falla-en-pista-del-aila-fue-provocada-por-acto-vandalico-2\/#primaryimage"},"thumbnailUrl":"https:\/\/noti-america.com\/site\/repdom\/wp-content\/uploads\/sites\/6\/2021\/05\/whatsapp-image-2021-05-24-at-7-43-25-am_16459262_20210524080601.jpg","articleSection":["Noticias"],"inLanguage":"es","potentialAction":[{"@type":"CommentAction","name":"Comment","target":["https:\/\/noti-america.com\/site\/repdom\/2021\/05\/24\/falla-en-pista-del-aila-fue-provocada-por-acto-vandalico-2\/#respond"]}]},{"@type":"WebPage","@id":"https:\/\/noti-america.com\/site\/repdom\/2021\/05\/24\/falla-en-pista-del-aila-fue-provocada-por-acto-vandalico-2\/","url":"https:\/\/noti-america.com\/site\/repdom\/2021\/05\/24\/falla-en-pista-del-aila-fue-provocada-por-acto-vandalico-2\/","name":"Falla en pista del Aila fue provocada por acto vand\u00e1lico - Rep. Dominicana | Noti-America.com","isPartOf":{"@id":"https:\/\/noti-america.com\/site\/repdom\/#website"},"primaryImageOfPage":{"@id":"https:\/\/noti-america.com\/site\/repdom\/2021\/05\/24\/falla-en-pista-del-aila-fue-provocada-por-acto-vandalico-2\/#primaryimage"},"image":{"@id":"https:\/\/noti-america.com\/site\/repdom\/2021\/05\/24\/falla-en-pista-del-aila-fue-provocada-por-acto-vandalico-2\/#primaryimage"},"thumbnailUrl":"https:\/\/noti-america.com\/site\/repdom\/wp-content\/uploads\/sites\/6\/2021\/05\/whatsapp-image-2021-05-24-at-7-43-25-am_16459262_20210524080601.jpg","datePublished":"2021-05-24T12:35:11+00:00","breadcrumb":{"@id":"https:\/\/noti-america.com\/site\/repdom\/2021\/05\/24\/falla-en-pista-del-aila-fue-provocada-por-acto-vandalico-2\/#breadcrumb"},"inLanguage":"es","potentialAction":[{"@type":"ReadAction","target":["https:\/\/noti-america.com\/site\/repdom\/2021\/05\/24\/falla-en-pista-del-aila-fue-provocada-por-acto-vandalico-2\/"]}]},{"@type":"ImageObject","inLanguage":"es","@id":"https:\/\/noti-america.com\/site\/repdom\/2021\/05\/24\/falla-en-pista-del-aila-fue-provocada-por-acto-vandalico-2\/#primaryimage","url":"https:\/\/noti-america.com\/site\/repdom\/wp-content\/uploads\/sites\/6\/2021\/05\/whatsapp-image-2021-05-24-at-7-43-25-am_16459262_20210524080601.jpg","contentUrl":"https:\/\/noti-america.com\/site\/repdom\/wp-content\/uploads\/sites\/6\/2021\/05\/whatsapp-image-2021-05-24-at-7-43-25-am_16459262_20210524080601.jpg","width":546,"height":350},{"@type":"BreadcrumbList","@id":"https:\/\/noti-america.com\/site\/repdom\/2021\/05\/24\/falla-en-pista-del-aila-fue-provocada-por-acto-vandalico-2\/#breadcrumb","itemListElement":[{"@type":"ListItem","position":1,"name":"Portada","item":"https:\/\/noti-america.com\/site\/repdom\/"},{"@type":"ListItem","position":2,"name":"Falla en pista del Aila fue provocada por acto vand\u00e1lico"}]},{"@type":"WebSite","@id":"https:\/\/noti-america.com\/site\/repdom\/#website","url":"https:\/\/noti-america.com\/site\/repdom\/","name":"Rep. Dominicana | Noti-America.com","description":"","publisher":{"@id":"https:\/\/noti-america.com\/site\/repdom\/#organization"},"potentialAction":[{"@type":"SearchAction","target":{"@type":"EntryPoint","urlTemplate":"https:\/\/noti-america.com\/site\/repdom\/?s={search_term_string}"},"query-input":{"@type":"PropertyValueSpecification","valueRequired":true,"valueName":"search_term_string"}}],"inLanguage":"es"},{"@type":"Organization","@id":"https:\/\/noti-america.com\/site\/repdom\/#organization","name":"Noti-America LLC | Rep\u00fablica Dominicana","url":"https:\/\/noti-america.com\/site\/repdom\/","logo":{"@type":"ImageObject","inLanguage":"es","@id":"https:\/\/noti-america.com\/site\/repdom\/#\/schema\/logo\/image\/","url":"https:\/\/noti-america.com\/site\/repdom\/wp-content\/uploads\/sites\/6\/2020\/07\/LogoNA-4x3-1.jpg","contentUrl":"https:\/\/noti-america.com\/site\/repdom\/wp-content\/uploads\/sites\/6\/2020\/07\/LogoNA-4x3-1.jpg","width":1236,"height":1080,"caption":"Noti-America LLC | Rep\u00fablica Dominicana"},"image":{"@id":"https:\/\/noti-america.com\/site\/repdom\/#\/schema\/logo\/image\/"}},{"@type":"Person","@id":"https:\/\/noti-america.com\/site\/repdom\/#\/schema\/person\/8027db7d71a0328e6e4474fa188c6fb3","name":"Miguel Ramirez","image":{"@type":"ImageObject","inLanguage":"es","@id":"https:\/\/secure.gravatar.com\/avatar\/41a78fb2cdab3e2dc5831d3591f1dab499ed0c22acc464195b09f37c2b3ac2cf?s=96&d=mm&r=g","url":"https:\/\/secure.gravatar.com\/avatar\/41a78fb2cdab3e2dc5831d3591f1dab499ed0c22acc464195b09f37c2b3ac2cf?s=96&d=mm&r=g","contentUrl":"https:\/\/secure.gravatar.com\/avatar\/41a78fb2cdab3e2dc5831d3591f1dab499ed0c22acc464195b09f37c2b3ac2cf?s=96&d=mm&r=g","caption":"Miguel Ramirez"},"description":"Locutor y periodista digital y coach comunicaci\u00f3n","sameAs":["https:\/\/www.facebook.com\/share\/1HVE1qCqVk\/?mibextid=wwXIfr"],"url":"https:\/\/noti-america.com\/site\/repdom\/author\/mramirez\/"}]}},"_links":{"self":[{"href":"https:\/\/noti-america.com\/site\/repdom\/wp-json\/wp\/v2\/posts\/10574","targetHints":{"allow":["GET"]}}],"collection":[{"href":"https:\/\/noti-america.com\/site\/repdom\/wp-json\/wp\/v2\/posts"}],"about":[{"href":"https:\/\/noti-america.com\/site\/repdom\/wp-json\/wp\/v2\/types\/post"}],"author":[{"embeddable":true,"href":"https:\/\/noti-america.com\/site\/repdom\/wp-json\/wp\/v2\/users\/96"}],"replies":[{"embeddable":true,"href":"https:\/\/noti-america.com\/site\/repdom\/wp-json\/wp\/v2\/comments?post=10574"}],"version-history":[{"count":1,"href":"https:\/\/noti-america.com\/site\/repdom\/wp-json\/wp\/v2\/posts\/10574\/revisions"}],"predecessor-version":[{"id":10576,"href":"https:\/\/noti-america.com\/site\/repdom\/wp-json\/wp\/v2\/posts\/10574\/revisions\/10576"}],"wp:featuredmedia":[{"embeddable":true,"href":"https:\/\/noti-america.com\/site\/repdom\/wp-json\/wp\/v2\/media\/10575"}],"wp:attachment":[{"href":"https:\/\/noti-america.com\/site\/repdom\/wp-json\/wp\/v2\/media?parent=10574"}],"wp:term":[{"taxonomy":"category","embeddable":true,"href":"https:\/\/noti-america.com\/site\/repdom\/wp-json\/wp\/v2\/categories?post=10574"},{"taxonomy":"post_tag","embeddable":true,"href":"https:\/\/noti-america.com\/site\/repdom\/wp-json\/wp\/v2\/tags?post=10574"}],"curies":[{"name":"wp","href":"https:\/\/api.w.org\/{rel}","templated":true}]}}