{"id":10570,"date":"2021-05-24T05:17:45","date_gmt":"2021-05-24T05:17:45","guid":{"rendered":"https:\/\/noti-america.com\/site\/repdom\/?p=10570"},"modified":"2021-05-24T05:23:06","modified_gmt":"2021-05-24T05:23:06","slug":"melky-cabrera-y-jose-bautista-se-reportan-a-equipo-dominicano","status":"publish","type":"post","link":"https:\/\/noti-america.com\/site\/repdom\/2021\/05\/24\/melky-cabrera-y-jose-bautista-se-reportan-a-equipo-dominicano\/","title":{"rendered":"Melky Cabrera y Jos\u00e9 Bautista se reportan a equipo dominicano"},"content":{"rendered":"<p class=\"x_MsoNormal\" style=\"text-align: justify\"><span lang=\"ES-DO\">PORT ST. LUCIE, Florida &#8211; <\/span><span lang=\"ES-DO\">La selecci\u00f3n de b\u00e9isbol de la Rep\u00fablica Dominicana, que se prepara para competir en el Preol\u00edmpico de Am\u00e9rica, recibi\u00f3 este domingo la integraci\u00f3n de los jardineros Melky Cabrera y Jos\u00e9 Bautista, junto con el receptor Charlie Valerio.<\/span><\/p>\n<p class=\"x_MsoNormal\" style=\"text-align: justify\"><span lang=\"ES-DO\">Los tres estuvieron trabajando a toda capacidad en el primer entrenamiento del equipo realizado en el Indian River State College. En el caso de Bautista, su preparaci\u00f3n incluy\u00f3 participaci\u00f3n en la antesala y la inicial, adem\u00e1s de los jardines.<\/span><\/p>\n<p class=\"x_MsoNormal\" style=\"text-align: justify\"><span lang=\"ES-DO\">\u201cFue un d\u00eda muy productivo. Puedo decir que lo que vi de Melky y de Bautista fue muy bueno. Lucieron muy bien, dir\u00eda que por encima. Estoy satisfecho con este primer d\u00eda de entrenamiento aqu\u00ed, donde pr\u00e1cticamente hicimos de todo, incluyendo fundamentos del juego y trabajo de defensa\u201d, explic\u00f3 el dirigente H\u00e9ctor Borg.<\/span><\/p>\n<p class=\"x_MsoNormal\" style=\"text-align: justify\"><span lang=\"ES-DO\">\u201cEstoy muy contento de tener al grupo junto y de como va nuestra preparaci\u00f3n\u201d, sigui\u00f3 diciendo.<\/span><\/p>\n<p class=\"x_MsoNormal\" style=\"text-align: justify\"><span lang=\"ES-DO\">El equipo nacional lleg\u00f3 el s\u00e1bado al estado de la Florida, donde de inmediato la delegaci\u00f3n se someti\u00f3 a pruebas de COVID-19, resultando todas negativas.<\/span><\/p>\n<p class=\"x_MsoNormal\" style=\"text-align: justify\"><span lang=\"ES-DO\">Adem\u00e1s de Cabrera, Bautista y Valerio, tambi\u00e9n se integr\u00f3 el coach de bateo y de la antesala, Gilbert G\u00f3mez.<\/span><\/p>\n<p class=\"x_MsoNormal\" style=\"text-align: justify\"><span lang=\"ES-DO\">Se espera que en las pr\u00f3ximas horas se sigan reportando m\u00e1s jugadores convocados para la Rep\u00fablica Dominicana, que debuta el pr\u00f3ximo lunes 31 de mayo contra Puerto Rico en el Clover Park de Port St. Lucie.<\/span><\/p>\n<p class=\"x_MsoNormal\" style=\"text-align: justify\"><span lang=\"ES-DO\">En el evento que ser\u00e1 del 31 de mayo al 5 de junio y que ofrece un solo boleto para los Juegos Ol\u00edmpicos de Tokio de este verano, los quisqueyanos integran el grupo A junto a los Estados Unidos, Nicaragua y los boricuas. El B est\u00e1 compuesto por Cuba, Venezuela, Canad\u00e1 y Colombia.<\/span><\/p>\n<p><strong>Fuente: Prensa PROB\u00c9ISBOL<\/strong><\/p>\n","protected":false},"excerpt":{"rendered":"<p>PORT ST. LUCIE, Florida &#8211; La selecci\u00f3n de b\u00e9isbol de la Rep\u00fablica Dominicana, que se prepara para competir en el Preol\u00edmpico de Am\u00e9rica, recibi\u00f3 este domingo la integraci\u00f3n de los jardineros Melky Cabrera y&#46;&#46;&#46;<\/p>\n","protected":false},"author":89,"featured_media":10571,"comment_status":"open","ping_status":"open","sticky":false,"template":"","format":"standard","meta":{"_acf_changed":false,"rop_custom_images_group":[],"rop_custom_messages_group":[],"rop_publish_now":"initial","rop_publish_now_accounts":[],"rop_publish_now_history":[],"rop_publish_now_status":"pending","footnotes":""},"categories":[16],"tags":[1257,1176,633,123,1091,1092],"class_list":["post-10570","post","type-post","status-publish","format-standard","has-post-thumbnail","hentry","category-deportes","tag-jose-bautista","tag-juegos-olimpicos-tokio-2020","tag-melky-cabrera","tag-peloteros-dominicanos","tag-preolimpico-de-beisbol-de-america","tag-programa-olimpico-de-beisbol"],"acf":[],"yoast_head":"<!-- This site is optimized with the Yoast SEO Premium plugin v24.9 (Yoast SEO v27.2) - https:\/\/yoast.com\/product\/yoast-seo-premium-wordpress\/ -->\n<title>Melky Cabrera y Jos\u00e9 Bautista se reportan a equipo dominicano - Rep. Dominicana | Noti-America.com<\/title>\n<meta name=\"robots\" content=\"index, follow, max-snippet:-1, max-image-preview:large, max-video-preview:-1\" \/>\n<link rel=\"canonical\" href=\"https:\/\/noti-america.com\/site\/repdom\/2021\/05\/24\/melky-cabrera-y-jose-bautista-se-reportan-a-equipo-dominicano\/\" \/>\n<meta property=\"og:locale\" content=\"es_ES\" \/>\n<meta property=\"og:type\" content=\"article\" \/>\n<meta property=\"og:title\" content=\"Melky Cabrera y Jos\u00e9 Bautista se reportan a equipo dominicano\" \/>\n<meta property=\"og:description\" content=\"PORT ST. LUCIE, Florida &#8211; La selecci\u00f3n de b\u00e9isbol de la Rep\u00fablica Dominicana, que se prepara para competir en el Preol\u00edmpico de Am\u00e9rica, recibi\u00f3 este domingo la integraci\u00f3n de los jardineros Melky Cabrera y&#046;&#046;&#046;\" \/>\n<meta property=\"og:url\" content=\"https:\/\/noti-america.com\/site\/repdom\/2021\/05\/24\/melky-cabrera-y-jose-bautista-se-reportan-a-equipo-dominicano\/\" \/>\n<meta property=\"og:site_name\" content=\"Rep. Dominicana | Noti-America.com\" \/>\n<meta property=\"article:published_time\" content=\"2021-05-24T05:17:45+00:00\" \/>\n<meta property=\"article:modified_time\" content=\"2021-05-24T05:23:06+00:00\" \/>\n<meta property=\"og:image\" content=\"https:\/\/noti-america.com\/site\/repdom\/wp-content\/uploads\/sites\/6\/2021\/05\/Jose\u0301-Bautista-y-Melky-Cabrera.jpeg\" \/>\n\t<meta property=\"og:image:width\" content=\"1600\" \/>\n\t<meta property=\"og:image:height\" content=\"1200\" \/>\n\t<meta property=\"og:image:type\" content=\"image\/jpeg\" \/>\n<meta name=\"author\" content=\"Ad\u00e1n Soriano\" \/>\n<meta name=\"twitter:card\" content=\"summary_large_image\" \/>\n<meta name=\"twitter:creator\" content=\"@adansoriano\" \/>\n<meta name=\"twitter:label1\" content=\"Escrito por\" \/>\n\t<meta name=\"twitter:data1\" content=\"Ad\u00e1n Soriano\" \/>\n\t<meta name=\"twitter:label2\" content=\"Tiempo estimado de lectura\" \/>\n\t<meta name=\"twitter:data2\" content=\"2 minutos\" \/>\n<script type=\"application\/ld+json\" class=\"yoast-schema-graph\">{\"@context\":\"https:\/\/schema.org\",\"@graph\":[{\"@type\":\"Article\",\"@id\":\"https:\/\/noti-america.com\/site\/repdom\/2021\/05\/24\/melky-cabrera-y-jose-bautista-se-reportan-a-equipo-dominicano\/#article\",\"isPartOf\":{\"@id\":\"https:\/\/noti-america.com\/site\/repdom\/2021\/05\/24\/melky-cabrera-y-jose-bautista-se-reportan-a-equipo-dominicano\/\"},\"author\":{\"name\":\"Ad\u00e1n Soriano\",\"@id\":\"https:\/\/noti-america.com\/site\/repdom\/#\/schema\/person\/fd0092c1530d275fabaa5cffcbc2b976\"},\"headline\":\"Melky Cabrera y Jos\u00e9 Bautista se reportan a equipo dominicano\",\"datePublished\":\"2021-05-24T05:17:45+00:00\",\"dateModified\":\"2021-05-24T05:23:06+00:00\",\"mainEntityOfPage\":{\"@id\":\"https:\/\/noti-america.com\/site\/repdom\/2021\/05\/24\/melky-cabrera-y-jose-bautista-se-reportan-a-equipo-dominicano\/\"},\"wordCount\":319,\"commentCount\":0,\"publisher\":{\"@id\":\"https:\/\/noti-america.com\/site\/repdom\/#organization\"},\"image\":{\"@id\":\"https:\/\/noti-america.com\/site\/repdom\/2021\/05\/24\/melky-cabrera-y-jose-bautista-se-reportan-a-equipo-dominicano\/#primaryimage\"},\"thumbnailUrl\":\"https:\/\/noti-america.com\/site\/repdom\/wp-content\/uploads\/sites\/6\/2021\/05\/Jose\u0301-Bautista-y-Melky-Cabrera.jpeg\",\"keywords\":[\"Jos\u00e9 Bautista\",\"Juegos Ol\u00edmpicos Tokio 2020\",\"Melky Cabrera\",\"Peloteros Dominicanos\",\"Preol\u00edmpico de B\u00e9isbol de Am\u00e9rica\",\"Programa Ol\u00edmpico de B\u00e9isbol\"],\"articleSection\":[\"Deportes\"],\"inLanguage\":\"es\",\"potentialAction\":[{\"@type\":\"CommentAction\",\"name\":\"Comment\",\"target\":[\"https:\/\/noti-america.com\/site\/repdom\/2021\/05\/24\/melky-cabrera-y-jose-bautista-se-reportan-a-equipo-dominicano\/#respond\"]}]},{\"@type\":\"WebPage\",\"@id\":\"https:\/\/noti-america.com\/site\/repdom\/2021\/05\/24\/melky-cabrera-y-jose-bautista-se-reportan-a-equipo-dominicano\/\",\"url\":\"https:\/\/noti-america.com\/site\/repdom\/2021\/05\/24\/melky-cabrera-y-jose-bautista-se-reportan-a-equipo-dominicano\/\",\"name\":\"Melky Cabrera y Jos\u00e9 Bautista se reportan a equipo dominicano - Rep. Dominicana | Noti-America.com\",\"isPartOf\":{\"@id\":\"https:\/\/noti-america.com\/site\/repdom\/#website\"},\"primaryImageOfPage\":{\"@id\":\"https:\/\/noti-america.com\/site\/repdom\/2021\/05\/24\/melky-cabrera-y-jose-bautista-se-reportan-a-equipo-dominicano\/#primaryimage\"},\"image\":{\"@id\":\"https:\/\/noti-america.com\/site\/repdom\/2021\/05\/24\/melky-cabrera-y-jose-bautista-se-reportan-a-equipo-dominicano\/#primaryimage\"},\"thumbnailUrl\":\"https:\/\/noti-america.com\/site\/repdom\/wp-content\/uploads\/sites\/6\/2021\/05\/Jose\u0301-Bautista-y-Melky-Cabrera.jpeg\",\"datePublished\":\"2021-05-24T05:17:45+00:00\",\"dateModified\":\"2021-05-24T05:23:06+00:00\",\"breadcrumb\":{\"@id\":\"https:\/\/noti-america.com\/site\/repdom\/2021\/05\/24\/melky-cabrera-y-jose-bautista-se-reportan-a-equipo-dominicano\/#breadcrumb\"},\"inLanguage\":\"es\",\"potentialAction\":[{\"@type\":\"ReadAction\",\"target\":[\"https:\/\/noti-america.com\/site\/repdom\/2021\/05\/24\/melky-cabrera-y-jose-bautista-se-reportan-a-equipo-dominicano\/\"]}]},{\"@type\":\"ImageObject\",\"inLanguage\":\"es\",\"@id\":\"https:\/\/noti-america.com\/site\/repdom\/2021\/05\/24\/melky-cabrera-y-jose-bautista-se-reportan-a-equipo-dominicano\/#primaryimage\",\"url\":\"https:\/\/noti-america.com\/site\/repdom\/wp-content\/uploads\/sites\/6\/2021\/05\/Jose\u0301-Bautista-y-Melky-Cabrera.jpeg\",\"contentUrl\":\"https:\/\/noti-america.com\/site\/repdom\/wp-content\/uploads\/sites\/6\/2021\/05\/Jose\u0301-Bautista-y-Melky-Cabrera.jpeg\",\"width\":1600,\"height\":1200},{\"@type\":\"BreadcrumbList\",\"@id\":\"https:\/\/noti-america.com\/site\/repdom\/2021\/05\/24\/melky-cabrera-y-jose-bautista-se-reportan-a-equipo-dominicano\/#breadcrumb\",\"itemListElement\":[{\"@type\":\"ListItem\",\"position\":1,\"name\":\"Portada\",\"item\":\"https:\/\/noti-america.com\/site\/repdom\/\"},{\"@type\":\"ListItem\",\"position\":2,\"name\":\"Melky Cabrera y Jos\u00e9 Bautista se reportan a equipo dominicano\"}]},{\"@type\":\"WebSite\",\"@id\":\"https:\/\/noti-america.com\/site\/repdom\/#website\",\"url\":\"https:\/\/noti-america.com\/site\/repdom\/\",\"name\":\"Rep. Dominicana | Noti-America.com\",\"description\":\"\",\"publisher\":{\"@id\":\"https:\/\/noti-america.com\/site\/repdom\/#organization\"},\"potentialAction\":[{\"@type\":\"SearchAction\",\"target\":{\"@type\":\"EntryPoint\",\"urlTemplate\":\"https:\/\/noti-america.com\/site\/repdom\/?s={search_term_string}\"},\"query-input\":{\"@type\":\"PropertyValueSpecification\",\"valueRequired\":true,\"valueName\":\"search_term_string\"}}],\"inLanguage\":\"es\"},{\"@type\":\"Organization\",\"@id\":\"https:\/\/noti-america.com\/site\/repdom\/#organization\",\"name\":\"Noti-America LLC | Rep\u00fablica Dominicana\",\"url\":\"https:\/\/noti-america.com\/site\/repdom\/\",\"logo\":{\"@type\":\"ImageObject\",\"inLanguage\":\"es\",\"@id\":\"https:\/\/noti-america.com\/site\/repdom\/#\/schema\/logo\/image\/\",\"url\":\"https:\/\/noti-america.com\/site\/repdom\/wp-content\/uploads\/sites\/6\/2020\/07\/LogoNA-4x3-1.jpg\",\"contentUrl\":\"https:\/\/noti-america.com\/site\/repdom\/wp-content\/uploads\/sites\/6\/2020\/07\/LogoNA-4x3-1.jpg\",\"width\":1236,\"height\":1080,\"caption\":\"Noti-America LLC | Rep\u00fablica Dominicana\"},\"image\":{\"@id\":\"https:\/\/noti-america.com\/site\/repdom\/#\/schema\/logo\/image\/\"}},{\"@type\":\"Person\",\"@id\":\"https:\/\/noti-america.com\/site\/repdom\/#\/schema\/person\/fd0092c1530d275fabaa5cffcbc2b976\",\"name\":\"Ad\u00e1n Soriano\",\"image\":{\"@type\":\"ImageObject\",\"inLanguage\":\"es\",\"@id\":\"https:\/\/secure.gravatar.com\/avatar\/ecf97ff3aee7ff9efdae670d7e976f3e7e8acc1077e510d73707999a8bfd4467?s=96&d=mm&r=g\",\"url\":\"https:\/\/secure.gravatar.com\/avatar\/ecf97ff3aee7ff9efdae670d7e976f3e7e8acc1077e510d73707999a8bfd4467?s=96&d=mm&r=g\",\"contentUrl\":\"https:\/\/secure.gravatar.com\/avatar\/ecf97ff3aee7ff9efdae670d7e976f3e7e8acc1077e510d73707999a8bfd4467?s=96&d=mm&r=g\",\"caption\":\"Ad\u00e1n Soriano\"},\"description\":\"Soy cronista deportivo con 10 a\u00f1os de experiencia en varios espacios, y conduzco el podcast deportivo llamado Mezcla Deportiva\",\"sameAs\":[\"https:\/\/x.com\/adansoriano\"],\"url\":\"https:\/\/noti-america.com\/site\/repdom\/author\/asoriano\/\"}]}<\/script>\n<!-- \/ Yoast SEO Premium plugin. -->","yoast_head_json":{"title":"Melky Cabrera y Jos\u00e9 Bautista se reportan a equipo dominicano - Rep. Dominicana | Noti-America.com","robots":{"index":"index","follow":"follow","max-snippet":"max-snippet:-1","max-image-preview":"max-image-preview:large","max-video-preview":"max-video-preview:-1"},"canonical":"https:\/\/noti-america.com\/site\/repdom\/2021\/05\/24\/melky-cabrera-y-jose-bautista-se-reportan-a-equipo-dominicano\/","og_locale":"es_ES","og_type":"article","og_title":"Melky Cabrera y Jos\u00e9 Bautista se reportan a equipo dominicano","og_description":"PORT ST. LUCIE, Florida &#8211; La selecci\u00f3n de b\u00e9isbol de la Rep\u00fablica Dominicana, que se prepara para competir en el Preol\u00edmpico de Am\u00e9rica, recibi\u00f3 este domingo la integraci\u00f3n de los jardineros Melky Cabrera y&#46;&#46;&#46;","og_url":"https:\/\/noti-america.com\/site\/repdom\/2021\/05\/24\/melky-cabrera-y-jose-bautista-se-reportan-a-equipo-dominicano\/","og_site_name":"Rep. Dominicana | Noti-America.com","article_published_time":"2021-05-24T05:17:45+00:00","article_modified_time":"2021-05-24T05:23:06+00:00","og_image":[{"width":1600,"height":1200,"url":"https:\/\/noti-america.com\/site\/repdom\/wp-content\/uploads\/sites\/6\/2021\/05\/Jose\u0301-Bautista-y-Melky-Cabrera.jpeg","type":"image\/jpeg"}],"author":"Ad\u00e1n Soriano","twitter_card":"summary_large_image","twitter_creator":"@adansoriano","twitter_misc":{"Escrito por":"Ad\u00e1n Soriano","Tiempo estimado de lectura":"2 minutos"},"schema":{"@context":"https:\/\/schema.org","@graph":[{"@type":"Article","@id":"https:\/\/noti-america.com\/site\/repdom\/2021\/05\/24\/melky-cabrera-y-jose-bautista-se-reportan-a-equipo-dominicano\/#article","isPartOf":{"@id":"https:\/\/noti-america.com\/site\/repdom\/2021\/05\/24\/melky-cabrera-y-jose-bautista-se-reportan-a-equipo-dominicano\/"},"author":{"name":"Ad\u00e1n Soriano","@id":"https:\/\/noti-america.com\/site\/repdom\/#\/schema\/person\/fd0092c1530d275fabaa5cffcbc2b976"},"headline":"Melky Cabrera y Jos\u00e9 Bautista se reportan a equipo dominicano","datePublished":"2021-05-24T05:17:45+00:00","dateModified":"2021-05-24T05:23:06+00:00","mainEntityOfPage":{"@id":"https:\/\/noti-america.com\/site\/repdom\/2021\/05\/24\/melky-cabrera-y-jose-bautista-se-reportan-a-equipo-dominicano\/"},"wordCount":319,"commentCount":0,"publisher":{"@id":"https:\/\/noti-america.com\/site\/repdom\/#organization"},"image":{"@id":"https:\/\/noti-america.com\/site\/repdom\/2021\/05\/24\/melky-cabrera-y-jose-bautista-se-reportan-a-equipo-dominicano\/#primaryimage"},"thumbnailUrl":"https:\/\/noti-america.com\/site\/repdom\/wp-content\/uploads\/sites\/6\/2021\/05\/Jose\u0301-Bautista-y-Melky-Cabrera.jpeg","keywords":["Jos\u00e9 Bautista","Juegos Ol\u00edmpicos Tokio 2020","Melky Cabrera","Peloteros Dominicanos","Preol\u00edmpico de B\u00e9isbol de Am\u00e9rica","Programa Ol\u00edmpico de B\u00e9isbol"],"articleSection":["Deportes"],"inLanguage":"es","potentialAction":[{"@type":"CommentAction","name":"Comment","target":["https:\/\/noti-america.com\/site\/repdom\/2021\/05\/24\/melky-cabrera-y-jose-bautista-se-reportan-a-equipo-dominicano\/#respond"]}]},{"@type":"WebPage","@id":"https:\/\/noti-america.com\/site\/repdom\/2021\/05\/24\/melky-cabrera-y-jose-bautista-se-reportan-a-equipo-dominicano\/","url":"https:\/\/noti-america.com\/site\/repdom\/2021\/05\/24\/melky-cabrera-y-jose-bautista-se-reportan-a-equipo-dominicano\/","name":"Melky Cabrera y Jos\u00e9 Bautista se reportan a equipo dominicano - Rep. Dominicana | Noti-America.com","isPartOf":{"@id":"https:\/\/noti-america.com\/site\/repdom\/#website"},"primaryImageOfPage":{"@id":"https:\/\/noti-america.com\/site\/repdom\/2021\/05\/24\/melky-cabrera-y-jose-bautista-se-reportan-a-equipo-dominicano\/#primaryimage"},"image":{"@id":"https:\/\/noti-america.com\/site\/repdom\/2021\/05\/24\/melky-cabrera-y-jose-bautista-se-reportan-a-equipo-dominicano\/#primaryimage"},"thumbnailUrl":"https:\/\/noti-america.com\/site\/repdom\/wp-content\/uploads\/sites\/6\/2021\/05\/Jose\u0301-Bautista-y-Melky-Cabrera.jpeg","datePublished":"2021-05-24T05:17:45+00:00","dateModified":"2021-05-24T05:23:06+00:00","breadcrumb":{"@id":"https:\/\/noti-america.com\/site\/repdom\/2021\/05\/24\/melky-cabrera-y-jose-bautista-se-reportan-a-equipo-dominicano\/#breadcrumb"},"inLanguage":"es","potentialAction":[{"@type":"ReadAction","target":["https:\/\/noti-america.com\/site\/repdom\/2021\/05\/24\/melky-cabrera-y-jose-bautista-se-reportan-a-equipo-dominicano\/"]}]},{"@type":"ImageObject","inLanguage":"es","@id":"https:\/\/noti-america.com\/site\/repdom\/2021\/05\/24\/melky-cabrera-y-jose-bautista-se-reportan-a-equipo-dominicano\/#primaryimage","url":"https:\/\/noti-america.com\/site\/repdom\/wp-content\/uploads\/sites\/6\/2021\/05\/Jose\u0301-Bautista-y-Melky-Cabrera.jpeg","contentUrl":"https:\/\/noti-america.com\/site\/repdom\/wp-content\/uploads\/sites\/6\/2021\/05\/Jose\u0301-Bautista-y-Melky-Cabrera.jpeg","width":1600,"height":1200},{"@type":"BreadcrumbList","@id":"https:\/\/noti-america.com\/site\/repdom\/2021\/05\/24\/melky-cabrera-y-jose-bautista-se-reportan-a-equipo-dominicano\/#breadcrumb","itemListElement":[{"@type":"ListItem","position":1,"name":"Portada","item":"https:\/\/noti-america.com\/site\/repdom\/"},{"@type":"ListItem","position":2,"name":"Melky Cabrera y Jos\u00e9 Bautista se reportan a equipo dominicano"}]},{"@type":"WebSite","@id":"https:\/\/noti-america.com\/site\/repdom\/#website","url":"https:\/\/noti-america.com\/site\/repdom\/","name":"Rep. Dominicana | Noti-America.com","description":"","publisher":{"@id":"https:\/\/noti-america.com\/site\/repdom\/#organization"},"potentialAction":[{"@type":"SearchAction","target":{"@type":"EntryPoint","urlTemplate":"https:\/\/noti-america.com\/site\/repdom\/?s={search_term_string}"},"query-input":{"@type":"PropertyValueSpecification","valueRequired":true,"valueName":"search_term_string"}}],"inLanguage":"es"},{"@type":"Organization","@id":"https:\/\/noti-america.com\/site\/repdom\/#organization","name":"Noti-America LLC | Rep\u00fablica Dominicana","url":"https:\/\/noti-america.com\/site\/repdom\/","logo":{"@type":"ImageObject","inLanguage":"es","@id":"https:\/\/noti-america.com\/site\/repdom\/#\/schema\/logo\/image\/","url":"https:\/\/noti-america.com\/site\/repdom\/wp-content\/uploads\/sites\/6\/2020\/07\/LogoNA-4x3-1.jpg","contentUrl":"https:\/\/noti-america.com\/site\/repdom\/wp-content\/uploads\/sites\/6\/2020\/07\/LogoNA-4x3-1.jpg","width":1236,"height":1080,"caption":"Noti-America LLC | Rep\u00fablica Dominicana"},"image":{"@id":"https:\/\/noti-america.com\/site\/repdom\/#\/schema\/logo\/image\/"}},{"@type":"Person","@id":"https:\/\/noti-america.com\/site\/repdom\/#\/schema\/person\/fd0092c1530d275fabaa5cffcbc2b976","name":"Ad\u00e1n Soriano","image":{"@type":"ImageObject","inLanguage":"es","@id":"https:\/\/secure.gravatar.com\/avatar\/ecf97ff3aee7ff9efdae670d7e976f3e7e8acc1077e510d73707999a8bfd4467?s=96&d=mm&r=g","url":"https:\/\/secure.gravatar.com\/avatar\/ecf97ff3aee7ff9efdae670d7e976f3e7e8acc1077e510d73707999a8bfd4467?s=96&d=mm&r=g","contentUrl":"https:\/\/secure.gravatar.com\/avatar\/ecf97ff3aee7ff9efdae670d7e976f3e7e8acc1077e510d73707999a8bfd4467?s=96&d=mm&r=g","caption":"Ad\u00e1n Soriano"},"description":"Soy cronista deportivo con 10 a\u00f1os de experiencia en varios espacios, y conduzco el podcast deportivo llamado Mezcla Deportiva","sameAs":["https:\/\/x.com\/adansoriano"],"url":"https:\/\/noti-america.com\/site\/repdom\/author\/asoriano\/"}]}},"_links":{"self":[{"href":"https:\/\/noti-america.com\/site\/repdom\/wp-json\/wp\/v2\/posts\/10570","targetHints":{"allow":["GET"]}}],"collection":[{"href":"https:\/\/noti-america.com\/site\/repdom\/wp-json\/wp\/v2\/posts"}],"about":[{"href":"https:\/\/noti-america.com\/site\/repdom\/wp-json\/wp\/v2\/types\/post"}],"author":[{"embeddable":true,"href":"https:\/\/noti-america.com\/site\/repdom\/wp-json\/wp\/v2\/users\/89"}],"replies":[{"embeddable":true,"href":"https:\/\/noti-america.com\/site\/repdom\/wp-json\/wp\/v2\/comments?post=10570"}],"version-history":[{"count":1,"href":"https:\/\/noti-america.com\/site\/repdom\/wp-json\/wp\/v2\/posts\/10570\/revisions"}],"predecessor-version":[{"id":10572,"href":"https:\/\/noti-america.com\/site\/repdom\/wp-json\/wp\/v2\/posts\/10570\/revisions\/10572"}],"wp:featuredmedia":[{"embeddable":true,"href":"https:\/\/noti-america.com\/site\/repdom\/wp-json\/wp\/v2\/media\/10571"}],"wp:attachment":[{"href":"https:\/\/noti-america.com\/site\/repdom\/wp-json\/wp\/v2\/media?parent=10570"}],"wp:term":[{"taxonomy":"category","embeddable":true,"href":"https:\/\/noti-america.com\/site\/repdom\/wp-json\/wp\/v2\/categories?post=10570"},{"taxonomy":"post_tag","embeddable":true,"href":"https:\/\/noti-america.com\/site\/repdom\/wp-json\/wp\/v2\/tags?post=10570"}],"curies":[{"name":"wp","href":"https:\/\/api.w.org\/{rel}","templated":true}]}}