{"id":10248,"date":"2021-05-06T17:34:31","date_gmt":"2021-05-06T17:34:31","guid":{"rendered":"https:\/\/noti-america.com\/site\/repdom\/?p=10248"},"modified":"2021-05-06T17:34:31","modified_gmt":"2021-05-06T17:34:31","slug":"fedogolf-celebrara-los-campeonatos-nacionales-juveniles-este-fin-de-semana","status":"publish","type":"post","link":"https:\/\/noti-america.com\/site\/repdom\/2021\/05\/06\/fedogolf-celebrara-los-campeonatos-nacionales-juveniles-este-fin-de-semana\/","title":{"rendered":"FEDOGOLF celebrar\u00e1 los Campeonatos Nacionales Juveniles este fin de semana"},"content":{"rendered":"<p style=\"text-align: justify\">SANTO DOMINGO &#8211; La Federaci\u00f3n Dominicana de Golf (FEDOGOLF), anunci\u00f3 la celebraci\u00f3n de los Campeonatos Nacionales Juveniles, a celebrarse entre los d\u00edas 7, 8 y 9 del presente mes de mayo, en Casa de Campo.<\/p>\n<p style=\"text-align: justify\">Los Campeonatos Nacionales es el evento de mayor trascendencia a nivel juvenil, indica una nota de prensa de la FEDOGOLF.<\/p>\n<p style=\"text-align: justify\">En el evento tomar\u00e1n parte unos 70 ni\u00f1os entre las edades 4 y 18 a\u00f1os.<\/p>\n<p style=\"text-align: justify\">Las competencias inician el viernes 7 de mayo a partir del mediod\u00eda con la categor\u00eda 15-18 a\u00f1os masculina, quienes competir\u00e1n en el campo Diente de Perro, las dem\u00e1s categor\u00edas jugar\u00e1n el s\u00e1bado y domingo en The Links a partir de las 7.30 am.<\/p>\n<p style=\"text-align: justify\">\u201cTodo est\u00e1 listo para el evento de golf m\u00e1s importante juvenil, los Campeonatos Nacionales\u201d, a\u00f1ade la nota de FEDOGOLF.<\/p>\n<p style=\"text-align: justify\">Rafael Canario ser\u00e1 el director de reglas de la justa.<\/p>\n<p style=\"text-align: justify\">En esta oportunidad, el evento estar\u00e1 patrocinado por Banreservas, Bepensa Dominicana, Rica, Cervecer\u00eda Vegana, Malta India, IQtek Solutions, Smurfit Kappa y Emilios.<\/p>\n<p style=\"text-align: justify\">Cabe recordar que los Campeonatos Nacionales Juveniles no se celebraron en el 2020 por la pandemia del COVID-19.<\/p>\n<p style=\"text-align: justify\">En el 2019, Stephany Kim se alz\u00f3 con los m\u00e1ximos honores.<\/p>\n<p style=\"text-align: justify\">Kim gan\u00f3 por tercer a\u00f1o de manera seguida los Campeonatos en la rama femenina. Va en este 2021 en busca de su cuarto trofeo.<\/p>\n<p style=\"text-align: justify\"><strong>Fuente: Prensa FEDOGOLF<\/strong><\/p>\n","protected":false},"excerpt":{"rendered":"<p>SANTO DOMINGO &#8211; La Federaci\u00f3n Dominicana de Golf (FEDOGOLF), anunci\u00f3 la celebraci\u00f3n de los Campeonatos Nacionales Juveniles, a celebrarse entre los d\u00edas 7, 8 y 9 del presente mes de mayo, en Casa de&#46;&#46;&#46;<\/p>\n","protected":false},"author":89,"featured_media":10249,"comment_status":"open","ping_status":"open","sticky":false,"template":"","format":"standard","meta":{"_acf_changed":false,"rop_custom_images_group":[],"rop_custom_messages_group":[],"rop_publish_now":"initial","rop_publish_now_accounts":[],"rop_publish_now_history":[],"rop_publish_now_status":"pending","footnotes":""},"categories":[16],"tags":[1193,265,264],"class_list":["post-10248","post","type-post","status-publish","format-standard","has-post-thumbnail","hentry","category-deportes","tag-campeonatos-nacionales-juveniles","tag-federacion-dominicana-de-golf","tag-golf"],"acf":[],"yoast_head":"<!-- This site is optimized with the Yoast SEO Premium plugin v24.9 (Yoast SEO v27.2) - https:\/\/yoast.com\/product\/yoast-seo-premium-wordpress\/ -->\n<title>FEDOGOLF celebrar\u00e1 los Campeonatos Nacionales Juveniles este fin de semana - Rep. Dominicana | Noti-America.com<\/title>\n<meta name=\"robots\" content=\"index, follow, max-snippet:-1, max-image-preview:large, max-video-preview:-1\" \/>\n<link rel=\"canonical\" href=\"https:\/\/noti-america.com\/site\/repdom\/2021\/05\/06\/fedogolf-celebrara-los-campeonatos-nacionales-juveniles-este-fin-de-semana\/\" \/>\n<meta property=\"og:locale\" content=\"es_ES\" \/>\n<meta property=\"og:type\" content=\"article\" \/>\n<meta property=\"og:title\" content=\"FEDOGOLF celebrar\u00e1 los Campeonatos Nacionales Juveniles este fin de semana\" \/>\n<meta property=\"og:description\" content=\"SANTO DOMINGO &#8211; La Federaci\u00f3n Dominicana de Golf (FEDOGOLF), anunci\u00f3 la celebraci\u00f3n de los Campeonatos Nacionales Juveniles, a celebrarse entre los d\u00edas 7, 8 y 9 del presente mes de mayo, en Casa de&#046;&#046;&#046;\" \/>\n<meta property=\"og:url\" content=\"https:\/\/noti-america.com\/site\/repdom\/2021\/05\/06\/fedogolf-celebrara-los-campeonatos-nacionales-juveniles-este-fin-de-semana\/\" \/>\n<meta property=\"og:site_name\" content=\"Rep. Dominicana | Noti-America.com\" \/>\n<meta property=\"article:published_time\" content=\"2021-05-06T17:34:31+00:00\" \/>\n<meta property=\"og:image\" content=\"https:\/\/noti-america.com\/site\/repdom\/wp-content\/uploads\/sites\/6\/2021\/05\/Sebastian-Madera.jpg\" \/>\n\t<meta property=\"og:image:width\" content=\"1280\" \/>\n\t<meta property=\"og:image:height\" content=\"853\" \/>\n\t<meta property=\"og:image:type\" content=\"image\/jpeg\" \/>\n<meta name=\"author\" content=\"Ad\u00e1n Soriano\" \/>\n<meta name=\"twitter:card\" content=\"summary_large_image\" \/>\n<meta name=\"twitter:creator\" content=\"@adansoriano\" \/>\n<meta name=\"twitter:label1\" content=\"Escrito por\" \/>\n\t<meta name=\"twitter:data1\" content=\"Ad\u00e1n Soriano\" \/>\n\t<meta name=\"twitter:label2\" content=\"Tiempo estimado de lectura\" \/>\n\t<meta name=\"twitter:data2\" content=\"1 minuto\" \/>\n<script type=\"application\/ld+json\" class=\"yoast-schema-graph\">{\"@context\":\"https:\/\/schema.org\",\"@graph\":[{\"@type\":\"Article\",\"@id\":\"https:\/\/noti-america.com\/site\/repdom\/2021\/05\/06\/fedogolf-celebrara-los-campeonatos-nacionales-juveniles-este-fin-de-semana\/#article\",\"isPartOf\":{\"@id\":\"https:\/\/noti-america.com\/site\/repdom\/2021\/05\/06\/fedogolf-celebrara-los-campeonatos-nacionales-juveniles-este-fin-de-semana\/\"},\"author\":{\"name\":\"Ad\u00e1n Soriano\",\"@id\":\"https:\/\/noti-america.com\/site\/repdom\/#\/schema\/person\/fd0092c1530d275fabaa5cffcbc2b976\"},\"headline\":\"FEDOGOLF celebrar\u00e1 los Campeonatos Nacionales Juveniles este fin de semana\",\"datePublished\":\"2021-05-06T17:34:31+00:00\",\"mainEntityOfPage\":{\"@id\":\"https:\/\/noti-america.com\/site\/repdom\/2021\/05\/06\/fedogolf-celebrara-los-campeonatos-nacionales-juveniles-este-fin-de-semana\/\"},\"wordCount\":238,\"commentCount\":0,\"publisher\":{\"@id\":\"https:\/\/noti-america.com\/site\/repdom\/#organization\"},\"image\":{\"@id\":\"https:\/\/noti-america.com\/site\/repdom\/2021\/05\/06\/fedogolf-celebrara-los-campeonatos-nacionales-juveniles-este-fin-de-semana\/#primaryimage\"},\"thumbnailUrl\":\"https:\/\/noti-america.com\/site\/repdom\/wp-content\/uploads\/sites\/6\/2021\/05\/Sebastian-Madera.jpg\",\"keywords\":[\"Campeonatos Nacionales Juveniles\",\"Federaci\u00f3n Dominicana de Golf\",\"Golf\"],\"articleSection\":[\"Deportes\"],\"inLanguage\":\"es\",\"potentialAction\":[{\"@type\":\"CommentAction\",\"name\":\"Comment\",\"target\":[\"https:\/\/noti-america.com\/site\/repdom\/2021\/05\/06\/fedogolf-celebrara-los-campeonatos-nacionales-juveniles-este-fin-de-semana\/#respond\"]}]},{\"@type\":\"WebPage\",\"@id\":\"https:\/\/noti-america.com\/site\/repdom\/2021\/05\/06\/fedogolf-celebrara-los-campeonatos-nacionales-juveniles-este-fin-de-semana\/\",\"url\":\"https:\/\/noti-america.com\/site\/repdom\/2021\/05\/06\/fedogolf-celebrara-los-campeonatos-nacionales-juveniles-este-fin-de-semana\/\",\"name\":\"FEDOGOLF celebrar\u00e1 los Campeonatos Nacionales Juveniles este fin de semana - Rep. Dominicana | Noti-America.com\",\"isPartOf\":{\"@id\":\"https:\/\/noti-america.com\/site\/repdom\/#website\"},\"primaryImageOfPage\":{\"@id\":\"https:\/\/noti-america.com\/site\/repdom\/2021\/05\/06\/fedogolf-celebrara-los-campeonatos-nacionales-juveniles-este-fin-de-semana\/#primaryimage\"},\"image\":{\"@id\":\"https:\/\/noti-america.com\/site\/repdom\/2021\/05\/06\/fedogolf-celebrara-los-campeonatos-nacionales-juveniles-este-fin-de-semana\/#primaryimage\"},\"thumbnailUrl\":\"https:\/\/noti-america.com\/site\/repdom\/wp-content\/uploads\/sites\/6\/2021\/05\/Sebastian-Madera.jpg\",\"datePublished\":\"2021-05-06T17:34:31+00:00\",\"breadcrumb\":{\"@id\":\"https:\/\/noti-america.com\/site\/repdom\/2021\/05\/06\/fedogolf-celebrara-los-campeonatos-nacionales-juveniles-este-fin-de-semana\/#breadcrumb\"},\"inLanguage\":\"es\",\"potentialAction\":[{\"@type\":\"ReadAction\",\"target\":[\"https:\/\/noti-america.com\/site\/repdom\/2021\/05\/06\/fedogolf-celebrara-los-campeonatos-nacionales-juveniles-este-fin-de-semana\/\"]}]},{\"@type\":\"ImageObject\",\"inLanguage\":\"es\",\"@id\":\"https:\/\/noti-america.com\/site\/repdom\/2021\/05\/06\/fedogolf-celebrara-los-campeonatos-nacionales-juveniles-este-fin-de-semana\/#primaryimage\",\"url\":\"https:\/\/noti-america.com\/site\/repdom\/wp-content\/uploads\/sites\/6\/2021\/05\/Sebastian-Madera.jpg\",\"contentUrl\":\"https:\/\/noti-america.com\/site\/repdom\/wp-content\/uploads\/sites\/6\/2021\/05\/Sebastian-Madera.jpg\",\"width\":1280,\"height\":853},{\"@type\":\"BreadcrumbList\",\"@id\":\"https:\/\/noti-america.com\/site\/repdom\/2021\/05\/06\/fedogolf-celebrara-los-campeonatos-nacionales-juveniles-este-fin-de-semana\/#breadcrumb\",\"itemListElement\":[{\"@type\":\"ListItem\",\"position\":1,\"name\":\"Portada\",\"item\":\"https:\/\/noti-america.com\/site\/repdom\/\"},{\"@type\":\"ListItem\",\"position\":2,\"name\":\"FEDOGOLF celebrar\u00e1 los Campeonatos Nacionales Juveniles este fin de semana\"}]},{\"@type\":\"WebSite\",\"@id\":\"https:\/\/noti-america.com\/site\/repdom\/#website\",\"url\":\"https:\/\/noti-america.com\/site\/repdom\/\",\"name\":\"Rep. Dominicana | Noti-America.com\",\"description\":\"\",\"publisher\":{\"@id\":\"https:\/\/noti-america.com\/site\/repdom\/#organization\"},\"potentialAction\":[{\"@type\":\"SearchAction\",\"target\":{\"@type\":\"EntryPoint\",\"urlTemplate\":\"https:\/\/noti-america.com\/site\/repdom\/?s={search_term_string}\"},\"query-input\":{\"@type\":\"PropertyValueSpecification\",\"valueRequired\":true,\"valueName\":\"search_term_string\"}}],\"inLanguage\":\"es\"},{\"@type\":\"Organization\",\"@id\":\"https:\/\/noti-america.com\/site\/repdom\/#organization\",\"name\":\"Noti-America LLC | Rep\u00fablica Dominicana\",\"url\":\"https:\/\/noti-america.com\/site\/repdom\/\",\"logo\":{\"@type\":\"ImageObject\",\"inLanguage\":\"es\",\"@id\":\"https:\/\/noti-america.com\/site\/repdom\/#\/schema\/logo\/image\/\",\"url\":\"https:\/\/noti-america.com\/site\/repdom\/wp-content\/uploads\/sites\/6\/2020\/07\/LogoNA-4x3-1.jpg\",\"contentUrl\":\"https:\/\/noti-america.com\/site\/repdom\/wp-content\/uploads\/sites\/6\/2020\/07\/LogoNA-4x3-1.jpg\",\"width\":1236,\"height\":1080,\"caption\":\"Noti-America LLC | Rep\u00fablica Dominicana\"},\"image\":{\"@id\":\"https:\/\/noti-america.com\/site\/repdom\/#\/schema\/logo\/image\/\"}},{\"@type\":\"Person\",\"@id\":\"https:\/\/noti-america.com\/site\/repdom\/#\/schema\/person\/fd0092c1530d275fabaa5cffcbc2b976\",\"name\":\"Ad\u00e1n Soriano\",\"image\":{\"@type\":\"ImageObject\",\"inLanguage\":\"es\",\"@id\":\"https:\/\/secure.gravatar.com\/avatar\/ecf97ff3aee7ff9efdae670d7e976f3e7e8acc1077e510d73707999a8bfd4467?s=96&d=mm&r=g\",\"url\":\"https:\/\/secure.gravatar.com\/avatar\/ecf97ff3aee7ff9efdae670d7e976f3e7e8acc1077e510d73707999a8bfd4467?s=96&d=mm&r=g\",\"contentUrl\":\"https:\/\/secure.gravatar.com\/avatar\/ecf97ff3aee7ff9efdae670d7e976f3e7e8acc1077e510d73707999a8bfd4467?s=96&d=mm&r=g\",\"caption\":\"Ad\u00e1n Soriano\"},\"description\":\"Soy cronista deportivo con 10 a\u00f1os de experiencia en varios espacios, y conduzco el podcast deportivo llamado Mezcla Deportiva\",\"sameAs\":[\"https:\/\/x.com\/adansoriano\"],\"url\":\"https:\/\/noti-america.com\/site\/repdom\/author\/asoriano\/\"}]}<\/script>\n<!-- \/ Yoast SEO Premium plugin. -->","yoast_head_json":{"title":"FEDOGOLF celebrar\u00e1 los Campeonatos Nacionales Juveniles este fin de semana - Rep. Dominicana | Noti-America.com","robots":{"index":"index","follow":"follow","max-snippet":"max-snippet:-1","max-image-preview":"max-image-preview:large","max-video-preview":"max-video-preview:-1"},"canonical":"https:\/\/noti-america.com\/site\/repdom\/2021\/05\/06\/fedogolf-celebrara-los-campeonatos-nacionales-juveniles-este-fin-de-semana\/","og_locale":"es_ES","og_type":"article","og_title":"FEDOGOLF celebrar\u00e1 los Campeonatos Nacionales Juveniles este fin de semana","og_description":"SANTO DOMINGO &#8211; La Federaci\u00f3n Dominicana de Golf (FEDOGOLF), anunci\u00f3 la celebraci\u00f3n de los Campeonatos Nacionales Juveniles, a celebrarse entre los d\u00edas 7, 8 y 9 del presente mes de mayo, en Casa de&#46;&#46;&#46;","og_url":"https:\/\/noti-america.com\/site\/repdom\/2021\/05\/06\/fedogolf-celebrara-los-campeonatos-nacionales-juveniles-este-fin-de-semana\/","og_site_name":"Rep. Dominicana | Noti-America.com","article_published_time":"2021-05-06T17:34:31+00:00","og_image":[{"width":1280,"height":853,"url":"https:\/\/noti-america.com\/site\/repdom\/wp-content\/uploads\/sites\/6\/2021\/05\/Sebastian-Madera.jpg","type":"image\/jpeg"}],"author":"Ad\u00e1n Soriano","twitter_card":"summary_large_image","twitter_creator":"@adansoriano","twitter_misc":{"Escrito por":"Ad\u00e1n Soriano","Tiempo estimado de lectura":"1 minuto"},"schema":{"@context":"https:\/\/schema.org","@graph":[{"@type":"Article","@id":"https:\/\/noti-america.com\/site\/repdom\/2021\/05\/06\/fedogolf-celebrara-los-campeonatos-nacionales-juveniles-este-fin-de-semana\/#article","isPartOf":{"@id":"https:\/\/noti-america.com\/site\/repdom\/2021\/05\/06\/fedogolf-celebrara-los-campeonatos-nacionales-juveniles-este-fin-de-semana\/"},"author":{"name":"Ad\u00e1n Soriano","@id":"https:\/\/noti-america.com\/site\/repdom\/#\/schema\/person\/fd0092c1530d275fabaa5cffcbc2b976"},"headline":"FEDOGOLF celebrar\u00e1 los Campeonatos Nacionales Juveniles este fin de semana","datePublished":"2021-05-06T17:34:31+00:00","mainEntityOfPage":{"@id":"https:\/\/noti-america.com\/site\/repdom\/2021\/05\/06\/fedogolf-celebrara-los-campeonatos-nacionales-juveniles-este-fin-de-semana\/"},"wordCount":238,"commentCount":0,"publisher":{"@id":"https:\/\/noti-america.com\/site\/repdom\/#organization"},"image":{"@id":"https:\/\/noti-america.com\/site\/repdom\/2021\/05\/06\/fedogolf-celebrara-los-campeonatos-nacionales-juveniles-este-fin-de-semana\/#primaryimage"},"thumbnailUrl":"https:\/\/noti-america.com\/site\/repdom\/wp-content\/uploads\/sites\/6\/2021\/05\/Sebastian-Madera.jpg","keywords":["Campeonatos Nacionales Juveniles","Federaci\u00f3n Dominicana de Golf","Golf"],"articleSection":["Deportes"],"inLanguage":"es","potentialAction":[{"@type":"CommentAction","name":"Comment","target":["https:\/\/noti-america.com\/site\/repdom\/2021\/05\/06\/fedogolf-celebrara-los-campeonatos-nacionales-juveniles-este-fin-de-semana\/#respond"]}]},{"@type":"WebPage","@id":"https:\/\/noti-america.com\/site\/repdom\/2021\/05\/06\/fedogolf-celebrara-los-campeonatos-nacionales-juveniles-este-fin-de-semana\/","url":"https:\/\/noti-america.com\/site\/repdom\/2021\/05\/06\/fedogolf-celebrara-los-campeonatos-nacionales-juveniles-este-fin-de-semana\/","name":"FEDOGOLF celebrar\u00e1 los Campeonatos Nacionales Juveniles este fin de semana - Rep. Dominicana | Noti-America.com","isPartOf":{"@id":"https:\/\/noti-america.com\/site\/repdom\/#website"},"primaryImageOfPage":{"@id":"https:\/\/noti-america.com\/site\/repdom\/2021\/05\/06\/fedogolf-celebrara-los-campeonatos-nacionales-juveniles-este-fin-de-semana\/#primaryimage"},"image":{"@id":"https:\/\/noti-america.com\/site\/repdom\/2021\/05\/06\/fedogolf-celebrara-los-campeonatos-nacionales-juveniles-este-fin-de-semana\/#primaryimage"},"thumbnailUrl":"https:\/\/noti-america.com\/site\/repdom\/wp-content\/uploads\/sites\/6\/2021\/05\/Sebastian-Madera.jpg","datePublished":"2021-05-06T17:34:31+00:00","breadcrumb":{"@id":"https:\/\/noti-america.com\/site\/repdom\/2021\/05\/06\/fedogolf-celebrara-los-campeonatos-nacionales-juveniles-este-fin-de-semana\/#breadcrumb"},"inLanguage":"es","potentialAction":[{"@type":"ReadAction","target":["https:\/\/noti-america.com\/site\/repdom\/2021\/05\/06\/fedogolf-celebrara-los-campeonatos-nacionales-juveniles-este-fin-de-semana\/"]}]},{"@type":"ImageObject","inLanguage":"es","@id":"https:\/\/noti-america.com\/site\/repdom\/2021\/05\/06\/fedogolf-celebrara-los-campeonatos-nacionales-juveniles-este-fin-de-semana\/#primaryimage","url":"https:\/\/noti-america.com\/site\/repdom\/wp-content\/uploads\/sites\/6\/2021\/05\/Sebastian-Madera.jpg","contentUrl":"https:\/\/noti-america.com\/site\/repdom\/wp-content\/uploads\/sites\/6\/2021\/05\/Sebastian-Madera.jpg","width":1280,"height":853},{"@type":"BreadcrumbList","@id":"https:\/\/noti-america.com\/site\/repdom\/2021\/05\/06\/fedogolf-celebrara-los-campeonatos-nacionales-juveniles-este-fin-de-semana\/#breadcrumb","itemListElement":[{"@type":"ListItem","position":1,"name":"Portada","item":"https:\/\/noti-america.com\/site\/repdom\/"},{"@type":"ListItem","position":2,"name":"FEDOGOLF celebrar\u00e1 los Campeonatos Nacionales Juveniles este fin de semana"}]},{"@type":"WebSite","@id":"https:\/\/noti-america.com\/site\/repdom\/#website","url":"https:\/\/noti-america.com\/site\/repdom\/","name":"Rep. Dominicana | Noti-America.com","description":"","publisher":{"@id":"https:\/\/noti-america.com\/site\/repdom\/#organization"},"potentialAction":[{"@type":"SearchAction","target":{"@type":"EntryPoint","urlTemplate":"https:\/\/noti-america.com\/site\/repdom\/?s={search_term_string}"},"query-input":{"@type":"PropertyValueSpecification","valueRequired":true,"valueName":"search_term_string"}}],"inLanguage":"es"},{"@type":"Organization","@id":"https:\/\/noti-america.com\/site\/repdom\/#organization","name":"Noti-America LLC | Rep\u00fablica Dominicana","url":"https:\/\/noti-america.com\/site\/repdom\/","logo":{"@type":"ImageObject","inLanguage":"es","@id":"https:\/\/noti-america.com\/site\/repdom\/#\/schema\/logo\/image\/","url":"https:\/\/noti-america.com\/site\/repdom\/wp-content\/uploads\/sites\/6\/2020\/07\/LogoNA-4x3-1.jpg","contentUrl":"https:\/\/noti-america.com\/site\/repdom\/wp-content\/uploads\/sites\/6\/2020\/07\/LogoNA-4x3-1.jpg","width":1236,"height":1080,"caption":"Noti-America LLC | Rep\u00fablica Dominicana"},"image":{"@id":"https:\/\/noti-america.com\/site\/repdom\/#\/schema\/logo\/image\/"}},{"@type":"Person","@id":"https:\/\/noti-america.com\/site\/repdom\/#\/schema\/person\/fd0092c1530d275fabaa5cffcbc2b976","name":"Ad\u00e1n Soriano","image":{"@type":"ImageObject","inLanguage":"es","@id":"https:\/\/secure.gravatar.com\/avatar\/ecf97ff3aee7ff9efdae670d7e976f3e7e8acc1077e510d73707999a8bfd4467?s=96&d=mm&r=g","url":"https:\/\/secure.gravatar.com\/avatar\/ecf97ff3aee7ff9efdae670d7e976f3e7e8acc1077e510d73707999a8bfd4467?s=96&d=mm&r=g","contentUrl":"https:\/\/secure.gravatar.com\/avatar\/ecf97ff3aee7ff9efdae670d7e976f3e7e8acc1077e510d73707999a8bfd4467?s=96&d=mm&r=g","caption":"Ad\u00e1n Soriano"},"description":"Soy cronista deportivo con 10 a\u00f1os de experiencia en varios espacios, y conduzco el podcast deportivo llamado Mezcla Deportiva","sameAs":["https:\/\/x.com\/adansoriano"],"url":"https:\/\/noti-america.com\/site\/repdom\/author\/asoriano\/"}]}},"_links":{"self":[{"href":"https:\/\/noti-america.com\/site\/repdom\/wp-json\/wp\/v2\/posts\/10248","targetHints":{"allow":["GET"]}}],"collection":[{"href":"https:\/\/noti-america.com\/site\/repdom\/wp-json\/wp\/v2\/posts"}],"about":[{"href":"https:\/\/noti-america.com\/site\/repdom\/wp-json\/wp\/v2\/types\/post"}],"author":[{"embeddable":true,"href":"https:\/\/noti-america.com\/site\/repdom\/wp-json\/wp\/v2\/users\/89"}],"replies":[{"embeddable":true,"href":"https:\/\/noti-america.com\/site\/repdom\/wp-json\/wp\/v2\/comments?post=10248"}],"version-history":[{"count":1,"href":"https:\/\/noti-america.com\/site\/repdom\/wp-json\/wp\/v2\/posts\/10248\/revisions"}],"predecessor-version":[{"id":10250,"href":"https:\/\/noti-america.com\/site\/repdom\/wp-json\/wp\/v2\/posts\/10248\/revisions\/10250"}],"wp:featuredmedia":[{"embeddable":true,"href":"https:\/\/noti-america.com\/site\/repdom\/wp-json\/wp\/v2\/media\/10249"}],"wp:attachment":[{"href":"https:\/\/noti-america.com\/site\/repdom\/wp-json\/wp\/v2\/media?parent=10248"}],"wp:term":[{"taxonomy":"category","embeddable":true,"href":"https:\/\/noti-america.com\/site\/repdom\/wp-json\/wp\/v2\/categories?post=10248"},{"taxonomy":"post_tag","embeddable":true,"href":"https:\/\/noti-america.com\/site\/repdom\/wp-json\/wp\/v2\/tags?post=10248"}],"curies":[{"name":"wp","href":"https:\/\/api.w.org\/{rel}","templated":true}]}}