{"id":957,"date":"2018-03-13T12:09:55","date_gmt":"2018-03-13T12:09:55","guid":{"rendered":"http:\/\/noti-america.com\/site\/alemania\/?p=957"},"modified":"2018-03-13T12:09:55","modified_gmt":"2018-03-13T12:09:55","slug":"onu-reune-a-fuerzas-politicas-en-honduras-para-crear-bases-de-dialogo","status":"publish","type":"post","link":"https:\/\/noti-america.com\/site\/principal\/2018\/03\/13\/onu-reune-a-fuerzas-politicas-en-honduras-para-crear-bases-de-dialogo\/","title":{"rendered":"ONU re\u00fane a fuerzas pol\u00edticas en Honduras para crear bases de di\u00e1logo"},"content":{"rendered":"<p><span class=\"dateline\">Tegucigalpa, 12 mar\u00a0&#8211; <\/span>Diferentes sectores pol\u00edticos de Honduras iniciaron hoy en Tegucigalpa un predi\u00e1logo convocado por Naciones Unidas, con la ausencia de los representantes del Partido Libertad y Refundaci\u00f3n (Libre).<\/p>\n<p>Libre junto al Partido Innovaci\u00f3n y Unidad (Pinu) conformaron en las pasadas elecciones la Alianza de Oposici\u00f3n contra la Dictadura, que impuls\u00f3 la candidatura presidencial de Salvador Nasralla, quien si envi\u00f3 hoy a un representante.<\/p>\n<p>El encuentro comenz\u00f3 a las 16:00 horas locales (22:00 GMT) en la casa de las Naciones Unidas, el cual tiene como objetivo sentar las bases para llegar a un acuerdo para el gran di\u00e1logo pol\u00edtico, para hallar una soluci\u00f3n a la crisis derivada de las elecciones del 26 de noviembre del 2017.<\/p>\n<p>Al concluir, el representante de la ONU en Tegucigalpa, Igor Garafulic, dijo a medios locales que con toda franqueza las fuerzas pol\u00edticas expresaron a qui\u00e9nes quer\u00edan en la mesa de di\u00e1logo, qu\u00e9 temas quer\u00edan que se tocaran y los plazos que se deben discutir.<\/p>\n<p>\u201cExiste entre los distintos actores una voluntad pol\u00edtica de seguir junt\u00e1ndose para en el futuro iniciar formalmente un di\u00e1logo\u201d, expres\u00f3.<\/p>\n<p>\u201cHicimos un acuerdo en que ser\u00e1 un s\u00f3lo vocero, as\u00ed que felicito a todas las fuerzas pol\u00edticas porque vinieron con voluntad\u201d, dijo por su parte el representante del oficialista Partido Nacional, Ebal D\u00edaz.<\/p>\n<p>Coment\u00f3 que se deben consensuar las reformas electorales y que es el coraz\u00f3n del di\u00e1logo, para tener una Ley Electoral que garantice que no haya un proceso accidentado como el del pasado mes de noviembre.<\/p>\n<p>Los comicios entraron en controversia, luego de que Nasralla acusara al presidente, Juan Orlando Hern\u00e1ndez, de cometer fraude para robarle las elecciones y lograr as\u00ed su reelecci\u00f3n, lo cual gener\u00f3 una serie de protestas.<\/p>\n<p>Las manifestaciones atribuidas a los seguidores de la Alianza de Oposici\u00f3n dejaron como resultados saqueos de negocios, quema de inmuebles y veh\u00edculos, as\u00ed como al menos 23 personas fallecidas durante enfrentamientos con polic\u00edas.<\/p>\n<p>Al respecto, el presidente Hern\u00e1ndez, declarado ganador de los comicios el 17 de diciembre del 2017, convoc\u00f3 a un di\u00e1logo, el cual fue rechazado por Nasralla y por el coordinador de Libre, el ex presidente Manuel Zelaya, derrocado en un golpe de Estado en 2009.<\/p>\n<p>El presidente del Pinu, Guillermo Valle, declar\u00f3 que durante el predi\u00e1logo pol\u00edtico solicitar\u00e1n que en el di\u00e1logo nacional haya mediadores internacionales.<\/p>\n<p>\u201cNosotros venimos aqu\u00ed a salir de la profunda crisis pol\u00edtica que tiene que ver con el fraude electoral comprobado y esa es la raz\u00f3n por la que el pueblo sigue en las calles\u201d, apunt\u00f3.<\/p>\n<p>Por su parte, Tommy Garc\u00eda, representante de Nasralla, dijo que se presentan con el mandato de que se aprueba un acuerdo legislativo en el Congreso Nacional y que se acepte la mediaci\u00f3n internacional.<\/p>\n<p>Este mi\u00e9rcoles, en tanto, los representantes sostendr\u00e1n una nueva reuni\u00f3n a la que llevar\u00e1n algunas propuestas sobre qui\u00e9n podr\u00eda ser el mediador del di\u00e1logo nacional.<\/p>\n<p>CP (dpa)<\/p>\n","protected":false},"excerpt":{"rendered":"<p>Tegucigalpa, 12 mar\u00a0&#8211; Diferentes sectores pol\u00edticos de Honduras iniciaron hoy en Tegucigalpa un predi\u00e1logo convocado por Naciones Unidas, con la ausencia de los representantes del Partido Libertad y Refundaci\u00f3n (Libre). Libre junto al Partido&#46;&#46;&#46;<\/p>\n","protected":false},"author":31,"featured_media":0,"comment_status":"open","ping_status":"open","sticky":false,"template":"","format":"standard","meta":{"_acf_changed":false,"rop_custom_images_group":[],"rop_custom_messages_group":[],"rop_publish_now":"initial","rop_publish_now_accounts":{"facebook_10219548024599422_1632221337088128":"","twitter_242054905_242054905":""},"rop_publish_now_history":[],"rop_publish_now_status":"pending","footnotes":""},"categories":[4,3],"tags":[],"class_list":["post-957","post","type-post","status-publish","format-standard","hentry","category-internacionales","category-politica"],"acf":[],"yoast_head":"<!-- This site is optimized with the Yoast SEO Premium plugin v24.9 (Yoast SEO v27.2) - https:\/\/yoast.com\/product\/yoast-seo-premium-wordpress\/ -->\n<title>ONU re\u00fane a fuerzas pol\u00edticas en Honduras para crear bases de di\u00e1logo - Noti-America.com<\/title>\n<meta name=\"robots\" content=\"index, follow, max-snippet:-1, max-image-preview:large, max-video-preview:-1\" \/>\n<link rel=\"canonical\" href=\"https:\/\/noti-america.com\/site\/principal\/2018\/03\/13\/onu-reune-a-fuerzas-politicas-en-honduras-para-crear-bases-de-dialogo\/\" \/>\n<meta property=\"og:locale\" content=\"es_ES\" \/>\n<meta property=\"og:type\" content=\"article\" \/>\n<meta property=\"og:title\" content=\"ONU re\u00fane a fuerzas pol\u00edticas en Honduras para crear bases de di\u00e1logo\" \/>\n<meta property=\"og:description\" content=\"Tegucigalpa, 12 mar\u00a0&#8211; Diferentes sectores pol\u00edticos de Honduras iniciaron hoy en Tegucigalpa un predi\u00e1logo convocado por Naciones Unidas, con la ausencia de los representantes del Partido Libertad y Refundaci\u00f3n (Libre). Libre junto al Partido&#046;&#046;&#046;\" \/>\n<meta property=\"og:url\" content=\"https:\/\/noti-america.com\/site\/principal\/2018\/03\/13\/onu-reune-a-fuerzas-politicas-en-honduras-para-crear-bases-de-dialogo\/\" \/>\n<meta property=\"og:site_name\" content=\"Noti-America.com\" \/>\n<meta property=\"article:published_time\" content=\"2018-03-13T12:09:55+00:00\" \/>\n<meta name=\"author\" content=\"Ydalith Figueroa Kad-Bay\" \/>\n<meta name=\"twitter:card\" content=\"summary_large_image\" \/>\n<meta name=\"twitter:creator\" content=\"@ydalithkad\" \/>\n<meta name=\"twitter:label1\" content=\"Escrito por\" \/>\n\t<meta name=\"twitter:data1\" content=\"Ydalith Figueroa Kad-Bay\" \/>\n\t<meta name=\"twitter:label2\" content=\"Tiempo estimado de lectura\" \/>\n\t<meta name=\"twitter:data2\" content=\"3 minutos\" \/>\n<script type=\"application\/ld+json\" class=\"yoast-schema-graph\">{\"@context\":\"https:\/\/schema.org\",\"@graph\":[{\"@type\":\"Article\",\"@id\":\"https:\/\/noti-america.com\/site\/principal\/2018\/03\/13\/onu-reune-a-fuerzas-politicas-en-honduras-para-crear-bases-de-dialogo\/#article\",\"isPartOf\":{\"@id\":\"https:\/\/noti-america.com\/site\/principal\/2018\/03\/13\/onu-reune-a-fuerzas-politicas-en-honduras-para-crear-bases-de-dialogo\/\"},\"author\":{\"name\":\"Ydalith Figueroa Kad-Bay\",\"@id\":\"https:\/\/noti-america.com\/site\/principal\/#\/schema\/person\/1a24e37c3c358f389f0a111448ddb870\"},\"headline\":\"ONU re\u00fane a fuerzas pol\u00edticas en Honduras para crear bases de di\u00e1logo\",\"datePublished\":\"2018-03-13T12:09:55+00:00\",\"mainEntityOfPage\":{\"@id\":\"https:\/\/noti-america.com\/site\/principal\/2018\/03\/13\/onu-reune-a-fuerzas-politicas-en-honduras-para-crear-bases-de-dialogo\/\"},\"wordCount\":526,\"commentCount\":0,\"articleSection\":[\"Internacionales\",\"Pol\u00edtica\"],\"inLanguage\":\"es\",\"potentialAction\":[{\"@type\":\"CommentAction\",\"name\":\"Comment\",\"target\":[\"https:\/\/noti-america.com\/site\/principal\/2018\/03\/13\/onu-reune-a-fuerzas-politicas-en-honduras-para-crear-bases-de-dialogo\/#respond\"]}]},{\"@type\":\"WebPage\",\"@id\":\"https:\/\/noti-america.com\/site\/principal\/2018\/03\/13\/onu-reune-a-fuerzas-politicas-en-honduras-para-crear-bases-de-dialogo\/\",\"url\":\"https:\/\/noti-america.com\/site\/principal\/2018\/03\/13\/onu-reune-a-fuerzas-politicas-en-honduras-para-crear-bases-de-dialogo\/\",\"name\":\"ONU re\u00fane a fuerzas pol\u00edticas en Honduras para crear bases de di\u00e1logo - Noti-America.com\",\"isPartOf\":{\"@id\":\"https:\/\/noti-america.com\/site\/principal\/#website\"},\"datePublished\":\"2018-03-13T12:09:55+00:00\",\"author\":{\"@id\":\"https:\/\/noti-america.com\/site\/principal\/#\/schema\/person\/1a24e37c3c358f389f0a111448ddb870\"},\"breadcrumb\":{\"@id\":\"https:\/\/noti-america.com\/site\/principal\/2018\/03\/13\/onu-reune-a-fuerzas-politicas-en-honduras-para-crear-bases-de-dialogo\/#breadcrumb\"},\"inLanguage\":\"es\",\"potentialAction\":[{\"@type\":\"ReadAction\",\"target\":[\"https:\/\/noti-america.com\/site\/principal\/2018\/03\/13\/onu-reune-a-fuerzas-politicas-en-honduras-para-crear-bases-de-dialogo\/\"]}]},{\"@type\":\"BreadcrumbList\",\"@id\":\"https:\/\/noti-america.com\/site\/principal\/2018\/03\/13\/onu-reune-a-fuerzas-politicas-en-honduras-para-crear-bases-de-dialogo\/#breadcrumb\",\"itemListElement\":[{\"@type\":\"ListItem\",\"position\":1,\"name\":\"Portada\",\"item\":\"https:\/\/noti-america.com\/site\/principal\/\"},{\"@type\":\"ListItem\",\"position\":2,\"name\":\"ONU re\u00fane a fuerzas pol\u00edticas en Honduras para crear bases de di\u00e1logo\"}]},{\"@type\":\"WebSite\",\"@id\":\"https:\/\/noti-america.com\/site\/principal\/#website\",\"url\":\"https:\/\/noti-america.com\/site\/principal\/\",\"name\":\"Noti-America.com\",\"description\":\"El Noticiero Digital M\u00e1s Grande de Am\u00e9rica\",\"potentialAction\":[{\"@type\":\"SearchAction\",\"target\":{\"@type\":\"EntryPoint\",\"urlTemplate\":\"https:\/\/noti-america.com\/site\/principal\/?s={search_term_string}\"},\"query-input\":{\"@type\":\"PropertyValueSpecification\",\"valueRequired\":true,\"valueName\":\"search_term_string\"}}],\"inLanguage\":\"es\"},{\"@type\":\"Person\",\"@id\":\"https:\/\/noti-america.com\/site\/principal\/#\/schema\/person\/1a24e37c3c358f389f0a111448ddb870\",\"name\":\"Ydalith Figueroa Kad-Bay\",\"image\":{\"@type\":\"ImageObject\",\"inLanguage\":\"es\",\"@id\":\"https:\/\/secure.gravatar.com\/avatar\/7d1e350465afd215908c3ed413e32ef600cd41c3c21b95416252432a9f6c219c?s=96&d=mm&r=g\",\"url\":\"https:\/\/secure.gravatar.com\/avatar\/7d1e350465afd215908c3ed413e32ef600cd41c3c21b95416252432a9f6c219c?s=96&d=mm&r=g\",\"contentUrl\":\"https:\/\/secure.gravatar.com\/avatar\/7d1e350465afd215908c3ed413e32ef600cd41c3c21b95416252432a9f6c219c?s=96&d=mm&r=g\",\"caption\":\"Ydalith Figueroa Kad-Bay\"},\"description\":\"CEO Noti-America Alemania Embajadora de Venezuela para el Proyecto de Acci\u00f3n Clim\u00e1tica de la ONU, Embajadora para la ense\u00f1anza de los ODS de la ONU, Amplificador de la Acci\u00f3n de los ODS de la ONU, Profesor Voluntario del Proyecto KAKUMA (Educaci\u00f3n de calidad para refugiados en \u00c1frica) UNHCR \u2013 ACNUR - Agencia para los refugiados de la ONU-, Miembro de la ONG Gente Y Ciudad, Embajador de las Instituciones de Microfinanzas \u201cNo a la pobreza ODS #1 de la ONU\u201d (todos tienen derecho a acceso a un cr\u00e9dito), y Voluntario al di\u00e1logo global de UN75. Twitter @ydalithkad email ydalith@yhaoo.com Locutor Profesional 32931 Universidad Central de Venezuela @ISHannover \\\"Colegio Internacional de Hannover Regi\u00f3n, Alemania\\\" Representante de Aprendizaje Innovaci\u00f3n y Tecnolog\u00eda #LMS (Sistema de Gesti\u00f3n de Aprendizaje) #LMS Gente y Ciudad &amp; Asesores Internacionales ONG Alemania. ONG \\\"Gente y Ciudad, Venezuela\\\" Miembro y Asesor especialista An\u00e1lisis de Pol\u00edtica Internacional Asesor Pol\u00edtico Internacional de Venezuela en la defensa de los Derechos Humanos y el restablecimiento Democr\u00e1tico. Diplomacia positiva y Activa. Pasi\u00f3n por el Golf Proyecto #LMS \\\"Golf para ni\u00f1os y adultos Internacional\\\" Pasi\u00f3n por los Postres Proyecto #LMS \\\"Postres, Que Unen a las Culturas del mundo\\\"\",\"sameAs\":[\"https:\/\/x.com\/ydalithkad\"],\"url\":\"https:\/\/noti-america.com\/site\/principal\/author\/yfigueroa\/\"}]}<\/script>\n<!-- \/ Yoast SEO Premium plugin. -->","yoast_head_json":{"title":"ONU re\u00fane a fuerzas pol\u00edticas en Honduras para crear bases de di\u00e1logo - Noti-America.com","robots":{"index":"index","follow":"follow","max-snippet":"max-snippet:-1","max-image-preview":"max-image-preview:large","max-video-preview":"max-video-preview:-1"},"canonical":"https:\/\/noti-america.com\/site\/principal\/2018\/03\/13\/onu-reune-a-fuerzas-politicas-en-honduras-para-crear-bases-de-dialogo\/","og_locale":"es_ES","og_type":"article","og_title":"ONU re\u00fane a fuerzas pol\u00edticas en Honduras para crear bases de di\u00e1logo","og_description":"Tegucigalpa, 12 mar\u00a0&#8211; Diferentes sectores pol\u00edticos de Honduras iniciaron hoy en Tegucigalpa un predi\u00e1logo convocado por Naciones Unidas, con la ausencia de los representantes del Partido Libertad y Refundaci\u00f3n (Libre). Libre junto al Partido&#46;&#46;&#46;","og_url":"https:\/\/noti-america.com\/site\/principal\/2018\/03\/13\/onu-reune-a-fuerzas-politicas-en-honduras-para-crear-bases-de-dialogo\/","og_site_name":"Noti-America.com","article_published_time":"2018-03-13T12:09:55+00:00","author":"Ydalith Figueroa Kad-Bay","twitter_card":"summary_large_image","twitter_creator":"@ydalithkad","twitter_misc":{"Escrito por":"Ydalith Figueroa Kad-Bay","Tiempo estimado de lectura":"3 minutos"},"schema":{"@context":"https:\/\/schema.org","@graph":[{"@type":"Article","@id":"https:\/\/noti-america.com\/site\/principal\/2018\/03\/13\/onu-reune-a-fuerzas-politicas-en-honduras-para-crear-bases-de-dialogo\/#article","isPartOf":{"@id":"https:\/\/noti-america.com\/site\/principal\/2018\/03\/13\/onu-reune-a-fuerzas-politicas-en-honduras-para-crear-bases-de-dialogo\/"},"author":{"name":"Ydalith Figueroa Kad-Bay","@id":"https:\/\/noti-america.com\/site\/principal\/#\/schema\/person\/1a24e37c3c358f389f0a111448ddb870"},"headline":"ONU re\u00fane a fuerzas pol\u00edticas en Honduras para crear bases de di\u00e1logo","datePublished":"2018-03-13T12:09:55+00:00","mainEntityOfPage":{"@id":"https:\/\/noti-america.com\/site\/principal\/2018\/03\/13\/onu-reune-a-fuerzas-politicas-en-honduras-para-crear-bases-de-dialogo\/"},"wordCount":526,"commentCount":0,"articleSection":["Internacionales","Pol\u00edtica"],"inLanguage":"es","potentialAction":[{"@type":"CommentAction","name":"Comment","target":["https:\/\/noti-america.com\/site\/principal\/2018\/03\/13\/onu-reune-a-fuerzas-politicas-en-honduras-para-crear-bases-de-dialogo\/#respond"]}]},{"@type":"WebPage","@id":"https:\/\/noti-america.com\/site\/principal\/2018\/03\/13\/onu-reune-a-fuerzas-politicas-en-honduras-para-crear-bases-de-dialogo\/","url":"https:\/\/noti-america.com\/site\/principal\/2018\/03\/13\/onu-reune-a-fuerzas-politicas-en-honduras-para-crear-bases-de-dialogo\/","name":"ONU re\u00fane a fuerzas pol\u00edticas en Honduras para crear bases de di\u00e1logo - Noti-America.com","isPartOf":{"@id":"https:\/\/noti-america.com\/site\/principal\/#website"},"datePublished":"2018-03-13T12:09:55+00:00","author":{"@id":"https:\/\/noti-america.com\/site\/principal\/#\/schema\/person\/1a24e37c3c358f389f0a111448ddb870"},"breadcrumb":{"@id":"https:\/\/noti-america.com\/site\/principal\/2018\/03\/13\/onu-reune-a-fuerzas-politicas-en-honduras-para-crear-bases-de-dialogo\/#breadcrumb"},"inLanguage":"es","potentialAction":[{"@type":"ReadAction","target":["https:\/\/noti-america.com\/site\/principal\/2018\/03\/13\/onu-reune-a-fuerzas-politicas-en-honduras-para-crear-bases-de-dialogo\/"]}]},{"@type":"BreadcrumbList","@id":"https:\/\/noti-america.com\/site\/principal\/2018\/03\/13\/onu-reune-a-fuerzas-politicas-en-honduras-para-crear-bases-de-dialogo\/#breadcrumb","itemListElement":[{"@type":"ListItem","position":1,"name":"Portada","item":"https:\/\/noti-america.com\/site\/principal\/"},{"@type":"ListItem","position":2,"name":"ONU re\u00fane a fuerzas pol\u00edticas en Honduras para crear bases de di\u00e1logo"}]},{"@type":"WebSite","@id":"https:\/\/noti-america.com\/site\/principal\/#website","url":"https:\/\/noti-america.com\/site\/principal\/","name":"Noti-America.com","description":"El Noticiero Digital M\u00e1s Grande de Am\u00e9rica","potentialAction":[{"@type":"SearchAction","target":{"@type":"EntryPoint","urlTemplate":"https:\/\/noti-america.com\/site\/principal\/?s={search_term_string}"},"query-input":{"@type":"PropertyValueSpecification","valueRequired":true,"valueName":"search_term_string"}}],"inLanguage":"es"},{"@type":"Person","@id":"https:\/\/noti-america.com\/site\/principal\/#\/schema\/person\/1a24e37c3c358f389f0a111448ddb870","name":"Ydalith Figueroa Kad-Bay","image":{"@type":"ImageObject","inLanguage":"es","@id":"https:\/\/secure.gravatar.com\/avatar\/7d1e350465afd215908c3ed413e32ef600cd41c3c21b95416252432a9f6c219c?s=96&d=mm&r=g","url":"https:\/\/secure.gravatar.com\/avatar\/7d1e350465afd215908c3ed413e32ef600cd41c3c21b95416252432a9f6c219c?s=96&d=mm&r=g","contentUrl":"https:\/\/secure.gravatar.com\/avatar\/7d1e350465afd215908c3ed413e32ef600cd41c3c21b95416252432a9f6c219c?s=96&d=mm&r=g","caption":"Ydalith Figueroa Kad-Bay"},"description":"CEO Noti-America Alemania Embajadora de Venezuela para el Proyecto de Acci\u00f3n Clim\u00e1tica de la ONU, Embajadora para la ense\u00f1anza de los ODS de la ONU, Amplificador de la Acci\u00f3n de los ODS de la ONU, Profesor Voluntario del Proyecto KAKUMA (Educaci\u00f3n de calidad para refugiados en \u00c1frica) UNHCR \u2013 ACNUR - Agencia para los refugiados de la ONU-, Miembro de la ONG Gente Y Ciudad, Embajador de las Instituciones de Microfinanzas \u201cNo a la pobreza ODS #1 de la ONU\u201d (todos tienen derecho a acceso a un cr\u00e9dito), y Voluntario al di\u00e1logo global de UN75. Twitter @ydalithkad email ydalith@yhaoo.com Locutor Profesional 32931 Universidad Central de Venezuela @ISHannover \"Colegio Internacional de Hannover Regi\u00f3n, Alemania\" Representante de Aprendizaje Innovaci\u00f3n y Tecnolog\u00eda #LMS (Sistema de Gesti\u00f3n de Aprendizaje) #LMS Gente y Ciudad &amp; Asesores Internacionales ONG Alemania. ONG \"Gente y Ciudad, Venezuela\" Miembro y Asesor especialista An\u00e1lisis de Pol\u00edtica Internacional Asesor Pol\u00edtico Internacional de Venezuela en la defensa de los Derechos Humanos y el restablecimiento Democr\u00e1tico. Diplomacia positiva y Activa. Pasi\u00f3n por el Golf Proyecto #LMS \"Golf para ni\u00f1os y adultos Internacional\" Pasi\u00f3n por los Postres Proyecto #LMS \"Postres, Que Unen a las Culturas del mundo\"","sameAs":["https:\/\/x.com\/ydalithkad"],"url":"https:\/\/noti-america.com\/site\/principal\/author\/yfigueroa\/"}]}},"_links":{"self":[{"href":"https:\/\/noti-america.com\/site\/principal\/wp-json\/wp\/v2\/posts\/957","targetHints":{"allow":["GET"]}}],"collection":[{"href":"https:\/\/noti-america.com\/site\/principal\/wp-json\/wp\/v2\/posts"}],"about":[{"href":"https:\/\/noti-america.com\/site\/principal\/wp-json\/wp\/v2\/types\/post"}],"author":[{"embeddable":true,"href":"https:\/\/noti-america.com\/site\/principal\/wp-json\/wp\/v2\/users\/31"}],"replies":[{"embeddable":true,"href":"https:\/\/noti-america.com\/site\/principal\/wp-json\/wp\/v2\/comments?post=957"}],"version-history":[{"count":1,"href":"https:\/\/noti-america.com\/site\/principal\/wp-json\/wp\/v2\/posts\/957\/revisions"}],"predecessor-version":[{"id":958,"href":"https:\/\/noti-america.com\/site\/principal\/wp-json\/wp\/v2\/posts\/957\/revisions\/958"}],"wp:attachment":[{"href":"https:\/\/noti-america.com\/site\/principal\/wp-json\/wp\/v2\/media?parent=957"}],"wp:term":[{"taxonomy":"category","embeddable":true,"href":"https:\/\/noti-america.com\/site\/principal\/wp-json\/wp\/v2\/categories?post=957"},{"taxonomy":"post_tag","embeddable":true,"href":"https:\/\/noti-america.com\/site\/principal\/wp-json\/wp\/v2\/tags?post=957"}],"curies":[{"name":"wp","href":"https:\/\/api.w.org\/{rel}","templated":true}]}}