{"id":9533,"date":"2022-01-22T01:57:29","date_gmt":"2022-01-22T05:57:29","guid":{"rendered":"https:\/\/noti-america.com\/site\/principal\/?p=9533"},"modified":"2022-01-22T01:57:29","modified_gmt":"2022-01-22T05:57:29","slug":"gobierno-de-joe-biden-requerira-que-las-personas-que-ingresen-a-ee-uu-en-viajes-esenciales-por-tierra-o-ferry-esten-completamente-vacunados-a-partir-del-sabado","status":"publish","type":"post","link":"https:\/\/noti-america.com\/site\/principal\/2022\/01\/22\/gobierno-de-joe-biden-requerira-que-las-personas-que-ingresen-a-ee-uu-en-viajes-esenciales-por-tierra-o-ferry-esten-completamente-vacunados-a-partir-del-sabado\/","title":{"rendered":"Gobierno de Joe Biden requerir\u00e1 que las personas que ingresen a EE.UU. en viajes esenciales por tierra o ferry est\u00e9n completamente vacunados a partir del s\u00e1bado"},"content":{"rendered":"<p>Estados Unidos exigir\u00e1 a los viajeros esenciales que ingresen a Estados Unidos a trav\u00e9s de puntos de entrada terrestres y terminales de ferry que est\u00e9n completamente vacunados contra el covid-19 y que presenten una prueba de vacunaci\u00f3n a partir del s\u00e1bado, seg\u00fan el Departamento de Seguridad Nacional (DHS, por sus siglas en ingl\u00e9s).<\/p>\n<p>El Gobierno de Biden abri\u00f3 en noviembre sus fronteras con Canad\u00e1 y M\u00e9xico a los viajeros no esenciales que est\u00e9n completamente vacunados.<\/p>\n<p>El DHS dijo en oto\u00f1o pasado que ampliar\u00eda en enero el requisito a los viajeros esenciales, a los que se les permiti\u00f3 cruzar a Estados Unidos durante el transcurso de la pandemia.<\/p>\n<blockquote><p>\u00abA partir del 22 de enero de 2022, el Departamento de Seguridad Nacional exigir\u00e1 que las personas no estadounidenses que entren en Estados Unidos a trav\u00e9s de los puertos de entrada terrestres o las terminales de ferry a lo largo de nuestras fronteras del norte y del sur est\u00e9n completamente vacunadas contra el covid-19 y est\u00e9n preparadas para mostrar la prueba de vacunaci\u00f3n relacionada\u00bb, dijo el secretario de Seguridad Nacional, Alejandro Mayorkas, en un comunicado el jueves.<\/p><\/blockquote>\n<p>\u00abEstos requisitos actualizados para viajar reflejan el compromiso de la administraci\u00f3n Biden-Harris de proteger la salud p\u00fablica al tiempo que se facilita de forma segura el comercio y los viajes transfronterizos que son fundamentales para nuestra econom\u00eda\u00bb, a\u00f1adi\u00f3.<\/p>\n<p>Los ciudadanos estadounidenses y los residentes permanentes no necesitan mostrar una prueba de vacunaci\u00f3n si entran por tierra o por ferry. No es necesario tampoco hacerse una prueba de covid-19. Los extranjeros, sin embargo, deben atestiguar que est\u00e1n vacunados y estar preparados para mostrar la prueba.<\/p>\n","protected":false},"excerpt":{"rendered":"<p>Estados Unidos exigir\u00e1 a los viajeros esenciales que ingresen a Estados Unidos a trav\u00e9s de puntos de entrada terrestres y terminales de ferry que est\u00e9n completamente vacunados contra el covid-19 y que presenten una&#46;&#46;&#46;<\/p>\n","protected":false},"author":117,"featured_media":9534,"comment_status":"open","ping_status":"open","sticky":false,"template":"","format":"standard","meta":{"_acf_changed":false,"rop_custom_images_group":[],"rop_custom_messages_group":[],"rop_publish_now":"initial","rop_publish_now_accounts":{"facebook_10219548024599422_1632221337088128":"","twitter_242054905_242054905":""},"rop_publish_now_history":[],"rop_publish_now_status":"pending","footnotes":""},"categories":[663],"tags":[622,829,1315,1316,1317],"class_list":["post-9533","post","type-post","status-publish","format-standard","has-post-thumbnail","hentry","category-actualidad","tag-eeuu","tag-covid","tag-estados-unidos","tag-normas","tag-vacuna"],"acf":[],"yoast_head":"<!-- This site is optimized with the Yoast SEO Premium plugin v24.9 (Yoast SEO v27.2) - https:\/\/yoast.com\/product\/yoast-seo-premium-wordpress\/ -->\n<title>Gobierno de Joe Biden requerir\u00e1 que las personas que ingresen a EE.UU. en viajes esenciales por tierra o ferry est\u00e9n completamente vacunados a partir del s\u00e1bado - Noti-America.com<\/title>\n<meta name=\"robots\" content=\"index, follow, max-snippet:-1, max-image-preview:large, max-video-preview:-1\" \/>\n<link rel=\"canonical\" href=\"https:\/\/noti-america.com\/site\/principal\/2022\/01\/22\/gobierno-de-joe-biden-requerira-que-las-personas-que-ingresen-a-ee-uu-en-viajes-esenciales-por-tierra-o-ferry-esten-completamente-vacunados-a-partir-del-sabado\/\" \/>\n<meta property=\"og:locale\" content=\"es_ES\" \/>\n<meta property=\"og:type\" content=\"article\" \/>\n<meta property=\"og:title\" content=\"Gobierno de Joe Biden requerir\u00e1 que las personas que ingresen a EE.UU. en viajes esenciales por tierra o ferry est\u00e9n completamente vacunados a partir del s\u00e1bado\" \/>\n<meta property=\"og:description\" content=\"Estados Unidos exigir\u00e1 a los viajeros esenciales que ingresen a Estados Unidos a trav\u00e9s de puntos de entrada terrestres y terminales de ferry que est\u00e9n completamente vacunados contra el covid-19 y que presenten una&#046;&#046;&#046;\" \/>\n<meta property=\"og:url\" content=\"https:\/\/noti-america.com\/site\/principal\/2022\/01\/22\/gobierno-de-joe-biden-requerira-que-las-personas-que-ingresen-a-ee-uu-en-viajes-esenciales-por-tierra-o-ferry-esten-completamente-vacunados-a-partir-del-sabado\/\" \/>\n<meta property=\"og:site_name\" content=\"Noti-America.com\" \/>\n<meta property=\"article:published_time\" content=\"2022-01-22T05:57:29+00:00\" \/>\n<meta property=\"og:image\" content=\"https:\/\/noti-america.com\/site\/principal\/wp-content\/uploads\/sites\/26\/2022\/01\/aeropuerto-virginia-usa_5877278_20210707110131.jpg\" \/>\n\t<meta property=\"og:image:width\" content=\"716\" \/>\n\t<meta property=\"og:image:height\" content=\"477\" \/>\n\t<meta property=\"og:image:type\" content=\"image\/jpeg\" \/>\n<meta name=\"twitter:card\" content=\"summary_large_image\" \/>\n<meta name=\"twitter:label1\" content=\"Escrito por\" \/>\n\t<meta name=\"twitter:data1\" content=\"\" \/>\n\t<meta name=\"twitter:label2\" content=\"Tiempo estimado de lectura\" \/>\n\t<meta name=\"twitter:data2\" content=\"2 minutos\" \/>\n<script type=\"application\/ld+json\" class=\"yoast-schema-graph\">{\"@context\":\"https:\/\/schema.org\",\"@graph\":[{\"@type\":\"Article\",\"@id\":\"https:\/\/noti-america.com\/site\/principal\/2022\/01\/22\/gobierno-de-joe-biden-requerira-que-las-personas-que-ingresen-a-ee-uu-en-viajes-esenciales-por-tierra-o-ferry-esten-completamente-vacunados-a-partir-del-sabado\/#article\",\"isPartOf\":{\"@id\":\"https:\/\/noti-america.com\/site\/principal\/2022\/01\/22\/gobierno-de-joe-biden-requerira-que-las-personas-que-ingresen-a-ee-uu-en-viajes-esenciales-por-tierra-o-ferry-esten-completamente-vacunados-a-partir-del-sabado\/\"},\"author\":{\"name\":\"\",\"@id\":\"\"},\"headline\":\"Gobierno de Joe Biden requerir\u00e1 que las personas que ingresen a EE.UU. en viajes esenciales por tierra o ferry est\u00e9n completamente vacunados a partir del s\u00e1bado\",\"datePublished\":\"2022-01-22T05:57:29+00:00\",\"mainEntityOfPage\":{\"@id\":\"https:\/\/noti-america.com\/site\/principal\/2022\/01\/22\/gobierno-de-joe-biden-requerira-que-las-personas-que-ingresen-a-ee-uu-en-viajes-esenciales-por-tierra-o-ferry-esten-completamente-vacunados-a-partir-del-sabado\/\"},\"wordCount\":315,\"commentCount\":0,\"image\":{\"@id\":\"https:\/\/noti-america.com\/site\/principal\/2022\/01\/22\/gobierno-de-joe-biden-requerira-que-las-personas-que-ingresen-a-ee-uu-en-viajes-esenciales-por-tierra-o-ferry-esten-completamente-vacunados-a-partir-del-sabado\/#primaryimage\"},\"thumbnailUrl\":\"https:\/\/noti-america.com\/site\/principal\/wp-content\/uploads\/sites\/26\/2022\/01\/aeropuerto-virginia-usa_5877278_20210707110131.jpg\",\"keywords\":[\"#EEUU\",\"Covid\",\"Estados Unidos\",\"Normas\",\"Vacuna\"],\"articleSection\":[\"Actualidad\"],\"inLanguage\":\"es\",\"potentialAction\":[{\"@type\":\"CommentAction\",\"name\":\"Comment\",\"target\":[\"https:\/\/noti-america.com\/site\/principal\/2022\/01\/22\/gobierno-de-joe-biden-requerira-que-las-personas-que-ingresen-a-ee-uu-en-viajes-esenciales-por-tierra-o-ferry-esten-completamente-vacunados-a-partir-del-sabado\/#respond\"]}]},{\"@type\":\"WebPage\",\"@id\":\"https:\/\/noti-america.com\/site\/principal\/2022\/01\/22\/gobierno-de-joe-biden-requerira-que-las-personas-que-ingresen-a-ee-uu-en-viajes-esenciales-por-tierra-o-ferry-esten-completamente-vacunados-a-partir-del-sabado\/\",\"url\":\"https:\/\/noti-america.com\/site\/principal\/2022\/01\/22\/gobierno-de-joe-biden-requerira-que-las-personas-que-ingresen-a-ee-uu-en-viajes-esenciales-por-tierra-o-ferry-esten-completamente-vacunados-a-partir-del-sabado\/\",\"name\":\"Gobierno de Joe Biden requerir\u00e1 que las personas que ingresen a EE.UU. en viajes esenciales por tierra o ferry est\u00e9n completamente vacunados a partir del s\u00e1bado - Noti-America.com\",\"isPartOf\":{\"@id\":\"https:\/\/noti-america.com\/site\/principal\/#website\"},\"primaryImageOfPage\":{\"@id\":\"https:\/\/noti-america.com\/site\/principal\/2022\/01\/22\/gobierno-de-joe-biden-requerira-que-las-personas-que-ingresen-a-ee-uu-en-viajes-esenciales-por-tierra-o-ferry-esten-completamente-vacunados-a-partir-del-sabado\/#primaryimage\"},\"image\":{\"@id\":\"https:\/\/noti-america.com\/site\/principal\/2022\/01\/22\/gobierno-de-joe-biden-requerira-que-las-personas-que-ingresen-a-ee-uu-en-viajes-esenciales-por-tierra-o-ferry-esten-completamente-vacunados-a-partir-del-sabado\/#primaryimage\"},\"thumbnailUrl\":\"https:\/\/noti-america.com\/site\/principal\/wp-content\/uploads\/sites\/26\/2022\/01\/aeropuerto-virginia-usa_5877278_20210707110131.jpg\",\"datePublished\":\"2022-01-22T05:57:29+00:00\",\"author\":{\"@id\":\"\"},\"breadcrumb\":{\"@id\":\"https:\/\/noti-america.com\/site\/principal\/2022\/01\/22\/gobierno-de-joe-biden-requerira-que-las-personas-que-ingresen-a-ee-uu-en-viajes-esenciales-por-tierra-o-ferry-esten-completamente-vacunados-a-partir-del-sabado\/#breadcrumb\"},\"inLanguage\":\"es\",\"potentialAction\":[{\"@type\":\"ReadAction\",\"target\":[\"https:\/\/noti-america.com\/site\/principal\/2022\/01\/22\/gobierno-de-joe-biden-requerira-que-las-personas-que-ingresen-a-ee-uu-en-viajes-esenciales-por-tierra-o-ferry-esten-completamente-vacunados-a-partir-del-sabado\/\"]}]},{\"@type\":\"ImageObject\",\"inLanguage\":\"es\",\"@id\":\"https:\/\/noti-america.com\/site\/principal\/2022\/01\/22\/gobierno-de-joe-biden-requerira-que-las-personas-que-ingresen-a-ee-uu-en-viajes-esenciales-por-tierra-o-ferry-esten-completamente-vacunados-a-partir-del-sabado\/#primaryimage\",\"url\":\"https:\/\/noti-america.com\/site\/principal\/wp-content\/uploads\/sites\/26\/2022\/01\/aeropuerto-virginia-usa_5877278_20210707110131.jpg\",\"contentUrl\":\"https:\/\/noti-america.com\/site\/principal\/wp-content\/uploads\/sites\/26\/2022\/01\/aeropuerto-virginia-usa_5877278_20210707110131.jpg\",\"width\":716,\"height\":477},{\"@type\":\"BreadcrumbList\",\"@id\":\"https:\/\/noti-america.com\/site\/principal\/2022\/01\/22\/gobierno-de-joe-biden-requerira-que-las-personas-que-ingresen-a-ee-uu-en-viajes-esenciales-por-tierra-o-ferry-esten-completamente-vacunados-a-partir-del-sabado\/#breadcrumb\",\"itemListElement\":[{\"@type\":\"ListItem\",\"position\":1,\"name\":\"Portada\",\"item\":\"https:\/\/noti-america.com\/site\/principal\/\"},{\"@type\":\"ListItem\",\"position\":2,\"name\":\"Gobierno de Joe Biden requerir\u00e1 que las personas que ingresen a EE.UU. en viajes esenciales por tierra o ferry est\u00e9n completamente vacunados a partir del s\u00e1bado\"}]},{\"@type\":\"WebSite\",\"@id\":\"https:\/\/noti-america.com\/site\/principal\/#website\",\"url\":\"https:\/\/noti-america.com\/site\/principal\/\",\"name\":\"Noti-America.com\",\"description\":\"El Noticiero Digital M\u00e1s Grande de Am\u00e9rica\",\"potentialAction\":[{\"@type\":\"SearchAction\",\"target\":{\"@type\":\"EntryPoint\",\"urlTemplate\":\"https:\/\/noti-america.com\/site\/principal\/?s={search_term_string}\"},\"query-input\":{\"@type\":\"PropertyValueSpecification\",\"valueRequired\":true,\"valueName\":\"search_term_string\"}}],\"inLanguage\":\"es\"},{\"@type\":\"Person\",\"@id\":\"\",\"url\":\"https:\/\/noti-america.com\/site\/principal\/author\/\"}]}<\/script>\n<!-- \/ Yoast SEO Premium plugin. -->","yoast_head_json":{"title":"Gobierno de Joe Biden requerir\u00e1 que las personas que ingresen a EE.UU. en viajes esenciales por tierra o ferry est\u00e9n completamente vacunados a partir del s\u00e1bado - Noti-America.com","robots":{"index":"index","follow":"follow","max-snippet":"max-snippet:-1","max-image-preview":"max-image-preview:large","max-video-preview":"max-video-preview:-1"},"canonical":"https:\/\/noti-america.com\/site\/principal\/2022\/01\/22\/gobierno-de-joe-biden-requerira-que-las-personas-que-ingresen-a-ee-uu-en-viajes-esenciales-por-tierra-o-ferry-esten-completamente-vacunados-a-partir-del-sabado\/","og_locale":"es_ES","og_type":"article","og_title":"Gobierno de Joe Biden requerir\u00e1 que las personas que ingresen a EE.UU. en viajes esenciales por tierra o ferry est\u00e9n completamente vacunados a partir del s\u00e1bado","og_description":"Estados Unidos exigir\u00e1 a los viajeros esenciales que ingresen a Estados Unidos a trav\u00e9s de puntos de entrada terrestres y terminales de ferry que est\u00e9n completamente vacunados contra el covid-19 y que presenten una&#46;&#46;&#46;","og_url":"https:\/\/noti-america.com\/site\/principal\/2022\/01\/22\/gobierno-de-joe-biden-requerira-que-las-personas-que-ingresen-a-ee-uu-en-viajes-esenciales-por-tierra-o-ferry-esten-completamente-vacunados-a-partir-del-sabado\/","og_site_name":"Noti-America.com","article_published_time":"2022-01-22T05:57:29+00:00","og_image":[{"width":716,"height":477,"url":"https:\/\/noti-america.com\/site\/principal\/wp-content\/uploads\/sites\/26\/2022\/01\/aeropuerto-virginia-usa_5877278_20210707110131.jpg","type":"image\/jpeg"}],"twitter_card":"summary_large_image","twitter_misc":{"Escrito por":"","Tiempo estimado de lectura":"2 minutos"},"schema":{"@context":"https:\/\/schema.org","@graph":[{"@type":"Article","@id":"https:\/\/noti-america.com\/site\/principal\/2022\/01\/22\/gobierno-de-joe-biden-requerira-que-las-personas-que-ingresen-a-ee-uu-en-viajes-esenciales-por-tierra-o-ferry-esten-completamente-vacunados-a-partir-del-sabado\/#article","isPartOf":{"@id":"https:\/\/noti-america.com\/site\/principal\/2022\/01\/22\/gobierno-de-joe-biden-requerira-que-las-personas-que-ingresen-a-ee-uu-en-viajes-esenciales-por-tierra-o-ferry-esten-completamente-vacunados-a-partir-del-sabado\/"},"author":{"name":"","@id":""},"headline":"Gobierno de Joe Biden requerir\u00e1 que las personas que ingresen a EE.UU. en viajes esenciales por tierra o ferry est\u00e9n completamente vacunados a partir del s\u00e1bado","datePublished":"2022-01-22T05:57:29+00:00","mainEntityOfPage":{"@id":"https:\/\/noti-america.com\/site\/principal\/2022\/01\/22\/gobierno-de-joe-biden-requerira-que-las-personas-que-ingresen-a-ee-uu-en-viajes-esenciales-por-tierra-o-ferry-esten-completamente-vacunados-a-partir-del-sabado\/"},"wordCount":315,"commentCount":0,"image":{"@id":"https:\/\/noti-america.com\/site\/principal\/2022\/01\/22\/gobierno-de-joe-biden-requerira-que-las-personas-que-ingresen-a-ee-uu-en-viajes-esenciales-por-tierra-o-ferry-esten-completamente-vacunados-a-partir-del-sabado\/#primaryimage"},"thumbnailUrl":"https:\/\/noti-america.com\/site\/principal\/wp-content\/uploads\/sites\/26\/2022\/01\/aeropuerto-virginia-usa_5877278_20210707110131.jpg","keywords":["#EEUU","Covid","Estados Unidos","Normas","Vacuna"],"articleSection":["Actualidad"],"inLanguage":"es","potentialAction":[{"@type":"CommentAction","name":"Comment","target":["https:\/\/noti-america.com\/site\/principal\/2022\/01\/22\/gobierno-de-joe-biden-requerira-que-las-personas-que-ingresen-a-ee-uu-en-viajes-esenciales-por-tierra-o-ferry-esten-completamente-vacunados-a-partir-del-sabado\/#respond"]}]},{"@type":"WebPage","@id":"https:\/\/noti-america.com\/site\/principal\/2022\/01\/22\/gobierno-de-joe-biden-requerira-que-las-personas-que-ingresen-a-ee-uu-en-viajes-esenciales-por-tierra-o-ferry-esten-completamente-vacunados-a-partir-del-sabado\/","url":"https:\/\/noti-america.com\/site\/principal\/2022\/01\/22\/gobierno-de-joe-biden-requerira-que-las-personas-que-ingresen-a-ee-uu-en-viajes-esenciales-por-tierra-o-ferry-esten-completamente-vacunados-a-partir-del-sabado\/","name":"Gobierno de Joe Biden requerir\u00e1 que las personas que ingresen a EE.UU. en viajes esenciales por tierra o ferry est\u00e9n completamente vacunados a partir del s\u00e1bado - Noti-America.com","isPartOf":{"@id":"https:\/\/noti-america.com\/site\/principal\/#website"},"primaryImageOfPage":{"@id":"https:\/\/noti-america.com\/site\/principal\/2022\/01\/22\/gobierno-de-joe-biden-requerira-que-las-personas-que-ingresen-a-ee-uu-en-viajes-esenciales-por-tierra-o-ferry-esten-completamente-vacunados-a-partir-del-sabado\/#primaryimage"},"image":{"@id":"https:\/\/noti-america.com\/site\/principal\/2022\/01\/22\/gobierno-de-joe-biden-requerira-que-las-personas-que-ingresen-a-ee-uu-en-viajes-esenciales-por-tierra-o-ferry-esten-completamente-vacunados-a-partir-del-sabado\/#primaryimage"},"thumbnailUrl":"https:\/\/noti-america.com\/site\/principal\/wp-content\/uploads\/sites\/26\/2022\/01\/aeropuerto-virginia-usa_5877278_20210707110131.jpg","datePublished":"2022-01-22T05:57:29+00:00","author":{"@id":""},"breadcrumb":{"@id":"https:\/\/noti-america.com\/site\/principal\/2022\/01\/22\/gobierno-de-joe-biden-requerira-que-las-personas-que-ingresen-a-ee-uu-en-viajes-esenciales-por-tierra-o-ferry-esten-completamente-vacunados-a-partir-del-sabado\/#breadcrumb"},"inLanguage":"es","potentialAction":[{"@type":"ReadAction","target":["https:\/\/noti-america.com\/site\/principal\/2022\/01\/22\/gobierno-de-joe-biden-requerira-que-las-personas-que-ingresen-a-ee-uu-en-viajes-esenciales-por-tierra-o-ferry-esten-completamente-vacunados-a-partir-del-sabado\/"]}]},{"@type":"ImageObject","inLanguage":"es","@id":"https:\/\/noti-america.com\/site\/principal\/2022\/01\/22\/gobierno-de-joe-biden-requerira-que-las-personas-que-ingresen-a-ee-uu-en-viajes-esenciales-por-tierra-o-ferry-esten-completamente-vacunados-a-partir-del-sabado\/#primaryimage","url":"https:\/\/noti-america.com\/site\/principal\/wp-content\/uploads\/sites\/26\/2022\/01\/aeropuerto-virginia-usa_5877278_20210707110131.jpg","contentUrl":"https:\/\/noti-america.com\/site\/principal\/wp-content\/uploads\/sites\/26\/2022\/01\/aeropuerto-virginia-usa_5877278_20210707110131.jpg","width":716,"height":477},{"@type":"BreadcrumbList","@id":"https:\/\/noti-america.com\/site\/principal\/2022\/01\/22\/gobierno-de-joe-biden-requerira-que-las-personas-que-ingresen-a-ee-uu-en-viajes-esenciales-por-tierra-o-ferry-esten-completamente-vacunados-a-partir-del-sabado\/#breadcrumb","itemListElement":[{"@type":"ListItem","position":1,"name":"Portada","item":"https:\/\/noti-america.com\/site\/principal\/"},{"@type":"ListItem","position":2,"name":"Gobierno de Joe Biden requerir\u00e1 que las personas que ingresen a EE.UU. en viajes esenciales por tierra o ferry est\u00e9n completamente vacunados a partir del s\u00e1bado"}]},{"@type":"WebSite","@id":"https:\/\/noti-america.com\/site\/principal\/#website","url":"https:\/\/noti-america.com\/site\/principal\/","name":"Noti-America.com","description":"El Noticiero Digital M\u00e1s Grande de Am\u00e9rica","potentialAction":[{"@type":"SearchAction","target":{"@type":"EntryPoint","urlTemplate":"https:\/\/noti-america.com\/site\/principal\/?s={search_term_string}"},"query-input":{"@type":"PropertyValueSpecification","valueRequired":true,"valueName":"search_term_string"}}],"inLanguage":"es"},{"@type":"Person","@id":"","url":"https:\/\/noti-america.com\/site\/principal\/author\/"}]}},"_links":{"self":[{"href":"https:\/\/noti-america.com\/site\/principal\/wp-json\/wp\/v2\/posts\/9533","targetHints":{"allow":["GET"]}}],"collection":[{"href":"https:\/\/noti-america.com\/site\/principal\/wp-json\/wp\/v2\/posts"}],"about":[{"href":"https:\/\/noti-america.com\/site\/principal\/wp-json\/wp\/v2\/types\/post"}],"author":[{"embeddable":true,"href":"https:\/\/noti-america.com\/site\/principal\/wp-json\/wp\/v2\/users\/117"}],"replies":[{"embeddable":true,"href":"https:\/\/noti-america.com\/site\/principal\/wp-json\/wp\/v2\/comments?post=9533"}],"version-history":[{"count":0,"href":"https:\/\/noti-america.com\/site\/principal\/wp-json\/wp\/v2\/posts\/9533\/revisions"}],"wp:featuredmedia":[{"embeddable":true,"href":"https:\/\/noti-america.com\/site\/principal\/wp-json\/wp\/v2\/media\/9534"}],"wp:attachment":[{"href":"https:\/\/noti-america.com\/site\/principal\/wp-json\/wp\/v2\/media?parent=9533"}],"wp:term":[{"taxonomy":"category","embeddable":true,"href":"https:\/\/noti-america.com\/site\/principal\/wp-json\/wp\/v2\/categories?post=9533"},{"taxonomy":"post_tag","embeddable":true,"href":"https:\/\/noti-america.com\/site\/principal\/wp-json\/wp\/v2\/tags?post=9533"}],"curies":[{"name":"wp","href":"https:\/\/api.w.org\/{rel}","templated":true}]}}