{"id":94557,"date":"2026-09-04T16:04:10","date_gmt":"2026-09-04T20:04:10","guid":{"rendered":"https:\/\/noti-america.com\/site\/principal\/?p=94557"},"modified":"2026-09-04T16:04:10","modified_gmt":"2026-09-04T20:04:10","slug":"miss-mundo-2026-donde-ver-la-final-y-como-apoyar-a-ignacia-fernandez-la-representante-de-chile","status":"publish","type":"post","link":"https:\/\/noti-america.com\/site\/principal\/2026\/09\/04\/miss-mundo-2026-donde-ver-la-final-y-como-apoyar-a-ignacia-fernandez-la-representante-de-chile\/","title":{"rendered":"Miss Mundo 2026: d\u00f3nde ver la final y c\u00f3mo apoyar a Ignacia Fern\u00e1ndez, la representante de Chile"},"content":{"rendered":"<p>NOTI-AMERICA.COM | CHILE<\/p>\n<p style=\"text-align: justify\">Chile estar\u00e1 presente en una de las noches m\u00e1s esperadas del mundo de los concursos de belleza. Ignacia Fern\u00e1ndez, representante nacional, se prepara para disputar este s\u00e1bado la gran final del Miss Mundo, instancia en la que se conocer\u00e1 a la nueva soberana del certamen internacional.<\/p>\n<p style=\"text-align: justify\">La definici\u00f3n se realizar\u00e1 en Nha Trang, Vietnam, en el marco de una edici\u00f3n especial que conmemora el 75\u00b0 aniversario de Miss World.<\/p>\n<p style=\"text-align: justify\">La organizaci\u00f3n de Miss Mundo Chile destac\u00f3 la importancia de esta jornada e hizo un llamado a los seguidores de la candidata nacional a acompa\u00f1arla durante la competencia, donde buscar\u00e1 dejar el nombre de Chile en lo m\u00e1s alto.<\/p>\n<h2 style=\"text-align: justify\">\u00bfCu\u00e1ndo es la final de Miss Mundo?<\/h2>\n<p style=\"text-align: justify\">La gran final del\u00a0<strong>Miss World Festival<\/strong>\u00a0\u2013 75th Anniversary se llevar\u00e1 a cabo este\u00a0<strong>s\u00e1bado 5 de septiembre<\/strong>\u00a0en Nha Trang, Vietnam.<\/p>\n<p style=\"text-align: justify\">La ceremonia comenzar\u00e1 a las\u00a0<strong>19:00 horas de Vietnam<\/strong>, lo que corresponde a las\u00a0<strong>08:00 horas de Chile<\/strong>.<\/p>\n<p style=\"text-align: justify\">Durante la jornada se conocer\u00e1 finalmente qui\u00e9n ser\u00e1 coronada como la nueva\u00a0<strong>Miss Mundo<\/strong>.<\/p>\n<h2 style=\"text-align: justify\">\u00bfD\u00f3nde ver la final de Miss Mundo en Chile?<\/h2>\n<p style=\"text-align: justify\">Los fan\u00e1ticos del certamen podr\u00e1n seguir la competencia desde nuestro pa\u00eds a trav\u00e9s de\u00a0<strong>Chilevisi\u00f3n<\/strong>, que transmitir\u00e1 la\u00a0<strong>gran final en vivo<\/strong>.<\/p>\n<p style=\"text-align: justify\">As\u00ed, los espectadores chilenos podr\u00e1n acompa\u00f1ar a\u00a0<strong>Ignacia Fern\u00e1ndez<\/strong>\u00a0durante una de las instancias m\u00e1s importantes de su participaci\u00f3n internacional.<\/p>\n<h2 style=\"text-align: justify\">\u00bfC\u00f3mo apoyar a Ignacia Fern\u00e1ndez?<\/h2>\n<p style=\"text-align: justify\">La organizaci\u00f3n de\u00a0<strong>Miss Mundo Chile<\/strong>\u00a0invit\u00f3 a los seguidores de la representante nacional a acompa\u00f1arla durante esta jornada hist\u00f3rica.<\/p>\n<p style=\"text-align: justify\">Una de las principales formas de respaldar a la chilena es seguir sus redes sociales, compartir sus publicaciones y demostrarle apoyo durante la gran final.<\/p>\n<p style=\"text-align: justify\">Adem\u00e1s, para apoyar a la representante chilena en la categor\u00eda People&#8217;s Choice, solo debes descargar la app\u00a0<strong>1ZONE<\/strong>, buscar \u201cChile\u201d, seleccionar a\u00a0<strong>Ignacia Fern\u00e1ndez<\/strong>\u00a0y confirmar el voto. Esta votaci\u00f3n puede darle un cupo directo al TOP 40 de Miss Mundo y\u00a0<strong>estar\u00e1 disponible hasta el 4 de septiembre a las 12:00 horas de Chile<\/strong>.<\/p>\n<h2 style=\"text-align: justify\">Una noche especial para Miss Mundo<\/h2>\n<p style=\"text-align: justify\">La final tendr\u00e1 adem\u00e1s un significado especial para el tradicional concurso de belleza, ya que se desarrolla durante la\u00a0<strong>celebraci\u00f3n de sus 75 a\u00f1os<\/strong>.<\/p>\n<p style=\"text-align: justify\">Con la competencia instalada en Vietnam, candidatas de distintos pa\u00edses buscar\u00e1n quedarse con la corona y suceder a la actual\u00a0<strong>Miss Mundo<\/strong>.<\/p>\n<p style=\"text-align: justify\">Entre ellas estar\u00e1\u00a0<strong>Ignacia Fern\u00e1ndez<\/strong>, quien representar\u00e1 a Chile frente a una audiencia internacional y buscar\u00e1 avanzar hasta las \u00faltimas instancias de la competencia.<\/p>\n","protected":false},"excerpt":{"rendered":"<p>NOTI-AMERICA.COM | CHILE Chile estar\u00e1 presente en una de las noches m\u00e1s esperadas del mundo de los concursos de belleza. Ignacia Fern\u00e1ndez, representante nacional, se prepara para disputar este s\u00e1bado la gran final del&#46;&#46;&#46;<\/p>\n","protected":false},"author":133,"featured_media":94558,"comment_status":"","ping_status":"open","sticky":false,"template":"","format":"image","meta":{"_acf_changed":false,"rop_custom_images_group":[],"rop_custom_messages_group":[],"rop_publish_now":"no","rop_publish_now_accounts":{"facebook_10219548024599422_1632221337088128":"","twitter_242054905_242054905":""},"rop_publish_now_history":[{"account":"twitter_242054905_242054905","service":"twitter","timestamp":1788552305,"status":"error"}],"rop_publish_now_status":"done","footnotes":""},"categories":[663],"tags":[],"class_list":["post-94557","post","type-post","status-publish","format-image","has-post-thumbnail","hentry","category-actualidad","post_format-post-format-image"],"acf":[],"yoast_head":"<!-- This site is optimized with the Yoast SEO Premium plugin v24.9 (Yoast SEO v27.2) - https:\/\/yoast.com\/product\/yoast-seo-premium-wordpress\/ -->\n<title>Miss Mundo 2026: d\u00f3nde ver la final y c\u00f3mo apoyar a Ignacia Fern\u00e1ndez, la representante de Chile - Noti-America.com<\/title>\n<meta name=\"robots\" content=\"index, follow, max-snippet:-1, max-image-preview:large, max-video-preview:-1\" \/>\n<link rel=\"canonical\" href=\"https:\/\/noti-america.com\/site\/principal\/2026\/09\/04\/miss-mundo-2026-donde-ver-la-final-y-como-apoyar-a-ignacia-fernandez-la-representante-de-chile\/\" \/>\n<meta property=\"og:locale\" content=\"es_ES\" \/>\n<meta property=\"og:type\" content=\"article\" \/>\n<meta property=\"og:title\" content=\"Miss Mundo 2026: d\u00f3nde ver la final y c\u00f3mo apoyar a Ignacia Fern\u00e1ndez, la representante de Chile\" \/>\n<meta property=\"og:description\" content=\"NOTI-AMERICA.COM | CHILE Chile estar\u00e1 presente en una de las noches m\u00e1s esperadas del mundo de los concursos de belleza. Ignacia Fern\u00e1ndez, representante nacional, se prepara para disputar este s\u00e1bado la gran final del&#046;&#046;&#046;\" \/>\n<meta property=\"og:url\" content=\"https:\/\/noti-america.com\/site\/principal\/2026\/09\/04\/miss-mundo-2026-donde-ver-la-final-y-como-apoyar-a-ignacia-fernandez-la-representante-de-chile\/\" \/>\n<meta property=\"og:site_name\" content=\"Noti-America.com\" \/>\n<meta property=\"article:author\" content=\"Mar\u00eda Valentina Noguera\" \/>\n<meta property=\"article:published_time\" content=\"2026-09-04T20:04:10+00:00\" \/>\n<meta property=\"og:image\" content=\"https:\/\/noti-america.com\/site\/principal\/wp-content\/uploads\/sites\/26\/2026\/09\/Screenshot_4-9-2026_115659_www.24horas.cl_.jpeg\" \/>\n\t<meta property=\"og:image:width\" content=\"1045\" \/>\n\t<meta property=\"og:image:height\" content=\"631\" \/>\n\t<meta property=\"og:image:type\" content=\"image\/jpeg\" \/>\n<meta name=\"author\" content=\"Maria Valentina Noguera Medina\" \/>\n<meta name=\"twitter:card\" content=\"summary_large_image\" \/>\n<meta name=\"twitter:label1\" content=\"Escrito por\" \/>\n\t<meta name=\"twitter:data1\" content=\"Maria Valentina Noguera Medina\" \/>\n\t<meta name=\"twitter:label2\" content=\"Tiempo estimado de lectura\" \/>\n\t<meta name=\"twitter:data2\" content=\"2 minutos\" \/>\n<script type=\"application\/ld+json\" class=\"yoast-schema-graph\">{\"@context\":\"https:\/\/schema.org\",\"@graph\":[{\"@type\":\"Article\",\"@id\":\"https:\/\/noti-america.com\/site\/principal\/2026\/09\/04\/miss-mundo-2026-donde-ver-la-final-y-como-apoyar-a-ignacia-fernandez-la-representante-de-chile\/#article\",\"isPartOf\":{\"@id\":\"https:\/\/noti-america.com\/site\/principal\/2026\/09\/04\/miss-mundo-2026-donde-ver-la-final-y-como-apoyar-a-ignacia-fernandez-la-representante-de-chile\/\"},\"author\":{\"name\":\"Maria Valentina Noguera Medina\",\"@id\":\"https:\/\/noti-america.com\/site\/principal\/#\/schema\/person\/b0777fb8ad9a321dc446ddbbceae778f\"},\"headline\":\"Miss Mundo 2026: d\u00f3nde ver la final y c\u00f3mo apoyar a Ignacia Fern\u00e1ndez, la representante de Chile\",\"datePublished\":\"2026-09-04T20:04:10+00:00\",\"mainEntityOfPage\":{\"@id\":\"https:\/\/noti-america.com\/site\/principal\/2026\/09\/04\/miss-mundo-2026-donde-ver-la-final-y-como-apoyar-a-ignacia-fernandez-la-representante-de-chile\/\"},\"wordCount\":453,\"image\":{\"@id\":\"https:\/\/noti-america.com\/site\/principal\/2026\/09\/04\/miss-mundo-2026-donde-ver-la-final-y-como-apoyar-a-ignacia-fernandez-la-representante-de-chile\/#primaryimage\"},\"thumbnailUrl\":\"https:\/\/noti-america.com\/site\/principal\/wp-content\/uploads\/sites\/26\/2026\/09\/Screenshot_4-9-2026_115659_www.24horas.cl_.jpeg\",\"articleSection\":[\"Actualidad\"],\"inLanguage\":\"es\"},{\"@type\":\"WebPage\",\"@id\":\"https:\/\/noti-america.com\/site\/principal\/2026\/09\/04\/miss-mundo-2026-donde-ver-la-final-y-como-apoyar-a-ignacia-fernandez-la-representante-de-chile\/\",\"url\":\"https:\/\/noti-america.com\/site\/principal\/2026\/09\/04\/miss-mundo-2026-donde-ver-la-final-y-como-apoyar-a-ignacia-fernandez-la-representante-de-chile\/\",\"name\":\"Miss Mundo 2026: d\u00f3nde ver la final y c\u00f3mo apoyar a Ignacia Fern\u00e1ndez, la representante de Chile - Noti-America.com\",\"isPartOf\":{\"@id\":\"https:\/\/noti-america.com\/site\/principal\/#website\"},\"primaryImageOfPage\":{\"@id\":\"https:\/\/noti-america.com\/site\/principal\/2026\/09\/04\/miss-mundo-2026-donde-ver-la-final-y-como-apoyar-a-ignacia-fernandez-la-representante-de-chile\/#primaryimage\"},\"image\":{\"@id\":\"https:\/\/noti-america.com\/site\/principal\/2026\/09\/04\/miss-mundo-2026-donde-ver-la-final-y-como-apoyar-a-ignacia-fernandez-la-representante-de-chile\/#primaryimage\"},\"thumbnailUrl\":\"https:\/\/noti-america.com\/site\/principal\/wp-content\/uploads\/sites\/26\/2026\/09\/Screenshot_4-9-2026_115659_www.24horas.cl_.jpeg\",\"datePublished\":\"2026-09-04T20:04:10+00:00\",\"author\":{\"@id\":\"https:\/\/noti-america.com\/site\/principal\/#\/schema\/person\/b0777fb8ad9a321dc446ddbbceae778f\"},\"breadcrumb\":{\"@id\":\"https:\/\/noti-america.com\/site\/principal\/2026\/09\/04\/miss-mundo-2026-donde-ver-la-final-y-como-apoyar-a-ignacia-fernandez-la-representante-de-chile\/#breadcrumb\"},\"inLanguage\":\"es\",\"potentialAction\":[{\"@type\":\"ReadAction\",\"target\":[\"https:\/\/noti-america.com\/site\/principal\/2026\/09\/04\/miss-mundo-2026-donde-ver-la-final-y-como-apoyar-a-ignacia-fernandez-la-representante-de-chile\/\"]}]},{\"@type\":\"ImageObject\",\"inLanguage\":\"es\",\"@id\":\"https:\/\/noti-america.com\/site\/principal\/2026\/09\/04\/miss-mundo-2026-donde-ver-la-final-y-como-apoyar-a-ignacia-fernandez-la-representante-de-chile\/#primaryimage\",\"url\":\"https:\/\/noti-america.com\/site\/principal\/wp-content\/uploads\/sites\/26\/2026\/09\/Screenshot_4-9-2026_115659_www.24horas.cl_.jpeg\",\"contentUrl\":\"https:\/\/noti-america.com\/site\/principal\/wp-content\/uploads\/sites\/26\/2026\/09\/Screenshot_4-9-2026_115659_www.24horas.cl_.jpeg\",\"width\":1045,\"height\":631},{\"@type\":\"BreadcrumbList\",\"@id\":\"https:\/\/noti-america.com\/site\/principal\/2026\/09\/04\/miss-mundo-2026-donde-ver-la-final-y-como-apoyar-a-ignacia-fernandez-la-representante-de-chile\/#breadcrumb\",\"itemListElement\":[{\"@type\":\"ListItem\",\"position\":1,\"name\":\"Portada\",\"item\":\"https:\/\/noti-america.com\/site\/principal\/\"},{\"@type\":\"ListItem\",\"position\":2,\"name\":\"Miss Mundo 2026: d\u00f3nde ver la final y c\u00f3mo apoyar a Ignacia Fern\u00e1ndez, la representante de Chile\"}]},{\"@type\":\"WebSite\",\"@id\":\"https:\/\/noti-america.com\/site\/principal\/#website\",\"url\":\"https:\/\/noti-america.com\/site\/principal\/\",\"name\":\"Noti-America.com\",\"description\":\"El Noticiero Digital M\u00e1s Grande de Am\u00e9rica\",\"potentialAction\":[{\"@type\":\"SearchAction\",\"target\":{\"@type\":\"EntryPoint\",\"urlTemplate\":\"https:\/\/noti-america.com\/site\/principal\/?s={search_term_string}\"},\"query-input\":{\"@type\":\"PropertyValueSpecification\",\"valueRequired\":true,\"valueName\":\"search_term_string\"}}],\"inLanguage\":\"es\"},{\"@type\":\"Person\",\"@id\":\"https:\/\/noti-america.com\/site\/principal\/#\/schema\/person\/b0777fb8ad9a321dc446ddbbceae778f\",\"name\":\"Maria Valentina Noguera Medina\",\"image\":{\"@type\":\"ImageObject\",\"inLanguage\":\"es\",\"@id\":\"https:\/\/secure.gravatar.com\/avatar\/4ec5eb9d099f2608a49c9df6f7341f66f04f819cdffa09d56a7a0e91d2819d56?s=96&d=mm&r=g\",\"url\":\"https:\/\/secure.gravatar.com\/avatar\/4ec5eb9d099f2608a49c9df6f7341f66f04f819cdffa09d56a7a0e91d2819d56?s=96&d=mm&r=g\",\"contentUrl\":\"https:\/\/secure.gravatar.com\/avatar\/4ec5eb9d099f2608a49c9df6f7341f66f04f819cdffa09d56a7a0e91d2819d56?s=96&d=mm&r=g\",\"caption\":\"Maria Valentina Noguera Medina\"},\"description\":\"Periodista - noti-america - Promar Community Manager - Talento Plus Dise\u00f1adora\/ creadora de contenido...\",\"sameAs\":[\"Mar\u00eda Valentina Noguera\",\"https:\/\/www.facebook.com\/mariavalentina.noguera\",\"https:\/\/www.linkedin.com\/in\/mara-valentina-noguera-medina-373075165\/\",\"https:\/\/www.pinterest.es\/valentinanoguera95\/\",\"https:\/\/www.youtube.com\/channel\/UCdek6mbUZ-Tqqw0I63i4nmQ\"],\"url\":\"https:\/\/noti-america.com\/site\/principal\/author\/mnoguera\/\"}]}<\/script>\n<!-- \/ Yoast SEO Premium plugin. -->","yoast_head_json":{"title":"Miss Mundo 2026: d\u00f3nde ver la final y c\u00f3mo apoyar a Ignacia Fern\u00e1ndez, la representante de Chile - Noti-America.com","robots":{"index":"index","follow":"follow","max-snippet":"max-snippet:-1","max-image-preview":"max-image-preview:large","max-video-preview":"max-video-preview:-1"},"canonical":"https:\/\/noti-america.com\/site\/principal\/2026\/09\/04\/miss-mundo-2026-donde-ver-la-final-y-como-apoyar-a-ignacia-fernandez-la-representante-de-chile\/","og_locale":"es_ES","og_type":"article","og_title":"Miss Mundo 2026: d\u00f3nde ver la final y c\u00f3mo apoyar a Ignacia Fern\u00e1ndez, la representante de Chile","og_description":"NOTI-AMERICA.COM | CHILE Chile estar\u00e1 presente en una de las noches m\u00e1s esperadas del mundo de los concursos de belleza. Ignacia Fern\u00e1ndez, representante nacional, se prepara para disputar este s\u00e1bado la gran final del&#46;&#46;&#46;","og_url":"https:\/\/noti-america.com\/site\/principal\/2026\/09\/04\/miss-mundo-2026-donde-ver-la-final-y-como-apoyar-a-ignacia-fernandez-la-representante-de-chile\/","og_site_name":"Noti-America.com","article_author":"Mar\u00eda Valentina Noguera","article_published_time":"2026-09-04T20:04:10+00:00","og_image":[{"width":1045,"height":631,"url":"https:\/\/noti-america.com\/site\/principal\/wp-content\/uploads\/sites\/26\/2026\/09\/Screenshot_4-9-2026_115659_www.24horas.cl_.jpeg","type":"image\/jpeg"}],"author":"Maria Valentina Noguera Medina","twitter_card":"summary_large_image","twitter_misc":{"Escrito por":"Maria Valentina Noguera Medina","Tiempo estimado de lectura":"2 minutos"},"schema":{"@context":"https:\/\/schema.org","@graph":[{"@type":"Article","@id":"https:\/\/noti-america.com\/site\/principal\/2026\/09\/04\/miss-mundo-2026-donde-ver-la-final-y-como-apoyar-a-ignacia-fernandez-la-representante-de-chile\/#article","isPartOf":{"@id":"https:\/\/noti-america.com\/site\/principal\/2026\/09\/04\/miss-mundo-2026-donde-ver-la-final-y-como-apoyar-a-ignacia-fernandez-la-representante-de-chile\/"},"author":{"name":"Maria Valentina Noguera Medina","@id":"https:\/\/noti-america.com\/site\/principal\/#\/schema\/person\/b0777fb8ad9a321dc446ddbbceae778f"},"headline":"Miss Mundo 2026: d\u00f3nde ver la final y c\u00f3mo apoyar a Ignacia Fern\u00e1ndez, la representante de Chile","datePublished":"2026-09-04T20:04:10+00:00","mainEntityOfPage":{"@id":"https:\/\/noti-america.com\/site\/principal\/2026\/09\/04\/miss-mundo-2026-donde-ver-la-final-y-como-apoyar-a-ignacia-fernandez-la-representante-de-chile\/"},"wordCount":453,"image":{"@id":"https:\/\/noti-america.com\/site\/principal\/2026\/09\/04\/miss-mundo-2026-donde-ver-la-final-y-como-apoyar-a-ignacia-fernandez-la-representante-de-chile\/#primaryimage"},"thumbnailUrl":"https:\/\/noti-america.com\/site\/principal\/wp-content\/uploads\/sites\/26\/2026\/09\/Screenshot_4-9-2026_115659_www.24horas.cl_.jpeg","articleSection":["Actualidad"],"inLanguage":"es"},{"@type":"WebPage","@id":"https:\/\/noti-america.com\/site\/principal\/2026\/09\/04\/miss-mundo-2026-donde-ver-la-final-y-como-apoyar-a-ignacia-fernandez-la-representante-de-chile\/","url":"https:\/\/noti-america.com\/site\/principal\/2026\/09\/04\/miss-mundo-2026-donde-ver-la-final-y-como-apoyar-a-ignacia-fernandez-la-representante-de-chile\/","name":"Miss Mundo 2026: d\u00f3nde ver la final y c\u00f3mo apoyar a Ignacia Fern\u00e1ndez, la representante de Chile - Noti-America.com","isPartOf":{"@id":"https:\/\/noti-america.com\/site\/principal\/#website"},"primaryImageOfPage":{"@id":"https:\/\/noti-america.com\/site\/principal\/2026\/09\/04\/miss-mundo-2026-donde-ver-la-final-y-como-apoyar-a-ignacia-fernandez-la-representante-de-chile\/#primaryimage"},"image":{"@id":"https:\/\/noti-america.com\/site\/principal\/2026\/09\/04\/miss-mundo-2026-donde-ver-la-final-y-como-apoyar-a-ignacia-fernandez-la-representante-de-chile\/#primaryimage"},"thumbnailUrl":"https:\/\/noti-america.com\/site\/principal\/wp-content\/uploads\/sites\/26\/2026\/09\/Screenshot_4-9-2026_115659_www.24horas.cl_.jpeg","datePublished":"2026-09-04T20:04:10+00:00","author":{"@id":"https:\/\/noti-america.com\/site\/principal\/#\/schema\/person\/b0777fb8ad9a321dc446ddbbceae778f"},"breadcrumb":{"@id":"https:\/\/noti-america.com\/site\/principal\/2026\/09\/04\/miss-mundo-2026-donde-ver-la-final-y-como-apoyar-a-ignacia-fernandez-la-representante-de-chile\/#breadcrumb"},"inLanguage":"es","potentialAction":[{"@type":"ReadAction","target":["https:\/\/noti-america.com\/site\/principal\/2026\/09\/04\/miss-mundo-2026-donde-ver-la-final-y-como-apoyar-a-ignacia-fernandez-la-representante-de-chile\/"]}]},{"@type":"ImageObject","inLanguage":"es","@id":"https:\/\/noti-america.com\/site\/principal\/2026\/09\/04\/miss-mundo-2026-donde-ver-la-final-y-como-apoyar-a-ignacia-fernandez-la-representante-de-chile\/#primaryimage","url":"https:\/\/noti-america.com\/site\/principal\/wp-content\/uploads\/sites\/26\/2026\/09\/Screenshot_4-9-2026_115659_www.24horas.cl_.jpeg","contentUrl":"https:\/\/noti-america.com\/site\/principal\/wp-content\/uploads\/sites\/26\/2026\/09\/Screenshot_4-9-2026_115659_www.24horas.cl_.jpeg","width":1045,"height":631},{"@type":"BreadcrumbList","@id":"https:\/\/noti-america.com\/site\/principal\/2026\/09\/04\/miss-mundo-2026-donde-ver-la-final-y-como-apoyar-a-ignacia-fernandez-la-representante-de-chile\/#breadcrumb","itemListElement":[{"@type":"ListItem","position":1,"name":"Portada","item":"https:\/\/noti-america.com\/site\/principal\/"},{"@type":"ListItem","position":2,"name":"Miss Mundo 2026: d\u00f3nde ver la final y c\u00f3mo apoyar a Ignacia Fern\u00e1ndez, la representante de Chile"}]},{"@type":"WebSite","@id":"https:\/\/noti-america.com\/site\/principal\/#website","url":"https:\/\/noti-america.com\/site\/principal\/","name":"Noti-America.com","description":"El Noticiero Digital M\u00e1s Grande de Am\u00e9rica","potentialAction":[{"@type":"SearchAction","target":{"@type":"EntryPoint","urlTemplate":"https:\/\/noti-america.com\/site\/principal\/?s={search_term_string}"},"query-input":{"@type":"PropertyValueSpecification","valueRequired":true,"valueName":"search_term_string"}}],"inLanguage":"es"},{"@type":"Person","@id":"https:\/\/noti-america.com\/site\/principal\/#\/schema\/person\/b0777fb8ad9a321dc446ddbbceae778f","name":"Maria Valentina Noguera Medina","image":{"@type":"ImageObject","inLanguage":"es","@id":"https:\/\/secure.gravatar.com\/avatar\/4ec5eb9d099f2608a49c9df6f7341f66f04f819cdffa09d56a7a0e91d2819d56?s=96&d=mm&r=g","url":"https:\/\/secure.gravatar.com\/avatar\/4ec5eb9d099f2608a49c9df6f7341f66f04f819cdffa09d56a7a0e91d2819d56?s=96&d=mm&r=g","contentUrl":"https:\/\/secure.gravatar.com\/avatar\/4ec5eb9d099f2608a49c9df6f7341f66f04f819cdffa09d56a7a0e91d2819d56?s=96&d=mm&r=g","caption":"Maria Valentina Noguera Medina"},"description":"Periodista - noti-america - Promar Community Manager - Talento Plus Dise\u00f1adora\/ creadora de contenido...","sameAs":["Mar\u00eda Valentina Noguera","https:\/\/www.facebook.com\/mariavalentina.noguera","https:\/\/www.linkedin.com\/in\/mara-valentina-noguera-medina-373075165\/","https:\/\/www.pinterest.es\/valentinanoguera95\/","https:\/\/www.youtube.com\/channel\/UCdek6mbUZ-Tqqw0I63i4nmQ"],"url":"https:\/\/noti-america.com\/site\/principal\/author\/mnoguera\/"}]}},"_links":{"self":[{"href":"https:\/\/noti-america.com\/site\/principal\/wp-json\/wp\/v2\/posts\/94557","targetHints":{"allow":["GET"]}}],"collection":[{"href":"https:\/\/noti-america.com\/site\/principal\/wp-json\/wp\/v2\/posts"}],"about":[{"href":"https:\/\/noti-america.com\/site\/principal\/wp-json\/wp\/v2\/types\/post"}],"author":[{"embeddable":true,"href":"https:\/\/noti-america.com\/site\/principal\/wp-json\/wp\/v2\/users\/133"}],"replies":[{"embeddable":true,"href":"https:\/\/noti-america.com\/site\/principal\/wp-json\/wp\/v2\/comments?post=94557"}],"version-history":[{"count":1,"href":"https:\/\/noti-america.com\/site\/principal\/wp-json\/wp\/v2\/posts\/94557\/revisions"}],"predecessor-version":[{"id":94568,"href":"https:\/\/noti-america.com\/site\/principal\/wp-json\/wp\/v2\/posts\/94557\/revisions\/94568"}],"wp:featuredmedia":[{"embeddable":true,"href":"https:\/\/noti-america.com\/site\/principal\/wp-json\/wp\/v2\/media\/94558"}],"wp:attachment":[{"href":"https:\/\/noti-america.com\/site\/principal\/wp-json\/wp\/v2\/media?parent=94557"}],"wp:term":[{"taxonomy":"category","embeddable":true,"href":"https:\/\/noti-america.com\/site\/principal\/wp-json\/wp\/v2\/categories?post=94557"},{"taxonomy":"post_tag","embeddable":true,"href":"https:\/\/noti-america.com\/site\/principal\/wp-json\/wp\/v2\/tags?post=94557"}],"curies":[{"name":"wp","href":"https:\/\/api.w.org\/{rel}","templated":true}]}}