{"id":94553,"date":"2026-09-04T15:51:54","date_gmt":"2026-09-04T19:51:54","guid":{"rendered":"https:\/\/noti-america.com\/site\/principal\/?p=94553"},"modified":"2026-09-04T15:51:54","modified_gmt":"2026-09-04T19:51:54","slug":"horario-de-verano-en-chile-5-cosas-que-debes-saber-sobre-el-cambio-de-hora-2","status":"publish","type":"post","link":"https:\/\/noti-america.com\/site\/principal\/2026\/09\/04\/horario-de-verano-en-chile-5-cosas-que-debes-saber-sobre-el-cambio-de-hora-2\/","title":{"rendered":"Horario de verano en Chile: 5 cosas que debes saber sobre el cambio de hora"},"content":{"rendered":"<p>NOTI-AMERICA.COM | CHILE<\/p>\n<p style=\"text-align: justify\">Este s\u00e1bado 5 de septiembre de 2026 comenzar\u00e1 a regir el horario de verano en gran parte de Chile, por lo que los relojes deber\u00e1n adelantarse y miles de personas tendr\u00e1n una hora menos de sue\u00f1o durante esa noche.<\/p>\n<p style=\"text-align: justify\">El cambio de hora se concretar\u00e1 durante la madrugada del domingo y busca aprovechar de mejor manera las horas de luz natural durante los meses de primavera y verano. Cabe recordar que la \u00faltima modificaci\u00f3n horaria ocurri\u00f3 el pasado 5 de abril.<\/p>\n<h2 style=\"text-align: justify\">\u00bfSe atrasan o adelantan los relojes?<\/h2>\n<p style=\"text-align: justify\">En\u00a0<strong>Chile Continental<\/strong>, desde la regi\u00f3n de Arica y Parinacota hasta la regi\u00f3n de Los Lagos, los relojes deber\u00e1n\u00a0<strong>adelantarse 60 minutos<\/strong>.<\/p>\n<p style=\"text-align: justify\">De esta manera, cuando sean las\u00a0<strong>00:00 horas del domingo 6 de septiembre<\/strong>, los relojes deber\u00e1n pasar directamente a las\u00a0<strong>01:00 horas<\/strong>.<\/p>\n<p style=\"text-align: justify\">En tanto, en\u00a0<strong>Rapa Nui y la isla Salas y G\u00f3mez<\/strong>, el cambio se realizar\u00e1 a las\u00a0<strong>22:00 horas del s\u00e1bado 5 de septiembre<\/strong>, momento en que los relojes deber\u00e1n adelantarse hasta las 23:00 horas.<\/p>\n<p style=\"text-align: justify\">Por su parte, las regiones de\u00a0<strong>Ays\u00e9n y Magallanes y de la Ant\u00e1rtica Chilena no deber\u00e1n modificar sus relojes<\/strong>, debido a que mantienen de manera permanente el horario UTC-3.<\/p>\n<h2 style=\"text-align: justify\">\u00bfCu\u00e1ndo volver\u00e1 a cambiar la hora?<\/h2>\n<p style=\"text-align: justify\">El pr\u00f3ximo cambio corresponder\u00e1 al regreso al\u00a0<strong>horario de invierno<\/strong>, programado para el\u00a0<strong>s\u00e1bado 3 de abril de 2027<\/strong>.<\/p>\n<p style=\"text-align: justify\">En esa oportunidad, los relojes deber\u00e1n atrasarse 60 minutos, dando inicio nuevamente al horario de invierno en las zonas donde corresponde realizar la modificaci\u00f3n.<\/p>\n<h2 style=\"text-align: justify\">\u00bfD\u00f3nde consultar la hora oficial de Chile?<\/h2>\n<p style=\"text-align: justify\">Para evitar confusiones, el\u00a0<strong>Servicio Hidrogr\u00e1fico y Oceanogr\u00e1fico de la Armada de Chile (SHOA)<\/strong>\u00a0dispone del sitio\u00a0<strong>HoraOficial.cl<\/strong>, donde es posible consultar la hora oficial de las distintas zonas horarias del pa\u00eds, incluyendo Chile Continental, Rapa Nui, Ays\u00e9n, Magallanes y la Ant\u00e1rtica Chilena.<\/p>\n<h2 style=\"text-align: justify\">\u00bfC\u00f3mo afecta el cambio de hora a la salud?<\/h2>\n<p style=\"text-align: justify\">El cambio de horario puede alterar temporalmente los h\u00e1bitos de sue\u00f1o y las rutinas de las personas.<\/p>\n<p style=\"text-align: justify\"><strong>Francisco Ceric<\/strong>, director del Laboratorio de Neurociencia Afectiva de la Facultad de Psicolog\u00eda de la Universidad del Desarrollo (UDD), explic\u00f3 que mantener rutinas y h\u00e1bitos estables\u00a0<strong>\u00abfavorece no solo un mejor descanso, sino tambi\u00e9n una mejor regulaci\u00f3n emocional, mayor atenci\u00f3n y un funcionamiento m\u00e1s eficiente\u00bb<\/strong>.<\/p>\n<p style=\"text-align: justify\">En ese sentido, sostuvo que modificar la hora dos veces al a\u00f1o introduce un cambio brusco en estas rutinas, mientras que el reloj biol\u00f3gico necesita algunos d\u00edas para volver a sincronizarse.<\/p>\n<p style=\"text-align: justify\">El especialista tambi\u00e9n destac\u00f3 la importancia de la\u00a0<strong>luz durante las primeras horas del d\u00eda<\/strong>, debido a su rol en la regulaci\u00f3n del ciclo biol\u00f3gico.<\/p>\n<h2 style=\"text-align: justify\">\u00bfC\u00f3mo evitar el sue\u00f1o y el cansancio?<\/h2>\n<p style=\"text-align: justify\">Michel Garat, enfermero y director de carreras del \u00e1rea de Salud de Santo Tom\u00e1s Puente Alto, explic\u00f3 que el organismo necesita un periodo de adaptaci\u00f3n frente al cambio de horario, por lo que es posible experimentar mayor cansancio o dificultades para conciliar el sue\u00f1o durante los primeros d\u00edas.<\/p>\n<p style=\"text-align: justify\">Ante este escenario, recomend\u00f3\u00a0<strong>mantener horarios regulares<\/strong>\u00a0para acostarse y levantarse, procurando respetar las horas necesarias de descanso.<\/p>\n<p style=\"text-align: justify\">Tambi\u00e9n aconsej\u00f3 establecer una\u00a0<strong>rutina nocturna que reduzca las actividades estimulantes<\/strong>\u00a0antes de dormir y realizar\u00a0<strong>actividad f\u00edsica durante el d\u00eda<\/strong>, evitando adem\u00e1s las comidas abundantes antes de acostarse.<\/p>\n","protected":false},"excerpt":{"rendered":"<p>NOTI-AMERICA.COM | CHILE Este s\u00e1bado 5 de septiembre de 2026 comenzar\u00e1 a regir el horario de verano en gran parte de Chile, por lo que los relojes deber\u00e1n adelantarse y miles de personas tendr\u00e1n&#46;&#46;&#46;<\/p>\n","protected":false},"author":133,"featured_media":94552,"comment_status":"","ping_status":"open","sticky":false,"template":"","format":"image","meta":{"_acf_changed":false,"rop_custom_images_group":[],"rop_custom_messages_group":[],"rop_publish_now":"no","rop_publish_now_accounts":{"facebook_10219548024599422_1632221337088128":"","twitter_242054905_242054905":""},"rop_publish_now_history":[{"account":"twitter_242054905_242054905","service":"twitter","timestamp":1788551641,"status":"error"}],"rop_publish_now_status":"done","footnotes":""},"categories":[153],"tags":[],"class_list":["post-94553","post","type-post","status-publish","format-image","has-post-thumbnail","hentry","category-chile","post_format-post-format-image"],"acf":[],"yoast_head":"<!-- This site is optimized with the Yoast SEO Premium plugin v24.9 (Yoast SEO v27.2) - https:\/\/yoast.com\/product\/yoast-seo-premium-wordpress\/ -->\n<title>Horario de verano en Chile: 5 cosas que debes saber sobre el cambio de hora - Noti-America.com<\/title>\n<meta name=\"robots\" content=\"index, follow, max-snippet:-1, max-image-preview:large, max-video-preview:-1\" \/>\n<link rel=\"canonical\" href=\"https:\/\/noti-america.com\/site\/principal\/2026\/09\/04\/horario-de-verano-en-chile-5-cosas-que-debes-saber-sobre-el-cambio-de-hora-2\/\" \/>\n<meta property=\"og:locale\" content=\"es_ES\" \/>\n<meta property=\"og:type\" content=\"article\" \/>\n<meta property=\"og:title\" content=\"Horario de verano en Chile: 5 cosas que debes saber sobre el cambio de hora\" \/>\n<meta property=\"og:description\" content=\"NOTI-AMERICA.COM | CHILE Este s\u00e1bado 5 de septiembre de 2026 comenzar\u00e1 a regir el horario de verano en gran parte de Chile, por lo que los relojes deber\u00e1n adelantarse y miles de personas tendr\u00e1n&#046;&#046;&#046;\" \/>\n<meta property=\"og:url\" content=\"https:\/\/noti-america.com\/site\/principal\/2026\/09\/04\/horario-de-verano-en-chile-5-cosas-que-debes-saber-sobre-el-cambio-de-hora-2\/\" \/>\n<meta property=\"og:site_name\" content=\"Noti-America.com\" \/>\n<meta property=\"article:author\" content=\"Mar\u00eda Valentina Noguera\" \/>\n<meta property=\"article:published_time\" content=\"2026-09-04T19:51:54+00:00\" \/>\n<meta property=\"og:image\" content=\"https:\/\/noti-america.com\/site\/principal\/wp-content\/uploads\/sites\/26\/2026\/09\/Screenshot_4-9-2026_114822_www.24horas.cl_.jpeg\" \/>\n\t<meta property=\"og:image:width\" content=\"1093\" \/>\n\t<meta property=\"og:image:height\" content=\"622\" \/>\n\t<meta property=\"og:image:type\" content=\"image\/jpeg\" \/>\n<meta name=\"author\" content=\"Maria Valentina Noguera Medina\" \/>\n<meta name=\"twitter:card\" content=\"summary_large_image\" \/>\n<meta name=\"twitter:label1\" content=\"Escrito por\" \/>\n\t<meta name=\"twitter:data1\" content=\"Maria Valentina Noguera Medina\" \/>\n\t<meta name=\"twitter:label2\" content=\"Tiempo estimado de lectura\" \/>\n\t<meta name=\"twitter:data2\" content=\"3 minutos\" \/>\n<script type=\"application\/ld+json\" class=\"yoast-schema-graph\">{\"@context\":\"https:\/\/schema.org\",\"@graph\":[{\"@type\":\"Article\",\"@id\":\"https:\/\/noti-america.com\/site\/principal\/2026\/09\/04\/horario-de-verano-en-chile-5-cosas-que-debes-saber-sobre-el-cambio-de-hora-2\/#article\",\"isPartOf\":{\"@id\":\"https:\/\/noti-america.com\/site\/principal\/2026\/09\/04\/horario-de-verano-en-chile-5-cosas-que-debes-saber-sobre-el-cambio-de-hora-2\/\"},\"author\":{\"name\":\"Maria Valentina Noguera Medina\",\"@id\":\"https:\/\/noti-america.com\/site\/principal\/#\/schema\/person\/b0777fb8ad9a321dc446ddbbceae778f\"},\"headline\":\"Horario de verano en Chile: 5 cosas que debes saber sobre el cambio de hora\",\"datePublished\":\"2026-09-04T19:51:54+00:00\",\"mainEntityOfPage\":{\"@id\":\"https:\/\/noti-america.com\/site\/principal\/2026\/09\/04\/horario-de-verano-en-chile-5-cosas-que-debes-saber-sobre-el-cambio-de-hora-2\/\"},\"wordCount\":580,\"image\":{\"@id\":\"https:\/\/noti-america.com\/site\/principal\/2026\/09\/04\/horario-de-verano-en-chile-5-cosas-que-debes-saber-sobre-el-cambio-de-hora-2\/#primaryimage\"},\"thumbnailUrl\":\"https:\/\/noti-america.com\/site\/principal\/wp-content\/uploads\/sites\/26\/2026\/09\/Screenshot_4-9-2026_114822_www.24horas.cl_.jpeg\",\"articleSection\":[\"Chile\"],\"inLanguage\":\"es\"},{\"@type\":\"WebPage\",\"@id\":\"https:\/\/noti-america.com\/site\/principal\/2026\/09\/04\/horario-de-verano-en-chile-5-cosas-que-debes-saber-sobre-el-cambio-de-hora-2\/\",\"url\":\"https:\/\/noti-america.com\/site\/principal\/2026\/09\/04\/horario-de-verano-en-chile-5-cosas-que-debes-saber-sobre-el-cambio-de-hora-2\/\",\"name\":\"Horario de verano en Chile: 5 cosas que debes saber sobre el cambio de hora - Noti-America.com\",\"isPartOf\":{\"@id\":\"https:\/\/noti-america.com\/site\/principal\/#website\"},\"primaryImageOfPage\":{\"@id\":\"https:\/\/noti-america.com\/site\/principal\/2026\/09\/04\/horario-de-verano-en-chile-5-cosas-que-debes-saber-sobre-el-cambio-de-hora-2\/#primaryimage\"},\"image\":{\"@id\":\"https:\/\/noti-america.com\/site\/principal\/2026\/09\/04\/horario-de-verano-en-chile-5-cosas-que-debes-saber-sobre-el-cambio-de-hora-2\/#primaryimage\"},\"thumbnailUrl\":\"https:\/\/noti-america.com\/site\/principal\/wp-content\/uploads\/sites\/26\/2026\/09\/Screenshot_4-9-2026_114822_www.24horas.cl_.jpeg\",\"datePublished\":\"2026-09-04T19:51:54+00:00\",\"author\":{\"@id\":\"https:\/\/noti-america.com\/site\/principal\/#\/schema\/person\/b0777fb8ad9a321dc446ddbbceae778f\"},\"breadcrumb\":{\"@id\":\"https:\/\/noti-america.com\/site\/principal\/2026\/09\/04\/horario-de-verano-en-chile-5-cosas-que-debes-saber-sobre-el-cambio-de-hora-2\/#breadcrumb\"},\"inLanguage\":\"es\",\"potentialAction\":[{\"@type\":\"ReadAction\",\"target\":[\"https:\/\/noti-america.com\/site\/principal\/2026\/09\/04\/horario-de-verano-en-chile-5-cosas-que-debes-saber-sobre-el-cambio-de-hora-2\/\"]}]},{\"@type\":\"ImageObject\",\"inLanguage\":\"es\",\"@id\":\"https:\/\/noti-america.com\/site\/principal\/2026\/09\/04\/horario-de-verano-en-chile-5-cosas-que-debes-saber-sobre-el-cambio-de-hora-2\/#primaryimage\",\"url\":\"https:\/\/noti-america.com\/site\/principal\/wp-content\/uploads\/sites\/26\/2026\/09\/Screenshot_4-9-2026_114822_www.24horas.cl_.jpeg\",\"contentUrl\":\"https:\/\/noti-america.com\/site\/principal\/wp-content\/uploads\/sites\/26\/2026\/09\/Screenshot_4-9-2026_114822_www.24horas.cl_.jpeg\",\"width\":1093,\"height\":622},{\"@type\":\"BreadcrumbList\",\"@id\":\"https:\/\/noti-america.com\/site\/principal\/2026\/09\/04\/horario-de-verano-en-chile-5-cosas-que-debes-saber-sobre-el-cambio-de-hora-2\/#breadcrumb\",\"itemListElement\":[{\"@type\":\"ListItem\",\"position\":1,\"name\":\"Portada\",\"item\":\"https:\/\/noti-america.com\/site\/principal\/\"},{\"@type\":\"ListItem\",\"position\":2,\"name\":\"Horario de verano en Chile: 5 cosas que debes saber sobre el cambio de hora\"}]},{\"@type\":\"WebSite\",\"@id\":\"https:\/\/noti-america.com\/site\/principal\/#website\",\"url\":\"https:\/\/noti-america.com\/site\/principal\/\",\"name\":\"Noti-America.com\",\"description\":\"El Noticiero Digital M\u00e1s Grande de Am\u00e9rica\",\"potentialAction\":[{\"@type\":\"SearchAction\",\"target\":{\"@type\":\"EntryPoint\",\"urlTemplate\":\"https:\/\/noti-america.com\/site\/principal\/?s={search_term_string}\"},\"query-input\":{\"@type\":\"PropertyValueSpecification\",\"valueRequired\":true,\"valueName\":\"search_term_string\"}}],\"inLanguage\":\"es\"},{\"@type\":\"Person\",\"@id\":\"https:\/\/noti-america.com\/site\/principal\/#\/schema\/person\/b0777fb8ad9a321dc446ddbbceae778f\",\"name\":\"Maria Valentina Noguera Medina\",\"image\":{\"@type\":\"ImageObject\",\"inLanguage\":\"es\",\"@id\":\"https:\/\/secure.gravatar.com\/avatar\/4ec5eb9d099f2608a49c9df6f7341f66f04f819cdffa09d56a7a0e91d2819d56?s=96&d=mm&r=g\",\"url\":\"https:\/\/secure.gravatar.com\/avatar\/4ec5eb9d099f2608a49c9df6f7341f66f04f819cdffa09d56a7a0e91d2819d56?s=96&d=mm&r=g\",\"contentUrl\":\"https:\/\/secure.gravatar.com\/avatar\/4ec5eb9d099f2608a49c9df6f7341f66f04f819cdffa09d56a7a0e91d2819d56?s=96&d=mm&r=g\",\"caption\":\"Maria Valentina Noguera Medina\"},\"description\":\"Periodista - noti-america - Promar Community Manager - Talento Plus Dise\u00f1adora\/ creadora de contenido...\",\"sameAs\":[\"Mar\u00eda Valentina Noguera\",\"https:\/\/www.facebook.com\/mariavalentina.noguera\",\"https:\/\/www.linkedin.com\/in\/mara-valentina-noguera-medina-373075165\/\",\"https:\/\/www.pinterest.es\/valentinanoguera95\/\",\"https:\/\/www.youtube.com\/channel\/UCdek6mbUZ-Tqqw0I63i4nmQ\"],\"url\":\"https:\/\/noti-america.com\/site\/principal\/author\/mnoguera\/\"}]}<\/script>\n<!-- \/ Yoast SEO Premium plugin. -->","yoast_head_json":{"title":"Horario de verano en Chile: 5 cosas que debes saber sobre el cambio de hora - Noti-America.com","robots":{"index":"index","follow":"follow","max-snippet":"max-snippet:-1","max-image-preview":"max-image-preview:large","max-video-preview":"max-video-preview:-1"},"canonical":"https:\/\/noti-america.com\/site\/principal\/2026\/09\/04\/horario-de-verano-en-chile-5-cosas-que-debes-saber-sobre-el-cambio-de-hora-2\/","og_locale":"es_ES","og_type":"article","og_title":"Horario de verano en Chile: 5 cosas que debes saber sobre el cambio de hora","og_description":"NOTI-AMERICA.COM | CHILE Este s\u00e1bado 5 de septiembre de 2026 comenzar\u00e1 a regir el horario de verano en gran parte de Chile, por lo que los relojes deber\u00e1n adelantarse y miles de personas tendr\u00e1n&#46;&#46;&#46;","og_url":"https:\/\/noti-america.com\/site\/principal\/2026\/09\/04\/horario-de-verano-en-chile-5-cosas-que-debes-saber-sobre-el-cambio-de-hora-2\/","og_site_name":"Noti-America.com","article_author":"Mar\u00eda Valentina Noguera","article_published_time":"2026-09-04T19:51:54+00:00","og_image":[{"width":1093,"height":622,"url":"https:\/\/noti-america.com\/site\/principal\/wp-content\/uploads\/sites\/26\/2026\/09\/Screenshot_4-9-2026_114822_www.24horas.cl_.jpeg","type":"image\/jpeg"}],"author":"Maria Valentina Noguera Medina","twitter_card":"summary_large_image","twitter_misc":{"Escrito por":"Maria Valentina Noguera Medina","Tiempo estimado de lectura":"3 minutos"},"schema":{"@context":"https:\/\/schema.org","@graph":[{"@type":"Article","@id":"https:\/\/noti-america.com\/site\/principal\/2026\/09\/04\/horario-de-verano-en-chile-5-cosas-que-debes-saber-sobre-el-cambio-de-hora-2\/#article","isPartOf":{"@id":"https:\/\/noti-america.com\/site\/principal\/2026\/09\/04\/horario-de-verano-en-chile-5-cosas-que-debes-saber-sobre-el-cambio-de-hora-2\/"},"author":{"name":"Maria Valentina Noguera Medina","@id":"https:\/\/noti-america.com\/site\/principal\/#\/schema\/person\/b0777fb8ad9a321dc446ddbbceae778f"},"headline":"Horario de verano en Chile: 5 cosas que debes saber sobre el cambio de hora","datePublished":"2026-09-04T19:51:54+00:00","mainEntityOfPage":{"@id":"https:\/\/noti-america.com\/site\/principal\/2026\/09\/04\/horario-de-verano-en-chile-5-cosas-que-debes-saber-sobre-el-cambio-de-hora-2\/"},"wordCount":580,"image":{"@id":"https:\/\/noti-america.com\/site\/principal\/2026\/09\/04\/horario-de-verano-en-chile-5-cosas-que-debes-saber-sobre-el-cambio-de-hora-2\/#primaryimage"},"thumbnailUrl":"https:\/\/noti-america.com\/site\/principal\/wp-content\/uploads\/sites\/26\/2026\/09\/Screenshot_4-9-2026_114822_www.24horas.cl_.jpeg","articleSection":["Chile"],"inLanguage":"es"},{"@type":"WebPage","@id":"https:\/\/noti-america.com\/site\/principal\/2026\/09\/04\/horario-de-verano-en-chile-5-cosas-que-debes-saber-sobre-el-cambio-de-hora-2\/","url":"https:\/\/noti-america.com\/site\/principal\/2026\/09\/04\/horario-de-verano-en-chile-5-cosas-que-debes-saber-sobre-el-cambio-de-hora-2\/","name":"Horario de verano en Chile: 5 cosas que debes saber sobre el cambio de hora - Noti-America.com","isPartOf":{"@id":"https:\/\/noti-america.com\/site\/principal\/#website"},"primaryImageOfPage":{"@id":"https:\/\/noti-america.com\/site\/principal\/2026\/09\/04\/horario-de-verano-en-chile-5-cosas-que-debes-saber-sobre-el-cambio-de-hora-2\/#primaryimage"},"image":{"@id":"https:\/\/noti-america.com\/site\/principal\/2026\/09\/04\/horario-de-verano-en-chile-5-cosas-que-debes-saber-sobre-el-cambio-de-hora-2\/#primaryimage"},"thumbnailUrl":"https:\/\/noti-america.com\/site\/principal\/wp-content\/uploads\/sites\/26\/2026\/09\/Screenshot_4-9-2026_114822_www.24horas.cl_.jpeg","datePublished":"2026-09-04T19:51:54+00:00","author":{"@id":"https:\/\/noti-america.com\/site\/principal\/#\/schema\/person\/b0777fb8ad9a321dc446ddbbceae778f"},"breadcrumb":{"@id":"https:\/\/noti-america.com\/site\/principal\/2026\/09\/04\/horario-de-verano-en-chile-5-cosas-que-debes-saber-sobre-el-cambio-de-hora-2\/#breadcrumb"},"inLanguage":"es","potentialAction":[{"@type":"ReadAction","target":["https:\/\/noti-america.com\/site\/principal\/2026\/09\/04\/horario-de-verano-en-chile-5-cosas-que-debes-saber-sobre-el-cambio-de-hora-2\/"]}]},{"@type":"ImageObject","inLanguage":"es","@id":"https:\/\/noti-america.com\/site\/principal\/2026\/09\/04\/horario-de-verano-en-chile-5-cosas-que-debes-saber-sobre-el-cambio-de-hora-2\/#primaryimage","url":"https:\/\/noti-america.com\/site\/principal\/wp-content\/uploads\/sites\/26\/2026\/09\/Screenshot_4-9-2026_114822_www.24horas.cl_.jpeg","contentUrl":"https:\/\/noti-america.com\/site\/principal\/wp-content\/uploads\/sites\/26\/2026\/09\/Screenshot_4-9-2026_114822_www.24horas.cl_.jpeg","width":1093,"height":622},{"@type":"BreadcrumbList","@id":"https:\/\/noti-america.com\/site\/principal\/2026\/09\/04\/horario-de-verano-en-chile-5-cosas-que-debes-saber-sobre-el-cambio-de-hora-2\/#breadcrumb","itemListElement":[{"@type":"ListItem","position":1,"name":"Portada","item":"https:\/\/noti-america.com\/site\/principal\/"},{"@type":"ListItem","position":2,"name":"Horario de verano en Chile: 5 cosas que debes saber sobre el cambio de hora"}]},{"@type":"WebSite","@id":"https:\/\/noti-america.com\/site\/principal\/#website","url":"https:\/\/noti-america.com\/site\/principal\/","name":"Noti-America.com","description":"El Noticiero Digital M\u00e1s Grande de Am\u00e9rica","potentialAction":[{"@type":"SearchAction","target":{"@type":"EntryPoint","urlTemplate":"https:\/\/noti-america.com\/site\/principal\/?s={search_term_string}"},"query-input":{"@type":"PropertyValueSpecification","valueRequired":true,"valueName":"search_term_string"}}],"inLanguage":"es"},{"@type":"Person","@id":"https:\/\/noti-america.com\/site\/principal\/#\/schema\/person\/b0777fb8ad9a321dc446ddbbceae778f","name":"Maria Valentina Noguera Medina","image":{"@type":"ImageObject","inLanguage":"es","@id":"https:\/\/secure.gravatar.com\/avatar\/4ec5eb9d099f2608a49c9df6f7341f66f04f819cdffa09d56a7a0e91d2819d56?s=96&d=mm&r=g","url":"https:\/\/secure.gravatar.com\/avatar\/4ec5eb9d099f2608a49c9df6f7341f66f04f819cdffa09d56a7a0e91d2819d56?s=96&d=mm&r=g","contentUrl":"https:\/\/secure.gravatar.com\/avatar\/4ec5eb9d099f2608a49c9df6f7341f66f04f819cdffa09d56a7a0e91d2819d56?s=96&d=mm&r=g","caption":"Maria Valentina Noguera Medina"},"description":"Periodista - noti-america - Promar Community Manager - Talento Plus Dise\u00f1adora\/ creadora de contenido...","sameAs":["Mar\u00eda Valentina Noguera","https:\/\/www.facebook.com\/mariavalentina.noguera","https:\/\/www.linkedin.com\/in\/mara-valentina-noguera-medina-373075165\/","https:\/\/www.pinterest.es\/valentinanoguera95\/","https:\/\/www.youtube.com\/channel\/UCdek6mbUZ-Tqqw0I63i4nmQ"],"url":"https:\/\/noti-america.com\/site\/principal\/author\/mnoguera\/"}]}},"_links":{"self":[{"href":"https:\/\/noti-america.com\/site\/principal\/wp-json\/wp\/v2\/posts\/94553","targetHints":{"allow":["GET"]}}],"collection":[{"href":"https:\/\/noti-america.com\/site\/principal\/wp-json\/wp\/v2\/posts"}],"about":[{"href":"https:\/\/noti-america.com\/site\/principal\/wp-json\/wp\/v2\/types\/post"}],"author":[{"embeddable":true,"href":"https:\/\/noti-america.com\/site\/principal\/wp-json\/wp\/v2\/users\/133"}],"replies":[{"embeddable":true,"href":"https:\/\/noti-america.com\/site\/principal\/wp-json\/wp\/v2\/comments?post=94553"}],"version-history":[{"count":1,"href":"https:\/\/noti-america.com\/site\/principal\/wp-json\/wp\/v2\/posts\/94553\/revisions"}],"predecessor-version":[{"id":94566,"href":"https:\/\/noti-america.com\/site\/principal\/wp-json\/wp\/v2\/posts\/94553\/revisions\/94566"}],"wp:featuredmedia":[{"embeddable":true,"href":"https:\/\/noti-america.com\/site\/principal\/wp-json\/wp\/v2\/media\/94552"}],"wp:attachment":[{"href":"https:\/\/noti-america.com\/site\/principal\/wp-json\/wp\/v2\/media?parent=94553"}],"wp:term":[{"taxonomy":"category","embeddable":true,"href":"https:\/\/noti-america.com\/site\/principal\/wp-json\/wp\/v2\/categories?post=94553"},{"taxonomy":"post_tag","embeddable":true,"href":"https:\/\/noti-america.com\/site\/principal\/wp-json\/wp\/v2\/tags?post=94553"}],"curies":[{"name":"wp","href":"https:\/\/api.w.org\/{rel}","templated":true}]}}