{"id":94546,"date":"2026-09-04T11:32:29","date_gmt":"2026-09-04T15:32:29","guid":{"rendered":"https:\/\/noti-america.com\/site\/principal\/?p=94546"},"modified":"2026-09-04T11:32:29","modified_gmt":"2026-09-04T15:32:29","slug":"como-organizar-un-viaje-de-grupo-a-un-resort-all-inclusive-en-cancun-sin-contratiempos","status":"publish","type":"post","link":"https:\/\/noti-america.com\/site\/principal\/2026\/09\/04\/como-organizar-un-viaje-de-grupo-a-un-resort-all-inclusive-en-cancun-sin-contratiempos\/","title":{"rendered":"\u00bfC\u00f3mo organizar un viaje de grupo a un resort all inclusive en Canc\u00fan sin contratiempos?"},"content":{"rendered":"<p style=\"text-align: justify;\">Coordinar un viaje grupal implica alinear distintas preferencias, presupuestos y necesidades individuales para lograr una experiencia placentera para todos los participantes. Frente a este desaf\u00edo, optar por un <a href=\"https:\/\/www.clubmed.cl\/r\/cancun\/y\">resort All Inclusive en Canc\u00fan<\/a> simplifica notablemente la log\u00edstica al centralizar la gastronom\u00eda, el alojamiento y el entretenimiento en un solo lugar.<b><\/b><\/p>\n<p style=\"text-align: justify;\">Sin embargo, para garantizar una traves\u00eda fluida, resulta indispensable estructurar cada etapa de la planificaci\u00f3n con la debida anticipaci\u00f3n. A continuaci\u00f3n, se detallan las pautas fundamentales que deben definirse previamente, abarcando desde la gesti\u00f3n del grupo y la reserva de habitaciones hasta el traslado y el itinerario diario.<\/p>\n<h2 style=\"text-align: justify;\">Definir el grupo antes de reservar<\/h2>\n<p style=\"text-align: justify;\">Antes de iniciar cualquier tr\u00e1mite, es primordial determinar la lista exacta de integrantes, la ventana de fechas disponibles y la duraci\u00f3n deseada del viaje. Igualmente, recopilar de antemano los gustos generales de la comitiva permite filtrar alternativas que se ajusten al perfil de los viajeros.<b><\/b><\/p>\n<p style=\"text-align: justify;\">Al concentrar estos datos desde el principio, se facilita la selecci\u00f3n del establecimiento y se previenen divergencias durante el proceso organizativo. Alinear las expectativas de los integrantes desde la fase inicial tambi\u00e9n evitar\u00e1 malentendidos posteriores durante la estad\u00eda.<\/p>\n<h2 style=\"text-align: justify;\">\u00bfC\u00f3mo elegir el resort adecuado para todos?<\/h2>\n<p style=\"text-align: justify;\">Al momento de comparar los complejos vacacionales, conviene evaluar minuciosamente aspectos como la ubicaci\u00f3n geogr\u00e1fica, la tipolog\u00eda de las suites y la variedad gastron\u00f3mica. De igual manera, es importante examinar la oferta de actividades recreativas y la gama de servicios e instalaciones incluidos en la tarifa general.<b><\/b><\/p>\n<p style=\"text-align: justify;\">Verificar que las instalaciones se adapten a las diferentes edades y condiciones de los acompa\u00f1antes asegura una convivencia arm\u00f3nica. Esta minuciosa revisi\u00f3n previa garantiza que tanto ni\u00f1os como adultos encuentren alternativas acordes a sus intereses particulares.<b><\/b><\/p>\n<h2 style=\"text-align: justify;\">Presupuesto y reservas sin confusiones<\/h2>\n<p style=\"text-align: justify;\">Establecer un l\u00edmite financiero por persona es determinante para mantener la claridad contable y definir de antemano qu\u00e9 servicios est\u00e1n incluidos y cu\u00e1les generar\u00e1n costos adicionales. Pactar la metodolog\u00eda de pago con claridad previene situaciones inc\u00f3modas entre los participantes a la hora de liquidar los saldos.<b><\/b><\/p>\n<p style=\"text-align: justify;\">Por otra parte, recurrir a las facilidades operativas que ofrecen los prestadores especializados simplifica la gesti\u00f3n log\u00edstica de la comitiva. Sin embargo, se recomienda revisar previamente las cl\u00e1usulas contractuales, los horarios de check-in y las coberturas contempladas en la tarifa contratada.<\/p>\n<h2 style=\"text-align: justify;\">Transporte y llegada a Canc\u00fan<\/h2>\n<p style=\"text-align: justify;\">Coordinar los trayectos a\u00e9reos y la log\u00edstica desde la terminal aeroportuaria hasta el hospedaje previene largas esperas tras el arribo a M\u00e9xico. Por ello, sincronizar los horarios de los diferentes vuelos permite contratar un traslado colectivo eficiente y c\u00f3modo para el contingente.<b><\/b><\/p>\n<p style=\"text-align: justify;\">Centralizar los itinerarios de vuelo de cada pasajero facilita la gesti\u00f3n del transporte privado o compartido en el destino. De esta forma, el grupo evitar\u00e1 dispersiones innecesarias al momento de ingresar a la zona hotelera.<\/p>\n<h2 style=\"text-align: justify;\">Actividades para diferentes perfiles<\/h2>\n<p style=\"text-align: justify;\">Conseguir el equilibrio perfecto en el itinerario exige alternar los momentos de relajaci\u00f3n en la playa con excursiones fuera del recinto hotelero. Dado que los intereses de los hu\u00e9spedes difieren, ofrecer dinamismo en el plan diario complace a quienes buscan aventura tanto como a quienes prefieren el descanso.<b><\/b><\/p>\n<p style=\"text-align: justify;\">Pactar \u00fanicamente un par de eventos grupales y dejar bloques de tiempo libre fomenta un ambiente sumamente flexible y ameno. Como resultado, cada viajero disfrutar\u00e1 de su tiempo a su propio ritmo sin alterar la cohesi\u00f3n del conjunto.<\/p>\n<h2 style=\"text-align: justify;\">Lista de verificaci\u00f3n para un viaje grupal sin imprevistos<\/h2>\n<p style=\"text-align: justify;\">Finalmente, vale la pena consolidar en un expediente digital \u00fanico las confirmaciones, los documentos personales, la distribuci\u00f3n de habitaciones y los contactos de emergencia. Estructurar toda la documentaci\u00f3n del viaje en un canal accesible evita demoras imprevistas durante la traves\u00eda.<b><\/b><\/p>\n<p style=\"text-align: justify;\">Para concluir, compartir esta carpeta de informaci\u00f3n con los viajeros y reconfirmar las reservas pocos d\u00edas antes de la salida minimizar\u00e1 cualquier inconveniente t\u00e9cnico. As\u00ed, la comitiva podr\u00e1 disfrutar de su estancia en el Caribe con absoluta tranquilidad.<\/p>\n","protected":false},"excerpt":{"rendered":"<p>Coordinar un viaje grupal implica alinear distintas preferencias, presupuestos y necesidades individuales para lograr una experiencia placentera para todos los participantes. Frente a este desaf\u00edo, optar por un resort All Inclusive en Canc\u00fan simplifica&#46;&#46;&#46;<\/p>\n","protected":false},"author":1,"featured_media":94547,"comment_status":"closed","ping_status":"open","sticky":false,"template":"","format":"image","meta":{"_acf_changed":false,"rop_custom_images_group":[],"rop_custom_messages_group":[],"rop_publish_now":"initial","rop_publish_now_accounts":{"facebook_10219548024599422_1632221337088128":"","twitter_242054905_242054905":""},"rop_publish_now_history":[],"rop_publish_now_status":"pending","footnotes":""},"categories":[663],"tags":[],"class_list":["post-94546","post","type-post","status-publish","format-image","has-post-thumbnail","hentry","category-actualidad","post_format-post-format-image"],"acf":[],"yoast_head":"<!-- This site is optimized with the Yoast SEO Premium plugin v24.9 (Yoast SEO v27.2) - https:\/\/yoast.com\/product\/yoast-seo-premium-wordpress\/ -->\n<title>\u00bfC\u00f3mo organizar un viaje de grupo a un resort all inclusive en Canc\u00fan sin contratiempos? - Noti-America.com<\/title>\n<meta name=\"robots\" content=\"index, follow, max-snippet:-1, max-image-preview:large, max-video-preview:-1\" \/>\n<link rel=\"canonical\" href=\"https:\/\/noti-america.com\/site\/principal\/2026\/09\/04\/como-organizar-un-viaje-de-grupo-a-un-resort-all-inclusive-en-cancun-sin-contratiempos\/\" \/>\n<meta property=\"og:locale\" content=\"es_ES\" \/>\n<meta property=\"og:type\" content=\"article\" \/>\n<meta property=\"og:title\" content=\"\u00bfC\u00f3mo organizar un viaje de grupo a un resort all inclusive en Canc\u00fan sin contratiempos?\" \/>\n<meta property=\"og:description\" content=\"Coordinar un viaje grupal implica alinear distintas preferencias, presupuestos y necesidades individuales para lograr una experiencia placentera para todos los participantes. Frente a este desaf\u00edo, optar por un resort All Inclusive en Canc\u00fan simplifica&#046;&#046;&#046;\" \/>\n<meta property=\"og:url\" content=\"https:\/\/noti-america.com\/site\/principal\/2026\/09\/04\/como-organizar-un-viaje-de-grupo-a-un-resort-all-inclusive-en-cancun-sin-contratiempos\/\" \/>\n<meta property=\"og:site_name\" content=\"Noti-America.com\" \/>\n<meta property=\"article:published_time\" content=\"2026-09-04T15:32:29+00:00\" \/>\n<meta property=\"og:image\" content=\"https:\/\/noti-america.com\/site\/principal\/wp-content\/uploads\/sites\/26\/2026\/09\/pexels-israwmx-20210509.jpg\" \/>\n\t<meta property=\"og:image:width\" content=\"1280\" \/>\n\t<meta property=\"og:image:height\" content=\"960\" \/>\n\t<meta property=\"og:image:type\" content=\"image\/jpeg\" \/>\n<meta name=\"author\" content=\"Rosmer Herrera\" \/>\n<meta name=\"twitter:card\" content=\"summary_large_image\" \/>\n<meta name=\"twitter:label1\" content=\"Escrito por\" \/>\n\t<meta name=\"twitter:data1\" content=\"Rosmer Herrera\" \/>\n\t<meta name=\"twitter:label2\" content=\"Tiempo estimado de lectura\" \/>\n\t<meta name=\"twitter:data2\" content=\"4 minutos\" \/>\n<script type=\"application\/ld+json\" class=\"yoast-schema-graph\">{\"@context\":\"https:\/\/schema.org\",\"@graph\":[{\"@type\":\"Article\",\"@id\":\"https:\/\/noti-america.com\/site\/principal\/2026\/09\/04\/como-organizar-un-viaje-de-grupo-a-un-resort-all-inclusive-en-cancun-sin-contratiempos\/#article\",\"isPartOf\":{\"@id\":\"https:\/\/noti-america.com\/site\/principal\/2026\/09\/04\/como-organizar-un-viaje-de-grupo-a-un-resort-all-inclusive-en-cancun-sin-contratiempos\/\"},\"author\":{\"name\":\"Rosmer Herrera\",\"@id\":\"https:\/\/noti-america.com\/site\/principal\/#\/schema\/person\/a94dd0867dbda32258e9bf7a2e79d5a6\"},\"headline\":\"\u00bfC\u00f3mo organizar un viaje de grupo a un resort all inclusive en Canc\u00fan sin contratiempos?\",\"datePublished\":\"2026-09-04T15:32:29+00:00\",\"mainEntityOfPage\":{\"@id\":\"https:\/\/noti-america.com\/site\/principal\/2026\/09\/04\/como-organizar-un-viaje-de-grupo-a-un-resort-all-inclusive-en-cancun-sin-contratiempos\/\"},\"wordCount\":693,\"image\":{\"@id\":\"https:\/\/noti-america.com\/site\/principal\/2026\/09\/04\/como-organizar-un-viaje-de-grupo-a-un-resort-all-inclusive-en-cancun-sin-contratiempos\/#primaryimage\"},\"thumbnailUrl\":\"https:\/\/noti-america.com\/site\/principal\/wp-content\/uploads\/sites\/26\/2026\/09\/pexels-israwmx-20210509.jpg\",\"articleSection\":[\"Actualidad\"],\"inLanguage\":\"es\"},{\"@type\":\"WebPage\",\"@id\":\"https:\/\/noti-america.com\/site\/principal\/2026\/09\/04\/como-organizar-un-viaje-de-grupo-a-un-resort-all-inclusive-en-cancun-sin-contratiempos\/\",\"url\":\"https:\/\/noti-america.com\/site\/principal\/2026\/09\/04\/como-organizar-un-viaje-de-grupo-a-un-resort-all-inclusive-en-cancun-sin-contratiempos\/\",\"name\":\"\u00bfC\u00f3mo organizar un viaje de grupo a un resort all inclusive en Canc\u00fan sin contratiempos? - Noti-America.com\",\"isPartOf\":{\"@id\":\"https:\/\/noti-america.com\/site\/principal\/#website\"},\"primaryImageOfPage\":{\"@id\":\"https:\/\/noti-america.com\/site\/principal\/2026\/09\/04\/como-organizar-un-viaje-de-grupo-a-un-resort-all-inclusive-en-cancun-sin-contratiempos\/#primaryimage\"},\"image\":{\"@id\":\"https:\/\/noti-america.com\/site\/principal\/2026\/09\/04\/como-organizar-un-viaje-de-grupo-a-un-resort-all-inclusive-en-cancun-sin-contratiempos\/#primaryimage\"},\"thumbnailUrl\":\"https:\/\/noti-america.com\/site\/principal\/wp-content\/uploads\/sites\/26\/2026\/09\/pexels-israwmx-20210509.jpg\",\"datePublished\":\"2026-09-04T15:32:29+00:00\",\"author\":{\"@id\":\"https:\/\/noti-america.com\/site\/principal\/#\/schema\/person\/a94dd0867dbda32258e9bf7a2e79d5a6\"},\"breadcrumb\":{\"@id\":\"https:\/\/noti-america.com\/site\/principal\/2026\/09\/04\/como-organizar-un-viaje-de-grupo-a-un-resort-all-inclusive-en-cancun-sin-contratiempos\/#breadcrumb\"},\"inLanguage\":\"es\",\"potentialAction\":[{\"@type\":\"ReadAction\",\"target\":[\"https:\/\/noti-america.com\/site\/principal\/2026\/09\/04\/como-organizar-un-viaje-de-grupo-a-un-resort-all-inclusive-en-cancun-sin-contratiempos\/\"]}]},{\"@type\":\"ImageObject\",\"inLanguage\":\"es\",\"@id\":\"https:\/\/noti-america.com\/site\/principal\/2026\/09\/04\/como-organizar-un-viaje-de-grupo-a-un-resort-all-inclusive-en-cancun-sin-contratiempos\/#primaryimage\",\"url\":\"https:\/\/noti-america.com\/site\/principal\/wp-content\/uploads\/sites\/26\/2026\/09\/pexels-israwmx-20210509.jpg\",\"contentUrl\":\"https:\/\/noti-america.com\/site\/principal\/wp-content\/uploads\/sites\/26\/2026\/09\/pexels-israwmx-20210509.jpg\",\"width\":1280,\"height\":960},{\"@type\":\"BreadcrumbList\",\"@id\":\"https:\/\/noti-america.com\/site\/principal\/2026\/09\/04\/como-organizar-un-viaje-de-grupo-a-un-resort-all-inclusive-en-cancun-sin-contratiempos\/#breadcrumb\",\"itemListElement\":[{\"@type\":\"ListItem\",\"position\":1,\"name\":\"Portada\",\"item\":\"https:\/\/noti-america.com\/site\/principal\/\"},{\"@type\":\"ListItem\",\"position\":2,\"name\":\"\u00bfC\u00f3mo organizar un viaje de grupo a un resort all inclusive en Canc\u00fan sin contratiempos?\"}]},{\"@type\":\"WebSite\",\"@id\":\"https:\/\/noti-america.com\/site\/principal\/#website\",\"url\":\"https:\/\/noti-america.com\/site\/principal\/\",\"name\":\"Noti-America.com\",\"description\":\"El Noticiero Digital M\u00e1s Grande de Am\u00e9rica\",\"potentialAction\":[{\"@type\":\"SearchAction\",\"target\":{\"@type\":\"EntryPoint\",\"urlTemplate\":\"https:\/\/noti-america.com\/site\/principal\/?s={search_term_string}\"},\"query-input\":{\"@type\":\"PropertyValueSpecification\",\"valueRequired\":true,\"valueName\":\"search_term_string\"}}],\"inLanguage\":\"es\"},{\"@type\":\"Person\",\"@id\":\"https:\/\/noti-america.com\/site\/principal\/#\/schema\/person\/a94dd0867dbda32258e9bf7a2e79d5a6\",\"name\":\"Rosmer Herrera\",\"image\":{\"@type\":\"ImageObject\",\"inLanguage\":\"es\",\"@id\":\"https:\/\/secure.gravatar.com\/avatar\/153e75c261394dbf20ff1a1e70ea2be9494f2b40b7fc4e7704084db13220ae08?s=96&d=mm&r=g\",\"url\":\"https:\/\/secure.gravatar.com\/avatar\/153e75c261394dbf20ff1a1e70ea2be9494f2b40b7fc4e7704084db13220ae08?s=96&d=mm&r=g\",\"contentUrl\":\"https:\/\/secure.gravatar.com\/avatar\/153e75c261394dbf20ff1a1e70ea2be9494f2b40b7fc4e7704084db13220ae08?s=96&d=mm&r=g\",\"caption\":\"Rosmer Herrera\"},\"url\":\"https:\/\/noti-america.com\/site\/principal\/author\/rosmer33\/\"}]}<\/script>\n<!-- \/ Yoast SEO Premium plugin. -->","yoast_head_json":{"title":"\u00bfC\u00f3mo organizar un viaje de grupo a un resort all inclusive en Canc\u00fan sin contratiempos? - Noti-America.com","robots":{"index":"index","follow":"follow","max-snippet":"max-snippet:-1","max-image-preview":"max-image-preview:large","max-video-preview":"max-video-preview:-1"},"canonical":"https:\/\/noti-america.com\/site\/principal\/2026\/09\/04\/como-organizar-un-viaje-de-grupo-a-un-resort-all-inclusive-en-cancun-sin-contratiempos\/","og_locale":"es_ES","og_type":"article","og_title":"\u00bfC\u00f3mo organizar un viaje de grupo a un resort all inclusive en Canc\u00fan sin contratiempos?","og_description":"Coordinar un viaje grupal implica alinear distintas preferencias, presupuestos y necesidades individuales para lograr una experiencia placentera para todos los participantes. Frente a este desaf\u00edo, optar por un resort All Inclusive en Canc\u00fan simplifica&#46;&#46;&#46;","og_url":"https:\/\/noti-america.com\/site\/principal\/2026\/09\/04\/como-organizar-un-viaje-de-grupo-a-un-resort-all-inclusive-en-cancun-sin-contratiempos\/","og_site_name":"Noti-America.com","article_published_time":"2026-09-04T15:32:29+00:00","og_image":[{"width":1280,"height":960,"url":"https:\/\/noti-america.com\/site\/principal\/wp-content\/uploads\/sites\/26\/2026\/09\/pexels-israwmx-20210509.jpg","type":"image\/jpeg"}],"author":"Rosmer Herrera","twitter_card":"summary_large_image","twitter_misc":{"Escrito por":"Rosmer Herrera","Tiempo estimado de lectura":"4 minutos"},"schema":{"@context":"https:\/\/schema.org","@graph":[{"@type":"Article","@id":"https:\/\/noti-america.com\/site\/principal\/2026\/09\/04\/como-organizar-un-viaje-de-grupo-a-un-resort-all-inclusive-en-cancun-sin-contratiempos\/#article","isPartOf":{"@id":"https:\/\/noti-america.com\/site\/principal\/2026\/09\/04\/como-organizar-un-viaje-de-grupo-a-un-resort-all-inclusive-en-cancun-sin-contratiempos\/"},"author":{"name":"Rosmer Herrera","@id":"https:\/\/noti-america.com\/site\/principal\/#\/schema\/person\/a94dd0867dbda32258e9bf7a2e79d5a6"},"headline":"\u00bfC\u00f3mo organizar un viaje de grupo a un resort all inclusive en Canc\u00fan sin contratiempos?","datePublished":"2026-09-04T15:32:29+00:00","mainEntityOfPage":{"@id":"https:\/\/noti-america.com\/site\/principal\/2026\/09\/04\/como-organizar-un-viaje-de-grupo-a-un-resort-all-inclusive-en-cancun-sin-contratiempos\/"},"wordCount":693,"image":{"@id":"https:\/\/noti-america.com\/site\/principal\/2026\/09\/04\/como-organizar-un-viaje-de-grupo-a-un-resort-all-inclusive-en-cancun-sin-contratiempos\/#primaryimage"},"thumbnailUrl":"https:\/\/noti-america.com\/site\/principal\/wp-content\/uploads\/sites\/26\/2026\/09\/pexels-israwmx-20210509.jpg","articleSection":["Actualidad"],"inLanguage":"es"},{"@type":"WebPage","@id":"https:\/\/noti-america.com\/site\/principal\/2026\/09\/04\/como-organizar-un-viaje-de-grupo-a-un-resort-all-inclusive-en-cancun-sin-contratiempos\/","url":"https:\/\/noti-america.com\/site\/principal\/2026\/09\/04\/como-organizar-un-viaje-de-grupo-a-un-resort-all-inclusive-en-cancun-sin-contratiempos\/","name":"\u00bfC\u00f3mo organizar un viaje de grupo a un resort all inclusive en Canc\u00fan sin contratiempos? - Noti-America.com","isPartOf":{"@id":"https:\/\/noti-america.com\/site\/principal\/#website"},"primaryImageOfPage":{"@id":"https:\/\/noti-america.com\/site\/principal\/2026\/09\/04\/como-organizar-un-viaje-de-grupo-a-un-resort-all-inclusive-en-cancun-sin-contratiempos\/#primaryimage"},"image":{"@id":"https:\/\/noti-america.com\/site\/principal\/2026\/09\/04\/como-organizar-un-viaje-de-grupo-a-un-resort-all-inclusive-en-cancun-sin-contratiempos\/#primaryimage"},"thumbnailUrl":"https:\/\/noti-america.com\/site\/principal\/wp-content\/uploads\/sites\/26\/2026\/09\/pexels-israwmx-20210509.jpg","datePublished":"2026-09-04T15:32:29+00:00","author":{"@id":"https:\/\/noti-america.com\/site\/principal\/#\/schema\/person\/a94dd0867dbda32258e9bf7a2e79d5a6"},"breadcrumb":{"@id":"https:\/\/noti-america.com\/site\/principal\/2026\/09\/04\/como-organizar-un-viaje-de-grupo-a-un-resort-all-inclusive-en-cancun-sin-contratiempos\/#breadcrumb"},"inLanguage":"es","potentialAction":[{"@type":"ReadAction","target":["https:\/\/noti-america.com\/site\/principal\/2026\/09\/04\/como-organizar-un-viaje-de-grupo-a-un-resort-all-inclusive-en-cancun-sin-contratiempos\/"]}]},{"@type":"ImageObject","inLanguage":"es","@id":"https:\/\/noti-america.com\/site\/principal\/2026\/09\/04\/como-organizar-un-viaje-de-grupo-a-un-resort-all-inclusive-en-cancun-sin-contratiempos\/#primaryimage","url":"https:\/\/noti-america.com\/site\/principal\/wp-content\/uploads\/sites\/26\/2026\/09\/pexels-israwmx-20210509.jpg","contentUrl":"https:\/\/noti-america.com\/site\/principal\/wp-content\/uploads\/sites\/26\/2026\/09\/pexels-israwmx-20210509.jpg","width":1280,"height":960},{"@type":"BreadcrumbList","@id":"https:\/\/noti-america.com\/site\/principal\/2026\/09\/04\/como-organizar-un-viaje-de-grupo-a-un-resort-all-inclusive-en-cancun-sin-contratiempos\/#breadcrumb","itemListElement":[{"@type":"ListItem","position":1,"name":"Portada","item":"https:\/\/noti-america.com\/site\/principal\/"},{"@type":"ListItem","position":2,"name":"\u00bfC\u00f3mo organizar un viaje de grupo a un resort all inclusive en Canc\u00fan sin contratiempos?"}]},{"@type":"WebSite","@id":"https:\/\/noti-america.com\/site\/principal\/#website","url":"https:\/\/noti-america.com\/site\/principal\/","name":"Noti-America.com","description":"El Noticiero Digital M\u00e1s Grande de Am\u00e9rica","potentialAction":[{"@type":"SearchAction","target":{"@type":"EntryPoint","urlTemplate":"https:\/\/noti-america.com\/site\/principal\/?s={search_term_string}"},"query-input":{"@type":"PropertyValueSpecification","valueRequired":true,"valueName":"search_term_string"}}],"inLanguage":"es"},{"@type":"Person","@id":"https:\/\/noti-america.com\/site\/principal\/#\/schema\/person\/a94dd0867dbda32258e9bf7a2e79d5a6","name":"Rosmer Herrera","image":{"@type":"ImageObject","inLanguage":"es","@id":"https:\/\/secure.gravatar.com\/avatar\/153e75c261394dbf20ff1a1e70ea2be9494f2b40b7fc4e7704084db13220ae08?s=96&d=mm&r=g","url":"https:\/\/secure.gravatar.com\/avatar\/153e75c261394dbf20ff1a1e70ea2be9494f2b40b7fc4e7704084db13220ae08?s=96&d=mm&r=g","contentUrl":"https:\/\/secure.gravatar.com\/avatar\/153e75c261394dbf20ff1a1e70ea2be9494f2b40b7fc4e7704084db13220ae08?s=96&d=mm&r=g","caption":"Rosmer Herrera"},"url":"https:\/\/noti-america.com\/site\/principal\/author\/rosmer33\/"}]}},"_links":{"self":[{"href":"https:\/\/noti-america.com\/site\/principal\/wp-json\/wp\/v2\/posts\/94546","targetHints":{"allow":["GET"]}}],"collection":[{"href":"https:\/\/noti-america.com\/site\/principal\/wp-json\/wp\/v2\/posts"}],"about":[{"href":"https:\/\/noti-america.com\/site\/principal\/wp-json\/wp\/v2\/types\/post"}],"author":[{"embeddable":true,"href":"https:\/\/noti-america.com\/site\/principal\/wp-json\/wp\/v2\/users\/1"}],"replies":[{"embeddable":true,"href":"https:\/\/noti-america.com\/site\/principal\/wp-json\/wp\/v2\/comments?post=94546"}],"version-history":[{"count":1,"href":"https:\/\/noti-america.com\/site\/principal\/wp-json\/wp\/v2\/posts\/94546\/revisions"}],"predecessor-version":[{"id":94548,"href":"https:\/\/noti-america.com\/site\/principal\/wp-json\/wp\/v2\/posts\/94546\/revisions\/94548"}],"wp:featuredmedia":[{"embeddable":true,"href":"https:\/\/noti-america.com\/site\/principal\/wp-json\/wp\/v2\/media\/94547"}],"wp:attachment":[{"href":"https:\/\/noti-america.com\/site\/principal\/wp-json\/wp\/v2\/media?parent=94546"}],"wp:term":[{"taxonomy":"category","embeddable":true,"href":"https:\/\/noti-america.com\/site\/principal\/wp-json\/wp\/v2\/categories?post=94546"},{"taxonomy":"post_tag","embeddable":true,"href":"https:\/\/noti-america.com\/site\/principal\/wp-json\/wp\/v2\/tags?post=94546"}],"curies":[{"name":"wp","href":"https:\/\/api.w.org\/{rel}","templated":true}]}}