{"id":94540,"date":"2026-09-04T12:27:49","date_gmt":"2026-09-04T16:27:49","guid":{"rendered":"https:\/\/noti-america.com\/site\/principal\/?p=94540"},"modified":"2026-09-04T12:27:49","modified_gmt":"2026-09-04T16:27:49","slug":"milei-llega-a-iguazu-para-cerrar-foro-del-iaef-y-lo-esperan-protestas-de-yerbateros-y-estatales","status":"publish","type":"post","link":"https:\/\/noti-america.com\/site\/principal\/2026\/09\/04\/milei-llega-a-iguazu-para-cerrar-foro-del-iaef-y-lo-esperan-protestas-de-yerbateros-y-estatales\/","title":{"rendered":"Milei llega a Iguaz\u00fa para cerrar foro del IAEF y lo esperan protestas de yerbateros y estatales"},"content":{"rendered":"<p>NOTI-AMERICA.COM | ARGENTINA<\/p>\n<p style=\"text-align: justify\">Tras su viaje rel\u00e1mpago a Chile y la cadena nacional sobre las Islas Malvinas, el presidente Javier Milei visitar\u00e1 hoy brevemente la Triple Frontera para cerrar el 47\u00b0 foro del Instituto Argentino de Ejecutivos de Finanzas (IAEF).<\/p>\n<p style=\"text-align: justify\">Milei llegar\u00e1 a las 17 al aeropuerto Carlos Krause y todav\u00eda no est\u00e1 confirmado si se desplazar\u00e1 al hotel Loi Suites, muy cerca del puente internacional Tancredo Neves -que une Argentina con Brasil- en helic\u00f3ptero o se desplazar\u00e1 en autom\u00f3vil.<\/p>\n<p style=\"text-align: justify\">Si elige el traslado terrestre, en el cruce de la Ruta Nacional 12 y la Ruta 101, por el cual deber\u00e1 pasar obligatoriamente, se encontrar\u00e1 con una concentraci\u00f3n de peque\u00f1os productores yerbateros, que en una carta abierta avisaron que el Presidente \u201cno es bienvenido por destruir nuestra econom\u00eda regional\u201d.<\/p>\n<p style=\"text-align: justify\">Los yerbateros se concentraron desde ayer en la localidad de Andresito, distante a 80 kil\u00f3metros. Tambi\u00e9n se unieron a la protesta, desde Posadas, estatales de ATE-Misiones y otras organizaciones sindicales, que se concentran desde ayer \u201cen repudio a la visita de Milei\u201d.<\/p>\n<p style=\"text-align: justify\">A trav\u00e9s del DNU 70\/2023, Milei desregul\u00f3 unas semanas despu\u00e9s de asumir la presidencia los precios oficiales en el valor de la hoja verde que unos 12.000 peque\u00f1os productores le venden a la industria yerbatera.<\/p>\n<p style=\"text-align: justify\">Hoy estos productores se quejan de que reciben un valor muy por debajo del costo y lo atribuyen a la desregulaci\u00f3n impulsada por Federico Sturzenegger, quien tambi\u00e9n disertar\u00e1 hoy en el IAEF.<\/p>\n<p style=\"text-align: justify\">En mayo de 2025, Karina Milei visit\u00f3 la ciudad de Ober\u00e1 y por una manifestaci\u00f3n de productores yerbateros que protestaban por la desregulaci\u00f3n, decidi\u00f3 acotar el resto de su visita a Misiones y partir de Buenos Aires.<\/p>\n<p style=\"text-align: justify\">Seg\u00fan el detalle de la agenda presidencial al que accedi\u00f3 LA NACION, Milei aterrizar\u00e1 a las 17 y se desplazar\u00e1 al foro del IAEF donde su discurso de cierre est\u00e1 previsto para las 18, en el auditorio del Loi Suites.<\/p>\n<p style=\"text-align: justify\">Se trata de uno de los hoteles m\u00e1s lujosos de Iguaz\u00fa, donde se aloj\u00f3 hace un a\u00f1o Antonella Rocuzzo, la esposa de Lionel Messi.<\/p>\n<p style=\"text-align: justify\">El Loi est\u00e1 en un lote cerrado de 600 hect\u00e1reas con apenas dos accesos desde la Ruta Nacional 12 que estar\u00e1n fuertemente custodiados por la Gendarmer\u00eda y otras fuerzas federales.<\/p>\n<p style=\"text-align: justify\">La Polic\u00eda de Misiones participar\u00e1 del operativo, pero \u201csolamente para cuidar la seguridad de los misioneros\u201d, explicaron a LA NACION.<\/p>\n<p style=\"text-align: justify\">Tras exponer ante los ejecutivos, economistas y empresarios, Milei se trasladar\u00e1 al hotel Falls, donde se reunir\u00e1 con dirigentes de La Libertad Avanza-Misiones, encabezados por Adri\u00e1n Nu\u00f1ez y el diputado nacional Diego Hartfield. Uno de ellos ser\u00e1 el candidato a gobernador por los libertarios.<\/p>\n<p style=\"text-align: justify\">En Misiones hay una gran expectativa porque, por primera vez en m\u00e1s de 20 a\u00f1os, el oficialismo misionero tiene serias chances de perder.<\/p>\n<p class=\"com-paragraph --s text-left\" style=\"text-align: justify\">El gobernador\u00a0<strong>Hugo Passalacqua<\/strong>\u00a0recibir\u00e1 al Presidente, aunque no se espera una foto p\u00fablica de ambos. Tambi\u00e9n expondr\u00e1 en el IAEF junto a sus pares<strong>\u00a0Juan Pablo Vald\u00e9s\u00a0<\/strong>(Corrientes),\u00a0<strong>Ra\u00fal Jalil\u00a0<\/strong>(Catamarca) y\u00a0<strong>Alfredo Cornejo\u00a0<\/strong>(Mendoza).<\/p>\n<p class=\"com-paragraph --s text-left\" style=\"text-align: justify\">Ayer, en la apertura, Passalacqua pidi\u00f3 que en los debates se tenga en cuenta al \u201cciudadano de a pie, que pide respuestas a otra velocidad\u201d.<\/p>\n<div style=\"text-align: justify\" data-tw=\"true\">\n<h2 class=\"font-primary font-w-bold text-subheading-lg text-left container-center-100 mb-8\">Defensa del modelo econ\u00f3mico<\/h2>\n<\/div>\n<p class=\"com-paragraph --s text-left\" style=\"text-align: justify\">El foro del IAEF ser\u00e1 un nuevo escenario para que Milei y el equipo econ\u00f3mico ratifiquen el rumbo y vuelvan a avisar que no habr\u00e1 una flexibilizaci\u00f3n de la pol\u00edtica monetaria y fiscal, ante los crecientes pedidos de sectores empresarios de rever algunos aspectos del programa.<\/p>\n<p class=\"com-paragraph --s text-left\" style=\"text-align: justify\">Durante la primera jornada, la \u00fanica figura del elenco oficial fue el vicepresidente del Banco Central, Vladimir Werning, quien volvi\u00f3 a ratificar que el problema de la mora es un asunto \u201centre privados\u201d y que la \u00fanica salida es que los bancos \u201creconozcan las p\u00e9rdidas\u201d y refinancien a tasas m\u00e1s bajas y plazos m\u00e1s largos.<\/p>\n<p class=\"com-paragraph --s text-left\" style=\"text-align: justify\">Para hoy se esperan las disertaciones de Sturzenegger, Luis Caputo, el canciller Pablo Quirno y el empresario Jorge Brito.<\/p>\n<p>&nbsp;<\/p>\n","protected":false},"excerpt":{"rendered":"<p>NOTI-AMERICA.COM | ARGENTINA Tras su viaje rel\u00e1mpago a Chile y la cadena nacional sobre las Islas Malvinas, el presidente Javier Milei visitar\u00e1 hoy brevemente la Triple Frontera para cerrar el 47\u00b0 foro del Instituto&#46;&#46;&#46;<\/p>\n","protected":false},"author":133,"featured_media":94541,"comment_status":"","ping_status":"open","sticky":false,"template":"","format":"image","meta":{"_acf_changed":false,"rop_custom_images_group":[],"rop_custom_messages_group":[],"rop_publish_now":"no","rop_publish_now_accounts":[],"rop_publish_now_history":[],"rop_publish_now_status":"pending","footnotes":""},"categories":[3],"tags":[],"class_list":["post-94540","post","type-post","status-publish","format-image","has-post-thumbnail","hentry","category-politica","post_format-post-format-image"],"acf":[],"yoast_head":"<!-- This site is optimized with the Yoast SEO Premium plugin v24.9 (Yoast SEO v27.2) - https:\/\/yoast.com\/product\/yoast-seo-premium-wordpress\/ -->\n<title>Milei llega a Iguaz\u00fa para cerrar foro del IAEF y lo esperan protestas de yerbateros y estatales - Noti-America.com<\/title>\n<meta name=\"robots\" content=\"index, follow, max-snippet:-1, max-image-preview:large, max-video-preview:-1\" \/>\n<link rel=\"canonical\" href=\"https:\/\/noti-america.com\/site\/principal\/2026\/09\/04\/milei-llega-a-iguazu-para-cerrar-foro-del-iaef-y-lo-esperan-protestas-de-yerbateros-y-estatales\/\" \/>\n<meta property=\"og:locale\" content=\"es_ES\" \/>\n<meta property=\"og:type\" content=\"article\" \/>\n<meta property=\"og:title\" content=\"Milei llega a Iguaz\u00fa para cerrar foro del IAEF y lo esperan protestas de yerbateros y estatales\" \/>\n<meta property=\"og:description\" content=\"NOTI-AMERICA.COM | ARGENTINA Tras su viaje rel\u00e1mpago a Chile y la cadena nacional sobre las Islas Malvinas, el presidente Javier Milei visitar\u00e1 hoy brevemente la Triple Frontera para cerrar el 47\u00b0 foro del Instituto&#046;&#046;&#046;\" \/>\n<meta property=\"og:url\" content=\"https:\/\/noti-america.com\/site\/principal\/2026\/09\/04\/milei-llega-a-iguazu-para-cerrar-foro-del-iaef-y-lo-esperan-protestas-de-yerbateros-y-estatales\/\" \/>\n<meta property=\"og:site_name\" content=\"Noti-America.com\" \/>\n<meta property=\"article:author\" content=\"Mar\u00eda Valentina Noguera\" \/>\n<meta property=\"article:published_time\" content=\"2026-09-04T16:27:49+00:00\" \/>\n<meta property=\"og:image\" content=\"https:\/\/noti-america.com\/site\/principal\/wp-content\/uploads\/sites\/26\/2026\/09\/Screenshot_4-9-2026_112258_www.lanacion.com_.ar_.jpeg\" \/>\n\t<meta property=\"og:image:width\" content=\"879\" \/>\n\t<meta property=\"og:image:height\" content=\"625\" \/>\n\t<meta property=\"og:image:type\" content=\"image\/jpeg\" \/>\n<meta name=\"author\" content=\"Maria Valentina Noguera Medina\" \/>\n<meta name=\"twitter:card\" content=\"summary_large_image\" \/>\n<meta name=\"twitter:label1\" content=\"Escrito por\" \/>\n\t<meta name=\"twitter:data1\" content=\"Maria Valentina Noguera Medina\" \/>\n\t<meta name=\"twitter:label2\" content=\"Tiempo estimado de lectura\" \/>\n\t<meta name=\"twitter:data2\" content=\"3 minutos\" \/>\n<script type=\"application\/ld+json\" class=\"yoast-schema-graph\">{\"@context\":\"https:\/\/schema.org\",\"@graph\":[{\"@type\":\"Article\",\"@id\":\"https:\/\/noti-america.com\/site\/principal\/2026\/09\/04\/milei-llega-a-iguazu-para-cerrar-foro-del-iaef-y-lo-esperan-protestas-de-yerbateros-y-estatales\/#article\",\"isPartOf\":{\"@id\":\"https:\/\/noti-america.com\/site\/principal\/2026\/09\/04\/milei-llega-a-iguazu-para-cerrar-foro-del-iaef-y-lo-esperan-protestas-de-yerbateros-y-estatales\/\"},\"author\":{\"name\":\"Maria Valentina Noguera Medina\",\"@id\":\"https:\/\/noti-america.com\/site\/principal\/#\/schema\/person\/b0777fb8ad9a321dc446ddbbceae778f\"},\"headline\":\"Milei llega a Iguaz\u00fa para cerrar foro del IAEF y lo esperan protestas de yerbateros y estatales\",\"datePublished\":\"2026-09-04T16:27:49+00:00\",\"mainEntityOfPage\":{\"@id\":\"https:\/\/noti-america.com\/site\/principal\/2026\/09\/04\/milei-llega-a-iguazu-para-cerrar-foro-del-iaef-y-lo-esperan-protestas-de-yerbateros-y-estatales\/\"},\"wordCount\":684,\"image\":{\"@id\":\"https:\/\/noti-america.com\/site\/principal\/2026\/09\/04\/milei-llega-a-iguazu-para-cerrar-foro-del-iaef-y-lo-esperan-protestas-de-yerbateros-y-estatales\/#primaryimage\"},\"thumbnailUrl\":\"https:\/\/noti-america.com\/site\/principal\/wp-content\/uploads\/sites\/26\/2026\/09\/Screenshot_4-9-2026_112258_www.lanacion.com_.ar_.jpeg\",\"articleSection\":[\"Pol\u00edtica\"],\"inLanguage\":\"es\"},{\"@type\":\"WebPage\",\"@id\":\"https:\/\/noti-america.com\/site\/principal\/2026\/09\/04\/milei-llega-a-iguazu-para-cerrar-foro-del-iaef-y-lo-esperan-protestas-de-yerbateros-y-estatales\/\",\"url\":\"https:\/\/noti-america.com\/site\/principal\/2026\/09\/04\/milei-llega-a-iguazu-para-cerrar-foro-del-iaef-y-lo-esperan-protestas-de-yerbateros-y-estatales\/\",\"name\":\"Milei llega a Iguaz\u00fa para cerrar foro del IAEF y lo esperan protestas de yerbateros y estatales - Noti-America.com\",\"isPartOf\":{\"@id\":\"https:\/\/noti-america.com\/site\/principal\/#website\"},\"primaryImageOfPage\":{\"@id\":\"https:\/\/noti-america.com\/site\/principal\/2026\/09\/04\/milei-llega-a-iguazu-para-cerrar-foro-del-iaef-y-lo-esperan-protestas-de-yerbateros-y-estatales\/#primaryimage\"},\"image\":{\"@id\":\"https:\/\/noti-america.com\/site\/principal\/2026\/09\/04\/milei-llega-a-iguazu-para-cerrar-foro-del-iaef-y-lo-esperan-protestas-de-yerbateros-y-estatales\/#primaryimage\"},\"thumbnailUrl\":\"https:\/\/noti-america.com\/site\/principal\/wp-content\/uploads\/sites\/26\/2026\/09\/Screenshot_4-9-2026_112258_www.lanacion.com_.ar_.jpeg\",\"datePublished\":\"2026-09-04T16:27:49+00:00\",\"author\":{\"@id\":\"https:\/\/noti-america.com\/site\/principal\/#\/schema\/person\/b0777fb8ad9a321dc446ddbbceae778f\"},\"breadcrumb\":{\"@id\":\"https:\/\/noti-america.com\/site\/principal\/2026\/09\/04\/milei-llega-a-iguazu-para-cerrar-foro-del-iaef-y-lo-esperan-protestas-de-yerbateros-y-estatales\/#breadcrumb\"},\"inLanguage\":\"es\",\"potentialAction\":[{\"@type\":\"ReadAction\",\"target\":[\"https:\/\/noti-america.com\/site\/principal\/2026\/09\/04\/milei-llega-a-iguazu-para-cerrar-foro-del-iaef-y-lo-esperan-protestas-de-yerbateros-y-estatales\/\"]}]},{\"@type\":\"ImageObject\",\"inLanguage\":\"es\",\"@id\":\"https:\/\/noti-america.com\/site\/principal\/2026\/09\/04\/milei-llega-a-iguazu-para-cerrar-foro-del-iaef-y-lo-esperan-protestas-de-yerbateros-y-estatales\/#primaryimage\",\"url\":\"https:\/\/noti-america.com\/site\/principal\/wp-content\/uploads\/sites\/26\/2026\/09\/Screenshot_4-9-2026_112258_www.lanacion.com_.ar_.jpeg\",\"contentUrl\":\"https:\/\/noti-america.com\/site\/principal\/wp-content\/uploads\/sites\/26\/2026\/09\/Screenshot_4-9-2026_112258_www.lanacion.com_.ar_.jpeg\",\"width\":879,\"height\":625},{\"@type\":\"BreadcrumbList\",\"@id\":\"https:\/\/noti-america.com\/site\/principal\/2026\/09\/04\/milei-llega-a-iguazu-para-cerrar-foro-del-iaef-y-lo-esperan-protestas-de-yerbateros-y-estatales\/#breadcrumb\",\"itemListElement\":[{\"@type\":\"ListItem\",\"position\":1,\"name\":\"Portada\",\"item\":\"https:\/\/noti-america.com\/site\/principal\/\"},{\"@type\":\"ListItem\",\"position\":2,\"name\":\"Milei llega a Iguaz\u00fa para cerrar foro del IAEF y lo esperan protestas de yerbateros y estatales\"}]},{\"@type\":\"WebSite\",\"@id\":\"https:\/\/noti-america.com\/site\/principal\/#website\",\"url\":\"https:\/\/noti-america.com\/site\/principal\/\",\"name\":\"Noti-America.com\",\"description\":\"El Noticiero Digital M\u00e1s Grande de Am\u00e9rica\",\"potentialAction\":[{\"@type\":\"SearchAction\",\"target\":{\"@type\":\"EntryPoint\",\"urlTemplate\":\"https:\/\/noti-america.com\/site\/principal\/?s={search_term_string}\"},\"query-input\":{\"@type\":\"PropertyValueSpecification\",\"valueRequired\":true,\"valueName\":\"search_term_string\"}}],\"inLanguage\":\"es\"},{\"@type\":\"Person\",\"@id\":\"https:\/\/noti-america.com\/site\/principal\/#\/schema\/person\/b0777fb8ad9a321dc446ddbbceae778f\",\"name\":\"Maria Valentina Noguera Medina\",\"image\":{\"@type\":\"ImageObject\",\"inLanguage\":\"es\",\"@id\":\"https:\/\/secure.gravatar.com\/avatar\/4ec5eb9d099f2608a49c9df6f7341f66f04f819cdffa09d56a7a0e91d2819d56?s=96&d=mm&r=g\",\"url\":\"https:\/\/secure.gravatar.com\/avatar\/4ec5eb9d099f2608a49c9df6f7341f66f04f819cdffa09d56a7a0e91d2819d56?s=96&d=mm&r=g\",\"contentUrl\":\"https:\/\/secure.gravatar.com\/avatar\/4ec5eb9d099f2608a49c9df6f7341f66f04f819cdffa09d56a7a0e91d2819d56?s=96&d=mm&r=g\",\"caption\":\"Maria Valentina Noguera Medina\"},\"description\":\"Periodista - noti-america - Promar Community Manager - Talento Plus Dise\u00f1adora\/ creadora de contenido...\",\"sameAs\":[\"Mar\u00eda Valentina Noguera\",\"https:\/\/www.facebook.com\/mariavalentina.noguera\",\"https:\/\/www.linkedin.com\/in\/mara-valentina-noguera-medina-373075165\/\",\"https:\/\/www.pinterest.es\/valentinanoguera95\/\",\"https:\/\/www.youtube.com\/channel\/UCdek6mbUZ-Tqqw0I63i4nmQ\"],\"url\":\"https:\/\/noti-america.com\/site\/principal\/author\/mnoguera\/\"}]}<\/script>\n<!-- \/ Yoast SEO Premium plugin. -->","yoast_head_json":{"title":"Milei llega a Iguaz\u00fa para cerrar foro del IAEF y lo esperan protestas de yerbateros y estatales - Noti-America.com","robots":{"index":"index","follow":"follow","max-snippet":"max-snippet:-1","max-image-preview":"max-image-preview:large","max-video-preview":"max-video-preview:-1"},"canonical":"https:\/\/noti-america.com\/site\/principal\/2026\/09\/04\/milei-llega-a-iguazu-para-cerrar-foro-del-iaef-y-lo-esperan-protestas-de-yerbateros-y-estatales\/","og_locale":"es_ES","og_type":"article","og_title":"Milei llega a Iguaz\u00fa para cerrar foro del IAEF y lo esperan protestas de yerbateros y estatales","og_description":"NOTI-AMERICA.COM | ARGENTINA Tras su viaje rel\u00e1mpago a Chile y la cadena nacional sobre las Islas Malvinas, el presidente Javier Milei visitar\u00e1 hoy brevemente la Triple Frontera para cerrar el 47\u00b0 foro del Instituto&#46;&#46;&#46;","og_url":"https:\/\/noti-america.com\/site\/principal\/2026\/09\/04\/milei-llega-a-iguazu-para-cerrar-foro-del-iaef-y-lo-esperan-protestas-de-yerbateros-y-estatales\/","og_site_name":"Noti-America.com","article_author":"Mar\u00eda Valentina Noguera","article_published_time":"2026-09-04T16:27:49+00:00","og_image":[{"width":879,"height":625,"url":"https:\/\/noti-america.com\/site\/principal\/wp-content\/uploads\/sites\/26\/2026\/09\/Screenshot_4-9-2026_112258_www.lanacion.com_.ar_.jpeg","type":"image\/jpeg"}],"author":"Maria Valentina Noguera Medina","twitter_card":"summary_large_image","twitter_misc":{"Escrito por":"Maria Valentina Noguera Medina","Tiempo estimado de lectura":"3 minutos"},"schema":{"@context":"https:\/\/schema.org","@graph":[{"@type":"Article","@id":"https:\/\/noti-america.com\/site\/principal\/2026\/09\/04\/milei-llega-a-iguazu-para-cerrar-foro-del-iaef-y-lo-esperan-protestas-de-yerbateros-y-estatales\/#article","isPartOf":{"@id":"https:\/\/noti-america.com\/site\/principal\/2026\/09\/04\/milei-llega-a-iguazu-para-cerrar-foro-del-iaef-y-lo-esperan-protestas-de-yerbateros-y-estatales\/"},"author":{"name":"Maria Valentina Noguera Medina","@id":"https:\/\/noti-america.com\/site\/principal\/#\/schema\/person\/b0777fb8ad9a321dc446ddbbceae778f"},"headline":"Milei llega a Iguaz\u00fa para cerrar foro del IAEF y lo esperan protestas de yerbateros y estatales","datePublished":"2026-09-04T16:27:49+00:00","mainEntityOfPage":{"@id":"https:\/\/noti-america.com\/site\/principal\/2026\/09\/04\/milei-llega-a-iguazu-para-cerrar-foro-del-iaef-y-lo-esperan-protestas-de-yerbateros-y-estatales\/"},"wordCount":684,"image":{"@id":"https:\/\/noti-america.com\/site\/principal\/2026\/09\/04\/milei-llega-a-iguazu-para-cerrar-foro-del-iaef-y-lo-esperan-protestas-de-yerbateros-y-estatales\/#primaryimage"},"thumbnailUrl":"https:\/\/noti-america.com\/site\/principal\/wp-content\/uploads\/sites\/26\/2026\/09\/Screenshot_4-9-2026_112258_www.lanacion.com_.ar_.jpeg","articleSection":["Pol\u00edtica"],"inLanguage":"es"},{"@type":"WebPage","@id":"https:\/\/noti-america.com\/site\/principal\/2026\/09\/04\/milei-llega-a-iguazu-para-cerrar-foro-del-iaef-y-lo-esperan-protestas-de-yerbateros-y-estatales\/","url":"https:\/\/noti-america.com\/site\/principal\/2026\/09\/04\/milei-llega-a-iguazu-para-cerrar-foro-del-iaef-y-lo-esperan-protestas-de-yerbateros-y-estatales\/","name":"Milei llega a Iguaz\u00fa para cerrar foro del IAEF y lo esperan protestas de yerbateros y estatales - Noti-America.com","isPartOf":{"@id":"https:\/\/noti-america.com\/site\/principal\/#website"},"primaryImageOfPage":{"@id":"https:\/\/noti-america.com\/site\/principal\/2026\/09\/04\/milei-llega-a-iguazu-para-cerrar-foro-del-iaef-y-lo-esperan-protestas-de-yerbateros-y-estatales\/#primaryimage"},"image":{"@id":"https:\/\/noti-america.com\/site\/principal\/2026\/09\/04\/milei-llega-a-iguazu-para-cerrar-foro-del-iaef-y-lo-esperan-protestas-de-yerbateros-y-estatales\/#primaryimage"},"thumbnailUrl":"https:\/\/noti-america.com\/site\/principal\/wp-content\/uploads\/sites\/26\/2026\/09\/Screenshot_4-9-2026_112258_www.lanacion.com_.ar_.jpeg","datePublished":"2026-09-04T16:27:49+00:00","author":{"@id":"https:\/\/noti-america.com\/site\/principal\/#\/schema\/person\/b0777fb8ad9a321dc446ddbbceae778f"},"breadcrumb":{"@id":"https:\/\/noti-america.com\/site\/principal\/2026\/09\/04\/milei-llega-a-iguazu-para-cerrar-foro-del-iaef-y-lo-esperan-protestas-de-yerbateros-y-estatales\/#breadcrumb"},"inLanguage":"es","potentialAction":[{"@type":"ReadAction","target":["https:\/\/noti-america.com\/site\/principal\/2026\/09\/04\/milei-llega-a-iguazu-para-cerrar-foro-del-iaef-y-lo-esperan-protestas-de-yerbateros-y-estatales\/"]}]},{"@type":"ImageObject","inLanguage":"es","@id":"https:\/\/noti-america.com\/site\/principal\/2026\/09\/04\/milei-llega-a-iguazu-para-cerrar-foro-del-iaef-y-lo-esperan-protestas-de-yerbateros-y-estatales\/#primaryimage","url":"https:\/\/noti-america.com\/site\/principal\/wp-content\/uploads\/sites\/26\/2026\/09\/Screenshot_4-9-2026_112258_www.lanacion.com_.ar_.jpeg","contentUrl":"https:\/\/noti-america.com\/site\/principal\/wp-content\/uploads\/sites\/26\/2026\/09\/Screenshot_4-9-2026_112258_www.lanacion.com_.ar_.jpeg","width":879,"height":625},{"@type":"BreadcrumbList","@id":"https:\/\/noti-america.com\/site\/principal\/2026\/09\/04\/milei-llega-a-iguazu-para-cerrar-foro-del-iaef-y-lo-esperan-protestas-de-yerbateros-y-estatales\/#breadcrumb","itemListElement":[{"@type":"ListItem","position":1,"name":"Portada","item":"https:\/\/noti-america.com\/site\/principal\/"},{"@type":"ListItem","position":2,"name":"Milei llega a Iguaz\u00fa para cerrar foro del IAEF y lo esperan protestas de yerbateros y estatales"}]},{"@type":"WebSite","@id":"https:\/\/noti-america.com\/site\/principal\/#website","url":"https:\/\/noti-america.com\/site\/principal\/","name":"Noti-America.com","description":"El Noticiero Digital M\u00e1s Grande de Am\u00e9rica","potentialAction":[{"@type":"SearchAction","target":{"@type":"EntryPoint","urlTemplate":"https:\/\/noti-america.com\/site\/principal\/?s={search_term_string}"},"query-input":{"@type":"PropertyValueSpecification","valueRequired":true,"valueName":"search_term_string"}}],"inLanguage":"es"},{"@type":"Person","@id":"https:\/\/noti-america.com\/site\/principal\/#\/schema\/person\/b0777fb8ad9a321dc446ddbbceae778f","name":"Maria Valentina Noguera Medina","image":{"@type":"ImageObject","inLanguage":"es","@id":"https:\/\/secure.gravatar.com\/avatar\/4ec5eb9d099f2608a49c9df6f7341f66f04f819cdffa09d56a7a0e91d2819d56?s=96&d=mm&r=g","url":"https:\/\/secure.gravatar.com\/avatar\/4ec5eb9d099f2608a49c9df6f7341f66f04f819cdffa09d56a7a0e91d2819d56?s=96&d=mm&r=g","contentUrl":"https:\/\/secure.gravatar.com\/avatar\/4ec5eb9d099f2608a49c9df6f7341f66f04f819cdffa09d56a7a0e91d2819d56?s=96&d=mm&r=g","caption":"Maria Valentina Noguera Medina"},"description":"Periodista - noti-america - Promar Community Manager - Talento Plus Dise\u00f1adora\/ creadora de contenido...","sameAs":["Mar\u00eda Valentina Noguera","https:\/\/www.facebook.com\/mariavalentina.noguera","https:\/\/www.linkedin.com\/in\/mara-valentina-noguera-medina-373075165\/","https:\/\/www.pinterest.es\/valentinanoguera95\/","https:\/\/www.youtube.com\/channel\/UCdek6mbUZ-Tqqw0I63i4nmQ"],"url":"https:\/\/noti-america.com\/site\/principal\/author\/mnoguera\/"}]}},"_links":{"self":[{"href":"https:\/\/noti-america.com\/site\/principal\/wp-json\/wp\/v2\/posts\/94540","targetHints":{"allow":["GET"]}}],"collection":[{"href":"https:\/\/noti-america.com\/site\/principal\/wp-json\/wp\/v2\/posts"}],"about":[{"href":"https:\/\/noti-america.com\/site\/principal\/wp-json\/wp\/v2\/types\/post"}],"author":[{"embeddable":true,"href":"https:\/\/noti-america.com\/site\/principal\/wp-json\/wp\/v2\/users\/133"}],"replies":[{"embeddable":true,"href":"https:\/\/noti-america.com\/site\/principal\/wp-json\/wp\/v2\/comments?post=94540"}],"version-history":[{"count":1,"href":"https:\/\/noti-america.com\/site\/principal\/wp-json\/wp\/v2\/posts\/94540\/revisions"}],"predecessor-version":[{"id":94560,"href":"https:\/\/noti-america.com\/site\/principal\/wp-json\/wp\/v2\/posts\/94540\/revisions\/94560"}],"wp:featuredmedia":[{"embeddable":true,"href":"https:\/\/noti-america.com\/site\/principal\/wp-json\/wp\/v2\/media\/94541"}],"wp:attachment":[{"href":"https:\/\/noti-america.com\/site\/principal\/wp-json\/wp\/v2\/media?parent=94540"}],"wp:term":[{"taxonomy":"category","embeddable":true,"href":"https:\/\/noti-america.com\/site\/principal\/wp-json\/wp\/v2\/categories?post=94540"},{"taxonomy":"post_tag","embeddable":true,"href":"https:\/\/noti-america.com\/site\/principal\/wp-json\/wp\/v2\/tags?post=94540"}],"curies":[{"name":"wp","href":"https:\/\/api.w.org\/{rel}","templated":true}]}}