{"id":94532,"date":"2026-09-04T15:05:17","date_gmt":"2026-09-04T19:05:17","guid":{"rendered":"https:\/\/noti-america.com\/site\/principal\/?p=94532"},"modified":"2026-09-04T15:05:17","modified_gmt":"2026-09-04T19:05:17","slug":"meta-desmantelo-red-de-propaganda-de-grupo-guerrillero-que-opera-entre-colombia-y-venezuela","status":"publish","type":"post","link":"https:\/\/noti-america.com\/site\/principal\/2026\/09\/04\/meta-desmantelo-red-de-propaganda-de-grupo-guerrillero-que-opera-entre-colombia-y-venezuela\/","title":{"rendered":"Meta desmantel\u00f3 red de propaganda de grupo guerrillero que opera entre Colombia y Venezuela"},"content":{"rendered":"<article class=\"my-8\">\n<div class=\"font-nimrod en-entry-content text-gris-900 text-[20px] leading-[150%]\">\n<p class=\"wp-block-paragraph\" style=\"text-align: justify\"><strong>Meta<\/strong>\u00a0inform\u00f3 que desmantel\u00f3 una red dedicada a la propaganda y el reclutamiento de un\u00a0<strong>grupo guerrillero de extrema izquierda que opera en la frontera entre Colombia y Venezuela<\/strong>, seg\u00fan sus reportes de integridad correspondientes al segundo semestre de 2026.<\/p>\n<p class=\"wp-block-paragraph\" style=\"text-align: justify\">La compa\u00f1\u00eda, propietaria de\u00a0<strong>Facebook,\u00a0Instagram, Threads y WhatsApp<\/strong>, no revel\u00f3 el nombre del grupo. Sin embargo, se\u00f1al\u00f3 que\u00a0<strong>se expandi\u00f3 hacia territorios abandonados por una organizaci\u00f3n rival<\/strong>\u00a0y controla rutas utilizadas para el narcotr\u00e1fico y el contrabando.<\/p>\n<p class=\"wp-block-paragraph\" style=\"text-align: justify\">De acuerdo con Meta, la organizaci\u00f3n mantiene v\u00ednculos con\u00a0<strong>grupos transnacionales de droga y utiliza las redes sociales para captar espec\u00edficamente a j\u00f3venes<\/strong>. Adem\u00e1s, difund\u00eda contenido ideol\u00f3gico e im\u00e1genes relacionadas con entrenamiento de tipo militar y armamento.<\/p>\n<p class=\"wp-block-paragraph\" style=\"text-align: justify\">La investigaci\u00f3n tambi\u00e9n encontr\u00f3 indicios de que algunos integrantes intentaron emplear las plataformas para coordinar da\u00f1os fuera de l\u00ednea, entre ellos\u00a0<strong>amenazas dirigidas contra grupos rivales<\/strong>.<\/p>\n<p class=\"wp-block-paragraph\" style=\"text-align: justify\">Las primeras acciones ocurrieron en dos etapas durante\u00a0<strong>2025<\/strong>. A comienzos de ese a\u00f1o, Meta desactiv\u00f3\u00a0<strong>m\u00e1s de 250 activos<\/strong>, principalmente cuentas de Facebook, y bloque\u00f3 enlaces que conduc\u00edan hacia canales de mensajer\u00eda cifrada.<\/p>\n<p class=\"wp-block-paragraph\" style=\"text-align: justify\">En mayo,\u00a0<strong>la compa\u00f1\u00eda retir\u00f3 otros 800 activos relacionados con la organizaci\u00f3n<\/strong>\u00a0y un grupo aliado que tambi\u00e9n opera en la regi\u00f3n. Posteriormente, sistemas autom\u00e1ticos deshabilitaron m\u00e1s de 350 activos adicionales durante 2026.<\/p>\n<p class=\"wp-block-paragraph\" style=\"text-align: justify\"><strong>La estructura ten\u00eda como centro una emisora de propaganda<\/strong>\u00a0con d\u00e9cadas de funcionamiento, identificada como el principal instrumento de reclutamiento. Ante la p\u00e9rdida de alcance de la radio tradicional, parte de su programaci\u00f3n migr\u00f3 a internet, rese\u00f1\u00f3\u00a0Cazadores de Fake News.<\/p>\n<p class=\"wp-block-paragraph\" style=\"text-align: justify\">El contenido comenz\u00f3 a distribuirse mediante mensajer\u00eda cifrada y perfiles de Facebook e Instagram que se presentaban como \u00ab<strong>medios de noticias independientes<\/strong>\u00ab. La programaci\u00f3n era replicada en numerosas cuentas y dominios para mantenerla disponible pese a las eliminaciones.<\/p>\n<p class=\"wp-block-paragraph\" style=\"text-align: justify\">Meta utiliz\u00f3\u00a0<strong>detecci\u00f3n asistida por inteligencia artificial<\/strong>\u00a0y sistemas autom\u00e1ticos contra la reincidencia para identificar esos activos dispersos mientras la organizaci\u00f3n intentaba reconstruir su presencia digital.<\/p>\n<p style=\"text-align: justify\">\n<\/div>\n<\/article>\n","protected":false},"excerpt":{"rendered":"<p>Meta\u00a0inform\u00f3 que desmantel\u00f3 una red dedicada a la propaganda y el reclutamiento de un\u00a0grupo guerrillero de extrema izquierda que opera en la frontera entre Colombia y Venezuela, seg\u00fan sus reportes de integridad correspondientes al&#46;&#46;&#46;<\/p>\n","protected":false},"author":133,"featured_media":94533,"comment_status":"","ping_status":"open","sticky":false,"template":"","format":"image","meta":{"_acf_changed":false,"rop_custom_images_group":[],"rop_custom_messages_group":[],"rop_publish_now":"no","rop_publish_now_accounts":[],"rop_publish_now_history":[],"rop_publish_now_status":"pending","footnotes":""},"categories":[11],"tags":[],"class_list":["post-94532","post","type-post","status-publish","format-image","has-post-thumbnail","hentry","category-sucesos","post_format-post-format-image"],"acf":[],"yoast_head":"<!-- This site is optimized with the Yoast SEO Premium plugin v24.9 (Yoast SEO v27.2) - https:\/\/yoast.com\/product\/yoast-seo-premium-wordpress\/ -->\n<title>Meta desmantel\u00f3 red de propaganda de grupo guerrillero que opera entre Colombia y Venezuela - Noti-America.com<\/title>\n<meta name=\"robots\" content=\"index, follow, max-snippet:-1, max-image-preview:large, max-video-preview:-1\" \/>\n<link rel=\"canonical\" href=\"https:\/\/noti-america.com\/site\/principal\/2026\/09\/04\/meta-desmantelo-red-de-propaganda-de-grupo-guerrillero-que-opera-entre-colombia-y-venezuela\/\" \/>\n<meta property=\"og:locale\" content=\"es_ES\" \/>\n<meta property=\"og:type\" content=\"article\" \/>\n<meta property=\"og:title\" content=\"Meta desmantel\u00f3 red de propaganda de grupo guerrillero que opera entre Colombia y Venezuela\" \/>\n<meta property=\"og:description\" content=\"Meta\u00a0inform\u00f3 que desmantel\u00f3 una red dedicada a la propaganda y el reclutamiento de un\u00a0grupo guerrillero de extrema izquierda que opera en la frontera entre Colombia y Venezuela, seg\u00fan sus reportes de integridad correspondientes al&#046;&#046;&#046;\" \/>\n<meta property=\"og:url\" content=\"https:\/\/noti-america.com\/site\/principal\/2026\/09\/04\/meta-desmantelo-red-de-propaganda-de-grupo-guerrillero-que-opera-entre-colombia-y-venezuela\/\" \/>\n<meta property=\"og:site_name\" content=\"Noti-America.com\" \/>\n<meta property=\"article:author\" content=\"Mar\u00eda Valentina Noguera\" \/>\n<meta property=\"article:published_time\" content=\"2026-09-04T19:05:17+00:00\" \/>\n<meta property=\"og:image\" content=\"https:\/\/noti-america.com\/site\/principal\/wp-content\/uploads\/sites\/26\/2026\/09\/solenfeyissa-instagram-5409107_1280.jpg\" \/>\n\t<meta property=\"og:image:width\" content=\"1280\" \/>\n\t<meta property=\"og:image:height\" content=\"853\" \/>\n\t<meta property=\"og:image:type\" content=\"image\/jpeg\" \/>\n<meta name=\"author\" content=\"Maria Valentina Noguera Medina\" \/>\n<meta name=\"twitter:card\" content=\"summary_large_image\" \/>\n<meta name=\"twitter:label1\" content=\"Escrito por\" \/>\n\t<meta name=\"twitter:data1\" content=\"Maria Valentina Noguera Medina\" \/>\n\t<meta name=\"twitter:label2\" content=\"Tiempo estimado de lectura\" \/>\n\t<meta name=\"twitter:data2\" content=\"2 minutos\" \/>\n<script type=\"application\/ld+json\" class=\"yoast-schema-graph\">{\"@context\":\"https:\/\/schema.org\",\"@graph\":[{\"@type\":\"Article\",\"@id\":\"https:\/\/noti-america.com\/site\/principal\/2026\/09\/04\/meta-desmantelo-red-de-propaganda-de-grupo-guerrillero-que-opera-entre-colombia-y-venezuela\/#article\",\"isPartOf\":{\"@id\":\"https:\/\/noti-america.com\/site\/principal\/2026\/09\/04\/meta-desmantelo-red-de-propaganda-de-grupo-guerrillero-que-opera-entre-colombia-y-venezuela\/\"},\"author\":{\"name\":\"Maria Valentina Noguera Medina\",\"@id\":\"https:\/\/noti-america.com\/site\/principal\/#\/schema\/person\/b0777fb8ad9a321dc446ddbbceae778f\"},\"headline\":\"Meta desmantel\u00f3 red de propaganda de grupo guerrillero que opera entre Colombia y Venezuela\",\"datePublished\":\"2026-09-04T19:05:17+00:00\",\"mainEntityOfPage\":{\"@id\":\"https:\/\/noti-america.com\/site\/principal\/2026\/09\/04\/meta-desmantelo-red-de-propaganda-de-grupo-guerrillero-que-opera-entre-colombia-y-venezuela\/\"},\"wordCount\":357,\"image\":{\"@id\":\"https:\/\/noti-america.com\/site\/principal\/2026\/09\/04\/meta-desmantelo-red-de-propaganda-de-grupo-guerrillero-que-opera-entre-colombia-y-venezuela\/#primaryimage\"},\"thumbnailUrl\":\"https:\/\/noti-america.com\/site\/principal\/wp-content\/uploads\/sites\/26\/2026\/09\/solenfeyissa-instagram-5409107_1280.jpg\",\"articleSection\":[\"Sucesos\"],\"inLanguage\":\"es\"},{\"@type\":\"WebPage\",\"@id\":\"https:\/\/noti-america.com\/site\/principal\/2026\/09\/04\/meta-desmantelo-red-de-propaganda-de-grupo-guerrillero-que-opera-entre-colombia-y-venezuela\/\",\"url\":\"https:\/\/noti-america.com\/site\/principal\/2026\/09\/04\/meta-desmantelo-red-de-propaganda-de-grupo-guerrillero-que-opera-entre-colombia-y-venezuela\/\",\"name\":\"Meta desmantel\u00f3 red de propaganda de grupo guerrillero que opera entre Colombia y Venezuela - Noti-America.com\",\"isPartOf\":{\"@id\":\"https:\/\/noti-america.com\/site\/principal\/#website\"},\"primaryImageOfPage\":{\"@id\":\"https:\/\/noti-america.com\/site\/principal\/2026\/09\/04\/meta-desmantelo-red-de-propaganda-de-grupo-guerrillero-que-opera-entre-colombia-y-venezuela\/#primaryimage\"},\"image\":{\"@id\":\"https:\/\/noti-america.com\/site\/principal\/2026\/09\/04\/meta-desmantelo-red-de-propaganda-de-grupo-guerrillero-que-opera-entre-colombia-y-venezuela\/#primaryimage\"},\"thumbnailUrl\":\"https:\/\/noti-america.com\/site\/principal\/wp-content\/uploads\/sites\/26\/2026\/09\/solenfeyissa-instagram-5409107_1280.jpg\",\"datePublished\":\"2026-09-04T19:05:17+00:00\",\"author\":{\"@id\":\"https:\/\/noti-america.com\/site\/principal\/#\/schema\/person\/b0777fb8ad9a321dc446ddbbceae778f\"},\"breadcrumb\":{\"@id\":\"https:\/\/noti-america.com\/site\/principal\/2026\/09\/04\/meta-desmantelo-red-de-propaganda-de-grupo-guerrillero-que-opera-entre-colombia-y-venezuela\/#breadcrumb\"},\"inLanguage\":\"es\",\"potentialAction\":[{\"@type\":\"ReadAction\",\"target\":[\"https:\/\/noti-america.com\/site\/principal\/2026\/09\/04\/meta-desmantelo-red-de-propaganda-de-grupo-guerrillero-que-opera-entre-colombia-y-venezuela\/\"]}]},{\"@type\":\"ImageObject\",\"inLanguage\":\"es\",\"@id\":\"https:\/\/noti-america.com\/site\/principal\/2026\/09\/04\/meta-desmantelo-red-de-propaganda-de-grupo-guerrillero-que-opera-entre-colombia-y-venezuela\/#primaryimage\",\"url\":\"https:\/\/noti-america.com\/site\/principal\/wp-content\/uploads\/sites\/26\/2026\/09\/solenfeyissa-instagram-5409107_1280.jpg\",\"contentUrl\":\"https:\/\/noti-america.com\/site\/principal\/wp-content\/uploads\/sites\/26\/2026\/09\/solenfeyissa-instagram-5409107_1280.jpg\",\"width\":1280,\"height\":853},{\"@type\":\"BreadcrumbList\",\"@id\":\"https:\/\/noti-america.com\/site\/principal\/2026\/09\/04\/meta-desmantelo-red-de-propaganda-de-grupo-guerrillero-que-opera-entre-colombia-y-venezuela\/#breadcrumb\",\"itemListElement\":[{\"@type\":\"ListItem\",\"position\":1,\"name\":\"Portada\",\"item\":\"https:\/\/noti-america.com\/site\/principal\/\"},{\"@type\":\"ListItem\",\"position\":2,\"name\":\"Meta desmantel\u00f3 red de propaganda de grupo guerrillero que opera entre Colombia y Venezuela\"}]},{\"@type\":\"WebSite\",\"@id\":\"https:\/\/noti-america.com\/site\/principal\/#website\",\"url\":\"https:\/\/noti-america.com\/site\/principal\/\",\"name\":\"Noti-America.com\",\"description\":\"El Noticiero Digital M\u00e1s Grande de Am\u00e9rica\",\"potentialAction\":[{\"@type\":\"SearchAction\",\"target\":{\"@type\":\"EntryPoint\",\"urlTemplate\":\"https:\/\/noti-america.com\/site\/principal\/?s={search_term_string}\"},\"query-input\":{\"@type\":\"PropertyValueSpecification\",\"valueRequired\":true,\"valueName\":\"search_term_string\"}}],\"inLanguage\":\"es\"},{\"@type\":\"Person\",\"@id\":\"https:\/\/noti-america.com\/site\/principal\/#\/schema\/person\/b0777fb8ad9a321dc446ddbbceae778f\",\"name\":\"Maria Valentina Noguera Medina\",\"image\":{\"@type\":\"ImageObject\",\"inLanguage\":\"es\",\"@id\":\"https:\/\/secure.gravatar.com\/avatar\/4ec5eb9d099f2608a49c9df6f7341f66f04f819cdffa09d56a7a0e91d2819d56?s=96&d=mm&r=g\",\"url\":\"https:\/\/secure.gravatar.com\/avatar\/4ec5eb9d099f2608a49c9df6f7341f66f04f819cdffa09d56a7a0e91d2819d56?s=96&d=mm&r=g\",\"contentUrl\":\"https:\/\/secure.gravatar.com\/avatar\/4ec5eb9d099f2608a49c9df6f7341f66f04f819cdffa09d56a7a0e91d2819d56?s=96&d=mm&r=g\",\"caption\":\"Maria Valentina Noguera Medina\"},\"description\":\"Periodista - noti-america - Promar Community Manager - Talento Plus Dise\u00f1adora\/ creadora de contenido...\",\"sameAs\":[\"Mar\u00eda Valentina Noguera\",\"https:\/\/www.facebook.com\/mariavalentina.noguera\",\"https:\/\/www.linkedin.com\/in\/mara-valentina-noguera-medina-373075165\/\",\"https:\/\/www.pinterest.es\/valentinanoguera95\/\",\"https:\/\/www.youtube.com\/channel\/UCdek6mbUZ-Tqqw0I63i4nmQ\"],\"url\":\"https:\/\/noti-america.com\/site\/principal\/author\/mnoguera\/\"}]}<\/script>\n<!-- \/ Yoast SEO Premium plugin. -->","yoast_head_json":{"title":"Meta desmantel\u00f3 red de propaganda de grupo guerrillero que opera entre Colombia y Venezuela - Noti-America.com","robots":{"index":"index","follow":"follow","max-snippet":"max-snippet:-1","max-image-preview":"max-image-preview:large","max-video-preview":"max-video-preview:-1"},"canonical":"https:\/\/noti-america.com\/site\/principal\/2026\/09\/04\/meta-desmantelo-red-de-propaganda-de-grupo-guerrillero-que-opera-entre-colombia-y-venezuela\/","og_locale":"es_ES","og_type":"article","og_title":"Meta desmantel\u00f3 red de propaganda de grupo guerrillero que opera entre Colombia y Venezuela","og_description":"Meta\u00a0inform\u00f3 que desmantel\u00f3 una red dedicada a la propaganda y el reclutamiento de un\u00a0grupo guerrillero de extrema izquierda que opera en la frontera entre Colombia y Venezuela, seg\u00fan sus reportes de integridad correspondientes al&#46;&#46;&#46;","og_url":"https:\/\/noti-america.com\/site\/principal\/2026\/09\/04\/meta-desmantelo-red-de-propaganda-de-grupo-guerrillero-que-opera-entre-colombia-y-venezuela\/","og_site_name":"Noti-America.com","article_author":"Mar\u00eda Valentina Noguera","article_published_time":"2026-09-04T19:05:17+00:00","og_image":[{"width":1280,"height":853,"url":"https:\/\/noti-america.com\/site\/principal\/wp-content\/uploads\/sites\/26\/2026\/09\/solenfeyissa-instagram-5409107_1280.jpg","type":"image\/jpeg"}],"author":"Maria Valentina Noguera Medina","twitter_card":"summary_large_image","twitter_misc":{"Escrito por":"Maria Valentina Noguera Medina","Tiempo estimado de lectura":"2 minutos"},"schema":{"@context":"https:\/\/schema.org","@graph":[{"@type":"Article","@id":"https:\/\/noti-america.com\/site\/principal\/2026\/09\/04\/meta-desmantelo-red-de-propaganda-de-grupo-guerrillero-que-opera-entre-colombia-y-venezuela\/#article","isPartOf":{"@id":"https:\/\/noti-america.com\/site\/principal\/2026\/09\/04\/meta-desmantelo-red-de-propaganda-de-grupo-guerrillero-que-opera-entre-colombia-y-venezuela\/"},"author":{"name":"Maria Valentina Noguera Medina","@id":"https:\/\/noti-america.com\/site\/principal\/#\/schema\/person\/b0777fb8ad9a321dc446ddbbceae778f"},"headline":"Meta desmantel\u00f3 red de propaganda de grupo guerrillero que opera entre Colombia y Venezuela","datePublished":"2026-09-04T19:05:17+00:00","mainEntityOfPage":{"@id":"https:\/\/noti-america.com\/site\/principal\/2026\/09\/04\/meta-desmantelo-red-de-propaganda-de-grupo-guerrillero-que-opera-entre-colombia-y-venezuela\/"},"wordCount":357,"image":{"@id":"https:\/\/noti-america.com\/site\/principal\/2026\/09\/04\/meta-desmantelo-red-de-propaganda-de-grupo-guerrillero-que-opera-entre-colombia-y-venezuela\/#primaryimage"},"thumbnailUrl":"https:\/\/noti-america.com\/site\/principal\/wp-content\/uploads\/sites\/26\/2026\/09\/solenfeyissa-instagram-5409107_1280.jpg","articleSection":["Sucesos"],"inLanguage":"es"},{"@type":"WebPage","@id":"https:\/\/noti-america.com\/site\/principal\/2026\/09\/04\/meta-desmantelo-red-de-propaganda-de-grupo-guerrillero-que-opera-entre-colombia-y-venezuela\/","url":"https:\/\/noti-america.com\/site\/principal\/2026\/09\/04\/meta-desmantelo-red-de-propaganda-de-grupo-guerrillero-que-opera-entre-colombia-y-venezuela\/","name":"Meta desmantel\u00f3 red de propaganda de grupo guerrillero que opera entre Colombia y Venezuela - Noti-America.com","isPartOf":{"@id":"https:\/\/noti-america.com\/site\/principal\/#website"},"primaryImageOfPage":{"@id":"https:\/\/noti-america.com\/site\/principal\/2026\/09\/04\/meta-desmantelo-red-de-propaganda-de-grupo-guerrillero-que-opera-entre-colombia-y-venezuela\/#primaryimage"},"image":{"@id":"https:\/\/noti-america.com\/site\/principal\/2026\/09\/04\/meta-desmantelo-red-de-propaganda-de-grupo-guerrillero-que-opera-entre-colombia-y-venezuela\/#primaryimage"},"thumbnailUrl":"https:\/\/noti-america.com\/site\/principal\/wp-content\/uploads\/sites\/26\/2026\/09\/solenfeyissa-instagram-5409107_1280.jpg","datePublished":"2026-09-04T19:05:17+00:00","author":{"@id":"https:\/\/noti-america.com\/site\/principal\/#\/schema\/person\/b0777fb8ad9a321dc446ddbbceae778f"},"breadcrumb":{"@id":"https:\/\/noti-america.com\/site\/principal\/2026\/09\/04\/meta-desmantelo-red-de-propaganda-de-grupo-guerrillero-que-opera-entre-colombia-y-venezuela\/#breadcrumb"},"inLanguage":"es","potentialAction":[{"@type":"ReadAction","target":["https:\/\/noti-america.com\/site\/principal\/2026\/09\/04\/meta-desmantelo-red-de-propaganda-de-grupo-guerrillero-que-opera-entre-colombia-y-venezuela\/"]}]},{"@type":"ImageObject","inLanguage":"es","@id":"https:\/\/noti-america.com\/site\/principal\/2026\/09\/04\/meta-desmantelo-red-de-propaganda-de-grupo-guerrillero-que-opera-entre-colombia-y-venezuela\/#primaryimage","url":"https:\/\/noti-america.com\/site\/principal\/wp-content\/uploads\/sites\/26\/2026\/09\/solenfeyissa-instagram-5409107_1280.jpg","contentUrl":"https:\/\/noti-america.com\/site\/principal\/wp-content\/uploads\/sites\/26\/2026\/09\/solenfeyissa-instagram-5409107_1280.jpg","width":1280,"height":853},{"@type":"BreadcrumbList","@id":"https:\/\/noti-america.com\/site\/principal\/2026\/09\/04\/meta-desmantelo-red-de-propaganda-de-grupo-guerrillero-que-opera-entre-colombia-y-venezuela\/#breadcrumb","itemListElement":[{"@type":"ListItem","position":1,"name":"Portada","item":"https:\/\/noti-america.com\/site\/principal\/"},{"@type":"ListItem","position":2,"name":"Meta desmantel\u00f3 red de propaganda de grupo guerrillero que opera entre Colombia y Venezuela"}]},{"@type":"WebSite","@id":"https:\/\/noti-america.com\/site\/principal\/#website","url":"https:\/\/noti-america.com\/site\/principal\/","name":"Noti-America.com","description":"El Noticiero Digital M\u00e1s Grande de Am\u00e9rica","potentialAction":[{"@type":"SearchAction","target":{"@type":"EntryPoint","urlTemplate":"https:\/\/noti-america.com\/site\/principal\/?s={search_term_string}"},"query-input":{"@type":"PropertyValueSpecification","valueRequired":true,"valueName":"search_term_string"}}],"inLanguage":"es"},{"@type":"Person","@id":"https:\/\/noti-america.com\/site\/principal\/#\/schema\/person\/b0777fb8ad9a321dc446ddbbceae778f","name":"Maria Valentina Noguera Medina","image":{"@type":"ImageObject","inLanguage":"es","@id":"https:\/\/secure.gravatar.com\/avatar\/4ec5eb9d099f2608a49c9df6f7341f66f04f819cdffa09d56a7a0e91d2819d56?s=96&d=mm&r=g","url":"https:\/\/secure.gravatar.com\/avatar\/4ec5eb9d099f2608a49c9df6f7341f66f04f819cdffa09d56a7a0e91d2819d56?s=96&d=mm&r=g","contentUrl":"https:\/\/secure.gravatar.com\/avatar\/4ec5eb9d099f2608a49c9df6f7341f66f04f819cdffa09d56a7a0e91d2819d56?s=96&d=mm&r=g","caption":"Maria Valentina Noguera Medina"},"description":"Periodista - noti-america - Promar Community Manager - Talento Plus Dise\u00f1adora\/ creadora de contenido...","sameAs":["Mar\u00eda Valentina Noguera","https:\/\/www.facebook.com\/mariavalentina.noguera","https:\/\/www.linkedin.com\/in\/mara-valentina-noguera-medina-373075165\/","https:\/\/www.pinterest.es\/valentinanoguera95\/","https:\/\/www.youtube.com\/channel\/UCdek6mbUZ-Tqqw0I63i4nmQ"],"url":"https:\/\/noti-america.com\/site\/principal\/author\/mnoguera\/"}]}},"_links":{"self":[{"href":"https:\/\/noti-america.com\/site\/principal\/wp-json\/wp\/v2\/posts\/94532","targetHints":{"allow":["GET"]}}],"collection":[{"href":"https:\/\/noti-america.com\/site\/principal\/wp-json\/wp\/v2\/posts"}],"about":[{"href":"https:\/\/noti-america.com\/site\/principal\/wp-json\/wp\/v2\/types\/post"}],"author":[{"embeddable":true,"href":"https:\/\/noti-america.com\/site\/principal\/wp-json\/wp\/v2\/users\/133"}],"replies":[{"embeddable":true,"href":"https:\/\/noti-america.com\/site\/principal\/wp-json\/wp\/v2\/comments?post=94532"}],"version-history":[{"count":1,"href":"https:\/\/noti-america.com\/site\/principal\/wp-json\/wp\/v2\/posts\/94532\/revisions"}],"predecessor-version":[{"id":94564,"href":"https:\/\/noti-america.com\/site\/principal\/wp-json\/wp\/v2\/posts\/94532\/revisions\/94564"}],"wp:featuredmedia":[{"embeddable":true,"href":"https:\/\/noti-america.com\/site\/principal\/wp-json\/wp\/v2\/media\/94533"}],"wp:attachment":[{"href":"https:\/\/noti-america.com\/site\/principal\/wp-json\/wp\/v2\/media?parent=94532"}],"wp:term":[{"taxonomy":"category","embeddable":true,"href":"https:\/\/noti-america.com\/site\/principal\/wp-json\/wp\/v2\/categories?post=94532"},{"taxonomy":"post_tag","embeddable":true,"href":"https:\/\/noti-america.com\/site\/principal\/wp-json\/wp\/v2\/tags?post=94532"}],"curies":[{"name":"wp","href":"https:\/\/api.w.org\/{rel}","templated":true}]}}