{"id":94530,"date":"2026-09-04T15:01:33","date_gmt":"2026-09-04T19:01:33","guid":{"rendered":"https:\/\/noti-america.com\/site\/principal\/?p=94530"},"modified":"2026-09-04T15:01:33","modified_gmt":"2026-09-04T19:01:33","slug":"apagon-afecto-a-al-menos-cinco-estados-y-provoco-caida-masiva-de-redes-moviles","status":"publish","type":"post","link":"https:\/\/noti-america.com\/site\/principal\/2026\/09\/04\/apagon-afecto-a-al-menos-cinco-estados-y-provoco-caida-masiva-de-redes-moviles\/","title":{"rendered":"Apag\u00f3n afect\u00f3 a al menos cinco estados y provoc\u00f3 ca\u00edda masiva de redes m\u00f3viles"},"content":{"rendered":"<p>NOTI-AMERICA.COM | VENEZUELA<\/p>\n<p class=\"wp-block-paragraph\" style=\"text-align: justify\">Un masivo\u00a0<strong>apag\u00f3n afect\u00f3<\/strong>\u00a0<strong>la noche de este s\u00e1bado a al menos cinco estados del occidente del pa\u00eds, luego de que una\u00a0falla el\u00e9ctrica\u00a0colapsara el servicio pasadas las 8:30 p. m. en Zulia, T\u00e1chira, M\u00e9rida, Trujillo y Barinas,<\/strong>\u00a0arrastrando tambi\u00e9n la ca\u00edda de las redes de telefon\u00eda m\u00f3vil en m\u00faltiples sectores.<\/p>\n<p class=\"wp-block-paragraph\" style=\"text-align: justify\">El partido opositor Primero Justicia (PJ) fue el primero en denunciar la falla, que afect\u00f3 a las mencionadas entidades, incluyendo a\u00a0<strong>Lara, Carabobo y Aragua.\u00a0\u00a0<\/strong><\/p>\n<p class=\"wp-block-paragraph\" style=\"text-align: justify\"><strong>\u00abUsuarios en M\u00e9rida, T\u00e1chira, Trujillo, Barinas, Lara y Zulia han reportado fallas el\u00e9ctricas hasta los momentos\u00bb,\u00a0<\/strong>indic\u00f3 la tolda amarilla en un mensaje publicado en X, donde exigi\u00f3 \u00abrespuestas inmediatas\u00bb ante una situaci\u00f3n que, seg\u00fan denunci\u00f3, se repite de forma constante en las regiones alejadas de Caracas.<\/p>\n<p class=\"wp-block-paragraph\" style=\"text-align: justify\"><strong>\u00abBasta de negligencia de quienes durante 27 a\u00f1os han destruido nuestro pa\u00eds\u00bb<\/strong>, a\u00f1adi\u00f3 PJ.<\/p>\n<p class=\"wp-block-paragraph\" style=\"text-align: justify\">En Maracaibo, el exalcalde Rafael Ram\u00edrez Colina denunci\u00f3 en la misma red social que hubo \u00abracionamiento\u00bb del servicio \u00abtoda la tarde\u00bb antes de que se registrara el apag\u00f3n masivo.<\/p>\n<p class=\"wp-block-paragraph\" style=\"text-align: justify\"><strong>\u00abNing\u00fan convenio petrolero ser\u00e1 suficiente para mejorar nuestra calidad de vida mientras gobiernen los mismos incapaces que acabaron con el sistema el\u00e9ctrico\u00bb,<\/strong>\u00a0apostill\u00f3.<\/p>\n<p class=\"wp-block-paragraph\" style=\"text-align: justify\"><strong>Venezuela sufre desde hace a\u00f1os fallas recurrentes en el suministro el\u00e9ctrico.<\/strong>\u00a0El chavismo ha responsabilizado de la situaci\u00f3n a las sanciones extranjeras, mientras la oposici\u00f3n, organizaciones no gubernamentales y expertos coinciden en atribuirla a la corrupci\u00f3n y la falta de mantenimiento del sistema.<\/p>\n<p class=\"wp-block-paragraph\" style=\"text-align: justify\"><strong>Delcy Rodr\u00edguez, presidente encargada de Venezuela, hab\u00eda pedido recientemente a los venezolanos ahorrar electricidad y agua\u00a0<\/strong>ante los posibles efectos del fen\u00f3meno clim\u00e1tico conocido como \u00abEl S\u00faper Ni\u00f1o\u00bb, como se le conoce popularmente\u00a0a un El Ni\u00f1o en su fase muy fuerte.<\/p>\n<p class=\"wp-block-paragraph\" style=\"text-align: justify\">Hasta el momento, ni la estatal Corporaci\u00f3n El\u00e9ctrica (Corpoelec) ni el Ministerio de Energ\u00eda El\u00e9ctrica se han pronunciado sobre la falla que dej\u00f3 sin servicio a los mencionados estados.<\/p>\n","protected":false},"excerpt":{"rendered":"<p>NOTI-AMERICA.COM | VENEZUELA Un masivo\u00a0apag\u00f3n afect\u00f3\u00a0la noche de este s\u00e1bado a al menos cinco estados del occidente del pa\u00eds, luego de que una\u00a0falla el\u00e9ctrica\u00a0colapsara el servicio pasadas las 8:30 p. m. en Zulia, T\u00e1chira,&#46;&#46;&#46;<\/p>\n","protected":false},"author":133,"featured_media":94531,"comment_status":"","ping_status":"open","sticky":false,"template":"","format":"image","meta":{"_acf_changed":false,"rop_custom_images_group":[],"rop_custom_messages_group":[],"rop_publish_now":"no","rop_publish_now_accounts":[],"rop_publish_now_history":[],"rop_publish_now_status":"pending","footnotes":""},"categories":[100],"tags":[],"class_list":["post-94530","post","type-post","status-publish","format-image","has-post-thumbnail","hentry","category-venezuela","post_format-post-format-image"],"acf":[],"yoast_head":"<!-- This site is optimized with the Yoast SEO Premium plugin v24.9 (Yoast SEO v27.2) - https:\/\/yoast.com\/product\/yoast-seo-premium-wordpress\/ -->\n<title>Apag\u00f3n afect\u00f3 a al menos cinco estados y provoc\u00f3 ca\u00edda masiva de redes m\u00f3viles - Noti-America.com<\/title>\n<meta name=\"robots\" content=\"index, follow, max-snippet:-1, max-image-preview:large, max-video-preview:-1\" \/>\n<link rel=\"canonical\" href=\"https:\/\/noti-america.com\/site\/principal\/2026\/09\/04\/apagon-afecto-a-al-menos-cinco-estados-y-provoco-caida-masiva-de-redes-moviles\/\" \/>\n<meta property=\"og:locale\" content=\"es_ES\" \/>\n<meta property=\"og:type\" content=\"article\" \/>\n<meta property=\"og:title\" content=\"Apag\u00f3n afect\u00f3 a al menos cinco estados y provoc\u00f3 ca\u00edda masiva de redes m\u00f3viles\" \/>\n<meta property=\"og:description\" content=\"NOTI-AMERICA.COM | VENEZUELA Un masivo\u00a0apag\u00f3n afect\u00f3\u00a0la noche de este s\u00e1bado a al menos cinco estados del occidente del pa\u00eds, luego de que una\u00a0falla el\u00e9ctrica\u00a0colapsara el servicio pasadas las 8:30 p. m. en Zulia, T\u00e1chira,&#046;&#046;&#046;\" \/>\n<meta property=\"og:url\" content=\"https:\/\/noti-america.com\/site\/principal\/2026\/09\/04\/apagon-afecto-a-al-menos-cinco-estados-y-provoco-caida-masiva-de-redes-moviles\/\" \/>\n<meta property=\"og:site_name\" content=\"Noti-America.com\" \/>\n<meta property=\"article:author\" content=\"Mar\u00eda Valentina Noguera\" \/>\n<meta property=\"article:published_time\" content=\"2026-09-04T19:01:33+00:00\" \/>\n<meta property=\"og:image\" content=\"https:\/\/noti-america.com\/site\/principal\/wp-content\/uploads\/sites\/26\/2026\/09\/apagones.jpg\" \/>\n\t<meta property=\"og:image:width\" content=\"1080\" \/>\n\t<meta property=\"og:image:height\" content=\"800\" \/>\n\t<meta property=\"og:image:type\" content=\"image\/jpeg\" \/>\n<meta name=\"author\" content=\"Maria Valentina Noguera Medina\" \/>\n<meta name=\"twitter:card\" content=\"summary_large_image\" \/>\n<meta name=\"twitter:label1\" content=\"Escrito por\" \/>\n\t<meta name=\"twitter:data1\" content=\"Maria Valentina Noguera Medina\" \/>\n\t<meta name=\"twitter:label2\" content=\"Tiempo estimado de lectura\" \/>\n\t<meta name=\"twitter:data2\" content=\"2 minutos\" \/>\n<script type=\"application\/ld+json\" class=\"yoast-schema-graph\">{\"@context\":\"https:\/\/schema.org\",\"@graph\":[{\"@type\":\"Article\",\"@id\":\"https:\/\/noti-america.com\/site\/principal\/2026\/09\/04\/apagon-afecto-a-al-menos-cinco-estados-y-provoco-caida-masiva-de-redes-moviles\/#article\",\"isPartOf\":{\"@id\":\"https:\/\/noti-america.com\/site\/principal\/2026\/09\/04\/apagon-afecto-a-al-menos-cinco-estados-y-provoco-caida-masiva-de-redes-moviles\/\"},\"author\":{\"name\":\"Maria Valentina Noguera Medina\",\"@id\":\"https:\/\/noti-america.com\/site\/principal\/#\/schema\/person\/b0777fb8ad9a321dc446ddbbceae778f\"},\"headline\":\"Apag\u00f3n afect\u00f3 a al menos cinco estados y provoc\u00f3 ca\u00edda masiva de redes m\u00f3viles\",\"datePublished\":\"2026-09-04T19:01:33+00:00\",\"mainEntityOfPage\":{\"@id\":\"https:\/\/noti-america.com\/site\/principal\/2026\/09\/04\/apagon-afecto-a-al-menos-cinco-estados-y-provoco-caida-masiva-de-redes-moviles\/\"},\"wordCount\":361,\"image\":{\"@id\":\"https:\/\/noti-america.com\/site\/principal\/2026\/09\/04\/apagon-afecto-a-al-menos-cinco-estados-y-provoco-caida-masiva-de-redes-moviles\/#primaryimage\"},\"thumbnailUrl\":\"https:\/\/noti-america.com\/site\/principal\/wp-content\/uploads\/sites\/26\/2026\/09\/apagones.jpg\",\"articleSection\":[\"Venezuela\"],\"inLanguage\":\"es\"},{\"@type\":\"WebPage\",\"@id\":\"https:\/\/noti-america.com\/site\/principal\/2026\/09\/04\/apagon-afecto-a-al-menos-cinco-estados-y-provoco-caida-masiva-de-redes-moviles\/\",\"url\":\"https:\/\/noti-america.com\/site\/principal\/2026\/09\/04\/apagon-afecto-a-al-menos-cinco-estados-y-provoco-caida-masiva-de-redes-moviles\/\",\"name\":\"Apag\u00f3n afect\u00f3 a al menos cinco estados y provoc\u00f3 ca\u00edda masiva de redes m\u00f3viles - Noti-America.com\",\"isPartOf\":{\"@id\":\"https:\/\/noti-america.com\/site\/principal\/#website\"},\"primaryImageOfPage\":{\"@id\":\"https:\/\/noti-america.com\/site\/principal\/2026\/09\/04\/apagon-afecto-a-al-menos-cinco-estados-y-provoco-caida-masiva-de-redes-moviles\/#primaryimage\"},\"image\":{\"@id\":\"https:\/\/noti-america.com\/site\/principal\/2026\/09\/04\/apagon-afecto-a-al-menos-cinco-estados-y-provoco-caida-masiva-de-redes-moviles\/#primaryimage\"},\"thumbnailUrl\":\"https:\/\/noti-america.com\/site\/principal\/wp-content\/uploads\/sites\/26\/2026\/09\/apagones.jpg\",\"datePublished\":\"2026-09-04T19:01:33+00:00\",\"author\":{\"@id\":\"https:\/\/noti-america.com\/site\/principal\/#\/schema\/person\/b0777fb8ad9a321dc446ddbbceae778f\"},\"breadcrumb\":{\"@id\":\"https:\/\/noti-america.com\/site\/principal\/2026\/09\/04\/apagon-afecto-a-al-menos-cinco-estados-y-provoco-caida-masiva-de-redes-moviles\/#breadcrumb\"},\"inLanguage\":\"es\",\"potentialAction\":[{\"@type\":\"ReadAction\",\"target\":[\"https:\/\/noti-america.com\/site\/principal\/2026\/09\/04\/apagon-afecto-a-al-menos-cinco-estados-y-provoco-caida-masiva-de-redes-moviles\/\"]}]},{\"@type\":\"ImageObject\",\"inLanguage\":\"es\",\"@id\":\"https:\/\/noti-america.com\/site\/principal\/2026\/09\/04\/apagon-afecto-a-al-menos-cinco-estados-y-provoco-caida-masiva-de-redes-moviles\/#primaryimage\",\"url\":\"https:\/\/noti-america.com\/site\/principal\/wp-content\/uploads\/sites\/26\/2026\/09\/apagones.jpg\",\"contentUrl\":\"https:\/\/noti-america.com\/site\/principal\/wp-content\/uploads\/sites\/26\/2026\/09\/apagones.jpg\",\"width\":1080,\"height\":800},{\"@type\":\"BreadcrumbList\",\"@id\":\"https:\/\/noti-america.com\/site\/principal\/2026\/09\/04\/apagon-afecto-a-al-menos-cinco-estados-y-provoco-caida-masiva-de-redes-moviles\/#breadcrumb\",\"itemListElement\":[{\"@type\":\"ListItem\",\"position\":1,\"name\":\"Portada\",\"item\":\"https:\/\/noti-america.com\/site\/principal\/\"},{\"@type\":\"ListItem\",\"position\":2,\"name\":\"Apag\u00f3n afect\u00f3 a al menos cinco estados y provoc\u00f3 ca\u00edda masiva de redes m\u00f3viles\"}]},{\"@type\":\"WebSite\",\"@id\":\"https:\/\/noti-america.com\/site\/principal\/#website\",\"url\":\"https:\/\/noti-america.com\/site\/principal\/\",\"name\":\"Noti-America.com\",\"description\":\"El Noticiero Digital M\u00e1s Grande de Am\u00e9rica\",\"potentialAction\":[{\"@type\":\"SearchAction\",\"target\":{\"@type\":\"EntryPoint\",\"urlTemplate\":\"https:\/\/noti-america.com\/site\/principal\/?s={search_term_string}\"},\"query-input\":{\"@type\":\"PropertyValueSpecification\",\"valueRequired\":true,\"valueName\":\"search_term_string\"}}],\"inLanguage\":\"es\"},{\"@type\":\"Person\",\"@id\":\"https:\/\/noti-america.com\/site\/principal\/#\/schema\/person\/b0777fb8ad9a321dc446ddbbceae778f\",\"name\":\"Maria Valentina Noguera Medina\",\"image\":{\"@type\":\"ImageObject\",\"inLanguage\":\"es\",\"@id\":\"https:\/\/secure.gravatar.com\/avatar\/4ec5eb9d099f2608a49c9df6f7341f66f04f819cdffa09d56a7a0e91d2819d56?s=96&d=mm&r=g\",\"url\":\"https:\/\/secure.gravatar.com\/avatar\/4ec5eb9d099f2608a49c9df6f7341f66f04f819cdffa09d56a7a0e91d2819d56?s=96&d=mm&r=g\",\"contentUrl\":\"https:\/\/secure.gravatar.com\/avatar\/4ec5eb9d099f2608a49c9df6f7341f66f04f819cdffa09d56a7a0e91d2819d56?s=96&d=mm&r=g\",\"caption\":\"Maria Valentina Noguera Medina\"},\"description\":\"Periodista - noti-america - Promar Community Manager - Talento Plus Dise\u00f1adora\/ creadora de contenido...\",\"sameAs\":[\"Mar\u00eda Valentina Noguera\",\"https:\/\/www.facebook.com\/mariavalentina.noguera\",\"https:\/\/www.linkedin.com\/in\/mara-valentina-noguera-medina-373075165\/\",\"https:\/\/www.pinterest.es\/valentinanoguera95\/\",\"https:\/\/www.youtube.com\/channel\/UCdek6mbUZ-Tqqw0I63i4nmQ\"],\"url\":\"https:\/\/noti-america.com\/site\/principal\/author\/mnoguera\/\"}]}<\/script>\n<!-- \/ Yoast SEO Premium plugin. -->","yoast_head_json":{"title":"Apag\u00f3n afect\u00f3 a al menos cinco estados y provoc\u00f3 ca\u00edda masiva de redes m\u00f3viles - Noti-America.com","robots":{"index":"index","follow":"follow","max-snippet":"max-snippet:-1","max-image-preview":"max-image-preview:large","max-video-preview":"max-video-preview:-1"},"canonical":"https:\/\/noti-america.com\/site\/principal\/2026\/09\/04\/apagon-afecto-a-al-menos-cinco-estados-y-provoco-caida-masiva-de-redes-moviles\/","og_locale":"es_ES","og_type":"article","og_title":"Apag\u00f3n afect\u00f3 a al menos cinco estados y provoc\u00f3 ca\u00edda masiva de redes m\u00f3viles","og_description":"NOTI-AMERICA.COM | VENEZUELA Un masivo\u00a0apag\u00f3n afect\u00f3\u00a0la noche de este s\u00e1bado a al menos cinco estados del occidente del pa\u00eds, luego de que una\u00a0falla el\u00e9ctrica\u00a0colapsara el servicio pasadas las 8:30 p. m. en Zulia, T\u00e1chira,&#46;&#46;&#46;","og_url":"https:\/\/noti-america.com\/site\/principal\/2026\/09\/04\/apagon-afecto-a-al-menos-cinco-estados-y-provoco-caida-masiva-de-redes-moviles\/","og_site_name":"Noti-America.com","article_author":"Mar\u00eda Valentina Noguera","article_published_time":"2026-09-04T19:01:33+00:00","og_image":[{"width":1080,"height":800,"url":"https:\/\/noti-america.com\/site\/principal\/wp-content\/uploads\/sites\/26\/2026\/09\/apagones.jpg","type":"image\/jpeg"}],"author":"Maria Valentina Noguera Medina","twitter_card":"summary_large_image","twitter_misc":{"Escrito por":"Maria Valentina Noguera Medina","Tiempo estimado de lectura":"2 minutos"},"schema":{"@context":"https:\/\/schema.org","@graph":[{"@type":"Article","@id":"https:\/\/noti-america.com\/site\/principal\/2026\/09\/04\/apagon-afecto-a-al-menos-cinco-estados-y-provoco-caida-masiva-de-redes-moviles\/#article","isPartOf":{"@id":"https:\/\/noti-america.com\/site\/principal\/2026\/09\/04\/apagon-afecto-a-al-menos-cinco-estados-y-provoco-caida-masiva-de-redes-moviles\/"},"author":{"name":"Maria Valentina Noguera Medina","@id":"https:\/\/noti-america.com\/site\/principal\/#\/schema\/person\/b0777fb8ad9a321dc446ddbbceae778f"},"headline":"Apag\u00f3n afect\u00f3 a al menos cinco estados y provoc\u00f3 ca\u00edda masiva de redes m\u00f3viles","datePublished":"2026-09-04T19:01:33+00:00","mainEntityOfPage":{"@id":"https:\/\/noti-america.com\/site\/principal\/2026\/09\/04\/apagon-afecto-a-al-menos-cinco-estados-y-provoco-caida-masiva-de-redes-moviles\/"},"wordCount":361,"image":{"@id":"https:\/\/noti-america.com\/site\/principal\/2026\/09\/04\/apagon-afecto-a-al-menos-cinco-estados-y-provoco-caida-masiva-de-redes-moviles\/#primaryimage"},"thumbnailUrl":"https:\/\/noti-america.com\/site\/principal\/wp-content\/uploads\/sites\/26\/2026\/09\/apagones.jpg","articleSection":["Venezuela"],"inLanguage":"es"},{"@type":"WebPage","@id":"https:\/\/noti-america.com\/site\/principal\/2026\/09\/04\/apagon-afecto-a-al-menos-cinco-estados-y-provoco-caida-masiva-de-redes-moviles\/","url":"https:\/\/noti-america.com\/site\/principal\/2026\/09\/04\/apagon-afecto-a-al-menos-cinco-estados-y-provoco-caida-masiva-de-redes-moviles\/","name":"Apag\u00f3n afect\u00f3 a al menos cinco estados y provoc\u00f3 ca\u00edda masiva de redes m\u00f3viles - Noti-America.com","isPartOf":{"@id":"https:\/\/noti-america.com\/site\/principal\/#website"},"primaryImageOfPage":{"@id":"https:\/\/noti-america.com\/site\/principal\/2026\/09\/04\/apagon-afecto-a-al-menos-cinco-estados-y-provoco-caida-masiva-de-redes-moviles\/#primaryimage"},"image":{"@id":"https:\/\/noti-america.com\/site\/principal\/2026\/09\/04\/apagon-afecto-a-al-menos-cinco-estados-y-provoco-caida-masiva-de-redes-moviles\/#primaryimage"},"thumbnailUrl":"https:\/\/noti-america.com\/site\/principal\/wp-content\/uploads\/sites\/26\/2026\/09\/apagones.jpg","datePublished":"2026-09-04T19:01:33+00:00","author":{"@id":"https:\/\/noti-america.com\/site\/principal\/#\/schema\/person\/b0777fb8ad9a321dc446ddbbceae778f"},"breadcrumb":{"@id":"https:\/\/noti-america.com\/site\/principal\/2026\/09\/04\/apagon-afecto-a-al-menos-cinco-estados-y-provoco-caida-masiva-de-redes-moviles\/#breadcrumb"},"inLanguage":"es","potentialAction":[{"@type":"ReadAction","target":["https:\/\/noti-america.com\/site\/principal\/2026\/09\/04\/apagon-afecto-a-al-menos-cinco-estados-y-provoco-caida-masiva-de-redes-moviles\/"]}]},{"@type":"ImageObject","inLanguage":"es","@id":"https:\/\/noti-america.com\/site\/principal\/2026\/09\/04\/apagon-afecto-a-al-menos-cinco-estados-y-provoco-caida-masiva-de-redes-moviles\/#primaryimage","url":"https:\/\/noti-america.com\/site\/principal\/wp-content\/uploads\/sites\/26\/2026\/09\/apagones.jpg","contentUrl":"https:\/\/noti-america.com\/site\/principal\/wp-content\/uploads\/sites\/26\/2026\/09\/apagones.jpg","width":1080,"height":800},{"@type":"BreadcrumbList","@id":"https:\/\/noti-america.com\/site\/principal\/2026\/09\/04\/apagon-afecto-a-al-menos-cinco-estados-y-provoco-caida-masiva-de-redes-moviles\/#breadcrumb","itemListElement":[{"@type":"ListItem","position":1,"name":"Portada","item":"https:\/\/noti-america.com\/site\/principal\/"},{"@type":"ListItem","position":2,"name":"Apag\u00f3n afect\u00f3 a al menos cinco estados y provoc\u00f3 ca\u00edda masiva de redes m\u00f3viles"}]},{"@type":"WebSite","@id":"https:\/\/noti-america.com\/site\/principal\/#website","url":"https:\/\/noti-america.com\/site\/principal\/","name":"Noti-America.com","description":"El Noticiero Digital M\u00e1s Grande de Am\u00e9rica","potentialAction":[{"@type":"SearchAction","target":{"@type":"EntryPoint","urlTemplate":"https:\/\/noti-america.com\/site\/principal\/?s={search_term_string}"},"query-input":{"@type":"PropertyValueSpecification","valueRequired":true,"valueName":"search_term_string"}}],"inLanguage":"es"},{"@type":"Person","@id":"https:\/\/noti-america.com\/site\/principal\/#\/schema\/person\/b0777fb8ad9a321dc446ddbbceae778f","name":"Maria Valentina Noguera Medina","image":{"@type":"ImageObject","inLanguage":"es","@id":"https:\/\/secure.gravatar.com\/avatar\/4ec5eb9d099f2608a49c9df6f7341f66f04f819cdffa09d56a7a0e91d2819d56?s=96&d=mm&r=g","url":"https:\/\/secure.gravatar.com\/avatar\/4ec5eb9d099f2608a49c9df6f7341f66f04f819cdffa09d56a7a0e91d2819d56?s=96&d=mm&r=g","contentUrl":"https:\/\/secure.gravatar.com\/avatar\/4ec5eb9d099f2608a49c9df6f7341f66f04f819cdffa09d56a7a0e91d2819d56?s=96&d=mm&r=g","caption":"Maria Valentina Noguera Medina"},"description":"Periodista - noti-america - Promar Community Manager - Talento Plus Dise\u00f1adora\/ creadora de contenido...","sameAs":["Mar\u00eda Valentina Noguera","https:\/\/www.facebook.com\/mariavalentina.noguera","https:\/\/www.linkedin.com\/in\/mara-valentina-noguera-medina-373075165\/","https:\/\/www.pinterest.es\/valentinanoguera95\/","https:\/\/www.youtube.com\/channel\/UCdek6mbUZ-Tqqw0I63i4nmQ"],"url":"https:\/\/noti-america.com\/site\/principal\/author\/mnoguera\/"}]}},"_links":{"self":[{"href":"https:\/\/noti-america.com\/site\/principal\/wp-json\/wp\/v2\/posts\/94530","targetHints":{"allow":["GET"]}}],"collection":[{"href":"https:\/\/noti-america.com\/site\/principal\/wp-json\/wp\/v2\/posts"}],"about":[{"href":"https:\/\/noti-america.com\/site\/principal\/wp-json\/wp\/v2\/types\/post"}],"author":[{"embeddable":true,"href":"https:\/\/noti-america.com\/site\/principal\/wp-json\/wp\/v2\/users\/133"}],"replies":[{"embeddable":true,"href":"https:\/\/noti-america.com\/site\/principal\/wp-json\/wp\/v2\/comments?post=94530"}],"version-history":[{"count":1,"href":"https:\/\/noti-america.com\/site\/principal\/wp-json\/wp\/v2\/posts\/94530\/revisions"}],"predecessor-version":[{"id":94563,"href":"https:\/\/noti-america.com\/site\/principal\/wp-json\/wp\/v2\/posts\/94530\/revisions\/94563"}],"wp:featuredmedia":[{"embeddable":true,"href":"https:\/\/noti-america.com\/site\/principal\/wp-json\/wp\/v2\/media\/94531"}],"wp:attachment":[{"href":"https:\/\/noti-america.com\/site\/principal\/wp-json\/wp\/v2\/media?parent=94530"}],"wp:term":[{"taxonomy":"category","embeddable":true,"href":"https:\/\/noti-america.com\/site\/principal\/wp-json\/wp\/v2\/categories?post=94530"},{"taxonomy":"post_tag","embeddable":true,"href":"https:\/\/noti-america.com\/site\/principal\/wp-json\/wp\/v2\/tags?post=94530"}],"curies":[{"name":"wp","href":"https:\/\/api.w.org\/{rel}","templated":true}]}}