{"id":94527,"date":"2026-09-04T14:58:45","date_gmt":"2026-09-04T18:58:45","guid":{"rendered":"https:\/\/noti-america.com\/site\/principal\/?p=94527"},"modified":"2026-09-04T14:58:45","modified_gmt":"2026-09-04T18:58:45","slug":"delegacion-opositora-en-la-mesa-de-dialogo-revisa-peticion-sobre-presos-politicos","status":"publish","type":"post","link":"https:\/\/noti-america.com\/site\/principal\/2026\/09\/04\/delegacion-opositora-en-la-mesa-de-dialogo-revisa-peticion-sobre-presos-politicos\/","title":{"rendered":"Delegaci\u00f3n opositora en la mesa de di\u00e1logo revisa petici\u00f3n sobre presos pol\u00edticos"},"content":{"rendered":"<p>NOTI-AMERICA.COM | VENEZUELA<\/p>\n<p class=\"wp-block-paragraph\" style=\"text-align: justify\">La jefa de la delegaci\u00f3n opositora en el di\u00e1logo con el chavismo, Dinorah Figuera, anunci\u00f3 este jueves que recibi\u00f3 la petici\u00f3n de los familiares de los presos pol\u00edticos para que se aborde la situaci\u00f3n de estas personas en las negociaciones iniciadas en agosto.<\/p>\n<p class=\"wp-block-paragraph\" style=\"text-align: justify\">\u00ab<strong>Acuso recibo de esta carta abierta de los familiares de los presos pol\u00edticos<\/strong>\u00ab, dijo Figuera en X al responder a una misiva p\u00fablica del Comit\u00e9 por la Libertad de los Presos Pol\u00edticos (Clipp) en la que la ONG pide que se incluya este asunto en las conversaciones.<\/p>\n<p class=\"wp-block-paragraph\" style=\"text-align: justify\">Figuera indic\u00f3 que est\u00e1 atenta a reunirse con los familiares y expres\u00f3 su \u00absolidaridad y compromiso\u00bb para \u00abseguir buscando las v\u00edas urgentes, justas y necesarias para la libertad de todos los presos pol\u00edticos\u00bb.<\/p>\n<figure class=\"wp-block-embed is-type-rich is-provider-x wp-block-embed-x\" style=\"text-align: justify\">\n<div class=\"wp-block-embed__wrapper\">\n<div class=\"twitter-tweet twitter-tweet-rendered\"><\/div>\n<\/div>\n<\/figure>\n<p class=\"wp-block-paragraph\" style=\"text-align: justify\">Tambi\u00e9n manifest\u00f3 preocupaci\u00f3n por la denuncia que Clipp formul\u00f3 el mi\u00e9rcoles sobre el traslado de presos pol\u00edticos, sin el conocimiento de sus familiares, de la c\u00e1rcel El Rodeo l, en el estado Miranda (centro), a otros centros penitenciarios.<\/p>\n<p class=\"wp-block-paragraph\" style=\"text-align: justify\">El 12 de agosto, el chavismo y un sector opositor cerraron el primer ciclo del di\u00e1logo con dos acuerdos, uno para la renovaci\u00f3n del Tribunal Supremo de Justicia, cuyos jueces son acusados de servir al gobierno, y otro para la recuperaci\u00f3n de activos de la reserva internacional del pa\u00eds depositada en el Banco de Inglaterra, para la atenci\u00f3n de las v\u00edctimas del doble terremoto del 24 de junio.<\/p>\n<p class=\"wp-block-paragraph\" style=\"text-align: justify\">El CLIPP record\u00f3 en la carta que la situaci\u00f3n de los presos pol\u00edticos no fue incluida en la agenda.<\/p>\n<p class=\"wp-block-paragraph\" style=\"text-align: justify\"><strong>Indic\u00f3 que registra al menos 400 presos pol\u00edticos en Venezuela\u00a0<\/strong>y que 37 de ellos \u00abpresentan patolog\u00edas graves que requieren atenci\u00f3n m\u00e9dica sostenida y que, en la mayor\u00eda de los casos, no reciben adecuadamente\u00bb.<\/p>\n<p class=\"wp-block-paragraph\" style=\"text-align: justify\">La ONG solicit\u00f3 \u00abun espacio de encuentro con ambas delegaciones\u00bb, junto con una representaci\u00f3n de familiares y v\u00edctimas, para exponer la situaci\u00f3n de las personas con \u00abpatolog\u00edas graves\u00bb y plantear propuestas para avanzar hacia la \u00abrestituci\u00f3n de sus derechos\u00bb.<\/p>\n<p class=\"wp-block-paragraph\" style=\"text-align: justify\">El gobierno encargado de Delcy Rodr\u00edguez niega que en Venezuela haya presos pol\u00edticos y opina que son personas que cometieron delitos, algo que rechazan partidos opositores y organizaciones defensoras de derechos humanos.<\/p>\n<p class=\"wp-block-paragraph\" style=\"text-align: justify\">Sin embargo, desde que fue capturado Nicol\u00e1s Maduro el 3 de enero, el gobierno interino de Rodr\u00edguez ha emprendido un proceso de excarcelaciones que ya suma m\u00e1s de mil liberados, seg\u00fan dijo la propia mandataria la semana pasada.<\/p>\n","protected":false},"excerpt":{"rendered":"<p>NOTI-AMERICA.COM | VENEZUELA La jefa de la delegaci\u00f3n opositora en el di\u00e1logo con el chavismo, Dinorah Figuera, anunci\u00f3 este jueves que recibi\u00f3 la petici\u00f3n de los familiares de los presos pol\u00edticos para que se&#46;&#46;&#46;<\/p>\n","protected":false},"author":133,"featured_media":94528,"comment_status":"","ping_status":"open","sticky":false,"template":"","format":"image","meta":{"_acf_changed":false,"rop_custom_images_group":[],"rop_custom_messages_group":[],"rop_publish_now":"no","rop_publish_now_accounts":[],"rop_publish_now_history":[],"rop_publish_now_status":"pending","footnotes":""},"categories":[47],"tags":[],"class_list":["post-94527","post","type-post","status-publish","format-image","has-post-thumbnail","hentry","category-politica-opinion","post_format-post-format-image"],"acf":[],"yoast_head":"<!-- This site is optimized with the Yoast SEO Premium plugin v24.9 (Yoast SEO v27.2) - https:\/\/yoast.com\/product\/yoast-seo-premium-wordpress\/ -->\n<title>Delegaci\u00f3n opositora en la mesa de di\u00e1logo revisa petici\u00f3n sobre presos pol\u00edticos - Noti-America.com<\/title>\n<meta name=\"robots\" content=\"index, follow, max-snippet:-1, max-image-preview:large, max-video-preview:-1\" \/>\n<link rel=\"canonical\" href=\"https:\/\/noti-america.com\/site\/principal\/2026\/09\/04\/delegacion-opositora-en-la-mesa-de-dialogo-revisa-peticion-sobre-presos-politicos\/\" \/>\n<meta property=\"og:locale\" content=\"es_ES\" \/>\n<meta property=\"og:type\" content=\"article\" \/>\n<meta property=\"og:title\" content=\"Delegaci\u00f3n opositora en la mesa de di\u00e1logo revisa petici\u00f3n sobre presos pol\u00edticos\" \/>\n<meta property=\"og:description\" content=\"NOTI-AMERICA.COM | VENEZUELA La jefa de la delegaci\u00f3n opositora en el di\u00e1logo con el chavismo, Dinorah Figuera, anunci\u00f3 este jueves que recibi\u00f3 la petici\u00f3n de los familiares de los presos pol\u00edticos para que se&#046;&#046;&#046;\" \/>\n<meta property=\"og:url\" content=\"https:\/\/noti-america.com\/site\/principal\/2026\/09\/04\/delegacion-opositora-en-la-mesa-de-dialogo-revisa-peticion-sobre-presos-politicos\/\" \/>\n<meta property=\"og:site_name\" content=\"Noti-America.com\" \/>\n<meta property=\"article:author\" content=\"Mar\u00eda Valentina Noguera\" \/>\n<meta property=\"article:published_time\" content=\"2026-09-04T18:58:45+00:00\" \/>\n<meta property=\"og:image\" content=\"https:\/\/noti-america.com\/site\/principal\/wp-content\/uploads\/sites\/26\/2026\/09\/Screenshot_4-9-2026_105635_elnacional-uploads.nyc3_.digitaloceanspaces.com_.jpeg\" \/>\n\t<meta property=\"og:image:width\" content=\"1231\" \/>\n\t<meta property=\"og:image:height\" content=\"538\" \/>\n\t<meta property=\"og:image:type\" content=\"image\/jpeg\" \/>\n<meta name=\"author\" content=\"Maria Valentina Noguera Medina\" \/>\n<meta name=\"twitter:card\" content=\"summary_large_image\" \/>\n<meta name=\"twitter:label1\" content=\"Escrito por\" \/>\n\t<meta name=\"twitter:data1\" content=\"Maria Valentina Noguera Medina\" \/>\n\t<meta name=\"twitter:label2\" content=\"Tiempo estimado de lectura\" \/>\n\t<meta name=\"twitter:data2\" content=\"2 minutos\" \/>\n<script type=\"application\/ld+json\" class=\"yoast-schema-graph\">{\"@context\":\"https:\/\/schema.org\",\"@graph\":[{\"@type\":\"Article\",\"@id\":\"https:\/\/noti-america.com\/site\/principal\/2026\/09\/04\/delegacion-opositora-en-la-mesa-de-dialogo-revisa-peticion-sobre-presos-politicos\/#article\",\"isPartOf\":{\"@id\":\"https:\/\/noti-america.com\/site\/principal\/2026\/09\/04\/delegacion-opositora-en-la-mesa-de-dialogo-revisa-peticion-sobre-presos-politicos\/\"},\"author\":{\"name\":\"Maria Valentina Noguera Medina\",\"@id\":\"https:\/\/noti-america.com\/site\/principal\/#\/schema\/person\/b0777fb8ad9a321dc446ddbbceae778f\"},\"headline\":\"Delegaci\u00f3n opositora en la mesa de di\u00e1logo revisa petici\u00f3n sobre presos pol\u00edticos\",\"datePublished\":\"2026-09-04T18:58:45+00:00\",\"mainEntityOfPage\":{\"@id\":\"https:\/\/noti-america.com\/site\/principal\/2026\/09\/04\/delegacion-opositora-en-la-mesa-de-dialogo-revisa-peticion-sobre-presos-politicos\/\"},\"wordCount\":444,\"image\":{\"@id\":\"https:\/\/noti-america.com\/site\/principal\/2026\/09\/04\/delegacion-opositora-en-la-mesa-de-dialogo-revisa-peticion-sobre-presos-politicos\/#primaryimage\"},\"thumbnailUrl\":\"https:\/\/noti-america.com\/site\/principal\/wp-content\/uploads\/sites\/26\/2026\/09\/Screenshot_4-9-2026_105635_elnacional-uploads.nyc3_.digitaloceanspaces.com_.jpeg\",\"articleSection\":[\"Pol\u00edtica\"],\"inLanguage\":\"es\"},{\"@type\":\"WebPage\",\"@id\":\"https:\/\/noti-america.com\/site\/principal\/2026\/09\/04\/delegacion-opositora-en-la-mesa-de-dialogo-revisa-peticion-sobre-presos-politicos\/\",\"url\":\"https:\/\/noti-america.com\/site\/principal\/2026\/09\/04\/delegacion-opositora-en-la-mesa-de-dialogo-revisa-peticion-sobre-presos-politicos\/\",\"name\":\"Delegaci\u00f3n opositora en la mesa de di\u00e1logo revisa petici\u00f3n sobre presos pol\u00edticos - Noti-America.com\",\"isPartOf\":{\"@id\":\"https:\/\/noti-america.com\/site\/principal\/#website\"},\"primaryImageOfPage\":{\"@id\":\"https:\/\/noti-america.com\/site\/principal\/2026\/09\/04\/delegacion-opositora-en-la-mesa-de-dialogo-revisa-peticion-sobre-presos-politicos\/#primaryimage\"},\"image\":{\"@id\":\"https:\/\/noti-america.com\/site\/principal\/2026\/09\/04\/delegacion-opositora-en-la-mesa-de-dialogo-revisa-peticion-sobre-presos-politicos\/#primaryimage\"},\"thumbnailUrl\":\"https:\/\/noti-america.com\/site\/principal\/wp-content\/uploads\/sites\/26\/2026\/09\/Screenshot_4-9-2026_105635_elnacional-uploads.nyc3_.digitaloceanspaces.com_.jpeg\",\"datePublished\":\"2026-09-04T18:58:45+00:00\",\"author\":{\"@id\":\"https:\/\/noti-america.com\/site\/principal\/#\/schema\/person\/b0777fb8ad9a321dc446ddbbceae778f\"},\"breadcrumb\":{\"@id\":\"https:\/\/noti-america.com\/site\/principal\/2026\/09\/04\/delegacion-opositora-en-la-mesa-de-dialogo-revisa-peticion-sobre-presos-politicos\/#breadcrumb\"},\"inLanguage\":\"es\",\"potentialAction\":[{\"@type\":\"ReadAction\",\"target\":[\"https:\/\/noti-america.com\/site\/principal\/2026\/09\/04\/delegacion-opositora-en-la-mesa-de-dialogo-revisa-peticion-sobre-presos-politicos\/\"]}]},{\"@type\":\"ImageObject\",\"inLanguage\":\"es\",\"@id\":\"https:\/\/noti-america.com\/site\/principal\/2026\/09\/04\/delegacion-opositora-en-la-mesa-de-dialogo-revisa-peticion-sobre-presos-politicos\/#primaryimage\",\"url\":\"https:\/\/noti-america.com\/site\/principal\/wp-content\/uploads\/sites\/26\/2026\/09\/Screenshot_4-9-2026_105635_elnacional-uploads.nyc3_.digitaloceanspaces.com_.jpeg\",\"contentUrl\":\"https:\/\/noti-america.com\/site\/principal\/wp-content\/uploads\/sites\/26\/2026\/09\/Screenshot_4-9-2026_105635_elnacional-uploads.nyc3_.digitaloceanspaces.com_.jpeg\",\"width\":1231,\"height\":538},{\"@type\":\"BreadcrumbList\",\"@id\":\"https:\/\/noti-america.com\/site\/principal\/2026\/09\/04\/delegacion-opositora-en-la-mesa-de-dialogo-revisa-peticion-sobre-presos-politicos\/#breadcrumb\",\"itemListElement\":[{\"@type\":\"ListItem\",\"position\":1,\"name\":\"Portada\",\"item\":\"https:\/\/noti-america.com\/site\/principal\/\"},{\"@type\":\"ListItem\",\"position\":2,\"name\":\"Delegaci\u00f3n opositora en la mesa de di\u00e1logo revisa petici\u00f3n sobre presos pol\u00edticos\"}]},{\"@type\":\"WebSite\",\"@id\":\"https:\/\/noti-america.com\/site\/principal\/#website\",\"url\":\"https:\/\/noti-america.com\/site\/principal\/\",\"name\":\"Noti-America.com\",\"description\":\"El Noticiero Digital M\u00e1s Grande de Am\u00e9rica\",\"potentialAction\":[{\"@type\":\"SearchAction\",\"target\":{\"@type\":\"EntryPoint\",\"urlTemplate\":\"https:\/\/noti-america.com\/site\/principal\/?s={search_term_string}\"},\"query-input\":{\"@type\":\"PropertyValueSpecification\",\"valueRequired\":true,\"valueName\":\"search_term_string\"}}],\"inLanguage\":\"es\"},{\"@type\":\"Person\",\"@id\":\"https:\/\/noti-america.com\/site\/principal\/#\/schema\/person\/b0777fb8ad9a321dc446ddbbceae778f\",\"name\":\"Maria Valentina Noguera Medina\",\"image\":{\"@type\":\"ImageObject\",\"inLanguage\":\"es\",\"@id\":\"https:\/\/secure.gravatar.com\/avatar\/4ec5eb9d099f2608a49c9df6f7341f66f04f819cdffa09d56a7a0e91d2819d56?s=96&d=mm&r=g\",\"url\":\"https:\/\/secure.gravatar.com\/avatar\/4ec5eb9d099f2608a49c9df6f7341f66f04f819cdffa09d56a7a0e91d2819d56?s=96&d=mm&r=g\",\"contentUrl\":\"https:\/\/secure.gravatar.com\/avatar\/4ec5eb9d099f2608a49c9df6f7341f66f04f819cdffa09d56a7a0e91d2819d56?s=96&d=mm&r=g\",\"caption\":\"Maria Valentina Noguera Medina\"},\"description\":\"Periodista - noti-america - Promar Community Manager - Talento Plus Dise\u00f1adora\/ creadora de contenido...\",\"sameAs\":[\"Mar\u00eda Valentina Noguera\",\"https:\/\/www.facebook.com\/mariavalentina.noguera\",\"https:\/\/www.linkedin.com\/in\/mara-valentina-noguera-medina-373075165\/\",\"https:\/\/www.pinterest.es\/valentinanoguera95\/\",\"https:\/\/www.youtube.com\/channel\/UCdek6mbUZ-Tqqw0I63i4nmQ\"],\"url\":\"https:\/\/noti-america.com\/site\/principal\/author\/mnoguera\/\"}]}<\/script>\n<!-- \/ Yoast SEO Premium plugin. -->","yoast_head_json":{"title":"Delegaci\u00f3n opositora en la mesa de di\u00e1logo revisa petici\u00f3n sobre presos pol\u00edticos - Noti-America.com","robots":{"index":"index","follow":"follow","max-snippet":"max-snippet:-1","max-image-preview":"max-image-preview:large","max-video-preview":"max-video-preview:-1"},"canonical":"https:\/\/noti-america.com\/site\/principal\/2026\/09\/04\/delegacion-opositora-en-la-mesa-de-dialogo-revisa-peticion-sobre-presos-politicos\/","og_locale":"es_ES","og_type":"article","og_title":"Delegaci\u00f3n opositora en la mesa de di\u00e1logo revisa petici\u00f3n sobre presos pol\u00edticos","og_description":"NOTI-AMERICA.COM | VENEZUELA La jefa de la delegaci\u00f3n opositora en el di\u00e1logo con el chavismo, Dinorah Figuera, anunci\u00f3 este jueves que recibi\u00f3 la petici\u00f3n de los familiares de los presos pol\u00edticos para que se&#46;&#46;&#46;","og_url":"https:\/\/noti-america.com\/site\/principal\/2026\/09\/04\/delegacion-opositora-en-la-mesa-de-dialogo-revisa-peticion-sobre-presos-politicos\/","og_site_name":"Noti-America.com","article_author":"Mar\u00eda Valentina Noguera","article_published_time":"2026-09-04T18:58:45+00:00","og_image":[{"width":1231,"height":538,"url":"https:\/\/noti-america.com\/site\/principal\/wp-content\/uploads\/sites\/26\/2026\/09\/Screenshot_4-9-2026_105635_elnacional-uploads.nyc3_.digitaloceanspaces.com_.jpeg","type":"image\/jpeg"}],"author":"Maria Valentina Noguera Medina","twitter_card":"summary_large_image","twitter_misc":{"Escrito por":"Maria Valentina Noguera Medina","Tiempo estimado de lectura":"2 minutos"},"schema":{"@context":"https:\/\/schema.org","@graph":[{"@type":"Article","@id":"https:\/\/noti-america.com\/site\/principal\/2026\/09\/04\/delegacion-opositora-en-la-mesa-de-dialogo-revisa-peticion-sobre-presos-politicos\/#article","isPartOf":{"@id":"https:\/\/noti-america.com\/site\/principal\/2026\/09\/04\/delegacion-opositora-en-la-mesa-de-dialogo-revisa-peticion-sobre-presos-politicos\/"},"author":{"name":"Maria Valentina Noguera Medina","@id":"https:\/\/noti-america.com\/site\/principal\/#\/schema\/person\/b0777fb8ad9a321dc446ddbbceae778f"},"headline":"Delegaci\u00f3n opositora en la mesa de di\u00e1logo revisa petici\u00f3n sobre presos pol\u00edticos","datePublished":"2026-09-04T18:58:45+00:00","mainEntityOfPage":{"@id":"https:\/\/noti-america.com\/site\/principal\/2026\/09\/04\/delegacion-opositora-en-la-mesa-de-dialogo-revisa-peticion-sobre-presos-politicos\/"},"wordCount":444,"image":{"@id":"https:\/\/noti-america.com\/site\/principal\/2026\/09\/04\/delegacion-opositora-en-la-mesa-de-dialogo-revisa-peticion-sobre-presos-politicos\/#primaryimage"},"thumbnailUrl":"https:\/\/noti-america.com\/site\/principal\/wp-content\/uploads\/sites\/26\/2026\/09\/Screenshot_4-9-2026_105635_elnacional-uploads.nyc3_.digitaloceanspaces.com_.jpeg","articleSection":["Pol\u00edtica"],"inLanguage":"es"},{"@type":"WebPage","@id":"https:\/\/noti-america.com\/site\/principal\/2026\/09\/04\/delegacion-opositora-en-la-mesa-de-dialogo-revisa-peticion-sobre-presos-politicos\/","url":"https:\/\/noti-america.com\/site\/principal\/2026\/09\/04\/delegacion-opositora-en-la-mesa-de-dialogo-revisa-peticion-sobre-presos-politicos\/","name":"Delegaci\u00f3n opositora en la mesa de di\u00e1logo revisa petici\u00f3n sobre presos pol\u00edticos - Noti-America.com","isPartOf":{"@id":"https:\/\/noti-america.com\/site\/principal\/#website"},"primaryImageOfPage":{"@id":"https:\/\/noti-america.com\/site\/principal\/2026\/09\/04\/delegacion-opositora-en-la-mesa-de-dialogo-revisa-peticion-sobre-presos-politicos\/#primaryimage"},"image":{"@id":"https:\/\/noti-america.com\/site\/principal\/2026\/09\/04\/delegacion-opositora-en-la-mesa-de-dialogo-revisa-peticion-sobre-presos-politicos\/#primaryimage"},"thumbnailUrl":"https:\/\/noti-america.com\/site\/principal\/wp-content\/uploads\/sites\/26\/2026\/09\/Screenshot_4-9-2026_105635_elnacional-uploads.nyc3_.digitaloceanspaces.com_.jpeg","datePublished":"2026-09-04T18:58:45+00:00","author":{"@id":"https:\/\/noti-america.com\/site\/principal\/#\/schema\/person\/b0777fb8ad9a321dc446ddbbceae778f"},"breadcrumb":{"@id":"https:\/\/noti-america.com\/site\/principal\/2026\/09\/04\/delegacion-opositora-en-la-mesa-de-dialogo-revisa-peticion-sobre-presos-politicos\/#breadcrumb"},"inLanguage":"es","potentialAction":[{"@type":"ReadAction","target":["https:\/\/noti-america.com\/site\/principal\/2026\/09\/04\/delegacion-opositora-en-la-mesa-de-dialogo-revisa-peticion-sobre-presos-politicos\/"]}]},{"@type":"ImageObject","inLanguage":"es","@id":"https:\/\/noti-america.com\/site\/principal\/2026\/09\/04\/delegacion-opositora-en-la-mesa-de-dialogo-revisa-peticion-sobre-presos-politicos\/#primaryimage","url":"https:\/\/noti-america.com\/site\/principal\/wp-content\/uploads\/sites\/26\/2026\/09\/Screenshot_4-9-2026_105635_elnacional-uploads.nyc3_.digitaloceanspaces.com_.jpeg","contentUrl":"https:\/\/noti-america.com\/site\/principal\/wp-content\/uploads\/sites\/26\/2026\/09\/Screenshot_4-9-2026_105635_elnacional-uploads.nyc3_.digitaloceanspaces.com_.jpeg","width":1231,"height":538},{"@type":"BreadcrumbList","@id":"https:\/\/noti-america.com\/site\/principal\/2026\/09\/04\/delegacion-opositora-en-la-mesa-de-dialogo-revisa-peticion-sobre-presos-politicos\/#breadcrumb","itemListElement":[{"@type":"ListItem","position":1,"name":"Portada","item":"https:\/\/noti-america.com\/site\/principal\/"},{"@type":"ListItem","position":2,"name":"Delegaci\u00f3n opositora en la mesa de di\u00e1logo revisa petici\u00f3n sobre presos pol\u00edticos"}]},{"@type":"WebSite","@id":"https:\/\/noti-america.com\/site\/principal\/#website","url":"https:\/\/noti-america.com\/site\/principal\/","name":"Noti-America.com","description":"El Noticiero Digital M\u00e1s Grande de Am\u00e9rica","potentialAction":[{"@type":"SearchAction","target":{"@type":"EntryPoint","urlTemplate":"https:\/\/noti-america.com\/site\/principal\/?s={search_term_string}"},"query-input":{"@type":"PropertyValueSpecification","valueRequired":true,"valueName":"search_term_string"}}],"inLanguage":"es"},{"@type":"Person","@id":"https:\/\/noti-america.com\/site\/principal\/#\/schema\/person\/b0777fb8ad9a321dc446ddbbceae778f","name":"Maria Valentina Noguera Medina","image":{"@type":"ImageObject","inLanguage":"es","@id":"https:\/\/secure.gravatar.com\/avatar\/4ec5eb9d099f2608a49c9df6f7341f66f04f819cdffa09d56a7a0e91d2819d56?s=96&d=mm&r=g","url":"https:\/\/secure.gravatar.com\/avatar\/4ec5eb9d099f2608a49c9df6f7341f66f04f819cdffa09d56a7a0e91d2819d56?s=96&d=mm&r=g","contentUrl":"https:\/\/secure.gravatar.com\/avatar\/4ec5eb9d099f2608a49c9df6f7341f66f04f819cdffa09d56a7a0e91d2819d56?s=96&d=mm&r=g","caption":"Maria Valentina Noguera Medina"},"description":"Periodista - noti-america - Promar Community Manager - Talento Plus Dise\u00f1adora\/ creadora de contenido...","sameAs":["Mar\u00eda Valentina Noguera","https:\/\/www.facebook.com\/mariavalentina.noguera","https:\/\/www.linkedin.com\/in\/mara-valentina-noguera-medina-373075165\/","https:\/\/www.pinterest.es\/valentinanoguera95\/","https:\/\/www.youtube.com\/channel\/UCdek6mbUZ-Tqqw0I63i4nmQ"],"url":"https:\/\/noti-america.com\/site\/principal\/author\/mnoguera\/"}]}},"_links":{"self":[{"href":"https:\/\/noti-america.com\/site\/principal\/wp-json\/wp\/v2\/posts\/94527","targetHints":{"allow":["GET"]}}],"collection":[{"href":"https:\/\/noti-america.com\/site\/principal\/wp-json\/wp\/v2\/posts"}],"about":[{"href":"https:\/\/noti-america.com\/site\/principal\/wp-json\/wp\/v2\/types\/post"}],"author":[{"embeddable":true,"href":"https:\/\/noti-america.com\/site\/principal\/wp-json\/wp\/v2\/users\/133"}],"replies":[{"embeddable":true,"href":"https:\/\/noti-america.com\/site\/principal\/wp-json\/wp\/v2\/comments?post=94527"}],"version-history":[{"count":1,"href":"https:\/\/noti-america.com\/site\/principal\/wp-json\/wp\/v2\/posts\/94527\/revisions"}],"predecessor-version":[{"id":94562,"href":"https:\/\/noti-america.com\/site\/principal\/wp-json\/wp\/v2\/posts\/94527\/revisions\/94562"}],"wp:featuredmedia":[{"embeddable":true,"href":"https:\/\/noti-america.com\/site\/principal\/wp-json\/wp\/v2\/media\/94528"}],"wp:attachment":[{"href":"https:\/\/noti-america.com\/site\/principal\/wp-json\/wp\/v2\/media?parent=94527"}],"wp:term":[{"taxonomy":"category","embeddable":true,"href":"https:\/\/noti-america.com\/site\/principal\/wp-json\/wp\/v2\/categories?post=94527"},{"taxonomy":"post_tag","embeddable":true,"href":"https:\/\/noti-america.com\/site\/principal\/wp-json\/wp\/v2\/tags?post=94527"}],"curies":[{"name":"wp","href":"https:\/\/api.w.org\/{rel}","templated":true}]}}