{"id":94525,"date":"2026-09-04T14:56:31","date_gmt":"2026-09-04T18:56:31","guid":{"rendered":"https:\/\/noti-america.com\/site\/principal\/?p=94525"},"modified":"2026-09-04T14:56:31","modified_gmt":"2026-09-04T18:56:31","slug":"wingo-reactiva-sus-operaciones-en-venezuela-con-vuelos-diarios-a-bogota-y-tres-frecuencias-semanales-a-medellin","status":"publish","type":"post","link":"https:\/\/noti-america.com\/site\/principal\/2026\/09\/04\/wingo-reactiva-sus-operaciones-en-venezuela-con-vuelos-diarios-a-bogota-y-tres-frecuencias-semanales-a-medellin\/","title":{"rendered":"Wingo reactiva sus operaciones en Venezuela con vuelos diarios a Bogot\u00e1 y tres frecuencias semanales a Medell\u00edn"},"content":{"rendered":"<p>NOTI-AMERICA.COM | VENEZUELA<\/p>\n<p class=\"wp-block-paragraph\" style=\"text-align: justify\">La\u00a0aerol\u00ednea colombiana de bajo costo Wingo\u00a0confirm\u00f3 este jueves la reactivaci\u00f3n de sus itinerarios directos hacia Venezuela a partir del pr\u00f3ximo 7 de septiembre, reanudando las conexiones a\u00e9reas entre las ciudades de Bogot\u00e1 y Medell\u00edn con el Aeropuerto Internacional Sim\u00f3n Bol\u00edvar de Maiquet\u00eda, que sirve a la ciudad de Caracas.<\/p>\n<p class=\"wp-block-paragraph\" style=\"text-align: justify\">Seg\u00fan el itinerario divulgado por la compa\u00f1\u00eda, la ruta entre\u00a0Bogot\u00e1 y Caracas\u00a0iniciar\u00e1 operaciones operando un vuelo diario de lunes a domingo.<\/p>\n<p class=\"wp-block-paragraph\" style=\"text-align: justify\">Por su parte, la conexi\u00f3n directa desde el Aeropuerto Internacional Jos\u00e9 Mar\u00eda C\u00f3rdova de Medell\u00edn con la capital venezolana se reanudar\u00e1 el 11 de septiembre, contando inicialmente con una oferta de tres frecuencias semanales.<\/p>\n<p class=\"wp-block-paragraph\" style=\"text-align: justify\">Toda la operaci\u00f3n ser\u00e1 atendida mediante flota Boeing 737-800, lo que permitir\u00e1 restablecer la capacidad de transporte de pasajeros entre los principales centros urbanos e industriales de Colombia y Venezuela.<\/p>\n<p class=\"wp-block-paragraph\" style=\"text-align: justify\">Con este reinicio de vuelos comerciales,\u00a0Wingo\u00a0consolidar\u00e1 un esquema de conectividad binacional de tres rutas directas \u2014al sumar su itinerario activo entre Bogot\u00e1 y Valencia\u2014, alcanzando un total de 13 frecuencias semanales que incrementar\u00e1n la oferta comercial disponible para los usuarios de ambos pa\u00edses.<\/p>\n<p class=\"wp-block-paragraph\" style=\"text-align: justify\">La medida adoptada por la empresa aeron\u00e1utica se inserta en la din\u00e1mica de normalizaci\u00f3n y reapertura gradual del espacio a\u00e9reo venezolano, sum\u00e1ndose al reinicio de operaciones anunciado recientemente por otras aerol\u00edneas internacionales en la regi\u00f3n.<\/p>\n","protected":false},"excerpt":{"rendered":"<p>NOTI-AMERICA.COM | VENEZUELA La\u00a0aerol\u00ednea colombiana de bajo costo Wingo\u00a0confirm\u00f3 este jueves la reactivaci\u00f3n de sus itinerarios directos hacia Venezuela a partir del pr\u00f3ximo 7 de septiembre, reanudando las conexiones a\u00e9reas entre las ciudades de&#46;&#46;&#46;<\/p>\n","protected":false},"author":133,"featured_media":94526,"comment_status":"","ping_status":"open","sticky":false,"template":"","format":"image","meta":{"_acf_changed":false,"rop_custom_images_group":[],"rop_custom_messages_group":[],"rop_publish_now":"no","rop_publish_now_accounts":[],"rop_publish_now_history":[],"rop_publish_now_status":"pending","footnotes":""},"categories":[11],"tags":[],"class_list":["post-94525","post","type-post","status-publish","format-image","has-post-thumbnail","hentry","category-sucesos","post_format-post-format-image"],"acf":[],"yoast_head":"<!-- This site is optimized with the Yoast SEO Premium plugin v24.9 (Yoast SEO v27.2) - https:\/\/yoast.com\/product\/yoast-seo-premium-wordpress\/ -->\n<title>Wingo reactiva sus operaciones en Venezuela con vuelos diarios a Bogot\u00e1 y tres frecuencias semanales a Medell\u00edn - Noti-America.com<\/title>\n<meta name=\"robots\" content=\"index, follow, max-snippet:-1, max-image-preview:large, max-video-preview:-1\" \/>\n<link rel=\"canonical\" href=\"https:\/\/noti-america.com\/site\/principal\/2026\/09\/04\/wingo-reactiva-sus-operaciones-en-venezuela-con-vuelos-diarios-a-bogota-y-tres-frecuencias-semanales-a-medellin\/\" \/>\n<meta property=\"og:locale\" content=\"es_ES\" \/>\n<meta property=\"og:type\" content=\"article\" \/>\n<meta property=\"og:title\" content=\"Wingo reactiva sus operaciones en Venezuela con vuelos diarios a Bogot\u00e1 y tres frecuencias semanales a Medell\u00edn\" \/>\n<meta property=\"og:description\" content=\"NOTI-AMERICA.COM | VENEZUELA La\u00a0aerol\u00ednea colombiana de bajo costo Wingo\u00a0confirm\u00f3 este jueves la reactivaci\u00f3n de sus itinerarios directos hacia Venezuela a partir del pr\u00f3ximo 7 de septiembre, reanudando las conexiones a\u00e9reas entre las ciudades de&#046;&#046;&#046;\" \/>\n<meta property=\"og:url\" content=\"https:\/\/noti-america.com\/site\/principal\/2026\/09\/04\/wingo-reactiva-sus-operaciones-en-venezuela-con-vuelos-diarios-a-bogota-y-tres-frecuencias-semanales-a-medellin\/\" \/>\n<meta property=\"og:site_name\" content=\"Noti-America.com\" \/>\n<meta property=\"article:author\" content=\"Mar\u00eda Valentina Noguera\" \/>\n<meta property=\"article:published_time\" content=\"2026-09-04T18:56:31+00:00\" \/>\n<meta property=\"og:image\" content=\"https:\/\/noti-america.com\/site\/principal\/wp-content\/uploads\/sites\/26\/2026\/09\/vuelos-entre-Medellin-y-Caracas.jpg\" \/>\n\t<meta property=\"og:image:width\" content=\"1080\" \/>\n\t<meta property=\"og:image:height\" content=\"800\" \/>\n\t<meta property=\"og:image:type\" content=\"image\/jpeg\" \/>\n<meta name=\"author\" content=\"Maria Valentina Noguera Medina\" \/>\n<meta name=\"twitter:card\" content=\"summary_large_image\" \/>\n<meta name=\"twitter:label1\" content=\"Escrito por\" \/>\n\t<meta name=\"twitter:data1\" content=\"Maria Valentina Noguera Medina\" \/>\n\t<meta name=\"twitter:label2\" content=\"Tiempo estimado de lectura\" \/>\n\t<meta name=\"twitter:data2\" content=\"1 minuto\" \/>\n<script type=\"application\/ld+json\" class=\"yoast-schema-graph\">{\"@context\":\"https:\/\/schema.org\",\"@graph\":[{\"@type\":\"Article\",\"@id\":\"https:\/\/noti-america.com\/site\/principal\/2026\/09\/04\/wingo-reactiva-sus-operaciones-en-venezuela-con-vuelos-diarios-a-bogota-y-tres-frecuencias-semanales-a-medellin\/#article\",\"isPartOf\":{\"@id\":\"https:\/\/noti-america.com\/site\/principal\/2026\/09\/04\/wingo-reactiva-sus-operaciones-en-venezuela-con-vuelos-diarios-a-bogota-y-tres-frecuencias-semanales-a-medellin\/\"},\"author\":{\"name\":\"Maria Valentina Noguera Medina\",\"@id\":\"https:\/\/noti-america.com\/site\/principal\/#\/schema\/person\/b0777fb8ad9a321dc446ddbbceae778f\"},\"headline\":\"Wingo reactiva sus operaciones en Venezuela con vuelos diarios a Bogot\u00e1 y tres frecuencias semanales a Medell\u00edn\",\"datePublished\":\"2026-09-04T18:56:31+00:00\",\"mainEntityOfPage\":{\"@id\":\"https:\/\/noti-america.com\/site\/principal\/2026\/09\/04\/wingo-reactiva-sus-operaciones-en-venezuela-con-vuelos-diarios-a-bogota-y-tres-frecuencias-semanales-a-medellin\/\"},\"wordCount\":260,\"image\":{\"@id\":\"https:\/\/noti-america.com\/site\/principal\/2026\/09\/04\/wingo-reactiva-sus-operaciones-en-venezuela-con-vuelos-diarios-a-bogota-y-tres-frecuencias-semanales-a-medellin\/#primaryimage\"},\"thumbnailUrl\":\"https:\/\/noti-america.com\/site\/principal\/wp-content\/uploads\/sites\/26\/2026\/09\/vuelos-entre-Medellin-y-Caracas.jpg\",\"articleSection\":[\"Sucesos\"],\"inLanguage\":\"es\"},{\"@type\":\"WebPage\",\"@id\":\"https:\/\/noti-america.com\/site\/principal\/2026\/09\/04\/wingo-reactiva-sus-operaciones-en-venezuela-con-vuelos-diarios-a-bogota-y-tres-frecuencias-semanales-a-medellin\/\",\"url\":\"https:\/\/noti-america.com\/site\/principal\/2026\/09\/04\/wingo-reactiva-sus-operaciones-en-venezuela-con-vuelos-diarios-a-bogota-y-tres-frecuencias-semanales-a-medellin\/\",\"name\":\"Wingo reactiva sus operaciones en Venezuela con vuelos diarios a Bogot\u00e1 y tres frecuencias semanales a Medell\u00edn - Noti-America.com\",\"isPartOf\":{\"@id\":\"https:\/\/noti-america.com\/site\/principal\/#website\"},\"primaryImageOfPage\":{\"@id\":\"https:\/\/noti-america.com\/site\/principal\/2026\/09\/04\/wingo-reactiva-sus-operaciones-en-venezuela-con-vuelos-diarios-a-bogota-y-tres-frecuencias-semanales-a-medellin\/#primaryimage\"},\"image\":{\"@id\":\"https:\/\/noti-america.com\/site\/principal\/2026\/09\/04\/wingo-reactiva-sus-operaciones-en-venezuela-con-vuelos-diarios-a-bogota-y-tres-frecuencias-semanales-a-medellin\/#primaryimage\"},\"thumbnailUrl\":\"https:\/\/noti-america.com\/site\/principal\/wp-content\/uploads\/sites\/26\/2026\/09\/vuelos-entre-Medellin-y-Caracas.jpg\",\"datePublished\":\"2026-09-04T18:56:31+00:00\",\"author\":{\"@id\":\"https:\/\/noti-america.com\/site\/principal\/#\/schema\/person\/b0777fb8ad9a321dc446ddbbceae778f\"},\"breadcrumb\":{\"@id\":\"https:\/\/noti-america.com\/site\/principal\/2026\/09\/04\/wingo-reactiva-sus-operaciones-en-venezuela-con-vuelos-diarios-a-bogota-y-tres-frecuencias-semanales-a-medellin\/#breadcrumb\"},\"inLanguage\":\"es\",\"potentialAction\":[{\"@type\":\"ReadAction\",\"target\":[\"https:\/\/noti-america.com\/site\/principal\/2026\/09\/04\/wingo-reactiva-sus-operaciones-en-venezuela-con-vuelos-diarios-a-bogota-y-tres-frecuencias-semanales-a-medellin\/\"]}]},{\"@type\":\"ImageObject\",\"inLanguage\":\"es\",\"@id\":\"https:\/\/noti-america.com\/site\/principal\/2026\/09\/04\/wingo-reactiva-sus-operaciones-en-venezuela-con-vuelos-diarios-a-bogota-y-tres-frecuencias-semanales-a-medellin\/#primaryimage\",\"url\":\"https:\/\/noti-america.com\/site\/principal\/wp-content\/uploads\/sites\/26\/2026\/09\/vuelos-entre-Medellin-y-Caracas.jpg\",\"contentUrl\":\"https:\/\/noti-america.com\/site\/principal\/wp-content\/uploads\/sites\/26\/2026\/09\/vuelos-entre-Medellin-y-Caracas.jpg\",\"width\":1080,\"height\":800},{\"@type\":\"BreadcrumbList\",\"@id\":\"https:\/\/noti-america.com\/site\/principal\/2026\/09\/04\/wingo-reactiva-sus-operaciones-en-venezuela-con-vuelos-diarios-a-bogota-y-tres-frecuencias-semanales-a-medellin\/#breadcrumb\",\"itemListElement\":[{\"@type\":\"ListItem\",\"position\":1,\"name\":\"Portada\",\"item\":\"https:\/\/noti-america.com\/site\/principal\/\"},{\"@type\":\"ListItem\",\"position\":2,\"name\":\"Wingo reactiva sus operaciones en Venezuela con vuelos diarios a Bogot\u00e1 y tres frecuencias semanales a Medell\u00edn\"}]},{\"@type\":\"WebSite\",\"@id\":\"https:\/\/noti-america.com\/site\/principal\/#website\",\"url\":\"https:\/\/noti-america.com\/site\/principal\/\",\"name\":\"Noti-America.com\",\"description\":\"El Noticiero Digital M\u00e1s Grande de Am\u00e9rica\",\"potentialAction\":[{\"@type\":\"SearchAction\",\"target\":{\"@type\":\"EntryPoint\",\"urlTemplate\":\"https:\/\/noti-america.com\/site\/principal\/?s={search_term_string}\"},\"query-input\":{\"@type\":\"PropertyValueSpecification\",\"valueRequired\":true,\"valueName\":\"search_term_string\"}}],\"inLanguage\":\"es\"},{\"@type\":\"Person\",\"@id\":\"https:\/\/noti-america.com\/site\/principal\/#\/schema\/person\/b0777fb8ad9a321dc446ddbbceae778f\",\"name\":\"Maria Valentina Noguera Medina\",\"image\":{\"@type\":\"ImageObject\",\"inLanguage\":\"es\",\"@id\":\"https:\/\/secure.gravatar.com\/avatar\/4ec5eb9d099f2608a49c9df6f7341f66f04f819cdffa09d56a7a0e91d2819d56?s=96&d=mm&r=g\",\"url\":\"https:\/\/secure.gravatar.com\/avatar\/4ec5eb9d099f2608a49c9df6f7341f66f04f819cdffa09d56a7a0e91d2819d56?s=96&d=mm&r=g\",\"contentUrl\":\"https:\/\/secure.gravatar.com\/avatar\/4ec5eb9d099f2608a49c9df6f7341f66f04f819cdffa09d56a7a0e91d2819d56?s=96&d=mm&r=g\",\"caption\":\"Maria Valentina Noguera Medina\"},\"description\":\"Periodista - noti-america - Promar Community Manager - Talento Plus Dise\u00f1adora\/ creadora de contenido...\",\"sameAs\":[\"Mar\u00eda Valentina Noguera\",\"https:\/\/www.facebook.com\/mariavalentina.noguera\",\"https:\/\/www.linkedin.com\/in\/mara-valentina-noguera-medina-373075165\/\",\"https:\/\/www.pinterest.es\/valentinanoguera95\/\",\"https:\/\/www.youtube.com\/channel\/UCdek6mbUZ-Tqqw0I63i4nmQ\"],\"url\":\"https:\/\/noti-america.com\/site\/principal\/author\/mnoguera\/\"}]}<\/script>\n<!-- \/ Yoast SEO Premium plugin. -->","yoast_head_json":{"title":"Wingo reactiva sus operaciones en Venezuela con vuelos diarios a Bogot\u00e1 y tres frecuencias semanales a Medell\u00edn - Noti-America.com","robots":{"index":"index","follow":"follow","max-snippet":"max-snippet:-1","max-image-preview":"max-image-preview:large","max-video-preview":"max-video-preview:-1"},"canonical":"https:\/\/noti-america.com\/site\/principal\/2026\/09\/04\/wingo-reactiva-sus-operaciones-en-venezuela-con-vuelos-diarios-a-bogota-y-tres-frecuencias-semanales-a-medellin\/","og_locale":"es_ES","og_type":"article","og_title":"Wingo reactiva sus operaciones en Venezuela con vuelos diarios a Bogot\u00e1 y tres frecuencias semanales a Medell\u00edn","og_description":"NOTI-AMERICA.COM | VENEZUELA La\u00a0aerol\u00ednea colombiana de bajo costo Wingo\u00a0confirm\u00f3 este jueves la reactivaci\u00f3n de sus itinerarios directos hacia Venezuela a partir del pr\u00f3ximo 7 de septiembre, reanudando las conexiones a\u00e9reas entre las ciudades de&#46;&#46;&#46;","og_url":"https:\/\/noti-america.com\/site\/principal\/2026\/09\/04\/wingo-reactiva-sus-operaciones-en-venezuela-con-vuelos-diarios-a-bogota-y-tres-frecuencias-semanales-a-medellin\/","og_site_name":"Noti-America.com","article_author":"Mar\u00eda Valentina Noguera","article_published_time":"2026-09-04T18:56:31+00:00","og_image":[{"width":1080,"height":800,"url":"https:\/\/noti-america.com\/site\/principal\/wp-content\/uploads\/sites\/26\/2026\/09\/vuelos-entre-Medellin-y-Caracas.jpg","type":"image\/jpeg"}],"author":"Maria Valentina Noguera Medina","twitter_card":"summary_large_image","twitter_misc":{"Escrito por":"Maria Valentina Noguera Medina","Tiempo estimado de lectura":"1 minuto"},"schema":{"@context":"https:\/\/schema.org","@graph":[{"@type":"Article","@id":"https:\/\/noti-america.com\/site\/principal\/2026\/09\/04\/wingo-reactiva-sus-operaciones-en-venezuela-con-vuelos-diarios-a-bogota-y-tres-frecuencias-semanales-a-medellin\/#article","isPartOf":{"@id":"https:\/\/noti-america.com\/site\/principal\/2026\/09\/04\/wingo-reactiva-sus-operaciones-en-venezuela-con-vuelos-diarios-a-bogota-y-tres-frecuencias-semanales-a-medellin\/"},"author":{"name":"Maria Valentina Noguera Medina","@id":"https:\/\/noti-america.com\/site\/principal\/#\/schema\/person\/b0777fb8ad9a321dc446ddbbceae778f"},"headline":"Wingo reactiva sus operaciones en Venezuela con vuelos diarios a Bogot\u00e1 y tres frecuencias semanales a Medell\u00edn","datePublished":"2026-09-04T18:56:31+00:00","mainEntityOfPage":{"@id":"https:\/\/noti-america.com\/site\/principal\/2026\/09\/04\/wingo-reactiva-sus-operaciones-en-venezuela-con-vuelos-diarios-a-bogota-y-tres-frecuencias-semanales-a-medellin\/"},"wordCount":260,"image":{"@id":"https:\/\/noti-america.com\/site\/principal\/2026\/09\/04\/wingo-reactiva-sus-operaciones-en-venezuela-con-vuelos-diarios-a-bogota-y-tres-frecuencias-semanales-a-medellin\/#primaryimage"},"thumbnailUrl":"https:\/\/noti-america.com\/site\/principal\/wp-content\/uploads\/sites\/26\/2026\/09\/vuelos-entre-Medellin-y-Caracas.jpg","articleSection":["Sucesos"],"inLanguage":"es"},{"@type":"WebPage","@id":"https:\/\/noti-america.com\/site\/principal\/2026\/09\/04\/wingo-reactiva-sus-operaciones-en-venezuela-con-vuelos-diarios-a-bogota-y-tres-frecuencias-semanales-a-medellin\/","url":"https:\/\/noti-america.com\/site\/principal\/2026\/09\/04\/wingo-reactiva-sus-operaciones-en-venezuela-con-vuelos-diarios-a-bogota-y-tres-frecuencias-semanales-a-medellin\/","name":"Wingo reactiva sus operaciones en Venezuela con vuelos diarios a Bogot\u00e1 y tres frecuencias semanales a Medell\u00edn - Noti-America.com","isPartOf":{"@id":"https:\/\/noti-america.com\/site\/principal\/#website"},"primaryImageOfPage":{"@id":"https:\/\/noti-america.com\/site\/principal\/2026\/09\/04\/wingo-reactiva-sus-operaciones-en-venezuela-con-vuelos-diarios-a-bogota-y-tres-frecuencias-semanales-a-medellin\/#primaryimage"},"image":{"@id":"https:\/\/noti-america.com\/site\/principal\/2026\/09\/04\/wingo-reactiva-sus-operaciones-en-venezuela-con-vuelos-diarios-a-bogota-y-tres-frecuencias-semanales-a-medellin\/#primaryimage"},"thumbnailUrl":"https:\/\/noti-america.com\/site\/principal\/wp-content\/uploads\/sites\/26\/2026\/09\/vuelos-entre-Medellin-y-Caracas.jpg","datePublished":"2026-09-04T18:56:31+00:00","author":{"@id":"https:\/\/noti-america.com\/site\/principal\/#\/schema\/person\/b0777fb8ad9a321dc446ddbbceae778f"},"breadcrumb":{"@id":"https:\/\/noti-america.com\/site\/principal\/2026\/09\/04\/wingo-reactiva-sus-operaciones-en-venezuela-con-vuelos-diarios-a-bogota-y-tres-frecuencias-semanales-a-medellin\/#breadcrumb"},"inLanguage":"es","potentialAction":[{"@type":"ReadAction","target":["https:\/\/noti-america.com\/site\/principal\/2026\/09\/04\/wingo-reactiva-sus-operaciones-en-venezuela-con-vuelos-diarios-a-bogota-y-tres-frecuencias-semanales-a-medellin\/"]}]},{"@type":"ImageObject","inLanguage":"es","@id":"https:\/\/noti-america.com\/site\/principal\/2026\/09\/04\/wingo-reactiva-sus-operaciones-en-venezuela-con-vuelos-diarios-a-bogota-y-tres-frecuencias-semanales-a-medellin\/#primaryimage","url":"https:\/\/noti-america.com\/site\/principal\/wp-content\/uploads\/sites\/26\/2026\/09\/vuelos-entre-Medellin-y-Caracas.jpg","contentUrl":"https:\/\/noti-america.com\/site\/principal\/wp-content\/uploads\/sites\/26\/2026\/09\/vuelos-entre-Medellin-y-Caracas.jpg","width":1080,"height":800},{"@type":"BreadcrumbList","@id":"https:\/\/noti-america.com\/site\/principal\/2026\/09\/04\/wingo-reactiva-sus-operaciones-en-venezuela-con-vuelos-diarios-a-bogota-y-tres-frecuencias-semanales-a-medellin\/#breadcrumb","itemListElement":[{"@type":"ListItem","position":1,"name":"Portada","item":"https:\/\/noti-america.com\/site\/principal\/"},{"@type":"ListItem","position":2,"name":"Wingo reactiva sus operaciones en Venezuela con vuelos diarios a Bogot\u00e1 y tres frecuencias semanales a Medell\u00edn"}]},{"@type":"WebSite","@id":"https:\/\/noti-america.com\/site\/principal\/#website","url":"https:\/\/noti-america.com\/site\/principal\/","name":"Noti-America.com","description":"El Noticiero Digital M\u00e1s Grande de Am\u00e9rica","potentialAction":[{"@type":"SearchAction","target":{"@type":"EntryPoint","urlTemplate":"https:\/\/noti-america.com\/site\/principal\/?s={search_term_string}"},"query-input":{"@type":"PropertyValueSpecification","valueRequired":true,"valueName":"search_term_string"}}],"inLanguage":"es"},{"@type":"Person","@id":"https:\/\/noti-america.com\/site\/principal\/#\/schema\/person\/b0777fb8ad9a321dc446ddbbceae778f","name":"Maria Valentina Noguera Medina","image":{"@type":"ImageObject","inLanguage":"es","@id":"https:\/\/secure.gravatar.com\/avatar\/4ec5eb9d099f2608a49c9df6f7341f66f04f819cdffa09d56a7a0e91d2819d56?s=96&d=mm&r=g","url":"https:\/\/secure.gravatar.com\/avatar\/4ec5eb9d099f2608a49c9df6f7341f66f04f819cdffa09d56a7a0e91d2819d56?s=96&d=mm&r=g","contentUrl":"https:\/\/secure.gravatar.com\/avatar\/4ec5eb9d099f2608a49c9df6f7341f66f04f819cdffa09d56a7a0e91d2819d56?s=96&d=mm&r=g","caption":"Maria Valentina Noguera Medina"},"description":"Periodista - noti-america - Promar Community Manager - Talento Plus Dise\u00f1adora\/ creadora de contenido...","sameAs":["Mar\u00eda Valentina Noguera","https:\/\/www.facebook.com\/mariavalentina.noguera","https:\/\/www.linkedin.com\/in\/mara-valentina-noguera-medina-373075165\/","https:\/\/www.pinterest.es\/valentinanoguera95\/","https:\/\/www.youtube.com\/channel\/UCdek6mbUZ-Tqqw0I63i4nmQ"],"url":"https:\/\/noti-america.com\/site\/principal\/author\/mnoguera\/"}]}},"_links":{"self":[{"href":"https:\/\/noti-america.com\/site\/principal\/wp-json\/wp\/v2\/posts\/94525","targetHints":{"allow":["GET"]}}],"collection":[{"href":"https:\/\/noti-america.com\/site\/principal\/wp-json\/wp\/v2\/posts"}],"about":[{"href":"https:\/\/noti-america.com\/site\/principal\/wp-json\/wp\/v2\/types\/post"}],"author":[{"embeddable":true,"href":"https:\/\/noti-america.com\/site\/principal\/wp-json\/wp\/v2\/users\/133"}],"replies":[{"embeddable":true,"href":"https:\/\/noti-america.com\/site\/principal\/wp-json\/wp\/v2\/comments?post=94525"}],"version-history":[{"count":1,"href":"https:\/\/noti-america.com\/site\/principal\/wp-json\/wp\/v2\/posts\/94525\/revisions"}],"predecessor-version":[{"id":94561,"href":"https:\/\/noti-america.com\/site\/principal\/wp-json\/wp\/v2\/posts\/94525\/revisions\/94561"}],"wp:featuredmedia":[{"embeddable":true,"href":"https:\/\/noti-america.com\/site\/principal\/wp-json\/wp\/v2\/media\/94526"}],"wp:attachment":[{"href":"https:\/\/noti-america.com\/site\/principal\/wp-json\/wp\/v2\/media?parent=94525"}],"wp:term":[{"taxonomy":"category","embeddable":true,"href":"https:\/\/noti-america.com\/site\/principal\/wp-json\/wp\/v2\/categories?post=94525"},{"taxonomy":"post_tag","embeddable":true,"href":"https:\/\/noti-america.com\/site\/principal\/wp-json\/wp\/v2\/tags?post=94525"}],"curies":[{"name":"wp","href":"https:\/\/api.w.org\/{rel}","templated":true}]}}