{"id":94511,"date":"2026-09-03T15:43:16","date_gmt":"2026-09-03T19:43:16","guid":{"rendered":"https:\/\/noti-america.com\/site\/principal\/?p=94511"},"modified":"2026-09-03T15:43:16","modified_gmt":"2026-09-03T19:43:16","slug":"autoridades-activan-protocolo-ambiental-para-sanear-las-costas-del-lago-de-maracaibo-tras-derrame-petrolero","status":"publish","type":"post","link":"https:\/\/noti-america.com\/site\/principal\/2026\/09\/03\/autoridades-activan-protocolo-ambiental-para-sanear-las-costas-del-lago-de-maracaibo-tras-derrame-petrolero\/","title":{"rendered":"Autoridades activan protocolo ambiental para sanear las costas del Lago de Maracaibo tras derrame petrolero"},"content":{"rendered":"<p>NOTI-AMERICA.COM | VENEZUELA<\/p>\n<p style=\"text-align: justify\">Las fuertes precipitaciones y el intenso oleaje de los \u00faltimos d\u00edas han arrastrado residuos petroleros hacia la costa de municipios como Maracaibo, San Francisco y Mara.<\/p>\n<p style=\"text-align: justify\">Esta contaminaci\u00f3n constante deja a cientos de pescadores sin la posibilidad de desarrollar sus faenas diarias para garantizar el sustento de sus familias.<\/p>\n<p style=\"text-align: justify\">Mientras tanto, cuadrillas del ICLAM, Pdvsa y la Gobernaci\u00f3n del Zulia mantienen trabajos de saneamiento e inspecci\u00f3n en las l\u00edneas de flujo sublacustres para contener posibles nuevas fugas.<\/p>\n<p style=\"text-align: justify\">El gobernador del estado Zulia, Luis Caldera dijo \u00abYa se activ\u00f3 el protocolo ambiental de Pdvsa, y el protocolo del ICLAM, del Ministerio de Ecosocialismo y la Gobernaci\u00f3n del Zulia. Se va a emitir el bolet\u00edn de recolecci\u00f3n de muestras de agua, porque no basta con recoger desde el punto de vista f\u00edsico, hay que evaluar desde el punto de vista qu\u00edmico todo este impacto, pero se est\u00e1 atendiendo constantemente\u00bb.<\/p>\n<p style=\"text-align: justify\">Dado los constantes derrames de petr\u00f3leo en el Lago de Maracaibo, la poblaci\u00f3n espera que con la reactivaci\u00f3n de empresas transnacionales se proceda a una profunda correcci\u00f3n de la red de tuber\u00edas sublacustres y se realice la inversi\u00f3n necesaria que permita evitar da\u00f1os ecol\u00f3gicos.<\/p>\n","protected":false},"excerpt":{"rendered":"<p>NOTI-AMERICA.COM | VENEZUELA Las fuertes precipitaciones y el intenso oleaje de los \u00faltimos d\u00edas han arrastrado residuos petroleros hacia la costa de municipios como Maracaibo, San Francisco y Mara. Esta contaminaci\u00f3n constante deja a&#46;&#46;&#46;<\/p>\n","protected":false},"author":133,"featured_media":94512,"comment_status":"","ping_status":"open","sticky":false,"template":"","format":"image","meta":{"_acf_changed":false,"rop_custom_images_group":[],"rop_custom_messages_group":[],"rop_publish_now":"no","rop_publish_now_accounts":[],"rop_publish_now_history":[],"rop_publish_now_status":"pending","footnotes":""},"categories":[674],"tags":[],"class_list":["post-94511","post","type-post","status-publish","format-image","has-post-thumbnail","hentry","category-nacionales","post_format-post-format-image"],"acf":[],"yoast_head":"<!-- This site is optimized with the Yoast SEO Premium plugin v24.9 (Yoast SEO v27.2) - https:\/\/yoast.com\/product\/yoast-seo-premium-wordpress\/ -->\n<title>Autoridades activan protocolo ambiental para sanear las costas del Lago de Maracaibo tras derrame petrolero - Noti-America.com<\/title>\n<meta name=\"robots\" content=\"index, follow, max-snippet:-1, max-image-preview:large, max-video-preview:-1\" \/>\n<link rel=\"canonical\" href=\"https:\/\/noti-america.com\/site\/principal\/2026\/09\/03\/autoridades-activan-protocolo-ambiental-para-sanear-las-costas-del-lago-de-maracaibo-tras-derrame-petrolero\/\" \/>\n<meta property=\"og:locale\" content=\"es_ES\" \/>\n<meta property=\"og:type\" content=\"article\" \/>\n<meta property=\"og:title\" content=\"Autoridades activan protocolo ambiental para sanear las costas del Lago de Maracaibo tras derrame petrolero\" \/>\n<meta property=\"og:description\" content=\"NOTI-AMERICA.COM | VENEZUELA Las fuertes precipitaciones y el intenso oleaje de los \u00faltimos d\u00edas han arrastrado residuos petroleros hacia la costa de municipios como Maracaibo, San Francisco y Mara. Esta contaminaci\u00f3n constante deja a&#046;&#046;&#046;\" \/>\n<meta property=\"og:url\" content=\"https:\/\/noti-america.com\/site\/principal\/2026\/09\/03\/autoridades-activan-protocolo-ambiental-para-sanear-las-costas-del-lago-de-maracaibo-tras-derrame-petrolero\/\" \/>\n<meta property=\"og:site_name\" content=\"Noti-America.com\" \/>\n<meta property=\"article:author\" content=\"Mar\u00eda Valentina Noguera\" \/>\n<meta property=\"article:published_time\" content=\"2026-09-03T19:43:16+00:00\" \/>\n<meta property=\"og:image\" content=\"https:\/\/noti-america.com\/site\/principal\/wp-content\/uploads\/sites\/26\/2026\/09\/crcnbm3t_1200x0__1-a089c0.jpg\" \/>\n\t<meta property=\"og:image:width\" content=\"800\" \/>\n\t<meta property=\"og:image:height\" content=\"500\" \/>\n\t<meta property=\"og:image:type\" content=\"image\/jpeg\" \/>\n<meta name=\"author\" content=\"Maria Valentina Noguera Medina\" \/>\n<meta name=\"twitter:card\" content=\"summary_large_image\" \/>\n<meta name=\"twitter:label1\" content=\"Escrito por\" \/>\n\t<meta name=\"twitter:data1\" content=\"Maria Valentina Noguera Medina\" \/>\n\t<meta name=\"twitter:label2\" content=\"Tiempo estimado de lectura\" \/>\n\t<meta name=\"twitter:data2\" content=\"1 minuto\" \/>\n<script type=\"application\/ld+json\" class=\"yoast-schema-graph\">{\"@context\":\"https:\/\/schema.org\",\"@graph\":[{\"@type\":\"Article\",\"@id\":\"https:\/\/noti-america.com\/site\/principal\/2026\/09\/03\/autoridades-activan-protocolo-ambiental-para-sanear-las-costas-del-lago-de-maracaibo-tras-derrame-petrolero\/#article\",\"isPartOf\":{\"@id\":\"https:\/\/noti-america.com\/site\/principal\/2026\/09\/03\/autoridades-activan-protocolo-ambiental-para-sanear-las-costas-del-lago-de-maracaibo-tras-derrame-petrolero\/\"},\"author\":{\"name\":\"Maria Valentina Noguera Medina\",\"@id\":\"https:\/\/noti-america.com\/site\/principal\/#\/schema\/person\/b0777fb8ad9a321dc446ddbbceae778f\"},\"headline\":\"Autoridades activan protocolo ambiental para sanear las costas del Lago de Maracaibo tras derrame petrolero\",\"datePublished\":\"2026-09-03T19:43:16+00:00\",\"mainEntityOfPage\":{\"@id\":\"https:\/\/noti-america.com\/site\/principal\/2026\/09\/03\/autoridades-activan-protocolo-ambiental-para-sanear-las-costas-del-lago-de-maracaibo-tras-derrame-petrolero\/\"},\"wordCount\":227,\"image\":{\"@id\":\"https:\/\/noti-america.com\/site\/principal\/2026\/09\/03\/autoridades-activan-protocolo-ambiental-para-sanear-las-costas-del-lago-de-maracaibo-tras-derrame-petrolero\/#primaryimage\"},\"thumbnailUrl\":\"https:\/\/noti-america.com\/site\/principal\/wp-content\/uploads\/sites\/26\/2026\/09\/crcnbm3t_1200x0__1-a089c0.jpg\",\"articleSection\":[\"Nacionales\"],\"inLanguage\":\"es\"},{\"@type\":\"WebPage\",\"@id\":\"https:\/\/noti-america.com\/site\/principal\/2026\/09\/03\/autoridades-activan-protocolo-ambiental-para-sanear-las-costas-del-lago-de-maracaibo-tras-derrame-petrolero\/\",\"url\":\"https:\/\/noti-america.com\/site\/principal\/2026\/09\/03\/autoridades-activan-protocolo-ambiental-para-sanear-las-costas-del-lago-de-maracaibo-tras-derrame-petrolero\/\",\"name\":\"Autoridades activan protocolo ambiental para sanear las costas del Lago de Maracaibo tras derrame petrolero - Noti-America.com\",\"isPartOf\":{\"@id\":\"https:\/\/noti-america.com\/site\/principal\/#website\"},\"primaryImageOfPage\":{\"@id\":\"https:\/\/noti-america.com\/site\/principal\/2026\/09\/03\/autoridades-activan-protocolo-ambiental-para-sanear-las-costas-del-lago-de-maracaibo-tras-derrame-petrolero\/#primaryimage\"},\"image\":{\"@id\":\"https:\/\/noti-america.com\/site\/principal\/2026\/09\/03\/autoridades-activan-protocolo-ambiental-para-sanear-las-costas-del-lago-de-maracaibo-tras-derrame-petrolero\/#primaryimage\"},\"thumbnailUrl\":\"https:\/\/noti-america.com\/site\/principal\/wp-content\/uploads\/sites\/26\/2026\/09\/crcnbm3t_1200x0__1-a089c0.jpg\",\"datePublished\":\"2026-09-03T19:43:16+00:00\",\"author\":{\"@id\":\"https:\/\/noti-america.com\/site\/principal\/#\/schema\/person\/b0777fb8ad9a321dc446ddbbceae778f\"},\"breadcrumb\":{\"@id\":\"https:\/\/noti-america.com\/site\/principal\/2026\/09\/03\/autoridades-activan-protocolo-ambiental-para-sanear-las-costas-del-lago-de-maracaibo-tras-derrame-petrolero\/#breadcrumb\"},\"inLanguage\":\"es\",\"potentialAction\":[{\"@type\":\"ReadAction\",\"target\":[\"https:\/\/noti-america.com\/site\/principal\/2026\/09\/03\/autoridades-activan-protocolo-ambiental-para-sanear-las-costas-del-lago-de-maracaibo-tras-derrame-petrolero\/\"]}]},{\"@type\":\"ImageObject\",\"inLanguage\":\"es\",\"@id\":\"https:\/\/noti-america.com\/site\/principal\/2026\/09\/03\/autoridades-activan-protocolo-ambiental-para-sanear-las-costas-del-lago-de-maracaibo-tras-derrame-petrolero\/#primaryimage\",\"url\":\"https:\/\/noti-america.com\/site\/principal\/wp-content\/uploads\/sites\/26\/2026\/09\/crcnbm3t_1200x0__1-a089c0.jpg\",\"contentUrl\":\"https:\/\/noti-america.com\/site\/principal\/wp-content\/uploads\/sites\/26\/2026\/09\/crcnbm3t_1200x0__1-a089c0.jpg\",\"width\":800,\"height\":500},{\"@type\":\"BreadcrumbList\",\"@id\":\"https:\/\/noti-america.com\/site\/principal\/2026\/09\/03\/autoridades-activan-protocolo-ambiental-para-sanear-las-costas-del-lago-de-maracaibo-tras-derrame-petrolero\/#breadcrumb\",\"itemListElement\":[{\"@type\":\"ListItem\",\"position\":1,\"name\":\"Portada\",\"item\":\"https:\/\/noti-america.com\/site\/principal\/\"},{\"@type\":\"ListItem\",\"position\":2,\"name\":\"Autoridades activan protocolo ambiental para sanear las costas del Lago de Maracaibo tras derrame petrolero\"}]},{\"@type\":\"WebSite\",\"@id\":\"https:\/\/noti-america.com\/site\/principal\/#website\",\"url\":\"https:\/\/noti-america.com\/site\/principal\/\",\"name\":\"Noti-America.com\",\"description\":\"El Noticiero Digital M\u00e1s Grande de Am\u00e9rica\",\"potentialAction\":[{\"@type\":\"SearchAction\",\"target\":{\"@type\":\"EntryPoint\",\"urlTemplate\":\"https:\/\/noti-america.com\/site\/principal\/?s={search_term_string}\"},\"query-input\":{\"@type\":\"PropertyValueSpecification\",\"valueRequired\":true,\"valueName\":\"search_term_string\"}}],\"inLanguage\":\"es\"},{\"@type\":\"Person\",\"@id\":\"https:\/\/noti-america.com\/site\/principal\/#\/schema\/person\/b0777fb8ad9a321dc446ddbbceae778f\",\"name\":\"Maria Valentina Noguera Medina\",\"image\":{\"@type\":\"ImageObject\",\"inLanguage\":\"es\",\"@id\":\"https:\/\/secure.gravatar.com\/avatar\/4ec5eb9d099f2608a49c9df6f7341f66f04f819cdffa09d56a7a0e91d2819d56?s=96&d=mm&r=g\",\"url\":\"https:\/\/secure.gravatar.com\/avatar\/4ec5eb9d099f2608a49c9df6f7341f66f04f819cdffa09d56a7a0e91d2819d56?s=96&d=mm&r=g\",\"contentUrl\":\"https:\/\/secure.gravatar.com\/avatar\/4ec5eb9d099f2608a49c9df6f7341f66f04f819cdffa09d56a7a0e91d2819d56?s=96&d=mm&r=g\",\"caption\":\"Maria Valentina Noguera Medina\"},\"description\":\"Periodista - noti-america - Promar Community Manager - Talento Plus Dise\u00f1adora\/ creadora de contenido...\",\"sameAs\":[\"Mar\u00eda Valentina Noguera\",\"https:\/\/www.facebook.com\/mariavalentina.noguera\",\"https:\/\/www.linkedin.com\/in\/mara-valentina-noguera-medina-373075165\/\",\"https:\/\/www.pinterest.es\/valentinanoguera95\/\",\"https:\/\/www.youtube.com\/channel\/UCdek6mbUZ-Tqqw0I63i4nmQ\"],\"url\":\"https:\/\/noti-america.com\/site\/principal\/author\/mnoguera\/\"}]}<\/script>\n<!-- \/ Yoast SEO Premium plugin. -->","yoast_head_json":{"title":"Autoridades activan protocolo ambiental para sanear las costas del Lago de Maracaibo tras derrame petrolero - Noti-America.com","robots":{"index":"index","follow":"follow","max-snippet":"max-snippet:-1","max-image-preview":"max-image-preview:large","max-video-preview":"max-video-preview:-1"},"canonical":"https:\/\/noti-america.com\/site\/principal\/2026\/09\/03\/autoridades-activan-protocolo-ambiental-para-sanear-las-costas-del-lago-de-maracaibo-tras-derrame-petrolero\/","og_locale":"es_ES","og_type":"article","og_title":"Autoridades activan protocolo ambiental para sanear las costas del Lago de Maracaibo tras derrame petrolero","og_description":"NOTI-AMERICA.COM | VENEZUELA Las fuertes precipitaciones y el intenso oleaje de los \u00faltimos d\u00edas han arrastrado residuos petroleros hacia la costa de municipios como Maracaibo, San Francisco y Mara. Esta contaminaci\u00f3n constante deja a&#46;&#46;&#46;","og_url":"https:\/\/noti-america.com\/site\/principal\/2026\/09\/03\/autoridades-activan-protocolo-ambiental-para-sanear-las-costas-del-lago-de-maracaibo-tras-derrame-petrolero\/","og_site_name":"Noti-America.com","article_author":"Mar\u00eda Valentina Noguera","article_published_time":"2026-09-03T19:43:16+00:00","og_image":[{"width":800,"height":500,"url":"https:\/\/noti-america.com\/site\/principal\/wp-content\/uploads\/sites\/26\/2026\/09\/crcnbm3t_1200x0__1-a089c0.jpg","type":"image\/jpeg"}],"author":"Maria Valentina Noguera Medina","twitter_card":"summary_large_image","twitter_misc":{"Escrito por":"Maria Valentina Noguera Medina","Tiempo estimado de lectura":"1 minuto"},"schema":{"@context":"https:\/\/schema.org","@graph":[{"@type":"Article","@id":"https:\/\/noti-america.com\/site\/principal\/2026\/09\/03\/autoridades-activan-protocolo-ambiental-para-sanear-las-costas-del-lago-de-maracaibo-tras-derrame-petrolero\/#article","isPartOf":{"@id":"https:\/\/noti-america.com\/site\/principal\/2026\/09\/03\/autoridades-activan-protocolo-ambiental-para-sanear-las-costas-del-lago-de-maracaibo-tras-derrame-petrolero\/"},"author":{"name":"Maria Valentina Noguera Medina","@id":"https:\/\/noti-america.com\/site\/principal\/#\/schema\/person\/b0777fb8ad9a321dc446ddbbceae778f"},"headline":"Autoridades activan protocolo ambiental para sanear las costas del Lago de Maracaibo tras derrame petrolero","datePublished":"2026-09-03T19:43:16+00:00","mainEntityOfPage":{"@id":"https:\/\/noti-america.com\/site\/principal\/2026\/09\/03\/autoridades-activan-protocolo-ambiental-para-sanear-las-costas-del-lago-de-maracaibo-tras-derrame-petrolero\/"},"wordCount":227,"image":{"@id":"https:\/\/noti-america.com\/site\/principal\/2026\/09\/03\/autoridades-activan-protocolo-ambiental-para-sanear-las-costas-del-lago-de-maracaibo-tras-derrame-petrolero\/#primaryimage"},"thumbnailUrl":"https:\/\/noti-america.com\/site\/principal\/wp-content\/uploads\/sites\/26\/2026\/09\/crcnbm3t_1200x0__1-a089c0.jpg","articleSection":["Nacionales"],"inLanguage":"es"},{"@type":"WebPage","@id":"https:\/\/noti-america.com\/site\/principal\/2026\/09\/03\/autoridades-activan-protocolo-ambiental-para-sanear-las-costas-del-lago-de-maracaibo-tras-derrame-petrolero\/","url":"https:\/\/noti-america.com\/site\/principal\/2026\/09\/03\/autoridades-activan-protocolo-ambiental-para-sanear-las-costas-del-lago-de-maracaibo-tras-derrame-petrolero\/","name":"Autoridades activan protocolo ambiental para sanear las costas del Lago de Maracaibo tras derrame petrolero - Noti-America.com","isPartOf":{"@id":"https:\/\/noti-america.com\/site\/principal\/#website"},"primaryImageOfPage":{"@id":"https:\/\/noti-america.com\/site\/principal\/2026\/09\/03\/autoridades-activan-protocolo-ambiental-para-sanear-las-costas-del-lago-de-maracaibo-tras-derrame-petrolero\/#primaryimage"},"image":{"@id":"https:\/\/noti-america.com\/site\/principal\/2026\/09\/03\/autoridades-activan-protocolo-ambiental-para-sanear-las-costas-del-lago-de-maracaibo-tras-derrame-petrolero\/#primaryimage"},"thumbnailUrl":"https:\/\/noti-america.com\/site\/principal\/wp-content\/uploads\/sites\/26\/2026\/09\/crcnbm3t_1200x0__1-a089c0.jpg","datePublished":"2026-09-03T19:43:16+00:00","author":{"@id":"https:\/\/noti-america.com\/site\/principal\/#\/schema\/person\/b0777fb8ad9a321dc446ddbbceae778f"},"breadcrumb":{"@id":"https:\/\/noti-america.com\/site\/principal\/2026\/09\/03\/autoridades-activan-protocolo-ambiental-para-sanear-las-costas-del-lago-de-maracaibo-tras-derrame-petrolero\/#breadcrumb"},"inLanguage":"es","potentialAction":[{"@type":"ReadAction","target":["https:\/\/noti-america.com\/site\/principal\/2026\/09\/03\/autoridades-activan-protocolo-ambiental-para-sanear-las-costas-del-lago-de-maracaibo-tras-derrame-petrolero\/"]}]},{"@type":"ImageObject","inLanguage":"es","@id":"https:\/\/noti-america.com\/site\/principal\/2026\/09\/03\/autoridades-activan-protocolo-ambiental-para-sanear-las-costas-del-lago-de-maracaibo-tras-derrame-petrolero\/#primaryimage","url":"https:\/\/noti-america.com\/site\/principal\/wp-content\/uploads\/sites\/26\/2026\/09\/crcnbm3t_1200x0__1-a089c0.jpg","contentUrl":"https:\/\/noti-america.com\/site\/principal\/wp-content\/uploads\/sites\/26\/2026\/09\/crcnbm3t_1200x0__1-a089c0.jpg","width":800,"height":500},{"@type":"BreadcrumbList","@id":"https:\/\/noti-america.com\/site\/principal\/2026\/09\/03\/autoridades-activan-protocolo-ambiental-para-sanear-las-costas-del-lago-de-maracaibo-tras-derrame-petrolero\/#breadcrumb","itemListElement":[{"@type":"ListItem","position":1,"name":"Portada","item":"https:\/\/noti-america.com\/site\/principal\/"},{"@type":"ListItem","position":2,"name":"Autoridades activan protocolo ambiental para sanear las costas del Lago de Maracaibo tras derrame petrolero"}]},{"@type":"WebSite","@id":"https:\/\/noti-america.com\/site\/principal\/#website","url":"https:\/\/noti-america.com\/site\/principal\/","name":"Noti-America.com","description":"El Noticiero Digital M\u00e1s Grande de Am\u00e9rica","potentialAction":[{"@type":"SearchAction","target":{"@type":"EntryPoint","urlTemplate":"https:\/\/noti-america.com\/site\/principal\/?s={search_term_string}"},"query-input":{"@type":"PropertyValueSpecification","valueRequired":true,"valueName":"search_term_string"}}],"inLanguage":"es"},{"@type":"Person","@id":"https:\/\/noti-america.com\/site\/principal\/#\/schema\/person\/b0777fb8ad9a321dc446ddbbceae778f","name":"Maria Valentina Noguera Medina","image":{"@type":"ImageObject","inLanguage":"es","@id":"https:\/\/secure.gravatar.com\/avatar\/4ec5eb9d099f2608a49c9df6f7341f66f04f819cdffa09d56a7a0e91d2819d56?s=96&d=mm&r=g","url":"https:\/\/secure.gravatar.com\/avatar\/4ec5eb9d099f2608a49c9df6f7341f66f04f819cdffa09d56a7a0e91d2819d56?s=96&d=mm&r=g","contentUrl":"https:\/\/secure.gravatar.com\/avatar\/4ec5eb9d099f2608a49c9df6f7341f66f04f819cdffa09d56a7a0e91d2819d56?s=96&d=mm&r=g","caption":"Maria Valentina Noguera Medina"},"description":"Periodista - noti-america - Promar Community Manager - Talento Plus Dise\u00f1adora\/ creadora de contenido...","sameAs":["Mar\u00eda Valentina Noguera","https:\/\/www.facebook.com\/mariavalentina.noguera","https:\/\/www.linkedin.com\/in\/mara-valentina-noguera-medina-373075165\/","https:\/\/www.pinterest.es\/valentinanoguera95\/","https:\/\/www.youtube.com\/channel\/UCdek6mbUZ-Tqqw0I63i4nmQ"],"url":"https:\/\/noti-america.com\/site\/principal\/author\/mnoguera\/"}]}},"_links":{"self":[{"href":"https:\/\/noti-america.com\/site\/principal\/wp-json\/wp\/v2\/posts\/94511","targetHints":{"allow":["GET"]}}],"collection":[{"href":"https:\/\/noti-america.com\/site\/principal\/wp-json\/wp\/v2\/posts"}],"about":[{"href":"https:\/\/noti-america.com\/site\/principal\/wp-json\/wp\/v2\/types\/post"}],"author":[{"embeddable":true,"href":"https:\/\/noti-america.com\/site\/principal\/wp-json\/wp\/v2\/users\/133"}],"replies":[{"embeddable":true,"href":"https:\/\/noti-america.com\/site\/principal\/wp-json\/wp\/v2\/comments?post=94511"}],"version-history":[{"count":1,"href":"https:\/\/noti-america.com\/site\/principal\/wp-json\/wp\/v2\/posts\/94511\/revisions"}],"predecessor-version":[{"id":94518,"href":"https:\/\/noti-america.com\/site\/principal\/wp-json\/wp\/v2\/posts\/94511\/revisions\/94518"}],"wp:featuredmedia":[{"embeddable":true,"href":"https:\/\/noti-america.com\/site\/principal\/wp-json\/wp\/v2\/media\/94512"}],"wp:attachment":[{"href":"https:\/\/noti-america.com\/site\/principal\/wp-json\/wp\/v2\/media?parent=94511"}],"wp:term":[{"taxonomy":"category","embeddable":true,"href":"https:\/\/noti-america.com\/site\/principal\/wp-json\/wp\/v2\/categories?post=94511"},{"taxonomy":"post_tag","embeddable":true,"href":"https:\/\/noti-america.com\/site\/principal\/wp-json\/wp\/v2\/tags?post=94511"}],"curies":[{"name":"wp","href":"https:\/\/api.w.org\/{rel}","templated":true}]}}