{"id":94473,"date":"2026-09-01T13:25:14","date_gmt":"2026-09-01T17:25:14","guid":{"rendered":"https:\/\/noti-america.com\/site\/principal\/?p=94473"},"modified":"2026-09-01T13:25:14","modified_gmt":"2026-09-01T17:25:14","slug":"miley-cyrus-ha-iniciado-una-nueva-etapa-musical-ahora-sin-apellido","status":"publish","type":"post","link":"https:\/\/noti-america.com\/site\/principal\/2026\/09\/01\/miley-cyrus-ha-iniciado-una-nueva-etapa-musical-ahora-sin-apellido\/","title":{"rendered":"Miley Cyrus ha iniciado una nueva etapa musical, ahora sin apellido"},"content":{"rendered":"<p>NOTI-AMERICA.COM | ARGENTINA<\/p>\n<p style=\"text-align: justify\">La estrella pop <strong>Miley Cyrus ha compartido este fin de semana un adelanto de su nuevo \u00e1lbum, el cual parece se llamar\u00e1 \u201cMiley\u201d<\/strong>. Los cambios en su p\u00e1gina web han llamado la atenci\u00f3n de sus fan\u00e1ticos, quienes debaten si decidir\u00e1 quitarse su apellido por el resto de su carrera.<\/p>\n<p style=\"text-align: justify\">Este adelanto fue compartido el domingo 30 de agosto, justo cinco d\u00edas despu\u00e9s de que\u00a0se anunciara la muerte de Dolly Parton, con quien tuvo una relaci\u00f3n estrecha desde que la conoci\u00f3 cuando ella era una adolescente.<\/p>\n<p style=\"text-align: justify\">En su p\u00e1gina web, se presenta lo que parece ser la portada del nuevo \u00e1lbum. Se ve un retrato de la exestrella de Disney con ojos cerrados. La foto fue intervenida con un efecto en color rojo. Lo que m\u00e1s llam\u00f3 la atenci\u00f3n de\u00a0<strong>la p\u00e1gina web es que pas\u00f3 de llamarse mileycyrus.com a mileyofficial.com.<\/strong><\/p>\n<p style=\"text-align: justify\">Por otro lado, en su cuenta de Instagram comparti\u00f3 otra foto con el mismo efecto. En la publicaci\u00f3n no escribi\u00f3 nada y en esa red social a\u00fan sigue apareciendo como Miley Cyrus.<\/p>\n<p style=\"text-align: justify\">El \u201cMiley\u201d sin apellido podr\u00eda estar solo relacionado con que ser\u00e1 el nombre de su d\u00e9cimo \u00e1lbum. Aunque los rumores en redes sociales apuntan a que podr\u00eda ser una decisi\u00f3n relacionada con la mala relaci\u00f3n que Miley ha tenido con su padre, Billy Ray Cyrus.<\/p>\n<p style=\"text-align: justify\">Aunque han tenido muchos momentos de tensi\u00f3n, la \u00faltima vez que la cantante habl\u00f3 sobre el tema no mostr\u00f3 estar en un mal momento con \u00e9l. En una entrevista con la revista \u201cPeople\u201d, dijo: \u201cEs nuestra forma habitual de comunicarnos. Ya sea enviando una canci\u00f3n que escribimos por mensaje de texto o escribiendo un poema que exprese nuestros sentimientos de una manera aut\u00e9ntica, siempre ha sido nuestra manera de compartir nuestras emociones\u201d.<\/p>\n<p style=\"text-align: justify\">Por ahora, no se tiene informaci\u00f3n sobre cu\u00e1ndo se estrenar\u00e1 este nuevo \u00e1lbum.<\/p>\n","protected":false},"excerpt":{"rendered":"<p>NOTI-AMERICA.COM | ARGENTINA La estrella pop Miley Cyrus ha compartido este fin de semana un adelanto de su nuevo \u00e1lbum, el cual parece se llamar\u00e1 \u201cMiley\u201d. Los cambios en su p\u00e1gina web han llamado&#46;&#46;&#46;<\/p>\n","protected":false},"author":133,"featured_media":94474,"comment_status":"","ping_status":"open","sticky":false,"template":"","format":"image","meta":{"_acf_changed":false,"rop_custom_images_group":[],"rop_custom_messages_group":[],"rop_publish_now":"no","rop_publish_now_accounts":[],"rop_publish_now_history":[],"rop_publish_now_status":"pending","footnotes":""},"categories":[853],"tags":[],"class_list":["post-94473","post","type-post","status-publish","format-image","has-post-thumbnail","hentry","category-entretenimiento","post_format-post-format-image"],"acf":[],"yoast_head":"<!-- This site is optimized with the Yoast SEO Premium plugin v24.9 (Yoast SEO v27.2) - https:\/\/yoast.com\/product\/yoast-seo-premium-wordpress\/ -->\n<title>Miley Cyrus ha iniciado una nueva etapa musical, ahora sin apellido - Noti-America.com<\/title>\n<meta name=\"robots\" content=\"index, follow, max-snippet:-1, max-image-preview:large, max-video-preview:-1\" \/>\n<link rel=\"canonical\" href=\"https:\/\/noti-america.com\/site\/principal\/2026\/09\/01\/miley-cyrus-ha-iniciado-una-nueva-etapa-musical-ahora-sin-apellido\/\" \/>\n<meta property=\"og:locale\" content=\"es_ES\" \/>\n<meta property=\"og:type\" content=\"article\" \/>\n<meta property=\"og:title\" content=\"Miley Cyrus ha iniciado una nueva etapa musical, ahora sin apellido\" \/>\n<meta property=\"og:description\" content=\"NOTI-AMERICA.COM | ARGENTINA La estrella pop Miley Cyrus ha compartido este fin de semana un adelanto de su nuevo \u00e1lbum, el cual parece se llamar\u00e1 \u201cMiley\u201d. Los cambios en su p\u00e1gina web han llamado&#046;&#046;&#046;\" \/>\n<meta property=\"og:url\" content=\"https:\/\/noti-america.com\/site\/principal\/2026\/09\/01\/miley-cyrus-ha-iniciado-una-nueva-etapa-musical-ahora-sin-apellido\/\" \/>\n<meta property=\"og:site_name\" content=\"Noti-America.com\" \/>\n<meta property=\"article:author\" content=\"Mar\u00eda Valentina Noguera\" \/>\n<meta property=\"article:published_time\" content=\"2026-09-01T17:25:14+00:00\" \/>\n<meta property=\"og:image\" content=\"https:\/\/noti-america.com\/site\/principal\/wp-content\/uploads\/sites\/26\/2026\/09\/Screenshot_1-9-2026_121426_indiehoy.com_.jpeg\" \/>\n\t<meta property=\"og:image:width\" content=\"920\" \/>\n\t<meta property=\"og:image:height\" content=\"633\" \/>\n\t<meta property=\"og:image:type\" content=\"image\/jpeg\" \/>\n<meta name=\"author\" content=\"Maria Valentina Noguera Medina\" \/>\n<meta name=\"twitter:card\" content=\"summary_large_image\" \/>\n<meta name=\"twitter:label1\" content=\"Escrito por\" \/>\n\t<meta name=\"twitter:data1\" content=\"Maria Valentina Noguera Medina\" \/>\n\t<meta name=\"twitter:label2\" content=\"Tiempo estimado de lectura\" \/>\n\t<meta name=\"twitter:data2\" content=\"2 minutos\" \/>\n<script type=\"application\/ld+json\" class=\"yoast-schema-graph\">{\"@context\":\"https:\/\/schema.org\",\"@graph\":[{\"@type\":\"Article\",\"@id\":\"https:\/\/noti-america.com\/site\/principal\/2026\/09\/01\/miley-cyrus-ha-iniciado-una-nueva-etapa-musical-ahora-sin-apellido\/#article\",\"isPartOf\":{\"@id\":\"https:\/\/noti-america.com\/site\/principal\/2026\/09\/01\/miley-cyrus-ha-iniciado-una-nueva-etapa-musical-ahora-sin-apellido\/\"},\"author\":{\"name\":\"Maria Valentina Noguera Medina\",\"@id\":\"https:\/\/noti-america.com\/site\/principal\/#\/schema\/person\/b0777fb8ad9a321dc446ddbbceae778f\"},\"headline\":\"Miley Cyrus ha iniciado una nueva etapa musical, ahora sin apellido\",\"datePublished\":\"2026-09-01T17:25:14+00:00\",\"mainEntityOfPage\":{\"@id\":\"https:\/\/noti-america.com\/site\/principal\/2026\/09\/01\/miley-cyrus-ha-iniciado-una-nueva-etapa-musical-ahora-sin-apellido\/\"},\"wordCount\":340,\"image\":{\"@id\":\"https:\/\/noti-america.com\/site\/principal\/2026\/09\/01\/miley-cyrus-ha-iniciado-una-nueva-etapa-musical-ahora-sin-apellido\/#primaryimage\"},\"thumbnailUrl\":\"https:\/\/noti-america.com\/site\/principal\/wp-content\/uploads\/sites\/26\/2026\/09\/Screenshot_1-9-2026_121426_indiehoy.com_.jpeg\",\"articleSection\":[\"Entretenimiento\"],\"inLanguage\":\"es\"},{\"@type\":\"WebPage\",\"@id\":\"https:\/\/noti-america.com\/site\/principal\/2026\/09\/01\/miley-cyrus-ha-iniciado-una-nueva-etapa-musical-ahora-sin-apellido\/\",\"url\":\"https:\/\/noti-america.com\/site\/principal\/2026\/09\/01\/miley-cyrus-ha-iniciado-una-nueva-etapa-musical-ahora-sin-apellido\/\",\"name\":\"Miley Cyrus ha iniciado una nueva etapa musical, ahora sin apellido - Noti-America.com\",\"isPartOf\":{\"@id\":\"https:\/\/noti-america.com\/site\/principal\/#website\"},\"primaryImageOfPage\":{\"@id\":\"https:\/\/noti-america.com\/site\/principal\/2026\/09\/01\/miley-cyrus-ha-iniciado-una-nueva-etapa-musical-ahora-sin-apellido\/#primaryimage\"},\"image\":{\"@id\":\"https:\/\/noti-america.com\/site\/principal\/2026\/09\/01\/miley-cyrus-ha-iniciado-una-nueva-etapa-musical-ahora-sin-apellido\/#primaryimage\"},\"thumbnailUrl\":\"https:\/\/noti-america.com\/site\/principal\/wp-content\/uploads\/sites\/26\/2026\/09\/Screenshot_1-9-2026_121426_indiehoy.com_.jpeg\",\"datePublished\":\"2026-09-01T17:25:14+00:00\",\"author\":{\"@id\":\"https:\/\/noti-america.com\/site\/principal\/#\/schema\/person\/b0777fb8ad9a321dc446ddbbceae778f\"},\"breadcrumb\":{\"@id\":\"https:\/\/noti-america.com\/site\/principal\/2026\/09\/01\/miley-cyrus-ha-iniciado-una-nueva-etapa-musical-ahora-sin-apellido\/#breadcrumb\"},\"inLanguage\":\"es\",\"potentialAction\":[{\"@type\":\"ReadAction\",\"target\":[\"https:\/\/noti-america.com\/site\/principal\/2026\/09\/01\/miley-cyrus-ha-iniciado-una-nueva-etapa-musical-ahora-sin-apellido\/\"]}]},{\"@type\":\"ImageObject\",\"inLanguage\":\"es\",\"@id\":\"https:\/\/noti-america.com\/site\/principal\/2026\/09\/01\/miley-cyrus-ha-iniciado-una-nueva-etapa-musical-ahora-sin-apellido\/#primaryimage\",\"url\":\"https:\/\/noti-america.com\/site\/principal\/wp-content\/uploads\/sites\/26\/2026\/09\/Screenshot_1-9-2026_121426_indiehoy.com_.jpeg\",\"contentUrl\":\"https:\/\/noti-america.com\/site\/principal\/wp-content\/uploads\/sites\/26\/2026\/09\/Screenshot_1-9-2026_121426_indiehoy.com_.jpeg\",\"width\":920,\"height\":633},{\"@type\":\"BreadcrumbList\",\"@id\":\"https:\/\/noti-america.com\/site\/principal\/2026\/09\/01\/miley-cyrus-ha-iniciado-una-nueva-etapa-musical-ahora-sin-apellido\/#breadcrumb\",\"itemListElement\":[{\"@type\":\"ListItem\",\"position\":1,\"name\":\"Portada\",\"item\":\"https:\/\/noti-america.com\/site\/principal\/\"},{\"@type\":\"ListItem\",\"position\":2,\"name\":\"Miley Cyrus ha iniciado una nueva etapa musical, ahora sin apellido\"}]},{\"@type\":\"WebSite\",\"@id\":\"https:\/\/noti-america.com\/site\/principal\/#website\",\"url\":\"https:\/\/noti-america.com\/site\/principal\/\",\"name\":\"Noti-America.com\",\"description\":\"El Noticiero Digital M\u00e1s Grande de Am\u00e9rica\",\"potentialAction\":[{\"@type\":\"SearchAction\",\"target\":{\"@type\":\"EntryPoint\",\"urlTemplate\":\"https:\/\/noti-america.com\/site\/principal\/?s={search_term_string}\"},\"query-input\":{\"@type\":\"PropertyValueSpecification\",\"valueRequired\":true,\"valueName\":\"search_term_string\"}}],\"inLanguage\":\"es\"},{\"@type\":\"Person\",\"@id\":\"https:\/\/noti-america.com\/site\/principal\/#\/schema\/person\/b0777fb8ad9a321dc446ddbbceae778f\",\"name\":\"Maria Valentina Noguera Medina\",\"image\":{\"@type\":\"ImageObject\",\"inLanguage\":\"es\",\"@id\":\"https:\/\/secure.gravatar.com\/avatar\/4ec5eb9d099f2608a49c9df6f7341f66f04f819cdffa09d56a7a0e91d2819d56?s=96&d=mm&r=g\",\"url\":\"https:\/\/secure.gravatar.com\/avatar\/4ec5eb9d099f2608a49c9df6f7341f66f04f819cdffa09d56a7a0e91d2819d56?s=96&d=mm&r=g\",\"contentUrl\":\"https:\/\/secure.gravatar.com\/avatar\/4ec5eb9d099f2608a49c9df6f7341f66f04f819cdffa09d56a7a0e91d2819d56?s=96&d=mm&r=g\",\"caption\":\"Maria Valentina Noguera Medina\"},\"description\":\"Periodista - noti-america - Promar Community Manager - Talento Plus Dise\u00f1adora\/ creadora de contenido...\",\"sameAs\":[\"Mar\u00eda Valentina Noguera\",\"https:\/\/www.facebook.com\/mariavalentina.noguera\",\"https:\/\/www.linkedin.com\/in\/mara-valentina-noguera-medina-373075165\/\",\"https:\/\/www.pinterest.es\/valentinanoguera95\/\",\"https:\/\/www.youtube.com\/channel\/UCdek6mbUZ-Tqqw0I63i4nmQ\"],\"url\":\"https:\/\/noti-america.com\/site\/principal\/author\/mnoguera\/\"}]}<\/script>\n<!-- \/ Yoast SEO Premium plugin. -->","yoast_head_json":{"title":"Miley Cyrus ha iniciado una nueva etapa musical, ahora sin apellido - Noti-America.com","robots":{"index":"index","follow":"follow","max-snippet":"max-snippet:-1","max-image-preview":"max-image-preview:large","max-video-preview":"max-video-preview:-1"},"canonical":"https:\/\/noti-america.com\/site\/principal\/2026\/09\/01\/miley-cyrus-ha-iniciado-una-nueva-etapa-musical-ahora-sin-apellido\/","og_locale":"es_ES","og_type":"article","og_title":"Miley Cyrus ha iniciado una nueva etapa musical, ahora sin apellido","og_description":"NOTI-AMERICA.COM | ARGENTINA La estrella pop Miley Cyrus ha compartido este fin de semana un adelanto de su nuevo \u00e1lbum, el cual parece se llamar\u00e1 \u201cMiley\u201d. Los cambios en su p\u00e1gina web han llamado&#46;&#46;&#46;","og_url":"https:\/\/noti-america.com\/site\/principal\/2026\/09\/01\/miley-cyrus-ha-iniciado-una-nueva-etapa-musical-ahora-sin-apellido\/","og_site_name":"Noti-America.com","article_author":"Mar\u00eda Valentina Noguera","article_published_time":"2026-09-01T17:25:14+00:00","og_image":[{"width":920,"height":633,"url":"https:\/\/noti-america.com\/site\/principal\/wp-content\/uploads\/sites\/26\/2026\/09\/Screenshot_1-9-2026_121426_indiehoy.com_.jpeg","type":"image\/jpeg"}],"author":"Maria Valentina Noguera Medina","twitter_card":"summary_large_image","twitter_misc":{"Escrito por":"Maria Valentina Noguera Medina","Tiempo estimado de lectura":"2 minutos"},"schema":{"@context":"https:\/\/schema.org","@graph":[{"@type":"Article","@id":"https:\/\/noti-america.com\/site\/principal\/2026\/09\/01\/miley-cyrus-ha-iniciado-una-nueva-etapa-musical-ahora-sin-apellido\/#article","isPartOf":{"@id":"https:\/\/noti-america.com\/site\/principal\/2026\/09\/01\/miley-cyrus-ha-iniciado-una-nueva-etapa-musical-ahora-sin-apellido\/"},"author":{"name":"Maria Valentina Noguera Medina","@id":"https:\/\/noti-america.com\/site\/principal\/#\/schema\/person\/b0777fb8ad9a321dc446ddbbceae778f"},"headline":"Miley Cyrus ha iniciado una nueva etapa musical, ahora sin apellido","datePublished":"2026-09-01T17:25:14+00:00","mainEntityOfPage":{"@id":"https:\/\/noti-america.com\/site\/principal\/2026\/09\/01\/miley-cyrus-ha-iniciado-una-nueva-etapa-musical-ahora-sin-apellido\/"},"wordCount":340,"image":{"@id":"https:\/\/noti-america.com\/site\/principal\/2026\/09\/01\/miley-cyrus-ha-iniciado-una-nueva-etapa-musical-ahora-sin-apellido\/#primaryimage"},"thumbnailUrl":"https:\/\/noti-america.com\/site\/principal\/wp-content\/uploads\/sites\/26\/2026\/09\/Screenshot_1-9-2026_121426_indiehoy.com_.jpeg","articleSection":["Entretenimiento"],"inLanguage":"es"},{"@type":"WebPage","@id":"https:\/\/noti-america.com\/site\/principal\/2026\/09\/01\/miley-cyrus-ha-iniciado-una-nueva-etapa-musical-ahora-sin-apellido\/","url":"https:\/\/noti-america.com\/site\/principal\/2026\/09\/01\/miley-cyrus-ha-iniciado-una-nueva-etapa-musical-ahora-sin-apellido\/","name":"Miley Cyrus ha iniciado una nueva etapa musical, ahora sin apellido - Noti-America.com","isPartOf":{"@id":"https:\/\/noti-america.com\/site\/principal\/#website"},"primaryImageOfPage":{"@id":"https:\/\/noti-america.com\/site\/principal\/2026\/09\/01\/miley-cyrus-ha-iniciado-una-nueva-etapa-musical-ahora-sin-apellido\/#primaryimage"},"image":{"@id":"https:\/\/noti-america.com\/site\/principal\/2026\/09\/01\/miley-cyrus-ha-iniciado-una-nueva-etapa-musical-ahora-sin-apellido\/#primaryimage"},"thumbnailUrl":"https:\/\/noti-america.com\/site\/principal\/wp-content\/uploads\/sites\/26\/2026\/09\/Screenshot_1-9-2026_121426_indiehoy.com_.jpeg","datePublished":"2026-09-01T17:25:14+00:00","author":{"@id":"https:\/\/noti-america.com\/site\/principal\/#\/schema\/person\/b0777fb8ad9a321dc446ddbbceae778f"},"breadcrumb":{"@id":"https:\/\/noti-america.com\/site\/principal\/2026\/09\/01\/miley-cyrus-ha-iniciado-una-nueva-etapa-musical-ahora-sin-apellido\/#breadcrumb"},"inLanguage":"es","potentialAction":[{"@type":"ReadAction","target":["https:\/\/noti-america.com\/site\/principal\/2026\/09\/01\/miley-cyrus-ha-iniciado-una-nueva-etapa-musical-ahora-sin-apellido\/"]}]},{"@type":"ImageObject","inLanguage":"es","@id":"https:\/\/noti-america.com\/site\/principal\/2026\/09\/01\/miley-cyrus-ha-iniciado-una-nueva-etapa-musical-ahora-sin-apellido\/#primaryimage","url":"https:\/\/noti-america.com\/site\/principal\/wp-content\/uploads\/sites\/26\/2026\/09\/Screenshot_1-9-2026_121426_indiehoy.com_.jpeg","contentUrl":"https:\/\/noti-america.com\/site\/principal\/wp-content\/uploads\/sites\/26\/2026\/09\/Screenshot_1-9-2026_121426_indiehoy.com_.jpeg","width":920,"height":633},{"@type":"BreadcrumbList","@id":"https:\/\/noti-america.com\/site\/principal\/2026\/09\/01\/miley-cyrus-ha-iniciado-una-nueva-etapa-musical-ahora-sin-apellido\/#breadcrumb","itemListElement":[{"@type":"ListItem","position":1,"name":"Portada","item":"https:\/\/noti-america.com\/site\/principal\/"},{"@type":"ListItem","position":2,"name":"Miley Cyrus ha iniciado una nueva etapa musical, ahora sin apellido"}]},{"@type":"WebSite","@id":"https:\/\/noti-america.com\/site\/principal\/#website","url":"https:\/\/noti-america.com\/site\/principal\/","name":"Noti-America.com","description":"El Noticiero Digital M\u00e1s Grande de Am\u00e9rica","potentialAction":[{"@type":"SearchAction","target":{"@type":"EntryPoint","urlTemplate":"https:\/\/noti-america.com\/site\/principal\/?s={search_term_string}"},"query-input":{"@type":"PropertyValueSpecification","valueRequired":true,"valueName":"search_term_string"}}],"inLanguage":"es"},{"@type":"Person","@id":"https:\/\/noti-america.com\/site\/principal\/#\/schema\/person\/b0777fb8ad9a321dc446ddbbceae778f","name":"Maria Valentina Noguera Medina","image":{"@type":"ImageObject","inLanguage":"es","@id":"https:\/\/secure.gravatar.com\/avatar\/4ec5eb9d099f2608a49c9df6f7341f66f04f819cdffa09d56a7a0e91d2819d56?s=96&d=mm&r=g","url":"https:\/\/secure.gravatar.com\/avatar\/4ec5eb9d099f2608a49c9df6f7341f66f04f819cdffa09d56a7a0e91d2819d56?s=96&d=mm&r=g","contentUrl":"https:\/\/secure.gravatar.com\/avatar\/4ec5eb9d099f2608a49c9df6f7341f66f04f819cdffa09d56a7a0e91d2819d56?s=96&d=mm&r=g","caption":"Maria Valentina Noguera Medina"},"description":"Periodista - noti-america - Promar Community Manager - Talento Plus Dise\u00f1adora\/ creadora de contenido...","sameAs":["Mar\u00eda Valentina Noguera","https:\/\/www.facebook.com\/mariavalentina.noguera","https:\/\/www.linkedin.com\/in\/mara-valentina-noguera-medina-373075165\/","https:\/\/www.pinterest.es\/valentinanoguera95\/","https:\/\/www.youtube.com\/channel\/UCdek6mbUZ-Tqqw0I63i4nmQ"],"url":"https:\/\/noti-america.com\/site\/principal\/author\/mnoguera\/"}]}},"_links":{"self":[{"href":"https:\/\/noti-america.com\/site\/principal\/wp-json\/wp\/v2\/posts\/94473","targetHints":{"allow":["GET"]}}],"collection":[{"href":"https:\/\/noti-america.com\/site\/principal\/wp-json\/wp\/v2\/posts"}],"about":[{"href":"https:\/\/noti-america.com\/site\/principal\/wp-json\/wp\/v2\/types\/post"}],"author":[{"embeddable":true,"href":"https:\/\/noti-america.com\/site\/principal\/wp-json\/wp\/v2\/users\/133"}],"replies":[{"embeddable":true,"href":"https:\/\/noti-america.com\/site\/principal\/wp-json\/wp\/v2\/comments?post=94473"}],"version-history":[{"count":1,"href":"https:\/\/noti-america.com\/site\/principal\/wp-json\/wp\/v2\/posts\/94473\/revisions"}],"predecessor-version":[{"id":94479,"href":"https:\/\/noti-america.com\/site\/principal\/wp-json\/wp\/v2\/posts\/94473\/revisions\/94479"}],"wp:featuredmedia":[{"embeddable":true,"href":"https:\/\/noti-america.com\/site\/principal\/wp-json\/wp\/v2\/media\/94474"}],"wp:attachment":[{"href":"https:\/\/noti-america.com\/site\/principal\/wp-json\/wp\/v2\/media?parent=94473"}],"wp:term":[{"taxonomy":"category","embeddable":true,"href":"https:\/\/noti-america.com\/site\/principal\/wp-json\/wp\/v2\/categories?post=94473"},{"taxonomy":"post_tag","embeddable":true,"href":"https:\/\/noti-america.com\/site\/principal\/wp-json\/wp\/v2\/tags?post=94473"}],"curies":[{"name":"wp","href":"https:\/\/api.w.org\/{rel}","templated":true}]}}