{"id":94465,"date":"2026-09-01T15:43:55","date_gmt":"2026-09-01T19:43:55","guid":{"rendered":"https:\/\/noti-america.com\/site\/principal\/?p=94465"},"modified":"2026-09-01T15:43:55","modified_gmt":"2026-09-01T19:43:55","slug":"morat-canta-con-venezuela-dos-conciertos-en-caracas","status":"publish","type":"post","link":"https:\/\/noti-america.com\/site\/principal\/2026\/09\/01\/morat-canta-con-venezuela-dos-conciertos-en-caracas\/","title":{"rendered":"Morat canta con Venezuela: Dos conciertos en Caracas"},"content":{"rendered":"<p data-path-to-node=\"7\">NOTI-AMERICA.COM | VENEZUELA<\/p>\n<p id=\"p-rc_6d80906d69c0ade6-31\" style=\"text-align: justify\" data-path-to-node=\"7\"><span data-path-to-node=\"7,0\">El regreso de\u00a0Morat\u00a0a Venezuela ya tiene fecha.<\/span>\u00a0La banda bogotana, ganadora del\u00a0Latin GRAMMY, se presentar\u00e1 el s\u00e1bado\u00a012\u00a0y el domingo\u00a013\u00a0de diciembre en la\u00a0Universidad Sim\u00f3n Bol\u00edvar, en\u00a0Caracas, en dos conciertos de la mano de\u00a0C\u00fasica.\u00a0Son dos noches que la agrupaci\u00f3n ha esperado tanto como su p\u00fablico, y que llegan para convertirse en el reencuentro con las miles de voces que han acompa\u00f1ado sus canciones desde el primer d\u00eda.<\/p>\n<p id=\"p-rc_6d80906d69c0ade6-32\" style=\"text-align: justify\" data-path-to-node=\"8\">Morat llega a Caracas\u00a0en uno de los mejores momentos de su carrera.\u00a0El\u00a0Ya Es Ma\u00f1ana World Tour\u00a0comenz\u00f3 en\u00a0Colombia\u00a0con seis fechas llenas en el Movistar Arena de Bogot\u00e1 y, antes de aterrizar en Venezuela, la banda habr\u00e1 pasado por Chile, Argentina, Espa\u00f1a y M\u00e9xico con presentaciones agotadas en cada pa\u00eds.<\/p>\n<p id=\"p-rc_6d80906d69c0ade6-33\" style=\"text-align: justify\" data-path-to-node=\"9\">Morat ha construido su carrera sobre una relaci\u00f3n muy particular con quienes lo escuchan: canciones que la gente hace propias, las canta como si las hubiera escrito y las convierte en parte de su historia personal.\u00a0Ese v\u00ednculo es el centro de cada show de la banda y ser\u00e1 el protagonista de estas dos noches en Caracas.<\/p>\n<p id=\"p-rc_6d80906d69c0ade6-34\" style=\"text-align: justify\" data-path-to-node=\"10\">Los dos conciertos tambi\u00e9n estar\u00e1n vinculados al trabajo social que\u00a0Morat\u00a0desarrolla en la regi\u00f3n.\u00a0La banda destinar\u00e1 parte de la taquilla de los conciertos a la reconstrucci\u00f3n y reactivaci\u00f3n de la educaci\u00f3n en las zonas afectadas por el terremoto ocurrido en Venezuela a finales de junio.\u00a0Este trabajo hace parte de los proyectos sociales que Morat impulsa a trav\u00e9s de su Fundaci\u00f3n Aprender a Quererte.<\/p>\n<p id=\"p-rc_6d80906d69c0ade6-35\" style=\"text-align: justify\" data-path-to-node=\"11\">El show no solo presenta su nuevo \u00e1lbum, tambi\u00e9n recorre toda su discograf\u00eda e incorpora momentos en los que el p\u00fablico elige canciones sorpresa, un gesto que confirma qui\u00e9nes tienen la \u00faltima palabra en la noche: sus seguidores.\u00a0En el repertorio no faltar\u00e1n himnos como\u00a0Cuando Nadie Ve, C\u00f3mo Te Atreves, No Se Va y Besos En Guerra, junto a sus canciones m\u00e1s recientes, entre ellas Lo Poco Que Yo Quiero, Me Toca a M\u00ed, Tu Carcel y Sin T\u00ed.<\/p>\n<p id=\"p-rc_6d80906d69c0ade6-36\" style=\"text-align: justify\" data-path-to-node=\"12\">Esta gira reconstruye los recuerdos del ma\u00f1ana: un espacio para reconocer lo vivido, disfrutar el presente y decidir qu\u00e9 se quiere atesorar en el futuro.\u00a0En Caracas, ese ejercicio ser\u00e1 colectivo, con las canciones que el p\u00fablico ya hizo suyas y con la oportunidad de crear nuevos momentos juntos.<\/p>\n<p id=\"p-rc_6d80906d69c0ade6-37\" style=\"text-align: justify\" data-path-to-node=\"13\">Caracas se prepara para dos noches \u00e9picas con el inconfundible sonido de Morat.\u00a0Tras el aplazamiento en 2024, illeg\u00f3 la hora!\u00a0Las entradas adquiridas previamente ser\u00e1n reconocidas y v\u00e1lidas, sin costo alguno, para estas nuevas funciones.\u00a0El procedimiento de canje se detallar\u00e1 progresivamente a trav\u00e9s de los canales oficiales de C\u00fasica.<\/p>\n","protected":false},"excerpt":{"rendered":"<p>NOTI-AMERICA.COM | VENEZUELA El regreso de\u00a0Morat\u00a0a Venezuela ya tiene fecha.\u00a0La banda bogotana, ganadora del\u00a0Latin GRAMMY, se presentar\u00e1 el s\u00e1bado\u00a012\u00a0y el domingo\u00a013\u00a0de diciembre en la\u00a0Universidad Sim\u00f3n Bol\u00edvar, en\u00a0Caracas, en dos conciertos de la mano de\u00a0C\u00fasica.\u00a0Son&#46;&#46;&#46;<\/p>\n","protected":false},"author":133,"featured_media":94466,"comment_status":"","ping_status":"open","sticky":false,"template":"","format":"image","meta":{"_acf_changed":false,"rop_custom_images_group":[],"rop_custom_messages_group":[],"rop_publish_now":"no","rop_publish_now_accounts":[],"rop_publish_now_history":[],"rop_publish_now_status":"pending","footnotes":""},"categories":[853],"tags":[],"class_list":["post-94465","post","type-post","status-publish","format-image","has-post-thumbnail","hentry","category-entretenimiento","post_format-post-format-image"],"acf":[],"yoast_head":"<!-- This site is optimized with the Yoast SEO Premium plugin v24.9 (Yoast SEO v27.2) - https:\/\/yoast.com\/product\/yoast-seo-premium-wordpress\/ -->\n<title>Morat canta con Venezuela: Dos conciertos en Caracas - Noti-America.com<\/title>\n<meta name=\"robots\" content=\"index, follow, max-snippet:-1, max-image-preview:large, max-video-preview:-1\" \/>\n<link rel=\"canonical\" href=\"https:\/\/noti-america.com\/site\/principal\/2026\/09\/01\/morat-canta-con-venezuela-dos-conciertos-en-caracas\/\" \/>\n<meta property=\"og:locale\" content=\"es_ES\" \/>\n<meta property=\"og:type\" content=\"article\" \/>\n<meta property=\"og:title\" content=\"Morat canta con Venezuela: Dos conciertos en Caracas\" \/>\n<meta property=\"og:description\" content=\"NOTI-AMERICA.COM | VENEZUELA El regreso de\u00a0Morat\u00a0a Venezuela ya tiene fecha.\u00a0La banda bogotana, ganadora del\u00a0Latin GRAMMY, se presentar\u00e1 el s\u00e1bado\u00a012\u00a0y el domingo\u00a013\u00a0de diciembre en la\u00a0Universidad Sim\u00f3n Bol\u00edvar, en\u00a0Caracas, en dos conciertos de la mano de\u00a0C\u00fasica.\u00a0Son&#046;&#046;&#046;\" \/>\n<meta property=\"og:url\" content=\"https:\/\/noti-america.com\/site\/principal\/2026\/09\/01\/morat-canta-con-venezuela-dos-conciertos-en-caracas\/\" \/>\n<meta property=\"og:site_name\" content=\"Noti-America.com\" \/>\n<meta property=\"article:author\" content=\"Mar\u00eda Valentina Noguera\" \/>\n<meta property=\"article:published_time\" content=\"2026-09-01T19:43:55+00:00\" \/>\n<meta property=\"og:image\" content=\"https:\/\/noti-america.com\/site\/principal\/wp-content\/uploads\/sites\/26\/2026\/09\/Screenshot_1-9-2026_114237_walterkolm.com_.jpeg\" \/>\n\t<meta property=\"og:image:width\" content=\"478\" \/>\n\t<meta property=\"og:image:height\" content=\"630\" \/>\n\t<meta property=\"og:image:type\" content=\"image\/jpeg\" \/>\n<meta name=\"author\" content=\"Maria Valentina Noguera Medina\" \/>\n<meta name=\"twitter:card\" content=\"summary_large_image\" \/>\n<meta name=\"twitter:label1\" content=\"Escrito por\" \/>\n\t<meta name=\"twitter:data1\" content=\"Maria Valentina Noguera Medina\" \/>\n\t<meta name=\"twitter:label2\" content=\"Tiempo estimado de lectura\" \/>\n\t<meta name=\"twitter:data2\" content=\"2 minutos\" \/>\n<script type=\"application\/ld+json\" class=\"yoast-schema-graph\">{\"@context\":\"https:\/\/schema.org\",\"@graph\":[{\"@type\":\"Article\",\"@id\":\"https:\/\/noti-america.com\/site\/principal\/2026\/09\/01\/morat-canta-con-venezuela-dos-conciertos-en-caracas\/#article\",\"isPartOf\":{\"@id\":\"https:\/\/noti-america.com\/site\/principal\/2026\/09\/01\/morat-canta-con-venezuela-dos-conciertos-en-caracas\/\"},\"author\":{\"name\":\"Maria Valentina Noguera Medina\",\"@id\":\"https:\/\/noti-america.com\/site\/principal\/#\/schema\/person\/b0777fb8ad9a321dc446ddbbceae778f\"},\"headline\":\"Morat canta con Venezuela: Dos conciertos en Caracas\",\"datePublished\":\"2026-09-01T19:43:55+00:00\",\"mainEntityOfPage\":{\"@id\":\"https:\/\/noti-america.com\/site\/principal\/2026\/09\/01\/morat-canta-con-venezuela-dos-conciertos-en-caracas\/\"},\"wordCount\":476,\"image\":{\"@id\":\"https:\/\/noti-america.com\/site\/principal\/2026\/09\/01\/morat-canta-con-venezuela-dos-conciertos-en-caracas\/#primaryimage\"},\"thumbnailUrl\":\"https:\/\/noti-america.com\/site\/principal\/wp-content\/uploads\/sites\/26\/2026\/09\/Screenshot_1-9-2026_114237_walterkolm.com_.jpeg\",\"articleSection\":[\"Entretenimiento\"],\"inLanguage\":\"es\"},{\"@type\":\"WebPage\",\"@id\":\"https:\/\/noti-america.com\/site\/principal\/2026\/09\/01\/morat-canta-con-venezuela-dos-conciertos-en-caracas\/\",\"url\":\"https:\/\/noti-america.com\/site\/principal\/2026\/09\/01\/morat-canta-con-venezuela-dos-conciertos-en-caracas\/\",\"name\":\"Morat canta con Venezuela: Dos conciertos en Caracas - Noti-America.com\",\"isPartOf\":{\"@id\":\"https:\/\/noti-america.com\/site\/principal\/#website\"},\"primaryImageOfPage\":{\"@id\":\"https:\/\/noti-america.com\/site\/principal\/2026\/09\/01\/morat-canta-con-venezuela-dos-conciertos-en-caracas\/#primaryimage\"},\"image\":{\"@id\":\"https:\/\/noti-america.com\/site\/principal\/2026\/09\/01\/morat-canta-con-venezuela-dos-conciertos-en-caracas\/#primaryimage\"},\"thumbnailUrl\":\"https:\/\/noti-america.com\/site\/principal\/wp-content\/uploads\/sites\/26\/2026\/09\/Screenshot_1-9-2026_114237_walterkolm.com_.jpeg\",\"datePublished\":\"2026-09-01T19:43:55+00:00\",\"author\":{\"@id\":\"https:\/\/noti-america.com\/site\/principal\/#\/schema\/person\/b0777fb8ad9a321dc446ddbbceae778f\"},\"breadcrumb\":{\"@id\":\"https:\/\/noti-america.com\/site\/principal\/2026\/09\/01\/morat-canta-con-venezuela-dos-conciertos-en-caracas\/#breadcrumb\"},\"inLanguage\":\"es\",\"potentialAction\":[{\"@type\":\"ReadAction\",\"target\":[\"https:\/\/noti-america.com\/site\/principal\/2026\/09\/01\/morat-canta-con-venezuela-dos-conciertos-en-caracas\/\"]}]},{\"@type\":\"ImageObject\",\"inLanguage\":\"es\",\"@id\":\"https:\/\/noti-america.com\/site\/principal\/2026\/09\/01\/morat-canta-con-venezuela-dos-conciertos-en-caracas\/#primaryimage\",\"url\":\"https:\/\/noti-america.com\/site\/principal\/wp-content\/uploads\/sites\/26\/2026\/09\/Screenshot_1-9-2026_114237_walterkolm.com_.jpeg\",\"contentUrl\":\"https:\/\/noti-america.com\/site\/principal\/wp-content\/uploads\/sites\/26\/2026\/09\/Screenshot_1-9-2026_114237_walterkolm.com_.jpeg\",\"width\":478,\"height\":630},{\"@type\":\"BreadcrumbList\",\"@id\":\"https:\/\/noti-america.com\/site\/principal\/2026\/09\/01\/morat-canta-con-venezuela-dos-conciertos-en-caracas\/#breadcrumb\",\"itemListElement\":[{\"@type\":\"ListItem\",\"position\":1,\"name\":\"Portada\",\"item\":\"https:\/\/noti-america.com\/site\/principal\/\"},{\"@type\":\"ListItem\",\"position\":2,\"name\":\"Morat canta con Venezuela: Dos conciertos en Caracas\"}]},{\"@type\":\"WebSite\",\"@id\":\"https:\/\/noti-america.com\/site\/principal\/#website\",\"url\":\"https:\/\/noti-america.com\/site\/principal\/\",\"name\":\"Noti-America.com\",\"description\":\"El Noticiero Digital M\u00e1s Grande de Am\u00e9rica\",\"potentialAction\":[{\"@type\":\"SearchAction\",\"target\":{\"@type\":\"EntryPoint\",\"urlTemplate\":\"https:\/\/noti-america.com\/site\/principal\/?s={search_term_string}\"},\"query-input\":{\"@type\":\"PropertyValueSpecification\",\"valueRequired\":true,\"valueName\":\"search_term_string\"}}],\"inLanguage\":\"es\"},{\"@type\":\"Person\",\"@id\":\"https:\/\/noti-america.com\/site\/principal\/#\/schema\/person\/b0777fb8ad9a321dc446ddbbceae778f\",\"name\":\"Maria Valentina Noguera Medina\",\"image\":{\"@type\":\"ImageObject\",\"inLanguage\":\"es\",\"@id\":\"https:\/\/secure.gravatar.com\/avatar\/4ec5eb9d099f2608a49c9df6f7341f66f04f819cdffa09d56a7a0e91d2819d56?s=96&d=mm&r=g\",\"url\":\"https:\/\/secure.gravatar.com\/avatar\/4ec5eb9d099f2608a49c9df6f7341f66f04f819cdffa09d56a7a0e91d2819d56?s=96&d=mm&r=g\",\"contentUrl\":\"https:\/\/secure.gravatar.com\/avatar\/4ec5eb9d099f2608a49c9df6f7341f66f04f819cdffa09d56a7a0e91d2819d56?s=96&d=mm&r=g\",\"caption\":\"Maria Valentina Noguera Medina\"},\"description\":\"Periodista - noti-america - Promar Community Manager - Talento Plus Dise\u00f1adora\/ creadora de contenido...\",\"sameAs\":[\"Mar\u00eda Valentina Noguera\",\"https:\/\/www.facebook.com\/mariavalentina.noguera\",\"https:\/\/www.linkedin.com\/in\/mara-valentina-noguera-medina-373075165\/\",\"https:\/\/www.pinterest.es\/valentinanoguera95\/\",\"https:\/\/www.youtube.com\/channel\/UCdek6mbUZ-Tqqw0I63i4nmQ\"],\"url\":\"https:\/\/noti-america.com\/site\/principal\/author\/mnoguera\/\"}]}<\/script>\n<!-- \/ Yoast SEO Premium plugin. -->","yoast_head_json":{"title":"Morat canta con Venezuela: Dos conciertos en Caracas - Noti-America.com","robots":{"index":"index","follow":"follow","max-snippet":"max-snippet:-1","max-image-preview":"max-image-preview:large","max-video-preview":"max-video-preview:-1"},"canonical":"https:\/\/noti-america.com\/site\/principal\/2026\/09\/01\/morat-canta-con-venezuela-dos-conciertos-en-caracas\/","og_locale":"es_ES","og_type":"article","og_title":"Morat canta con Venezuela: Dos conciertos en Caracas","og_description":"NOTI-AMERICA.COM | VENEZUELA El regreso de\u00a0Morat\u00a0a Venezuela ya tiene fecha.\u00a0La banda bogotana, ganadora del\u00a0Latin GRAMMY, se presentar\u00e1 el s\u00e1bado\u00a012\u00a0y el domingo\u00a013\u00a0de diciembre en la\u00a0Universidad Sim\u00f3n Bol\u00edvar, en\u00a0Caracas, en dos conciertos de la mano de\u00a0C\u00fasica.\u00a0Son&#46;&#46;&#46;","og_url":"https:\/\/noti-america.com\/site\/principal\/2026\/09\/01\/morat-canta-con-venezuela-dos-conciertos-en-caracas\/","og_site_name":"Noti-America.com","article_author":"Mar\u00eda Valentina Noguera","article_published_time":"2026-09-01T19:43:55+00:00","og_image":[{"width":478,"height":630,"url":"https:\/\/noti-america.com\/site\/principal\/wp-content\/uploads\/sites\/26\/2026\/09\/Screenshot_1-9-2026_114237_walterkolm.com_.jpeg","type":"image\/jpeg"}],"author":"Maria Valentina Noguera Medina","twitter_card":"summary_large_image","twitter_misc":{"Escrito por":"Maria Valentina Noguera Medina","Tiempo estimado de lectura":"2 minutos"},"schema":{"@context":"https:\/\/schema.org","@graph":[{"@type":"Article","@id":"https:\/\/noti-america.com\/site\/principal\/2026\/09\/01\/morat-canta-con-venezuela-dos-conciertos-en-caracas\/#article","isPartOf":{"@id":"https:\/\/noti-america.com\/site\/principal\/2026\/09\/01\/morat-canta-con-venezuela-dos-conciertos-en-caracas\/"},"author":{"name":"Maria Valentina Noguera Medina","@id":"https:\/\/noti-america.com\/site\/principal\/#\/schema\/person\/b0777fb8ad9a321dc446ddbbceae778f"},"headline":"Morat canta con Venezuela: Dos conciertos en Caracas","datePublished":"2026-09-01T19:43:55+00:00","mainEntityOfPage":{"@id":"https:\/\/noti-america.com\/site\/principal\/2026\/09\/01\/morat-canta-con-venezuela-dos-conciertos-en-caracas\/"},"wordCount":476,"image":{"@id":"https:\/\/noti-america.com\/site\/principal\/2026\/09\/01\/morat-canta-con-venezuela-dos-conciertos-en-caracas\/#primaryimage"},"thumbnailUrl":"https:\/\/noti-america.com\/site\/principal\/wp-content\/uploads\/sites\/26\/2026\/09\/Screenshot_1-9-2026_114237_walterkolm.com_.jpeg","articleSection":["Entretenimiento"],"inLanguage":"es"},{"@type":"WebPage","@id":"https:\/\/noti-america.com\/site\/principal\/2026\/09\/01\/morat-canta-con-venezuela-dos-conciertos-en-caracas\/","url":"https:\/\/noti-america.com\/site\/principal\/2026\/09\/01\/morat-canta-con-venezuela-dos-conciertos-en-caracas\/","name":"Morat canta con Venezuela: Dos conciertos en Caracas - Noti-America.com","isPartOf":{"@id":"https:\/\/noti-america.com\/site\/principal\/#website"},"primaryImageOfPage":{"@id":"https:\/\/noti-america.com\/site\/principal\/2026\/09\/01\/morat-canta-con-venezuela-dos-conciertos-en-caracas\/#primaryimage"},"image":{"@id":"https:\/\/noti-america.com\/site\/principal\/2026\/09\/01\/morat-canta-con-venezuela-dos-conciertos-en-caracas\/#primaryimage"},"thumbnailUrl":"https:\/\/noti-america.com\/site\/principal\/wp-content\/uploads\/sites\/26\/2026\/09\/Screenshot_1-9-2026_114237_walterkolm.com_.jpeg","datePublished":"2026-09-01T19:43:55+00:00","author":{"@id":"https:\/\/noti-america.com\/site\/principal\/#\/schema\/person\/b0777fb8ad9a321dc446ddbbceae778f"},"breadcrumb":{"@id":"https:\/\/noti-america.com\/site\/principal\/2026\/09\/01\/morat-canta-con-venezuela-dos-conciertos-en-caracas\/#breadcrumb"},"inLanguage":"es","potentialAction":[{"@type":"ReadAction","target":["https:\/\/noti-america.com\/site\/principal\/2026\/09\/01\/morat-canta-con-venezuela-dos-conciertos-en-caracas\/"]}]},{"@type":"ImageObject","inLanguage":"es","@id":"https:\/\/noti-america.com\/site\/principal\/2026\/09\/01\/morat-canta-con-venezuela-dos-conciertos-en-caracas\/#primaryimage","url":"https:\/\/noti-america.com\/site\/principal\/wp-content\/uploads\/sites\/26\/2026\/09\/Screenshot_1-9-2026_114237_walterkolm.com_.jpeg","contentUrl":"https:\/\/noti-america.com\/site\/principal\/wp-content\/uploads\/sites\/26\/2026\/09\/Screenshot_1-9-2026_114237_walterkolm.com_.jpeg","width":478,"height":630},{"@type":"BreadcrumbList","@id":"https:\/\/noti-america.com\/site\/principal\/2026\/09\/01\/morat-canta-con-venezuela-dos-conciertos-en-caracas\/#breadcrumb","itemListElement":[{"@type":"ListItem","position":1,"name":"Portada","item":"https:\/\/noti-america.com\/site\/principal\/"},{"@type":"ListItem","position":2,"name":"Morat canta con Venezuela: Dos conciertos en Caracas"}]},{"@type":"WebSite","@id":"https:\/\/noti-america.com\/site\/principal\/#website","url":"https:\/\/noti-america.com\/site\/principal\/","name":"Noti-America.com","description":"El Noticiero Digital M\u00e1s Grande de Am\u00e9rica","potentialAction":[{"@type":"SearchAction","target":{"@type":"EntryPoint","urlTemplate":"https:\/\/noti-america.com\/site\/principal\/?s={search_term_string}"},"query-input":{"@type":"PropertyValueSpecification","valueRequired":true,"valueName":"search_term_string"}}],"inLanguage":"es"},{"@type":"Person","@id":"https:\/\/noti-america.com\/site\/principal\/#\/schema\/person\/b0777fb8ad9a321dc446ddbbceae778f","name":"Maria Valentina Noguera Medina","image":{"@type":"ImageObject","inLanguage":"es","@id":"https:\/\/secure.gravatar.com\/avatar\/4ec5eb9d099f2608a49c9df6f7341f66f04f819cdffa09d56a7a0e91d2819d56?s=96&d=mm&r=g","url":"https:\/\/secure.gravatar.com\/avatar\/4ec5eb9d099f2608a49c9df6f7341f66f04f819cdffa09d56a7a0e91d2819d56?s=96&d=mm&r=g","contentUrl":"https:\/\/secure.gravatar.com\/avatar\/4ec5eb9d099f2608a49c9df6f7341f66f04f819cdffa09d56a7a0e91d2819d56?s=96&d=mm&r=g","caption":"Maria Valentina Noguera Medina"},"description":"Periodista - noti-america - Promar Community Manager - Talento Plus Dise\u00f1adora\/ creadora de contenido...","sameAs":["Mar\u00eda Valentina Noguera","https:\/\/www.facebook.com\/mariavalentina.noguera","https:\/\/www.linkedin.com\/in\/mara-valentina-noguera-medina-373075165\/","https:\/\/www.pinterest.es\/valentinanoguera95\/","https:\/\/www.youtube.com\/channel\/UCdek6mbUZ-Tqqw0I63i4nmQ"],"url":"https:\/\/noti-america.com\/site\/principal\/author\/mnoguera\/"}]}},"_links":{"self":[{"href":"https:\/\/noti-america.com\/site\/principal\/wp-json\/wp\/v2\/posts\/94465","targetHints":{"allow":["GET"]}}],"collection":[{"href":"https:\/\/noti-america.com\/site\/principal\/wp-json\/wp\/v2\/posts"}],"about":[{"href":"https:\/\/noti-america.com\/site\/principal\/wp-json\/wp\/v2\/types\/post"}],"author":[{"embeddable":true,"href":"https:\/\/noti-america.com\/site\/principal\/wp-json\/wp\/v2\/users\/133"}],"replies":[{"embeddable":true,"href":"https:\/\/noti-america.com\/site\/principal\/wp-json\/wp\/v2\/comments?post=94465"}],"version-history":[{"count":1,"href":"https:\/\/noti-america.com\/site\/principal\/wp-json\/wp\/v2\/posts\/94465\/revisions"}],"predecessor-version":[{"id":94485,"href":"https:\/\/noti-america.com\/site\/principal\/wp-json\/wp\/v2\/posts\/94465\/revisions\/94485"}],"wp:featuredmedia":[{"embeddable":true,"href":"https:\/\/noti-america.com\/site\/principal\/wp-json\/wp\/v2\/media\/94466"}],"wp:attachment":[{"href":"https:\/\/noti-america.com\/site\/principal\/wp-json\/wp\/v2\/media?parent=94465"}],"wp:term":[{"taxonomy":"category","embeddable":true,"href":"https:\/\/noti-america.com\/site\/principal\/wp-json\/wp\/v2\/categories?post=94465"},{"taxonomy":"post_tag","embeddable":true,"href":"https:\/\/noti-america.com\/site\/principal\/wp-json\/wp\/v2\/tags?post=94465"}],"curies":[{"name":"wp","href":"https:\/\/api.w.org\/{rel}","templated":true}]}}