{"id":94361,"date":"2026-08-31T18:35:49","date_gmt":"2026-08-31T22:35:49","guid":{"rendered":"https:\/\/noti-america.com\/site\/principal\/?p=94361"},"modified":"2026-08-31T14:35:52","modified_gmt":"2026-08-31T18:35:52","slug":"roberto-vernet-sin-un-cambio-politico-no-habra-solucion-a-la-crisis-electrica-en-venezuela","status":"publish","type":"post","link":"https:\/\/noti-america.com\/site\/principal\/2026\/08\/31\/roberto-vernet-sin-un-cambio-politico-no-habra-solucion-a-la-crisis-electrica-en-venezuela\/","title":{"rendered":"Roberto Vernet: \u201cSin un cambio pol\u00edtico no habr\u00e1 soluci\u00f3n a la crisis el\u00e9ctrica en Venezuela"},"content":{"rendered":"<p><img loading=\"lazy\" decoding=\"async\" class=\"aligncenter size-full wp-image-94362\" src=\"https:\/\/noti-america.com\/site\/principal\/wp-content\/uploads\/sites\/26\/2026\/08\/Roberto-Vernet2.jpeg\" alt=\"\" width=\"947\" height=\"768\" srcset=\"https:\/\/noti-america.com\/site\/principal\/wp-content\/uploads\/sites\/26\/2026\/08\/Roberto-Vernet2.jpeg 947w, https:\/\/noti-america.com\/site\/principal\/wp-content\/uploads\/sites\/26\/2026\/08\/Roberto-Vernet2-300x243.jpeg 300w, https:\/\/noti-america.com\/site\/principal\/wp-content\/uploads\/sites\/26\/2026\/08\/Roberto-Vernet2-768x623.jpeg 768w\" sizes=\"auto, (max-width: 947px) 100vw, 947px\" \/><\/p>\n<p><span style=\"font-weight: 400;color: #000000\">El dirigente pol\u00edtico del Partido Gente en el Estado Carabobo Roberto Vernet afirm\u00f3 que el colapso del sistema el\u00e9ctrico venezolano responde a casi tres d\u00e9cadas de abandono institucional.<\/span><\/p>\n<p><span style=\"font-weight: 400;color: #000000\">\u201cNo se puede pretender reparar un pa\u00eds, arreglar las cosas, con los mismos gobernantes que la echaron a perder por 27 a\u00f1os\u201d, sostuvo el experto en materia energ\u00e9tica.<\/span><\/p>\n<p><span style=\"font-weight: 400;color: #000000\">El ingeniero desminti\u00f3 las versiones oficiales que atribuyen las fallas a factores clim\u00e1ticos, desestimando los se\u00f1alamientos de la presidenta interina Delcy Rodr\u00edguez sobre el impacto del fen\u00f3meno \u00abEl Ni\u00f1o\u00bb en la represa del Guri.<\/span><\/p>\n<p><span style=\"font-weight: 400;color: #000000\">\u201cEl Guri est\u00e1 en este momento con una cota de 269 metros sobre el nivel del mar, es decir, 27 metros por encima de la crisis registrada en 2016\u201d.\u00a0<\/span><\/p>\n<p><span style=\"font-weight: 400;color: #000000\">Como prueba ilustrativa coment\u00f3 que en caso de que no lloviera, tardar\u00eda seis meses en llegar a los niveles de aquel a\u00f1o; por lo que en su opini\u00f3n, el fen\u00f3meno meteorol\u00f3gico no tiene ninguna influencia\u201d.<\/span><\/p>\n<p><span style=\"font-weight: 400;color: #000000\">Para Vernet, el deterioro actual se debe a 27 a\u00f1os de desinversi\u00f3n, falta de mantenimiento y una falla sistem\u00e1tica que abarca la generaci\u00f3n, transmisi\u00f3n y distribuci\u00f3n nacional.\u00a0<\/span><\/p>\n<p><span style=\"font-weight: 400;color: #000000\">Como v\u00eda de soluci\u00f3n t\u00e9cnica, plante\u00f3 la necesidad urgente de reestructurar y reparar a fondo toda la red existente, con especial \u00e9nfasis en las subestaciones y l\u00edneas de distribuci\u00f3n.<\/span><\/p>\n<p><span style=\"font-weight: 400;color: #000000\">En el plano pol\u00edtico y electoral, el dirigente de Gente subray\u00f3 que la verdadera prioridad del pa\u00eds es concretar un cronograma electoral transparente, asegurando que sin un cambio pol\u00edtico definitivo ser\u00e1 imposible alcanzar el progreso.<\/span><\/p>\n<p><span style=\"font-weight: 400;color: #000000\">Al referirse al di\u00e1logo entre el gobierno y sectores de la oposici\u00f3n, cuestion\u00f3 la representatividad de las partes involucradas.\u00a0<\/span><\/p>\n<p><span style=\"font-weight: 400;color: #000000\">\u201cEs una negociaci\u00f3n entre una asamblea que ya cumpli\u00f3 su periodo y otra que no reconocemos. No nos sentimos representados, pero si a pesar de eso lograran resultados positivos para la naci\u00f3n, los aplaudiremos\u201d.<\/span><\/p>\n","protected":false},"excerpt":{"rendered":"<p>El dirigente pol\u00edtico denuncia desidia e inventivas sobre la crisis el\u00e9ctrica y exige un cronograma electoral para lograr un nuevo gobierno<\/p>\n","protected":false},"author":124,"featured_media":94362,"comment_status":"closed","ping_status":"open","sticky":false,"template":"","format":"standard","meta":{"_acf_changed":false,"rop_custom_images_group":[],"rop_custom_messages_group":[],"rop_publish_now":"no","rop_publish_now_accounts":[],"rop_publish_now_history":[],"rop_publish_now_status":"pending","footnotes":""},"categories":[886,3,100],"tags":[4076,5557,5558],"class_list":["post-94361","post","type-post","status-publish","format-standard","has-post-thumbnail","hentry","category-acturalidad","category-politica","category-venezuela","tag-crisis-electrica","tag-gobierno-interino","tag-roberto-vernet"],"acf":[],"yoast_head":"<!-- This site is optimized with the Yoast SEO Premium plugin v24.9 (Yoast SEO v27.2) - https:\/\/yoast.com\/product\/yoast-seo-premium-wordpress\/ -->\n<title>Roberto Vernet: \u201cSin un cambio pol\u00edtico no habr\u00e1 soluci\u00f3n a la crisis el\u00e9ctrica en Venezuela - Noti-America.com<\/title>\n<meta name=\"robots\" content=\"index, follow, max-snippet:-1, max-image-preview:large, max-video-preview:-1\" \/>\n<link rel=\"canonical\" href=\"https:\/\/noti-america.com\/site\/principal\/2026\/08\/31\/roberto-vernet-sin-un-cambio-politico-no-habra-solucion-a-la-crisis-electrica-en-venezuela\/\" \/>\n<meta property=\"og:locale\" content=\"es_ES\" \/>\n<meta property=\"og:type\" content=\"article\" \/>\n<meta property=\"og:title\" content=\"Roberto Vernet: \u201cSin un cambio pol\u00edtico no habr\u00e1 soluci\u00f3n a la crisis el\u00e9ctrica en Venezuela\" \/>\n<meta property=\"og:description\" content=\"El dirigente pol\u00edtico denuncia desidia e inventivas sobre la crisis el\u00e9ctrica y exige un cronograma electoral para lograr un nuevo gobierno\" \/>\n<meta property=\"og:url\" content=\"https:\/\/noti-america.com\/site\/principal\/2026\/08\/31\/roberto-vernet-sin-un-cambio-politico-no-habra-solucion-a-la-crisis-electrica-en-venezuela\/\" \/>\n<meta property=\"og:site_name\" content=\"Noti-America.com\" \/>\n<meta property=\"article:published_time\" content=\"2026-08-31T22:35:49+00:00\" \/>\n<meta property=\"og:image\" content=\"https:\/\/noti-america.com\/site\/principal\/wp-content\/uploads\/sites\/26\/2026\/08\/Roberto-Vernet2.jpeg\" \/>\n\t<meta property=\"og:image:width\" content=\"947\" \/>\n\t<meta property=\"og:image:height\" content=\"768\" \/>\n\t<meta property=\"og:image:type\" content=\"image\/jpeg\" \/>\n<meta name=\"author\" content=\"Dick Torres\" \/>\n<meta name=\"twitter:card\" content=\"summary_large_image\" \/>\n<meta name=\"twitter:creator\" content=\"@dickeliastorres\" \/>\n<meta name=\"twitter:label1\" content=\"Escrito por\" \/>\n\t<meta name=\"twitter:data1\" content=\"Dick Torres\" \/>\n\t<meta name=\"twitter:label2\" content=\"Tiempo estimado de lectura\" \/>\n\t<meta name=\"twitter:data2\" content=\"2 minutos\" \/>\n<script type=\"application\/ld+json\" class=\"yoast-schema-graph\">{\"@context\":\"https:\/\/schema.org\",\"@graph\":[{\"@type\":\"Article\",\"@id\":\"https:\/\/noti-america.com\/site\/principal\/2026\/08\/31\/roberto-vernet-sin-un-cambio-politico-no-habra-solucion-a-la-crisis-electrica-en-venezuela\/#article\",\"isPartOf\":{\"@id\":\"https:\/\/noti-america.com\/site\/principal\/2026\/08\/31\/roberto-vernet-sin-un-cambio-politico-no-habra-solucion-a-la-crisis-electrica-en-venezuela\/\"},\"author\":{\"name\":\"Dick Torres\",\"@id\":\"https:\/\/noti-america.com\/site\/principal\/#\/schema\/person\/033d19155745ccd0e2e0779a6c28494f\"},\"headline\":\"Roberto Vernet: \u201cSin un cambio pol\u00edtico no habr\u00e1 soluci\u00f3n a la crisis el\u00e9ctrica en Venezuela\",\"datePublished\":\"2026-08-31T22:35:49+00:00\",\"mainEntityOfPage\":{\"@id\":\"https:\/\/noti-america.com\/site\/principal\/2026\/08\/31\/roberto-vernet-sin-un-cambio-politico-no-habra-solucion-a-la-crisis-electrica-en-venezuela\/\"},\"wordCount\":345,\"image\":{\"@id\":\"https:\/\/noti-america.com\/site\/principal\/2026\/08\/31\/roberto-vernet-sin-un-cambio-politico-no-habra-solucion-a-la-crisis-electrica-en-venezuela\/#primaryimage\"},\"thumbnailUrl\":\"https:\/\/noti-america.com\/site\/principal\/wp-content\/uploads\/sites\/26\/2026\/08\/Roberto-Vernet2.jpeg\",\"keywords\":[\"crisis el\u00e9ctrica\",\"Gobierno interino\",\"Roberto Vernet\"],\"articleSection\":[\"Actualidad\",\"Pol\u00edtica\",\"Venezuela\"],\"inLanguage\":\"es\"},{\"@type\":\"WebPage\",\"@id\":\"https:\/\/noti-america.com\/site\/principal\/2026\/08\/31\/roberto-vernet-sin-un-cambio-politico-no-habra-solucion-a-la-crisis-electrica-en-venezuela\/\",\"url\":\"https:\/\/noti-america.com\/site\/principal\/2026\/08\/31\/roberto-vernet-sin-un-cambio-politico-no-habra-solucion-a-la-crisis-electrica-en-venezuela\/\",\"name\":\"Roberto Vernet: \u201cSin un cambio pol\u00edtico no habr\u00e1 soluci\u00f3n a la crisis el\u00e9ctrica en Venezuela - Noti-America.com\",\"isPartOf\":{\"@id\":\"https:\/\/noti-america.com\/site\/principal\/#website\"},\"primaryImageOfPage\":{\"@id\":\"https:\/\/noti-america.com\/site\/principal\/2026\/08\/31\/roberto-vernet-sin-un-cambio-politico-no-habra-solucion-a-la-crisis-electrica-en-venezuela\/#primaryimage\"},\"image\":{\"@id\":\"https:\/\/noti-america.com\/site\/principal\/2026\/08\/31\/roberto-vernet-sin-un-cambio-politico-no-habra-solucion-a-la-crisis-electrica-en-venezuela\/#primaryimage\"},\"thumbnailUrl\":\"https:\/\/noti-america.com\/site\/principal\/wp-content\/uploads\/sites\/26\/2026\/08\/Roberto-Vernet2.jpeg\",\"datePublished\":\"2026-08-31T22:35:49+00:00\",\"author\":{\"@id\":\"https:\/\/noti-america.com\/site\/principal\/#\/schema\/person\/033d19155745ccd0e2e0779a6c28494f\"},\"breadcrumb\":{\"@id\":\"https:\/\/noti-america.com\/site\/principal\/2026\/08\/31\/roberto-vernet-sin-un-cambio-politico-no-habra-solucion-a-la-crisis-electrica-en-venezuela\/#breadcrumb\"},\"inLanguage\":\"es\",\"potentialAction\":[{\"@type\":\"ReadAction\",\"target\":[\"https:\/\/noti-america.com\/site\/principal\/2026\/08\/31\/roberto-vernet-sin-un-cambio-politico-no-habra-solucion-a-la-crisis-electrica-en-venezuela\/\"]}]},{\"@type\":\"ImageObject\",\"inLanguage\":\"es\",\"@id\":\"https:\/\/noti-america.com\/site\/principal\/2026\/08\/31\/roberto-vernet-sin-un-cambio-politico-no-habra-solucion-a-la-crisis-electrica-en-venezuela\/#primaryimage\",\"url\":\"https:\/\/noti-america.com\/site\/principal\/wp-content\/uploads\/sites\/26\/2026\/08\/Roberto-Vernet2.jpeg\",\"contentUrl\":\"https:\/\/noti-america.com\/site\/principal\/wp-content\/uploads\/sites\/26\/2026\/08\/Roberto-Vernet2.jpeg\",\"width\":947,\"height\":768},{\"@type\":\"BreadcrumbList\",\"@id\":\"https:\/\/noti-america.com\/site\/principal\/2026\/08\/31\/roberto-vernet-sin-un-cambio-politico-no-habra-solucion-a-la-crisis-electrica-en-venezuela\/#breadcrumb\",\"itemListElement\":[{\"@type\":\"ListItem\",\"position\":1,\"name\":\"Portada\",\"item\":\"https:\/\/noti-america.com\/site\/principal\/\"},{\"@type\":\"ListItem\",\"position\":2,\"name\":\"Roberto Vernet: \u201cSin un cambio pol\u00edtico no habr\u00e1 soluci\u00f3n a la crisis el\u00e9ctrica en Venezuela\"}]},{\"@type\":\"WebSite\",\"@id\":\"https:\/\/noti-america.com\/site\/principal\/#website\",\"url\":\"https:\/\/noti-america.com\/site\/principal\/\",\"name\":\"Noti-America.com\",\"description\":\"El Noticiero Digital M\u00e1s Grande de Am\u00e9rica\",\"potentialAction\":[{\"@type\":\"SearchAction\",\"target\":{\"@type\":\"EntryPoint\",\"urlTemplate\":\"https:\/\/noti-america.com\/site\/principal\/?s={search_term_string}\"},\"query-input\":{\"@type\":\"PropertyValueSpecification\",\"valueRequired\":true,\"valueName\":\"search_term_string\"}}],\"inLanguage\":\"es\"},{\"@type\":\"Person\",\"@id\":\"https:\/\/noti-america.com\/site\/principal\/#\/schema\/person\/033d19155745ccd0e2e0779a6c28494f\",\"name\":\"Dick Torres\",\"image\":{\"@type\":\"ImageObject\",\"inLanguage\":\"es\",\"@id\":\"https:\/\/secure.gravatar.com\/avatar\/22e2833e6c12bf848665976635702488aba7ca5765137638ba39eb1b11664a55?s=96&d=mm&r=g\",\"url\":\"https:\/\/secure.gravatar.com\/avatar\/22e2833e6c12bf848665976635702488aba7ca5765137638ba39eb1b11664a55?s=96&d=mm&r=g\",\"contentUrl\":\"https:\/\/secure.gravatar.com\/avatar\/22e2833e6c12bf848665976635702488aba7ca5765137638ba39eb1b11664a55?s=96&d=mm&r=g\",\"caption\":\"Dick Torres\"},\"description\":\"Periodista\",\"sameAs\":[\"https:\/\/x.com\/dickeliastorres\"],\"url\":\"https:\/\/noti-america.com\/site\/principal\/author\/dtorres\/\"}]}<\/script>\n<!-- \/ Yoast SEO Premium plugin. -->","yoast_head_json":{"title":"Roberto Vernet: \u201cSin un cambio pol\u00edtico no habr\u00e1 soluci\u00f3n a la crisis el\u00e9ctrica en Venezuela - Noti-America.com","robots":{"index":"index","follow":"follow","max-snippet":"max-snippet:-1","max-image-preview":"max-image-preview:large","max-video-preview":"max-video-preview:-1"},"canonical":"https:\/\/noti-america.com\/site\/principal\/2026\/08\/31\/roberto-vernet-sin-un-cambio-politico-no-habra-solucion-a-la-crisis-electrica-en-venezuela\/","og_locale":"es_ES","og_type":"article","og_title":"Roberto Vernet: \u201cSin un cambio pol\u00edtico no habr\u00e1 soluci\u00f3n a la crisis el\u00e9ctrica en Venezuela","og_description":"El dirigente pol\u00edtico denuncia desidia e inventivas sobre la crisis el\u00e9ctrica y exige un cronograma electoral para lograr un nuevo gobierno","og_url":"https:\/\/noti-america.com\/site\/principal\/2026\/08\/31\/roberto-vernet-sin-un-cambio-politico-no-habra-solucion-a-la-crisis-electrica-en-venezuela\/","og_site_name":"Noti-America.com","article_published_time":"2026-08-31T22:35:49+00:00","og_image":[{"width":947,"height":768,"url":"https:\/\/noti-america.com\/site\/principal\/wp-content\/uploads\/sites\/26\/2026\/08\/Roberto-Vernet2.jpeg","type":"image\/jpeg"}],"author":"Dick Torres","twitter_card":"summary_large_image","twitter_creator":"@dickeliastorres","twitter_misc":{"Escrito por":"Dick Torres","Tiempo estimado de lectura":"2 minutos"},"schema":{"@context":"https:\/\/schema.org","@graph":[{"@type":"Article","@id":"https:\/\/noti-america.com\/site\/principal\/2026\/08\/31\/roberto-vernet-sin-un-cambio-politico-no-habra-solucion-a-la-crisis-electrica-en-venezuela\/#article","isPartOf":{"@id":"https:\/\/noti-america.com\/site\/principal\/2026\/08\/31\/roberto-vernet-sin-un-cambio-politico-no-habra-solucion-a-la-crisis-electrica-en-venezuela\/"},"author":{"name":"Dick Torres","@id":"https:\/\/noti-america.com\/site\/principal\/#\/schema\/person\/033d19155745ccd0e2e0779a6c28494f"},"headline":"Roberto Vernet: \u201cSin un cambio pol\u00edtico no habr\u00e1 soluci\u00f3n a la crisis el\u00e9ctrica en Venezuela","datePublished":"2026-08-31T22:35:49+00:00","mainEntityOfPage":{"@id":"https:\/\/noti-america.com\/site\/principal\/2026\/08\/31\/roberto-vernet-sin-un-cambio-politico-no-habra-solucion-a-la-crisis-electrica-en-venezuela\/"},"wordCount":345,"image":{"@id":"https:\/\/noti-america.com\/site\/principal\/2026\/08\/31\/roberto-vernet-sin-un-cambio-politico-no-habra-solucion-a-la-crisis-electrica-en-venezuela\/#primaryimage"},"thumbnailUrl":"https:\/\/noti-america.com\/site\/principal\/wp-content\/uploads\/sites\/26\/2026\/08\/Roberto-Vernet2.jpeg","keywords":["crisis el\u00e9ctrica","Gobierno interino","Roberto Vernet"],"articleSection":["Actualidad","Pol\u00edtica","Venezuela"],"inLanguage":"es"},{"@type":"WebPage","@id":"https:\/\/noti-america.com\/site\/principal\/2026\/08\/31\/roberto-vernet-sin-un-cambio-politico-no-habra-solucion-a-la-crisis-electrica-en-venezuela\/","url":"https:\/\/noti-america.com\/site\/principal\/2026\/08\/31\/roberto-vernet-sin-un-cambio-politico-no-habra-solucion-a-la-crisis-electrica-en-venezuela\/","name":"Roberto Vernet: \u201cSin un cambio pol\u00edtico no habr\u00e1 soluci\u00f3n a la crisis el\u00e9ctrica en Venezuela - Noti-America.com","isPartOf":{"@id":"https:\/\/noti-america.com\/site\/principal\/#website"},"primaryImageOfPage":{"@id":"https:\/\/noti-america.com\/site\/principal\/2026\/08\/31\/roberto-vernet-sin-un-cambio-politico-no-habra-solucion-a-la-crisis-electrica-en-venezuela\/#primaryimage"},"image":{"@id":"https:\/\/noti-america.com\/site\/principal\/2026\/08\/31\/roberto-vernet-sin-un-cambio-politico-no-habra-solucion-a-la-crisis-electrica-en-venezuela\/#primaryimage"},"thumbnailUrl":"https:\/\/noti-america.com\/site\/principal\/wp-content\/uploads\/sites\/26\/2026\/08\/Roberto-Vernet2.jpeg","datePublished":"2026-08-31T22:35:49+00:00","author":{"@id":"https:\/\/noti-america.com\/site\/principal\/#\/schema\/person\/033d19155745ccd0e2e0779a6c28494f"},"breadcrumb":{"@id":"https:\/\/noti-america.com\/site\/principal\/2026\/08\/31\/roberto-vernet-sin-un-cambio-politico-no-habra-solucion-a-la-crisis-electrica-en-venezuela\/#breadcrumb"},"inLanguage":"es","potentialAction":[{"@type":"ReadAction","target":["https:\/\/noti-america.com\/site\/principal\/2026\/08\/31\/roberto-vernet-sin-un-cambio-politico-no-habra-solucion-a-la-crisis-electrica-en-venezuela\/"]}]},{"@type":"ImageObject","inLanguage":"es","@id":"https:\/\/noti-america.com\/site\/principal\/2026\/08\/31\/roberto-vernet-sin-un-cambio-politico-no-habra-solucion-a-la-crisis-electrica-en-venezuela\/#primaryimage","url":"https:\/\/noti-america.com\/site\/principal\/wp-content\/uploads\/sites\/26\/2026\/08\/Roberto-Vernet2.jpeg","contentUrl":"https:\/\/noti-america.com\/site\/principal\/wp-content\/uploads\/sites\/26\/2026\/08\/Roberto-Vernet2.jpeg","width":947,"height":768},{"@type":"BreadcrumbList","@id":"https:\/\/noti-america.com\/site\/principal\/2026\/08\/31\/roberto-vernet-sin-un-cambio-politico-no-habra-solucion-a-la-crisis-electrica-en-venezuela\/#breadcrumb","itemListElement":[{"@type":"ListItem","position":1,"name":"Portada","item":"https:\/\/noti-america.com\/site\/principal\/"},{"@type":"ListItem","position":2,"name":"Roberto Vernet: \u201cSin un cambio pol\u00edtico no habr\u00e1 soluci\u00f3n a la crisis el\u00e9ctrica en Venezuela"}]},{"@type":"WebSite","@id":"https:\/\/noti-america.com\/site\/principal\/#website","url":"https:\/\/noti-america.com\/site\/principal\/","name":"Noti-America.com","description":"El Noticiero Digital M\u00e1s Grande de Am\u00e9rica","potentialAction":[{"@type":"SearchAction","target":{"@type":"EntryPoint","urlTemplate":"https:\/\/noti-america.com\/site\/principal\/?s={search_term_string}"},"query-input":{"@type":"PropertyValueSpecification","valueRequired":true,"valueName":"search_term_string"}}],"inLanguage":"es"},{"@type":"Person","@id":"https:\/\/noti-america.com\/site\/principal\/#\/schema\/person\/033d19155745ccd0e2e0779a6c28494f","name":"Dick Torres","image":{"@type":"ImageObject","inLanguage":"es","@id":"https:\/\/secure.gravatar.com\/avatar\/22e2833e6c12bf848665976635702488aba7ca5765137638ba39eb1b11664a55?s=96&d=mm&r=g","url":"https:\/\/secure.gravatar.com\/avatar\/22e2833e6c12bf848665976635702488aba7ca5765137638ba39eb1b11664a55?s=96&d=mm&r=g","contentUrl":"https:\/\/secure.gravatar.com\/avatar\/22e2833e6c12bf848665976635702488aba7ca5765137638ba39eb1b11664a55?s=96&d=mm&r=g","caption":"Dick Torres"},"description":"Periodista","sameAs":["https:\/\/x.com\/dickeliastorres"],"url":"https:\/\/noti-america.com\/site\/principal\/author\/dtorres\/"}]}},"_links":{"self":[{"href":"https:\/\/noti-america.com\/site\/principal\/wp-json\/wp\/v2\/posts\/94361","targetHints":{"allow":["GET"]}}],"collection":[{"href":"https:\/\/noti-america.com\/site\/principal\/wp-json\/wp\/v2\/posts"}],"about":[{"href":"https:\/\/noti-america.com\/site\/principal\/wp-json\/wp\/v2\/types\/post"}],"author":[{"embeddable":true,"href":"https:\/\/noti-america.com\/site\/principal\/wp-json\/wp\/v2\/users\/124"}],"replies":[{"embeddable":true,"href":"https:\/\/noti-america.com\/site\/principal\/wp-json\/wp\/v2\/comments?post=94361"}],"version-history":[{"count":1,"href":"https:\/\/noti-america.com\/site\/principal\/wp-json\/wp\/v2\/posts\/94361\/revisions"}],"predecessor-version":[{"id":94363,"href":"https:\/\/noti-america.com\/site\/principal\/wp-json\/wp\/v2\/posts\/94361\/revisions\/94363"}],"wp:featuredmedia":[{"embeddable":true,"href":"https:\/\/noti-america.com\/site\/principal\/wp-json\/wp\/v2\/media\/94362"}],"wp:attachment":[{"href":"https:\/\/noti-america.com\/site\/principal\/wp-json\/wp\/v2\/media?parent=94361"}],"wp:term":[{"taxonomy":"category","embeddable":true,"href":"https:\/\/noti-america.com\/site\/principal\/wp-json\/wp\/v2\/categories?post=94361"},{"taxonomy":"post_tag","embeddable":true,"href":"https:\/\/noti-america.com\/site\/principal\/wp-json\/wp\/v2\/tags?post=94361"}],"curies":[{"name":"wp","href":"https:\/\/api.w.org\/{rel}","templated":true}]}}