{"id":94338,"date":"2026-08-30T12:54:19","date_gmt":"2026-08-30T16:54:19","guid":{"rendered":"https:\/\/noti-america.com\/site\/principal\/?p=94338"},"modified":"2026-08-30T12:54:19","modified_gmt":"2026-08-30T16:54:19","slug":"otono-2026-las-unas-se-vuelven-mas-profundas-sofisticadas-y-personales-por-cecilia-alvarez","status":"publish","type":"post","link":"https:\/\/noti-america.com\/site\/principal\/2026\/08\/30\/otono-2026-las-unas-se-vuelven-mas-profundas-sofisticadas-y-personales-por-cecilia-alvarez\/","title":{"rendered":"Oto\u00f1o 2026: las u\u00f1as se vuelven m\u00e1s profundas, sofisticadas y personales  Por Cecilia Alvarez"},"content":{"rendered":"<p><strong>NOTI-AMERICA.COM | FLORIDA<\/strong><\/p>\n<p style=\"text-align: center;\"><strong>Oto\u00f1o 2026: las u\u00f1as se vuelven m\u00e1s profundas, sofisticadas y personales<\/strong><\/p>\n<p style=\"text-align: center;\"><strong>Por Cecilia Alvarez<\/strong><\/p>\n<p>Chocolate, borgo\u00f1a, oliva, efectos met\u00e1licos y dise\u00f1os inspirados en texturas naturales marcan el cambio de temporada. Este oto\u00f1o, la tendencia no pasa solamente por elegir un color: la clave est\u00e1 en c\u00f3mo lo llevamos.<\/p>\n<p><img loading=\"lazy\" decoding=\"async\" class=\"alignnone size-medium wp-image-94339 aligncenter\" src=\"https:\/\/noti-america.com\/site\/principal\/wp-content\/uploads\/sites\/26\/2026\/08\/FLORIDA-OTONO-2026-300x197.png\" alt=\"\" width=\"300\" height=\"197\" srcset=\"https:\/\/noti-america.com\/site\/principal\/wp-content\/uploads\/sites\/26\/2026\/08\/FLORIDA-OTONO-2026-300x197.png 300w, https:\/\/noti-america.com\/site\/principal\/wp-content\/uploads\/sites\/26\/2026\/08\/FLORIDA-OTONO-2026-1024x672.png 1024w, https:\/\/noti-america.com\/site\/principal\/wp-content\/uploads\/sites\/26\/2026\/08\/FLORIDA-OTONO-2026-768x504.png 768w, https:\/\/noti-america.com\/site\/principal\/wp-content\/uploads\/sites\/26\/2026\/08\/FLORIDA-OTONO-2026.png 1206w\" sizes=\"auto, (max-width: 300px) 100vw, 300px\" \/><\/p>\n<h6 style=\"text-align: center;\"><em>Metal l\u00edquido: el plateado y los acabados cromados vuelven a ocupar un lugar fuerte en la conversaci\u00f3n de oto\u00f1o 2026.<\/em><\/h6>\n<p>En Miami hay algo curioso cuando hablamos de oto\u00f1o: el calendario cambia de estaci\u00f3n el 22 de septiembre, aunque afuera todav\u00eda podamos estar perfectamente en sandalias. Sin embargo, en la belleza la transici\u00f3n empieza a sentirse antes de que baje la temperatura. Cambian los colores que elegimos, las texturas, la ropa y tambi\u00e9n aquello que pedimos cuando nos sentamos frente a la mesa de manicura.<\/p>\n<p><img loading=\"lazy\" decoding=\"async\" class=\"alignnone size-medium wp-image-94340 aligncenter\" src=\"https:\/\/noti-america.com\/site\/principal\/wp-content\/uploads\/sites\/26\/2026\/08\/FLORIDA-OTONO-20261-300x271.png\" alt=\"\" width=\"300\" height=\"271\" srcset=\"https:\/\/noti-america.com\/site\/principal\/wp-content\/uploads\/sites\/26\/2026\/08\/FLORIDA-OTONO-20261-300x271.png 300w, https:\/\/noti-america.com\/site\/principal\/wp-content\/uploads\/sites\/26\/2026\/08\/FLORIDA-OTONO-20261-1024x926.png 1024w, https:\/\/noti-america.com\/site\/principal\/wp-content\/uploads\/sites\/26\/2026\/08\/FLORIDA-OTONO-20261-768x695.png 768w, https:\/\/noti-america.com\/site\/principal\/wp-content\/uploads\/sites\/26\/2026\/08\/FLORIDA-OTONO-20261.png 1206w\" sizes=\"auto, (max-width: 300px) 100vw, 300px\" \/><\/p>\n<h6 style=\"text-align: center;\"><em>Coconut latte y neutros cremosos: una transici\u00f3n luminosa para quienes no quieren abandonar los tonos claros.<\/em><\/h6>\n<p>Y este oto\u00f1o 2026 llega con algo que me resulta especialmente interesante: no propone una \u00fanica manicura para copiar. Las tendencias conviven entre s\u00ed. Hay marrones c\u00e1lidos, borgo\u00f1as profundos, verdes oliva, azules joya, plateados met\u00e1licos y acabados magn\u00e9ticos. Medios especializados como Allure y Vogue coinciden en una temporada que combina tonos ricos con una est\u00e9tica m\u00e1s cuidada y personal.<\/p>\n<p><img loading=\"lazy\" decoding=\"async\" class=\"alignnone size-medium wp-image-94341 aligncenter\" src=\"https:\/\/noti-america.com\/site\/principal\/wp-content\/uploads\/sites\/26\/2026\/08\/FLORIDA-OTONO-20262-246x300.png\" alt=\"\" width=\"246\" height=\"300\" srcset=\"https:\/\/noti-america.com\/site\/principal\/wp-content\/uploads\/sites\/26\/2026\/08\/FLORIDA-OTONO-20262-246x300.png 246w, https:\/\/noti-america.com\/site\/principal\/wp-content\/uploads\/sites\/26\/2026\/08\/FLORIDA-OTONO-20262-838x1024.png 838w, https:\/\/noti-america.com\/site\/principal\/wp-content\/uploads\/sites\/26\/2026\/08\/FLORIDA-OTONO-20262-768x938.png 768w, https:\/\/noti-america.com\/site\/principal\/wp-content\/uploads\/sites\/26\/2026\/08\/FLORIDA-OTONO-20262.png 1206w\" sizes=\"auto, (max-width: 246px) 100vw, 246px\" \/><\/p>\n<h6 style=\"text-align: center;\"><em>Chocolate y marrones c\u00e1lidos: profundidad sin necesidad de llegar al negro.<\/em><\/h6>\n<p>El chocolate es uno de esos colores que explican muy bien el esp\u00edritu de la temporada. Puede ir desde un marr\u00f3n cacao c\u00e1lido hasta un espresso mucho m\u00e1s intenso. Con brillo alto se siente pulido y elegante; en una forma almendrada, adem\u00e1s, estiliza visualmente la mano. No hace falta agregar dise\u00f1o para que tenga presencia.<\/p>\n<p><img loading=\"lazy\" decoding=\"async\" class=\"alignnone size-medium wp-image-94342 aligncenter\" src=\"https:\/\/noti-america.com\/site\/principal\/wp-content\/uploads\/sites\/26\/2026\/08\/FLORIDA-OTONO-20263-224x300.png\" alt=\"\" width=\"224\" height=\"300\" srcset=\"https:\/\/noti-america.com\/site\/principal\/wp-content\/uploads\/sites\/26\/2026\/08\/FLORIDA-OTONO-20263-224x300.png 224w, https:\/\/noti-america.com\/site\/principal\/wp-content\/uploads\/sites\/26\/2026\/08\/FLORIDA-OTONO-20263-764x1024.png 764w, https:\/\/noti-america.com\/site\/principal\/wp-content\/uploads\/sites\/26\/2026\/08\/FLORIDA-OTONO-20263-768x1029.png 768w, https:\/\/noti-america.com\/site\/principal\/wp-content\/uploads\/sites\/26\/2026\/08\/FLORIDA-OTONO-20263-1146x1536.png 1146w, https:\/\/noti-america.com\/site\/principal\/wp-content\/uploads\/sites\/26\/2026\/08\/FLORIDA-OTONO-20263.png 1206w\" sizes=\"auto, (max-width: 224px) 100vw, 224px\" \/><\/p>\n<h6 style=\"text-align: center;\"><em>Borgo\u00f1a y merlot: un cl\u00e1sico de oto\u00f1o que vuelve con profundidad y brillo.<\/em><\/h6>\n<p>El borgo\u00f1a y los tonos merlot vuelven a demostrar por qu\u00e9 nunca terminan de irse. Son intensos sin resultar estridentes y funcionan tanto en u\u00f1as cortas como en largos m\u00e1s marcados. La moda oto\u00f1o-invierno 2026 tambi\u00e9n est\u00e1 recuperando el borgo\u00f1a como uno de sus colores fuertes, y esa conversaci\u00f3n naturalmente llega a las manos.<\/p>\n<p><img loading=\"lazy\" decoding=\"async\" class=\"alignnone size-medium wp-image-94343 aligncenter\" src=\"https:\/\/noti-america.com\/site\/principal\/wp-content\/uploads\/sites\/26\/2026\/08\/FLORIDA-OTONO-20264-252x300.png\" alt=\"\" width=\"252\" height=\"300\" srcset=\"https:\/\/noti-america.com\/site\/principal\/wp-content\/uploads\/sites\/26\/2026\/08\/FLORIDA-OTONO-20264-252x300.png 252w, https:\/\/noti-america.com\/site\/principal\/wp-content\/uploads\/sites\/26\/2026\/08\/FLORIDA-OTONO-20264-860x1024.png 860w, https:\/\/noti-america.com\/site\/principal\/wp-content\/uploads\/sites\/26\/2026\/08\/FLORIDA-OTONO-20264-768x914.png 768w, https:\/\/noti-america.com\/site\/principal\/wp-content\/uploads\/sites\/26\/2026\/08\/FLORIDA-OTONO-20264.png 1206w\" sizes=\"auto, (max-width: 252px) 100vw, 252px\" \/><\/p>\n<h6 style=\"text-align: center;\"><em>Verde oliva: una alternativa terrosa y sofisticada a los cl\u00e1sicos marrones y rojos.<\/em><\/h6>\n<p>El verde oliva suma otra posibilidad. Es terroso, elegante y tiene esa cualidad de sentirse diferente sin ser dif\u00edcil de llevar. Este oto\u00f1o aparece junto con otros verdes musgo y tonos inspirados en la naturaleza. Para quien suele elegir nude, rojo o negro y quiere cambiar sin irse a un color demasiado llamativo, puede ser una excelente puerta de entrada.<\/p>\n<p><img loading=\"lazy\" decoding=\"async\" class=\"alignnone size-medium wp-image-94344 aligncenter\" src=\"https:\/\/noti-america.com\/site\/principal\/wp-content\/uploads\/sites\/26\/2026\/08\/FLORIDA-OTONO-20265-251x300.png\" alt=\"\" width=\"251\" height=\"300\" srcset=\"https:\/\/noti-america.com\/site\/principal\/wp-content\/uploads\/sites\/26\/2026\/08\/FLORIDA-OTONO-20265-251x300.png 251w, https:\/\/noti-america.com\/site\/principal\/wp-content\/uploads\/sites\/26\/2026\/08\/FLORIDA-OTONO-20265-857x1024.png 857w, https:\/\/noti-america.com\/site\/principal\/wp-content\/uploads\/sites\/26\/2026\/08\/FLORIDA-OTONO-20265-768x918.png 768w, https:\/\/noti-america.com\/site\/principal\/wp-content\/uploads\/sites\/26\/2026\/08\/FLORIDA-OTONO-20265.png 1206w\" sizes=\"auto, (max-width: 251px) 100vw, 251px\" \/><\/p>\n<h6 style=\"text-align: center;\"><em>Carey en clave francesa: una forma m\u00e1s sutil de incorporar el estampado sin recargar la manicura.<\/em><\/h6>\n<p>Tambi\u00e9n hay lugar para el dise\u00f1o. El carey -con sus mezclas de \u00e1mbar, miel y marr\u00f3n- aparece entre las propuestas destacadas para oto\u00f1o-invierno 2026\/27. Personalmente, me parece mucho m\u00e1s interesante cuando no invade toda la manicura. Utilizado solamente en una francesa o en algunos detalles, conserva el impacto visual pero se vuelve m\u00e1s elegante y f\u00e1cil de combinar.<\/p>\n<p><img loading=\"lazy\" decoding=\"async\" class=\"alignnone size-medium wp-image-94345 aligncenter\" src=\"https:\/\/noti-america.com\/site\/principal\/wp-content\/uploads\/sites\/26\/2026\/08\/FLORIDA-OTONO-20266-242x300.png\" alt=\"\" width=\"242\" height=\"300\" srcset=\"https:\/\/noti-america.com\/site\/principal\/wp-content\/uploads\/sites\/26\/2026\/08\/FLORIDA-OTONO-20266-242x300.png 242w, https:\/\/noti-america.com\/site\/principal\/wp-content\/uploads\/sites\/26\/2026\/08\/FLORIDA-OTONO-20266-827x1024.png 827w, https:\/\/noti-america.com\/site\/principal\/wp-content\/uploads\/sites\/26\/2026\/08\/FLORIDA-OTONO-20266-768x951.png 768w, https:\/\/noti-america.com\/site\/principal\/wp-content\/uploads\/sites\/26\/2026\/08\/FLORIDA-OTONO-20266.png 1206w\" sizes=\"auto, (max-width: 242px) 100vw, 242px\" \/><\/p>\n<h6 style=\"text-align: center;\"><em>Cat-eye en tonos c\u00e1lidos: el pigmento magn\u00e9tico aporta luz, movimiento y profundidad.<\/em><\/h6>\n<p>Y si hablamos de acabados, el cat-eye sigue teniendo much\u00edsimo para decir. El efecto magn\u00e9tico crea profundidad y movimiento, especialmente en marrones, cobres y tonos oscuros. Vogue tambi\u00e9n se\u00f1ala para 2026 la continuidad de los efectos velvet chrome y magn\u00e9ticos: la diferencia est\u00e1 en llevarlos de una manera m\u00e1s refinada, dejando que la luz sea parte del dise\u00f1o.<\/p>\n<p><img loading=\"lazy\" decoding=\"async\" class=\"alignnone size-medium wp-image-94346 aligncenter\" src=\"https:\/\/noti-america.com\/site\/principal\/wp-content\/uploads\/sites\/26\/2026\/08\/FLORIDA-OTONO-20267-300x296.png\" alt=\"\" width=\"300\" height=\"296\" srcset=\"https:\/\/noti-america.com\/site\/principal\/wp-content\/uploads\/sites\/26\/2026\/08\/FLORIDA-OTONO-20267-300x296.png 300w, https:\/\/noti-america.com\/site\/principal\/wp-content\/uploads\/sites\/26\/2026\/08\/FLORIDA-OTONO-20267-1024x1010.png 1024w, https:\/\/noti-america.com\/site\/principal\/wp-content\/uploads\/sites\/26\/2026\/08\/FLORIDA-OTONO-20267-768x758.png 768w, https:\/\/noti-america.com\/site\/principal\/wp-content\/uploads\/sites\/26\/2026\/08\/FLORIDA-OTONO-20267-80x80.png 80w, https:\/\/noti-america.com\/site\/principal\/wp-content\/uploads\/sites\/26\/2026\/08\/FLORIDA-OTONO-20267.png 1206w\" sizes=\"auto, (max-width: 300px) 100vw, 300px\" \/><\/p>\n<h6 style=\"text-align: center;\"><em>Azules profundos y tonos joya: una opci\u00f3n intensa para salir del borgo\u00f1a y el chocolate.<\/em><\/h6>\n<p><strong>\u00bfQu\u00e9 cambia realmente este oto\u00f1o?<\/strong><\/p>\n<p>Despu\u00e9s de tantos a\u00f1os trabajando con u\u00f1as, hay algo que sigo considerando fundamental: no todo lo que est\u00e1 de moda tiene que llevarse de la misma manera. Una tendencia deber\u00eda servir como inspiraci\u00f3n, no como uniforme. El mismo chocolate puede verse completamente distinto sobre una u\u00f1a corta y natural que sobre una almendra larga. Un borgo\u00f1a brillante puede resultar cl\u00e1sico; con un efecto magn\u00e9tico adquiere otra personalidad. Incluso el carey puede pasar de protagonista a detalle seg\u00fan c\u00f3mo se trabaje.<\/p>\n<p>Por eso, antes de elegir la pr\u00f3xima manicura mirando solamente una fotograf\u00eda en redes sociales, hay una pregunta mucho m\u00e1s interesante: \u00bfc\u00f3mo puedo llevar esta tendencia a mi estilo? Para m\u00ed, ah\u00ed est\u00e1 la verdadera conversaci\u00f3n del oto\u00f1o 2026. No se trata de copiar una mano que vimos en una pantalla, sino de interpretar colores, formas y acabados para que tengan sentido en la persona que los lleva.<\/p>\n<p>Y quiz\u00e1s esa sea una de las mejores noticias de la temporada: hay tendencias, s\u00ed, pero tambi\u00e9n hay libertad. Y para quienes trabajamos hace a\u00f1os en esta industria, esa libertad siempre resulta mucho m\u00e1s interesante que cualquier color del momento.<\/p>\n<table>\n<tbody>\n<tr>\n<td width=\"281\"><img loading=\"lazy\" decoding=\"async\" class=\"alignnone size-full wp-image-94347\" src=\"https:\/\/noti-america.com\/site\/principal\/wp-content\/uploads\/sites\/26\/2026\/08\/FLORIDA-CECILIA5-1.jpg\" alt=\"\" width=\"261\" height=\"281\" \/><\/td>\n<td width=\"285\"><strong>Cecilia Alvarez<\/strong><\/p>\n<p>Luxury Nail Artist, educadora y empresaria de la industria de la belleza, con casi dos d\u00e9cadas de experiencia.<\/p>\n<p>Web: www.ceciliaralvarez.com<\/td>\n<\/tr>\n<\/tbody>\n<\/table>\n<p>&nbsp;<\/p>\n","protected":false},"excerpt":{"rendered":"<p>NOTI-AMERICA.COM | FLORIDA Oto\u00f1o 2026: las u\u00f1as se vuelven m\u00e1s profundas, sofisticadas y personales Por Cecilia Alvarez Chocolate, borgo\u00f1a, oliva, efectos met\u00e1licos y dise\u00f1os inspirados en texturas naturales marcan el cambio de temporada. Este&#46;&#46;&#46;<\/p>\n","protected":false},"author":2,"featured_media":94339,"comment_status":"closed","ping_status":"open","sticky":false,"template":"","format":"image","meta":{"_acf_changed":false,"rop_custom_images_group":[],"rop_custom_messages_group":[],"rop_publish_now":"initial","rop_publish_now_accounts":{"facebook_10219548024599422_1632221337088128":"","twitter_242054905_242054905":""},"rop_publish_now_history":[],"rop_publish_now_status":"pending","footnotes":""},"categories":[4705],"tags":[],"class_list":["post-94338","post","type-post","status-publish","format-image","has-post-thumbnail","hentry","category-belleza-2","post_format-post-format-image"],"acf":[],"yoast_head":"<!-- This site is optimized with the Yoast SEO Premium plugin v24.9 (Yoast SEO v27.2) - https:\/\/yoast.com\/product\/yoast-seo-premium-wordpress\/ -->\n<title>Oto\u00f1o 2026: las u\u00f1as se vuelven m\u00e1s profundas, sofisticadas y personales Por Cecilia Alvarez - Noti-America.com<\/title>\n<meta name=\"robots\" content=\"index, follow, max-snippet:-1, max-image-preview:large, max-video-preview:-1\" \/>\n<link rel=\"canonical\" href=\"https:\/\/noti-america.com\/site\/principal\/2026\/08\/30\/otono-2026-las-unas-se-vuelven-mas-profundas-sofisticadas-y-personales-por-cecilia-alvarez\/\" \/>\n<meta property=\"og:locale\" content=\"es_ES\" \/>\n<meta property=\"og:type\" content=\"article\" \/>\n<meta property=\"og:title\" content=\"Oto\u00f1o 2026: las u\u00f1as se vuelven m\u00e1s profundas, sofisticadas y personales Por Cecilia Alvarez\" \/>\n<meta property=\"og:description\" content=\"NOTI-AMERICA.COM | FLORIDA Oto\u00f1o 2026: las u\u00f1as se vuelven m\u00e1s profundas, sofisticadas y personales Por Cecilia Alvarez Chocolate, borgo\u00f1a, oliva, efectos met\u00e1licos y dise\u00f1os inspirados en texturas naturales marcan el cambio de temporada. Este&#046;&#046;&#046;\" \/>\n<meta property=\"og:url\" content=\"https:\/\/noti-america.com\/site\/principal\/2026\/08\/30\/otono-2026-las-unas-se-vuelven-mas-profundas-sofisticadas-y-personales-por-cecilia-alvarez\/\" \/>\n<meta property=\"og:site_name\" content=\"Noti-America.com\" \/>\n<meta property=\"article:published_time\" content=\"2026-08-30T16:54:19+00:00\" \/>\n<meta property=\"og:image\" content=\"https:\/\/noti-america.com\/site\/principal\/wp-content\/uploads\/sites\/26\/2026\/08\/FLORIDA-OTONO-2026.png\" \/>\n\t<meta property=\"og:image:width\" content=\"1206\" \/>\n\t<meta property=\"og:image:height\" content=\"791\" \/>\n\t<meta property=\"og:image:type\" content=\"image\/png\" \/>\n<meta name=\"author\" content=\"rloaiza\" \/>\n<meta name=\"twitter:card\" content=\"summary_large_image\" \/>\n<meta name=\"twitter:label1\" content=\"Escrito por\" \/>\n\t<meta name=\"twitter:data1\" content=\"rloaiza\" \/>\n\t<meta name=\"twitter:label2\" content=\"Tiempo estimado de lectura\" \/>\n\t<meta name=\"twitter:data2\" content=\"6 minutos\" \/>\n<script type=\"application\/ld+json\" class=\"yoast-schema-graph\">{\"@context\":\"https:\/\/schema.org\",\"@graph\":[{\"@type\":\"Article\",\"@id\":\"https:\/\/noti-america.com\/site\/principal\/2026\/08\/30\/otono-2026-las-unas-se-vuelven-mas-profundas-sofisticadas-y-personales-por-cecilia-alvarez\/#article\",\"isPartOf\":{\"@id\":\"https:\/\/noti-america.com\/site\/principal\/2026\/08\/30\/otono-2026-las-unas-se-vuelven-mas-profundas-sofisticadas-y-personales-por-cecilia-alvarez\/\"},\"author\":{\"name\":\"rloaiza\",\"@id\":\"https:\/\/noti-america.com\/site\/principal\/#\/schema\/person\/0d9119887edcdfd8ab4c6f5407f8b068\"},\"headline\":\"Oto\u00f1o 2026: las u\u00f1as se vuelven m\u00e1s profundas, sofisticadas y personales Por Cecilia Alvarez\",\"datePublished\":\"2026-08-30T16:54:19+00:00\",\"mainEntityOfPage\":{\"@id\":\"https:\/\/noti-america.com\/site\/principal\/2026\/08\/30\/otono-2026-las-unas-se-vuelven-mas-profundas-sofisticadas-y-personales-por-cecilia-alvarez\/\"},\"wordCount\":888,\"image\":{\"@id\":\"https:\/\/noti-america.com\/site\/principal\/2026\/08\/30\/otono-2026-las-unas-se-vuelven-mas-profundas-sofisticadas-y-personales-por-cecilia-alvarez\/#primaryimage\"},\"thumbnailUrl\":\"https:\/\/noti-america.com\/site\/principal\/wp-content\/uploads\/sites\/26\/2026\/08\/FLORIDA-OTONO-2026.png\",\"articleSection\":[\"Belleza\"],\"inLanguage\":\"es\"},{\"@type\":\"WebPage\",\"@id\":\"https:\/\/noti-america.com\/site\/principal\/2026\/08\/30\/otono-2026-las-unas-se-vuelven-mas-profundas-sofisticadas-y-personales-por-cecilia-alvarez\/\",\"url\":\"https:\/\/noti-america.com\/site\/principal\/2026\/08\/30\/otono-2026-las-unas-se-vuelven-mas-profundas-sofisticadas-y-personales-por-cecilia-alvarez\/\",\"name\":\"Oto\u00f1o 2026: las u\u00f1as se vuelven m\u00e1s profundas, sofisticadas y personales Por Cecilia Alvarez - Noti-America.com\",\"isPartOf\":{\"@id\":\"https:\/\/noti-america.com\/site\/principal\/#website\"},\"primaryImageOfPage\":{\"@id\":\"https:\/\/noti-america.com\/site\/principal\/2026\/08\/30\/otono-2026-las-unas-se-vuelven-mas-profundas-sofisticadas-y-personales-por-cecilia-alvarez\/#primaryimage\"},\"image\":{\"@id\":\"https:\/\/noti-america.com\/site\/principal\/2026\/08\/30\/otono-2026-las-unas-se-vuelven-mas-profundas-sofisticadas-y-personales-por-cecilia-alvarez\/#primaryimage\"},\"thumbnailUrl\":\"https:\/\/noti-america.com\/site\/principal\/wp-content\/uploads\/sites\/26\/2026\/08\/FLORIDA-OTONO-2026.png\",\"datePublished\":\"2026-08-30T16:54:19+00:00\",\"author\":{\"@id\":\"https:\/\/noti-america.com\/site\/principal\/#\/schema\/person\/0d9119887edcdfd8ab4c6f5407f8b068\"},\"breadcrumb\":{\"@id\":\"https:\/\/noti-america.com\/site\/principal\/2026\/08\/30\/otono-2026-las-unas-se-vuelven-mas-profundas-sofisticadas-y-personales-por-cecilia-alvarez\/#breadcrumb\"},\"inLanguage\":\"es\",\"potentialAction\":[{\"@type\":\"ReadAction\",\"target\":[\"https:\/\/noti-america.com\/site\/principal\/2026\/08\/30\/otono-2026-las-unas-se-vuelven-mas-profundas-sofisticadas-y-personales-por-cecilia-alvarez\/\"]}]},{\"@type\":\"ImageObject\",\"inLanguage\":\"es\",\"@id\":\"https:\/\/noti-america.com\/site\/principal\/2026\/08\/30\/otono-2026-las-unas-se-vuelven-mas-profundas-sofisticadas-y-personales-por-cecilia-alvarez\/#primaryimage\",\"url\":\"https:\/\/noti-america.com\/site\/principal\/wp-content\/uploads\/sites\/26\/2026\/08\/FLORIDA-OTONO-2026.png\",\"contentUrl\":\"https:\/\/noti-america.com\/site\/principal\/wp-content\/uploads\/sites\/26\/2026\/08\/FLORIDA-OTONO-2026.png\",\"width\":1206,\"height\":791},{\"@type\":\"BreadcrumbList\",\"@id\":\"https:\/\/noti-america.com\/site\/principal\/2026\/08\/30\/otono-2026-las-unas-se-vuelven-mas-profundas-sofisticadas-y-personales-por-cecilia-alvarez\/#breadcrumb\",\"itemListElement\":[{\"@type\":\"ListItem\",\"position\":1,\"name\":\"Portada\",\"item\":\"https:\/\/noti-america.com\/site\/principal\/\"},{\"@type\":\"ListItem\",\"position\":2,\"name\":\"Oto\u00f1o 2026: las u\u00f1as se vuelven m\u00e1s profundas, sofisticadas y personales Por Cecilia Alvarez\"}]},{\"@type\":\"WebSite\",\"@id\":\"https:\/\/noti-america.com\/site\/principal\/#website\",\"url\":\"https:\/\/noti-america.com\/site\/principal\/\",\"name\":\"Noti-America.com\",\"description\":\"El Noticiero Digital M\u00e1s Grande de Am\u00e9rica\",\"potentialAction\":[{\"@type\":\"SearchAction\",\"target\":{\"@type\":\"EntryPoint\",\"urlTemplate\":\"https:\/\/noti-america.com\/site\/principal\/?s={search_term_string}\"},\"query-input\":{\"@type\":\"PropertyValueSpecification\",\"valueRequired\":true,\"valueName\":\"search_term_string\"}}],\"inLanguage\":\"es\"},{\"@type\":\"Person\",\"@id\":\"https:\/\/noti-america.com\/site\/principal\/#\/schema\/person\/0d9119887edcdfd8ab4c6f5407f8b068\",\"name\":\"rloaiza\",\"image\":{\"@type\":\"ImageObject\",\"inLanguage\":\"es\",\"@id\":\"https:\/\/secure.gravatar.com\/avatar\/190058e5d4427934610b99c45aa7a6558806850adedd53ddeddd194b04773e22?s=96&d=mm&r=g\",\"url\":\"https:\/\/secure.gravatar.com\/avatar\/190058e5d4427934610b99c45aa7a6558806850adedd53ddeddd194b04773e22?s=96&d=mm&r=g\",\"contentUrl\":\"https:\/\/secure.gravatar.com\/avatar\/190058e5d4427934610b99c45aa7a6558806850adedd53ddeddd194b04773e22?s=96&d=mm&r=g\",\"caption\":\"rloaiza\"},\"url\":\"https:\/\/noti-america.com\/site\/principal\/author\/rloaiza\/\"}]}<\/script>\n<!-- \/ Yoast SEO Premium plugin. -->","yoast_head_json":{"title":"Oto\u00f1o 2026: las u\u00f1as se vuelven m\u00e1s profundas, sofisticadas y personales Por Cecilia Alvarez - Noti-America.com","robots":{"index":"index","follow":"follow","max-snippet":"max-snippet:-1","max-image-preview":"max-image-preview:large","max-video-preview":"max-video-preview:-1"},"canonical":"https:\/\/noti-america.com\/site\/principal\/2026\/08\/30\/otono-2026-las-unas-se-vuelven-mas-profundas-sofisticadas-y-personales-por-cecilia-alvarez\/","og_locale":"es_ES","og_type":"article","og_title":"Oto\u00f1o 2026: las u\u00f1as se vuelven m\u00e1s profundas, sofisticadas y personales Por Cecilia Alvarez","og_description":"NOTI-AMERICA.COM | FLORIDA Oto\u00f1o 2026: las u\u00f1as se vuelven m\u00e1s profundas, sofisticadas y personales Por Cecilia Alvarez Chocolate, borgo\u00f1a, oliva, efectos met\u00e1licos y dise\u00f1os inspirados en texturas naturales marcan el cambio de temporada. Este&#46;&#46;&#46;","og_url":"https:\/\/noti-america.com\/site\/principal\/2026\/08\/30\/otono-2026-las-unas-se-vuelven-mas-profundas-sofisticadas-y-personales-por-cecilia-alvarez\/","og_site_name":"Noti-America.com","article_published_time":"2026-08-30T16:54:19+00:00","og_image":[{"width":1206,"height":791,"url":"https:\/\/noti-america.com\/site\/principal\/wp-content\/uploads\/sites\/26\/2026\/08\/FLORIDA-OTONO-2026.png","type":"image\/png"}],"author":"rloaiza","twitter_card":"summary_large_image","twitter_misc":{"Escrito por":"rloaiza","Tiempo estimado de lectura":"6 minutos"},"schema":{"@context":"https:\/\/schema.org","@graph":[{"@type":"Article","@id":"https:\/\/noti-america.com\/site\/principal\/2026\/08\/30\/otono-2026-las-unas-se-vuelven-mas-profundas-sofisticadas-y-personales-por-cecilia-alvarez\/#article","isPartOf":{"@id":"https:\/\/noti-america.com\/site\/principal\/2026\/08\/30\/otono-2026-las-unas-se-vuelven-mas-profundas-sofisticadas-y-personales-por-cecilia-alvarez\/"},"author":{"name":"rloaiza","@id":"https:\/\/noti-america.com\/site\/principal\/#\/schema\/person\/0d9119887edcdfd8ab4c6f5407f8b068"},"headline":"Oto\u00f1o 2026: las u\u00f1as se vuelven m\u00e1s profundas, sofisticadas y personales Por Cecilia Alvarez","datePublished":"2026-08-30T16:54:19+00:00","mainEntityOfPage":{"@id":"https:\/\/noti-america.com\/site\/principal\/2026\/08\/30\/otono-2026-las-unas-se-vuelven-mas-profundas-sofisticadas-y-personales-por-cecilia-alvarez\/"},"wordCount":888,"image":{"@id":"https:\/\/noti-america.com\/site\/principal\/2026\/08\/30\/otono-2026-las-unas-se-vuelven-mas-profundas-sofisticadas-y-personales-por-cecilia-alvarez\/#primaryimage"},"thumbnailUrl":"https:\/\/noti-america.com\/site\/principal\/wp-content\/uploads\/sites\/26\/2026\/08\/FLORIDA-OTONO-2026.png","articleSection":["Belleza"],"inLanguage":"es"},{"@type":"WebPage","@id":"https:\/\/noti-america.com\/site\/principal\/2026\/08\/30\/otono-2026-las-unas-se-vuelven-mas-profundas-sofisticadas-y-personales-por-cecilia-alvarez\/","url":"https:\/\/noti-america.com\/site\/principal\/2026\/08\/30\/otono-2026-las-unas-se-vuelven-mas-profundas-sofisticadas-y-personales-por-cecilia-alvarez\/","name":"Oto\u00f1o 2026: las u\u00f1as se vuelven m\u00e1s profundas, sofisticadas y personales Por Cecilia Alvarez - Noti-America.com","isPartOf":{"@id":"https:\/\/noti-america.com\/site\/principal\/#website"},"primaryImageOfPage":{"@id":"https:\/\/noti-america.com\/site\/principal\/2026\/08\/30\/otono-2026-las-unas-se-vuelven-mas-profundas-sofisticadas-y-personales-por-cecilia-alvarez\/#primaryimage"},"image":{"@id":"https:\/\/noti-america.com\/site\/principal\/2026\/08\/30\/otono-2026-las-unas-se-vuelven-mas-profundas-sofisticadas-y-personales-por-cecilia-alvarez\/#primaryimage"},"thumbnailUrl":"https:\/\/noti-america.com\/site\/principal\/wp-content\/uploads\/sites\/26\/2026\/08\/FLORIDA-OTONO-2026.png","datePublished":"2026-08-30T16:54:19+00:00","author":{"@id":"https:\/\/noti-america.com\/site\/principal\/#\/schema\/person\/0d9119887edcdfd8ab4c6f5407f8b068"},"breadcrumb":{"@id":"https:\/\/noti-america.com\/site\/principal\/2026\/08\/30\/otono-2026-las-unas-se-vuelven-mas-profundas-sofisticadas-y-personales-por-cecilia-alvarez\/#breadcrumb"},"inLanguage":"es","potentialAction":[{"@type":"ReadAction","target":["https:\/\/noti-america.com\/site\/principal\/2026\/08\/30\/otono-2026-las-unas-se-vuelven-mas-profundas-sofisticadas-y-personales-por-cecilia-alvarez\/"]}]},{"@type":"ImageObject","inLanguage":"es","@id":"https:\/\/noti-america.com\/site\/principal\/2026\/08\/30\/otono-2026-las-unas-se-vuelven-mas-profundas-sofisticadas-y-personales-por-cecilia-alvarez\/#primaryimage","url":"https:\/\/noti-america.com\/site\/principal\/wp-content\/uploads\/sites\/26\/2026\/08\/FLORIDA-OTONO-2026.png","contentUrl":"https:\/\/noti-america.com\/site\/principal\/wp-content\/uploads\/sites\/26\/2026\/08\/FLORIDA-OTONO-2026.png","width":1206,"height":791},{"@type":"BreadcrumbList","@id":"https:\/\/noti-america.com\/site\/principal\/2026\/08\/30\/otono-2026-las-unas-se-vuelven-mas-profundas-sofisticadas-y-personales-por-cecilia-alvarez\/#breadcrumb","itemListElement":[{"@type":"ListItem","position":1,"name":"Portada","item":"https:\/\/noti-america.com\/site\/principal\/"},{"@type":"ListItem","position":2,"name":"Oto\u00f1o 2026: las u\u00f1as se vuelven m\u00e1s profundas, sofisticadas y personales Por Cecilia Alvarez"}]},{"@type":"WebSite","@id":"https:\/\/noti-america.com\/site\/principal\/#website","url":"https:\/\/noti-america.com\/site\/principal\/","name":"Noti-America.com","description":"El Noticiero Digital M\u00e1s Grande de Am\u00e9rica","potentialAction":[{"@type":"SearchAction","target":{"@type":"EntryPoint","urlTemplate":"https:\/\/noti-america.com\/site\/principal\/?s={search_term_string}"},"query-input":{"@type":"PropertyValueSpecification","valueRequired":true,"valueName":"search_term_string"}}],"inLanguage":"es"},{"@type":"Person","@id":"https:\/\/noti-america.com\/site\/principal\/#\/schema\/person\/0d9119887edcdfd8ab4c6f5407f8b068","name":"rloaiza","image":{"@type":"ImageObject","inLanguage":"es","@id":"https:\/\/secure.gravatar.com\/avatar\/190058e5d4427934610b99c45aa7a6558806850adedd53ddeddd194b04773e22?s=96&d=mm&r=g","url":"https:\/\/secure.gravatar.com\/avatar\/190058e5d4427934610b99c45aa7a6558806850adedd53ddeddd194b04773e22?s=96&d=mm&r=g","contentUrl":"https:\/\/secure.gravatar.com\/avatar\/190058e5d4427934610b99c45aa7a6558806850adedd53ddeddd194b04773e22?s=96&d=mm&r=g","caption":"rloaiza"},"url":"https:\/\/noti-america.com\/site\/principal\/author\/rloaiza\/"}]}},"_links":{"self":[{"href":"https:\/\/noti-america.com\/site\/principal\/wp-json\/wp\/v2\/posts\/94338","targetHints":{"allow":["GET"]}}],"collection":[{"href":"https:\/\/noti-america.com\/site\/principal\/wp-json\/wp\/v2\/posts"}],"about":[{"href":"https:\/\/noti-america.com\/site\/principal\/wp-json\/wp\/v2\/types\/post"}],"author":[{"embeddable":true,"href":"https:\/\/noti-america.com\/site\/principal\/wp-json\/wp\/v2\/users\/2"}],"replies":[{"embeddable":true,"href":"https:\/\/noti-america.com\/site\/principal\/wp-json\/wp\/v2\/comments?post=94338"}],"version-history":[{"count":1,"href":"https:\/\/noti-america.com\/site\/principal\/wp-json\/wp\/v2\/posts\/94338\/revisions"}],"predecessor-version":[{"id":94348,"href":"https:\/\/noti-america.com\/site\/principal\/wp-json\/wp\/v2\/posts\/94338\/revisions\/94348"}],"wp:featuredmedia":[{"embeddable":true,"href":"https:\/\/noti-america.com\/site\/principal\/wp-json\/wp\/v2\/media\/94339"}],"wp:attachment":[{"href":"https:\/\/noti-america.com\/site\/principal\/wp-json\/wp\/v2\/media?parent=94338"}],"wp:term":[{"taxonomy":"category","embeddable":true,"href":"https:\/\/noti-america.com\/site\/principal\/wp-json\/wp\/v2\/categories?post=94338"},{"taxonomy":"post_tag","embeddable":true,"href":"https:\/\/noti-america.com\/site\/principal\/wp-json\/wp\/v2\/tags?post=94338"}],"curies":[{"name":"wp","href":"https:\/\/api.w.org\/{rel}","templated":true}]}}