{"id":94299,"date":"2026-08-28T12:51:19","date_gmt":"2026-08-28T16:51:19","guid":{"rendered":"https:\/\/noti-america.com\/site\/principal\/?p=94299"},"modified":"2026-08-28T12:51:19","modified_gmt":"2026-08-28T16:51:19","slug":"harry-styles-abre-tienda-pop-up-durante-su-residencia-en-el-madison","status":"publish","type":"post","link":"https:\/\/noti-america.com\/site\/principal\/2026\/08\/28\/harry-styles-abre-tienda-pop-up-durante-su-residencia-en-el-madison\/","title":{"rendered":"Harry Styles abre tienda pop-up durante su residencia en el Madison"},"content":{"rendered":"<p>NOTI-AMERICA.COM | ARGENTINA<\/p>\n<p style=\"text-align: justify\">Harry Styles\u00a0ya tiene una nueva parada obligada para sus seguidores en Nueva York. Este\u00a0mi\u00e9rcoles 26 de agosto, el mismo d\u00eda en que comenz\u00f3 su\u00a0residencia de 30 conciertos en el Madison Square Garden, el cantante inaugur\u00f3 una tienda temporal en el\u00a0East Village\u00a0que tendr\u00e1 una ventaja poco habitual para este tipo de espacios: no cerrar\u00e1 despu\u00e9s de unos cuantos d\u00edas.<\/p>\n<p style=\"text-align: justify\">La direcci\u00f3n es 22 East 2nd Street, en una zona ubicada entre el East Village y NoHo, seg\u00fan la p\u00e1gina oficial de la tienda temporal de Styles.\u00a0El local funcionar\u00e1 hasta el 1 de noviembre, de mi\u00e9rcoles a domingo, entre las 12:00 p.m. y las 7:00 p.m. Los lunes y martes permanecer\u00e1 cerrado.<\/p>\n<p style=\"text-align: justify\">Eso significa que quienes est\u00e9n en Nueva York tendr\u00e1n m\u00e1s de dos meses para acercarse, en lugar de tener que enfrentarse a una carrera contrarreloj para visitar el establecimiento.<\/p>\n<h2 id=\"\" class=\"wp-block-contenthub-heading\" style=\"text-align: justify\">Una tienda pensada para la era \u201cTogether, Together\u201d<\/h2>\n<p style=\"text-align: justify\">El espacio est\u00e1 vinculado con la residencia\u00a0\u201cTogether, Together\u201d\u00a0y ofrecer\u00e1 productos relacionados, tanto con el \u00e1lbum\u00a0\u201cKiss All The Time. Disco, Occasionally\u201d, como con la nueva etapa musical del int\u00e9rprete.<\/p>\n<p style=\"text-align: justify\">Entre los art\u00edculos anunciados aparecen camisetas, sudaderas con capucha, gorras y bolsos de tela de edici\u00f3n limitada. Tambi\u00e9n habr\u00e1 otras prendas y actividades especiales cuyos detalles todav\u00eda no fueron revelados.<\/p>\n<p style=\"text-align: justify\">Los productos son exclusivos de la tienda temporal y estar\u00e1n disponibles s\u00f3lo hasta agotar existencias.\u00a0Por eso, que el establecimiento permanezca abierto hasta noviembre no significa que todos los art\u00edculos puedan encontrarse durante toda la temporada.<\/p>\n<p style=\"text-align: justify\">La experiencia tambi\u00e9n marca una diferencia frente al pop-up KATTDO que Styles abri\u00f3 en Williamsburg en marzo, con motivo del lanzamiento de \u201cKiss All The Time. Disco, Occasionally\u201d. Aquella tienda funcion\u00f3 durante una semana y su inauguraci\u00f3n a medianoche provoc\u00f3 largas filas alrededor de la manzana.<\/p>\n<h2 id=\"\" class=\"wp-block-contenthub-heading\" style=\"text-align: justify\">Lo que ofrece American Express<\/h2>\n<p style=\"text-align: justify\">La iniciativa es una colaboraci\u00f3n entre Styles y American Express, compa\u00f1\u00eda que ya hab\u00eda participado en preventas de sus giras, tiendas temporales vinculadas con trabajos anteriores y presentaciones exclusivas de\u00a0\u201cOne Night Only\u201d.<\/p>\n<p style=\"text-align: justify\">Los titulares de tarjetas Amex que cumplan con los requisitos podr\u00e1n acceder una hora antes de la apertura general y llevar a un invitado.\u00a0Tambi\u00e9n tendr\u00e1n una caja exclusiva para evitar la fila general, podr\u00e1n adquirir dos art\u00edculos de merchandising de edici\u00f3n limitada reservados para ellos y recibir\u00e1n un regalo de cortes\u00eda al realizar una compra con una tarjeta Amex v\u00e1lida.<\/p>\n<p style=\"text-align: justify\">Estos beneficios ser\u00e1n por orden de llegada y estar\u00e1n disponibles hasta agotar existencias. Adem\u00e1s, se aplicar\u00e1n los l\u00edmites habituales de capacidad, por lo que llegar al mediod\u00eda no garantiza encontrar los art\u00edculos especiales.<\/p>\n<div class=\"banner desktop_body banner--h280\" style=\"text-align: justify\" data-slot=\"desktop_body_repeat\"><\/div>\n<figure class=\"wp-block-embed is-type-rich is-provider-instagram wp-block-embed-instagram\">\n<div class=\"wp-block-embed__wrapper\"><\/div>\n<\/figure>\n","protected":false},"excerpt":{"rendered":"<p>NOTI-AMERICA.COM | ARGENTINA Harry Styles\u00a0ya tiene una nueva parada obligada para sus seguidores en Nueva York. Este\u00a0mi\u00e9rcoles 26 de agosto, el mismo d\u00eda en que comenz\u00f3 su\u00a0residencia de 30 conciertos en el Madison Square&#46;&#46;&#46;<\/p>\n","protected":false},"author":133,"featured_media":94300,"comment_status":"","ping_status":"open","sticky":false,"template":"","format":"image","meta":{"_acf_changed":false,"rop_custom_images_group":[],"rop_custom_messages_group":[],"rop_publish_now":"no","rop_publish_now_accounts":[],"rop_publish_now_history":[],"rop_publish_now_status":"pending","footnotes":""},"categories":[853],"tags":[],"class_list":["post-94299","post","type-post","status-publish","format-image","has-post-thumbnail","hentry","category-entretenimiento","post_format-post-format-image"],"acf":[],"yoast_head":"<!-- This site is optimized with the Yoast SEO Premium plugin v24.9 (Yoast SEO v27.2) - https:\/\/yoast.com\/product\/yoast-seo-premium-wordpress\/ -->\n<title>Harry Styles abre tienda pop-up durante su residencia en el Madison - Noti-America.com<\/title>\n<meta name=\"robots\" content=\"index, follow, max-snippet:-1, max-image-preview:large, max-video-preview:-1\" \/>\n<link rel=\"canonical\" href=\"https:\/\/noti-america.com\/site\/principal\/2026\/08\/28\/harry-styles-abre-tienda-pop-up-durante-su-residencia-en-el-madison\/\" \/>\n<meta property=\"og:locale\" content=\"es_ES\" \/>\n<meta property=\"og:type\" content=\"article\" \/>\n<meta property=\"og:title\" content=\"Harry Styles abre tienda pop-up durante su residencia en el Madison\" \/>\n<meta property=\"og:description\" content=\"NOTI-AMERICA.COM | ARGENTINA Harry Styles\u00a0ya tiene una nueva parada obligada para sus seguidores en Nueva York. Este\u00a0mi\u00e9rcoles 26 de agosto, el mismo d\u00eda en que comenz\u00f3 su\u00a0residencia de 30 conciertos en el Madison Square&#046;&#046;&#046;\" \/>\n<meta property=\"og:url\" content=\"https:\/\/noti-america.com\/site\/principal\/2026\/08\/28\/harry-styles-abre-tienda-pop-up-durante-su-residencia-en-el-madison\/\" \/>\n<meta property=\"og:site_name\" content=\"Noti-America.com\" \/>\n<meta property=\"article:author\" content=\"Mar\u00eda Valentina Noguera\" \/>\n<meta property=\"article:published_time\" content=\"2026-08-28T16:51:19+00:00\" \/>\n<meta property=\"og:image\" content=\"https:\/\/noti-america.com\/site\/principal\/wp-content\/uploads\/sites\/26\/2026\/08\/Screenshot_28-8-2026_114825_media.vogue_.es_.jpeg\" \/>\n\t<meta property=\"og:image:width\" content=\"946\" \/>\n\t<meta property=\"og:image:height\" content=\"631\" \/>\n\t<meta property=\"og:image:type\" content=\"image\/jpeg\" \/>\n<meta name=\"author\" content=\"Maria Valentina Noguera Medina\" \/>\n<meta name=\"twitter:card\" content=\"summary_large_image\" \/>\n<meta name=\"twitter:label1\" content=\"Escrito por\" \/>\n\t<meta name=\"twitter:data1\" content=\"Maria Valentina Noguera Medina\" \/>\n\t<meta name=\"twitter:label2\" content=\"Tiempo estimado de lectura\" \/>\n\t<meta name=\"twitter:data2\" content=\"2 minutos\" \/>\n<script type=\"application\/ld+json\" class=\"yoast-schema-graph\">{\"@context\":\"https:\/\/schema.org\",\"@graph\":[{\"@type\":\"Article\",\"@id\":\"https:\/\/noti-america.com\/site\/principal\/2026\/08\/28\/harry-styles-abre-tienda-pop-up-durante-su-residencia-en-el-madison\/#article\",\"isPartOf\":{\"@id\":\"https:\/\/noti-america.com\/site\/principal\/2026\/08\/28\/harry-styles-abre-tienda-pop-up-durante-su-residencia-en-el-madison\/\"},\"author\":{\"name\":\"Maria Valentina Noguera Medina\",\"@id\":\"https:\/\/noti-america.com\/site\/principal\/#\/schema\/person\/b0777fb8ad9a321dc446ddbbceae778f\"},\"headline\":\"Harry Styles abre tienda pop-up durante su residencia en el Madison\",\"datePublished\":\"2026-08-28T16:51:19+00:00\",\"mainEntityOfPage\":{\"@id\":\"https:\/\/noti-america.com\/site\/principal\/2026\/08\/28\/harry-styles-abre-tienda-pop-up-durante-su-residencia-en-el-madison\/\"},\"wordCount\":478,\"image\":{\"@id\":\"https:\/\/noti-america.com\/site\/principal\/2026\/08\/28\/harry-styles-abre-tienda-pop-up-durante-su-residencia-en-el-madison\/#primaryimage\"},\"thumbnailUrl\":\"https:\/\/noti-america.com\/site\/principal\/wp-content\/uploads\/sites\/26\/2026\/08\/Screenshot_28-8-2026_114825_media.vogue_.es_.jpeg\",\"articleSection\":[\"Entretenimiento\"],\"inLanguage\":\"es\"},{\"@type\":\"WebPage\",\"@id\":\"https:\/\/noti-america.com\/site\/principal\/2026\/08\/28\/harry-styles-abre-tienda-pop-up-durante-su-residencia-en-el-madison\/\",\"url\":\"https:\/\/noti-america.com\/site\/principal\/2026\/08\/28\/harry-styles-abre-tienda-pop-up-durante-su-residencia-en-el-madison\/\",\"name\":\"Harry Styles abre tienda pop-up durante su residencia en el Madison - Noti-America.com\",\"isPartOf\":{\"@id\":\"https:\/\/noti-america.com\/site\/principal\/#website\"},\"primaryImageOfPage\":{\"@id\":\"https:\/\/noti-america.com\/site\/principal\/2026\/08\/28\/harry-styles-abre-tienda-pop-up-durante-su-residencia-en-el-madison\/#primaryimage\"},\"image\":{\"@id\":\"https:\/\/noti-america.com\/site\/principal\/2026\/08\/28\/harry-styles-abre-tienda-pop-up-durante-su-residencia-en-el-madison\/#primaryimage\"},\"thumbnailUrl\":\"https:\/\/noti-america.com\/site\/principal\/wp-content\/uploads\/sites\/26\/2026\/08\/Screenshot_28-8-2026_114825_media.vogue_.es_.jpeg\",\"datePublished\":\"2026-08-28T16:51:19+00:00\",\"author\":{\"@id\":\"https:\/\/noti-america.com\/site\/principal\/#\/schema\/person\/b0777fb8ad9a321dc446ddbbceae778f\"},\"breadcrumb\":{\"@id\":\"https:\/\/noti-america.com\/site\/principal\/2026\/08\/28\/harry-styles-abre-tienda-pop-up-durante-su-residencia-en-el-madison\/#breadcrumb\"},\"inLanguage\":\"es\",\"potentialAction\":[{\"@type\":\"ReadAction\",\"target\":[\"https:\/\/noti-america.com\/site\/principal\/2026\/08\/28\/harry-styles-abre-tienda-pop-up-durante-su-residencia-en-el-madison\/\"]}]},{\"@type\":\"ImageObject\",\"inLanguage\":\"es\",\"@id\":\"https:\/\/noti-america.com\/site\/principal\/2026\/08\/28\/harry-styles-abre-tienda-pop-up-durante-su-residencia-en-el-madison\/#primaryimage\",\"url\":\"https:\/\/noti-america.com\/site\/principal\/wp-content\/uploads\/sites\/26\/2026\/08\/Screenshot_28-8-2026_114825_media.vogue_.es_.jpeg\",\"contentUrl\":\"https:\/\/noti-america.com\/site\/principal\/wp-content\/uploads\/sites\/26\/2026\/08\/Screenshot_28-8-2026_114825_media.vogue_.es_.jpeg\",\"width\":946,\"height\":631},{\"@type\":\"BreadcrumbList\",\"@id\":\"https:\/\/noti-america.com\/site\/principal\/2026\/08\/28\/harry-styles-abre-tienda-pop-up-durante-su-residencia-en-el-madison\/#breadcrumb\",\"itemListElement\":[{\"@type\":\"ListItem\",\"position\":1,\"name\":\"Portada\",\"item\":\"https:\/\/noti-america.com\/site\/principal\/\"},{\"@type\":\"ListItem\",\"position\":2,\"name\":\"Harry Styles abre tienda pop-up durante su residencia en el Madison\"}]},{\"@type\":\"WebSite\",\"@id\":\"https:\/\/noti-america.com\/site\/principal\/#website\",\"url\":\"https:\/\/noti-america.com\/site\/principal\/\",\"name\":\"Noti-America.com\",\"description\":\"El Noticiero Digital M\u00e1s Grande de Am\u00e9rica\",\"potentialAction\":[{\"@type\":\"SearchAction\",\"target\":{\"@type\":\"EntryPoint\",\"urlTemplate\":\"https:\/\/noti-america.com\/site\/principal\/?s={search_term_string}\"},\"query-input\":{\"@type\":\"PropertyValueSpecification\",\"valueRequired\":true,\"valueName\":\"search_term_string\"}}],\"inLanguage\":\"es\"},{\"@type\":\"Person\",\"@id\":\"https:\/\/noti-america.com\/site\/principal\/#\/schema\/person\/b0777fb8ad9a321dc446ddbbceae778f\",\"name\":\"Maria Valentina Noguera Medina\",\"image\":{\"@type\":\"ImageObject\",\"inLanguage\":\"es\",\"@id\":\"https:\/\/secure.gravatar.com\/avatar\/4ec5eb9d099f2608a49c9df6f7341f66f04f819cdffa09d56a7a0e91d2819d56?s=96&d=mm&r=g\",\"url\":\"https:\/\/secure.gravatar.com\/avatar\/4ec5eb9d099f2608a49c9df6f7341f66f04f819cdffa09d56a7a0e91d2819d56?s=96&d=mm&r=g\",\"contentUrl\":\"https:\/\/secure.gravatar.com\/avatar\/4ec5eb9d099f2608a49c9df6f7341f66f04f819cdffa09d56a7a0e91d2819d56?s=96&d=mm&r=g\",\"caption\":\"Maria Valentina Noguera Medina\"},\"description\":\"Periodista - noti-america - Promar Community Manager - Talento Plus Dise\u00f1adora\/ creadora de contenido...\",\"sameAs\":[\"Mar\u00eda Valentina Noguera\",\"https:\/\/www.facebook.com\/mariavalentina.noguera\",\"https:\/\/www.linkedin.com\/in\/mara-valentina-noguera-medina-373075165\/\",\"https:\/\/www.pinterest.es\/valentinanoguera95\/\",\"https:\/\/www.youtube.com\/channel\/UCdek6mbUZ-Tqqw0I63i4nmQ\"],\"url\":\"https:\/\/noti-america.com\/site\/principal\/author\/mnoguera\/\"}]}<\/script>\n<!-- \/ Yoast SEO Premium plugin. -->","yoast_head_json":{"title":"Harry Styles abre tienda pop-up durante su residencia en el Madison - Noti-America.com","robots":{"index":"index","follow":"follow","max-snippet":"max-snippet:-1","max-image-preview":"max-image-preview:large","max-video-preview":"max-video-preview:-1"},"canonical":"https:\/\/noti-america.com\/site\/principal\/2026\/08\/28\/harry-styles-abre-tienda-pop-up-durante-su-residencia-en-el-madison\/","og_locale":"es_ES","og_type":"article","og_title":"Harry Styles abre tienda pop-up durante su residencia en el Madison","og_description":"NOTI-AMERICA.COM | ARGENTINA Harry Styles\u00a0ya tiene una nueva parada obligada para sus seguidores en Nueva York. Este\u00a0mi\u00e9rcoles 26 de agosto, el mismo d\u00eda en que comenz\u00f3 su\u00a0residencia de 30 conciertos en el Madison Square&#46;&#46;&#46;","og_url":"https:\/\/noti-america.com\/site\/principal\/2026\/08\/28\/harry-styles-abre-tienda-pop-up-durante-su-residencia-en-el-madison\/","og_site_name":"Noti-America.com","article_author":"Mar\u00eda Valentina Noguera","article_published_time":"2026-08-28T16:51:19+00:00","og_image":[{"width":946,"height":631,"url":"https:\/\/noti-america.com\/site\/principal\/wp-content\/uploads\/sites\/26\/2026\/08\/Screenshot_28-8-2026_114825_media.vogue_.es_.jpeg","type":"image\/jpeg"}],"author":"Maria Valentina Noguera Medina","twitter_card":"summary_large_image","twitter_misc":{"Escrito por":"Maria Valentina Noguera Medina","Tiempo estimado de lectura":"2 minutos"},"schema":{"@context":"https:\/\/schema.org","@graph":[{"@type":"Article","@id":"https:\/\/noti-america.com\/site\/principal\/2026\/08\/28\/harry-styles-abre-tienda-pop-up-durante-su-residencia-en-el-madison\/#article","isPartOf":{"@id":"https:\/\/noti-america.com\/site\/principal\/2026\/08\/28\/harry-styles-abre-tienda-pop-up-durante-su-residencia-en-el-madison\/"},"author":{"name":"Maria Valentina Noguera Medina","@id":"https:\/\/noti-america.com\/site\/principal\/#\/schema\/person\/b0777fb8ad9a321dc446ddbbceae778f"},"headline":"Harry Styles abre tienda pop-up durante su residencia en el Madison","datePublished":"2026-08-28T16:51:19+00:00","mainEntityOfPage":{"@id":"https:\/\/noti-america.com\/site\/principal\/2026\/08\/28\/harry-styles-abre-tienda-pop-up-durante-su-residencia-en-el-madison\/"},"wordCount":478,"image":{"@id":"https:\/\/noti-america.com\/site\/principal\/2026\/08\/28\/harry-styles-abre-tienda-pop-up-durante-su-residencia-en-el-madison\/#primaryimage"},"thumbnailUrl":"https:\/\/noti-america.com\/site\/principal\/wp-content\/uploads\/sites\/26\/2026\/08\/Screenshot_28-8-2026_114825_media.vogue_.es_.jpeg","articleSection":["Entretenimiento"],"inLanguage":"es"},{"@type":"WebPage","@id":"https:\/\/noti-america.com\/site\/principal\/2026\/08\/28\/harry-styles-abre-tienda-pop-up-durante-su-residencia-en-el-madison\/","url":"https:\/\/noti-america.com\/site\/principal\/2026\/08\/28\/harry-styles-abre-tienda-pop-up-durante-su-residencia-en-el-madison\/","name":"Harry Styles abre tienda pop-up durante su residencia en el Madison - Noti-America.com","isPartOf":{"@id":"https:\/\/noti-america.com\/site\/principal\/#website"},"primaryImageOfPage":{"@id":"https:\/\/noti-america.com\/site\/principal\/2026\/08\/28\/harry-styles-abre-tienda-pop-up-durante-su-residencia-en-el-madison\/#primaryimage"},"image":{"@id":"https:\/\/noti-america.com\/site\/principal\/2026\/08\/28\/harry-styles-abre-tienda-pop-up-durante-su-residencia-en-el-madison\/#primaryimage"},"thumbnailUrl":"https:\/\/noti-america.com\/site\/principal\/wp-content\/uploads\/sites\/26\/2026\/08\/Screenshot_28-8-2026_114825_media.vogue_.es_.jpeg","datePublished":"2026-08-28T16:51:19+00:00","author":{"@id":"https:\/\/noti-america.com\/site\/principal\/#\/schema\/person\/b0777fb8ad9a321dc446ddbbceae778f"},"breadcrumb":{"@id":"https:\/\/noti-america.com\/site\/principal\/2026\/08\/28\/harry-styles-abre-tienda-pop-up-durante-su-residencia-en-el-madison\/#breadcrumb"},"inLanguage":"es","potentialAction":[{"@type":"ReadAction","target":["https:\/\/noti-america.com\/site\/principal\/2026\/08\/28\/harry-styles-abre-tienda-pop-up-durante-su-residencia-en-el-madison\/"]}]},{"@type":"ImageObject","inLanguage":"es","@id":"https:\/\/noti-america.com\/site\/principal\/2026\/08\/28\/harry-styles-abre-tienda-pop-up-durante-su-residencia-en-el-madison\/#primaryimage","url":"https:\/\/noti-america.com\/site\/principal\/wp-content\/uploads\/sites\/26\/2026\/08\/Screenshot_28-8-2026_114825_media.vogue_.es_.jpeg","contentUrl":"https:\/\/noti-america.com\/site\/principal\/wp-content\/uploads\/sites\/26\/2026\/08\/Screenshot_28-8-2026_114825_media.vogue_.es_.jpeg","width":946,"height":631},{"@type":"BreadcrumbList","@id":"https:\/\/noti-america.com\/site\/principal\/2026\/08\/28\/harry-styles-abre-tienda-pop-up-durante-su-residencia-en-el-madison\/#breadcrumb","itemListElement":[{"@type":"ListItem","position":1,"name":"Portada","item":"https:\/\/noti-america.com\/site\/principal\/"},{"@type":"ListItem","position":2,"name":"Harry Styles abre tienda pop-up durante su residencia en el Madison"}]},{"@type":"WebSite","@id":"https:\/\/noti-america.com\/site\/principal\/#website","url":"https:\/\/noti-america.com\/site\/principal\/","name":"Noti-America.com","description":"El Noticiero Digital M\u00e1s Grande de Am\u00e9rica","potentialAction":[{"@type":"SearchAction","target":{"@type":"EntryPoint","urlTemplate":"https:\/\/noti-america.com\/site\/principal\/?s={search_term_string}"},"query-input":{"@type":"PropertyValueSpecification","valueRequired":true,"valueName":"search_term_string"}}],"inLanguage":"es"},{"@type":"Person","@id":"https:\/\/noti-america.com\/site\/principal\/#\/schema\/person\/b0777fb8ad9a321dc446ddbbceae778f","name":"Maria Valentina Noguera Medina","image":{"@type":"ImageObject","inLanguage":"es","@id":"https:\/\/secure.gravatar.com\/avatar\/4ec5eb9d099f2608a49c9df6f7341f66f04f819cdffa09d56a7a0e91d2819d56?s=96&d=mm&r=g","url":"https:\/\/secure.gravatar.com\/avatar\/4ec5eb9d099f2608a49c9df6f7341f66f04f819cdffa09d56a7a0e91d2819d56?s=96&d=mm&r=g","contentUrl":"https:\/\/secure.gravatar.com\/avatar\/4ec5eb9d099f2608a49c9df6f7341f66f04f819cdffa09d56a7a0e91d2819d56?s=96&d=mm&r=g","caption":"Maria Valentina Noguera Medina"},"description":"Periodista - noti-america - Promar Community Manager - Talento Plus Dise\u00f1adora\/ creadora de contenido...","sameAs":["Mar\u00eda Valentina Noguera","https:\/\/www.facebook.com\/mariavalentina.noguera","https:\/\/www.linkedin.com\/in\/mara-valentina-noguera-medina-373075165\/","https:\/\/www.pinterest.es\/valentinanoguera95\/","https:\/\/www.youtube.com\/channel\/UCdek6mbUZ-Tqqw0I63i4nmQ"],"url":"https:\/\/noti-america.com\/site\/principal\/author\/mnoguera\/"}]}},"_links":{"self":[{"href":"https:\/\/noti-america.com\/site\/principal\/wp-json\/wp\/v2\/posts\/94299","targetHints":{"allow":["GET"]}}],"collection":[{"href":"https:\/\/noti-america.com\/site\/principal\/wp-json\/wp\/v2\/posts"}],"about":[{"href":"https:\/\/noti-america.com\/site\/principal\/wp-json\/wp\/v2\/types\/post"}],"author":[{"embeddable":true,"href":"https:\/\/noti-america.com\/site\/principal\/wp-json\/wp\/v2\/users\/133"}],"replies":[{"embeddable":true,"href":"https:\/\/noti-america.com\/site\/principal\/wp-json\/wp\/v2\/comments?post=94299"}],"version-history":[{"count":1,"href":"https:\/\/noti-america.com\/site\/principal\/wp-json\/wp\/v2\/posts\/94299\/revisions"}],"predecessor-version":[{"id":94304,"href":"https:\/\/noti-america.com\/site\/principal\/wp-json\/wp\/v2\/posts\/94299\/revisions\/94304"}],"wp:featuredmedia":[{"embeddable":true,"href":"https:\/\/noti-america.com\/site\/principal\/wp-json\/wp\/v2\/media\/94300"}],"wp:attachment":[{"href":"https:\/\/noti-america.com\/site\/principal\/wp-json\/wp\/v2\/media?parent=94299"}],"wp:term":[{"taxonomy":"category","embeddable":true,"href":"https:\/\/noti-america.com\/site\/principal\/wp-json\/wp\/v2\/categories?post=94299"},{"taxonomy":"post_tag","embeddable":true,"href":"https:\/\/noti-america.com\/site\/principal\/wp-json\/wp\/v2\/tags?post=94299"}],"curies":[{"name":"wp","href":"https:\/\/api.w.org\/{rel}","templated":true}]}}