{"id":94148,"date":"2024-12-13T17:25:50","date_gmt":"2024-12-13T21:25:50","guid":{"rendered":"https:\/\/noti-america.com\/site\/principal\/?p=94148"},"modified":"2026-08-25T17:32:24","modified_gmt":"2026-08-25T21:32:24","slug":"frangely-materan-destaca-como-jurado-calificador-en-el-premio-tacarigua-de-oro-2024-2025","status":"publish","type":"post","link":"https:\/\/noti-america.com\/site\/principal\/2024\/12\/13\/frangely-materan-destaca-como-jurado-calificador-en-el-premio-tacarigua-de-oro-2024-2025\/","title":{"rendered":"Frangely Mater\u00e1n destaca como jurado calificador en el Premio Tacarigua de Oro 2024-2025"},"content":{"rendered":"<p><img loading=\"lazy\" decoding=\"async\" class=\"alignnone size-full wp-image-94149\" src=\"https:\/\/noti-america.com\/site\/principal\/wp-content\/uploads\/sites\/26\/2026\/08\/fran-3.png\" alt=\"\" width=\"255\" height=\"297\" \/><\/p>\n<p data-path-to-node=\"1\">En los espacios del prestigioso Gran Meli\u00e1 Caracas, se llev\u00f3 a cabo el pasado 12 de diciembre de 2024 la esperada edici\u00f3n del <b data-path-to-node=\"1\" data-index-in-node=\"147\">Premio Tacarigua de Oro 2024-2025<\/b>, un evento que celebra la excelencia, el talento y la trayectoria de destacadas personalidades a nivel nacional e internacional.<\/p>\n<p data-path-to-node=\"2\">La gala estuvo magistralmente animada por el CEO de la fundaci\u00f3n y creador del galard\u00f3n, <b data-path-to-node=\"2\" data-index-in-node=\"89\">Rommel Isea<\/b>, junto a la reconocida animadora <b data-path-to-node=\"2\" data-index-in-node=\"134\">Gabriela Fern\u00e1ndez<\/b>.<\/p>\n<p data-path-to-node=\"3\">Uno de los momentos m\u00e1s comentados de la noche fue la participaci\u00f3n estelar de <b data-path-to-node=\"3\" data-index-in-node=\"79\">Frangely Mater\u00e1n<\/b>, quien form\u00f3 parte selecta del <b data-path-to-node=\"3\" data-index-in-node=\"127\">jurado calificador<\/b> encargado de evaluar a los nominados de esta edici\u00f3n. Mater\u00e1n fue escogida para este importante rol gracias a sus notables logros profesionales y a su <b data-path-to-node=\"3\" data-index-in-node=\"297\">impacto mundial en las redes sociales<\/b>, consolid\u00e1ndose como una referencia de \u00e9xito y autoridad digital en su \u00e1rea de experticia.<\/p>\n<p data-path-to-node=\"4\">Con su participaci\u00f3n, el Premio Tacarigua de Oro reafirma su compromiso de integrar a figuras influyentes y capacitadas para valorar el desempe\u00f1o de los mejores talentos del a\u00f1o.<\/p>\n","protected":false},"excerpt":{"rendered":"<p>En los espacios del prestigioso Gran Meli\u00e1 Caracas, se llev\u00f3 a cabo el pasado 12 de diciembre de 2024 la esperada edici\u00f3n del Premio Tacarigua de Oro 2024-2025, un evento que celebra la excelencia,&#46;&#46;&#46;<\/p>\n","protected":false},"author":120,"featured_media":94149,"comment_status":"closed","ping_status":"open","sticky":false,"template":"","format":"image","meta":{"_acf_changed":false,"rop_custom_images_group":[],"rop_custom_messages_group":[],"rop_publish_now":"initial","rop_publish_now_accounts":{"facebook_10219548024599422_1632221337088128":"","twitter_242054905_242054905":""},"rop_publish_now_history":[],"rop_publish_now_status":"pending","footnotes":""},"categories":[8],"tags":[],"class_list":["post-94148","post","type-post","status-publish","format-image","has-post-thumbnail","hentry","category-arte-y-espectaculos","post_format-post-format-image"],"acf":[],"yoast_head":"<!-- This site is optimized with the Yoast SEO Premium plugin v24.9 (Yoast SEO v27.2) - https:\/\/yoast.com\/product\/yoast-seo-premium-wordpress\/ -->\n<title>Frangely Mater\u00e1n destaca como jurado calificador en el Premio Tacarigua de Oro 2024-2025 - Noti-America.com<\/title>\n<meta name=\"robots\" content=\"index, follow, max-snippet:-1, max-image-preview:large, max-video-preview:-1\" \/>\n<link rel=\"canonical\" href=\"https:\/\/noti-america.com\/site\/principal\/2024\/12\/13\/frangely-materan-destaca-como-jurado-calificador-en-el-premio-tacarigua-de-oro-2024-2025\/\" \/>\n<meta property=\"og:locale\" content=\"es_ES\" \/>\n<meta property=\"og:type\" content=\"article\" \/>\n<meta property=\"og:title\" content=\"Frangely Mater\u00e1n destaca como jurado calificador en el Premio Tacarigua de Oro 2024-2025\" \/>\n<meta property=\"og:description\" content=\"En los espacios del prestigioso Gran Meli\u00e1 Caracas, se llev\u00f3 a cabo el pasado 12 de diciembre de 2024 la esperada edici\u00f3n del Premio Tacarigua de Oro 2024-2025, un evento que celebra la excelencia,&#046;&#046;&#046;\" \/>\n<meta property=\"og:url\" content=\"https:\/\/noti-america.com\/site\/principal\/2024\/12\/13\/frangely-materan-destaca-como-jurado-calificador-en-el-premio-tacarigua-de-oro-2024-2025\/\" \/>\n<meta property=\"og:site_name\" content=\"Noti-America.com\" \/>\n<meta property=\"article:published_time\" content=\"2024-12-13T21:25:50+00:00\" \/>\n<meta property=\"article:modified_time\" content=\"2026-08-25T21:32:24+00:00\" \/>\n<meta property=\"og:image\" content=\"https:\/\/noti-america.com\/site\/principal\/wp-content\/uploads\/sites\/26\/2026\/08\/fran-3.png\" \/>\n\t<meta property=\"og:image:width\" content=\"255\" \/>\n\t<meta property=\"og:image:height\" content=\"297\" \/>\n\t<meta property=\"og:image:type\" content=\"image\/png\" \/>\n<meta name=\"author\" content=\"CJROJAS\" \/>\n<meta name=\"twitter:card\" content=\"summary_large_image\" \/>\n<meta name=\"twitter:label1\" content=\"Escrito por\" \/>\n\t<meta name=\"twitter:data1\" content=\"CJROJAS\" \/>\n\t<meta name=\"twitter:label2\" content=\"Tiempo estimado de lectura\" \/>\n\t<meta name=\"twitter:data2\" content=\"2 minutos\" \/>\n<script type=\"application\/ld+json\" class=\"yoast-schema-graph\">{\"@context\":\"https:\/\/schema.org\",\"@graph\":[{\"@type\":\"Article\",\"@id\":\"https:\/\/noti-america.com\/site\/principal\/2024\/12\/13\/frangely-materan-destaca-como-jurado-calificador-en-el-premio-tacarigua-de-oro-2024-2025\/#article\",\"isPartOf\":{\"@id\":\"https:\/\/noti-america.com\/site\/principal\/2024\/12\/13\/frangely-materan-destaca-como-jurado-calificador-en-el-premio-tacarigua-de-oro-2024-2025\/\"},\"author\":{\"name\":\"CJROJAS\",\"@id\":\"https:\/\/noti-america.com\/site\/principal\/#\/schema\/person\/98c8cbd1086d296ed786bfe0ef1e7759\"},\"headline\":\"Frangely Mater\u00e1n destaca como jurado calificador en el Premio Tacarigua de Oro 2024-2025\",\"datePublished\":\"2024-12-13T21:25:50+00:00\",\"dateModified\":\"2026-08-25T21:32:24+00:00\",\"mainEntityOfPage\":{\"@id\":\"https:\/\/noti-america.com\/site\/principal\/2024\/12\/13\/frangely-materan-destaca-como-jurado-calificador-en-el-premio-tacarigua-de-oro-2024-2025\/\"},\"wordCount\":192,\"image\":{\"@id\":\"https:\/\/noti-america.com\/site\/principal\/2024\/12\/13\/frangely-materan-destaca-como-jurado-calificador-en-el-premio-tacarigua-de-oro-2024-2025\/#primaryimage\"},\"thumbnailUrl\":\"https:\/\/noti-america.com\/site\/principal\/wp-content\/uploads\/sites\/26\/2026\/08\/fran-3.png\",\"articleSection\":[\"Arte y Espect\u00e1culos\"],\"inLanguage\":\"es\"},{\"@type\":\"WebPage\",\"@id\":\"https:\/\/noti-america.com\/site\/principal\/2024\/12\/13\/frangely-materan-destaca-como-jurado-calificador-en-el-premio-tacarigua-de-oro-2024-2025\/\",\"url\":\"https:\/\/noti-america.com\/site\/principal\/2024\/12\/13\/frangely-materan-destaca-como-jurado-calificador-en-el-premio-tacarigua-de-oro-2024-2025\/\",\"name\":\"Frangely Mater\u00e1n destaca como jurado calificador en el Premio Tacarigua de Oro 2024-2025 - Noti-America.com\",\"isPartOf\":{\"@id\":\"https:\/\/noti-america.com\/site\/principal\/#website\"},\"primaryImageOfPage\":{\"@id\":\"https:\/\/noti-america.com\/site\/principal\/2024\/12\/13\/frangely-materan-destaca-como-jurado-calificador-en-el-premio-tacarigua-de-oro-2024-2025\/#primaryimage\"},\"image\":{\"@id\":\"https:\/\/noti-america.com\/site\/principal\/2024\/12\/13\/frangely-materan-destaca-como-jurado-calificador-en-el-premio-tacarigua-de-oro-2024-2025\/#primaryimage\"},\"thumbnailUrl\":\"https:\/\/noti-america.com\/site\/principal\/wp-content\/uploads\/sites\/26\/2026\/08\/fran-3.png\",\"datePublished\":\"2024-12-13T21:25:50+00:00\",\"dateModified\":\"2026-08-25T21:32:24+00:00\",\"author\":{\"@id\":\"https:\/\/noti-america.com\/site\/principal\/#\/schema\/person\/98c8cbd1086d296ed786bfe0ef1e7759\"},\"breadcrumb\":{\"@id\":\"https:\/\/noti-america.com\/site\/principal\/2024\/12\/13\/frangely-materan-destaca-como-jurado-calificador-en-el-premio-tacarigua-de-oro-2024-2025\/#breadcrumb\"},\"inLanguage\":\"es\",\"potentialAction\":[{\"@type\":\"ReadAction\",\"target\":[\"https:\/\/noti-america.com\/site\/principal\/2024\/12\/13\/frangely-materan-destaca-como-jurado-calificador-en-el-premio-tacarigua-de-oro-2024-2025\/\"]}]},{\"@type\":\"ImageObject\",\"inLanguage\":\"es\",\"@id\":\"https:\/\/noti-america.com\/site\/principal\/2024\/12\/13\/frangely-materan-destaca-como-jurado-calificador-en-el-premio-tacarigua-de-oro-2024-2025\/#primaryimage\",\"url\":\"https:\/\/noti-america.com\/site\/principal\/wp-content\/uploads\/sites\/26\/2026\/08\/fran-3.png\",\"contentUrl\":\"https:\/\/noti-america.com\/site\/principal\/wp-content\/uploads\/sites\/26\/2026\/08\/fran-3.png\",\"width\":255,\"height\":297},{\"@type\":\"BreadcrumbList\",\"@id\":\"https:\/\/noti-america.com\/site\/principal\/2024\/12\/13\/frangely-materan-destaca-como-jurado-calificador-en-el-premio-tacarigua-de-oro-2024-2025\/#breadcrumb\",\"itemListElement\":[{\"@type\":\"ListItem\",\"position\":1,\"name\":\"Portada\",\"item\":\"https:\/\/noti-america.com\/site\/principal\/\"},{\"@type\":\"ListItem\",\"position\":2,\"name\":\"Frangely Mater\u00e1n destaca como jurado calificador en el Premio Tacarigua de Oro 2024-2025\"}]},{\"@type\":\"WebSite\",\"@id\":\"https:\/\/noti-america.com\/site\/principal\/#website\",\"url\":\"https:\/\/noti-america.com\/site\/principal\/\",\"name\":\"Noti-America.com\",\"description\":\"El Noticiero Digital M\u00e1s Grande de Am\u00e9rica\",\"potentialAction\":[{\"@type\":\"SearchAction\",\"target\":{\"@type\":\"EntryPoint\",\"urlTemplate\":\"https:\/\/noti-america.com\/site\/principal\/?s={search_term_string}\"},\"query-input\":{\"@type\":\"PropertyValueSpecification\",\"valueRequired\":true,\"valueName\":\"search_term_string\"}}],\"inLanguage\":\"es\"},{\"@type\":\"Person\",\"@id\":\"https:\/\/noti-america.com\/site\/principal\/#\/schema\/person\/98c8cbd1086d296ed786bfe0ef1e7759\",\"name\":\"CJROJAS\",\"image\":{\"@type\":\"ImageObject\",\"inLanguage\":\"es\",\"@id\":\"https:\/\/secure.gravatar.com\/avatar\/c9cd06db5b861f3be12b32d0c2d4240efeaa1acc0ebc61ee588713d1cb75fa1f?s=96&d=mm&r=g\",\"url\":\"https:\/\/secure.gravatar.com\/avatar\/c9cd06db5b861f3be12b32d0c2d4240efeaa1acc0ebc61ee588713d1cb75fa1f?s=96&d=mm&r=g\",\"contentUrl\":\"https:\/\/secure.gravatar.com\/avatar\/c9cd06db5b861f3be12b32d0c2d4240efeaa1acc0ebc61ee588713d1cb75fa1f?s=96&d=mm&r=g\",\"caption\":\"CJROJAS\"},\"url\":\"https:\/\/noti-america.com\/site\/principal\/author\/ccamargo\/\"}]}<\/script>\n<!-- \/ Yoast SEO Premium plugin. -->","yoast_head_json":{"title":"Frangely Mater\u00e1n destaca como jurado calificador en el Premio Tacarigua de Oro 2024-2025 - Noti-America.com","robots":{"index":"index","follow":"follow","max-snippet":"max-snippet:-1","max-image-preview":"max-image-preview:large","max-video-preview":"max-video-preview:-1"},"canonical":"https:\/\/noti-america.com\/site\/principal\/2024\/12\/13\/frangely-materan-destaca-como-jurado-calificador-en-el-premio-tacarigua-de-oro-2024-2025\/","og_locale":"es_ES","og_type":"article","og_title":"Frangely Mater\u00e1n destaca como jurado calificador en el Premio Tacarigua de Oro 2024-2025","og_description":"En los espacios del prestigioso Gran Meli\u00e1 Caracas, se llev\u00f3 a cabo el pasado 12 de diciembre de 2024 la esperada edici\u00f3n del Premio Tacarigua de Oro 2024-2025, un evento que celebra la excelencia,&#46;&#46;&#46;","og_url":"https:\/\/noti-america.com\/site\/principal\/2024\/12\/13\/frangely-materan-destaca-como-jurado-calificador-en-el-premio-tacarigua-de-oro-2024-2025\/","og_site_name":"Noti-America.com","article_published_time":"2024-12-13T21:25:50+00:00","article_modified_time":"2026-08-25T21:32:24+00:00","og_image":[{"width":255,"height":297,"url":"https:\/\/noti-america.com\/site\/principal\/wp-content\/uploads\/sites\/26\/2026\/08\/fran-3.png","type":"image\/png"}],"author":"CJROJAS","twitter_card":"summary_large_image","twitter_misc":{"Escrito por":"CJROJAS","Tiempo estimado de lectura":"2 minutos"},"schema":{"@context":"https:\/\/schema.org","@graph":[{"@type":"Article","@id":"https:\/\/noti-america.com\/site\/principal\/2024\/12\/13\/frangely-materan-destaca-como-jurado-calificador-en-el-premio-tacarigua-de-oro-2024-2025\/#article","isPartOf":{"@id":"https:\/\/noti-america.com\/site\/principal\/2024\/12\/13\/frangely-materan-destaca-como-jurado-calificador-en-el-premio-tacarigua-de-oro-2024-2025\/"},"author":{"name":"CJROJAS","@id":"https:\/\/noti-america.com\/site\/principal\/#\/schema\/person\/98c8cbd1086d296ed786bfe0ef1e7759"},"headline":"Frangely Mater\u00e1n destaca como jurado calificador en el Premio Tacarigua de Oro 2024-2025","datePublished":"2024-12-13T21:25:50+00:00","dateModified":"2026-08-25T21:32:24+00:00","mainEntityOfPage":{"@id":"https:\/\/noti-america.com\/site\/principal\/2024\/12\/13\/frangely-materan-destaca-como-jurado-calificador-en-el-premio-tacarigua-de-oro-2024-2025\/"},"wordCount":192,"image":{"@id":"https:\/\/noti-america.com\/site\/principal\/2024\/12\/13\/frangely-materan-destaca-como-jurado-calificador-en-el-premio-tacarigua-de-oro-2024-2025\/#primaryimage"},"thumbnailUrl":"https:\/\/noti-america.com\/site\/principal\/wp-content\/uploads\/sites\/26\/2026\/08\/fran-3.png","articleSection":["Arte y Espect\u00e1culos"],"inLanguage":"es"},{"@type":"WebPage","@id":"https:\/\/noti-america.com\/site\/principal\/2024\/12\/13\/frangely-materan-destaca-como-jurado-calificador-en-el-premio-tacarigua-de-oro-2024-2025\/","url":"https:\/\/noti-america.com\/site\/principal\/2024\/12\/13\/frangely-materan-destaca-como-jurado-calificador-en-el-premio-tacarigua-de-oro-2024-2025\/","name":"Frangely Mater\u00e1n destaca como jurado calificador en el Premio Tacarigua de Oro 2024-2025 - Noti-America.com","isPartOf":{"@id":"https:\/\/noti-america.com\/site\/principal\/#website"},"primaryImageOfPage":{"@id":"https:\/\/noti-america.com\/site\/principal\/2024\/12\/13\/frangely-materan-destaca-como-jurado-calificador-en-el-premio-tacarigua-de-oro-2024-2025\/#primaryimage"},"image":{"@id":"https:\/\/noti-america.com\/site\/principal\/2024\/12\/13\/frangely-materan-destaca-como-jurado-calificador-en-el-premio-tacarigua-de-oro-2024-2025\/#primaryimage"},"thumbnailUrl":"https:\/\/noti-america.com\/site\/principal\/wp-content\/uploads\/sites\/26\/2026\/08\/fran-3.png","datePublished":"2024-12-13T21:25:50+00:00","dateModified":"2026-08-25T21:32:24+00:00","author":{"@id":"https:\/\/noti-america.com\/site\/principal\/#\/schema\/person\/98c8cbd1086d296ed786bfe0ef1e7759"},"breadcrumb":{"@id":"https:\/\/noti-america.com\/site\/principal\/2024\/12\/13\/frangely-materan-destaca-como-jurado-calificador-en-el-premio-tacarigua-de-oro-2024-2025\/#breadcrumb"},"inLanguage":"es","potentialAction":[{"@type":"ReadAction","target":["https:\/\/noti-america.com\/site\/principal\/2024\/12\/13\/frangely-materan-destaca-como-jurado-calificador-en-el-premio-tacarigua-de-oro-2024-2025\/"]}]},{"@type":"ImageObject","inLanguage":"es","@id":"https:\/\/noti-america.com\/site\/principal\/2024\/12\/13\/frangely-materan-destaca-como-jurado-calificador-en-el-premio-tacarigua-de-oro-2024-2025\/#primaryimage","url":"https:\/\/noti-america.com\/site\/principal\/wp-content\/uploads\/sites\/26\/2026\/08\/fran-3.png","contentUrl":"https:\/\/noti-america.com\/site\/principal\/wp-content\/uploads\/sites\/26\/2026\/08\/fran-3.png","width":255,"height":297},{"@type":"BreadcrumbList","@id":"https:\/\/noti-america.com\/site\/principal\/2024\/12\/13\/frangely-materan-destaca-como-jurado-calificador-en-el-premio-tacarigua-de-oro-2024-2025\/#breadcrumb","itemListElement":[{"@type":"ListItem","position":1,"name":"Portada","item":"https:\/\/noti-america.com\/site\/principal\/"},{"@type":"ListItem","position":2,"name":"Frangely Mater\u00e1n destaca como jurado calificador en el Premio Tacarigua de Oro 2024-2025"}]},{"@type":"WebSite","@id":"https:\/\/noti-america.com\/site\/principal\/#website","url":"https:\/\/noti-america.com\/site\/principal\/","name":"Noti-America.com","description":"El Noticiero Digital M\u00e1s Grande de Am\u00e9rica","potentialAction":[{"@type":"SearchAction","target":{"@type":"EntryPoint","urlTemplate":"https:\/\/noti-america.com\/site\/principal\/?s={search_term_string}"},"query-input":{"@type":"PropertyValueSpecification","valueRequired":true,"valueName":"search_term_string"}}],"inLanguage":"es"},{"@type":"Person","@id":"https:\/\/noti-america.com\/site\/principal\/#\/schema\/person\/98c8cbd1086d296ed786bfe0ef1e7759","name":"CJROJAS","image":{"@type":"ImageObject","inLanguage":"es","@id":"https:\/\/secure.gravatar.com\/avatar\/c9cd06db5b861f3be12b32d0c2d4240efeaa1acc0ebc61ee588713d1cb75fa1f?s=96&d=mm&r=g","url":"https:\/\/secure.gravatar.com\/avatar\/c9cd06db5b861f3be12b32d0c2d4240efeaa1acc0ebc61ee588713d1cb75fa1f?s=96&d=mm&r=g","contentUrl":"https:\/\/secure.gravatar.com\/avatar\/c9cd06db5b861f3be12b32d0c2d4240efeaa1acc0ebc61ee588713d1cb75fa1f?s=96&d=mm&r=g","caption":"CJROJAS"},"url":"https:\/\/noti-america.com\/site\/principal\/author\/ccamargo\/"}]}},"_links":{"self":[{"href":"https:\/\/noti-america.com\/site\/principal\/wp-json\/wp\/v2\/posts\/94148","targetHints":{"allow":["GET"]}}],"collection":[{"href":"https:\/\/noti-america.com\/site\/principal\/wp-json\/wp\/v2\/posts"}],"about":[{"href":"https:\/\/noti-america.com\/site\/principal\/wp-json\/wp\/v2\/types\/post"}],"author":[{"embeddable":true,"href":"https:\/\/noti-america.com\/site\/principal\/wp-json\/wp\/v2\/users\/120"}],"replies":[{"embeddable":true,"href":"https:\/\/noti-america.com\/site\/principal\/wp-json\/wp\/v2\/comments?post=94148"}],"version-history":[{"count":1,"href":"https:\/\/noti-america.com\/site\/principal\/wp-json\/wp\/v2\/posts\/94148\/revisions"}],"predecessor-version":[{"id":94150,"href":"https:\/\/noti-america.com\/site\/principal\/wp-json\/wp\/v2\/posts\/94148\/revisions\/94150"}],"wp:featuredmedia":[{"embeddable":true,"href":"https:\/\/noti-america.com\/site\/principal\/wp-json\/wp\/v2\/media\/94149"}],"wp:attachment":[{"href":"https:\/\/noti-america.com\/site\/principal\/wp-json\/wp\/v2\/media?parent=94148"}],"wp:term":[{"taxonomy":"category","embeddable":true,"href":"https:\/\/noti-america.com\/site\/principal\/wp-json\/wp\/v2\/categories?post=94148"},{"taxonomy":"post_tag","embeddable":true,"href":"https:\/\/noti-america.com\/site\/principal\/wp-json\/wp\/v2\/tags?post=94148"}],"curies":[{"name":"wp","href":"https:\/\/api.w.org\/{rel}","templated":true}]}}