{"id":93426,"date":"2026-08-10T16:53:29","date_gmt":"2026-08-10T20:53:29","guid":{"rendered":"https:\/\/noti-america.com\/site\/principal\/?p=93426"},"modified":"2026-08-10T16:53:29","modified_gmt":"2026-08-10T20:53:29","slug":"joaquina-inicia-nueva-etapa-artistica-con-el-lanzamiento-de-su-sencillo-verano-en-la-ciudad","status":"publish","type":"post","link":"https:\/\/noti-america.com\/site\/principal\/2026\/08\/10\/joaquina-inicia-nueva-etapa-artistica-con-el-lanzamiento-de-su-sencillo-verano-en-la-ciudad\/","title":{"rendered":"Joaquina inicia nueva etapa art\u00edstica con el lanzamiento de su sencillo \u00abVerano en la Ciudad\u00bb"},"content":{"rendered":"<p>NOTI-AMERICA.COM | VENEZUELA<\/p>\n<p style=\"text-align: justify\">La cantautora venezolana de pop latino y ganadora del Latin GRAMMY\u00ae, Joaquina, present\u00f3 oficialmente su nuevo tema \u00abVerano en la Ciudad\u00bb, una composici\u00f3n que marca el inicio de un nuevo ciclo en su carrera musical enfocado en la b\u00fasqueda de la identidad, las ra\u00edces y el sentido de pertenencia.<\/p>\n<p style=\"text-align: justify\">Inspirada en su retorno a Miami \u2014ciudad donde creci\u00f3 tras migrar desde Venezuela a temprana edad\u2014, la propuesta explora la nostalgia de los reencuentros y la revalorizaci\u00f3n de los espacios, amistades y n\u00facleos familiares que suelen darse por sentados hasta que se experimenta la distancia.<\/p>\n<h2 style=\"text-align: justify\">Una invitaci\u00f3n a revelar la historia personal<\/h2>\n<p style=\"text-align: justify\">A trav\u00e9s de su propuesta l\u00edrica, la artista plantea el recorrido por las calles y rincones de la juventud como un acto de intimidad y autodescubrimiento. \u00abVerano en la Ciudad\u00bb retrata la intenci\u00f3n de compartir la propia historia y la ciudad de origen con una persona especial como un camino para dar a conocer qui\u00e9nes somos verdaderamente.<\/p>\n<p style=\"text-align: justify\">Con este lanzamiento, Joaquina da continuidad al impulso de su carrera tras presentar la versi\u00f3n deluxe de su \u00e1lbum debut Al romper la burbuja, manteni\u00e9ndose como una de las voces consolidadas de la nueva generaci\u00f3n del pop latino.<\/p>\n<p style=\"text-align: justify\">\n","protected":false},"excerpt":{"rendered":"<p>NOTI-AMERICA.COM | VENEZUELA La cantautora venezolana de pop latino y ganadora del Latin GRAMMY\u00ae, Joaquina, present\u00f3 oficialmente su nuevo tema \u00abVerano en la Ciudad\u00bb, una composici\u00f3n que marca el inicio de un nuevo ciclo&#46;&#46;&#46;<\/p>\n","protected":false},"author":133,"featured_media":93427,"comment_status":"","ping_status":"open","sticky":false,"template":"","format":"image","meta":{"_acf_changed":false,"rop_custom_images_group":[],"rop_custom_messages_group":[],"rop_publish_now":"no","rop_publish_now_accounts":[],"rop_publish_now_history":[],"rop_publish_now_status":"pending","footnotes":""},"categories":[853],"tags":[],"class_list":["post-93426","post","type-post","status-publish","format-image","has-post-thumbnail","hentry","category-entretenimiento","post_format-post-format-image"],"acf":[],"yoast_head":"<!-- This site is optimized with the Yoast SEO Premium plugin v24.9 (Yoast SEO v27.2) - https:\/\/yoast.com\/product\/yoast-seo-premium-wordpress\/ -->\n<title>Joaquina inicia nueva etapa art\u00edstica con el lanzamiento de su sencillo \u00abVerano en la Ciudad\u00bb - Noti-America.com<\/title>\n<meta name=\"robots\" content=\"index, follow, max-snippet:-1, max-image-preview:large, max-video-preview:-1\" \/>\n<link rel=\"canonical\" href=\"https:\/\/noti-america.com\/site\/principal\/2026\/08\/10\/joaquina-inicia-nueva-etapa-artistica-con-el-lanzamiento-de-su-sencillo-verano-en-la-ciudad\/\" \/>\n<meta property=\"og:locale\" content=\"es_ES\" \/>\n<meta property=\"og:type\" content=\"article\" \/>\n<meta property=\"og:title\" content=\"Joaquina inicia nueva etapa art\u00edstica con el lanzamiento de su sencillo \u00abVerano en la Ciudad\u00bb\" \/>\n<meta property=\"og:description\" content=\"NOTI-AMERICA.COM | VENEZUELA La cantautora venezolana de pop latino y ganadora del Latin GRAMMY\u00ae, Joaquina, present\u00f3 oficialmente su nuevo tema \u00abVerano en la Ciudad\u00bb, una composici\u00f3n que marca el inicio de un nuevo ciclo&#046;&#046;&#046;\" \/>\n<meta property=\"og:url\" content=\"https:\/\/noti-america.com\/site\/principal\/2026\/08\/10\/joaquina-inicia-nueva-etapa-artistica-con-el-lanzamiento-de-su-sencillo-verano-en-la-ciudad\/\" \/>\n<meta property=\"og:site_name\" content=\"Noti-America.com\" \/>\n<meta property=\"article:author\" content=\"Mar\u00eda Valentina Noguera\" \/>\n<meta property=\"article:published_time\" content=\"2026-08-10T20:53:29+00:00\" \/>\n<meta property=\"og:image\" content=\"https:\/\/noti-america.com\/site\/principal\/wp-content\/uploads\/sites\/26\/2026\/08\/captura-f75a4c.jpg\" \/>\n\t<meta property=\"og:image:width\" content=\"800\" \/>\n\t<meta property=\"og:image:height\" content=\"500\" \/>\n\t<meta property=\"og:image:type\" content=\"image\/jpeg\" \/>\n<meta name=\"author\" content=\"Maria Valentina Noguera Medina\" \/>\n<meta name=\"twitter:card\" content=\"summary_large_image\" \/>\n<meta name=\"twitter:label1\" content=\"Escrito por\" \/>\n\t<meta name=\"twitter:data1\" content=\"Maria Valentina Noguera Medina\" \/>\n\t<meta name=\"twitter:label2\" content=\"Tiempo estimado de lectura\" \/>\n\t<meta name=\"twitter:data2\" content=\"1 minuto\" \/>\n<script type=\"application\/ld+json\" class=\"yoast-schema-graph\">{\"@context\":\"https:\/\/schema.org\",\"@graph\":[{\"@type\":\"Article\",\"@id\":\"https:\/\/noti-america.com\/site\/principal\/2026\/08\/10\/joaquina-inicia-nueva-etapa-artistica-con-el-lanzamiento-de-su-sencillo-verano-en-la-ciudad\/#article\",\"isPartOf\":{\"@id\":\"https:\/\/noti-america.com\/site\/principal\/2026\/08\/10\/joaquina-inicia-nueva-etapa-artistica-con-el-lanzamiento-de-su-sencillo-verano-en-la-ciudad\/\"},\"author\":{\"name\":\"Maria Valentina Noguera Medina\",\"@id\":\"https:\/\/noti-america.com\/site\/principal\/#\/schema\/person\/b0777fb8ad9a321dc446ddbbceae778f\"},\"headline\":\"Joaquina inicia nueva etapa art\u00edstica con el lanzamiento de su sencillo \u00abVerano en la Ciudad\u00bb\",\"datePublished\":\"2026-08-10T20:53:29+00:00\",\"mainEntityOfPage\":{\"@id\":\"https:\/\/noti-america.com\/site\/principal\/2026\/08\/10\/joaquina-inicia-nueva-etapa-artistica-con-el-lanzamiento-de-su-sencillo-verano-en-la-ciudad\/\"},\"wordCount\":228,\"image\":{\"@id\":\"https:\/\/noti-america.com\/site\/principal\/2026\/08\/10\/joaquina-inicia-nueva-etapa-artistica-con-el-lanzamiento-de-su-sencillo-verano-en-la-ciudad\/#primaryimage\"},\"thumbnailUrl\":\"https:\/\/noti-america.com\/site\/principal\/wp-content\/uploads\/sites\/26\/2026\/08\/captura-f75a4c.jpg\",\"articleSection\":[\"Entretenimiento\"],\"inLanguage\":\"es\"},{\"@type\":\"WebPage\",\"@id\":\"https:\/\/noti-america.com\/site\/principal\/2026\/08\/10\/joaquina-inicia-nueva-etapa-artistica-con-el-lanzamiento-de-su-sencillo-verano-en-la-ciudad\/\",\"url\":\"https:\/\/noti-america.com\/site\/principal\/2026\/08\/10\/joaquina-inicia-nueva-etapa-artistica-con-el-lanzamiento-de-su-sencillo-verano-en-la-ciudad\/\",\"name\":\"Joaquina inicia nueva etapa art\u00edstica con el lanzamiento de su sencillo \u00abVerano en la Ciudad\u00bb - Noti-America.com\",\"isPartOf\":{\"@id\":\"https:\/\/noti-america.com\/site\/principal\/#website\"},\"primaryImageOfPage\":{\"@id\":\"https:\/\/noti-america.com\/site\/principal\/2026\/08\/10\/joaquina-inicia-nueva-etapa-artistica-con-el-lanzamiento-de-su-sencillo-verano-en-la-ciudad\/#primaryimage\"},\"image\":{\"@id\":\"https:\/\/noti-america.com\/site\/principal\/2026\/08\/10\/joaquina-inicia-nueva-etapa-artistica-con-el-lanzamiento-de-su-sencillo-verano-en-la-ciudad\/#primaryimage\"},\"thumbnailUrl\":\"https:\/\/noti-america.com\/site\/principal\/wp-content\/uploads\/sites\/26\/2026\/08\/captura-f75a4c.jpg\",\"datePublished\":\"2026-08-10T20:53:29+00:00\",\"author\":{\"@id\":\"https:\/\/noti-america.com\/site\/principal\/#\/schema\/person\/b0777fb8ad9a321dc446ddbbceae778f\"},\"breadcrumb\":{\"@id\":\"https:\/\/noti-america.com\/site\/principal\/2026\/08\/10\/joaquina-inicia-nueva-etapa-artistica-con-el-lanzamiento-de-su-sencillo-verano-en-la-ciudad\/#breadcrumb\"},\"inLanguage\":\"es\",\"potentialAction\":[{\"@type\":\"ReadAction\",\"target\":[\"https:\/\/noti-america.com\/site\/principal\/2026\/08\/10\/joaquina-inicia-nueva-etapa-artistica-con-el-lanzamiento-de-su-sencillo-verano-en-la-ciudad\/\"]}]},{\"@type\":\"ImageObject\",\"inLanguage\":\"es\",\"@id\":\"https:\/\/noti-america.com\/site\/principal\/2026\/08\/10\/joaquina-inicia-nueva-etapa-artistica-con-el-lanzamiento-de-su-sencillo-verano-en-la-ciudad\/#primaryimage\",\"url\":\"https:\/\/noti-america.com\/site\/principal\/wp-content\/uploads\/sites\/26\/2026\/08\/captura-f75a4c.jpg\",\"contentUrl\":\"https:\/\/noti-america.com\/site\/principal\/wp-content\/uploads\/sites\/26\/2026\/08\/captura-f75a4c.jpg\",\"width\":800,\"height\":500},{\"@type\":\"BreadcrumbList\",\"@id\":\"https:\/\/noti-america.com\/site\/principal\/2026\/08\/10\/joaquina-inicia-nueva-etapa-artistica-con-el-lanzamiento-de-su-sencillo-verano-en-la-ciudad\/#breadcrumb\",\"itemListElement\":[{\"@type\":\"ListItem\",\"position\":1,\"name\":\"Portada\",\"item\":\"https:\/\/noti-america.com\/site\/principal\/\"},{\"@type\":\"ListItem\",\"position\":2,\"name\":\"Joaquina inicia nueva etapa art\u00edstica con el lanzamiento de su sencillo \u00abVerano en la Ciudad\u00bb\"}]},{\"@type\":\"WebSite\",\"@id\":\"https:\/\/noti-america.com\/site\/principal\/#website\",\"url\":\"https:\/\/noti-america.com\/site\/principal\/\",\"name\":\"Noti-America.com\",\"description\":\"El Noticiero Digital M\u00e1s Grande de Am\u00e9rica\",\"potentialAction\":[{\"@type\":\"SearchAction\",\"target\":{\"@type\":\"EntryPoint\",\"urlTemplate\":\"https:\/\/noti-america.com\/site\/principal\/?s={search_term_string}\"},\"query-input\":{\"@type\":\"PropertyValueSpecification\",\"valueRequired\":true,\"valueName\":\"search_term_string\"}}],\"inLanguage\":\"es\"},{\"@type\":\"Person\",\"@id\":\"https:\/\/noti-america.com\/site\/principal\/#\/schema\/person\/b0777fb8ad9a321dc446ddbbceae778f\",\"name\":\"Maria Valentina Noguera Medina\",\"image\":{\"@type\":\"ImageObject\",\"inLanguage\":\"es\",\"@id\":\"https:\/\/secure.gravatar.com\/avatar\/4ec5eb9d099f2608a49c9df6f7341f66f04f819cdffa09d56a7a0e91d2819d56?s=96&d=mm&r=g\",\"url\":\"https:\/\/secure.gravatar.com\/avatar\/4ec5eb9d099f2608a49c9df6f7341f66f04f819cdffa09d56a7a0e91d2819d56?s=96&d=mm&r=g\",\"contentUrl\":\"https:\/\/secure.gravatar.com\/avatar\/4ec5eb9d099f2608a49c9df6f7341f66f04f819cdffa09d56a7a0e91d2819d56?s=96&d=mm&r=g\",\"caption\":\"Maria Valentina Noguera Medina\"},\"description\":\"Periodista - noti-america - Promar Community Manager - Talento Plus Dise\u00f1adora\/ creadora de contenido...\",\"sameAs\":[\"Mar\u00eda Valentina Noguera\",\"https:\/\/www.facebook.com\/mariavalentina.noguera\",\"https:\/\/www.linkedin.com\/in\/mara-valentina-noguera-medina-373075165\/\",\"https:\/\/www.pinterest.es\/valentinanoguera95\/\",\"https:\/\/www.youtube.com\/channel\/UCdek6mbUZ-Tqqw0I63i4nmQ\"],\"url\":\"https:\/\/noti-america.com\/site\/principal\/author\/mnoguera\/\"}]}<\/script>\n<!-- \/ Yoast SEO Premium plugin. -->","yoast_head_json":{"title":"Joaquina inicia nueva etapa art\u00edstica con el lanzamiento de su sencillo \u00abVerano en la Ciudad\u00bb - Noti-America.com","robots":{"index":"index","follow":"follow","max-snippet":"max-snippet:-1","max-image-preview":"max-image-preview:large","max-video-preview":"max-video-preview:-1"},"canonical":"https:\/\/noti-america.com\/site\/principal\/2026\/08\/10\/joaquina-inicia-nueva-etapa-artistica-con-el-lanzamiento-de-su-sencillo-verano-en-la-ciudad\/","og_locale":"es_ES","og_type":"article","og_title":"Joaquina inicia nueva etapa art\u00edstica con el lanzamiento de su sencillo \u00abVerano en la Ciudad\u00bb","og_description":"NOTI-AMERICA.COM | VENEZUELA La cantautora venezolana de pop latino y ganadora del Latin GRAMMY\u00ae, Joaquina, present\u00f3 oficialmente su nuevo tema \u00abVerano en la Ciudad\u00bb, una composici\u00f3n que marca el inicio de un nuevo ciclo&#46;&#46;&#46;","og_url":"https:\/\/noti-america.com\/site\/principal\/2026\/08\/10\/joaquina-inicia-nueva-etapa-artistica-con-el-lanzamiento-de-su-sencillo-verano-en-la-ciudad\/","og_site_name":"Noti-America.com","article_author":"Mar\u00eda Valentina Noguera","article_published_time":"2026-08-10T20:53:29+00:00","og_image":[{"width":800,"height":500,"url":"https:\/\/noti-america.com\/site\/principal\/wp-content\/uploads\/sites\/26\/2026\/08\/captura-f75a4c.jpg","type":"image\/jpeg"}],"author":"Maria Valentina Noguera Medina","twitter_card":"summary_large_image","twitter_misc":{"Escrito por":"Maria Valentina Noguera Medina","Tiempo estimado de lectura":"1 minuto"},"schema":{"@context":"https:\/\/schema.org","@graph":[{"@type":"Article","@id":"https:\/\/noti-america.com\/site\/principal\/2026\/08\/10\/joaquina-inicia-nueva-etapa-artistica-con-el-lanzamiento-de-su-sencillo-verano-en-la-ciudad\/#article","isPartOf":{"@id":"https:\/\/noti-america.com\/site\/principal\/2026\/08\/10\/joaquina-inicia-nueva-etapa-artistica-con-el-lanzamiento-de-su-sencillo-verano-en-la-ciudad\/"},"author":{"name":"Maria Valentina Noguera Medina","@id":"https:\/\/noti-america.com\/site\/principal\/#\/schema\/person\/b0777fb8ad9a321dc446ddbbceae778f"},"headline":"Joaquina inicia nueva etapa art\u00edstica con el lanzamiento de su sencillo \u00abVerano en la Ciudad\u00bb","datePublished":"2026-08-10T20:53:29+00:00","mainEntityOfPage":{"@id":"https:\/\/noti-america.com\/site\/principal\/2026\/08\/10\/joaquina-inicia-nueva-etapa-artistica-con-el-lanzamiento-de-su-sencillo-verano-en-la-ciudad\/"},"wordCount":228,"image":{"@id":"https:\/\/noti-america.com\/site\/principal\/2026\/08\/10\/joaquina-inicia-nueva-etapa-artistica-con-el-lanzamiento-de-su-sencillo-verano-en-la-ciudad\/#primaryimage"},"thumbnailUrl":"https:\/\/noti-america.com\/site\/principal\/wp-content\/uploads\/sites\/26\/2026\/08\/captura-f75a4c.jpg","articleSection":["Entretenimiento"],"inLanguage":"es"},{"@type":"WebPage","@id":"https:\/\/noti-america.com\/site\/principal\/2026\/08\/10\/joaquina-inicia-nueva-etapa-artistica-con-el-lanzamiento-de-su-sencillo-verano-en-la-ciudad\/","url":"https:\/\/noti-america.com\/site\/principal\/2026\/08\/10\/joaquina-inicia-nueva-etapa-artistica-con-el-lanzamiento-de-su-sencillo-verano-en-la-ciudad\/","name":"Joaquina inicia nueva etapa art\u00edstica con el lanzamiento de su sencillo \u00abVerano en la Ciudad\u00bb - Noti-America.com","isPartOf":{"@id":"https:\/\/noti-america.com\/site\/principal\/#website"},"primaryImageOfPage":{"@id":"https:\/\/noti-america.com\/site\/principal\/2026\/08\/10\/joaquina-inicia-nueva-etapa-artistica-con-el-lanzamiento-de-su-sencillo-verano-en-la-ciudad\/#primaryimage"},"image":{"@id":"https:\/\/noti-america.com\/site\/principal\/2026\/08\/10\/joaquina-inicia-nueva-etapa-artistica-con-el-lanzamiento-de-su-sencillo-verano-en-la-ciudad\/#primaryimage"},"thumbnailUrl":"https:\/\/noti-america.com\/site\/principal\/wp-content\/uploads\/sites\/26\/2026\/08\/captura-f75a4c.jpg","datePublished":"2026-08-10T20:53:29+00:00","author":{"@id":"https:\/\/noti-america.com\/site\/principal\/#\/schema\/person\/b0777fb8ad9a321dc446ddbbceae778f"},"breadcrumb":{"@id":"https:\/\/noti-america.com\/site\/principal\/2026\/08\/10\/joaquina-inicia-nueva-etapa-artistica-con-el-lanzamiento-de-su-sencillo-verano-en-la-ciudad\/#breadcrumb"},"inLanguage":"es","potentialAction":[{"@type":"ReadAction","target":["https:\/\/noti-america.com\/site\/principal\/2026\/08\/10\/joaquina-inicia-nueva-etapa-artistica-con-el-lanzamiento-de-su-sencillo-verano-en-la-ciudad\/"]}]},{"@type":"ImageObject","inLanguage":"es","@id":"https:\/\/noti-america.com\/site\/principal\/2026\/08\/10\/joaquina-inicia-nueva-etapa-artistica-con-el-lanzamiento-de-su-sencillo-verano-en-la-ciudad\/#primaryimage","url":"https:\/\/noti-america.com\/site\/principal\/wp-content\/uploads\/sites\/26\/2026\/08\/captura-f75a4c.jpg","contentUrl":"https:\/\/noti-america.com\/site\/principal\/wp-content\/uploads\/sites\/26\/2026\/08\/captura-f75a4c.jpg","width":800,"height":500},{"@type":"BreadcrumbList","@id":"https:\/\/noti-america.com\/site\/principal\/2026\/08\/10\/joaquina-inicia-nueva-etapa-artistica-con-el-lanzamiento-de-su-sencillo-verano-en-la-ciudad\/#breadcrumb","itemListElement":[{"@type":"ListItem","position":1,"name":"Portada","item":"https:\/\/noti-america.com\/site\/principal\/"},{"@type":"ListItem","position":2,"name":"Joaquina inicia nueva etapa art\u00edstica con el lanzamiento de su sencillo \u00abVerano en la Ciudad\u00bb"}]},{"@type":"WebSite","@id":"https:\/\/noti-america.com\/site\/principal\/#website","url":"https:\/\/noti-america.com\/site\/principal\/","name":"Noti-America.com","description":"El Noticiero Digital M\u00e1s Grande de Am\u00e9rica","potentialAction":[{"@type":"SearchAction","target":{"@type":"EntryPoint","urlTemplate":"https:\/\/noti-america.com\/site\/principal\/?s={search_term_string}"},"query-input":{"@type":"PropertyValueSpecification","valueRequired":true,"valueName":"search_term_string"}}],"inLanguage":"es"},{"@type":"Person","@id":"https:\/\/noti-america.com\/site\/principal\/#\/schema\/person\/b0777fb8ad9a321dc446ddbbceae778f","name":"Maria Valentina Noguera Medina","image":{"@type":"ImageObject","inLanguage":"es","@id":"https:\/\/secure.gravatar.com\/avatar\/4ec5eb9d099f2608a49c9df6f7341f66f04f819cdffa09d56a7a0e91d2819d56?s=96&d=mm&r=g","url":"https:\/\/secure.gravatar.com\/avatar\/4ec5eb9d099f2608a49c9df6f7341f66f04f819cdffa09d56a7a0e91d2819d56?s=96&d=mm&r=g","contentUrl":"https:\/\/secure.gravatar.com\/avatar\/4ec5eb9d099f2608a49c9df6f7341f66f04f819cdffa09d56a7a0e91d2819d56?s=96&d=mm&r=g","caption":"Maria Valentina Noguera Medina"},"description":"Periodista - noti-america - Promar Community Manager - Talento Plus Dise\u00f1adora\/ creadora de contenido...","sameAs":["Mar\u00eda Valentina Noguera","https:\/\/www.facebook.com\/mariavalentina.noguera","https:\/\/www.linkedin.com\/in\/mara-valentina-noguera-medina-373075165\/","https:\/\/www.pinterest.es\/valentinanoguera95\/","https:\/\/www.youtube.com\/channel\/UCdek6mbUZ-Tqqw0I63i4nmQ"],"url":"https:\/\/noti-america.com\/site\/principal\/author\/mnoguera\/"}]}},"_links":{"self":[{"href":"https:\/\/noti-america.com\/site\/principal\/wp-json\/wp\/v2\/posts\/93426","targetHints":{"allow":["GET"]}}],"collection":[{"href":"https:\/\/noti-america.com\/site\/principal\/wp-json\/wp\/v2\/posts"}],"about":[{"href":"https:\/\/noti-america.com\/site\/principal\/wp-json\/wp\/v2\/types\/post"}],"author":[{"embeddable":true,"href":"https:\/\/noti-america.com\/site\/principal\/wp-json\/wp\/v2\/users\/133"}],"replies":[{"embeddable":true,"href":"https:\/\/noti-america.com\/site\/principal\/wp-json\/wp\/v2\/comments?post=93426"}],"version-history":[{"count":1,"href":"https:\/\/noti-america.com\/site\/principal\/wp-json\/wp\/v2\/posts\/93426\/revisions"}],"predecessor-version":[{"id":93445,"href":"https:\/\/noti-america.com\/site\/principal\/wp-json\/wp\/v2\/posts\/93426\/revisions\/93445"}],"wp:featuredmedia":[{"embeddable":true,"href":"https:\/\/noti-america.com\/site\/principal\/wp-json\/wp\/v2\/media\/93427"}],"wp:attachment":[{"href":"https:\/\/noti-america.com\/site\/principal\/wp-json\/wp\/v2\/media?parent=93426"}],"wp:term":[{"taxonomy":"category","embeddable":true,"href":"https:\/\/noti-america.com\/site\/principal\/wp-json\/wp\/v2\/categories?post=93426"},{"taxonomy":"post_tag","embeddable":true,"href":"https:\/\/noti-america.com\/site\/principal\/wp-json\/wp\/v2\/tags?post=93426"}],"curies":[{"name":"wp","href":"https:\/\/api.w.org\/{rel}","templated":true}]}}