{"id":93101,"date":"2026-07-30T17:00:38","date_gmt":"2026-07-30T21:00:38","guid":{"rendered":"https:\/\/noti-america.com\/site\/principal\/?p=93101"},"modified":"2026-07-30T17:00:38","modified_gmt":"2026-07-30T21:00:38","slug":"shakira-afronta-su-mejor-momento-en-la-musica-despues-de-mas-de-30-anos-de-carrera","status":"publish","type":"post","link":"https:\/\/noti-america.com\/site\/principal\/2026\/07\/30\/shakira-afronta-su-mejor-momento-en-la-musica-despues-de-mas-de-30-anos-de-carrera\/","title":{"rendered":"Shakira afronta su mejor momento en la m\u00fasica despu\u00e9s de m\u00e1s de 30 a\u00f1os de carrera"},"content":{"rendered":"<p>NOTI-AMERICA.COM | ESPA\u00d1A<\/p>\n<p style=\"text-align: justify\">A pesar de llevar 35 a\u00f1os de carrera a sus espaldas,\u00a0<b>Shakira<\/b><b>\u00a0sigue siendo la reina indiscutible del pop latino\u00a0<\/b>y parece que su reinado tiene m\u00e1s fuerza que nunca. La colombiana se encuentra en uno de los momentos de mayor \u00e9xito de su trayectoria art\u00edstica y los n\u00fameros lo avalan.<\/p>\n<p style=\"text-align: justify\">Despu\u00e9s del triunfo de\u00a0<b>Waka Waka\u00a0<\/b>en 2010,\u00a0la loba\u00a0ha vuelto a poner m\u00fasica al Mundial de f\u00fatbol este a\u00f1o con\u00a0<b>Dai Dai<\/b>.\u00a0La colaboraci\u00f3n junto a Burna Boy no ha parado de sonar durante las semanas del torneo y ha batido nuevos logros en la trayectoria de la artista. Cuando sali\u00f3 a la luz en mayo, la canci\u00f3n alcanz\u00f3 el n\u00famero uno en las listas de \u00e9xito globales de plataformas de\u00a0streaming,\u00a0y en julio bati\u00f3 el<b>\u00a0r\u00e9cord del tema interpretado por una artista femenino<\/b>\u00a0ha permanecido en lo m\u00e1s alto de la lista de Spotify en 2026, al mantenerse en la cima durante 17 d\u00edas.<\/p>\n<p style=\"text-align: justify\">Tras el \u00e9xito de\u00a0Dai Dai,\u00a0Shakira ha escalado hasta el<b>\u00a0top 5 de artistas m\u00e1s escuchadas<\/b>\u00a0en Spotify, el puesto m\u00e1s alto que ha alcanzado una artista latina en la historia de la plataforma. Pero el himno del mundial no es la \u00fanica canci\u00f3n que est\u00e1 haciendo grandes n\u00fameros de\u00a0streaming. Esta semana, su ic\u00f3nico tema junto a Wyclef Jean,\u00a0<b>Hips Don&#8217;t Lie<\/b>,\u00a0ha entrado en el top 50 global de Spotify.<\/p>\n<p style=\"text-align: justify\">Los n\u00fameros en las plataformas de\u00a0streaming\u00a0son solo un reflejo m\u00e1s del \u00e9xito actual de Shakira. En febrero de 2025 la de Barranquilla inici\u00f3 el\u00a0<b>Las Mujeres Ya No Lloran World Tour<\/b><b>,<\/b>\u00a0que terminar\u00e1 el pr\u00f3ximo mes de noviembre, al que acudir\u00e1n 6,3 millones de asistentes, convirti\u00e9ndose en<b>\u00a0la gira latina m\u00e1s exitosa de la historia.<\/b><\/p>\n<h3 class=\"article-title-1\" style=\"text-align: justify\">La residencia de Shakira en Madrid<\/h3>\n<p style=\"text-align: justify\">El pr\u00f3ximo mes de septiembre,\u00a0Las Mujeres Ya No Lloran World Tour\u00a0aterrizar\u00e1 en Espa\u00f1a en\u00a0<b>una residencia de doce conciertos en Madrid<\/b>, en un estadio construido especialmente para la ocasi\u00f3n. El\u00a0<b>estadio Shakira<\/b>\u00a0se ubicar\u00e1 en el espacio Iberdrola Music en Villaverde Alto, y ser\u00e1 mucho m\u00e1s que un simple escenario.<\/p>\n<div style=\"text-align: justify\"><\/div>\n<p style=\"text-align: justify\">\n","protected":false},"excerpt":{"rendered":"<p>NOTI-AMERICA.COM | ESPA\u00d1A A pesar de llevar 35 a\u00f1os de carrera a sus espaldas,\u00a0Shakira\u00a0sigue siendo la reina indiscutible del pop latino\u00a0y parece que su reinado tiene m\u00e1s fuerza que nunca. La colombiana se encuentra&#46;&#46;&#46;<\/p>\n","protected":false},"author":133,"featured_media":93102,"comment_status":"","ping_status":"open","sticky":false,"template":"","format":"image","meta":{"_acf_changed":false,"rop_custom_images_group":[],"rop_custom_messages_group":[],"rop_publish_now":"no","rop_publish_now_accounts":[],"rop_publish_now_history":[],"rop_publish_now_status":"pending","footnotes":""},"categories":[886],"tags":[],"class_list":["post-93101","post","type-post","status-publish","format-image","has-post-thumbnail","hentry","category-acturalidad","post_format-post-format-image"],"acf":[],"yoast_head":"<!-- This site is optimized with the Yoast SEO Premium plugin v24.9 (Yoast SEO v27.2) - https:\/\/yoast.com\/product\/yoast-seo-premium-wordpress\/ -->\n<title>Shakira afronta su mejor momento en la m\u00fasica despu\u00e9s de m\u00e1s de 30 a\u00f1os de carrera - Noti-America.com<\/title>\n<meta name=\"robots\" content=\"index, follow, max-snippet:-1, max-image-preview:large, max-video-preview:-1\" \/>\n<link rel=\"canonical\" href=\"https:\/\/noti-america.com\/site\/principal\/2026\/07\/30\/shakira-afronta-su-mejor-momento-en-la-musica-despues-de-mas-de-30-anos-de-carrera\/\" \/>\n<meta property=\"og:locale\" content=\"es_ES\" \/>\n<meta property=\"og:type\" content=\"article\" \/>\n<meta property=\"og:title\" content=\"Shakira afronta su mejor momento en la m\u00fasica despu\u00e9s de m\u00e1s de 30 a\u00f1os de carrera\" \/>\n<meta property=\"og:description\" content=\"NOTI-AMERICA.COM | ESPA\u00d1A A pesar de llevar 35 a\u00f1os de carrera a sus espaldas,\u00a0Shakira\u00a0sigue siendo la reina indiscutible del pop latino\u00a0y parece que su reinado tiene m\u00e1s fuerza que nunca. La colombiana se encuentra&#046;&#046;&#046;\" \/>\n<meta property=\"og:url\" content=\"https:\/\/noti-america.com\/site\/principal\/2026\/07\/30\/shakira-afronta-su-mejor-momento-en-la-musica-despues-de-mas-de-30-anos-de-carrera\/\" \/>\n<meta property=\"og:site_name\" content=\"Noti-America.com\" \/>\n<meta property=\"article:author\" content=\"Mar\u00eda Valentina Noguera\" \/>\n<meta property=\"article:published_time\" content=\"2026-07-30T21:00:38+00:00\" \/>\n<meta property=\"og:image\" content=\"https:\/\/noti-america.com\/site\/principal\/wp-content\/uploads\/sites\/26\/2026\/07\/Screenshot_30-7-2026_125859_image.europafm.com_.jpeg\" \/>\n\t<meta property=\"og:image:width\" content=\"1147\" \/>\n\t<meta property=\"og:image:height\" content=\"632\" \/>\n\t<meta property=\"og:image:type\" content=\"image\/jpeg\" \/>\n<meta name=\"author\" content=\"Maria Valentina Noguera Medina\" \/>\n<meta name=\"twitter:card\" content=\"summary_large_image\" \/>\n<meta name=\"twitter:label1\" content=\"Escrito por\" \/>\n\t<meta name=\"twitter:data1\" content=\"Maria Valentina Noguera Medina\" \/>\n\t<meta name=\"twitter:label2\" content=\"Tiempo estimado de lectura\" \/>\n\t<meta name=\"twitter:data2\" content=\"2 minutos\" \/>\n<script type=\"application\/ld+json\" class=\"yoast-schema-graph\">{\"@context\":\"https:\/\/schema.org\",\"@graph\":[{\"@type\":\"Article\",\"@id\":\"https:\/\/noti-america.com\/site\/principal\/2026\/07\/30\/shakira-afronta-su-mejor-momento-en-la-musica-despues-de-mas-de-30-anos-de-carrera\/#article\",\"isPartOf\":{\"@id\":\"https:\/\/noti-america.com\/site\/principal\/2026\/07\/30\/shakira-afronta-su-mejor-momento-en-la-musica-despues-de-mas-de-30-anos-de-carrera\/\"},\"author\":{\"name\":\"Maria Valentina Noguera Medina\",\"@id\":\"https:\/\/noti-america.com\/site\/principal\/#\/schema\/person\/b0777fb8ad9a321dc446ddbbceae778f\"},\"headline\":\"Shakira afronta su mejor momento en la m\u00fasica despu\u00e9s de m\u00e1s de 30 a\u00f1os de carrera\",\"datePublished\":\"2026-07-30T21:00:38+00:00\",\"mainEntityOfPage\":{\"@id\":\"https:\/\/noti-america.com\/site\/principal\/2026\/07\/30\/shakira-afronta-su-mejor-momento-en-la-musica-despues-de-mas-de-30-anos-de-carrera\/\"},\"wordCount\":392,\"image\":{\"@id\":\"https:\/\/noti-america.com\/site\/principal\/2026\/07\/30\/shakira-afronta-su-mejor-momento-en-la-musica-despues-de-mas-de-30-anos-de-carrera\/#primaryimage\"},\"thumbnailUrl\":\"https:\/\/noti-america.com\/site\/principal\/wp-content\/uploads\/sites\/26\/2026\/07\/Screenshot_30-7-2026_125859_image.europafm.com_.jpeg\",\"articleSection\":[\"Actualidad\"],\"inLanguage\":\"es\"},{\"@type\":\"WebPage\",\"@id\":\"https:\/\/noti-america.com\/site\/principal\/2026\/07\/30\/shakira-afronta-su-mejor-momento-en-la-musica-despues-de-mas-de-30-anos-de-carrera\/\",\"url\":\"https:\/\/noti-america.com\/site\/principal\/2026\/07\/30\/shakira-afronta-su-mejor-momento-en-la-musica-despues-de-mas-de-30-anos-de-carrera\/\",\"name\":\"Shakira afronta su mejor momento en la m\u00fasica despu\u00e9s de m\u00e1s de 30 a\u00f1os de carrera - Noti-America.com\",\"isPartOf\":{\"@id\":\"https:\/\/noti-america.com\/site\/principal\/#website\"},\"primaryImageOfPage\":{\"@id\":\"https:\/\/noti-america.com\/site\/principal\/2026\/07\/30\/shakira-afronta-su-mejor-momento-en-la-musica-despues-de-mas-de-30-anos-de-carrera\/#primaryimage\"},\"image\":{\"@id\":\"https:\/\/noti-america.com\/site\/principal\/2026\/07\/30\/shakira-afronta-su-mejor-momento-en-la-musica-despues-de-mas-de-30-anos-de-carrera\/#primaryimage\"},\"thumbnailUrl\":\"https:\/\/noti-america.com\/site\/principal\/wp-content\/uploads\/sites\/26\/2026\/07\/Screenshot_30-7-2026_125859_image.europafm.com_.jpeg\",\"datePublished\":\"2026-07-30T21:00:38+00:00\",\"author\":{\"@id\":\"https:\/\/noti-america.com\/site\/principal\/#\/schema\/person\/b0777fb8ad9a321dc446ddbbceae778f\"},\"breadcrumb\":{\"@id\":\"https:\/\/noti-america.com\/site\/principal\/2026\/07\/30\/shakira-afronta-su-mejor-momento-en-la-musica-despues-de-mas-de-30-anos-de-carrera\/#breadcrumb\"},\"inLanguage\":\"es\",\"potentialAction\":[{\"@type\":\"ReadAction\",\"target\":[\"https:\/\/noti-america.com\/site\/principal\/2026\/07\/30\/shakira-afronta-su-mejor-momento-en-la-musica-despues-de-mas-de-30-anos-de-carrera\/\"]}]},{\"@type\":\"ImageObject\",\"inLanguage\":\"es\",\"@id\":\"https:\/\/noti-america.com\/site\/principal\/2026\/07\/30\/shakira-afronta-su-mejor-momento-en-la-musica-despues-de-mas-de-30-anos-de-carrera\/#primaryimage\",\"url\":\"https:\/\/noti-america.com\/site\/principal\/wp-content\/uploads\/sites\/26\/2026\/07\/Screenshot_30-7-2026_125859_image.europafm.com_.jpeg\",\"contentUrl\":\"https:\/\/noti-america.com\/site\/principal\/wp-content\/uploads\/sites\/26\/2026\/07\/Screenshot_30-7-2026_125859_image.europafm.com_.jpeg\",\"width\":1147,\"height\":632},{\"@type\":\"BreadcrumbList\",\"@id\":\"https:\/\/noti-america.com\/site\/principal\/2026\/07\/30\/shakira-afronta-su-mejor-momento-en-la-musica-despues-de-mas-de-30-anos-de-carrera\/#breadcrumb\",\"itemListElement\":[{\"@type\":\"ListItem\",\"position\":1,\"name\":\"Portada\",\"item\":\"https:\/\/noti-america.com\/site\/principal\/\"},{\"@type\":\"ListItem\",\"position\":2,\"name\":\"Shakira afronta su mejor momento en la m\u00fasica despu\u00e9s de m\u00e1s de 30 a\u00f1os de carrera\"}]},{\"@type\":\"WebSite\",\"@id\":\"https:\/\/noti-america.com\/site\/principal\/#website\",\"url\":\"https:\/\/noti-america.com\/site\/principal\/\",\"name\":\"Noti-America.com\",\"description\":\"El Noticiero Digital M\u00e1s Grande de Am\u00e9rica\",\"potentialAction\":[{\"@type\":\"SearchAction\",\"target\":{\"@type\":\"EntryPoint\",\"urlTemplate\":\"https:\/\/noti-america.com\/site\/principal\/?s={search_term_string}\"},\"query-input\":{\"@type\":\"PropertyValueSpecification\",\"valueRequired\":true,\"valueName\":\"search_term_string\"}}],\"inLanguage\":\"es\"},{\"@type\":\"Person\",\"@id\":\"https:\/\/noti-america.com\/site\/principal\/#\/schema\/person\/b0777fb8ad9a321dc446ddbbceae778f\",\"name\":\"Maria Valentina Noguera Medina\",\"image\":{\"@type\":\"ImageObject\",\"inLanguage\":\"es\",\"@id\":\"https:\/\/secure.gravatar.com\/avatar\/4ec5eb9d099f2608a49c9df6f7341f66f04f819cdffa09d56a7a0e91d2819d56?s=96&d=mm&r=g\",\"url\":\"https:\/\/secure.gravatar.com\/avatar\/4ec5eb9d099f2608a49c9df6f7341f66f04f819cdffa09d56a7a0e91d2819d56?s=96&d=mm&r=g\",\"contentUrl\":\"https:\/\/secure.gravatar.com\/avatar\/4ec5eb9d099f2608a49c9df6f7341f66f04f819cdffa09d56a7a0e91d2819d56?s=96&d=mm&r=g\",\"caption\":\"Maria Valentina Noguera Medina\"},\"description\":\"Periodista - noti-america - Promar Community Manager - Talento Plus Dise\u00f1adora\/ creadora de contenido...\",\"sameAs\":[\"Mar\u00eda Valentina Noguera\",\"https:\/\/www.facebook.com\/mariavalentina.noguera\",\"https:\/\/www.linkedin.com\/in\/mara-valentina-noguera-medina-373075165\/\",\"https:\/\/www.pinterest.es\/valentinanoguera95\/\",\"https:\/\/www.youtube.com\/channel\/UCdek6mbUZ-Tqqw0I63i4nmQ\"],\"url\":\"https:\/\/noti-america.com\/site\/principal\/author\/mnoguera\/\"}]}<\/script>\n<!-- \/ Yoast SEO Premium plugin. -->","yoast_head_json":{"title":"Shakira afronta su mejor momento en la m\u00fasica despu\u00e9s de m\u00e1s de 30 a\u00f1os de carrera - Noti-America.com","robots":{"index":"index","follow":"follow","max-snippet":"max-snippet:-1","max-image-preview":"max-image-preview:large","max-video-preview":"max-video-preview:-1"},"canonical":"https:\/\/noti-america.com\/site\/principal\/2026\/07\/30\/shakira-afronta-su-mejor-momento-en-la-musica-despues-de-mas-de-30-anos-de-carrera\/","og_locale":"es_ES","og_type":"article","og_title":"Shakira afronta su mejor momento en la m\u00fasica despu\u00e9s de m\u00e1s de 30 a\u00f1os de carrera","og_description":"NOTI-AMERICA.COM | ESPA\u00d1A A pesar de llevar 35 a\u00f1os de carrera a sus espaldas,\u00a0Shakira\u00a0sigue siendo la reina indiscutible del pop latino\u00a0y parece que su reinado tiene m\u00e1s fuerza que nunca. La colombiana se encuentra&#46;&#46;&#46;","og_url":"https:\/\/noti-america.com\/site\/principal\/2026\/07\/30\/shakira-afronta-su-mejor-momento-en-la-musica-despues-de-mas-de-30-anos-de-carrera\/","og_site_name":"Noti-America.com","article_author":"Mar\u00eda Valentina Noguera","article_published_time":"2026-07-30T21:00:38+00:00","og_image":[{"width":1147,"height":632,"url":"https:\/\/noti-america.com\/site\/principal\/wp-content\/uploads\/sites\/26\/2026\/07\/Screenshot_30-7-2026_125859_image.europafm.com_.jpeg","type":"image\/jpeg"}],"author":"Maria Valentina Noguera Medina","twitter_card":"summary_large_image","twitter_misc":{"Escrito por":"Maria Valentina Noguera Medina","Tiempo estimado de lectura":"2 minutos"},"schema":{"@context":"https:\/\/schema.org","@graph":[{"@type":"Article","@id":"https:\/\/noti-america.com\/site\/principal\/2026\/07\/30\/shakira-afronta-su-mejor-momento-en-la-musica-despues-de-mas-de-30-anos-de-carrera\/#article","isPartOf":{"@id":"https:\/\/noti-america.com\/site\/principal\/2026\/07\/30\/shakira-afronta-su-mejor-momento-en-la-musica-despues-de-mas-de-30-anos-de-carrera\/"},"author":{"name":"Maria Valentina Noguera Medina","@id":"https:\/\/noti-america.com\/site\/principal\/#\/schema\/person\/b0777fb8ad9a321dc446ddbbceae778f"},"headline":"Shakira afronta su mejor momento en la m\u00fasica despu\u00e9s de m\u00e1s de 30 a\u00f1os de carrera","datePublished":"2026-07-30T21:00:38+00:00","mainEntityOfPage":{"@id":"https:\/\/noti-america.com\/site\/principal\/2026\/07\/30\/shakira-afronta-su-mejor-momento-en-la-musica-despues-de-mas-de-30-anos-de-carrera\/"},"wordCount":392,"image":{"@id":"https:\/\/noti-america.com\/site\/principal\/2026\/07\/30\/shakira-afronta-su-mejor-momento-en-la-musica-despues-de-mas-de-30-anos-de-carrera\/#primaryimage"},"thumbnailUrl":"https:\/\/noti-america.com\/site\/principal\/wp-content\/uploads\/sites\/26\/2026\/07\/Screenshot_30-7-2026_125859_image.europafm.com_.jpeg","articleSection":["Actualidad"],"inLanguage":"es"},{"@type":"WebPage","@id":"https:\/\/noti-america.com\/site\/principal\/2026\/07\/30\/shakira-afronta-su-mejor-momento-en-la-musica-despues-de-mas-de-30-anos-de-carrera\/","url":"https:\/\/noti-america.com\/site\/principal\/2026\/07\/30\/shakira-afronta-su-mejor-momento-en-la-musica-despues-de-mas-de-30-anos-de-carrera\/","name":"Shakira afronta su mejor momento en la m\u00fasica despu\u00e9s de m\u00e1s de 30 a\u00f1os de carrera - Noti-America.com","isPartOf":{"@id":"https:\/\/noti-america.com\/site\/principal\/#website"},"primaryImageOfPage":{"@id":"https:\/\/noti-america.com\/site\/principal\/2026\/07\/30\/shakira-afronta-su-mejor-momento-en-la-musica-despues-de-mas-de-30-anos-de-carrera\/#primaryimage"},"image":{"@id":"https:\/\/noti-america.com\/site\/principal\/2026\/07\/30\/shakira-afronta-su-mejor-momento-en-la-musica-despues-de-mas-de-30-anos-de-carrera\/#primaryimage"},"thumbnailUrl":"https:\/\/noti-america.com\/site\/principal\/wp-content\/uploads\/sites\/26\/2026\/07\/Screenshot_30-7-2026_125859_image.europafm.com_.jpeg","datePublished":"2026-07-30T21:00:38+00:00","author":{"@id":"https:\/\/noti-america.com\/site\/principal\/#\/schema\/person\/b0777fb8ad9a321dc446ddbbceae778f"},"breadcrumb":{"@id":"https:\/\/noti-america.com\/site\/principal\/2026\/07\/30\/shakira-afronta-su-mejor-momento-en-la-musica-despues-de-mas-de-30-anos-de-carrera\/#breadcrumb"},"inLanguage":"es","potentialAction":[{"@type":"ReadAction","target":["https:\/\/noti-america.com\/site\/principal\/2026\/07\/30\/shakira-afronta-su-mejor-momento-en-la-musica-despues-de-mas-de-30-anos-de-carrera\/"]}]},{"@type":"ImageObject","inLanguage":"es","@id":"https:\/\/noti-america.com\/site\/principal\/2026\/07\/30\/shakira-afronta-su-mejor-momento-en-la-musica-despues-de-mas-de-30-anos-de-carrera\/#primaryimage","url":"https:\/\/noti-america.com\/site\/principal\/wp-content\/uploads\/sites\/26\/2026\/07\/Screenshot_30-7-2026_125859_image.europafm.com_.jpeg","contentUrl":"https:\/\/noti-america.com\/site\/principal\/wp-content\/uploads\/sites\/26\/2026\/07\/Screenshot_30-7-2026_125859_image.europafm.com_.jpeg","width":1147,"height":632},{"@type":"BreadcrumbList","@id":"https:\/\/noti-america.com\/site\/principal\/2026\/07\/30\/shakira-afronta-su-mejor-momento-en-la-musica-despues-de-mas-de-30-anos-de-carrera\/#breadcrumb","itemListElement":[{"@type":"ListItem","position":1,"name":"Portada","item":"https:\/\/noti-america.com\/site\/principal\/"},{"@type":"ListItem","position":2,"name":"Shakira afronta su mejor momento en la m\u00fasica despu\u00e9s de m\u00e1s de 30 a\u00f1os de carrera"}]},{"@type":"WebSite","@id":"https:\/\/noti-america.com\/site\/principal\/#website","url":"https:\/\/noti-america.com\/site\/principal\/","name":"Noti-America.com","description":"El Noticiero Digital M\u00e1s Grande de Am\u00e9rica","potentialAction":[{"@type":"SearchAction","target":{"@type":"EntryPoint","urlTemplate":"https:\/\/noti-america.com\/site\/principal\/?s={search_term_string}"},"query-input":{"@type":"PropertyValueSpecification","valueRequired":true,"valueName":"search_term_string"}}],"inLanguage":"es"},{"@type":"Person","@id":"https:\/\/noti-america.com\/site\/principal\/#\/schema\/person\/b0777fb8ad9a321dc446ddbbceae778f","name":"Maria Valentina Noguera Medina","image":{"@type":"ImageObject","inLanguage":"es","@id":"https:\/\/secure.gravatar.com\/avatar\/4ec5eb9d099f2608a49c9df6f7341f66f04f819cdffa09d56a7a0e91d2819d56?s=96&d=mm&r=g","url":"https:\/\/secure.gravatar.com\/avatar\/4ec5eb9d099f2608a49c9df6f7341f66f04f819cdffa09d56a7a0e91d2819d56?s=96&d=mm&r=g","contentUrl":"https:\/\/secure.gravatar.com\/avatar\/4ec5eb9d099f2608a49c9df6f7341f66f04f819cdffa09d56a7a0e91d2819d56?s=96&d=mm&r=g","caption":"Maria Valentina Noguera Medina"},"description":"Periodista - noti-america - Promar Community Manager - Talento Plus Dise\u00f1adora\/ creadora de contenido...","sameAs":["Mar\u00eda Valentina Noguera","https:\/\/www.facebook.com\/mariavalentina.noguera","https:\/\/www.linkedin.com\/in\/mara-valentina-noguera-medina-373075165\/","https:\/\/www.pinterest.es\/valentinanoguera95\/","https:\/\/www.youtube.com\/channel\/UCdek6mbUZ-Tqqw0I63i4nmQ"],"url":"https:\/\/noti-america.com\/site\/principal\/author\/mnoguera\/"}]}},"_links":{"self":[{"href":"https:\/\/noti-america.com\/site\/principal\/wp-json\/wp\/v2\/posts\/93101","targetHints":{"allow":["GET"]}}],"collection":[{"href":"https:\/\/noti-america.com\/site\/principal\/wp-json\/wp\/v2\/posts"}],"about":[{"href":"https:\/\/noti-america.com\/site\/principal\/wp-json\/wp\/v2\/types\/post"}],"author":[{"embeddable":true,"href":"https:\/\/noti-america.com\/site\/principal\/wp-json\/wp\/v2\/users\/133"}],"replies":[{"embeddable":true,"href":"https:\/\/noti-america.com\/site\/principal\/wp-json\/wp\/v2\/comments?post=93101"}],"version-history":[{"count":1,"href":"https:\/\/noti-america.com\/site\/principal\/wp-json\/wp\/v2\/posts\/93101\/revisions"}],"predecessor-version":[{"id":93144,"href":"https:\/\/noti-america.com\/site\/principal\/wp-json\/wp\/v2\/posts\/93101\/revisions\/93144"}],"wp:featuredmedia":[{"embeddable":true,"href":"https:\/\/noti-america.com\/site\/principal\/wp-json\/wp\/v2\/media\/93102"}],"wp:attachment":[{"href":"https:\/\/noti-america.com\/site\/principal\/wp-json\/wp\/v2\/media?parent=93101"}],"wp:term":[{"taxonomy":"category","embeddable":true,"href":"https:\/\/noti-america.com\/site\/principal\/wp-json\/wp\/v2\/categories?post=93101"},{"taxonomy":"post_tag","embeddable":true,"href":"https:\/\/noti-america.com\/site\/principal\/wp-json\/wp\/v2\/tags?post=93101"}],"curies":[{"name":"wp","href":"https:\/\/api.w.org\/{rel}","templated":true}]}}