{"id":9021,"date":"2022-01-08T23:46:56","date_gmt":"2022-01-09T03:46:56","guid":{"rendered":"https:\/\/noti-america.com\/site\/principal\/?p=9021"},"modified":"2022-01-08T19:46:58","modified_gmt":"2022-01-08T23:46:58","slug":"que-factores-impulsan-la-migracion-rural-en-america-latina-y-el-caribe","status":"publish","type":"post","link":"https:\/\/noti-america.com\/site\/principal\/2022\/01\/08\/que-factores-impulsan-la-migracion-rural-en-america-latina-y-el-caribe\/","title":{"rendered":"\u00bfQu\u00e9 factores impulsan la migraci\u00f3n rural en Am\u00e9rica Latina y el Caribe?"},"content":{"rendered":"<p>REDACCI\u00d3N NOTI AM\u00c9RICA (ECUADOR)<\/p>\n<div style=\"width: 1210px\" class=\"wp-caption alignnone\"><img loading=\"lazy\" decoding=\"async\" src=\"https:\/\/blogs.iadb.org\/ideas-que-cuentan\/wp-content\/uploads\/sites\/11\/2021\/11\/RES-Blog-migrants.jpg\" alt=\"\" width=\"1200\" height=\"550\" \/><p class=\"wp-caption-text\">Migraci\u00f3n rural en ALC<\/p><\/div>\n<p style=\"text-align: justify\">La historia de la migraci\u00f3n en Am\u00e9rica Latina y el Caribe en el siglo XX y principios del XXI es la de un \u00e9xodo masivo de las zonas rurales a las ciudades. En 1960, menos de la mitad de la poblaci\u00f3n de la regi\u00f3n viv\u00eda en las ciudades. Para 2016 esa proporci\u00f3n\u00a0<a href=\"https:\/\/ourworldindata.org\/grapher\/share-of-population-urban?tab=chart&amp;time=earliest..2020&amp;country=BRA~OWID_WRL~Latin+America+&amp;+Caribbean~MEX\" target=\"_blank\" rel=\"noreferrer noopener\">se elev\u00f3 por encima del 80%<\/a>.<\/p>\n<p style=\"text-align: justify\">Es importante entender las motivaciones de este movimiento de masas. Mientras que algunas migraciones rurales son forzadas, impulsadas por eventos extremos como\u00a0<a href=\"https:\/\/blogs.iadb.org\/sostenibilidad\/en\/the-climate-crisis-could-drive-massive-human-displacement-in-latin-america-and-the-caribbean\/\" target=\"_blank\" rel=\"noreferrer noopener\">cat\u00e1strofes clim\u00e1ticas<\/a>\u00a0o\u00a0<a href=\"https:\/\/blogs.iadb.org\/efectividad-desarrollo\/es\/al-final-del-conflicto-donde-ira-la-poblacion-desplazada-en-colombia\/\" target=\"_blank\" rel=\"noreferrer noopener\">conflictos armados<\/a>, hay un gran n\u00famero de personas que abandonan sus hogares rurales por otros motivos. De hecho, siguen llegando en masas a las ciudades a pesar de que all\u00ed encuentran condiciones de trabajo y de vida a menudo muy deficientes. Pero, \u00bfqu\u00e9 les impulsa a emigrar? \u00bfSe trata acaso de la diferencia salarial entre el campo y los centros urbanos, incluyendo la posibilidad de tener un mejor sustento para s\u00ed mismos y sus familias? \u00bfO acaso se sienten m\u00e1s atra\u00eddos por factores no monetarios, como mejores servicios de salud y educaci\u00f3n?<\/p>\n<h4 style=\"text-align: justify\"><strong>Migraci\u00f3n rural en Brasil<\/strong><\/h4>\n<p style=\"text-align: justify\"><a href=\"https:\/\/doi.org\/10.1016\/j.regsciurbeco.2021.103658\" target=\"_blank\" rel=\"noreferrer noopener\">En un estudio reciente<\/a>\u00a0analizamos estas cuestiones, examinando las ciudades de Brasil entre 1991 y 2010.\u00a0 Entre 2000 y 2010, 2.8 millones de personas en Brasil emigraron de municipios rurales a zonas urbanas (Gr\u00e1fico 1). Esto equivale a casi el 30% de la migraci\u00f3n interna a las ciudades, y al 9,7% de la poblaci\u00f3n rural. Quer\u00edamos ver qu\u00e9 motivos impulsaban esta migraci\u00f3n, ya que esto tiene importantes repercusiones para el dise\u00f1o de pol\u00edticas p\u00fablicas, desde la creaci\u00f3n de empleo urbano hasta las pol\u00edticas de vivienda.<\/p>\n<p class=\"has-text-align-center\" style=\"text-align: justify\"><strong>Gr\u00e1fico 1:\u00a0Migraci\u00f3n interna de individuos en edad de trabajar<\/strong><\/p>\n<p class=\"has-text-align-center\" style=\"text-align: justify\"><strong>Brasil, 1970-2010<\/strong><\/p>\n<figure class=\"wp-block-image size-full is-resized\" style=\"text-align: justify\">\n<p><div id=\"attachment_9021\" style=\"width: 810px\" class=\"wp-caption alignnone\"><a href=\"https:\/\/blogs.iadb.org\/ideas-que-cuentan\/wp-content\/uploads\/sites\/11\/2021\/11\/Figura1_ESP.jpg\"><img loading=\"lazy\" decoding=\"async\" aria-describedby=\"caption-attachment-9021\" class=\"wp-image-90229021\" src=\"https:\/\/blogs.iadb.org\/ideas-que-cuentan\/wp-content\/uploads\/sites\/11\/2021\/11\/Figura1_ESP.jpg\" alt=\"\" width=\"800\" height=\"562\" \/><\/a><p id=\"caption-attachment-9021\" class=\"wp-caption-text\">Nota:\u00a0Estimaciones a nivel nacional construidas a partir de microdatos censales individuales. Definimos a los migrantes como personas en edad de trabajar que viv\u00edan en un municipio diferente cinco a\u00f1os antes del censo. Los migrantes urbanos son los que resid\u00edan en ciudades en el momento del censo.<\/p><\/div><\/figure>\n<p style=\"text-align: justify\">Una mayor concentraci\u00f3n de personas en las \u00e1reas metropolitanas tiene efectos positivos sobre la productividad y el desarrollo. Pero tambi\u00e9n puede generar condiciones socioecon\u00f3micas dif\u00edciles para los migrantes, incluyendo altos niveles de\u00a0<a href=\"https:\/\/journals.sagepub.com\/doi\/abs\/10.1177\/0094582X9702400304?casa_token=bB477TWBDSQAAAAA:_HzJZ9LjirGerAa3rqmKznTMCPpH9E21AMtkOnFNsj6lXXxYP43IiLfp4QR33qKh52mh0rEqTrgD&amp;\" target=\"_blank\" rel=\"noreferrer noopener\">subempleo e informalidad<\/a>, mayor desigualdad,\u00a0<a href=\"https:\/\/www.sciencedirect.com\/science\/article\/pii\/S0094119010000707\" target=\"_blank\" rel=\"noreferrer noopener\">acceso limitado a los servicios p\u00fablicos<\/a>\u00a0y mala salud. Estos inconvenientes, a su vez, pueden provocar m\u00e1s conflictos sociales y delincuencia. Entender las motivaciones de los migrantes puede ayudar a mitigar esos problemas y a garantizar que los migrantes logren integrarse con \u00e9xito en el tejido urbano, tanto en beneficio propio como en el de la sociedad en general.<\/p>\n<p style=\"text-align: justify\">Un punto de partida clave es una influyente teor\u00eda elaborada en los a\u00f1os 70 por John Harris y Michael Todaro. Estos economistas sostienen que la migraci\u00f3n del campo a la ciudad continuar\u00e1, incluso si el riesgo de desempleo es alto, siempre que el\u00a0<em>salario esperado<\/em>\u00a0en la ciudad (incluyendo la posibilidad de desempleo) sea mayor que en el campo. \u00a0Harris y Todaro escrib\u00edan en otra \u00e9poca y ten\u00edan en mente sociedades que segu\u00edan siendo predominantemente rurales, con enormes diferencias de ingresos entre las zonas urbanas y las rurales. Pero a medida que avanza la urbanizaci\u00f3n, esas diferencias disminuyen. Es probable que\u00a0<a href=\"https:\/\/www.sciencedirect.com\/science\/article\/pii\/S0166046221000739\" target=\"_blank\" rel=\"noreferrer noopener\">otras explicaciones<\/a>\u00a0importen m\u00e1s, por ejemplo, el acceso a los servicios urbanos, como la salud y la educaci\u00f3n p\u00fablicas.\u00a0 Nuestro objetivo era ver si la explicaci\u00f3n tradicional de lo que impulsa la migraci\u00f3n del campo a la ciudad sigue resultando \u00fatil para entender as\u00ed el flujo continuo de migrantes rurales hacia las ciudades en una regi\u00f3n que ya est\u00e1 altamente urbanizada como Am\u00e9rica Latina y el Caribe.<\/p>\n<h2 style=\"text-align: justify\"><strong>Una mirada a la brecha salarial como factor impulsor de la migraci\u00f3n rural<\/strong><\/h2>\n<p style=\"text-align: justify\">Nuestro an\u00e1lisis revel\u00f3 que en el Brasil altamente urbanizado, la brecha salarial esperada sigue siendo un buen indicador de la migraci\u00f3n del campo a la ciudad, siempre que el salario esperado incluya tambi\u00e9n los ingresos potenciales del sector informal. \u00a0Esto se ilustra mediante la l\u00ednea roja en el gr\u00e1fico 2, que muestra la distribuci\u00f3n de la brecha salarial urbana-rural esperada (medida como la relaci\u00f3n entre el salario urbano esperado y el salario rural) en las 449 ciudades de nuestra muestra. \u00a0En este caso, el salario urbano esperado se calcula teniendo en cuenta los ingresos potenciales de los migrantes, tanto en el sector formal como en el informal, y la probabilidad de que acaben trabajando en cualquiera de ellos. La mayor\u00eda de las ciudades tienen una proporci\u00f3n cercana a uno. La migraci\u00f3n que pudimos observar, en otras palabras, coincidi\u00f3 con aquella prevista por la brecha salarial esperada.<\/p>\n<p class=\"has-text-align-center\" style=\"text-align: justify\"><strong>Gr\u00e1fico 2:<\/strong>\u00a0Relaci\u00f3n de salarios esperados (urbano-rural)<\/p>\n<figure class=\"wp-block-image size-full is-resized\" style=\"text-align: justify\">\n<p><div id=\"attachment_9023\" style=\"width: 810px\" class=\"wp-caption alignnone\"><a href=\"https:\/\/blogs.iadb.org\/ideas-que-cuentan\/wp-content\/uploads\/sites\/11\/2021\/11\/Figura2_ESP.jpg\"><img loading=\"lazy\" decoding=\"async\" aria-describedby=\"caption-attachment-9023\" class=\"wp-image-90229023\" src=\"https:\/\/blogs.iadb.org\/ideas-que-cuentan\/wp-content\/uploads\/sites\/11\/2021\/11\/Figura2_ESP.jpg\" alt=\"\" width=\"800\" height=\"562\" \/><\/a><p id=\"caption-attachment-9023\" class=\"wp-caption-text\">Nota:\u00a0C\u00e1lculos realizados por los autores en base a microdatos censales individuales<\/p><\/div><\/figure>\n<p style=\"text-align: justify\">Algunos observadores consideran que el sector informal urbano es una fuente de subempleo con escasas oportunidades econ\u00f3micas. \u00a0Por el contrario, encontramos que los salarios informales son frecuentemente mayores en las ciudades que en las zonas rurales, y la posibilidad de trabajar en empleos informales urbanos es m\u00e1s un incentivo que un factor disuasorio para los potenciales migrantes.<\/p>\n<p style=\"text-align: justify\">Tambi\u00e9n nos fijamos en el costo de vida. En Brasil en 2010, el alquiler medio de vivienda en las ciudades era casi un 200% superior al de las zonas rurales de donde provienen los migrantes. Esto significa que la ventaja salarial de trasladarse a las ciudades puede no ser tan grande en t\u00e9rminos reales para los migrantes rurales. Estimamos la brecha salarial esperada entre las zonas urbanas y las rurales incluyendo la diferencia en el costo de vida entre las zonas urbanas y las rurales, seg\u00fan el costo medio de alquiler de vivienda en ambos tipos de localidades. La distribuci\u00f3n de esta brecha entre las 499 ciudades de la muestra de an\u00e1lisis se indica en la l\u00ednea azul del gr\u00e1fico 2. Nuestra conclusi\u00f3n es que, aunque los potenciales migrantes consideren el mayor costo de vida en la ciudad, eso no los desalienta. La diferencia salarial real entre las ciudades y el campo sigue siendo un poderoso predictor de la migraci\u00f3n. Adem\u00e1s, es un predictor especialmente bueno en las ciudades cercanas a las zonas rurales de las que atraen a los migrantes y que est\u00e1n mejor preparadas para absorber los flujos migratorios.<\/p>\n<h4 style=\"text-align: justify\"><strong>Garantizar la integraci\u00f3n de los migrantes rurales en las ciudades<\/strong><\/h4>\n<p style=\"text-align: justify\">La migraci\u00f3n del campo a la ciudad es un fen\u00f3meno complejo, y no hay una explicaci\u00f3n \u00fanica que pueda captar la multiplicidad de motivaciones que impulsan a las personas a desarraigarse del campo y trasladarse permanentemente a las ciudades. \u00a0Pero si la diferencia salarial prevista entre el campo y la ciudad sigue siendo un factor primordial para predecir la migraci\u00f3n, como hemos demostrado, es probable que las mejoras en las oportunidades de trabajo en las ciudades fomenten este movimiento. Esto, a su vez, podr\u00eda crear una situaci\u00f3n en la que algunas econom\u00edas urbanas podr\u00edan ser incapaces de absorber la afluencia de nuevos trabajadores, y estos acabar\u00edan desempleados o subempleados.<\/p>\n<p style=\"text-align: justify\">Este riesgo, que a menudo se denomina \u201cparadoja de Todaro\u201d, debe servir de advertencia. Esto implica que los formuladores de las pol\u00edticas urbanas que intentan crear y formalizar puestos de trabajo, as\u00ed como fomentar el crecimiento de los ingresos en las ciudades de Am\u00e9rica Latina \u2014en particular, aquellas que son destinos probables de los migrantes del campo a la ciudad\u2014 deben tener en cuenta los efectos indirectos que sus pol\u00edticas pueden tener en la decisi\u00f3n de emigrar de los trabajadores rurales. Trasladarse a la ciudad puede suponer una mejora en el bienestar de una persona. Pero la migraci\u00f3n intensa y continua tambi\u00e9n puede generar mayores tasas de informalidad laboral y desigualdad, as\u00ed como otros problemas sociales. Tambi\u00e9n es probable que aumente la demanda de viviendas y servicios p\u00fablicos, y la falta de planificaci\u00f3n e inversi\u00f3n en infraestructura puede dar lugar a la expansi\u00f3n de barrios marginales y de otros tipos de barrios informales. Es casi seguro que la migraci\u00f3n del campo a las ciudades continuar\u00e1 en Am\u00e9rica Latina y el Caribe. Las pol\u00edticas de fomento del empleo urbano deben estar dise\u00f1adas para ofrecer oportunidades tanto a los actuales residentes como a aquellos que vendr\u00e1n en busca de mejores oportunidades.<\/p>\n<p><strong>Fuente: BID<\/strong><\/p>\n","protected":false},"excerpt":{"rendered":"<p>REDACCI\u00d3N NOTI AM\u00c9RICA (ECUADOR) La historia de la migraci\u00f3n en Am\u00e9rica Latina y el Caribe en el siglo XX y principios del XXI es la de un \u00e9xodo masivo de las zonas rurales a&#46;&#46;&#46;<\/p>\n","protected":false},"author":17,"featured_media":9024,"comment_status":"open","ping_status":"open","sticky":false,"template":"","format":"standard","meta":{"_acf_changed":false,"rop_custom_images_group":[],"rop_custom_messages_group":[],"rop_publish_now":"initial","rop_publish_now_accounts":{"facebook_10219548024599422_1632221337088128":"","twitter_242054905_242054905":""},"rop_publish_now_history":[],"rop_publish_now_status":"pending","footnotes":""},"categories":[663],"tags":[],"class_list":["post-9021","post","type-post","status-publish","format-standard","has-post-thumbnail","hentry","category-actualidad"],"acf":[],"yoast_head":"<!-- This site is optimized with the Yoast SEO Premium plugin v24.9 (Yoast SEO v27.2) - https:\/\/yoast.com\/product\/yoast-seo-premium-wordpress\/ -->\n<title>\u00bfQu\u00e9 factores impulsan la migraci\u00f3n rural en Am\u00e9rica Latina y el Caribe? - Noti-America.com<\/title>\n<meta name=\"robots\" content=\"index, follow, max-snippet:-1, max-image-preview:large, max-video-preview:-1\" \/>\n<link rel=\"canonical\" href=\"https:\/\/noti-america.com\/site\/principal\/2022\/01\/08\/que-factores-impulsan-la-migracion-rural-en-america-latina-y-el-caribe\/\" \/>\n<meta property=\"og:locale\" content=\"es_ES\" \/>\n<meta property=\"og:type\" content=\"article\" \/>\n<meta property=\"og:title\" content=\"\u00bfQu\u00e9 factores impulsan la migraci\u00f3n rural en Am\u00e9rica Latina y el Caribe?\" \/>\n<meta property=\"og:description\" content=\"REDACCI\u00d3N NOTI AM\u00c9RICA (ECUADOR) La historia de la migraci\u00f3n en Am\u00e9rica Latina y el Caribe en el siglo XX y principios del XXI es la de un \u00e9xodo masivo de las zonas rurales a&#046;&#046;&#046;\" \/>\n<meta property=\"og:url\" content=\"https:\/\/noti-america.com\/site\/principal\/2022\/01\/08\/que-factores-impulsan-la-migracion-rural-en-america-latina-y-el-caribe\/\" \/>\n<meta property=\"og:site_name\" content=\"Noti-America.com\" \/>\n<meta property=\"article:published_time\" content=\"2022-01-09T03:46:56+00:00\" \/>\n<meta property=\"og:image\" content=\"https:\/\/noti-america.com\/site\/principal\/wp-content\/uploads\/sites\/26\/2022\/01\/RES-Blog-migrants.jpg\" \/>\n\t<meta property=\"og:image:width\" content=\"1200\" \/>\n\t<meta property=\"og:image:height\" content=\"550\" \/>\n\t<meta property=\"og:image:type\" content=\"image\/jpeg\" \/>\n<meta name=\"author\" content=\"Gregory Quintana Montiel\" \/>\n<meta name=\"twitter:card\" content=\"summary_large_image\" \/>\n<meta name=\"twitter:creator\" content=\"@gdgregori1\" \/>\n<meta name=\"twitter:label1\" content=\"Escrito por\" \/>\n\t<meta name=\"twitter:data1\" content=\"Gregory Quintana Montiel\" \/>\n\t<meta name=\"twitter:label2\" content=\"Tiempo estimado de lectura\" \/>\n\t<meta name=\"twitter:data2\" content=\"7 minutos\" \/>\n<script type=\"application\/ld+json\" class=\"yoast-schema-graph\">{\"@context\":\"https:\/\/schema.org\",\"@graph\":[{\"@type\":\"Article\",\"@id\":\"https:\/\/noti-america.com\/site\/principal\/2022\/01\/08\/que-factores-impulsan-la-migracion-rural-en-america-latina-y-el-caribe\/#article\",\"isPartOf\":{\"@id\":\"https:\/\/noti-america.com\/site\/principal\/2022\/01\/08\/que-factores-impulsan-la-migracion-rural-en-america-latina-y-el-caribe\/\"},\"author\":{\"name\":\"Gregory Quintana Montiel\",\"@id\":\"https:\/\/noti-america.com\/site\/principal\/#\/schema\/person\/3b975e42f15abfe64bfe3abdd916efda\"},\"headline\":\"\u00bfQu\u00e9 factores impulsan la migraci\u00f3n rural en Am\u00e9rica Latina y el Caribe?\",\"datePublished\":\"2022-01-09T03:46:56+00:00\",\"mainEntityOfPage\":{\"@id\":\"https:\/\/noti-america.com\/site\/principal\/2022\/01\/08\/que-factores-impulsan-la-migracion-rural-en-america-latina-y-el-caribe\/\"},\"wordCount\":1459,\"commentCount\":0,\"image\":{\"@id\":\"https:\/\/noti-america.com\/site\/principal\/2022\/01\/08\/que-factores-impulsan-la-migracion-rural-en-america-latina-y-el-caribe\/#primaryimage\"},\"thumbnailUrl\":\"https:\/\/noti-america.com\/site\/principal\/wp-content\/uploads\/sites\/26\/2022\/01\/RES-Blog-migrants.jpg\",\"articleSection\":[\"Actualidad\"],\"inLanguage\":\"es\",\"potentialAction\":[{\"@type\":\"CommentAction\",\"name\":\"Comment\",\"target\":[\"https:\/\/noti-america.com\/site\/principal\/2022\/01\/08\/que-factores-impulsan-la-migracion-rural-en-america-latina-y-el-caribe\/#respond\"]}]},{\"@type\":\"WebPage\",\"@id\":\"https:\/\/noti-america.com\/site\/principal\/2022\/01\/08\/que-factores-impulsan-la-migracion-rural-en-america-latina-y-el-caribe\/\",\"url\":\"https:\/\/noti-america.com\/site\/principal\/2022\/01\/08\/que-factores-impulsan-la-migracion-rural-en-america-latina-y-el-caribe\/\",\"name\":\"\u00bfQu\u00e9 factores impulsan la migraci\u00f3n rural en Am\u00e9rica Latina y el Caribe? - Noti-America.com\",\"isPartOf\":{\"@id\":\"https:\/\/noti-america.com\/site\/principal\/#website\"},\"primaryImageOfPage\":{\"@id\":\"https:\/\/noti-america.com\/site\/principal\/2022\/01\/08\/que-factores-impulsan-la-migracion-rural-en-america-latina-y-el-caribe\/#primaryimage\"},\"image\":{\"@id\":\"https:\/\/noti-america.com\/site\/principal\/2022\/01\/08\/que-factores-impulsan-la-migracion-rural-en-america-latina-y-el-caribe\/#primaryimage\"},\"thumbnailUrl\":\"https:\/\/noti-america.com\/site\/principal\/wp-content\/uploads\/sites\/26\/2022\/01\/RES-Blog-migrants.jpg\",\"datePublished\":\"2022-01-09T03:46:56+00:00\",\"author\":{\"@id\":\"https:\/\/noti-america.com\/site\/principal\/#\/schema\/person\/3b975e42f15abfe64bfe3abdd916efda\"},\"breadcrumb\":{\"@id\":\"https:\/\/noti-america.com\/site\/principal\/2022\/01\/08\/que-factores-impulsan-la-migracion-rural-en-america-latina-y-el-caribe\/#breadcrumb\"},\"inLanguage\":\"es\",\"potentialAction\":[{\"@type\":\"ReadAction\",\"target\":[\"https:\/\/noti-america.com\/site\/principal\/2022\/01\/08\/que-factores-impulsan-la-migracion-rural-en-america-latina-y-el-caribe\/\"]}]},{\"@type\":\"ImageObject\",\"inLanguage\":\"es\",\"@id\":\"https:\/\/noti-america.com\/site\/principal\/2022\/01\/08\/que-factores-impulsan-la-migracion-rural-en-america-latina-y-el-caribe\/#primaryimage\",\"url\":\"https:\/\/noti-america.com\/site\/principal\/wp-content\/uploads\/sites\/26\/2022\/01\/RES-Blog-migrants.jpg\",\"contentUrl\":\"https:\/\/noti-america.com\/site\/principal\/wp-content\/uploads\/sites\/26\/2022\/01\/RES-Blog-migrants.jpg\",\"width\":1200,\"height\":550},{\"@type\":\"BreadcrumbList\",\"@id\":\"https:\/\/noti-america.com\/site\/principal\/2022\/01\/08\/que-factores-impulsan-la-migracion-rural-en-america-latina-y-el-caribe\/#breadcrumb\",\"itemListElement\":[{\"@type\":\"ListItem\",\"position\":1,\"name\":\"Portada\",\"item\":\"https:\/\/noti-america.com\/site\/principal\/\"},{\"@type\":\"ListItem\",\"position\":2,\"name\":\"\u00bfQu\u00e9 factores impulsan la migraci\u00f3n rural en Am\u00e9rica Latina y el Caribe?\"}]},{\"@type\":\"WebSite\",\"@id\":\"https:\/\/noti-america.com\/site\/principal\/#website\",\"url\":\"https:\/\/noti-america.com\/site\/principal\/\",\"name\":\"Noti-America.com\",\"description\":\"El Noticiero Digital M\u00e1s Grande de Am\u00e9rica\",\"potentialAction\":[{\"@type\":\"SearchAction\",\"target\":{\"@type\":\"EntryPoint\",\"urlTemplate\":\"https:\/\/noti-america.com\/site\/principal\/?s={search_term_string}\"},\"query-input\":{\"@type\":\"PropertyValueSpecification\",\"valueRequired\":true,\"valueName\":\"search_term_string\"}}],\"inLanguage\":\"es\"},{\"@type\":\"Person\",\"@id\":\"https:\/\/noti-america.com\/site\/principal\/#\/schema\/person\/3b975e42f15abfe64bfe3abdd916efda\",\"name\":\"Gregory Quintana Montiel\",\"image\":{\"@type\":\"ImageObject\",\"inLanguage\":\"es\",\"@id\":\"https:\/\/secure.gravatar.com\/avatar\/2d6b802f7720c2ec7744dcbe608cc2f3417aeb964d58b443c6d612b77531de1d?s=96&d=mm&r=g\",\"url\":\"https:\/\/secure.gravatar.com\/avatar\/2d6b802f7720c2ec7744dcbe608cc2f3417aeb964d58b443c6d612b77531de1d?s=96&d=mm&r=g\",\"contentUrl\":\"https:\/\/secure.gravatar.com\/avatar\/2d6b802f7720c2ec7744dcbe608cc2f3417aeb964d58b443c6d612b77531de1d?s=96&d=mm&r=g\",\"caption\":\"Gregory Quintana Montiel\"},\"description\":\"Licenciatura en Ciencias de la Comunicaci\u00f3n Social, egresado en la Especializaci\u00f3n Derecho Ambiental Desarrollo Sostenible y Sustentable, Miembro de la Comunidad de profesionales y experto para Latinoam\u00e9rica y el Caribe en Gesti\u00f3n por Resultado en el Desarrollo (COPLAC - GpRD) del Banco Interamericano de Desarrollo, experiencia en medios radiales y escritos.\",\"sameAs\":[\"https:\/\/x.com\/gdgregori1\",\"gquintana\"],\"url\":\"https:\/\/noti-america.com\/site\/principal\/author\/gquintana\/\"}]}<\/script>\n<!-- \/ Yoast SEO Premium plugin. -->","yoast_head_json":{"title":"\u00bfQu\u00e9 factores impulsan la migraci\u00f3n rural en Am\u00e9rica Latina y el Caribe? - Noti-America.com","robots":{"index":"index","follow":"follow","max-snippet":"max-snippet:-1","max-image-preview":"max-image-preview:large","max-video-preview":"max-video-preview:-1"},"canonical":"https:\/\/noti-america.com\/site\/principal\/2022\/01\/08\/que-factores-impulsan-la-migracion-rural-en-america-latina-y-el-caribe\/","og_locale":"es_ES","og_type":"article","og_title":"\u00bfQu\u00e9 factores impulsan la migraci\u00f3n rural en Am\u00e9rica Latina y el Caribe?","og_description":"REDACCI\u00d3N NOTI AM\u00c9RICA (ECUADOR) La historia de la migraci\u00f3n en Am\u00e9rica Latina y el Caribe en el siglo XX y principios del XXI es la de un \u00e9xodo masivo de las zonas rurales a&#46;&#46;&#46;","og_url":"https:\/\/noti-america.com\/site\/principal\/2022\/01\/08\/que-factores-impulsan-la-migracion-rural-en-america-latina-y-el-caribe\/","og_site_name":"Noti-America.com","article_published_time":"2022-01-09T03:46:56+00:00","og_image":[{"width":1200,"height":550,"url":"https:\/\/noti-america.com\/site\/principal\/wp-content\/uploads\/sites\/26\/2022\/01\/RES-Blog-migrants.jpg","type":"image\/jpeg"}],"author":"Gregory Quintana Montiel","twitter_card":"summary_large_image","twitter_creator":"@gdgregori1","twitter_misc":{"Escrito por":"Gregory Quintana Montiel","Tiempo estimado de lectura":"7 minutos"},"schema":{"@context":"https:\/\/schema.org","@graph":[{"@type":"Article","@id":"https:\/\/noti-america.com\/site\/principal\/2022\/01\/08\/que-factores-impulsan-la-migracion-rural-en-america-latina-y-el-caribe\/#article","isPartOf":{"@id":"https:\/\/noti-america.com\/site\/principal\/2022\/01\/08\/que-factores-impulsan-la-migracion-rural-en-america-latina-y-el-caribe\/"},"author":{"name":"Gregory Quintana Montiel","@id":"https:\/\/noti-america.com\/site\/principal\/#\/schema\/person\/3b975e42f15abfe64bfe3abdd916efda"},"headline":"\u00bfQu\u00e9 factores impulsan la migraci\u00f3n rural en Am\u00e9rica Latina y el Caribe?","datePublished":"2022-01-09T03:46:56+00:00","mainEntityOfPage":{"@id":"https:\/\/noti-america.com\/site\/principal\/2022\/01\/08\/que-factores-impulsan-la-migracion-rural-en-america-latina-y-el-caribe\/"},"wordCount":1459,"commentCount":0,"image":{"@id":"https:\/\/noti-america.com\/site\/principal\/2022\/01\/08\/que-factores-impulsan-la-migracion-rural-en-america-latina-y-el-caribe\/#primaryimage"},"thumbnailUrl":"https:\/\/noti-america.com\/site\/principal\/wp-content\/uploads\/sites\/26\/2022\/01\/RES-Blog-migrants.jpg","articleSection":["Actualidad"],"inLanguage":"es","potentialAction":[{"@type":"CommentAction","name":"Comment","target":["https:\/\/noti-america.com\/site\/principal\/2022\/01\/08\/que-factores-impulsan-la-migracion-rural-en-america-latina-y-el-caribe\/#respond"]}]},{"@type":"WebPage","@id":"https:\/\/noti-america.com\/site\/principal\/2022\/01\/08\/que-factores-impulsan-la-migracion-rural-en-america-latina-y-el-caribe\/","url":"https:\/\/noti-america.com\/site\/principal\/2022\/01\/08\/que-factores-impulsan-la-migracion-rural-en-america-latina-y-el-caribe\/","name":"\u00bfQu\u00e9 factores impulsan la migraci\u00f3n rural en Am\u00e9rica Latina y el Caribe? - Noti-America.com","isPartOf":{"@id":"https:\/\/noti-america.com\/site\/principal\/#website"},"primaryImageOfPage":{"@id":"https:\/\/noti-america.com\/site\/principal\/2022\/01\/08\/que-factores-impulsan-la-migracion-rural-en-america-latina-y-el-caribe\/#primaryimage"},"image":{"@id":"https:\/\/noti-america.com\/site\/principal\/2022\/01\/08\/que-factores-impulsan-la-migracion-rural-en-america-latina-y-el-caribe\/#primaryimage"},"thumbnailUrl":"https:\/\/noti-america.com\/site\/principal\/wp-content\/uploads\/sites\/26\/2022\/01\/RES-Blog-migrants.jpg","datePublished":"2022-01-09T03:46:56+00:00","author":{"@id":"https:\/\/noti-america.com\/site\/principal\/#\/schema\/person\/3b975e42f15abfe64bfe3abdd916efda"},"breadcrumb":{"@id":"https:\/\/noti-america.com\/site\/principal\/2022\/01\/08\/que-factores-impulsan-la-migracion-rural-en-america-latina-y-el-caribe\/#breadcrumb"},"inLanguage":"es","potentialAction":[{"@type":"ReadAction","target":["https:\/\/noti-america.com\/site\/principal\/2022\/01\/08\/que-factores-impulsan-la-migracion-rural-en-america-latina-y-el-caribe\/"]}]},{"@type":"ImageObject","inLanguage":"es","@id":"https:\/\/noti-america.com\/site\/principal\/2022\/01\/08\/que-factores-impulsan-la-migracion-rural-en-america-latina-y-el-caribe\/#primaryimage","url":"https:\/\/noti-america.com\/site\/principal\/wp-content\/uploads\/sites\/26\/2022\/01\/RES-Blog-migrants.jpg","contentUrl":"https:\/\/noti-america.com\/site\/principal\/wp-content\/uploads\/sites\/26\/2022\/01\/RES-Blog-migrants.jpg","width":1200,"height":550},{"@type":"BreadcrumbList","@id":"https:\/\/noti-america.com\/site\/principal\/2022\/01\/08\/que-factores-impulsan-la-migracion-rural-en-america-latina-y-el-caribe\/#breadcrumb","itemListElement":[{"@type":"ListItem","position":1,"name":"Portada","item":"https:\/\/noti-america.com\/site\/principal\/"},{"@type":"ListItem","position":2,"name":"\u00bfQu\u00e9 factores impulsan la migraci\u00f3n rural en Am\u00e9rica Latina y el Caribe?"}]},{"@type":"WebSite","@id":"https:\/\/noti-america.com\/site\/principal\/#website","url":"https:\/\/noti-america.com\/site\/principal\/","name":"Noti-America.com","description":"El Noticiero Digital M\u00e1s Grande de Am\u00e9rica","potentialAction":[{"@type":"SearchAction","target":{"@type":"EntryPoint","urlTemplate":"https:\/\/noti-america.com\/site\/principal\/?s={search_term_string}"},"query-input":{"@type":"PropertyValueSpecification","valueRequired":true,"valueName":"search_term_string"}}],"inLanguage":"es"},{"@type":"Person","@id":"https:\/\/noti-america.com\/site\/principal\/#\/schema\/person\/3b975e42f15abfe64bfe3abdd916efda","name":"Gregory Quintana Montiel","image":{"@type":"ImageObject","inLanguage":"es","@id":"https:\/\/secure.gravatar.com\/avatar\/2d6b802f7720c2ec7744dcbe608cc2f3417aeb964d58b443c6d612b77531de1d?s=96&d=mm&r=g","url":"https:\/\/secure.gravatar.com\/avatar\/2d6b802f7720c2ec7744dcbe608cc2f3417aeb964d58b443c6d612b77531de1d?s=96&d=mm&r=g","contentUrl":"https:\/\/secure.gravatar.com\/avatar\/2d6b802f7720c2ec7744dcbe608cc2f3417aeb964d58b443c6d612b77531de1d?s=96&d=mm&r=g","caption":"Gregory Quintana Montiel"},"description":"Licenciatura en Ciencias de la Comunicaci\u00f3n Social, egresado en la Especializaci\u00f3n Derecho Ambiental Desarrollo Sostenible y Sustentable, Miembro de la Comunidad de profesionales y experto para Latinoam\u00e9rica y el Caribe en Gesti\u00f3n por Resultado en el Desarrollo (COPLAC - GpRD) del Banco Interamericano de Desarrollo, experiencia en medios radiales y escritos.","sameAs":["https:\/\/x.com\/gdgregori1","gquintana"],"url":"https:\/\/noti-america.com\/site\/principal\/author\/gquintana\/"}]}},"_links":{"self":[{"href":"https:\/\/noti-america.com\/site\/principal\/wp-json\/wp\/v2\/posts\/9021","targetHints":{"allow":["GET"]}}],"collection":[{"href":"https:\/\/noti-america.com\/site\/principal\/wp-json\/wp\/v2\/posts"}],"about":[{"href":"https:\/\/noti-america.com\/site\/principal\/wp-json\/wp\/v2\/types\/post"}],"author":[{"embeddable":true,"href":"https:\/\/noti-america.com\/site\/principal\/wp-json\/wp\/v2\/users\/17"}],"replies":[{"embeddable":true,"href":"https:\/\/noti-america.com\/site\/principal\/wp-json\/wp\/v2\/comments?post=9021"}],"version-history":[{"count":1,"href":"https:\/\/noti-america.com\/site\/principal\/wp-json\/wp\/v2\/posts\/9021\/revisions"}],"predecessor-version":[{"id":9023,"href":"https:\/\/noti-america.com\/site\/principal\/wp-json\/wp\/v2\/posts\/9021\/revisions\/9023"}],"wp:featuredmedia":[{"embeddable":true,"href":"https:\/\/noti-america.com\/site\/principal\/wp-json\/wp\/v2\/media\/9024"}],"wp:attachment":[{"href":"https:\/\/noti-america.com\/site\/principal\/wp-json\/wp\/v2\/media?parent=9021"}],"wp:term":[{"taxonomy":"category","embeddable":true,"href":"https:\/\/noti-america.com\/site\/principal\/wp-json\/wp\/v2\/categories?post=9021"},{"taxonomy":"post_tag","embeddable":true,"href":"https:\/\/noti-america.com\/site\/principal\/wp-json\/wp\/v2\/tags?post=9021"}],"curies":[{"name":"wp","href":"https:\/\/api.w.org\/{rel}","templated":true}]}}