{"id":899,"date":"2018-03-12T13:05:31","date_gmt":"2018-03-12T13:05:31","guid":{"rendered":"http:\/\/noti-america.com\/site\/alemania\/?p=899"},"modified":"2018-03-12T13:05:31","modified_gmt":"2018-03-12T13:05:31","slug":"partido-de-ex-presidente-uribe-gana-eleccion-legislativa-en-colombia","status":"publish","type":"post","link":"https:\/\/noti-america.com\/site\/principal\/2018\/03\/12\/partido-de-ex-presidente-uribe-gana-eleccion-legislativa-en-colombia\/","title":{"rendered":"Partido de ex presidente Uribe gana elecci\u00f3n legislativa en Colombia"},"content":{"rendered":"<p><span class=\"dateline\">Bogot\u00e1, 11 mar &#8211; <\/span>El partido de derecha radical Centro Democr\u00e1tico (CD), fundado por el ex presidente \u00c1lvaro Uribe, se encamina a ganar oficialmente las elecciones legislativas en Colombia, mientras que el oficialismo cae en picada, seg\u00fan cifas oficiales.<\/p>\n<div class=\"detailtext lang-es\" lang=\"es\">\n<p>El CD obtiene un 17 por ciento de los votos para el Senado, por encima del tradicional socialdem\u00f3crata Partido Liberal (PL), que cosecha un 13 por ciento con casi un 95 por ciento de los votos escrutados, seg\u00fan inform\u00f3 la Registradur\u00eda Nacional del Estado Civil (RNEC), encargada de los comicios.<\/p>\n<p>Por su parte, el derechista Cambio Radical (CR) obtiene un 12 por ciento, al igual que el Partido Conservador (PC) y el Partido Social de Unidad Nacional (Partido de la U), del presidente Juan Manuel\u00a0Santos.<\/p>\n<p>En base a estas cifras preliminares, CD se encamina a una victoria con 19 curules en el Senado, una menos que las obtenidas en las elecciones pasadas, mientras que sube de 19 a 32 los esca\u00f1os en la C\u00e1mara de Representantes.<\/p>\n<p>En cuanto al PL, su representaci\u00f3n en el Senado cae de 17 a 14<br \/>\nesca\u00f1os y obtiene 35 curules en la C\u00e1mara. CR, en tanto, pasar\u00e1 de tener nueve a 16 bancas en el Senado y otras 30 en la C\u00e1mara, donde antes ten\u00eda 16.<\/p>\n<p>Por su parte, el PC reducir\u00e1 sus senadores de 18 a 14, mientras que en la C\u00e1mara el n\u00famero de representantes caer\u00e1 de 27 a 21.<\/p>\n<p>El caso m\u00e1s dram\u00e1tico es el oficialista Partido de la U, que sufre un retroceso de 21 a 14 esca\u00f1os en Senado, y en la C\u00e1mara ver\u00e1 caer su participaci\u00f3n de 48 a 25 esca\u00f1os.<\/p>\n<p>Seg\u00fan los resultados, el Congreso distribuir\u00e1 268 bancas (102 senadores y 166 representantes a la C\u00e1mara) de acuerdo con el porcentaje de votaci\u00f3n de cada partido pol\u00edtico.<\/p>\n<p>En cuanto a senadores, Uribe obtuvo la mayor\u00eda de votos con 604.017 sufragios, seguido del ex alcalde de Bogot\u00e1 Antanas Mockus, por el Partido Verde, con 344.021.<\/p>\n<p>El Partido Verde protagoniz\u00f3 una jornada sobresaliente al asegurar diez esca\u00f1os en el Senado, seg\u00fan pronosticaron analistas locales.<\/p>\n<p>Por su parte, el partido creado por la ex guerrilla de las FARC (Fuerzas Armadas Revolucionarias de Colombia), consigui\u00f3 23.725 votos, aunque ya tienen garantizados diez esca\u00f1os en el Congreso, cinco en el Senado y cinco en la C\u00e1mara de Representantes, a ra\u00edz del acuerdo de paz firmado con el Gobierno a finales de 2016.<\/p>\n<p>Adicionalmente, se determin\u00f3 que en las pr\u00f3ximas elecciones presidenciales quien ocupe el segundo puesto de mayor votaci\u00f3n tendr\u00e1 una silla en el Senado, y su f\u00f3rmula vicepresidencial podr\u00e1 ocupar un esca\u00f1o en la C\u00e1mara.<\/p>\n<p>As\u00ed, a partir de julio habr\u00e1 en el nuevo Congreso un total de 108 senadores y 172 representantes a la C\u00e1mara.<\/p>\n<p>Las elecciones presidenciales tendr\u00e1n lugar el 27 de mayo, y lo m\u00e1s seguro es que los dos candidatos con mayor votaci\u00f3n vayan a una segunda vuelta el 17 de junio. El vencedor tomar\u00e1 posesi\u00f3n el 7 de agosto.<\/p>\n<p>M\u00e1s de 36 millones de colombianos estaban habilitados para votar hoy a los parlamentarios por un per\u00edodo de cuatro a\u00f1os.<\/p>\n<p><i class=\"lang-es\"><span class=\" readonly\" title=\"\">CP (Giuceppe Palacino-dpa)<\/span><\/i><\/p>\n<\/div>\n","protected":false},"excerpt":{"rendered":"<p>Bogot\u00e1, 11 mar &#8211; El partido de derecha radical Centro Democr\u00e1tico (CD), fundado por el ex presidente \u00c1lvaro Uribe, se encamina a ganar oficialmente las elecciones legislativas en Colombia, mientras que el oficialismo cae&#46;&#46;&#46;<\/p>\n","protected":false},"author":31,"featured_media":900,"comment_status":"open","ping_status":"open","sticky":false,"template":"","format":"standard","meta":{"_acf_changed":false,"rop_custom_images_group":[],"rop_custom_messages_group":[],"rop_publish_now":"initial","rop_publish_now_accounts":{"facebook_10219548024599422_1632221337088128":"","twitter_242054905_242054905":""},"rop_publish_now_history":[],"rop_publish_now_status":"pending","footnotes":""},"categories":[4],"tags":[],"class_list":["post-899","post","type-post","status-publish","format-standard","has-post-thumbnail","hentry","category-internacionales"],"acf":[],"yoast_head":"<!-- This site is optimized with the Yoast SEO Premium plugin v24.9 (Yoast SEO v27.2) - https:\/\/yoast.com\/product\/yoast-seo-premium-wordpress\/ -->\n<title>Partido de ex presidente Uribe gana elecci\u00f3n legislativa en Colombia - Noti-America.com<\/title>\n<meta name=\"robots\" content=\"index, follow, max-snippet:-1, max-image-preview:large, max-video-preview:-1\" \/>\n<link rel=\"canonical\" href=\"https:\/\/noti-america.com\/site\/principal\/2018\/03\/12\/partido-de-ex-presidente-uribe-gana-eleccion-legislativa-en-colombia\/\" \/>\n<meta property=\"og:locale\" content=\"es_ES\" \/>\n<meta property=\"og:type\" content=\"article\" \/>\n<meta property=\"og:title\" content=\"Partido de ex presidente Uribe gana elecci\u00f3n legislativa en Colombia\" \/>\n<meta property=\"og:description\" content=\"Bogot\u00e1, 11 mar &#8211; El partido de derecha radical Centro Democr\u00e1tico (CD), fundado por el ex presidente \u00c1lvaro Uribe, se encamina a ganar oficialmente las elecciones legislativas en Colombia, mientras que el oficialismo cae&#046;&#046;&#046;\" \/>\n<meta property=\"og:url\" content=\"https:\/\/noti-america.com\/site\/principal\/2018\/03\/12\/partido-de-ex-presidente-uribe-gana-eleccion-legislativa-en-colombia\/\" \/>\n<meta property=\"og:site_name\" content=\"Noti-America.com\" \/>\n<meta property=\"article:published_time\" content=\"2018-03-12T13:05:31+00:00\" \/>\n<meta property=\"og:image\" content=\"https:\/\/noti-america.com\/site\/principal\/wp-content\/uploads\/sites\/26\/2018\/03\/Uribe-elecciones.jpg\" \/>\n\t<meta property=\"og:image:width\" content=\"758\" \/>\n\t<meta property=\"og:image:height\" content=\"426\" \/>\n\t<meta property=\"og:image:type\" content=\"image\/jpeg\" \/>\n<meta name=\"author\" content=\"Ydalith Figueroa Kad-Bay\" \/>\n<meta name=\"twitter:card\" content=\"summary_large_image\" \/>\n<meta name=\"twitter:creator\" content=\"@ydalithkad\" \/>\n<meta name=\"twitter:label1\" content=\"Escrito por\" \/>\n\t<meta name=\"twitter:data1\" content=\"Ydalith Figueroa Kad-Bay\" \/>\n\t<meta name=\"twitter:label2\" content=\"Tiempo estimado de lectura\" \/>\n\t<meta name=\"twitter:data2\" content=\"3 minutos\" \/>\n<script type=\"application\/ld+json\" class=\"yoast-schema-graph\">{\"@context\":\"https:\/\/schema.org\",\"@graph\":[{\"@type\":\"Article\",\"@id\":\"https:\/\/noti-america.com\/site\/principal\/2018\/03\/12\/partido-de-ex-presidente-uribe-gana-eleccion-legislativa-en-colombia\/#article\",\"isPartOf\":{\"@id\":\"https:\/\/noti-america.com\/site\/principal\/2018\/03\/12\/partido-de-ex-presidente-uribe-gana-eleccion-legislativa-en-colombia\/\"},\"author\":{\"name\":\"Ydalith Figueroa Kad-Bay\",\"@id\":\"https:\/\/noti-america.com\/site\/principal\/#\/schema\/person\/1a24e37c3c358f389f0a111448ddb870\"},\"headline\":\"Partido de ex presidente Uribe gana elecci\u00f3n legislativa en Colombia\",\"datePublished\":\"2018-03-12T13:05:31+00:00\",\"mainEntityOfPage\":{\"@id\":\"https:\/\/noti-america.com\/site\/principal\/2018\/03\/12\/partido-de-ex-presidente-uribe-gana-eleccion-legislativa-en-colombia\/\"},\"wordCount\":534,\"commentCount\":0,\"image\":{\"@id\":\"https:\/\/noti-america.com\/site\/principal\/2018\/03\/12\/partido-de-ex-presidente-uribe-gana-eleccion-legislativa-en-colombia\/#primaryimage\"},\"thumbnailUrl\":\"https:\/\/noti-america.com\/site\/principal\/wp-content\/uploads\/sites\/26\/2018\/03\/Uribe-elecciones.jpg\",\"articleSection\":[\"Internacionales\"],\"inLanguage\":\"es\",\"potentialAction\":[{\"@type\":\"CommentAction\",\"name\":\"Comment\",\"target\":[\"https:\/\/noti-america.com\/site\/principal\/2018\/03\/12\/partido-de-ex-presidente-uribe-gana-eleccion-legislativa-en-colombia\/#respond\"]}]},{\"@type\":\"WebPage\",\"@id\":\"https:\/\/noti-america.com\/site\/principal\/2018\/03\/12\/partido-de-ex-presidente-uribe-gana-eleccion-legislativa-en-colombia\/\",\"url\":\"https:\/\/noti-america.com\/site\/principal\/2018\/03\/12\/partido-de-ex-presidente-uribe-gana-eleccion-legislativa-en-colombia\/\",\"name\":\"Partido de ex presidente Uribe gana elecci\u00f3n legislativa en Colombia - Noti-America.com\",\"isPartOf\":{\"@id\":\"https:\/\/noti-america.com\/site\/principal\/#website\"},\"primaryImageOfPage\":{\"@id\":\"https:\/\/noti-america.com\/site\/principal\/2018\/03\/12\/partido-de-ex-presidente-uribe-gana-eleccion-legislativa-en-colombia\/#primaryimage\"},\"image\":{\"@id\":\"https:\/\/noti-america.com\/site\/principal\/2018\/03\/12\/partido-de-ex-presidente-uribe-gana-eleccion-legislativa-en-colombia\/#primaryimage\"},\"thumbnailUrl\":\"https:\/\/noti-america.com\/site\/principal\/wp-content\/uploads\/sites\/26\/2018\/03\/Uribe-elecciones.jpg\",\"datePublished\":\"2018-03-12T13:05:31+00:00\",\"author\":{\"@id\":\"https:\/\/noti-america.com\/site\/principal\/#\/schema\/person\/1a24e37c3c358f389f0a111448ddb870\"},\"breadcrumb\":{\"@id\":\"https:\/\/noti-america.com\/site\/principal\/2018\/03\/12\/partido-de-ex-presidente-uribe-gana-eleccion-legislativa-en-colombia\/#breadcrumb\"},\"inLanguage\":\"es\",\"potentialAction\":[{\"@type\":\"ReadAction\",\"target\":[\"https:\/\/noti-america.com\/site\/principal\/2018\/03\/12\/partido-de-ex-presidente-uribe-gana-eleccion-legislativa-en-colombia\/\"]}]},{\"@type\":\"ImageObject\",\"inLanguage\":\"es\",\"@id\":\"https:\/\/noti-america.com\/site\/principal\/2018\/03\/12\/partido-de-ex-presidente-uribe-gana-eleccion-legislativa-en-colombia\/#primaryimage\",\"url\":\"https:\/\/noti-america.com\/site\/principal\/wp-content\/uploads\/sites\/26\/2018\/03\/Uribe-elecciones.jpg\",\"contentUrl\":\"https:\/\/noti-america.com\/site\/principal\/wp-content\/uploads\/sites\/26\/2018\/03\/Uribe-elecciones.jpg\",\"width\":758,\"height\":426},{\"@type\":\"BreadcrumbList\",\"@id\":\"https:\/\/noti-america.com\/site\/principal\/2018\/03\/12\/partido-de-ex-presidente-uribe-gana-eleccion-legislativa-en-colombia\/#breadcrumb\",\"itemListElement\":[{\"@type\":\"ListItem\",\"position\":1,\"name\":\"Portada\",\"item\":\"https:\/\/noti-america.com\/site\/principal\/\"},{\"@type\":\"ListItem\",\"position\":2,\"name\":\"Partido de ex presidente Uribe gana elecci\u00f3n legislativa en Colombia\"}]},{\"@type\":\"WebSite\",\"@id\":\"https:\/\/noti-america.com\/site\/principal\/#website\",\"url\":\"https:\/\/noti-america.com\/site\/principal\/\",\"name\":\"Noti-America.com\",\"description\":\"El Noticiero Digital M\u00e1s Grande de Am\u00e9rica\",\"potentialAction\":[{\"@type\":\"SearchAction\",\"target\":{\"@type\":\"EntryPoint\",\"urlTemplate\":\"https:\/\/noti-america.com\/site\/principal\/?s={search_term_string}\"},\"query-input\":{\"@type\":\"PropertyValueSpecification\",\"valueRequired\":true,\"valueName\":\"search_term_string\"}}],\"inLanguage\":\"es\"},{\"@type\":\"Person\",\"@id\":\"https:\/\/noti-america.com\/site\/principal\/#\/schema\/person\/1a24e37c3c358f389f0a111448ddb870\",\"name\":\"Ydalith Figueroa Kad-Bay\",\"image\":{\"@type\":\"ImageObject\",\"inLanguage\":\"es\",\"@id\":\"https:\/\/secure.gravatar.com\/avatar\/7d1e350465afd215908c3ed413e32ef600cd41c3c21b95416252432a9f6c219c?s=96&d=mm&r=g\",\"url\":\"https:\/\/secure.gravatar.com\/avatar\/7d1e350465afd215908c3ed413e32ef600cd41c3c21b95416252432a9f6c219c?s=96&d=mm&r=g\",\"contentUrl\":\"https:\/\/secure.gravatar.com\/avatar\/7d1e350465afd215908c3ed413e32ef600cd41c3c21b95416252432a9f6c219c?s=96&d=mm&r=g\",\"caption\":\"Ydalith Figueroa Kad-Bay\"},\"description\":\"CEO Noti-America Alemania Embajadora de Venezuela para el Proyecto de Acci\u00f3n Clim\u00e1tica de la ONU, Embajadora para la ense\u00f1anza de los ODS de la ONU, Amplificador de la Acci\u00f3n de los ODS de la ONU, Profesor Voluntario del Proyecto KAKUMA (Educaci\u00f3n de calidad para refugiados en \u00c1frica) UNHCR \u2013 ACNUR - Agencia para los refugiados de la ONU-, Miembro de la ONG Gente Y Ciudad, Embajador de las Instituciones de Microfinanzas \u201cNo a la pobreza ODS #1 de la ONU\u201d (todos tienen derecho a acceso a un cr\u00e9dito), y Voluntario al di\u00e1logo global de UN75. Twitter @ydalithkad email ydalith@yhaoo.com Locutor Profesional 32931 Universidad Central de Venezuela @ISHannover \\\"Colegio Internacional de Hannover Regi\u00f3n, Alemania\\\" Representante de Aprendizaje Innovaci\u00f3n y Tecnolog\u00eda #LMS (Sistema de Gesti\u00f3n de Aprendizaje) #LMS Gente y Ciudad &amp; Asesores Internacionales ONG Alemania. ONG \\\"Gente y Ciudad, Venezuela\\\" Miembro y Asesor especialista An\u00e1lisis de Pol\u00edtica Internacional Asesor Pol\u00edtico Internacional de Venezuela en la defensa de los Derechos Humanos y el restablecimiento Democr\u00e1tico. Diplomacia positiva y Activa. Pasi\u00f3n por el Golf Proyecto #LMS \\\"Golf para ni\u00f1os y adultos Internacional\\\" Pasi\u00f3n por los Postres Proyecto #LMS \\\"Postres, Que Unen a las Culturas del mundo\\\"\",\"sameAs\":[\"https:\/\/x.com\/ydalithkad\"],\"url\":\"https:\/\/noti-america.com\/site\/principal\/author\/yfigueroa\/\"}]}<\/script>\n<!-- \/ Yoast SEO Premium plugin. -->","yoast_head_json":{"title":"Partido de ex presidente Uribe gana elecci\u00f3n legislativa en Colombia - Noti-America.com","robots":{"index":"index","follow":"follow","max-snippet":"max-snippet:-1","max-image-preview":"max-image-preview:large","max-video-preview":"max-video-preview:-1"},"canonical":"https:\/\/noti-america.com\/site\/principal\/2018\/03\/12\/partido-de-ex-presidente-uribe-gana-eleccion-legislativa-en-colombia\/","og_locale":"es_ES","og_type":"article","og_title":"Partido de ex presidente Uribe gana elecci\u00f3n legislativa en Colombia","og_description":"Bogot\u00e1, 11 mar &#8211; El partido de derecha radical Centro Democr\u00e1tico (CD), fundado por el ex presidente \u00c1lvaro Uribe, se encamina a ganar oficialmente las elecciones legislativas en Colombia, mientras que el oficialismo cae&#46;&#46;&#46;","og_url":"https:\/\/noti-america.com\/site\/principal\/2018\/03\/12\/partido-de-ex-presidente-uribe-gana-eleccion-legislativa-en-colombia\/","og_site_name":"Noti-America.com","article_published_time":"2018-03-12T13:05:31+00:00","og_image":[{"width":758,"height":426,"url":"https:\/\/noti-america.com\/site\/principal\/wp-content\/uploads\/sites\/26\/2018\/03\/Uribe-elecciones.jpg","type":"image\/jpeg"}],"author":"Ydalith Figueroa Kad-Bay","twitter_card":"summary_large_image","twitter_creator":"@ydalithkad","twitter_misc":{"Escrito por":"Ydalith Figueroa Kad-Bay","Tiempo estimado de lectura":"3 minutos"},"schema":{"@context":"https:\/\/schema.org","@graph":[{"@type":"Article","@id":"https:\/\/noti-america.com\/site\/principal\/2018\/03\/12\/partido-de-ex-presidente-uribe-gana-eleccion-legislativa-en-colombia\/#article","isPartOf":{"@id":"https:\/\/noti-america.com\/site\/principal\/2018\/03\/12\/partido-de-ex-presidente-uribe-gana-eleccion-legislativa-en-colombia\/"},"author":{"name":"Ydalith Figueroa Kad-Bay","@id":"https:\/\/noti-america.com\/site\/principal\/#\/schema\/person\/1a24e37c3c358f389f0a111448ddb870"},"headline":"Partido de ex presidente Uribe gana elecci\u00f3n legislativa en Colombia","datePublished":"2018-03-12T13:05:31+00:00","mainEntityOfPage":{"@id":"https:\/\/noti-america.com\/site\/principal\/2018\/03\/12\/partido-de-ex-presidente-uribe-gana-eleccion-legislativa-en-colombia\/"},"wordCount":534,"commentCount":0,"image":{"@id":"https:\/\/noti-america.com\/site\/principal\/2018\/03\/12\/partido-de-ex-presidente-uribe-gana-eleccion-legislativa-en-colombia\/#primaryimage"},"thumbnailUrl":"https:\/\/noti-america.com\/site\/principal\/wp-content\/uploads\/sites\/26\/2018\/03\/Uribe-elecciones.jpg","articleSection":["Internacionales"],"inLanguage":"es","potentialAction":[{"@type":"CommentAction","name":"Comment","target":["https:\/\/noti-america.com\/site\/principal\/2018\/03\/12\/partido-de-ex-presidente-uribe-gana-eleccion-legislativa-en-colombia\/#respond"]}]},{"@type":"WebPage","@id":"https:\/\/noti-america.com\/site\/principal\/2018\/03\/12\/partido-de-ex-presidente-uribe-gana-eleccion-legislativa-en-colombia\/","url":"https:\/\/noti-america.com\/site\/principal\/2018\/03\/12\/partido-de-ex-presidente-uribe-gana-eleccion-legislativa-en-colombia\/","name":"Partido de ex presidente Uribe gana elecci\u00f3n legislativa en Colombia - Noti-America.com","isPartOf":{"@id":"https:\/\/noti-america.com\/site\/principal\/#website"},"primaryImageOfPage":{"@id":"https:\/\/noti-america.com\/site\/principal\/2018\/03\/12\/partido-de-ex-presidente-uribe-gana-eleccion-legislativa-en-colombia\/#primaryimage"},"image":{"@id":"https:\/\/noti-america.com\/site\/principal\/2018\/03\/12\/partido-de-ex-presidente-uribe-gana-eleccion-legislativa-en-colombia\/#primaryimage"},"thumbnailUrl":"https:\/\/noti-america.com\/site\/principal\/wp-content\/uploads\/sites\/26\/2018\/03\/Uribe-elecciones.jpg","datePublished":"2018-03-12T13:05:31+00:00","author":{"@id":"https:\/\/noti-america.com\/site\/principal\/#\/schema\/person\/1a24e37c3c358f389f0a111448ddb870"},"breadcrumb":{"@id":"https:\/\/noti-america.com\/site\/principal\/2018\/03\/12\/partido-de-ex-presidente-uribe-gana-eleccion-legislativa-en-colombia\/#breadcrumb"},"inLanguage":"es","potentialAction":[{"@type":"ReadAction","target":["https:\/\/noti-america.com\/site\/principal\/2018\/03\/12\/partido-de-ex-presidente-uribe-gana-eleccion-legislativa-en-colombia\/"]}]},{"@type":"ImageObject","inLanguage":"es","@id":"https:\/\/noti-america.com\/site\/principal\/2018\/03\/12\/partido-de-ex-presidente-uribe-gana-eleccion-legislativa-en-colombia\/#primaryimage","url":"https:\/\/noti-america.com\/site\/principal\/wp-content\/uploads\/sites\/26\/2018\/03\/Uribe-elecciones.jpg","contentUrl":"https:\/\/noti-america.com\/site\/principal\/wp-content\/uploads\/sites\/26\/2018\/03\/Uribe-elecciones.jpg","width":758,"height":426},{"@type":"BreadcrumbList","@id":"https:\/\/noti-america.com\/site\/principal\/2018\/03\/12\/partido-de-ex-presidente-uribe-gana-eleccion-legislativa-en-colombia\/#breadcrumb","itemListElement":[{"@type":"ListItem","position":1,"name":"Portada","item":"https:\/\/noti-america.com\/site\/principal\/"},{"@type":"ListItem","position":2,"name":"Partido de ex presidente Uribe gana elecci\u00f3n legislativa en Colombia"}]},{"@type":"WebSite","@id":"https:\/\/noti-america.com\/site\/principal\/#website","url":"https:\/\/noti-america.com\/site\/principal\/","name":"Noti-America.com","description":"El Noticiero Digital M\u00e1s Grande de Am\u00e9rica","potentialAction":[{"@type":"SearchAction","target":{"@type":"EntryPoint","urlTemplate":"https:\/\/noti-america.com\/site\/principal\/?s={search_term_string}"},"query-input":{"@type":"PropertyValueSpecification","valueRequired":true,"valueName":"search_term_string"}}],"inLanguage":"es"},{"@type":"Person","@id":"https:\/\/noti-america.com\/site\/principal\/#\/schema\/person\/1a24e37c3c358f389f0a111448ddb870","name":"Ydalith Figueroa Kad-Bay","image":{"@type":"ImageObject","inLanguage":"es","@id":"https:\/\/secure.gravatar.com\/avatar\/7d1e350465afd215908c3ed413e32ef600cd41c3c21b95416252432a9f6c219c?s=96&d=mm&r=g","url":"https:\/\/secure.gravatar.com\/avatar\/7d1e350465afd215908c3ed413e32ef600cd41c3c21b95416252432a9f6c219c?s=96&d=mm&r=g","contentUrl":"https:\/\/secure.gravatar.com\/avatar\/7d1e350465afd215908c3ed413e32ef600cd41c3c21b95416252432a9f6c219c?s=96&d=mm&r=g","caption":"Ydalith Figueroa Kad-Bay"},"description":"CEO Noti-America Alemania Embajadora de Venezuela para el Proyecto de Acci\u00f3n Clim\u00e1tica de la ONU, Embajadora para la ense\u00f1anza de los ODS de la ONU, Amplificador de la Acci\u00f3n de los ODS de la ONU, Profesor Voluntario del Proyecto KAKUMA (Educaci\u00f3n de calidad para refugiados en \u00c1frica) UNHCR \u2013 ACNUR - Agencia para los refugiados de la ONU-, Miembro de la ONG Gente Y Ciudad, Embajador de las Instituciones de Microfinanzas \u201cNo a la pobreza ODS #1 de la ONU\u201d (todos tienen derecho a acceso a un cr\u00e9dito), y Voluntario al di\u00e1logo global de UN75. Twitter @ydalithkad email ydalith@yhaoo.com Locutor Profesional 32931 Universidad Central de Venezuela @ISHannover \"Colegio Internacional de Hannover Regi\u00f3n, Alemania\" Representante de Aprendizaje Innovaci\u00f3n y Tecnolog\u00eda #LMS (Sistema de Gesti\u00f3n de Aprendizaje) #LMS Gente y Ciudad &amp; Asesores Internacionales ONG Alemania. ONG \"Gente y Ciudad, Venezuela\" Miembro y Asesor especialista An\u00e1lisis de Pol\u00edtica Internacional Asesor Pol\u00edtico Internacional de Venezuela en la defensa de los Derechos Humanos y el restablecimiento Democr\u00e1tico. Diplomacia positiva y Activa. Pasi\u00f3n por el Golf Proyecto #LMS \"Golf para ni\u00f1os y adultos Internacional\" Pasi\u00f3n por los Postres Proyecto #LMS \"Postres, Que Unen a las Culturas del mundo\"","sameAs":["https:\/\/x.com\/ydalithkad"],"url":"https:\/\/noti-america.com\/site\/principal\/author\/yfigueroa\/"}]}},"_links":{"self":[{"href":"https:\/\/noti-america.com\/site\/principal\/wp-json\/wp\/v2\/posts\/899","targetHints":{"allow":["GET"]}}],"collection":[{"href":"https:\/\/noti-america.com\/site\/principal\/wp-json\/wp\/v2\/posts"}],"about":[{"href":"https:\/\/noti-america.com\/site\/principal\/wp-json\/wp\/v2\/types\/post"}],"author":[{"embeddable":true,"href":"https:\/\/noti-america.com\/site\/principal\/wp-json\/wp\/v2\/users\/31"}],"replies":[{"embeddable":true,"href":"https:\/\/noti-america.com\/site\/principal\/wp-json\/wp\/v2\/comments?post=899"}],"version-history":[{"count":1,"href":"https:\/\/noti-america.com\/site\/principal\/wp-json\/wp\/v2\/posts\/899\/revisions"}],"predecessor-version":[{"id":901,"href":"https:\/\/noti-america.com\/site\/principal\/wp-json\/wp\/v2\/posts\/899\/revisions\/901"}],"wp:featuredmedia":[{"embeddable":true,"href":"https:\/\/noti-america.com\/site\/principal\/wp-json\/wp\/v2\/media\/900"}],"wp:attachment":[{"href":"https:\/\/noti-america.com\/site\/principal\/wp-json\/wp\/v2\/media?parent=899"}],"wp:term":[{"taxonomy":"category","embeddable":true,"href":"https:\/\/noti-america.com\/site\/principal\/wp-json\/wp\/v2\/categories?post=899"},{"taxonomy":"post_tag","embeddable":true,"href":"https:\/\/noti-america.com\/site\/principal\/wp-json\/wp\/v2\/tags?post=899"}],"curies":[{"name":"wp","href":"https:\/\/api.w.org\/{rel}","templated":true}]}}