{"id":87814,"date":"2026-05-02T21:54:28","date_gmt":"2026-05-03T01:54:28","guid":{"rendered":"https:\/\/noti-america.com\/site\/principal\/?p=87814"},"modified":"2026-05-02T17:54:59","modified_gmt":"2026-05-02T21:54:59","slug":"el-glamour-de-la-gran-pantalla-se-apodero-de-barquisimeto","status":"publish","type":"post","link":"https:\/\/noti-america.com\/site\/principal\/2026\/05\/02\/el-glamour-de-la-gran-pantalla-se-apodero-de-barquisimeto\/","title":{"rendered":"\u00a1El glamour de la gran pantalla se apoder\u00f3 de Barquisimeto!"},"content":{"rendered":"<div class=\"xdj266r x14z9mp xat24cr x1lziwak x1vvkbs x126k92a\">\n<div dir=\"auto\">\n<div dir=\"auto\">\n<h1><a href=\"https:\/\/noti-america.com\/site\/principal\/wp-content\/uploads\/sites\/26\/2026\/05\/1da021a9-ca64-465c-9e97-a92a5c32a736-1.jpeg\"><img loading=\"lazy\" decoding=\"async\" class=\"alignleft size-medium wp-image-87815\" src=\"https:\/\/noti-america.com\/site\/principal\/wp-content\/uploads\/sites\/26\/2026\/05\/1da021a9-ca64-465c-9e97-a92a5c32a736-1-300x138.jpeg\" alt=\"\" width=\"300\" height=\"138\" srcset=\"https:\/\/noti-america.com\/site\/principal\/wp-content\/uploads\/sites\/26\/2026\/05\/1da021a9-ca64-465c-9e97-a92a5c32a736-1-300x138.jpeg 300w, https:\/\/noti-america.com\/site\/principal\/wp-content\/uploads\/sites\/26\/2026\/05\/1da021a9-ca64-465c-9e97-a92a5c32a736-1-1024x472.jpeg 1024w, https:\/\/noti-america.com\/site\/principal\/wp-content\/uploads\/sites\/26\/2026\/05\/1da021a9-ca64-465c-9e97-a92a5c32a736-1-768x354.jpeg 768w, https:\/\/noti-america.com\/site\/principal\/wp-content\/uploads\/sites\/26\/2026\/05\/1da021a9-ca64-465c-9e97-a92a5c32a736-1-980x450.jpeg 980w, https:\/\/noti-america.com\/site\/principal\/wp-content\/uploads\/sites\/26\/2026\/05\/1da021a9-ca64-465c-9e97-a92a5c32a736-1.jpeg 1041w\" sizes=\"auto, (max-width: 300px) 100vw, 300px\" \/><\/a>Venezuela | Noti-America.com<\/h1>\n<h1><strong style=\"font-size: 16px\">Barquisimeto, Estado Lara<\/strong><\/h1>\n<h1><strong style=\"font-size: 16px\">l<\/strong><strong><span style=\"font-size: 16px\">a capital larense se transform\u00f3 en el epicentro de la sofisticaci\u00f3n el pasado 30 de abril. Bajo el concepto \u00abEl Diablo Viste a la Moda\u00bb, la ciudad vivi\u00f3 una jornada que<\/span><\/strong><\/h1>\n<h1><strong><span style=\"font-size: 16px\">fusion\u00f3 el cine, la alta costura y el talento emergente en un despliegue de creatividad sin precedentes.<\/span><\/strong><\/h1>\n<h1><strong style=\"font-size: 16px\"><a href=\"https:\/\/noti-america.com\/site\/principal\/wp-content\/uploads\/sites\/26\/2026\/05\/DSC_0027-scaled.jpg\"><img loading=\"lazy\" decoding=\"async\" class=\"alignleft size-medium wp-image-87817\" src=\"https:\/\/noti-america.com\/site\/venezuela\/wp-content\/uploads\/sites\/2\/2026\/05\/DSC_0027-300x199.jpg\" alt=\"\" width=\"300\" height=\"199\" \/><\/a> <\/strong><\/h1>\n<h1><strong style=\"font-size: 16px\"><img loading=\"lazy\" decoding=\"async\" class=\"alignleft size-medium wp-image-87819\" src=\"https:\/\/noti-america.com\/site\/principal\/wp-content\/uploads\/sites\/26\/2026\/05\/DSC_0016-253x300.jpg\" alt=\"\" width=\"253\" height=\"300\" srcset=\"https:\/\/noti-america.com\/site\/principal\/wp-content\/uploads\/sites\/26\/2026\/05\/DSC_0016-253x300.jpg 253w, https:\/\/noti-america.com\/site\/principal\/wp-content\/uploads\/sites\/26\/2026\/05\/DSC_0016-863x1024.jpg 863w, https:\/\/noti-america.com\/site\/principal\/wp-content\/uploads\/sites\/26\/2026\/05\/DSC_0016-768x912.jpg 768w, https:\/\/noti-america.com\/site\/principal\/wp-content\/uploads\/sites\/26\/2026\/05\/DSC_0016-1294x1536.jpg 1294w, https:\/\/noti-america.com\/site\/principal\/wp-content\/uploads\/sites\/26\/2026\/05\/DSC_0016.jpg 1664w\" sizes=\"auto, (max-width: 253px) 100vw, 253px\" \/><\/strong><\/h1>\n<h1><\/h1>\n<h1><strong style=\"font-size: 16px\"><a href=\"https:\/\/noti-america.com\/site\/principal\/wp-content\/uploads\/sites\/26\/2026\/05\/DSC_0011.jpg\"><img loading=\"lazy\" decoding=\"async\" class=\"alignleft size-medium wp-image-87821\" src=\"https:\/\/noti-america.com\/site\/principal\/wp-content\/uploads\/sites\/26\/2026\/05\/DSC_0011-240x300.jpg\" alt=\"\" width=\"240\" height=\"300\" srcset=\"https:\/\/noti-america.com\/site\/principal\/wp-content\/uploads\/sites\/26\/2026\/05\/DSC_0011-240x300.jpg 240w, https:\/\/noti-america.com\/site\/principal\/wp-content\/uploads\/sites\/26\/2026\/05\/DSC_0011-819x1024.jpg 819w, https:\/\/noti-america.com\/site\/principal\/wp-content\/uploads\/sites\/26\/2026\/05\/DSC_0011-768x960.jpg 768w, https:\/\/noti-america.com\/site\/principal\/wp-content\/uploads\/sites\/26\/2026\/05\/DSC_0011-1228x1536.jpg 1228w, https:\/\/noti-america.com\/site\/principal\/wp-content\/uploads\/sites\/26\/2026\/05\/DSC_0011-1638x2048.jpg 1638w, https:\/\/noti-america.com\/site\/principal\/wp-content\/uploads\/sites\/26\/2026\/05\/DSC_0011.jpg 1973w\" sizes=\"auto, (max-width: 240px) 100vw, 240px\" \/><\/a><\/strong><\/h1>\n<h1><strong style=\"font-size: 16px\"><img loading=\"lazy\" decoding=\"async\" class=\"alignleft size-medium wp-image-87823\" src=\"https:\/\/noti-america.com\/site\/venezuela\/wp-content\/uploads\/sites\/2\/2026\/05\/DSC_0024-300x220.jpg\" alt=\"\" width=\"300\" height=\"220\" \/><\/strong><\/h1>\n<h1><strong style=\"font-size: 16px\"><img loading=\"lazy\" decoding=\"async\" class=\"alignleft size-medium wp-image-87825\" src=\"https:\/\/noti-america.com\/site\/principal\/wp-content\/uploads\/sites\/26\/2026\/05\/DSC_0017-217x300.jpg\" alt=\"\" width=\"217\" height=\"300\" srcset=\"https:\/\/noti-america.com\/site\/principal\/wp-content\/uploads\/sites\/26\/2026\/05\/DSC_0017-217x300.jpg 217w, https:\/\/noti-america.com\/site\/principal\/wp-content\/uploads\/sites\/26\/2026\/05\/DSC_0017-741x1024.jpg 741w, https:\/\/noti-america.com\/site\/principal\/wp-content\/uploads\/sites\/26\/2026\/05\/DSC_0017-768x1061.jpg 768w, https:\/\/noti-america.com\/site\/principal\/wp-content\/uploads\/sites\/26\/2026\/05\/DSC_0017-1112x1536.jpg 1112w, https:\/\/noti-america.com\/site\/principal\/wp-content\/uploads\/sites\/26\/2026\/05\/DSC_0017.jpg 1357w\" sizes=\"auto, (max-width: 217px) 100vw, 217px\" \/><\/strong><\/h1>\n<\/div>\n<div dir=\"auto\"><\/div>\n<div dir=\"auto\"><\/div>\n<div dir=\"auto\"><\/div>\n<div dir=\"auto\"><\/div>\n<div dir=\"auto\"><\/div>\n<div dir=\"auto\"><\/div>\n<div dir=\"auto\"><\/div>\n<div dir=\"auto\"><\/div>\n<div dir=\"auto\">De la pantalla a la pasarela<\/div>\n<div dir=\"auto\">La celebraci\u00f3n se traslad\u00f3 posteriormente a la tarima central del Centro Comercial Las Trinitarias. All\u00ed, el p\u00fablico disfrut\u00f3 de una puesta en escena inspirada en los momentos m\u00e1s ic\u00f3nicos del film. Modelos recrearon personajes legendarios, vistiendo paletas de colores vibrantes que capturaron la esencia de la moda contempor\u00e1nea.<\/div>\n<div dir=\"auto\">El punto culminante fue la propuesta de \u00abmaniqu\u00edes vivientes\u00bb en las inmediaciones de Cines Unidos. Bajo la direcci\u00f3n del artista Tony Carrillo y los modelos de TC Estudios Academy, esta exposici\u00f3n din\u00e1mica rompi\u00f3 el esquema tradicional de pasarela, permitiendo al espectador apreciar de cerca el detalle y la visi\u00f3n de los j\u00f3venes dise\u00f1adores locales.<\/div>\n<div dir=\"auto\">\u00abEl Diablo Viste a la Moda\u00bb se consolida no solo como un homenaje a la est\u00e9tica, sino como una plataforma vital para el talento larense, marcando un hito en la agenda cultural de la regi\u00f3n.<\/div>\n<\/div>\n<div dir=\"auto\">Revivimos lo que fue \u00abEl Diablo Viste a la Moda\u00bb, un evento que transform\u00f3 al <span class=\"html-span xdj266r x14z9mp xat24cr x1lziwak xexx8yu xyri2b x18d9i69 x1c1uobl x1hl2dhg x16tdsg8 x1vvkbs\"><a class=\"x1i10hfl xjbqb8w x1ejq31n x18oe1m7 x1sy0etr xstzfhl x972fbf x10w94by x1qhh985 x14e42zd x9f619 x1ypdohk xt0psk2 x3ct3a4 xdj266r x14z9mp xat24cr x1lziwak xexx8yu xyri2b x18d9i69 x1c1uobl x16tdsg8 x1hl2dhg xggy1nq x1a2a7pz xkrqix3 x1sur9pj x1fey0fg x1s688f\" role=\"link\" href=\"https:\/\/www.facebook.com\/profile.php?id=100063636065095&amp;__cft__[0]=AZZ3xA8K7ihuJzqpQ3t7-qkn1FfnAK0AfRj2aGXbuG5giG6jN2OiufJw9a7u63Rn43x0-BAXUJj4W1DTojriLrnNW7dqQ44Z2PdKTZX6UaXX3M6oCAfzCrxHKs18UzAuF6k2C2UInBwv_6EAmgLIonL0cKIqFSKlV3HbtEW6bDsjqV7t1wIGAq4InFEM1IJbCF4&amp;__tn__=-]K-R\"><span class=\"xt0psk2\"><span class=\"xjp7ctv\">Hotel Trinitarias Suites<\/span><\/span><\/a><\/span> y al<\/div>\n<div dir=\"auto\"><span class=\"html-span xdj266r x14z9mp xat24cr x1lziwak xexx8yu xyri2b x18d9i69 x1c1uobl x1hl2dhg x16tdsg8 x1vvkbs\"><a class=\"x1i10hfl xjbqb8w x1ejq31n x18oe1m7 x1sy0etr xstzfhl x972fbf x10w94by x1qhh985 x14e42zd x9f619 x1ypdohk xt0psk2 x3ct3a4 xdj266r x14z9mp xat24cr x1lziwak xexx8yu xyri2b x18d9i69 x1c1uobl x16tdsg8 x1hl2dhg xggy1nq x1a2a7pz xkrqix3 x1sur9pj xzsf02u x1s688f\" role=\"link\" href=\"https:\/\/www.facebook.com\/?__cft__[0]=AZZ3xA8K7ihuJzqpQ3t7-qkn1FfnAK0AfRj2aGXbuG5giG6jN2OiufJw9a7u63Rn43x0-BAXUJj4W1DTojriLrnNW7dqQ44Z2PdKTZX6UaXX3M6oCAfzCrxHKs18UzAuF6k2C2UInBwv_6EAmgLIonL0cKIqFSKlV3HbtEW6bDsjqV7t1wIGAq4InFEM1IJbCF4&amp;__tn__=-UK-R\">https:\/\/www.facebook.com<\/a><\/span> \u203a <span class=\"html-span xdj266r x14z9mp xat24cr x1lziwak xexx8yu xyri2b x18d9i69 x1c1uobl x1hl2dhg x16tdsg8 x1vvkbs\"><a class=\"x1i10hfl xjbqb8w x1ejq31n x18oe1m7 x1sy0etr xstzfhl x972fbf x10w94by x1qhh985 x14e42zd x9f619 x1ypdohk xt0psk2 x3ct3a4 xdj266r x14z9mp xat24cr x1lziwak xexx8yu xyri2b x18d9i69 x1c1uobl x16tdsg8 x1hl2dhg xggy1nq x1a2a7pz xkrqix3 x1sur9pj x1fey0fg x1s688f\" role=\"link\" href=\"https:\/\/www.facebook.com\/CCLTrinitarias?__cft__[0]=AZZ3xA8K7ihuJzqpQ3t7-qkn1FfnAK0AfRj2aGXbuG5giG6jN2OiufJw9a7u63Rn43x0-BAXUJj4W1DTojriLrnNW7dqQ44Z2PdKTZX6UaXX3M6oCAfzCrxHKs18UzAuF6k2C2UInBwv_6EAmgLIonL0cKIqFSKlV3HbtEW6bDsjqV7t1wIGAq4InFEM1IJbCF4&amp;__tn__=-]K-R\"><span class=\"xt0psk2\"><span class=\"xjp7ctv\">Ciudad Comercial Las Trinitarias<\/span><\/span><\/a><\/span> en epicentros de alta costura.<\/div>\n<div dir=\"auto\">Desde una pasarela al mejor estilo del Met Gala presentada por Aldo, hasta la innovadora propuesta de \u00abmaniqu\u00edes vivientes\u00bb de Icono de web global<\/div>\n<div dir=\"auto\">TC estudios Academy ( @tcestudiosacademy ) &#8211; frente a <span class=\"html-span xdj266r x14z9mp xat24cr x1lziwak xexx8yu xyri2b x18d9i69 x1c1uobl x1hl2dhg x16tdsg8 x1vvkbs\"><a class=\"x1i10hfl xjbqb8w x1ejq31n x18oe1m7 x1sy0etr xstzfhl x972fbf x10w94by x1qhh985 x14e42zd x9f619 x1ypdohk xt0psk2 x3ct3a4 xdj266r x14z9mp xat24cr x1lziwak xexx8yu xyri2b x18d9i69 x1c1uobl x16tdsg8 x1hl2dhg xggy1nq x1a2a7pz xkrqix3 x1sur9pj x1fey0fg x1s688f\" role=\"link\" href=\"https:\/\/www.facebook.com\/CinesUnidos?__cft__[0]=AZZ3xA8K7ihuJzqpQ3t7-qkn1FfnAK0AfRj2aGXbuG5giG6jN2OiufJw9a7u63Rn43x0-BAXUJj4W1DTojriLrnNW7dqQ44Z2PdKTZX6UaXX3M6oCAfzCrxHKs18UzAuF6k2C2UInBwv_6EAmgLIonL0cKIqFSKlV3HbtEW6bDsjqV7t1wIGAq4InFEM1IJbCF4&amp;__tn__=-]K-R\"><span class=\"xt0psk2\"><span class=\"xjp7ctv\">Cines unidos<\/span><\/span><\/a><\/span> bajo la direcci\u00f3n de <span class=\"html-span xdj266r x14z9mp xat24cr x1lziwak xexx8yu xyri2b x18d9i69 x1c1uobl x1hl2dhg x16tdsg8 x1vvkbs\"><a class=\"x1i10hfl xjbqb8w x1ejq31n x18oe1m7 x1sy0etr xstzfhl x972fbf x10w94by x1qhh985 x14e42zd x9f619 x1ypdohk xt0psk2 x3ct3a4 xdj266r x14z9mp xat24cr x1lziwak xexx8yu xyri2b x18d9i69 x1c1uobl x16tdsg8 x1hl2dhg xggy1nq x1a2a7pz xkrqix3 x1sur9pj x1fey0fg x1s688f\" role=\"link\" href=\"https:\/\/www.facebook.com\/jach.karrillo?__cft__[0]=AZZ3xA8K7ihuJzqpQ3t7-qkn1FfnAK0AfRj2aGXbuG5giG6jN2OiufJw9a7u63Rn43x0-BAXUJj4W1DTojriLrnNW7dqQ44Z2PdKTZX6UaXX3M6oCAfzCrxHKs18UzAuF6k2C2UInBwv_6EAmgLIonL0cKIqFSKlV3HbtEW6bDsjqV7t1wIGAq4InFEM1IJbCF4&amp;__tn__=-]K-R\"><span class=\"xt0psk2\"><span class=\"xjp7ctv\">Tony Carrillo<\/span><\/span><\/a><\/span>. Fue una jornada donde el lujo, la creatividad y el talento local brillaron con luz propia.<\/div>\n<\/div>\n<div class=\"x14z9mp xat24cr x1lziwak x1vvkbs xtlvy1s x126k92a\">\n<div dir=\"auto\"><span class=\"html-span xdj266r x14z9mp xat24cr x1lziwak xexx8yu xyri2b x18d9i69 x1c1uobl x1hl2dhg x16tdsg8 x1vvkbs\"><a class=\"x1i10hfl xjbqb8w x1ejq31n x18oe1m7 x1sy0etr xstzfhl x972fbf x10w94by x1qhh985 x14e42zd x9f619 x1ypdohk xt0psk2 x3ct3a4 xdj266r x14z9mp xat24cr x1lziwak xexx8yu xyri2b x18d9i69 x1c1uobl x16tdsg8 x1hl2dhg xggy1nq x1a2a7pz xkrqix3 x1sur9pj x1fey0fg x1s688f\" role=\"link\" href=\"https:\/\/www.facebook.com\/hashtag\/modabarquisimeto?__cft__[0]=AZZ3xA8K7ihuJzqpQ3t7-qkn1FfnAK0AfRj2aGXbuG5giG6jN2OiufJw9a7u63Rn43x0-BAXUJj4W1DTojriLrnNW7dqQ44Z2PdKTZX6UaXX3M6oCAfzCrxHKs18UzAuF6k2C2UInBwv_6EAmgLIonL0cKIqFSKlV3HbtEW6bDsjqV7t1wIGAq4InFEM1IJbCF4&amp;__tn__=*NK-R\">#ModaBarquisimeto<\/a><\/span> <span class=\"html-span xdj266r x14z9mp xat24cr x1lziwak xexx8yu xyri2b x18d9i69 x1c1uobl x1hl2dhg x16tdsg8 x1vvkbs\"><a class=\"x1i10hfl xjbqb8w x1ejq31n x18oe1m7 x1sy0etr xstzfhl x972fbf x10w94by x1qhh985 x14e42zd x9f619 x1ypdohk xt0psk2 x3ct3a4 xdj266r x14z9mp xat24cr x1lziwak xexx8yu xyri2b x18d9i69 x1c1uobl x16tdsg8 x1hl2dhg xggy1nq x1a2a7pz xkrqix3 x1sur9pj x1fey0fg x1s688f\" role=\"link\" href=\"https:\/\/www.facebook.com\/hashtag\/eldiablovistealamoda?__cft__[0]=AZZ3xA8K7ihuJzqpQ3t7-qkn1FfnAK0AfRj2aGXbuG5giG6jN2OiufJw9a7u63Rn43x0-BAXUJj4W1DTojriLrnNW7dqQ44Z2PdKTZX6UaXX3M6oCAfzCrxHKs18UzAuF6k2C2UInBwv_6EAmgLIonL0cKIqFSKlV3HbtEW6bDsjqV7t1wIGAq4InFEM1IJbCF4&amp;__tn__=*NK-R\">#ElDiabloVisteALaModa<\/a><\/span> <span class=\"html-span xdj266r x14z9mp xat24cr x1lziwak xexx8yu xyri2b x18d9i69 x1c1uobl x1hl2dhg x16tdsg8 x1vvkbs\"><a class=\"x1i10hfl xjbqb8w x1ejq31n x18oe1m7 x1sy0etr xstzfhl x972fbf x10w94by x1qhh985 x14e42zd x9f619 x1ypdohk xt0psk2 x3ct3a4 xdj266r x14z9mp xat24cr x1lziwak xexx8yu xyri2b x18d9i69 x1c1uobl x16tdsg8 x1hl2dhg xggy1nq x1a2a7pz xkrqix3 x1sur9pj x1fey0fg x1s688f\" role=\"link\" href=\"https:\/\/www.facebook.com\/hashtag\/talentolarense?__cft__[0]=AZZ3xA8K7ihuJzqpQ3t7-qkn1FfnAK0AfRj2aGXbuG5giG6jN2OiufJw9a7u63Rn43x0-BAXUJj4W1DTojriLrnNW7dqQ44Z2PdKTZX6UaXX3M6oCAfzCrxHKs18UzAuF6k2C2UInBwv_6EAmgLIonL0cKIqFSKlV3HbtEW6bDsjqV7t1wIGAq4InFEM1IJbCF4&amp;__tn__=*NK-R\">#TalentoLarense<\/a><\/span> <span class=\"html-span xdj266r x14z9mp xat24cr x1lziwak xexx8yu xyri2b x18d9i69 x1c1uobl x1hl2dhg x16tdsg8 x1vvkbs\"><a class=\"x1i10hfl xjbqb8w x1ejq31n x18oe1m7 x1sy0etr xstzfhl x972fbf x10w94by x1qhh985 x14e42zd x9f619 x1ypdohk xt0psk2 x3ct3a4 xdj266r x14z9mp xat24cr x1lziwak xexx8yu xyri2b x18d9i69 x1c1uobl x16tdsg8 x1hl2dhg xggy1nq x1a2a7pz xkrqix3 x1sur9pj x1fey0fg x1s688f\" role=\"link\" href=\"https:\/\/www.facebook.com\/hashtag\/fashionevent?__cft__[0]=AZZ3xA8K7ihuJzqpQ3t7-qkn1FfnAK0AfRj2aGXbuG5giG6jN2OiufJw9a7u63Rn43x0-BAXUJj4W1DTojriLrnNW7dqQ44Z2PdKTZX6UaXX3M6oCAfzCrxHKs18UzAuF6k2C2UInBwv_6EAmgLIonL0cKIqFSKlV3HbtEW6bDsjqV7t1wIGAq4InFEM1IJbCF4&amp;__tn__=*NK-R\">#FashionEvent<\/a><\/span> <span class=\"html-span xdj266r x14z9mp xat24cr x1lziwak xexx8yu xyri2b x18d9i69 x1c1uobl x1hl2dhg x16tdsg8 x1vvkbs\"><a class=\"x1i10hfl xjbqb8w x1ejq31n x18oe1m7 x1sy0etr xstzfhl x972fbf x10w94by x1qhh985 x14e42zd x9f619 x1ypdohk xt0psk2 x3ct3a4 xdj266r x14z9mp xat24cr x1lziwak xexx8yu xyri2b x18d9i69 x1c1uobl x16tdsg8 x1hl2dhg xggy1nq x1a2a7pz xkrqix3 x1sur9pj x1fey0fg x1s688f\" role=\"link\" href=\"https:\/\/www.facebook.com\/hashtag\/cctrinitarias?__cft__[0]=AZZ3xA8K7ihuJzqpQ3t7-qkn1FfnAK0AfRj2aGXbuG5giG6jN2OiufJw9a7u63Rn43x0-BAXUJj4W1DTojriLrnNW7dqQ44Z2PdKTZX6UaXX3M6oCAfzCrxHKs18UzAuF6k2C2UInBwv_6EAmgLIonL0cKIqFSKlV3HbtEW6bDsjqV7t1wIGAq4InFEM1IJbCF4&amp;__tn__=*NK-R\">#CCTrinitarias<\/a><\/span> <span class=\"html-span xdj266r x14z9mp xat24cr x1lziwak xexx8yu xyri2b x18d9i69 x1c1uobl x1hl2dhg x16tdsg8 x1vvkbs\"><a class=\"x1i10hfl xjbqb8w x1ejq31n x18oe1m7 x1sy0etr xstzfhl x972fbf x10w94by x1qhh985 x14e42zd x9f619 x1ypdohk xt0psk2 x3ct3a4 xdj266r x14z9mp xat24cr x1lziwak xexx8yu xyri2b x18d9i69 x1c1uobl x16tdsg8 x1hl2dhg xggy1nq x1a2a7pz xkrqix3 x1sur9pj x1fey0fg x1s688f\" role=\"link\" href=\"https:\/\/www.facebook.com\/hashtag\/tcestudiosacademy?__cft__[0]=AZZ3xA8K7ihuJzqpQ3t7-qkn1FfnAK0AfRj2aGXbuG5giG6jN2OiufJw9a7u63Rn43x0-BAXUJj4W1DTojriLrnNW7dqQ44Z2PdKTZX6UaXX3M6oCAfzCrxHKs18UzAuF6k2C2UInBwv_6EAmgLIonL0cKIqFSKlV3HbtEW6bDsjqV7t1wIGAq4InFEM1IJbCF4&amp;__tn__=*NK-R\">#TCestudiosAcademy<\/a><\/span>.<\/div>\n<div dir=\"auto\">HASPKARATE_IMAGENSEGURANEWS(youtobe)<\/div>\n<div dir=\"auto\">Fotos: Segurita <span class=\"html-span xdj266r x14z9mp xat24cr x1lziwak xexx8yu xyri2b x18d9i69 x1c1uobl x1hl2dhg x16tdsg8 x1vvkbs\"><a class=\"x1i10hfl xjbqb8w x1ejq31n x18oe1m7 x1sy0etr xstzfhl x972fbf x10w94by x1qhh985 x14e42zd x9f619 x1ypdohk xt0psk2 x3ct3a4 xdj266r x14z9mp xat24cr x1lziwak xexx8yu xyri2b x18d9i69 x1c1uobl x16tdsg8 x1hl2dhg xggy1nq x1a2a7pz xkrqix3 x1sur9pj x1fey0fg x1s688f\" role=\"link\" href=\"https:\/\/www.facebook.com\/segurita05?__cft__[0]=AZZ3xA8K7ihuJzqpQ3t7-qkn1FfnAK0AfRj2aGXbuG5giG6jN2OiufJw9a7u63Rn43x0-BAXUJj4W1DTojriLrnNW7dqQ44Z2PdKTZX6UaXX3M6oCAfzCrxHKs18UzAuF6k2C2UInBwv_6EAmgLIonL0cKIqFSKlV3HbtEW6bDsjqV7t1wIGAq4InFEM1IJbCF4&amp;__tn__=-]K-R\"><span class=\"xt0psk2\"><span class=\"xjp7ctv\">Hector Andres Segura<\/span><\/span><\/a><\/span> Andres Segura Hector <span class=\"html-span xdj266r x14z9mp xat24cr x1lziwak xexx8yu xyri2b x18d9i69 x1c1uobl x1hl2dhg x16tdsg8 x1vvkbs\"><a class=\"x1i10hfl xjbqb8w x1ejq31n x18oe1m7 x1sy0etr xstzfhl x972fbf x10w94by x1qhh985 x14e42zd x9f619 x1ypdohk xt0psk2 x3ct3a4 xdj266r x14z9mp xat24cr x1lziwak xexx8yu xyri2b x18d9i69 x1c1uobl x16tdsg8 x1hl2dhg xggy1nq x1a2a7pz xkrqix3 x1sur9pj x1fey0fg x1s688f\" role=\"link\" href=\"https:\/\/www.facebook.com\/mauhectors1?__cft__[0]=AZZ3xA8K7ihuJzqpQ3t7-qkn1FfnAK0AfRj2aGXbuG5giG6jN2OiufJw9a7u63Rn43x0-BAXUJj4W1DTojriLrnNW7dqQ44Z2PdKTZX6UaXX3M6oCAfzCrxHKs18UzAuF6k2C2UInBwv_6EAmgLIonL0cKIqFSKlV3HbtEW6bDsjqV7t1wIGAq4InFEM1IJbCF4&amp;__tn__=-]K-R\"><span class=\"xt0psk2\"><span class=\"xjp7ctv\">Segurita Hector Andres Segura<\/span><\/span><\/a><\/span><\/div>\n<\/div>\n<div style=\"width: 1280px;\" class=\"wp-video\"><video class=\"wp-video-shortcode\" id=\"video-87814-1\" width=\"1280\" height=\"576\" preload=\"metadata\" controls=\"controls\"><source type=\"video\/mp4\" src=\"https:\/\/noti-america.com\/site\/venezuela\/wp-content\/uploads\/sites\/2\/2026\/05\/WhatsApp-Video-2026-05-01-at-5.29.25-PM.mp4?_=1\" \/><a href=\"https:\/\/noti-america.com\/site\/venezuela\/wp-content\/uploads\/sites\/2\/2026\/05\/WhatsApp-Video-2026-05-01-at-5.29.25-PM.mp4\">https:\/\/noti-america.com\/site\/venezuela\/wp-content\/uploads\/sites\/2\/2026\/05\/WhatsApp-Video-2026-05-01-at-5.29.25-PM.mp4<\/a><\/video><\/div>\n","protected":false},"excerpt":{"rendered":"<p>Venezuela | Noti-America.com Barquisimeto, Estado Lara la capital larense se transform\u00f3 en el epicentro de la sofisticaci\u00f3n el pasado 30 de abril. Bajo el concepto \u00abEl Diablo Viste a la Moda\u00bb, la ciudad vivi\u00f3&#46;&#46;&#46;<\/p>\n","protected":false},"author":149,"featured_media":87827,"comment_status":"closed","ping_status":"open","sticky":false,"template":"","format":"standard","meta":{"_acf_changed":false,"rop_custom_images_group":[],"rop_custom_messages_group":[],"rop_publish_now":"no","rop_publish_now_accounts":[],"rop_publish_now_history":[],"rop_publish_now_status":"pending","footnotes":""},"categories":[663,886,8,100],"tags":[],"class_list":["post-87814","post","type-post","status-publish","format-standard","has-post-thumbnail","hentry","category-actualidad","category-acturalidad","category-arte-y-espectaculos","category-venezuela"],"acf":[],"yoast_head":"<!-- This site is optimized with the Yoast SEO Premium plugin v24.9 (Yoast SEO v27.2) - https:\/\/yoast.com\/product\/yoast-seo-premium-wordpress\/ -->\n<title>\u00a1El glamour de la gran pantalla se apoder\u00f3 de Barquisimeto! - Noti-America.com<\/title>\n<meta name=\"robots\" content=\"index, follow, max-snippet:-1, max-image-preview:large, max-video-preview:-1\" \/>\n<link rel=\"canonical\" href=\"https:\/\/noti-america.com\/site\/principal\/2026\/05\/02\/el-glamour-de-la-gran-pantalla-se-apodero-de-barquisimeto\/\" \/>\n<meta property=\"og:locale\" content=\"es_ES\" \/>\n<meta property=\"og:type\" content=\"article\" \/>\n<meta property=\"og:title\" content=\"\u00a1El glamour de la gran pantalla se apoder\u00f3 de Barquisimeto!\" \/>\n<meta property=\"og:description\" content=\"Venezuela | Noti-America.com Barquisimeto, Estado Lara la capital larense se transform\u00f3 en el epicentro de la sofisticaci\u00f3n el pasado 30 de abril. Bajo el concepto \u00abEl Diablo Viste a la Moda\u00bb, la ciudad vivi\u00f3&#046;&#046;&#046;\" \/>\n<meta property=\"og:url\" content=\"https:\/\/noti-america.com\/site\/principal\/2026\/05\/02\/el-glamour-de-la-gran-pantalla-se-apodero-de-barquisimeto\/\" \/>\n<meta property=\"og:site_name\" content=\"Noti-America.com\" \/>\n<meta property=\"article:author\" content=\"HECTOR ANDRES SEGURA\" \/>\n<meta property=\"article:published_time\" content=\"2026-05-03T01:54:28+00:00\" \/>\n<meta property=\"og:image\" content=\"https:\/\/noti-america.com\/site\/principal\/wp-content\/uploads\/sites\/26\/2026\/05\/1da021a9-ca64-465c-9e97-a92a5c32a736-2.jpeg\" \/>\n\t<meta property=\"og:image:width\" content=\"1041\" \/>\n\t<meta property=\"og:image:height\" content=\"480\" \/>\n\t<meta property=\"og:image:type\" content=\"image\/jpeg\" \/>\n<meta name=\"author\" content=\"Hector Andres Segura\" \/>\n<meta name=\"twitter:card\" content=\"summary_large_image\" \/>\n<meta name=\"twitter:label1\" content=\"Escrito por\" \/>\n\t<meta name=\"twitter:data1\" content=\"Hector Andres Segura\" \/>\n\t<meta name=\"twitter:label2\" content=\"Tiempo estimado de lectura\" \/>\n\t<meta name=\"twitter:data2\" content=\"2 minutos\" \/>\n<script type=\"application\/ld+json\" class=\"yoast-schema-graph\">{\"@context\":\"https:\/\/schema.org\",\"@graph\":[{\"@type\":\"Article\",\"@id\":\"https:\/\/noti-america.com\/site\/principal\/2026\/05\/02\/el-glamour-de-la-gran-pantalla-se-apodero-de-barquisimeto\/#article\",\"isPartOf\":{\"@id\":\"https:\/\/noti-america.com\/site\/principal\/2026\/05\/02\/el-glamour-de-la-gran-pantalla-se-apodero-de-barquisimeto\/\"},\"author\":{\"name\":\"Hector Andres Segura\",\"@id\":\"https:\/\/noti-america.com\/site\/principal\/#\/schema\/person\/33b90fbb24f6e2bd743cfe736c6aede7\"},\"headline\":\"\u00a1El glamour de la gran pantalla se apoder\u00f3 de Barquisimeto!\",\"datePublished\":\"2026-05-03T01:54:28+00:00\",\"mainEntityOfPage\":{\"@id\":\"https:\/\/noti-america.com\/site\/principal\/2026\/05\/02\/el-glamour-de-la-gran-pantalla-se-apodero-de-barquisimeto\/\"},\"wordCount\":352,\"image\":{\"@id\":\"https:\/\/noti-america.com\/site\/principal\/2026\/05\/02\/el-glamour-de-la-gran-pantalla-se-apodero-de-barquisimeto\/#primaryimage\"},\"thumbnailUrl\":\"https:\/\/noti-america.com\/site\/principal\/wp-content\/uploads\/sites\/26\/2026\/05\/1da021a9-ca64-465c-9e97-a92a5c32a736-2.jpeg\",\"articleSection\":[\"Actualidad\",\"Actualidad\",\"Arte y Espect\u00e1culos\",\"Venezuela\"],\"inLanguage\":\"es\"},{\"@type\":\"WebPage\",\"@id\":\"https:\/\/noti-america.com\/site\/principal\/2026\/05\/02\/el-glamour-de-la-gran-pantalla-se-apodero-de-barquisimeto\/\",\"url\":\"https:\/\/noti-america.com\/site\/principal\/2026\/05\/02\/el-glamour-de-la-gran-pantalla-se-apodero-de-barquisimeto\/\",\"name\":\"\u00a1El glamour de la gran pantalla se apoder\u00f3 de Barquisimeto! - Noti-America.com\",\"isPartOf\":{\"@id\":\"https:\/\/noti-america.com\/site\/principal\/#website\"},\"primaryImageOfPage\":{\"@id\":\"https:\/\/noti-america.com\/site\/principal\/2026\/05\/02\/el-glamour-de-la-gran-pantalla-se-apodero-de-barquisimeto\/#primaryimage\"},\"image\":{\"@id\":\"https:\/\/noti-america.com\/site\/principal\/2026\/05\/02\/el-glamour-de-la-gran-pantalla-se-apodero-de-barquisimeto\/#primaryimage\"},\"thumbnailUrl\":\"https:\/\/noti-america.com\/site\/principal\/wp-content\/uploads\/sites\/26\/2026\/05\/1da021a9-ca64-465c-9e97-a92a5c32a736-2.jpeg\",\"datePublished\":\"2026-05-03T01:54:28+00:00\",\"author\":{\"@id\":\"https:\/\/noti-america.com\/site\/principal\/#\/schema\/person\/33b90fbb24f6e2bd743cfe736c6aede7\"},\"breadcrumb\":{\"@id\":\"https:\/\/noti-america.com\/site\/principal\/2026\/05\/02\/el-glamour-de-la-gran-pantalla-se-apodero-de-barquisimeto\/#breadcrumb\"},\"inLanguage\":\"es\",\"potentialAction\":[{\"@type\":\"ReadAction\",\"target\":[\"https:\/\/noti-america.com\/site\/principal\/2026\/05\/02\/el-glamour-de-la-gran-pantalla-se-apodero-de-barquisimeto\/\"]}]},{\"@type\":\"ImageObject\",\"inLanguage\":\"es\",\"@id\":\"https:\/\/noti-america.com\/site\/principal\/2026\/05\/02\/el-glamour-de-la-gran-pantalla-se-apodero-de-barquisimeto\/#primaryimage\",\"url\":\"https:\/\/noti-america.com\/site\/principal\/wp-content\/uploads\/sites\/26\/2026\/05\/1da021a9-ca64-465c-9e97-a92a5c32a736-2.jpeg\",\"contentUrl\":\"https:\/\/noti-america.com\/site\/principal\/wp-content\/uploads\/sites\/26\/2026\/05\/1da021a9-ca64-465c-9e97-a92a5c32a736-2.jpeg\",\"width\":1041,\"height\":480},{\"@type\":\"BreadcrumbList\",\"@id\":\"https:\/\/noti-america.com\/site\/principal\/2026\/05\/02\/el-glamour-de-la-gran-pantalla-se-apodero-de-barquisimeto\/#breadcrumb\",\"itemListElement\":[{\"@type\":\"ListItem\",\"position\":1,\"name\":\"Portada\",\"item\":\"https:\/\/noti-america.com\/site\/principal\/\"},{\"@type\":\"ListItem\",\"position\":2,\"name\":\"\u00a1El glamour de la gran pantalla se apoder\u00f3 de Barquisimeto!\"}]},{\"@type\":\"WebSite\",\"@id\":\"https:\/\/noti-america.com\/site\/principal\/#website\",\"url\":\"https:\/\/noti-america.com\/site\/principal\/\",\"name\":\"Noti-America.com\",\"description\":\"El Noticiero Digital M\u00e1s Grande de Am\u00e9rica\",\"potentialAction\":[{\"@type\":\"SearchAction\",\"target\":{\"@type\":\"EntryPoint\",\"urlTemplate\":\"https:\/\/noti-america.com\/site\/principal\/?s={search_term_string}\"},\"query-input\":{\"@type\":\"PropertyValueSpecification\",\"valueRequired\":true,\"valueName\":\"search_term_string\"}}],\"inLanguage\":\"es\"},{\"@type\":\"Person\",\"@id\":\"https:\/\/noti-america.com\/site\/principal\/#\/schema\/person\/33b90fbb24f6e2bd743cfe736c6aede7\",\"name\":\"Hector Andres Segura\",\"image\":{\"@type\":\"ImageObject\",\"inLanguage\":\"es\",\"@id\":\"https:\/\/secure.gravatar.com\/avatar\/efa9fb89aaa182209112640c6904a8ef6b53b9742b239418b837e479a728758a?s=96&d=mm&r=g\",\"url\":\"https:\/\/secure.gravatar.com\/avatar\/efa9fb89aaa182209112640c6904a8ef6b53b9742b239418b837e479a728758a?s=96&d=mm&r=g\",\"contentUrl\":\"https:\/\/secure.gravatar.com\/avatar\/efa9fb89aaa182209112640c6904a8ef6b53b9742b239418b837e479a728758a?s=96&d=mm&r=g\",\"caption\":\"Hector Andres Segura\"},\"description\":\"H\u00e9ctor Andr\u00e9s Segura @segurita05 CRGV\/1134. FIP\/VE575. SNTP\/5003 Secretario General @crgv_lara_oficial Reportero Gr\u00e1fico CRGV-LARA Fotoperiodismo R\u00e9cit d\u00e9 vie, relato o retrato de vida IKIGAI @segurita05 \u30d8\u30af\u30c8\u30eb\u30fb\u30a2\u30f3\u30c9\u30ec\u30b9\u30fb\u30bb\u30b0\u30e9Hekutoru Ando resu segura\\\"\",\"sameAs\":[\"HECTOR ANDRES SEGURA\",\"@segurita05\",\"Hector Andres Segura\",\"@ImagenSeguritaNews05\"],\"honorificPrefix\":\"507\",\"honorificSuffix\":\"6793\",\"url\":\"https:\/\/noti-america.com\/site\/principal\/author\/hsegura\/\"}]}<\/script>\n<!-- \/ Yoast SEO Premium plugin. -->","yoast_head_json":{"title":"\u00a1El glamour de la gran pantalla se apoder\u00f3 de Barquisimeto! - Noti-America.com","robots":{"index":"index","follow":"follow","max-snippet":"max-snippet:-1","max-image-preview":"max-image-preview:large","max-video-preview":"max-video-preview:-1"},"canonical":"https:\/\/noti-america.com\/site\/principal\/2026\/05\/02\/el-glamour-de-la-gran-pantalla-se-apodero-de-barquisimeto\/","og_locale":"es_ES","og_type":"article","og_title":"\u00a1El glamour de la gran pantalla se apoder\u00f3 de Barquisimeto!","og_description":"Venezuela | Noti-America.com Barquisimeto, Estado Lara la capital larense se transform\u00f3 en el epicentro de la sofisticaci\u00f3n el pasado 30 de abril. Bajo el concepto \u00abEl Diablo Viste a la Moda\u00bb, la ciudad vivi\u00f3&#46;&#46;&#46;","og_url":"https:\/\/noti-america.com\/site\/principal\/2026\/05\/02\/el-glamour-de-la-gran-pantalla-se-apodero-de-barquisimeto\/","og_site_name":"Noti-America.com","article_author":"HECTOR ANDRES SEGURA","article_published_time":"2026-05-03T01:54:28+00:00","og_image":[{"width":1041,"height":480,"url":"https:\/\/noti-america.com\/site\/principal\/wp-content\/uploads\/sites\/26\/2026\/05\/1da021a9-ca64-465c-9e97-a92a5c32a736-2.jpeg","type":"image\/jpeg"}],"author":"Hector Andres Segura","twitter_card":"summary_large_image","twitter_misc":{"Escrito por":"Hector Andres Segura","Tiempo estimado de lectura":"2 minutos"},"schema":{"@context":"https:\/\/schema.org","@graph":[{"@type":"Article","@id":"https:\/\/noti-america.com\/site\/principal\/2026\/05\/02\/el-glamour-de-la-gran-pantalla-se-apodero-de-barquisimeto\/#article","isPartOf":{"@id":"https:\/\/noti-america.com\/site\/principal\/2026\/05\/02\/el-glamour-de-la-gran-pantalla-se-apodero-de-barquisimeto\/"},"author":{"name":"Hector Andres Segura","@id":"https:\/\/noti-america.com\/site\/principal\/#\/schema\/person\/33b90fbb24f6e2bd743cfe736c6aede7"},"headline":"\u00a1El glamour de la gran pantalla se apoder\u00f3 de Barquisimeto!","datePublished":"2026-05-03T01:54:28+00:00","mainEntityOfPage":{"@id":"https:\/\/noti-america.com\/site\/principal\/2026\/05\/02\/el-glamour-de-la-gran-pantalla-se-apodero-de-barquisimeto\/"},"wordCount":352,"image":{"@id":"https:\/\/noti-america.com\/site\/principal\/2026\/05\/02\/el-glamour-de-la-gran-pantalla-se-apodero-de-barquisimeto\/#primaryimage"},"thumbnailUrl":"https:\/\/noti-america.com\/site\/principal\/wp-content\/uploads\/sites\/26\/2026\/05\/1da021a9-ca64-465c-9e97-a92a5c32a736-2.jpeg","articleSection":["Actualidad","Actualidad","Arte y Espect\u00e1culos","Venezuela"],"inLanguage":"es"},{"@type":"WebPage","@id":"https:\/\/noti-america.com\/site\/principal\/2026\/05\/02\/el-glamour-de-la-gran-pantalla-se-apodero-de-barquisimeto\/","url":"https:\/\/noti-america.com\/site\/principal\/2026\/05\/02\/el-glamour-de-la-gran-pantalla-se-apodero-de-barquisimeto\/","name":"\u00a1El glamour de la gran pantalla se apoder\u00f3 de Barquisimeto! - Noti-America.com","isPartOf":{"@id":"https:\/\/noti-america.com\/site\/principal\/#website"},"primaryImageOfPage":{"@id":"https:\/\/noti-america.com\/site\/principal\/2026\/05\/02\/el-glamour-de-la-gran-pantalla-se-apodero-de-barquisimeto\/#primaryimage"},"image":{"@id":"https:\/\/noti-america.com\/site\/principal\/2026\/05\/02\/el-glamour-de-la-gran-pantalla-se-apodero-de-barquisimeto\/#primaryimage"},"thumbnailUrl":"https:\/\/noti-america.com\/site\/principal\/wp-content\/uploads\/sites\/26\/2026\/05\/1da021a9-ca64-465c-9e97-a92a5c32a736-2.jpeg","datePublished":"2026-05-03T01:54:28+00:00","author":{"@id":"https:\/\/noti-america.com\/site\/principal\/#\/schema\/person\/33b90fbb24f6e2bd743cfe736c6aede7"},"breadcrumb":{"@id":"https:\/\/noti-america.com\/site\/principal\/2026\/05\/02\/el-glamour-de-la-gran-pantalla-se-apodero-de-barquisimeto\/#breadcrumb"},"inLanguage":"es","potentialAction":[{"@type":"ReadAction","target":["https:\/\/noti-america.com\/site\/principal\/2026\/05\/02\/el-glamour-de-la-gran-pantalla-se-apodero-de-barquisimeto\/"]}]},{"@type":"ImageObject","inLanguage":"es","@id":"https:\/\/noti-america.com\/site\/principal\/2026\/05\/02\/el-glamour-de-la-gran-pantalla-se-apodero-de-barquisimeto\/#primaryimage","url":"https:\/\/noti-america.com\/site\/principal\/wp-content\/uploads\/sites\/26\/2026\/05\/1da021a9-ca64-465c-9e97-a92a5c32a736-2.jpeg","contentUrl":"https:\/\/noti-america.com\/site\/principal\/wp-content\/uploads\/sites\/26\/2026\/05\/1da021a9-ca64-465c-9e97-a92a5c32a736-2.jpeg","width":1041,"height":480},{"@type":"BreadcrumbList","@id":"https:\/\/noti-america.com\/site\/principal\/2026\/05\/02\/el-glamour-de-la-gran-pantalla-se-apodero-de-barquisimeto\/#breadcrumb","itemListElement":[{"@type":"ListItem","position":1,"name":"Portada","item":"https:\/\/noti-america.com\/site\/principal\/"},{"@type":"ListItem","position":2,"name":"\u00a1El glamour de la gran pantalla se apoder\u00f3 de Barquisimeto!"}]},{"@type":"WebSite","@id":"https:\/\/noti-america.com\/site\/principal\/#website","url":"https:\/\/noti-america.com\/site\/principal\/","name":"Noti-America.com","description":"El Noticiero Digital M\u00e1s Grande de Am\u00e9rica","potentialAction":[{"@type":"SearchAction","target":{"@type":"EntryPoint","urlTemplate":"https:\/\/noti-america.com\/site\/principal\/?s={search_term_string}"},"query-input":{"@type":"PropertyValueSpecification","valueRequired":true,"valueName":"search_term_string"}}],"inLanguage":"es"},{"@type":"Person","@id":"https:\/\/noti-america.com\/site\/principal\/#\/schema\/person\/33b90fbb24f6e2bd743cfe736c6aede7","name":"Hector Andres Segura","image":{"@type":"ImageObject","inLanguage":"es","@id":"https:\/\/secure.gravatar.com\/avatar\/efa9fb89aaa182209112640c6904a8ef6b53b9742b239418b837e479a728758a?s=96&d=mm&r=g","url":"https:\/\/secure.gravatar.com\/avatar\/efa9fb89aaa182209112640c6904a8ef6b53b9742b239418b837e479a728758a?s=96&d=mm&r=g","contentUrl":"https:\/\/secure.gravatar.com\/avatar\/efa9fb89aaa182209112640c6904a8ef6b53b9742b239418b837e479a728758a?s=96&d=mm&r=g","caption":"Hector Andres Segura"},"description":"H\u00e9ctor Andr\u00e9s Segura @segurita05 CRGV\/1134. FIP\/VE575. SNTP\/5003 Secretario General @crgv_lara_oficial Reportero Gr\u00e1fico CRGV-LARA Fotoperiodismo R\u00e9cit d\u00e9 vie, relato o retrato de vida IKIGAI @segurita05 \u30d8\u30af\u30c8\u30eb\u30fb\u30a2\u30f3\u30c9\u30ec\u30b9\u30fb\u30bb\u30b0\u30e9Hekutoru Ando resu segura\"","sameAs":["HECTOR ANDRES SEGURA","@segurita05","Hector Andres Segura","@ImagenSeguritaNews05"],"honorificPrefix":"507","honorificSuffix":"6793","url":"https:\/\/noti-america.com\/site\/principal\/author\/hsegura\/"}]}},"_links":{"self":[{"href":"https:\/\/noti-america.com\/site\/principal\/wp-json\/wp\/v2\/posts\/87814","targetHints":{"allow":["GET"]}}],"collection":[{"href":"https:\/\/noti-america.com\/site\/principal\/wp-json\/wp\/v2\/posts"}],"about":[{"href":"https:\/\/noti-america.com\/site\/principal\/wp-json\/wp\/v2\/types\/post"}],"author":[{"embeddable":true,"href":"https:\/\/noti-america.com\/site\/principal\/wp-json\/wp\/v2\/users\/149"}],"replies":[{"embeddable":true,"href":"https:\/\/noti-america.com\/site\/principal\/wp-json\/wp\/v2\/comments?post=87814"}],"version-history":[{"count":5,"href":"https:\/\/noti-america.com\/site\/principal\/wp-json\/wp\/v2\/posts\/87814\/revisions"}],"predecessor-version":[{"id":87826,"href":"https:\/\/noti-america.com\/site\/principal\/wp-json\/wp\/v2\/posts\/87814\/revisions\/87826"}],"wp:featuredmedia":[{"embeddable":true,"href":"https:\/\/noti-america.com\/site\/principal\/wp-json\/wp\/v2\/media\/87827"}],"wp:attachment":[{"href":"https:\/\/noti-america.com\/site\/principal\/wp-json\/wp\/v2\/media?parent=87814"}],"wp:term":[{"taxonomy":"category","embeddable":true,"href":"https:\/\/noti-america.com\/site\/principal\/wp-json\/wp\/v2\/categories?post=87814"},{"taxonomy":"post_tag","embeddable":true,"href":"https:\/\/noti-america.com\/site\/principal\/wp-json\/wp\/v2\/tags?post=87814"}],"curies":[{"name":"wp","href":"https:\/\/api.w.org\/{rel}","templated":true}]}}