{"id":87779,"date":"2026-05-01T15:10:14","date_gmt":"2026-05-01T19:10:14","guid":{"rendered":"https:\/\/noti-america.com\/site\/principal\/?p=87779"},"modified":"2026-05-01T15:10:14","modified_gmt":"2026-05-01T19:10:14","slug":"paren-todo-leyla-taylan-regresa-netflix-confirma-la-fecha-de-estreno-de-la-nueva-temporada-de-gracias-el-siguiente-2","status":"publish","type":"post","link":"https:\/\/noti-america.com\/site\/principal\/2026\/05\/01\/paren-todo-leyla-taylan-regresa-netflix-confirma-la-fecha-de-estreno-de-la-nueva-temporada-de-gracias-el-siguiente-2\/","title":{"rendered":"\u00a1Paren todo! Leyla Taylan regresa: Netflix confirma la fecha de estreno de la nueva temporada de \u00abGracias, el siguiente\u00bb"},"content":{"rendered":"<p data-path-to-node=\"4\">NOTI-AMERICA.COM | CHILE<\/p>\n<p style=\"text-align: justify\" data-path-to-node=\"4\">El fen\u00f3meno de las producciones turcas en el streaming suma un nuevo hito. Netflix ha confirmado oficialmente que la esperada continuaci\u00f3n de <b data-path-to-node=\"4\" data-index-in-node=\"153\">\u00abGracias, el siguiente\u00bb<\/b> (<i data-path-to-node=\"4\" data-index-in-node=\"178\">Kimler Geldi Kimler Ge\u00e7ti<\/i>) llegar\u00e1 a su cat\u00e1logo global el pr\u00f3ximo <b data-path-to-node=\"4\" data-index-in-node=\"245\">8 de mayo<\/b>. La serie, que r\u00e1pidamente se posicion\u00f3 entre lo m\u00e1s visto de la plataforma tras su debut, promete profundizar en los enredos sentimentales de su protagonista.<\/p>\n<h3 style=\"text-align: justify\" data-path-to-node=\"5\"><b data-path-to-node=\"5\" data-index-in-node=\"0\">\u00bfQu\u00e9 depara esta nueva entrega?<\/b><\/h3>\n<p style=\"text-align: justify\" data-path-to-node=\"6\">Tras un final de temporada que dej\u00f3 m\u00faltiples frentes abiertos, los nuevos episodios retomar\u00e1n la vida de la abogada <b data-path-to-node=\"6\" data-index-in-node=\"117\">Leyla Taylan<\/b> (interpretada por Serenay Sar\u0131kaya). En esta etapa, el drama legal se entrelazar\u00e1 con decisiones sentimentales definitivas. Se espera que la trama aborde:<\/p>\n<ul style=\"text-align: justify\" data-path-to-node=\"7\">\n<li>\n<p data-path-to-node=\"7,0,0\"><b data-path-to-node=\"7,0,0\" data-index-in-node=\"0\">La evoluci\u00f3n de Leyla:<\/b> Tras intentar superar su ruptura m\u00e1s dolorosa, la protagonista se enfrentar\u00e1 a nuevas din\u00e1micas en el amor moderno, donde la vulnerabilidad y el \u00e9xito profesional chocan constantemente.<\/p>\n<\/li>\n<li>\n<p data-path-to-node=\"7,1,0\"><b data-path-to-node=\"7,1,0\" data-index-in-node=\"0\">V\u00ednculos del pasado:<\/b> El regreso de figuras clave de su historial amoroso pondr\u00e1 a prueba su estabilidad emocional y la de su c\u00edrculo m\u00e1s cercano.<\/p>\n<\/li>\n<li>\n<p data-path-to-node=\"7,2,0\"><b data-path-to-node=\"7,2,0\" data-index-in-node=\"0\">Nuevos escenarios:<\/b> La producci\u00f3n mantiene su sello caracter\u00edstico con una est\u00e9tica impecable y locaciones que resaltan la modernidad de la vida urbana en Turqu\u00eda.<\/p>\n<\/li>\n<\/ul>\n<h3 style=\"text-align: justify\" data-path-to-node=\"8\"><b data-path-to-node=\"8\" data-index-in-node=\"0\">Expectativa mundial<\/b><\/h3>\n<p style=\"text-align: justify\" data-path-to-node=\"9\">Bajo el guion de <b data-path-to-node=\"9\" data-index-in-node=\"17\">Ece Y\u00f6ren\u00e7<\/b>, la serie ha logrado conectar con una audiencia joven gracias a su narrativa \u00e1gil y realista sobre las relaciones contempor\u00e1neas. La expectativa para este <b data-path-to-node=\"9\" data-index-in-node=\"183\">8 de mayo<\/b> es m\u00e1xima, especialmente en Latinoam\u00e9rica y Europa, donde el fandom de la serie ha crecido exponencialmente en los \u00faltimos meses.<\/p>\n<p style=\"text-align: justify\" data-path-to-node=\"10\">Con esta renovaci\u00f3n, Netflix reafirma su apuesta por las comedias rom\u00e1nticas turcas que logran romper la barrera del idioma a trav\u00e9s de historias universales de amistad y autodescubrimiento.<\/p>\n","protected":false},"excerpt":{"rendered":"<p>NOTI-AMERICA.COM | CHILE El fen\u00f3meno de las producciones turcas en el streaming suma un nuevo hito. Netflix ha confirmado oficialmente que la esperada continuaci\u00f3n de \u00abGracias, el siguiente\u00bb (Kimler Geldi Kimler Ge\u00e7ti) llegar\u00e1 a&#46;&#46;&#46;<\/p>\n","protected":false},"author":133,"featured_media":87778,"comment_status":"","ping_status":"open","sticky":false,"template":"","format":"image","meta":{"_acf_changed":false,"rop_custom_images_group":[],"rop_custom_messages_group":[],"rop_publish_now":"no","rop_publish_now_accounts":{"facebook_10219548024599422_1632221337088128":"","twitter_242054905_242054905":""},"rop_publish_now_history":[{"account":"twitter_242054905_242054905","service":"twitter","timestamp":1777662652,"status":"error"}],"rop_publish_now_status":"done","footnotes":""},"categories":[663],"tags":[],"class_list":["post-87779","post","type-post","status-publish","format-image","has-post-thumbnail","hentry","category-actualidad","post_format-post-format-image"],"acf":[],"yoast_head":"<!-- This site is optimized with the Yoast SEO Premium plugin v24.9 (Yoast SEO v27.2) - https:\/\/yoast.com\/product\/yoast-seo-premium-wordpress\/ -->\n<title>\u00a1Paren todo! Leyla Taylan regresa: Netflix confirma la fecha de estreno de la nueva temporada de \u00abGracias, el siguiente\u00bb - Noti-America.com<\/title>\n<meta name=\"robots\" content=\"index, follow, max-snippet:-1, max-image-preview:large, max-video-preview:-1\" \/>\n<link rel=\"canonical\" href=\"https:\/\/noti-america.com\/site\/principal\/2026\/05\/01\/paren-todo-leyla-taylan-regresa-netflix-confirma-la-fecha-de-estreno-de-la-nueva-temporada-de-gracias-el-siguiente-2\/\" \/>\n<meta property=\"og:locale\" content=\"es_ES\" \/>\n<meta property=\"og:type\" content=\"article\" \/>\n<meta property=\"og:title\" content=\"\u00a1Paren todo! Leyla Taylan regresa: Netflix confirma la fecha de estreno de la nueva temporada de \u00abGracias, el siguiente\u00bb\" \/>\n<meta property=\"og:description\" content=\"NOTI-AMERICA.COM | CHILE El fen\u00f3meno de las producciones turcas en el streaming suma un nuevo hito. Netflix ha confirmado oficialmente que la esperada continuaci\u00f3n de \u00abGracias, el siguiente\u00bb (Kimler Geldi Kimler Ge\u00e7ti) llegar\u00e1 a&#046;&#046;&#046;\" \/>\n<meta property=\"og:url\" content=\"https:\/\/noti-america.com\/site\/principal\/2026\/05\/01\/paren-todo-leyla-taylan-regresa-netflix-confirma-la-fecha-de-estreno-de-la-nueva-temporada-de-gracias-el-siguiente-2\/\" \/>\n<meta property=\"og:site_name\" content=\"Noti-America.com\" \/>\n<meta property=\"article:author\" content=\"Mar\u00eda Valentina Noguera\" \/>\n<meta property=\"article:published_time\" content=\"2026-05-01T19:10:14+00:00\" \/>\n<meta property=\"og:image\" content=\"https:\/\/noti-america.com\/site\/principal\/wp-content\/uploads\/sites\/26\/2026\/05\/Gemini_Generated_Image_3d9wdf3d9wdf3d9w-869x1024.png\" \/>\n\t<meta property=\"og:image:width\" content=\"869\" \/>\n\t<meta property=\"og:image:height\" content=\"1024\" \/>\n\t<meta property=\"og:image:type\" content=\"image\/png\" \/>\n<meta name=\"author\" content=\"Maria Valentina Noguera Medina\" \/>\n<meta name=\"twitter:card\" content=\"summary_large_image\" \/>\n<meta name=\"twitter:label1\" content=\"Escrito por\" \/>\n\t<meta name=\"twitter:data1\" content=\"Maria Valentina Noguera Medina\" \/>\n\t<meta name=\"twitter:label2\" content=\"Tiempo estimado de lectura\" \/>\n\t<meta name=\"twitter:data2\" content=\"2 minutos\" \/>\n<script type=\"application\/ld+json\" class=\"yoast-schema-graph\">{\"@context\":\"https:\/\/schema.org\",\"@graph\":[{\"@type\":\"Article\",\"@id\":\"https:\/\/noti-america.com\/site\/principal\/2026\/05\/01\/paren-todo-leyla-taylan-regresa-netflix-confirma-la-fecha-de-estreno-de-la-nueva-temporada-de-gracias-el-siguiente-2\/#article\",\"isPartOf\":{\"@id\":\"https:\/\/noti-america.com\/site\/principal\/2026\/05\/01\/paren-todo-leyla-taylan-regresa-netflix-confirma-la-fecha-de-estreno-de-la-nueva-temporada-de-gracias-el-siguiente-2\/\"},\"author\":{\"name\":\"Maria Valentina Noguera Medina\",\"@id\":\"https:\/\/noti-america.com\/site\/principal\/#\/schema\/person\/22806efcc2cfc4b45efb0e17be210ea8\"},\"headline\":\"\u00a1Paren todo! Leyla Taylan regresa: Netflix confirma la fecha de estreno de la nueva temporada de \u00abGracias, el siguiente\u00bb\",\"datePublished\":\"2026-05-01T19:10:14+00:00\",\"mainEntityOfPage\":{\"@id\":\"https:\/\/noti-america.com\/site\/principal\/2026\/05\/01\/paren-todo-leyla-taylan-regresa-netflix-confirma-la-fecha-de-estreno-de-la-nueva-temporada-de-gracias-el-siguiente-2\/\"},\"wordCount\":322,\"image\":{\"@id\":\"https:\/\/noti-america.com\/site\/principal\/2026\/05\/01\/paren-todo-leyla-taylan-regresa-netflix-confirma-la-fecha-de-estreno-de-la-nueva-temporada-de-gracias-el-siguiente-2\/#primaryimage\"},\"thumbnailUrl\":\"https:\/\/noti-america.com\/site\/principal\/wp-content\/uploads\/sites\/26\/2026\/05\/Gemini_Generated_Image_3d9wdf3d9wdf3d9w.png\",\"articleSection\":[\"Actualidad\"],\"inLanguage\":\"es\"},{\"@type\":\"WebPage\",\"@id\":\"https:\/\/noti-america.com\/site\/principal\/2026\/05\/01\/paren-todo-leyla-taylan-regresa-netflix-confirma-la-fecha-de-estreno-de-la-nueva-temporada-de-gracias-el-siguiente-2\/\",\"url\":\"https:\/\/noti-america.com\/site\/principal\/2026\/05\/01\/paren-todo-leyla-taylan-regresa-netflix-confirma-la-fecha-de-estreno-de-la-nueva-temporada-de-gracias-el-siguiente-2\/\",\"name\":\"\u00a1Paren todo! Leyla Taylan regresa: Netflix confirma la fecha de estreno de la nueva temporada de \u00abGracias, el siguiente\u00bb - Noti-America.com\",\"isPartOf\":{\"@id\":\"https:\/\/noti-america.com\/site\/principal\/#website\"},\"primaryImageOfPage\":{\"@id\":\"https:\/\/noti-america.com\/site\/principal\/2026\/05\/01\/paren-todo-leyla-taylan-regresa-netflix-confirma-la-fecha-de-estreno-de-la-nueva-temporada-de-gracias-el-siguiente-2\/#primaryimage\"},\"image\":{\"@id\":\"https:\/\/noti-america.com\/site\/principal\/2026\/05\/01\/paren-todo-leyla-taylan-regresa-netflix-confirma-la-fecha-de-estreno-de-la-nueva-temporada-de-gracias-el-siguiente-2\/#primaryimage\"},\"thumbnailUrl\":\"https:\/\/noti-america.com\/site\/principal\/wp-content\/uploads\/sites\/26\/2026\/05\/Gemini_Generated_Image_3d9wdf3d9wdf3d9w.png\",\"datePublished\":\"2026-05-01T19:10:14+00:00\",\"author\":{\"@id\":\"https:\/\/noti-america.com\/site\/principal\/#\/schema\/person\/22806efcc2cfc4b45efb0e17be210ea8\"},\"breadcrumb\":{\"@id\":\"https:\/\/noti-america.com\/site\/principal\/2026\/05\/01\/paren-todo-leyla-taylan-regresa-netflix-confirma-la-fecha-de-estreno-de-la-nueva-temporada-de-gracias-el-siguiente-2\/#breadcrumb\"},\"inLanguage\":\"es\",\"potentialAction\":[{\"@type\":\"ReadAction\",\"target\":[\"https:\/\/noti-america.com\/site\/principal\/2026\/05\/01\/paren-todo-leyla-taylan-regresa-netflix-confirma-la-fecha-de-estreno-de-la-nueva-temporada-de-gracias-el-siguiente-2\/\"]}]},{\"@type\":\"ImageObject\",\"inLanguage\":\"es\",\"@id\":\"https:\/\/noti-america.com\/site\/principal\/2026\/05\/01\/paren-todo-leyla-taylan-regresa-netflix-confirma-la-fecha-de-estreno-de-la-nueva-temporada-de-gracias-el-siguiente-2\/#primaryimage\",\"url\":\"https:\/\/noti-america.com\/site\/principal\/wp-content\/uploads\/sites\/26\/2026\/05\/Gemini_Generated_Image_3d9wdf3d9wdf3d9w.png\",\"contentUrl\":\"https:\/\/noti-america.com\/site\/principal\/wp-content\/uploads\/sites\/26\/2026\/05\/Gemini_Generated_Image_3d9wdf3d9wdf3d9w.png\",\"width\":944,\"height\":1113},{\"@type\":\"BreadcrumbList\",\"@id\":\"https:\/\/noti-america.com\/site\/principal\/2026\/05\/01\/paren-todo-leyla-taylan-regresa-netflix-confirma-la-fecha-de-estreno-de-la-nueva-temporada-de-gracias-el-siguiente-2\/#breadcrumb\",\"itemListElement\":[{\"@type\":\"ListItem\",\"position\":1,\"name\":\"Portada\",\"item\":\"https:\/\/noti-america.com\/site\/principal\/\"},{\"@type\":\"ListItem\",\"position\":2,\"name\":\"\u00a1Paren todo! Leyla Taylan regresa: Netflix confirma la fecha de estreno de la nueva temporada de \u00abGracias, el siguiente\u00bb\"}]},{\"@type\":\"WebSite\",\"@id\":\"https:\/\/noti-america.com\/site\/principal\/#website\",\"url\":\"https:\/\/noti-america.com\/site\/principal\/\",\"name\":\"Noti-America.com\",\"description\":\"El Noticiero Digital M\u00e1s Grande de Am\u00e9rica\",\"potentialAction\":[{\"@type\":\"SearchAction\",\"target\":{\"@type\":\"EntryPoint\",\"urlTemplate\":\"https:\/\/noti-america.com\/site\/principal\/?s={search_term_string}\"},\"query-input\":{\"@type\":\"PropertyValueSpecification\",\"valueRequired\":true,\"valueName\":\"search_term_string\"}}],\"inLanguage\":\"es\"},{\"@type\":\"Person\",\"@id\":\"https:\/\/noti-america.com\/site\/principal\/#\/schema\/person\/22806efcc2cfc4b45efb0e17be210ea8\",\"name\":\"Maria Valentina Noguera Medina\",\"image\":{\"@type\":\"ImageObject\",\"inLanguage\":\"es\",\"@id\":\"https:\/\/secure.gravatar.com\/avatar\/4ec5eb9d099f2608a49c9df6f7341f66f04f819cdffa09d56a7a0e91d2819d56?s=96&d=mm&r=g\",\"url\":\"https:\/\/secure.gravatar.com\/avatar\/4ec5eb9d099f2608a49c9df6f7341f66f04f819cdffa09d56a7a0e91d2819d56?s=96&d=mm&r=g\",\"contentUrl\":\"https:\/\/secure.gravatar.com\/avatar\/4ec5eb9d099f2608a49c9df6f7341f66f04f819cdffa09d56a7a0e91d2819d56?s=96&d=mm&r=g\",\"caption\":\"Maria Valentina Noguera Medina\"},\"description\":\"Periodista - noti-america - Promar Community Manager - Talento Plus Dise\u00f1adora\/ creadora de contenido...\",\"sameAs\":[\"Mar\u00eda Valentina Noguera\",\"https:\/\/www.facebook.com\/mariavalentina.noguera\",\"https:\/\/www.linkedin.com\/in\/mara-valentina-noguera-medina-373075165\/\",\"https:\/\/www.pinterest.es\/valentinanoguera95\/\",\"https:\/\/www.youtube.com\/channel\/UCdek6mbUZ-Tqqw0I63i4nmQ\"],\"url\":\"https:\/\/noti-america.com\/site\/principal\/author\/mnoguera\/\"}]}<\/script>\n<!-- \/ Yoast SEO Premium plugin. -->","yoast_head_json":{"title":"\u00a1Paren todo! Leyla Taylan regresa: Netflix confirma la fecha de estreno de la nueva temporada de \u00abGracias, el siguiente\u00bb - Noti-America.com","robots":{"index":"index","follow":"follow","max-snippet":"max-snippet:-1","max-image-preview":"max-image-preview:large","max-video-preview":"max-video-preview:-1"},"canonical":"https:\/\/noti-america.com\/site\/principal\/2026\/05\/01\/paren-todo-leyla-taylan-regresa-netflix-confirma-la-fecha-de-estreno-de-la-nueva-temporada-de-gracias-el-siguiente-2\/","og_locale":"es_ES","og_type":"article","og_title":"\u00a1Paren todo! Leyla Taylan regresa: Netflix confirma la fecha de estreno de la nueva temporada de \u00abGracias, el siguiente\u00bb","og_description":"NOTI-AMERICA.COM | CHILE El fen\u00f3meno de las producciones turcas en el streaming suma un nuevo hito. Netflix ha confirmado oficialmente que la esperada continuaci\u00f3n de \u00abGracias, el siguiente\u00bb (Kimler Geldi Kimler Ge\u00e7ti) llegar\u00e1 a&#46;&#46;&#46;","og_url":"https:\/\/noti-america.com\/site\/principal\/2026\/05\/01\/paren-todo-leyla-taylan-regresa-netflix-confirma-la-fecha-de-estreno-de-la-nueva-temporada-de-gracias-el-siguiente-2\/","og_site_name":"Noti-America.com","article_author":"Mar\u00eda Valentina Noguera","article_published_time":"2026-05-01T19:10:14+00:00","og_image":[{"width":869,"height":1024,"url":"https:\/\/noti-america.com\/site\/principal\/wp-content\/uploads\/sites\/26\/2026\/05\/Gemini_Generated_Image_3d9wdf3d9wdf3d9w-869x1024.png","type":"image\/png"}],"author":"Maria Valentina Noguera Medina","twitter_card":"summary_large_image","twitter_misc":{"Escrito por":"Maria Valentina Noguera Medina","Tiempo estimado de lectura":"2 minutos"},"schema":{"@context":"https:\/\/schema.org","@graph":[{"@type":"Article","@id":"https:\/\/noti-america.com\/site\/principal\/2026\/05\/01\/paren-todo-leyla-taylan-regresa-netflix-confirma-la-fecha-de-estreno-de-la-nueva-temporada-de-gracias-el-siguiente-2\/#article","isPartOf":{"@id":"https:\/\/noti-america.com\/site\/principal\/2026\/05\/01\/paren-todo-leyla-taylan-regresa-netflix-confirma-la-fecha-de-estreno-de-la-nueva-temporada-de-gracias-el-siguiente-2\/"},"author":{"name":"Maria Valentina Noguera Medina","@id":"https:\/\/noti-america.com\/site\/principal\/#\/schema\/person\/22806efcc2cfc4b45efb0e17be210ea8"},"headline":"\u00a1Paren todo! Leyla Taylan regresa: Netflix confirma la fecha de estreno de la nueva temporada de \u00abGracias, el siguiente\u00bb","datePublished":"2026-05-01T19:10:14+00:00","mainEntityOfPage":{"@id":"https:\/\/noti-america.com\/site\/principal\/2026\/05\/01\/paren-todo-leyla-taylan-regresa-netflix-confirma-la-fecha-de-estreno-de-la-nueva-temporada-de-gracias-el-siguiente-2\/"},"wordCount":322,"image":{"@id":"https:\/\/noti-america.com\/site\/principal\/2026\/05\/01\/paren-todo-leyla-taylan-regresa-netflix-confirma-la-fecha-de-estreno-de-la-nueva-temporada-de-gracias-el-siguiente-2\/#primaryimage"},"thumbnailUrl":"https:\/\/noti-america.com\/site\/principal\/wp-content\/uploads\/sites\/26\/2026\/05\/Gemini_Generated_Image_3d9wdf3d9wdf3d9w.png","articleSection":["Actualidad"],"inLanguage":"es"},{"@type":"WebPage","@id":"https:\/\/noti-america.com\/site\/principal\/2026\/05\/01\/paren-todo-leyla-taylan-regresa-netflix-confirma-la-fecha-de-estreno-de-la-nueva-temporada-de-gracias-el-siguiente-2\/","url":"https:\/\/noti-america.com\/site\/principal\/2026\/05\/01\/paren-todo-leyla-taylan-regresa-netflix-confirma-la-fecha-de-estreno-de-la-nueva-temporada-de-gracias-el-siguiente-2\/","name":"\u00a1Paren todo! Leyla Taylan regresa: Netflix confirma la fecha de estreno de la nueva temporada de \u00abGracias, el siguiente\u00bb - Noti-America.com","isPartOf":{"@id":"https:\/\/noti-america.com\/site\/principal\/#website"},"primaryImageOfPage":{"@id":"https:\/\/noti-america.com\/site\/principal\/2026\/05\/01\/paren-todo-leyla-taylan-regresa-netflix-confirma-la-fecha-de-estreno-de-la-nueva-temporada-de-gracias-el-siguiente-2\/#primaryimage"},"image":{"@id":"https:\/\/noti-america.com\/site\/principal\/2026\/05\/01\/paren-todo-leyla-taylan-regresa-netflix-confirma-la-fecha-de-estreno-de-la-nueva-temporada-de-gracias-el-siguiente-2\/#primaryimage"},"thumbnailUrl":"https:\/\/noti-america.com\/site\/principal\/wp-content\/uploads\/sites\/26\/2026\/05\/Gemini_Generated_Image_3d9wdf3d9wdf3d9w.png","datePublished":"2026-05-01T19:10:14+00:00","author":{"@id":"https:\/\/noti-america.com\/site\/principal\/#\/schema\/person\/22806efcc2cfc4b45efb0e17be210ea8"},"breadcrumb":{"@id":"https:\/\/noti-america.com\/site\/principal\/2026\/05\/01\/paren-todo-leyla-taylan-regresa-netflix-confirma-la-fecha-de-estreno-de-la-nueva-temporada-de-gracias-el-siguiente-2\/#breadcrumb"},"inLanguage":"es","potentialAction":[{"@type":"ReadAction","target":["https:\/\/noti-america.com\/site\/principal\/2026\/05\/01\/paren-todo-leyla-taylan-regresa-netflix-confirma-la-fecha-de-estreno-de-la-nueva-temporada-de-gracias-el-siguiente-2\/"]}]},{"@type":"ImageObject","inLanguage":"es","@id":"https:\/\/noti-america.com\/site\/principal\/2026\/05\/01\/paren-todo-leyla-taylan-regresa-netflix-confirma-la-fecha-de-estreno-de-la-nueva-temporada-de-gracias-el-siguiente-2\/#primaryimage","url":"https:\/\/noti-america.com\/site\/principal\/wp-content\/uploads\/sites\/26\/2026\/05\/Gemini_Generated_Image_3d9wdf3d9wdf3d9w.png","contentUrl":"https:\/\/noti-america.com\/site\/principal\/wp-content\/uploads\/sites\/26\/2026\/05\/Gemini_Generated_Image_3d9wdf3d9wdf3d9w.png","width":944,"height":1113},{"@type":"BreadcrumbList","@id":"https:\/\/noti-america.com\/site\/principal\/2026\/05\/01\/paren-todo-leyla-taylan-regresa-netflix-confirma-la-fecha-de-estreno-de-la-nueva-temporada-de-gracias-el-siguiente-2\/#breadcrumb","itemListElement":[{"@type":"ListItem","position":1,"name":"Portada","item":"https:\/\/noti-america.com\/site\/principal\/"},{"@type":"ListItem","position":2,"name":"\u00a1Paren todo! Leyla Taylan regresa: Netflix confirma la fecha de estreno de la nueva temporada de \u00abGracias, el siguiente\u00bb"}]},{"@type":"WebSite","@id":"https:\/\/noti-america.com\/site\/principal\/#website","url":"https:\/\/noti-america.com\/site\/principal\/","name":"Noti-America.com","description":"El Noticiero Digital M\u00e1s Grande de Am\u00e9rica","potentialAction":[{"@type":"SearchAction","target":{"@type":"EntryPoint","urlTemplate":"https:\/\/noti-america.com\/site\/principal\/?s={search_term_string}"},"query-input":{"@type":"PropertyValueSpecification","valueRequired":true,"valueName":"search_term_string"}}],"inLanguage":"es"},{"@type":"Person","@id":"https:\/\/noti-america.com\/site\/principal\/#\/schema\/person\/22806efcc2cfc4b45efb0e17be210ea8","name":"Maria Valentina Noguera Medina","image":{"@type":"ImageObject","inLanguage":"es","@id":"https:\/\/secure.gravatar.com\/avatar\/4ec5eb9d099f2608a49c9df6f7341f66f04f819cdffa09d56a7a0e91d2819d56?s=96&d=mm&r=g","url":"https:\/\/secure.gravatar.com\/avatar\/4ec5eb9d099f2608a49c9df6f7341f66f04f819cdffa09d56a7a0e91d2819d56?s=96&d=mm&r=g","contentUrl":"https:\/\/secure.gravatar.com\/avatar\/4ec5eb9d099f2608a49c9df6f7341f66f04f819cdffa09d56a7a0e91d2819d56?s=96&d=mm&r=g","caption":"Maria Valentina Noguera Medina"},"description":"Periodista - noti-america - Promar Community Manager - Talento Plus Dise\u00f1adora\/ creadora de contenido...","sameAs":["Mar\u00eda Valentina Noguera","https:\/\/www.facebook.com\/mariavalentina.noguera","https:\/\/www.linkedin.com\/in\/mara-valentina-noguera-medina-373075165\/","https:\/\/www.pinterest.es\/valentinanoguera95\/","https:\/\/www.youtube.com\/channel\/UCdek6mbUZ-Tqqw0I63i4nmQ"],"url":"https:\/\/noti-america.com\/site\/principal\/author\/mnoguera\/"}]}},"_links":{"self":[{"href":"https:\/\/noti-america.com\/site\/principal\/wp-json\/wp\/v2\/posts\/87779","targetHints":{"allow":["GET"]}}],"collection":[{"href":"https:\/\/noti-america.com\/site\/principal\/wp-json\/wp\/v2\/posts"}],"about":[{"href":"https:\/\/noti-america.com\/site\/principal\/wp-json\/wp\/v2\/types\/post"}],"author":[{"embeddable":true,"href":"https:\/\/noti-america.com\/site\/principal\/wp-json\/wp\/v2\/users\/133"}],"replies":[{"embeddable":true,"href":"https:\/\/noti-america.com\/site\/principal\/wp-json\/wp\/v2\/comments?post=87779"}],"version-history":[{"count":1,"href":"https:\/\/noti-america.com\/site\/principal\/wp-json\/wp\/v2\/posts\/87779\/revisions"}],"predecessor-version":[{"id":87806,"href":"https:\/\/noti-america.com\/site\/principal\/wp-json\/wp\/v2\/posts\/87779\/revisions\/87806"}],"wp:featuredmedia":[{"embeddable":true,"href":"https:\/\/noti-america.com\/site\/principal\/wp-json\/wp\/v2\/media\/87778"}],"wp:attachment":[{"href":"https:\/\/noti-america.com\/site\/principal\/wp-json\/wp\/v2\/media?parent=87779"}],"wp:term":[{"taxonomy":"category","embeddable":true,"href":"https:\/\/noti-america.com\/site\/principal\/wp-json\/wp\/v2\/categories?post=87779"},{"taxonomy":"post_tag","embeddable":true,"href":"https:\/\/noti-america.com\/site\/principal\/wp-json\/wp\/v2\/tags?post=87779"}],"curies":[{"name":"wp","href":"https:\/\/api.w.org\/{rel}","templated":true}]}}