{"id":87758,"date":"2026-05-01T14:21:58","date_gmt":"2026-05-01T18:21:58","guid":{"rendered":"https:\/\/noti-america.com\/site\/principal\/?p=87758"},"modified":"2026-05-01T14:21:58","modified_gmt":"2026-05-01T18:21:58","slug":"el-rey-del-pop-no-se-detiene-tras-un-estreno-historico-confirman-que-la-biopic-de-michael-jackson-tendra-una-secuela","status":"publish","type":"post","link":"https:\/\/noti-america.com\/site\/principal\/2026\/05\/01\/el-rey-del-pop-no-se-detiene-tras-un-estreno-historico-confirman-que-la-biopic-de-michael-jackson-tendra-una-secuela\/","title":{"rendered":"El Rey del Pop no se detiene: Tras un estreno hist\u00f3rico, confirman que la biopic de Michael Jackson tendr\u00e1 una secuela"},"content":{"rendered":"<p>NOTI-AMERICA.COM | VENEZUELA<\/p>\n<p style=\"text-align: justify\">A solo pocos d\u00edas de su estreno mundial, el estudio ha confirmado oficialmente que la historia del \u201cRey del Pop\u201d continuar\u00e1 en una segunda entrega, transformando este \u00e4mbicioso proyecto en una franquicia cinematogr\u00e1fica en expansi\u00f3n.<\/p>\n<p style=\"text-align: justify\">La producci\u00f3n, que cuenta con la direcci\u00f3n de Antoine Fuqua y el protagonismo de Jaafar Jackson, fue concebida desde sus fases iniciales con el potencial de extenderse m\u00e1s all\u00e1 de una sola pel\u00edcula debido a la inabarcable vida del artista.<\/p>\n<p style=\"text-align: justify\">Adam Fogelson, durante una reciente participaci\u00f3n en un podcast revel\u00f3 que el proyecto ya cuenta con \u00abluz verde\u00bb para avanzar. Seg\u00fan Fogelson, respald\u00f3 la decisi\u00f3n tras observar el desempe\u00f1o comercial de la primera cinta, la cual debut\u00f3 con cifras hist\u00f3ricas que han sacudido el mercado global.<\/p>\n<p style=\"text-align: justify\">Sin embargo, la continuaci\u00f3n de esta cinta plantea interrogantes sobre los aspectos m\u00e1s p\u00f8l\u00e9micos de la vida del cantante.<\/p>\n<p style=\"text-align: justify\">Al ser consultado sobre si la secuela profundizar\u00e1 en los temas l\u00ebgales de Jackson, Fogelson admiti\u00f3 no tener una certeza absoluta sobre el enfoque final.<\/p>\n<p style=\"text-align: justify\">Aunque la entrega original s\u00ed abord\u00f3 ciertos c\u00f8nflictos, el directivo subray\u00f3 la complejidad de tratar estos casos, se\u00f1alando que existen acuerdos l\u00ebgales entre las partes \u00e4cusadoras que impiden un manejo ligero de la informaci\u00f3n en pantalla.<\/p>\n","protected":false},"excerpt":{"rendered":"<p>NOTI-AMERICA.COM | VENEZUELA A solo pocos d\u00edas de su estreno mundial, el estudio ha confirmado oficialmente que la historia del \u201cRey del Pop\u201d continuar\u00e1 en una segunda entrega, transformando este \u00e4mbicioso proyecto en una&#46;&#46;&#46;<\/p>\n","protected":false},"author":133,"featured_media":87759,"comment_status":"","ping_status":"open","sticky":false,"template":"","format":"image","meta":{"_acf_changed":false,"rop_custom_images_group":[],"rop_custom_messages_group":[],"rop_publish_now":"no","rop_publish_now_accounts":[],"rop_publish_now_history":[],"rop_publish_now_status":"pending","footnotes":""},"categories":[886],"tags":[],"class_list":["post-87758","post","type-post","status-publish","format-image","has-post-thumbnail","hentry","category-acturalidad","post_format-post-format-image"],"acf":[],"yoast_head":"<!-- This site is optimized with the Yoast SEO Premium plugin v24.9 (Yoast SEO v27.2) - https:\/\/yoast.com\/product\/yoast-seo-premium-wordpress\/ -->\n<title>El Rey del Pop no se detiene: Tras un estreno hist\u00f3rico, confirman que la biopic de Michael Jackson tendr\u00e1 una secuela - Noti-America.com<\/title>\n<meta name=\"robots\" content=\"index, follow, max-snippet:-1, max-image-preview:large, max-video-preview:-1\" \/>\n<link rel=\"canonical\" href=\"https:\/\/noti-america.com\/site\/principal\/2026\/05\/01\/el-rey-del-pop-no-se-detiene-tras-un-estreno-historico-confirman-que-la-biopic-de-michael-jackson-tendra-una-secuela\/\" \/>\n<meta property=\"og:locale\" content=\"es_ES\" \/>\n<meta property=\"og:type\" content=\"article\" \/>\n<meta property=\"og:title\" content=\"El Rey del Pop no se detiene: Tras un estreno hist\u00f3rico, confirman que la biopic de Michael Jackson tendr\u00e1 una secuela\" \/>\n<meta property=\"og:description\" content=\"NOTI-AMERICA.COM | VENEZUELA A solo pocos d\u00edas de su estreno mundial, el estudio ha confirmado oficialmente que la historia del \u201cRey del Pop\u201d continuar\u00e1 en una segunda entrega, transformando este \u00e4mbicioso proyecto en una&#046;&#046;&#046;\" \/>\n<meta property=\"og:url\" content=\"https:\/\/noti-america.com\/site\/principal\/2026\/05\/01\/el-rey-del-pop-no-se-detiene-tras-un-estreno-historico-confirman-que-la-biopic-de-michael-jackson-tendra-una-secuela\/\" \/>\n<meta property=\"og:site_name\" content=\"Noti-America.com\" \/>\n<meta property=\"article:author\" content=\"Mar\u00eda Valentina Noguera\" \/>\n<meta property=\"article:published_time\" content=\"2026-05-01T18:21:58+00:00\" \/>\n<meta property=\"og:image\" content=\"https:\/\/noti-america.com\/site\/principal\/wp-content\/uploads\/sites\/26\/2026\/05\/Screenshot_1-5-2026_102140_fotos.perfil.com_.jpeg\" \/>\n\t<meta property=\"og:image:width\" content=\"1181\" \/>\n\t<meta property=\"og:image:height\" content=\"622\" \/>\n\t<meta property=\"og:image:type\" content=\"image\/jpeg\" \/>\n<meta name=\"author\" content=\"Maria Valentina Noguera Medina\" \/>\n<meta name=\"twitter:card\" content=\"summary_large_image\" \/>\n<meta name=\"twitter:label1\" content=\"Escrito por\" \/>\n\t<meta name=\"twitter:data1\" content=\"Maria Valentina Noguera Medina\" \/>\n\t<meta name=\"twitter:label2\" content=\"Tiempo estimado de lectura\" \/>\n\t<meta name=\"twitter:data2\" content=\"1 minuto\" \/>\n<script type=\"application\/ld+json\" class=\"yoast-schema-graph\">{\"@context\":\"https:\/\/schema.org\",\"@graph\":[{\"@type\":\"Article\",\"@id\":\"https:\/\/noti-america.com\/site\/principal\/2026\/05\/01\/el-rey-del-pop-no-se-detiene-tras-un-estreno-historico-confirman-que-la-biopic-de-michael-jackson-tendra-una-secuela\/#article\",\"isPartOf\":{\"@id\":\"https:\/\/noti-america.com\/site\/principal\/2026\/05\/01\/el-rey-del-pop-no-se-detiene-tras-un-estreno-historico-confirman-que-la-biopic-de-michael-jackson-tendra-una-secuela\/\"},\"author\":{\"name\":\"Maria Valentina Noguera Medina\",\"@id\":\"https:\/\/noti-america.com\/site\/principal\/#\/schema\/person\/22806efcc2cfc4b45efb0e17be210ea8\"},\"headline\":\"El Rey del Pop no se detiene: Tras un estreno hist\u00f3rico, confirman que la biopic de Michael Jackson tendr\u00e1 una secuela\",\"datePublished\":\"2026-05-01T18:21:58+00:00\",\"mainEntityOfPage\":{\"@id\":\"https:\/\/noti-america.com\/site\/principal\/2026\/05\/01\/el-rey-del-pop-no-se-detiene-tras-un-estreno-historico-confirman-que-la-biopic-de-michael-jackson-tendra-una-secuela\/\"},\"wordCount\":247,\"image\":{\"@id\":\"https:\/\/noti-america.com\/site\/principal\/2026\/05\/01\/el-rey-del-pop-no-se-detiene-tras-un-estreno-historico-confirman-que-la-biopic-de-michael-jackson-tendra-una-secuela\/#primaryimage\"},\"thumbnailUrl\":\"https:\/\/noti-america.com\/site\/principal\/wp-content\/uploads\/sites\/26\/2026\/05\/Screenshot_1-5-2026_102140_fotos.perfil.com_.jpeg\",\"articleSection\":[\"Actualidad\"],\"inLanguage\":\"es\"},{\"@type\":\"WebPage\",\"@id\":\"https:\/\/noti-america.com\/site\/principal\/2026\/05\/01\/el-rey-del-pop-no-se-detiene-tras-un-estreno-historico-confirman-que-la-biopic-de-michael-jackson-tendra-una-secuela\/\",\"url\":\"https:\/\/noti-america.com\/site\/principal\/2026\/05\/01\/el-rey-del-pop-no-se-detiene-tras-un-estreno-historico-confirman-que-la-biopic-de-michael-jackson-tendra-una-secuela\/\",\"name\":\"El Rey del Pop no se detiene: Tras un estreno hist\u00f3rico, confirman que la biopic de Michael Jackson tendr\u00e1 una secuela - Noti-America.com\",\"isPartOf\":{\"@id\":\"https:\/\/noti-america.com\/site\/principal\/#website\"},\"primaryImageOfPage\":{\"@id\":\"https:\/\/noti-america.com\/site\/principal\/2026\/05\/01\/el-rey-del-pop-no-se-detiene-tras-un-estreno-historico-confirman-que-la-biopic-de-michael-jackson-tendra-una-secuela\/#primaryimage\"},\"image\":{\"@id\":\"https:\/\/noti-america.com\/site\/principal\/2026\/05\/01\/el-rey-del-pop-no-se-detiene-tras-un-estreno-historico-confirman-que-la-biopic-de-michael-jackson-tendra-una-secuela\/#primaryimage\"},\"thumbnailUrl\":\"https:\/\/noti-america.com\/site\/principal\/wp-content\/uploads\/sites\/26\/2026\/05\/Screenshot_1-5-2026_102140_fotos.perfil.com_.jpeg\",\"datePublished\":\"2026-05-01T18:21:58+00:00\",\"author\":{\"@id\":\"https:\/\/noti-america.com\/site\/principal\/#\/schema\/person\/22806efcc2cfc4b45efb0e17be210ea8\"},\"breadcrumb\":{\"@id\":\"https:\/\/noti-america.com\/site\/principal\/2026\/05\/01\/el-rey-del-pop-no-se-detiene-tras-un-estreno-historico-confirman-que-la-biopic-de-michael-jackson-tendra-una-secuela\/#breadcrumb\"},\"inLanguage\":\"es\",\"potentialAction\":[{\"@type\":\"ReadAction\",\"target\":[\"https:\/\/noti-america.com\/site\/principal\/2026\/05\/01\/el-rey-del-pop-no-se-detiene-tras-un-estreno-historico-confirman-que-la-biopic-de-michael-jackson-tendra-una-secuela\/\"]}]},{\"@type\":\"ImageObject\",\"inLanguage\":\"es\",\"@id\":\"https:\/\/noti-america.com\/site\/principal\/2026\/05\/01\/el-rey-del-pop-no-se-detiene-tras-un-estreno-historico-confirman-que-la-biopic-de-michael-jackson-tendra-una-secuela\/#primaryimage\",\"url\":\"https:\/\/noti-america.com\/site\/principal\/wp-content\/uploads\/sites\/26\/2026\/05\/Screenshot_1-5-2026_102140_fotos.perfil.com_.jpeg\",\"contentUrl\":\"https:\/\/noti-america.com\/site\/principal\/wp-content\/uploads\/sites\/26\/2026\/05\/Screenshot_1-5-2026_102140_fotos.perfil.com_.jpeg\",\"width\":1181,\"height\":622},{\"@type\":\"BreadcrumbList\",\"@id\":\"https:\/\/noti-america.com\/site\/principal\/2026\/05\/01\/el-rey-del-pop-no-se-detiene-tras-un-estreno-historico-confirman-que-la-biopic-de-michael-jackson-tendra-una-secuela\/#breadcrumb\",\"itemListElement\":[{\"@type\":\"ListItem\",\"position\":1,\"name\":\"Portada\",\"item\":\"https:\/\/noti-america.com\/site\/principal\/\"},{\"@type\":\"ListItem\",\"position\":2,\"name\":\"El Rey del Pop no se detiene: Tras un estreno hist\u00f3rico, confirman que la biopic de Michael Jackson tendr\u00e1 una secuela\"}]},{\"@type\":\"WebSite\",\"@id\":\"https:\/\/noti-america.com\/site\/principal\/#website\",\"url\":\"https:\/\/noti-america.com\/site\/principal\/\",\"name\":\"Noti-America.com\",\"description\":\"El Noticiero Digital M\u00e1s Grande de Am\u00e9rica\",\"potentialAction\":[{\"@type\":\"SearchAction\",\"target\":{\"@type\":\"EntryPoint\",\"urlTemplate\":\"https:\/\/noti-america.com\/site\/principal\/?s={search_term_string}\"},\"query-input\":{\"@type\":\"PropertyValueSpecification\",\"valueRequired\":true,\"valueName\":\"search_term_string\"}}],\"inLanguage\":\"es\"},{\"@type\":\"Person\",\"@id\":\"https:\/\/noti-america.com\/site\/principal\/#\/schema\/person\/22806efcc2cfc4b45efb0e17be210ea8\",\"name\":\"Maria Valentina Noguera Medina\",\"image\":{\"@type\":\"ImageObject\",\"inLanguage\":\"es\",\"@id\":\"https:\/\/secure.gravatar.com\/avatar\/4ec5eb9d099f2608a49c9df6f7341f66f04f819cdffa09d56a7a0e91d2819d56?s=96&d=mm&r=g\",\"url\":\"https:\/\/secure.gravatar.com\/avatar\/4ec5eb9d099f2608a49c9df6f7341f66f04f819cdffa09d56a7a0e91d2819d56?s=96&d=mm&r=g\",\"contentUrl\":\"https:\/\/secure.gravatar.com\/avatar\/4ec5eb9d099f2608a49c9df6f7341f66f04f819cdffa09d56a7a0e91d2819d56?s=96&d=mm&r=g\",\"caption\":\"Maria Valentina Noguera Medina\"},\"description\":\"Periodista - noti-america - Promar Community Manager - Talento Plus Dise\u00f1adora\/ creadora de contenido...\",\"sameAs\":[\"Mar\u00eda Valentina Noguera\",\"https:\/\/www.facebook.com\/mariavalentina.noguera\",\"https:\/\/www.linkedin.com\/in\/mara-valentina-noguera-medina-373075165\/\",\"https:\/\/www.pinterest.es\/valentinanoguera95\/\",\"https:\/\/www.youtube.com\/channel\/UCdek6mbUZ-Tqqw0I63i4nmQ\"],\"url\":\"https:\/\/noti-america.com\/site\/principal\/author\/mnoguera\/\"}]}<\/script>\n<!-- \/ Yoast SEO Premium plugin. -->","yoast_head_json":{"title":"El Rey del Pop no se detiene: Tras un estreno hist\u00f3rico, confirman que la biopic de Michael Jackson tendr\u00e1 una secuela - Noti-America.com","robots":{"index":"index","follow":"follow","max-snippet":"max-snippet:-1","max-image-preview":"max-image-preview:large","max-video-preview":"max-video-preview:-1"},"canonical":"https:\/\/noti-america.com\/site\/principal\/2026\/05\/01\/el-rey-del-pop-no-se-detiene-tras-un-estreno-historico-confirman-que-la-biopic-de-michael-jackson-tendra-una-secuela\/","og_locale":"es_ES","og_type":"article","og_title":"El Rey del Pop no se detiene: Tras un estreno hist\u00f3rico, confirman que la biopic de Michael Jackson tendr\u00e1 una secuela","og_description":"NOTI-AMERICA.COM | VENEZUELA A solo pocos d\u00edas de su estreno mundial, el estudio ha confirmado oficialmente que la historia del \u201cRey del Pop\u201d continuar\u00e1 en una segunda entrega, transformando este \u00e4mbicioso proyecto en una&#46;&#46;&#46;","og_url":"https:\/\/noti-america.com\/site\/principal\/2026\/05\/01\/el-rey-del-pop-no-se-detiene-tras-un-estreno-historico-confirman-que-la-biopic-de-michael-jackson-tendra-una-secuela\/","og_site_name":"Noti-America.com","article_author":"Mar\u00eda Valentina Noguera","article_published_time":"2026-05-01T18:21:58+00:00","og_image":[{"width":1181,"height":622,"url":"https:\/\/noti-america.com\/site\/principal\/wp-content\/uploads\/sites\/26\/2026\/05\/Screenshot_1-5-2026_102140_fotos.perfil.com_.jpeg","type":"image\/jpeg"}],"author":"Maria Valentina Noguera Medina","twitter_card":"summary_large_image","twitter_misc":{"Escrito por":"Maria Valentina Noguera Medina","Tiempo estimado de lectura":"1 minuto"},"schema":{"@context":"https:\/\/schema.org","@graph":[{"@type":"Article","@id":"https:\/\/noti-america.com\/site\/principal\/2026\/05\/01\/el-rey-del-pop-no-se-detiene-tras-un-estreno-historico-confirman-que-la-biopic-de-michael-jackson-tendra-una-secuela\/#article","isPartOf":{"@id":"https:\/\/noti-america.com\/site\/principal\/2026\/05\/01\/el-rey-del-pop-no-se-detiene-tras-un-estreno-historico-confirman-que-la-biopic-de-michael-jackson-tendra-una-secuela\/"},"author":{"name":"Maria Valentina Noguera Medina","@id":"https:\/\/noti-america.com\/site\/principal\/#\/schema\/person\/22806efcc2cfc4b45efb0e17be210ea8"},"headline":"El Rey del Pop no se detiene: Tras un estreno hist\u00f3rico, confirman que la biopic de Michael Jackson tendr\u00e1 una secuela","datePublished":"2026-05-01T18:21:58+00:00","mainEntityOfPage":{"@id":"https:\/\/noti-america.com\/site\/principal\/2026\/05\/01\/el-rey-del-pop-no-se-detiene-tras-un-estreno-historico-confirman-que-la-biopic-de-michael-jackson-tendra-una-secuela\/"},"wordCount":247,"image":{"@id":"https:\/\/noti-america.com\/site\/principal\/2026\/05\/01\/el-rey-del-pop-no-se-detiene-tras-un-estreno-historico-confirman-que-la-biopic-de-michael-jackson-tendra-una-secuela\/#primaryimage"},"thumbnailUrl":"https:\/\/noti-america.com\/site\/principal\/wp-content\/uploads\/sites\/26\/2026\/05\/Screenshot_1-5-2026_102140_fotos.perfil.com_.jpeg","articleSection":["Actualidad"],"inLanguage":"es"},{"@type":"WebPage","@id":"https:\/\/noti-america.com\/site\/principal\/2026\/05\/01\/el-rey-del-pop-no-se-detiene-tras-un-estreno-historico-confirman-que-la-biopic-de-michael-jackson-tendra-una-secuela\/","url":"https:\/\/noti-america.com\/site\/principal\/2026\/05\/01\/el-rey-del-pop-no-se-detiene-tras-un-estreno-historico-confirman-que-la-biopic-de-michael-jackson-tendra-una-secuela\/","name":"El Rey del Pop no se detiene: Tras un estreno hist\u00f3rico, confirman que la biopic de Michael Jackson tendr\u00e1 una secuela - Noti-America.com","isPartOf":{"@id":"https:\/\/noti-america.com\/site\/principal\/#website"},"primaryImageOfPage":{"@id":"https:\/\/noti-america.com\/site\/principal\/2026\/05\/01\/el-rey-del-pop-no-se-detiene-tras-un-estreno-historico-confirman-que-la-biopic-de-michael-jackson-tendra-una-secuela\/#primaryimage"},"image":{"@id":"https:\/\/noti-america.com\/site\/principal\/2026\/05\/01\/el-rey-del-pop-no-se-detiene-tras-un-estreno-historico-confirman-que-la-biopic-de-michael-jackson-tendra-una-secuela\/#primaryimage"},"thumbnailUrl":"https:\/\/noti-america.com\/site\/principal\/wp-content\/uploads\/sites\/26\/2026\/05\/Screenshot_1-5-2026_102140_fotos.perfil.com_.jpeg","datePublished":"2026-05-01T18:21:58+00:00","author":{"@id":"https:\/\/noti-america.com\/site\/principal\/#\/schema\/person\/22806efcc2cfc4b45efb0e17be210ea8"},"breadcrumb":{"@id":"https:\/\/noti-america.com\/site\/principal\/2026\/05\/01\/el-rey-del-pop-no-se-detiene-tras-un-estreno-historico-confirman-que-la-biopic-de-michael-jackson-tendra-una-secuela\/#breadcrumb"},"inLanguage":"es","potentialAction":[{"@type":"ReadAction","target":["https:\/\/noti-america.com\/site\/principal\/2026\/05\/01\/el-rey-del-pop-no-se-detiene-tras-un-estreno-historico-confirman-que-la-biopic-de-michael-jackson-tendra-una-secuela\/"]}]},{"@type":"ImageObject","inLanguage":"es","@id":"https:\/\/noti-america.com\/site\/principal\/2026\/05\/01\/el-rey-del-pop-no-se-detiene-tras-un-estreno-historico-confirman-que-la-biopic-de-michael-jackson-tendra-una-secuela\/#primaryimage","url":"https:\/\/noti-america.com\/site\/principal\/wp-content\/uploads\/sites\/26\/2026\/05\/Screenshot_1-5-2026_102140_fotos.perfil.com_.jpeg","contentUrl":"https:\/\/noti-america.com\/site\/principal\/wp-content\/uploads\/sites\/26\/2026\/05\/Screenshot_1-5-2026_102140_fotos.perfil.com_.jpeg","width":1181,"height":622},{"@type":"BreadcrumbList","@id":"https:\/\/noti-america.com\/site\/principal\/2026\/05\/01\/el-rey-del-pop-no-se-detiene-tras-un-estreno-historico-confirman-que-la-biopic-de-michael-jackson-tendra-una-secuela\/#breadcrumb","itemListElement":[{"@type":"ListItem","position":1,"name":"Portada","item":"https:\/\/noti-america.com\/site\/principal\/"},{"@type":"ListItem","position":2,"name":"El Rey del Pop no se detiene: Tras un estreno hist\u00f3rico, confirman que la biopic de Michael Jackson tendr\u00e1 una secuela"}]},{"@type":"WebSite","@id":"https:\/\/noti-america.com\/site\/principal\/#website","url":"https:\/\/noti-america.com\/site\/principal\/","name":"Noti-America.com","description":"El Noticiero Digital M\u00e1s Grande de Am\u00e9rica","potentialAction":[{"@type":"SearchAction","target":{"@type":"EntryPoint","urlTemplate":"https:\/\/noti-america.com\/site\/principal\/?s={search_term_string}"},"query-input":{"@type":"PropertyValueSpecification","valueRequired":true,"valueName":"search_term_string"}}],"inLanguage":"es"},{"@type":"Person","@id":"https:\/\/noti-america.com\/site\/principal\/#\/schema\/person\/22806efcc2cfc4b45efb0e17be210ea8","name":"Maria Valentina Noguera Medina","image":{"@type":"ImageObject","inLanguage":"es","@id":"https:\/\/secure.gravatar.com\/avatar\/4ec5eb9d099f2608a49c9df6f7341f66f04f819cdffa09d56a7a0e91d2819d56?s=96&d=mm&r=g","url":"https:\/\/secure.gravatar.com\/avatar\/4ec5eb9d099f2608a49c9df6f7341f66f04f819cdffa09d56a7a0e91d2819d56?s=96&d=mm&r=g","contentUrl":"https:\/\/secure.gravatar.com\/avatar\/4ec5eb9d099f2608a49c9df6f7341f66f04f819cdffa09d56a7a0e91d2819d56?s=96&d=mm&r=g","caption":"Maria Valentina Noguera Medina"},"description":"Periodista - noti-america - Promar Community Manager - Talento Plus Dise\u00f1adora\/ creadora de contenido...","sameAs":["Mar\u00eda Valentina Noguera","https:\/\/www.facebook.com\/mariavalentina.noguera","https:\/\/www.linkedin.com\/in\/mara-valentina-noguera-medina-373075165\/","https:\/\/www.pinterest.es\/valentinanoguera95\/","https:\/\/www.youtube.com\/channel\/UCdek6mbUZ-Tqqw0I63i4nmQ"],"url":"https:\/\/noti-america.com\/site\/principal\/author\/mnoguera\/"}]}},"_links":{"self":[{"href":"https:\/\/noti-america.com\/site\/principal\/wp-json\/wp\/v2\/posts\/87758","targetHints":{"allow":["GET"]}}],"collection":[{"href":"https:\/\/noti-america.com\/site\/principal\/wp-json\/wp\/v2\/posts"}],"about":[{"href":"https:\/\/noti-america.com\/site\/principal\/wp-json\/wp\/v2\/types\/post"}],"author":[{"embeddable":true,"href":"https:\/\/noti-america.com\/site\/principal\/wp-json\/wp\/v2\/users\/133"}],"replies":[{"embeddable":true,"href":"https:\/\/noti-america.com\/site\/principal\/wp-json\/wp\/v2\/comments?post=87758"}],"version-history":[{"count":1,"href":"https:\/\/noti-america.com\/site\/principal\/wp-json\/wp\/v2\/posts\/87758\/revisions"}],"predecessor-version":[{"id":87799,"href":"https:\/\/noti-america.com\/site\/principal\/wp-json\/wp\/v2\/posts\/87758\/revisions\/87799"}],"wp:featuredmedia":[{"embeddable":true,"href":"https:\/\/noti-america.com\/site\/principal\/wp-json\/wp\/v2\/media\/87759"}],"wp:attachment":[{"href":"https:\/\/noti-america.com\/site\/principal\/wp-json\/wp\/v2\/media?parent=87758"}],"wp:term":[{"taxonomy":"category","embeddable":true,"href":"https:\/\/noti-america.com\/site\/principal\/wp-json\/wp\/v2\/categories?post=87758"},{"taxonomy":"post_tag","embeddable":true,"href":"https:\/\/noti-america.com\/site\/principal\/wp-json\/wp\/v2\/tags?post=87758"}],"curies":[{"name":"wp","href":"https:\/\/api.w.org\/{rel}","templated":true}]}}