{"id":87754,"date":"2026-05-01T14:18:05","date_gmt":"2026-05-01T18:18:05","guid":{"rendered":"https:\/\/noti-america.com\/site\/principal\/?p=87754"},"modified":"2026-05-01T14:18:05","modified_gmt":"2026-05-01T18:18:05","slug":"greeicy-anuncio-su-gira-mundial-candela-tour-2026%e2%80%b2-la-cantante-confirmo-mas-de-una-docena-de-fechas-en-europa-y-america-latina","status":"publish","type":"post","link":"https:\/\/noti-america.com\/site\/principal\/2026\/05\/01\/greeicy-anuncio-su-gira-mundial-candela-tour-2026%e2%80%b2-la-cantante-confirmo-mas-de-una-docena-de-fechas-en-europa-y-america-latina\/","title":{"rendered":"Greeicy anunci\u00f3 su gira mundial \u2018Candela Tour 2026\u2032: La cantante confirm\u00f3 m\u00e1s de una docena de fechas en Europa y Am\u00e9rica Latina"},"content":{"rendered":"<p>NOTI-AMERICA.COM | VENEZUELA<\/p>\n<p style=\"text-align: justify\">Greeicy Rend\u00f3n confirm\u00f3 en horas recientes su nueva gira \u2018Candela Tour 2026\u2032, un recorrido que la llevar\u00e1 por escenarios de Europa y Am\u00e9rica Latina en los pr\u00f3ximos meses. Greeicy dio a conocer el anuncio a trav\u00e9s de sus redes sociales, donde detall\u00f3 las primeras ciudades incluidas en este nuevo ciclo musical. El tour marca un nuevo momento en la carrera de la cale\u00f1a de 33 a\u00f1os, quien contin\u00faa expandiendo su presencia fuera de Colombia con presentaciones en mercados internacionales. La gira comenzar\u00e1 en julio y se extender\u00e1 hasta septiembre, con paradas en Espa\u00f1a, Reino Unido, Canad\u00e1 y varios pa\u00edses de Latinoam\u00e9rica.<\/p>\n<p style=\"text-align: justify\">La gira iniciar\u00e1 el 17 de julio en Tenerife, Espa\u00f1a, como parte del Cook Music Fest, evento en el que tambi\u00e9n se presentar\u00e1 el 18 de julio en Sevilla y el 23 de julio en Barcelona. Entre esas fechas, el 19 de julio, llevar\u00e1 su espect\u00e1culo a Londres, espec\u00edficamente al escenario del The O2 Indigo. A finales de julio, Greeicy continuar\u00e1 su recorrido en Canad\u00e1 con tres conciertos consecutivos: el 29 de julio en Calgary (The Palace), el 30 de julio en Montreal (MTELUS) y el 31 de julio en Toronto (History), consolidando as\u00ed su presencia en Norteam\u00e9rica.<\/p>\n<p style=\"text-align: justify\">En agosto, la artista retomar\u00e1 su agenda en Latinoam\u00e9rica. El 8 de agosto se presentar\u00e1 en Buenos Aires, en el Movistar Arena, seguido por Santiago de Chile el 11 de agosto en el mismo recinto. Posteriormente, llegar\u00e1 a Lima el 15 de agosto para actuar en el Arena Monumental. El tramo final del Candela Tour 2026 de Greeicy se desarrollar\u00e1 en Centroam\u00e9rica. Las fechas confirmadas incluyen el 27 de agosto en Managua (Alexis Arg\u00fcello Sports Complex), el 29 de agosto en San Jos\u00e9 (Centro de Eventos Pedregal), el 2 de septiembre en San Salvador (Complejo Cuscatl\u00e1n) y el 3 de septiembre en Ciudad de Guatemala (Forum Majadas).<\/p>\n<p style=\"text-align: justify\">Con este anuncio, Greeicy Rend\u00f3n consolida una nueva etapa internacional con el \u201cCandela Tour 2026\u201d, mientras crece la expectativa entre el p\u00fablico colombiano y de otros pa\u00edses de Suram\u00e9rica por la posible confirmaci\u00f3n de nuevas fechas en la regi\u00f3n.<\/p>\n","protected":false},"excerpt":{"rendered":"<p>NOTI-AMERICA.COM | VENEZUELA Greeicy Rend\u00f3n confirm\u00f3 en horas recientes su nueva gira \u2018Candela Tour 2026\u2032, un recorrido que la llevar\u00e1 por escenarios de Europa y Am\u00e9rica Latina en los pr\u00f3ximos meses. Greeicy dio a&#46;&#46;&#46;<\/p>\n","protected":false},"author":133,"featured_media":87755,"comment_status":"","ping_status":"open","sticky":false,"template":"","format":"image","meta":{"_acf_changed":false,"rop_custom_images_group":[],"rop_custom_messages_group":[],"rop_publish_now":"no","rop_publish_now_accounts":[],"rop_publish_now_history":[],"rop_publish_now_status":"pending","footnotes":""},"categories":[853],"tags":[],"class_list":["post-87754","post","type-post","status-publish","format-image","has-post-thumbnail","hentry","category-entretenimiento","post_format-post-format-image"],"acf":[],"yoast_head":"<!-- This site is optimized with the Yoast SEO Premium plugin v24.9 (Yoast SEO v27.2) - https:\/\/yoast.com\/product\/yoast-seo-premium-wordpress\/ -->\n<title>Greeicy anunci\u00f3 su gira mundial \u2018Candela Tour 2026\u2032: La cantante confirm\u00f3 m\u00e1s de una docena de fechas en Europa y Am\u00e9rica Latina - Noti-America.com<\/title>\n<meta name=\"robots\" content=\"index, follow, max-snippet:-1, max-image-preview:large, max-video-preview:-1\" \/>\n<link rel=\"canonical\" href=\"https:\/\/noti-america.com\/site\/principal\/2026\/05\/01\/greeicy-anuncio-su-gira-mundial-candela-tour-2026\u2032-la-cantante-confirmo-mas-de-una-docena-de-fechas-en-europa-y-america-latina\/\" \/>\n<meta property=\"og:locale\" content=\"es_ES\" \/>\n<meta property=\"og:type\" content=\"article\" \/>\n<meta property=\"og:title\" content=\"Greeicy anunci\u00f3 su gira mundial \u2018Candela Tour 2026\u2032: La cantante confirm\u00f3 m\u00e1s de una docena de fechas en Europa y Am\u00e9rica Latina\" \/>\n<meta property=\"og:description\" content=\"NOTI-AMERICA.COM | VENEZUELA Greeicy Rend\u00f3n confirm\u00f3 en horas recientes su nueva gira \u2018Candela Tour 2026\u2032, un recorrido que la llevar\u00e1 por escenarios de Europa y Am\u00e9rica Latina en los pr\u00f3ximos meses. Greeicy dio a&#046;&#046;&#046;\" \/>\n<meta property=\"og:url\" content=\"https:\/\/noti-america.com\/site\/principal\/2026\/05\/01\/greeicy-anuncio-su-gira-mundial-candela-tour-2026\u2032-la-cantante-confirmo-mas-de-una-docena-de-fechas-en-europa-y-america-latina\/\" \/>\n<meta property=\"og:site_name\" content=\"Noti-America.com\" \/>\n<meta property=\"article:author\" content=\"Mar\u00eda Valentina Noguera\" \/>\n<meta property=\"article:published_time\" content=\"2026-05-01T18:18:05+00:00\" \/>\n<meta property=\"og:image\" content=\"https:\/\/noti-america.com\/site\/principal\/wp-content\/uploads\/sites\/26\/2026\/05\/Screenshot_1-5-2026_101714_www.billboard.com_.jpeg\" \/>\n\t<meta property=\"og:image:width\" content=\"1310\" \/>\n\t<meta property=\"og:image:height\" content=\"630\" \/>\n\t<meta property=\"og:image:type\" content=\"image\/jpeg\" \/>\n<meta name=\"author\" content=\"Maria Valentina Noguera Medina\" \/>\n<meta name=\"twitter:card\" content=\"summary_large_image\" \/>\n<meta name=\"twitter:label1\" content=\"Escrito por\" \/>\n\t<meta name=\"twitter:data1\" content=\"Maria Valentina Noguera Medina\" \/>\n\t<meta name=\"twitter:label2\" content=\"Tiempo estimado de lectura\" \/>\n\t<meta name=\"twitter:data2\" content=\"2 minutos\" \/>\n<script type=\"application\/ld+json\" class=\"yoast-schema-graph\">{\"@context\":\"https:\/\/schema.org\",\"@graph\":[{\"@type\":\"Article\",\"@id\":\"https:\/\/noti-america.com\/site\/principal\/2026\/05\/01\/greeicy-anuncio-su-gira-mundial-candela-tour-2026%e2%80%b2-la-cantante-confirmo-mas-de-una-docena-de-fechas-en-europa-y-america-latina\/#article\",\"isPartOf\":{\"@id\":\"https:\/\/noti-america.com\/site\/principal\/2026\/05\/01\/greeicy-anuncio-su-gira-mundial-candela-tour-2026%e2%80%b2-la-cantante-confirmo-mas-de-una-docena-de-fechas-en-europa-y-america-latina\/\"},\"author\":{\"name\":\"Maria Valentina Noguera Medina\",\"@id\":\"https:\/\/noti-america.com\/site\/principal\/#\/schema\/person\/22806efcc2cfc4b45efb0e17be210ea8\"},\"headline\":\"Greeicy anunci\u00f3 su gira mundial \u2018Candela Tour 2026\u2032: La cantante confirm\u00f3 m\u00e1s de una docena de fechas en Europa y Am\u00e9rica Latina\",\"datePublished\":\"2026-05-01T18:18:05+00:00\",\"mainEntityOfPage\":{\"@id\":\"https:\/\/noti-america.com\/site\/principal\/2026\/05\/01\/greeicy-anuncio-su-gira-mundial-candela-tour-2026%e2%80%b2-la-cantante-confirmo-mas-de-una-docena-de-fechas-en-europa-y-america-latina\/\"},\"wordCount\":378,\"image\":{\"@id\":\"https:\/\/noti-america.com\/site\/principal\/2026\/05\/01\/greeicy-anuncio-su-gira-mundial-candela-tour-2026%e2%80%b2-la-cantante-confirmo-mas-de-una-docena-de-fechas-en-europa-y-america-latina\/#primaryimage\"},\"thumbnailUrl\":\"https:\/\/noti-america.com\/site\/principal\/wp-content\/uploads\/sites\/26\/2026\/05\/Screenshot_1-5-2026_101714_www.billboard.com_.jpeg\",\"articleSection\":[\"Entretenimiento\"],\"inLanguage\":\"es\"},{\"@type\":\"WebPage\",\"@id\":\"https:\/\/noti-america.com\/site\/principal\/2026\/05\/01\/greeicy-anuncio-su-gira-mundial-candela-tour-2026%e2%80%b2-la-cantante-confirmo-mas-de-una-docena-de-fechas-en-europa-y-america-latina\/\",\"url\":\"https:\/\/noti-america.com\/site\/principal\/2026\/05\/01\/greeicy-anuncio-su-gira-mundial-candela-tour-2026%e2%80%b2-la-cantante-confirmo-mas-de-una-docena-de-fechas-en-europa-y-america-latina\/\",\"name\":\"Greeicy anunci\u00f3 su gira mundial \u2018Candela Tour 2026\u2032: La cantante confirm\u00f3 m\u00e1s de una docena de fechas en Europa y Am\u00e9rica Latina - Noti-America.com\",\"isPartOf\":{\"@id\":\"https:\/\/noti-america.com\/site\/principal\/#website\"},\"primaryImageOfPage\":{\"@id\":\"https:\/\/noti-america.com\/site\/principal\/2026\/05\/01\/greeicy-anuncio-su-gira-mundial-candela-tour-2026%e2%80%b2-la-cantante-confirmo-mas-de-una-docena-de-fechas-en-europa-y-america-latina\/#primaryimage\"},\"image\":{\"@id\":\"https:\/\/noti-america.com\/site\/principal\/2026\/05\/01\/greeicy-anuncio-su-gira-mundial-candela-tour-2026%e2%80%b2-la-cantante-confirmo-mas-de-una-docena-de-fechas-en-europa-y-america-latina\/#primaryimage\"},\"thumbnailUrl\":\"https:\/\/noti-america.com\/site\/principal\/wp-content\/uploads\/sites\/26\/2026\/05\/Screenshot_1-5-2026_101714_www.billboard.com_.jpeg\",\"datePublished\":\"2026-05-01T18:18:05+00:00\",\"author\":{\"@id\":\"https:\/\/noti-america.com\/site\/principal\/#\/schema\/person\/22806efcc2cfc4b45efb0e17be210ea8\"},\"breadcrumb\":{\"@id\":\"https:\/\/noti-america.com\/site\/principal\/2026\/05\/01\/greeicy-anuncio-su-gira-mundial-candela-tour-2026%e2%80%b2-la-cantante-confirmo-mas-de-una-docena-de-fechas-en-europa-y-america-latina\/#breadcrumb\"},\"inLanguage\":\"es\",\"potentialAction\":[{\"@type\":\"ReadAction\",\"target\":[\"https:\/\/noti-america.com\/site\/principal\/2026\/05\/01\/greeicy-anuncio-su-gira-mundial-candela-tour-2026%e2%80%b2-la-cantante-confirmo-mas-de-una-docena-de-fechas-en-europa-y-america-latina\/\"]}]},{\"@type\":\"ImageObject\",\"inLanguage\":\"es\",\"@id\":\"https:\/\/noti-america.com\/site\/principal\/2026\/05\/01\/greeicy-anuncio-su-gira-mundial-candela-tour-2026%e2%80%b2-la-cantante-confirmo-mas-de-una-docena-de-fechas-en-europa-y-america-latina\/#primaryimage\",\"url\":\"https:\/\/noti-america.com\/site\/principal\/wp-content\/uploads\/sites\/26\/2026\/05\/Screenshot_1-5-2026_101714_www.billboard.com_.jpeg\",\"contentUrl\":\"https:\/\/noti-america.com\/site\/principal\/wp-content\/uploads\/sites\/26\/2026\/05\/Screenshot_1-5-2026_101714_www.billboard.com_.jpeg\",\"width\":1310,\"height\":630},{\"@type\":\"BreadcrumbList\",\"@id\":\"https:\/\/noti-america.com\/site\/principal\/2026\/05\/01\/greeicy-anuncio-su-gira-mundial-candela-tour-2026%e2%80%b2-la-cantante-confirmo-mas-de-una-docena-de-fechas-en-europa-y-america-latina\/#breadcrumb\",\"itemListElement\":[{\"@type\":\"ListItem\",\"position\":1,\"name\":\"Portada\",\"item\":\"https:\/\/noti-america.com\/site\/principal\/\"},{\"@type\":\"ListItem\",\"position\":2,\"name\":\"Greeicy anunci\u00f3 su gira mundial \u2018Candela Tour 2026\u2032: La cantante confirm\u00f3 m\u00e1s de una docena de fechas en Europa y Am\u00e9rica Latina\"}]},{\"@type\":\"WebSite\",\"@id\":\"https:\/\/noti-america.com\/site\/principal\/#website\",\"url\":\"https:\/\/noti-america.com\/site\/principal\/\",\"name\":\"Noti-America.com\",\"description\":\"El Noticiero Digital M\u00e1s Grande de Am\u00e9rica\",\"potentialAction\":[{\"@type\":\"SearchAction\",\"target\":{\"@type\":\"EntryPoint\",\"urlTemplate\":\"https:\/\/noti-america.com\/site\/principal\/?s={search_term_string}\"},\"query-input\":{\"@type\":\"PropertyValueSpecification\",\"valueRequired\":true,\"valueName\":\"search_term_string\"}}],\"inLanguage\":\"es\"},{\"@type\":\"Person\",\"@id\":\"https:\/\/noti-america.com\/site\/principal\/#\/schema\/person\/22806efcc2cfc4b45efb0e17be210ea8\",\"name\":\"Maria Valentina Noguera Medina\",\"image\":{\"@type\":\"ImageObject\",\"inLanguage\":\"es\",\"@id\":\"https:\/\/secure.gravatar.com\/avatar\/4ec5eb9d099f2608a49c9df6f7341f66f04f819cdffa09d56a7a0e91d2819d56?s=96&d=mm&r=g\",\"url\":\"https:\/\/secure.gravatar.com\/avatar\/4ec5eb9d099f2608a49c9df6f7341f66f04f819cdffa09d56a7a0e91d2819d56?s=96&d=mm&r=g\",\"contentUrl\":\"https:\/\/secure.gravatar.com\/avatar\/4ec5eb9d099f2608a49c9df6f7341f66f04f819cdffa09d56a7a0e91d2819d56?s=96&d=mm&r=g\",\"caption\":\"Maria Valentina Noguera Medina\"},\"description\":\"Periodista - noti-america - Promar Community Manager - Talento Plus Dise\u00f1adora\/ creadora de contenido...\",\"sameAs\":[\"Mar\u00eda Valentina Noguera\",\"https:\/\/www.facebook.com\/mariavalentina.noguera\",\"https:\/\/www.linkedin.com\/in\/mara-valentina-noguera-medina-373075165\/\",\"https:\/\/www.pinterest.es\/valentinanoguera95\/\",\"https:\/\/www.youtube.com\/channel\/UCdek6mbUZ-Tqqw0I63i4nmQ\"],\"url\":\"https:\/\/noti-america.com\/site\/principal\/author\/mnoguera\/\"}]}<\/script>\n<!-- \/ Yoast SEO Premium plugin. -->","yoast_head_json":{"title":"Greeicy anunci\u00f3 su gira mundial \u2018Candela Tour 2026\u2032: La cantante confirm\u00f3 m\u00e1s de una docena de fechas en Europa y Am\u00e9rica Latina - Noti-America.com","robots":{"index":"index","follow":"follow","max-snippet":"max-snippet:-1","max-image-preview":"max-image-preview:large","max-video-preview":"max-video-preview:-1"},"canonical":"https:\/\/noti-america.com\/site\/principal\/2026\/05\/01\/greeicy-anuncio-su-gira-mundial-candela-tour-2026\u2032-la-cantante-confirmo-mas-de-una-docena-de-fechas-en-europa-y-america-latina\/","og_locale":"es_ES","og_type":"article","og_title":"Greeicy anunci\u00f3 su gira mundial \u2018Candela Tour 2026\u2032: La cantante confirm\u00f3 m\u00e1s de una docena de fechas en Europa y Am\u00e9rica Latina","og_description":"NOTI-AMERICA.COM | VENEZUELA Greeicy Rend\u00f3n confirm\u00f3 en horas recientes su nueva gira \u2018Candela Tour 2026\u2032, un recorrido que la llevar\u00e1 por escenarios de Europa y Am\u00e9rica Latina en los pr\u00f3ximos meses. Greeicy dio a&#46;&#46;&#46;","og_url":"https:\/\/noti-america.com\/site\/principal\/2026\/05\/01\/greeicy-anuncio-su-gira-mundial-candela-tour-2026\u2032-la-cantante-confirmo-mas-de-una-docena-de-fechas-en-europa-y-america-latina\/","og_site_name":"Noti-America.com","article_author":"Mar\u00eda Valentina Noguera","article_published_time":"2026-05-01T18:18:05+00:00","og_image":[{"width":1310,"height":630,"url":"https:\/\/noti-america.com\/site\/principal\/wp-content\/uploads\/sites\/26\/2026\/05\/Screenshot_1-5-2026_101714_www.billboard.com_.jpeg","type":"image\/jpeg"}],"author":"Maria Valentina Noguera Medina","twitter_card":"summary_large_image","twitter_misc":{"Escrito por":"Maria Valentina Noguera Medina","Tiempo estimado de lectura":"2 minutos"},"schema":{"@context":"https:\/\/schema.org","@graph":[{"@type":"Article","@id":"https:\/\/noti-america.com\/site\/principal\/2026\/05\/01\/greeicy-anuncio-su-gira-mundial-candela-tour-2026%e2%80%b2-la-cantante-confirmo-mas-de-una-docena-de-fechas-en-europa-y-america-latina\/#article","isPartOf":{"@id":"https:\/\/noti-america.com\/site\/principal\/2026\/05\/01\/greeicy-anuncio-su-gira-mundial-candela-tour-2026%e2%80%b2-la-cantante-confirmo-mas-de-una-docena-de-fechas-en-europa-y-america-latina\/"},"author":{"name":"Maria Valentina Noguera Medina","@id":"https:\/\/noti-america.com\/site\/principal\/#\/schema\/person\/22806efcc2cfc4b45efb0e17be210ea8"},"headline":"Greeicy anunci\u00f3 su gira mundial \u2018Candela Tour 2026\u2032: La cantante confirm\u00f3 m\u00e1s de una docena de fechas en Europa y Am\u00e9rica Latina","datePublished":"2026-05-01T18:18:05+00:00","mainEntityOfPage":{"@id":"https:\/\/noti-america.com\/site\/principal\/2026\/05\/01\/greeicy-anuncio-su-gira-mundial-candela-tour-2026%e2%80%b2-la-cantante-confirmo-mas-de-una-docena-de-fechas-en-europa-y-america-latina\/"},"wordCount":378,"image":{"@id":"https:\/\/noti-america.com\/site\/principal\/2026\/05\/01\/greeicy-anuncio-su-gira-mundial-candela-tour-2026%e2%80%b2-la-cantante-confirmo-mas-de-una-docena-de-fechas-en-europa-y-america-latina\/#primaryimage"},"thumbnailUrl":"https:\/\/noti-america.com\/site\/principal\/wp-content\/uploads\/sites\/26\/2026\/05\/Screenshot_1-5-2026_101714_www.billboard.com_.jpeg","articleSection":["Entretenimiento"],"inLanguage":"es"},{"@type":"WebPage","@id":"https:\/\/noti-america.com\/site\/principal\/2026\/05\/01\/greeicy-anuncio-su-gira-mundial-candela-tour-2026%e2%80%b2-la-cantante-confirmo-mas-de-una-docena-de-fechas-en-europa-y-america-latina\/","url":"https:\/\/noti-america.com\/site\/principal\/2026\/05\/01\/greeicy-anuncio-su-gira-mundial-candela-tour-2026%e2%80%b2-la-cantante-confirmo-mas-de-una-docena-de-fechas-en-europa-y-america-latina\/","name":"Greeicy anunci\u00f3 su gira mundial \u2018Candela Tour 2026\u2032: La cantante confirm\u00f3 m\u00e1s de una docena de fechas en Europa y Am\u00e9rica Latina - Noti-America.com","isPartOf":{"@id":"https:\/\/noti-america.com\/site\/principal\/#website"},"primaryImageOfPage":{"@id":"https:\/\/noti-america.com\/site\/principal\/2026\/05\/01\/greeicy-anuncio-su-gira-mundial-candela-tour-2026%e2%80%b2-la-cantante-confirmo-mas-de-una-docena-de-fechas-en-europa-y-america-latina\/#primaryimage"},"image":{"@id":"https:\/\/noti-america.com\/site\/principal\/2026\/05\/01\/greeicy-anuncio-su-gira-mundial-candela-tour-2026%e2%80%b2-la-cantante-confirmo-mas-de-una-docena-de-fechas-en-europa-y-america-latina\/#primaryimage"},"thumbnailUrl":"https:\/\/noti-america.com\/site\/principal\/wp-content\/uploads\/sites\/26\/2026\/05\/Screenshot_1-5-2026_101714_www.billboard.com_.jpeg","datePublished":"2026-05-01T18:18:05+00:00","author":{"@id":"https:\/\/noti-america.com\/site\/principal\/#\/schema\/person\/22806efcc2cfc4b45efb0e17be210ea8"},"breadcrumb":{"@id":"https:\/\/noti-america.com\/site\/principal\/2026\/05\/01\/greeicy-anuncio-su-gira-mundial-candela-tour-2026%e2%80%b2-la-cantante-confirmo-mas-de-una-docena-de-fechas-en-europa-y-america-latina\/#breadcrumb"},"inLanguage":"es","potentialAction":[{"@type":"ReadAction","target":["https:\/\/noti-america.com\/site\/principal\/2026\/05\/01\/greeicy-anuncio-su-gira-mundial-candela-tour-2026%e2%80%b2-la-cantante-confirmo-mas-de-una-docena-de-fechas-en-europa-y-america-latina\/"]}]},{"@type":"ImageObject","inLanguage":"es","@id":"https:\/\/noti-america.com\/site\/principal\/2026\/05\/01\/greeicy-anuncio-su-gira-mundial-candela-tour-2026%e2%80%b2-la-cantante-confirmo-mas-de-una-docena-de-fechas-en-europa-y-america-latina\/#primaryimage","url":"https:\/\/noti-america.com\/site\/principal\/wp-content\/uploads\/sites\/26\/2026\/05\/Screenshot_1-5-2026_101714_www.billboard.com_.jpeg","contentUrl":"https:\/\/noti-america.com\/site\/principal\/wp-content\/uploads\/sites\/26\/2026\/05\/Screenshot_1-5-2026_101714_www.billboard.com_.jpeg","width":1310,"height":630},{"@type":"BreadcrumbList","@id":"https:\/\/noti-america.com\/site\/principal\/2026\/05\/01\/greeicy-anuncio-su-gira-mundial-candela-tour-2026%e2%80%b2-la-cantante-confirmo-mas-de-una-docena-de-fechas-en-europa-y-america-latina\/#breadcrumb","itemListElement":[{"@type":"ListItem","position":1,"name":"Portada","item":"https:\/\/noti-america.com\/site\/principal\/"},{"@type":"ListItem","position":2,"name":"Greeicy anunci\u00f3 su gira mundial \u2018Candela Tour 2026\u2032: La cantante confirm\u00f3 m\u00e1s de una docena de fechas en Europa y Am\u00e9rica Latina"}]},{"@type":"WebSite","@id":"https:\/\/noti-america.com\/site\/principal\/#website","url":"https:\/\/noti-america.com\/site\/principal\/","name":"Noti-America.com","description":"El Noticiero Digital M\u00e1s Grande de Am\u00e9rica","potentialAction":[{"@type":"SearchAction","target":{"@type":"EntryPoint","urlTemplate":"https:\/\/noti-america.com\/site\/principal\/?s={search_term_string}"},"query-input":{"@type":"PropertyValueSpecification","valueRequired":true,"valueName":"search_term_string"}}],"inLanguage":"es"},{"@type":"Person","@id":"https:\/\/noti-america.com\/site\/principal\/#\/schema\/person\/22806efcc2cfc4b45efb0e17be210ea8","name":"Maria Valentina Noguera Medina","image":{"@type":"ImageObject","inLanguage":"es","@id":"https:\/\/secure.gravatar.com\/avatar\/4ec5eb9d099f2608a49c9df6f7341f66f04f819cdffa09d56a7a0e91d2819d56?s=96&d=mm&r=g","url":"https:\/\/secure.gravatar.com\/avatar\/4ec5eb9d099f2608a49c9df6f7341f66f04f819cdffa09d56a7a0e91d2819d56?s=96&d=mm&r=g","contentUrl":"https:\/\/secure.gravatar.com\/avatar\/4ec5eb9d099f2608a49c9df6f7341f66f04f819cdffa09d56a7a0e91d2819d56?s=96&d=mm&r=g","caption":"Maria Valentina Noguera Medina"},"description":"Periodista - noti-america - Promar Community Manager - Talento Plus Dise\u00f1adora\/ creadora de contenido...","sameAs":["Mar\u00eda Valentina Noguera","https:\/\/www.facebook.com\/mariavalentina.noguera","https:\/\/www.linkedin.com\/in\/mara-valentina-noguera-medina-373075165\/","https:\/\/www.pinterest.es\/valentinanoguera95\/","https:\/\/www.youtube.com\/channel\/UCdek6mbUZ-Tqqw0I63i4nmQ"],"url":"https:\/\/noti-america.com\/site\/principal\/author\/mnoguera\/"}]}},"_links":{"self":[{"href":"https:\/\/noti-america.com\/site\/principal\/wp-json\/wp\/v2\/posts\/87754","targetHints":{"allow":["GET"]}}],"collection":[{"href":"https:\/\/noti-america.com\/site\/principal\/wp-json\/wp\/v2\/posts"}],"about":[{"href":"https:\/\/noti-america.com\/site\/principal\/wp-json\/wp\/v2\/types\/post"}],"author":[{"embeddable":true,"href":"https:\/\/noti-america.com\/site\/principal\/wp-json\/wp\/v2\/users\/133"}],"replies":[{"embeddable":true,"href":"https:\/\/noti-america.com\/site\/principal\/wp-json\/wp\/v2\/comments?post=87754"}],"version-history":[{"count":1,"href":"https:\/\/noti-america.com\/site\/principal\/wp-json\/wp\/v2\/posts\/87754\/revisions"}],"predecessor-version":[{"id":87797,"href":"https:\/\/noti-america.com\/site\/principal\/wp-json\/wp\/v2\/posts\/87754\/revisions\/87797"}],"wp:featuredmedia":[{"embeddable":true,"href":"https:\/\/noti-america.com\/site\/principal\/wp-json\/wp\/v2\/media\/87755"}],"wp:attachment":[{"href":"https:\/\/noti-america.com\/site\/principal\/wp-json\/wp\/v2\/media?parent=87754"}],"wp:term":[{"taxonomy":"category","embeddable":true,"href":"https:\/\/noti-america.com\/site\/principal\/wp-json\/wp\/v2\/categories?post=87754"},{"taxonomy":"post_tag","embeddable":true,"href":"https:\/\/noti-america.com\/site\/principal\/wp-json\/wp\/v2\/tags?post=87754"}],"curies":[{"name":"wp","href":"https:\/\/api.w.org\/{rel}","templated":true}]}}