{"id":87752,"date":"2026-05-01T14:16:32","date_gmt":"2026-05-01T18:16:32","guid":{"rendered":"https:\/\/noti-america.com\/site\/principal\/?p=87752"},"modified":"2026-05-01T14:16:32","modified_gmt":"2026-05-01T18:16:32","slug":"el-paseo-de-la-fama-se-viste-de-prada-emily-blunt-y-stanley-tucci-reciben-su-estrella","status":"publish","type":"post","link":"https:\/\/noti-america.com\/site\/principal\/2026\/05\/01\/el-paseo-de-la-fama-se-viste-de-prada-emily-blunt-y-stanley-tucci-reciben-su-estrella\/","title":{"rendered":"El Paseo de la Fama se viste de Prada: Emily Blunt y Stanley Tucci reciben su estrella"},"content":{"rendered":"<p>NOTI-AMERICA.COM | VENEZUELA<\/p>\n<p style=\"text-align: justify\">Las estrellas de Hollywood Emily Blunt y Stanley Tucci recibieron una estrella en el Paseo de la Fama de Los \u00c1ngeles, en una ceremonia en la que estuvieron presentes figuras de la industria cinematogr\u00e1fica, como Matt Damon, Robert Downey Jr. Y Meryl Streep.<\/p>\n<p style=\"text-align: justify\">Ambos recibieron su reconocimiento en el emblem\u00e1tico coincidiendo con el estreno \u00abEl diabl\u00f8 viste a la moda 2\u00bb, una comedia de culto protagonizada por Anne Hathaway y Meryl Streep, inspirada en la novela hom\u00f3nima de Lauren Weisberger y que retrata las \u00ebntra\u00f1as del mundo de la moda y su parte m\u00e1s h\u00f8stil.<\/p>\n<p style=\"text-align: justify\">Adem\u00e1s de compa\u00f1eros de reparto, ambos artistas son cu\u00f1ados, ya que Tucci est\u00e1 casado con Felicity Blunt, hermana mayor de Emily.<\/p>\n","protected":false},"excerpt":{"rendered":"<p>NOTI-AMERICA.COM | VENEZUELA Las estrellas de Hollywood Emily Blunt y Stanley Tucci recibieron una estrella en el Paseo de la Fama de Los \u00c1ngeles, en una ceremonia en la que estuvieron presentes figuras de&#46;&#46;&#46;<\/p>\n","protected":false},"author":133,"featured_media":87753,"comment_status":"","ping_status":"open","sticky":false,"template":"","format":"image","meta":{"_acf_changed":false,"rop_custom_images_group":[],"rop_custom_messages_group":[],"rop_publish_now":"no","rop_publish_now_accounts":[],"rop_publish_now_history":[],"rop_publish_now_status":"pending","footnotes":""},"categories":[886],"tags":[],"class_list":["post-87752","post","type-post","status-publish","format-image","has-post-thumbnail","hentry","category-acturalidad","post_format-post-format-image"],"acf":[],"yoast_head":"<!-- This site is optimized with the Yoast SEO Premium plugin v24.9 (Yoast SEO v27.2) - https:\/\/yoast.com\/product\/yoast-seo-premium-wordpress\/ -->\n<title>El Paseo de la Fama se viste de Prada: Emily Blunt y Stanley Tucci reciben su estrella - Noti-America.com<\/title>\n<meta name=\"robots\" content=\"index, follow, max-snippet:-1, max-image-preview:large, max-video-preview:-1\" \/>\n<link rel=\"canonical\" href=\"https:\/\/noti-america.com\/site\/principal\/2026\/05\/01\/el-paseo-de-la-fama-se-viste-de-prada-emily-blunt-y-stanley-tucci-reciben-su-estrella\/\" \/>\n<meta property=\"og:locale\" content=\"es_ES\" \/>\n<meta property=\"og:type\" content=\"article\" \/>\n<meta property=\"og:title\" content=\"El Paseo de la Fama se viste de Prada: Emily Blunt y Stanley Tucci reciben su estrella\" \/>\n<meta property=\"og:description\" content=\"NOTI-AMERICA.COM | VENEZUELA Las estrellas de Hollywood Emily Blunt y Stanley Tucci recibieron una estrella en el Paseo de la Fama de Los \u00c1ngeles, en una ceremonia en la que estuvieron presentes figuras de&#046;&#046;&#046;\" \/>\n<meta property=\"og:url\" content=\"https:\/\/noti-america.com\/site\/principal\/2026\/05\/01\/el-paseo-de-la-fama-se-viste-de-prada-emily-blunt-y-stanley-tucci-reciben-su-estrella\/\" \/>\n<meta property=\"og:site_name\" content=\"Noti-America.com\" \/>\n<meta property=\"article:author\" content=\"Mar\u00eda Valentina Noguera\" \/>\n<meta property=\"article:published_time\" content=\"2026-05-01T18:16:32+00:00\" \/>\n<meta property=\"og:image\" content=\"https:\/\/noti-america.com\/site\/principal\/wp-content\/uploads\/sites\/26\/2026\/05\/Screenshot_1-5-2026_101458_www.informador.mx_.jpeg\" \/>\n\t<meta property=\"og:image:width\" content=\"1358\" \/>\n\t<meta property=\"og:image:height\" content=\"633\" \/>\n\t<meta property=\"og:image:type\" content=\"image\/jpeg\" \/>\n<meta name=\"author\" content=\"Maria Valentina Noguera Medina\" \/>\n<meta name=\"twitter:card\" content=\"summary_large_image\" \/>\n<meta name=\"twitter:label1\" content=\"Escrito por\" \/>\n\t<meta name=\"twitter:data1\" content=\"Maria Valentina Noguera Medina\" \/>\n\t<meta name=\"twitter:label2\" content=\"Tiempo estimado de lectura\" \/>\n\t<meta name=\"twitter:data2\" content=\"1 minuto\" \/>\n<script type=\"application\/ld+json\" class=\"yoast-schema-graph\">{\"@context\":\"https:\/\/schema.org\",\"@graph\":[{\"@type\":\"Article\",\"@id\":\"https:\/\/noti-america.com\/site\/principal\/2026\/05\/01\/el-paseo-de-la-fama-se-viste-de-prada-emily-blunt-y-stanley-tucci-reciben-su-estrella\/#article\",\"isPartOf\":{\"@id\":\"https:\/\/noti-america.com\/site\/principal\/2026\/05\/01\/el-paseo-de-la-fama-se-viste-de-prada-emily-blunt-y-stanley-tucci-reciben-su-estrella\/\"},\"author\":{\"name\":\"Maria Valentina Noguera Medina\",\"@id\":\"https:\/\/noti-america.com\/site\/principal\/#\/schema\/person\/22806efcc2cfc4b45efb0e17be210ea8\"},\"headline\":\"El Paseo de la Fama se viste de Prada: Emily Blunt y Stanley Tucci reciben su estrella\",\"datePublished\":\"2026-05-01T18:16:32+00:00\",\"mainEntityOfPage\":{\"@id\":\"https:\/\/noti-america.com\/site\/principal\/2026\/05\/01\/el-paseo-de-la-fama-se-viste-de-prada-emily-blunt-y-stanley-tucci-reciben-su-estrella\/\"},\"wordCount\":144,\"image\":{\"@id\":\"https:\/\/noti-america.com\/site\/principal\/2026\/05\/01\/el-paseo-de-la-fama-se-viste-de-prada-emily-blunt-y-stanley-tucci-reciben-su-estrella\/#primaryimage\"},\"thumbnailUrl\":\"https:\/\/noti-america.com\/site\/principal\/wp-content\/uploads\/sites\/26\/2026\/05\/Screenshot_1-5-2026_101458_www.informador.mx_.jpeg\",\"articleSection\":[\"Actualidad\"],\"inLanguage\":\"es\"},{\"@type\":\"WebPage\",\"@id\":\"https:\/\/noti-america.com\/site\/principal\/2026\/05\/01\/el-paseo-de-la-fama-se-viste-de-prada-emily-blunt-y-stanley-tucci-reciben-su-estrella\/\",\"url\":\"https:\/\/noti-america.com\/site\/principal\/2026\/05\/01\/el-paseo-de-la-fama-se-viste-de-prada-emily-blunt-y-stanley-tucci-reciben-su-estrella\/\",\"name\":\"El Paseo de la Fama se viste de Prada: Emily Blunt y Stanley Tucci reciben su estrella - Noti-America.com\",\"isPartOf\":{\"@id\":\"https:\/\/noti-america.com\/site\/principal\/#website\"},\"primaryImageOfPage\":{\"@id\":\"https:\/\/noti-america.com\/site\/principal\/2026\/05\/01\/el-paseo-de-la-fama-se-viste-de-prada-emily-blunt-y-stanley-tucci-reciben-su-estrella\/#primaryimage\"},\"image\":{\"@id\":\"https:\/\/noti-america.com\/site\/principal\/2026\/05\/01\/el-paseo-de-la-fama-se-viste-de-prada-emily-blunt-y-stanley-tucci-reciben-su-estrella\/#primaryimage\"},\"thumbnailUrl\":\"https:\/\/noti-america.com\/site\/principal\/wp-content\/uploads\/sites\/26\/2026\/05\/Screenshot_1-5-2026_101458_www.informador.mx_.jpeg\",\"datePublished\":\"2026-05-01T18:16:32+00:00\",\"author\":{\"@id\":\"https:\/\/noti-america.com\/site\/principal\/#\/schema\/person\/22806efcc2cfc4b45efb0e17be210ea8\"},\"breadcrumb\":{\"@id\":\"https:\/\/noti-america.com\/site\/principal\/2026\/05\/01\/el-paseo-de-la-fama-se-viste-de-prada-emily-blunt-y-stanley-tucci-reciben-su-estrella\/#breadcrumb\"},\"inLanguage\":\"es\",\"potentialAction\":[{\"@type\":\"ReadAction\",\"target\":[\"https:\/\/noti-america.com\/site\/principal\/2026\/05\/01\/el-paseo-de-la-fama-se-viste-de-prada-emily-blunt-y-stanley-tucci-reciben-su-estrella\/\"]}]},{\"@type\":\"ImageObject\",\"inLanguage\":\"es\",\"@id\":\"https:\/\/noti-america.com\/site\/principal\/2026\/05\/01\/el-paseo-de-la-fama-se-viste-de-prada-emily-blunt-y-stanley-tucci-reciben-su-estrella\/#primaryimage\",\"url\":\"https:\/\/noti-america.com\/site\/principal\/wp-content\/uploads\/sites\/26\/2026\/05\/Screenshot_1-5-2026_101458_www.informador.mx_.jpeg\",\"contentUrl\":\"https:\/\/noti-america.com\/site\/principal\/wp-content\/uploads\/sites\/26\/2026\/05\/Screenshot_1-5-2026_101458_www.informador.mx_.jpeg\",\"width\":1358,\"height\":633},{\"@type\":\"BreadcrumbList\",\"@id\":\"https:\/\/noti-america.com\/site\/principal\/2026\/05\/01\/el-paseo-de-la-fama-se-viste-de-prada-emily-blunt-y-stanley-tucci-reciben-su-estrella\/#breadcrumb\",\"itemListElement\":[{\"@type\":\"ListItem\",\"position\":1,\"name\":\"Portada\",\"item\":\"https:\/\/noti-america.com\/site\/principal\/\"},{\"@type\":\"ListItem\",\"position\":2,\"name\":\"El Paseo de la Fama se viste de Prada: Emily Blunt y Stanley Tucci reciben su estrella\"}]},{\"@type\":\"WebSite\",\"@id\":\"https:\/\/noti-america.com\/site\/principal\/#website\",\"url\":\"https:\/\/noti-america.com\/site\/principal\/\",\"name\":\"Noti-America.com\",\"description\":\"El Noticiero Digital M\u00e1s Grande de Am\u00e9rica\",\"potentialAction\":[{\"@type\":\"SearchAction\",\"target\":{\"@type\":\"EntryPoint\",\"urlTemplate\":\"https:\/\/noti-america.com\/site\/principal\/?s={search_term_string}\"},\"query-input\":{\"@type\":\"PropertyValueSpecification\",\"valueRequired\":true,\"valueName\":\"search_term_string\"}}],\"inLanguage\":\"es\"},{\"@type\":\"Person\",\"@id\":\"https:\/\/noti-america.com\/site\/principal\/#\/schema\/person\/22806efcc2cfc4b45efb0e17be210ea8\",\"name\":\"Maria Valentina Noguera Medina\",\"image\":{\"@type\":\"ImageObject\",\"inLanguage\":\"es\",\"@id\":\"https:\/\/secure.gravatar.com\/avatar\/4ec5eb9d099f2608a49c9df6f7341f66f04f819cdffa09d56a7a0e91d2819d56?s=96&d=mm&r=g\",\"url\":\"https:\/\/secure.gravatar.com\/avatar\/4ec5eb9d099f2608a49c9df6f7341f66f04f819cdffa09d56a7a0e91d2819d56?s=96&d=mm&r=g\",\"contentUrl\":\"https:\/\/secure.gravatar.com\/avatar\/4ec5eb9d099f2608a49c9df6f7341f66f04f819cdffa09d56a7a0e91d2819d56?s=96&d=mm&r=g\",\"caption\":\"Maria Valentina Noguera Medina\"},\"description\":\"Periodista - noti-america - Promar Community Manager - Talento Plus Dise\u00f1adora\/ creadora de contenido...\",\"sameAs\":[\"Mar\u00eda Valentina Noguera\",\"https:\/\/www.facebook.com\/mariavalentina.noguera\",\"https:\/\/www.linkedin.com\/in\/mara-valentina-noguera-medina-373075165\/\",\"https:\/\/www.pinterest.es\/valentinanoguera95\/\",\"https:\/\/www.youtube.com\/channel\/UCdek6mbUZ-Tqqw0I63i4nmQ\"],\"url\":\"https:\/\/noti-america.com\/site\/principal\/author\/mnoguera\/\"}]}<\/script>\n<!-- \/ Yoast SEO Premium plugin. -->","yoast_head_json":{"title":"El Paseo de la Fama se viste de Prada: Emily Blunt y Stanley Tucci reciben su estrella - Noti-America.com","robots":{"index":"index","follow":"follow","max-snippet":"max-snippet:-1","max-image-preview":"max-image-preview:large","max-video-preview":"max-video-preview:-1"},"canonical":"https:\/\/noti-america.com\/site\/principal\/2026\/05\/01\/el-paseo-de-la-fama-se-viste-de-prada-emily-blunt-y-stanley-tucci-reciben-su-estrella\/","og_locale":"es_ES","og_type":"article","og_title":"El Paseo de la Fama se viste de Prada: Emily Blunt y Stanley Tucci reciben su estrella","og_description":"NOTI-AMERICA.COM | VENEZUELA Las estrellas de Hollywood Emily Blunt y Stanley Tucci recibieron una estrella en el Paseo de la Fama de Los \u00c1ngeles, en una ceremonia en la que estuvieron presentes figuras de&#46;&#46;&#46;","og_url":"https:\/\/noti-america.com\/site\/principal\/2026\/05\/01\/el-paseo-de-la-fama-se-viste-de-prada-emily-blunt-y-stanley-tucci-reciben-su-estrella\/","og_site_name":"Noti-America.com","article_author":"Mar\u00eda Valentina Noguera","article_published_time":"2026-05-01T18:16:32+00:00","og_image":[{"width":1358,"height":633,"url":"https:\/\/noti-america.com\/site\/principal\/wp-content\/uploads\/sites\/26\/2026\/05\/Screenshot_1-5-2026_101458_www.informador.mx_.jpeg","type":"image\/jpeg"}],"author":"Maria Valentina Noguera Medina","twitter_card":"summary_large_image","twitter_misc":{"Escrito por":"Maria Valentina Noguera Medina","Tiempo estimado de lectura":"1 minuto"},"schema":{"@context":"https:\/\/schema.org","@graph":[{"@type":"Article","@id":"https:\/\/noti-america.com\/site\/principal\/2026\/05\/01\/el-paseo-de-la-fama-se-viste-de-prada-emily-blunt-y-stanley-tucci-reciben-su-estrella\/#article","isPartOf":{"@id":"https:\/\/noti-america.com\/site\/principal\/2026\/05\/01\/el-paseo-de-la-fama-se-viste-de-prada-emily-blunt-y-stanley-tucci-reciben-su-estrella\/"},"author":{"name":"Maria Valentina Noguera Medina","@id":"https:\/\/noti-america.com\/site\/principal\/#\/schema\/person\/22806efcc2cfc4b45efb0e17be210ea8"},"headline":"El Paseo de la Fama se viste de Prada: Emily Blunt y Stanley Tucci reciben su estrella","datePublished":"2026-05-01T18:16:32+00:00","mainEntityOfPage":{"@id":"https:\/\/noti-america.com\/site\/principal\/2026\/05\/01\/el-paseo-de-la-fama-se-viste-de-prada-emily-blunt-y-stanley-tucci-reciben-su-estrella\/"},"wordCount":144,"image":{"@id":"https:\/\/noti-america.com\/site\/principal\/2026\/05\/01\/el-paseo-de-la-fama-se-viste-de-prada-emily-blunt-y-stanley-tucci-reciben-su-estrella\/#primaryimage"},"thumbnailUrl":"https:\/\/noti-america.com\/site\/principal\/wp-content\/uploads\/sites\/26\/2026\/05\/Screenshot_1-5-2026_101458_www.informador.mx_.jpeg","articleSection":["Actualidad"],"inLanguage":"es"},{"@type":"WebPage","@id":"https:\/\/noti-america.com\/site\/principal\/2026\/05\/01\/el-paseo-de-la-fama-se-viste-de-prada-emily-blunt-y-stanley-tucci-reciben-su-estrella\/","url":"https:\/\/noti-america.com\/site\/principal\/2026\/05\/01\/el-paseo-de-la-fama-se-viste-de-prada-emily-blunt-y-stanley-tucci-reciben-su-estrella\/","name":"El Paseo de la Fama se viste de Prada: Emily Blunt y Stanley Tucci reciben su estrella - Noti-America.com","isPartOf":{"@id":"https:\/\/noti-america.com\/site\/principal\/#website"},"primaryImageOfPage":{"@id":"https:\/\/noti-america.com\/site\/principal\/2026\/05\/01\/el-paseo-de-la-fama-se-viste-de-prada-emily-blunt-y-stanley-tucci-reciben-su-estrella\/#primaryimage"},"image":{"@id":"https:\/\/noti-america.com\/site\/principal\/2026\/05\/01\/el-paseo-de-la-fama-se-viste-de-prada-emily-blunt-y-stanley-tucci-reciben-su-estrella\/#primaryimage"},"thumbnailUrl":"https:\/\/noti-america.com\/site\/principal\/wp-content\/uploads\/sites\/26\/2026\/05\/Screenshot_1-5-2026_101458_www.informador.mx_.jpeg","datePublished":"2026-05-01T18:16:32+00:00","author":{"@id":"https:\/\/noti-america.com\/site\/principal\/#\/schema\/person\/22806efcc2cfc4b45efb0e17be210ea8"},"breadcrumb":{"@id":"https:\/\/noti-america.com\/site\/principal\/2026\/05\/01\/el-paseo-de-la-fama-se-viste-de-prada-emily-blunt-y-stanley-tucci-reciben-su-estrella\/#breadcrumb"},"inLanguage":"es","potentialAction":[{"@type":"ReadAction","target":["https:\/\/noti-america.com\/site\/principal\/2026\/05\/01\/el-paseo-de-la-fama-se-viste-de-prada-emily-blunt-y-stanley-tucci-reciben-su-estrella\/"]}]},{"@type":"ImageObject","inLanguage":"es","@id":"https:\/\/noti-america.com\/site\/principal\/2026\/05\/01\/el-paseo-de-la-fama-se-viste-de-prada-emily-blunt-y-stanley-tucci-reciben-su-estrella\/#primaryimage","url":"https:\/\/noti-america.com\/site\/principal\/wp-content\/uploads\/sites\/26\/2026\/05\/Screenshot_1-5-2026_101458_www.informador.mx_.jpeg","contentUrl":"https:\/\/noti-america.com\/site\/principal\/wp-content\/uploads\/sites\/26\/2026\/05\/Screenshot_1-5-2026_101458_www.informador.mx_.jpeg","width":1358,"height":633},{"@type":"BreadcrumbList","@id":"https:\/\/noti-america.com\/site\/principal\/2026\/05\/01\/el-paseo-de-la-fama-se-viste-de-prada-emily-blunt-y-stanley-tucci-reciben-su-estrella\/#breadcrumb","itemListElement":[{"@type":"ListItem","position":1,"name":"Portada","item":"https:\/\/noti-america.com\/site\/principal\/"},{"@type":"ListItem","position":2,"name":"El Paseo de la Fama se viste de Prada: Emily Blunt y Stanley Tucci reciben su estrella"}]},{"@type":"WebSite","@id":"https:\/\/noti-america.com\/site\/principal\/#website","url":"https:\/\/noti-america.com\/site\/principal\/","name":"Noti-America.com","description":"El Noticiero Digital M\u00e1s Grande de Am\u00e9rica","potentialAction":[{"@type":"SearchAction","target":{"@type":"EntryPoint","urlTemplate":"https:\/\/noti-america.com\/site\/principal\/?s={search_term_string}"},"query-input":{"@type":"PropertyValueSpecification","valueRequired":true,"valueName":"search_term_string"}}],"inLanguage":"es"},{"@type":"Person","@id":"https:\/\/noti-america.com\/site\/principal\/#\/schema\/person\/22806efcc2cfc4b45efb0e17be210ea8","name":"Maria Valentina Noguera Medina","image":{"@type":"ImageObject","inLanguage":"es","@id":"https:\/\/secure.gravatar.com\/avatar\/4ec5eb9d099f2608a49c9df6f7341f66f04f819cdffa09d56a7a0e91d2819d56?s=96&d=mm&r=g","url":"https:\/\/secure.gravatar.com\/avatar\/4ec5eb9d099f2608a49c9df6f7341f66f04f819cdffa09d56a7a0e91d2819d56?s=96&d=mm&r=g","contentUrl":"https:\/\/secure.gravatar.com\/avatar\/4ec5eb9d099f2608a49c9df6f7341f66f04f819cdffa09d56a7a0e91d2819d56?s=96&d=mm&r=g","caption":"Maria Valentina Noguera Medina"},"description":"Periodista - noti-america - Promar Community Manager - Talento Plus Dise\u00f1adora\/ creadora de contenido...","sameAs":["Mar\u00eda Valentina Noguera","https:\/\/www.facebook.com\/mariavalentina.noguera","https:\/\/www.linkedin.com\/in\/mara-valentina-noguera-medina-373075165\/","https:\/\/www.pinterest.es\/valentinanoguera95\/","https:\/\/www.youtube.com\/channel\/UCdek6mbUZ-Tqqw0I63i4nmQ"],"url":"https:\/\/noti-america.com\/site\/principal\/author\/mnoguera\/"}]}},"_links":{"self":[{"href":"https:\/\/noti-america.com\/site\/principal\/wp-json\/wp\/v2\/posts\/87752","targetHints":{"allow":["GET"]}}],"collection":[{"href":"https:\/\/noti-america.com\/site\/principal\/wp-json\/wp\/v2\/posts"}],"about":[{"href":"https:\/\/noti-america.com\/site\/principal\/wp-json\/wp\/v2\/types\/post"}],"author":[{"embeddable":true,"href":"https:\/\/noti-america.com\/site\/principal\/wp-json\/wp\/v2\/users\/133"}],"replies":[{"embeddable":true,"href":"https:\/\/noti-america.com\/site\/principal\/wp-json\/wp\/v2\/comments?post=87752"}],"version-history":[{"count":1,"href":"https:\/\/noti-america.com\/site\/principal\/wp-json\/wp\/v2\/posts\/87752\/revisions"}],"predecessor-version":[{"id":87796,"href":"https:\/\/noti-america.com\/site\/principal\/wp-json\/wp\/v2\/posts\/87752\/revisions\/87796"}],"wp:featuredmedia":[{"embeddable":true,"href":"https:\/\/noti-america.com\/site\/principal\/wp-json\/wp\/v2\/media\/87753"}],"wp:attachment":[{"href":"https:\/\/noti-america.com\/site\/principal\/wp-json\/wp\/v2\/media?parent=87752"}],"wp:term":[{"taxonomy":"category","embeddable":true,"href":"https:\/\/noti-america.com\/site\/principal\/wp-json\/wp\/v2\/categories?post=87752"},{"taxonomy":"post_tag","embeddable":true,"href":"https:\/\/noti-america.com\/site\/principal\/wp-json\/wp\/v2\/tags?post=87752"}],"curies":[{"name":"wp","href":"https:\/\/api.w.org\/{rel}","templated":true}]}}