{"id":87733,"date":"2026-04-30T19:56:28","date_gmt":"2026-04-30T23:56:28","guid":{"rendered":"https:\/\/noti-america.com\/site\/principal\/?p=87733"},"modified":"2026-04-30T19:56:28","modified_gmt":"2026-04-30T23:56:28","slug":"club-los-prados-se-consolida-como-referente-de-union-familiar-a-traves-del-deporte","status":"publish","type":"post","link":"https:\/\/noti-america.com\/site\/principal\/2026\/04\/30\/club-los-prados-se-consolida-como-referente-de-union-familiar-a-traves-del-deporte\/","title":{"rendered":"Club Los Prados se consolida como referente de uni\u00f3n familiar a trav\u00e9s del deporte"},"content":{"rendered":"<p>NOTI-AMERICA.COM <em>|\u00a0<\/em>REP\u00daBLICA DOMINICANA<\/p>\n<p style=\"text-align: justify\">SANTO DOMINGO &#8211; El club Los Prados ha logrado un gran impulso en los \u00faltimos a\u00f1os a trav\u00e9s de las actividades deportivas en beneficio de sus socios y sin distinci\u00f3n de g\u00e9nero, status social, raza o credo, con la finalidad de unir a las familias en un ambiente sano.<\/p>\n<p style=\"text-align: justify\">Sus m\u00e1s de 10 disciplinas deportivas han tenido acogida entre sus socios de diferentes edades, por lo que el crecimiento ha sido enorme en cantidad de atletas que participan en sus eventos.<\/p>\n<p style=\"text-align: justify\">El baloncesto en sus diferentes categor\u00edas, al igual que el b\u00e9isbol voleibol, softbol, judo, taekwondo, f\u00fatbol, nataci\u00f3n, ajedrez, billar y domin\u00f3, han captado la atenci\u00f3n de cientos de miles de socios ni\u00f1os, j\u00f3venes y adultos tanto de la rama masculina como de la femenina.<\/p>\n<p style=\"text-align: justify\">Las inversiones deportivas de la Junta Directiva 2024-2027, que preside Jorge Ram\u00edrez, se han devuelto en ganancias econ\u00f3micas que superan los seis millones de pesos.<\/p>\n<p style=\"text-align: justify\">El propio Ram\u00edrez habl\u00f3 en la Asamblea Anual Ordinaria del pasado viernes 24 de abril, al rendir informe por segunda vez como presidente de la entidad, en el sal\u00f3n Don C\u00e9sar Cede\u00f1o.<\/p>\n<p style=\"text-align: justify\">Junto a Ram\u00edrez, dio su informe econ\u00f3mico el tesorero H\u00e9ctor Estrella, quien dijo que los ingresos generales del club Los Prados en 2025 fueron de 187,230,215.00 millones de pesos, recibiendo 175 millones y cuentas por pagar 12 millones, con m\u00e1s de 50 millones por pago de socios, 671 mil pesos por expedici\u00f3n de carnets y m\u00e1s de seis millones en el deporte.<\/p>\n<p style=\"text-align: justify\">Se\u00f1al\u00f3, adem\u00e1s, los ingresos por campamentos de verano, actividades sociales y especiales.<\/p>\n<p style=\"text-align: justify\">Los gastos rondaron los 168,583,408 millones de pesos distribuidos en alimentos y bebidas, administrativos, campamentos, personal financiero y actividades deportivas, entre otros, para un super\u00e1vit de algo m\u00e1s de 17 millones de pesos dominicanos.<\/p>\n<p style=\"text-align: justify\">Indic\u00f3 que el patrimonio de la entidad supera los 100 millones de pesos, para posteriormente recibir la aprobaci\u00f3n de los informes del presidente y el tesorero, de parte de los asamble\u00edstas.<\/p>\n<p style=\"text-align: justify\">Ram\u00edrez estuvo acompa\u00f1ado de los directivos, H\u00e9ctor Junior Gil y Elsa Ogando, primero y segundo vicepresidentes; Rosemary Cede\u00f1o, secretaria general; H\u00e9ctor Estrella, tesorero; Alejandro Bello, cotesorero; y los vocales Domingo Encarnaci\u00f3n y Luis Tejeda.<\/p>\n<p style=\"text-align: justify\">Su tercer vocal, Jos\u00e9 Veloz, falleci\u00f3 hace varios meses y se le concedi\u00f3 un minuto de silencio.<\/p>\n<p style=\"text-align: justify\">Tambi\u00e9n asistieron el staff administrativo del club Los Prados que encabeza la administradora Yosanny Portorreal; Mineidys Ledesma, asistente del presidente Ram\u00edrez; y como invitados especiales los expresidentes Juan Coronado S\u00e1nchez, C\u00e9sar y Dar\u00edo Cede\u00f1o.<\/p>\n","protected":false},"excerpt":{"rendered":"<p>NOTI-AMERICA.COM |\u00a0REP\u00daBLICA DOMINICANA SANTO DOMINGO &#8211; El club Los Prados ha logrado un gran impulso en los \u00faltimos a\u00f1os a trav\u00e9s de las actividades deportivas en beneficio de sus socios y sin distinci\u00f3n de&#46;&#46;&#46;<\/p>\n","protected":false},"author":89,"featured_media":87734,"comment_status":"","ping_status":"open","sticky":false,"template":"","format":"standard","meta":{"_acf_changed":false,"rop_custom_images_group":[],"rop_custom_messages_group":[],"rop_publish_now":"no","rop_publish_now_accounts":[],"rop_publish_now_history":[],"rop_publish_now_status":"pending","footnotes":""},"categories":[16],"tags":[2675,4502],"class_list":["post-87733","post","type-post","status-publish","format-standard","has-post-thumbnail","hentry","category-deportes","tag-club-los-prados","tag-jorge-ramirez"],"acf":[],"yoast_head":"<!-- This site is optimized with the Yoast SEO Premium plugin v24.9 (Yoast SEO v27.2) - https:\/\/yoast.com\/product\/yoast-seo-premium-wordpress\/ -->\n<title>Club Los Prados se consolida como referente de uni\u00f3n familiar a trav\u00e9s del deporte - Noti-America.com<\/title>\n<meta name=\"robots\" content=\"index, follow, max-snippet:-1, max-image-preview:large, max-video-preview:-1\" \/>\n<link rel=\"canonical\" href=\"https:\/\/noti-america.com\/site\/principal\/2026\/04\/30\/club-los-prados-se-consolida-como-referente-de-union-familiar-a-traves-del-deporte\/\" \/>\n<meta property=\"og:locale\" content=\"es_ES\" \/>\n<meta property=\"og:type\" content=\"article\" \/>\n<meta property=\"og:title\" content=\"Club Los Prados se consolida como referente de uni\u00f3n familiar a trav\u00e9s del deporte\" \/>\n<meta property=\"og:description\" content=\"NOTI-AMERICA.COM |\u00a0REP\u00daBLICA DOMINICANA SANTO DOMINGO &#8211; El club Los Prados ha logrado un gran impulso en los \u00faltimos a\u00f1os a trav\u00e9s de las actividades deportivas en beneficio de sus socios y sin distinci\u00f3n de&#046;&#046;&#046;\" \/>\n<meta property=\"og:url\" content=\"https:\/\/noti-america.com\/site\/principal\/2026\/04\/30\/club-los-prados-se-consolida-como-referente-de-union-familiar-a-traves-del-deporte\/\" \/>\n<meta property=\"og:site_name\" content=\"Noti-America.com\" \/>\n<meta property=\"article:published_time\" content=\"2026-04-30T23:56:28+00:00\" \/>\n<meta property=\"og:image\" content=\"https:\/\/noti-america.com\/site\/principal\/wp-content\/uploads\/sites\/26\/2026\/04\/Club-Los-Prados.jpeg\" \/>\n\t<meta property=\"og:image:width\" content=\"1600\" \/>\n\t<meta property=\"og:image:height\" content=\"816\" \/>\n\t<meta property=\"og:image:type\" content=\"image\/jpeg\" \/>\n<meta name=\"author\" content=\"Ad\u00e1n Soriano\" \/>\n<meta name=\"twitter:card\" content=\"summary_large_image\" \/>\n<meta name=\"twitter:creator\" content=\"@adansoriano\" \/>\n<meta name=\"twitter:label1\" content=\"Escrito por\" \/>\n\t<meta name=\"twitter:data1\" content=\"Ad\u00e1n Soriano\" \/>\n\t<meta name=\"twitter:label2\" content=\"Tiempo estimado de lectura\" \/>\n\t<meta name=\"twitter:data2\" content=\"2 minutos\" \/>\n<script type=\"application\/ld+json\" class=\"yoast-schema-graph\">{\"@context\":\"https:\/\/schema.org\",\"@graph\":[{\"@type\":\"Article\",\"@id\":\"https:\/\/noti-america.com\/site\/principal\/2026\/04\/30\/club-los-prados-se-consolida-como-referente-de-union-familiar-a-traves-del-deporte\/#article\",\"isPartOf\":{\"@id\":\"https:\/\/noti-america.com\/site\/principal\/2026\/04\/30\/club-los-prados-se-consolida-como-referente-de-union-familiar-a-traves-del-deporte\/\"},\"author\":{\"name\":\"Ad\u00e1n Soriano\",\"@id\":\"https:\/\/noti-america.com\/site\/principal\/#\/schema\/person\/fd0092c1530d275fabaa5cffcbc2b976\"},\"headline\":\"Club Los Prados se consolida como referente de uni\u00f3n familiar a trav\u00e9s del deporte\",\"datePublished\":\"2026-04-30T23:56:28+00:00\",\"mainEntityOfPage\":{\"@id\":\"https:\/\/noti-america.com\/site\/principal\/2026\/04\/30\/club-los-prados-se-consolida-como-referente-de-union-familiar-a-traves-del-deporte\/\"},\"wordCount\":458,\"image\":{\"@id\":\"https:\/\/noti-america.com\/site\/principal\/2026\/04\/30\/club-los-prados-se-consolida-como-referente-de-union-familiar-a-traves-del-deporte\/#primaryimage\"},\"thumbnailUrl\":\"https:\/\/noti-america.com\/site\/principal\/wp-content\/uploads\/sites\/26\/2026\/04\/Club-Los-Prados.jpeg\",\"keywords\":[\"Club Los Prados\",\"Jorge Ram\u00edrez\"],\"articleSection\":[\"Deportes\"],\"inLanguage\":\"es\"},{\"@type\":\"WebPage\",\"@id\":\"https:\/\/noti-america.com\/site\/principal\/2026\/04\/30\/club-los-prados-se-consolida-como-referente-de-union-familiar-a-traves-del-deporte\/\",\"url\":\"https:\/\/noti-america.com\/site\/principal\/2026\/04\/30\/club-los-prados-se-consolida-como-referente-de-union-familiar-a-traves-del-deporte\/\",\"name\":\"Club Los Prados se consolida como referente de uni\u00f3n familiar a trav\u00e9s del deporte - Noti-America.com\",\"isPartOf\":{\"@id\":\"https:\/\/noti-america.com\/site\/principal\/#website\"},\"primaryImageOfPage\":{\"@id\":\"https:\/\/noti-america.com\/site\/principal\/2026\/04\/30\/club-los-prados-se-consolida-como-referente-de-union-familiar-a-traves-del-deporte\/#primaryimage\"},\"image\":{\"@id\":\"https:\/\/noti-america.com\/site\/principal\/2026\/04\/30\/club-los-prados-se-consolida-como-referente-de-union-familiar-a-traves-del-deporte\/#primaryimage\"},\"thumbnailUrl\":\"https:\/\/noti-america.com\/site\/principal\/wp-content\/uploads\/sites\/26\/2026\/04\/Club-Los-Prados.jpeg\",\"datePublished\":\"2026-04-30T23:56:28+00:00\",\"author\":{\"@id\":\"https:\/\/noti-america.com\/site\/principal\/#\/schema\/person\/fd0092c1530d275fabaa5cffcbc2b976\"},\"breadcrumb\":{\"@id\":\"https:\/\/noti-america.com\/site\/principal\/2026\/04\/30\/club-los-prados-se-consolida-como-referente-de-union-familiar-a-traves-del-deporte\/#breadcrumb\"},\"inLanguage\":\"es\",\"potentialAction\":[{\"@type\":\"ReadAction\",\"target\":[\"https:\/\/noti-america.com\/site\/principal\/2026\/04\/30\/club-los-prados-se-consolida-como-referente-de-union-familiar-a-traves-del-deporte\/\"]}]},{\"@type\":\"ImageObject\",\"inLanguage\":\"es\",\"@id\":\"https:\/\/noti-america.com\/site\/principal\/2026\/04\/30\/club-los-prados-se-consolida-como-referente-de-union-familiar-a-traves-del-deporte\/#primaryimage\",\"url\":\"https:\/\/noti-america.com\/site\/principal\/wp-content\/uploads\/sites\/26\/2026\/04\/Club-Los-Prados.jpeg\",\"contentUrl\":\"https:\/\/noti-america.com\/site\/principal\/wp-content\/uploads\/sites\/26\/2026\/04\/Club-Los-Prados.jpeg\",\"width\":1600,\"height\":816},{\"@type\":\"BreadcrumbList\",\"@id\":\"https:\/\/noti-america.com\/site\/principal\/2026\/04\/30\/club-los-prados-se-consolida-como-referente-de-union-familiar-a-traves-del-deporte\/#breadcrumb\",\"itemListElement\":[{\"@type\":\"ListItem\",\"position\":1,\"name\":\"Portada\",\"item\":\"https:\/\/noti-america.com\/site\/principal\/\"},{\"@type\":\"ListItem\",\"position\":2,\"name\":\"Club Los Prados se consolida como referente de uni\u00f3n familiar a trav\u00e9s del deporte\"}]},{\"@type\":\"WebSite\",\"@id\":\"https:\/\/noti-america.com\/site\/principal\/#website\",\"url\":\"https:\/\/noti-america.com\/site\/principal\/\",\"name\":\"Noti-America.com\",\"description\":\"El Noticiero Digital M\u00e1s Grande de Am\u00e9rica\",\"potentialAction\":[{\"@type\":\"SearchAction\",\"target\":{\"@type\":\"EntryPoint\",\"urlTemplate\":\"https:\/\/noti-america.com\/site\/principal\/?s={search_term_string}\"},\"query-input\":{\"@type\":\"PropertyValueSpecification\",\"valueRequired\":true,\"valueName\":\"search_term_string\"}}],\"inLanguage\":\"es\"},{\"@type\":\"Person\",\"@id\":\"https:\/\/noti-america.com\/site\/principal\/#\/schema\/person\/fd0092c1530d275fabaa5cffcbc2b976\",\"name\":\"Ad\u00e1n Soriano\",\"image\":{\"@type\":\"ImageObject\",\"inLanguage\":\"es\",\"@id\":\"https:\/\/secure.gravatar.com\/avatar\/ecf97ff3aee7ff9efdae670d7e976f3e7e8acc1077e510d73707999a8bfd4467?s=96&d=mm&r=g\",\"url\":\"https:\/\/secure.gravatar.com\/avatar\/ecf97ff3aee7ff9efdae670d7e976f3e7e8acc1077e510d73707999a8bfd4467?s=96&d=mm&r=g\",\"contentUrl\":\"https:\/\/secure.gravatar.com\/avatar\/ecf97ff3aee7ff9efdae670d7e976f3e7e8acc1077e510d73707999a8bfd4467?s=96&d=mm&r=g\",\"caption\":\"Ad\u00e1n Soriano\"},\"description\":\"Soy cronista deportivo con 10 a\u00f1os de experiencia en varios espacios, y conduzco el podcast deportivo llamado Mezcla Deportiva\",\"sameAs\":[\"https:\/\/x.com\/adansoriano\"],\"url\":\"https:\/\/noti-america.com\/site\/principal\/author\/asoriano\/\"}]}<\/script>\n<!-- \/ Yoast SEO Premium plugin. -->","yoast_head_json":{"title":"Club Los Prados se consolida como referente de uni\u00f3n familiar a trav\u00e9s del deporte - Noti-America.com","robots":{"index":"index","follow":"follow","max-snippet":"max-snippet:-1","max-image-preview":"max-image-preview:large","max-video-preview":"max-video-preview:-1"},"canonical":"https:\/\/noti-america.com\/site\/principal\/2026\/04\/30\/club-los-prados-se-consolida-como-referente-de-union-familiar-a-traves-del-deporte\/","og_locale":"es_ES","og_type":"article","og_title":"Club Los Prados se consolida como referente de uni\u00f3n familiar a trav\u00e9s del deporte","og_description":"NOTI-AMERICA.COM |\u00a0REP\u00daBLICA DOMINICANA SANTO DOMINGO &#8211; El club Los Prados ha logrado un gran impulso en los \u00faltimos a\u00f1os a trav\u00e9s de las actividades deportivas en beneficio de sus socios y sin distinci\u00f3n de&#46;&#46;&#46;","og_url":"https:\/\/noti-america.com\/site\/principal\/2026\/04\/30\/club-los-prados-se-consolida-como-referente-de-union-familiar-a-traves-del-deporte\/","og_site_name":"Noti-America.com","article_published_time":"2026-04-30T23:56:28+00:00","og_image":[{"width":1600,"height":816,"url":"https:\/\/noti-america.com\/site\/principal\/wp-content\/uploads\/sites\/26\/2026\/04\/Club-Los-Prados.jpeg","type":"image\/jpeg"}],"author":"Ad\u00e1n Soriano","twitter_card":"summary_large_image","twitter_creator":"@adansoriano","twitter_misc":{"Escrito por":"Ad\u00e1n Soriano","Tiempo estimado de lectura":"2 minutos"},"schema":{"@context":"https:\/\/schema.org","@graph":[{"@type":"Article","@id":"https:\/\/noti-america.com\/site\/principal\/2026\/04\/30\/club-los-prados-se-consolida-como-referente-de-union-familiar-a-traves-del-deporte\/#article","isPartOf":{"@id":"https:\/\/noti-america.com\/site\/principal\/2026\/04\/30\/club-los-prados-se-consolida-como-referente-de-union-familiar-a-traves-del-deporte\/"},"author":{"name":"Ad\u00e1n Soriano","@id":"https:\/\/noti-america.com\/site\/principal\/#\/schema\/person\/fd0092c1530d275fabaa5cffcbc2b976"},"headline":"Club Los Prados se consolida como referente de uni\u00f3n familiar a trav\u00e9s del deporte","datePublished":"2026-04-30T23:56:28+00:00","mainEntityOfPage":{"@id":"https:\/\/noti-america.com\/site\/principal\/2026\/04\/30\/club-los-prados-se-consolida-como-referente-de-union-familiar-a-traves-del-deporte\/"},"wordCount":458,"image":{"@id":"https:\/\/noti-america.com\/site\/principal\/2026\/04\/30\/club-los-prados-se-consolida-como-referente-de-union-familiar-a-traves-del-deporte\/#primaryimage"},"thumbnailUrl":"https:\/\/noti-america.com\/site\/principal\/wp-content\/uploads\/sites\/26\/2026\/04\/Club-Los-Prados.jpeg","keywords":["Club Los Prados","Jorge Ram\u00edrez"],"articleSection":["Deportes"],"inLanguage":"es"},{"@type":"WebPage","@id":"https:\/\/noti-america.com\/site\/principal\/2026\/04\/30\/club-los-prados-se-consolida-como-referente-de-union-familiar-a-traves-del-deporte\/","url":"https:\/\/noti-america.com\/site\/principal\/2026\/04\/30\/club-los-prados-se-consolida-como-referente-de-union-familiar-a-traves-del-deporte\/","name":"Club Los Prados se consolida como referente de uni\u00f3n familiar a trav\u00e9s del deporte - Noti-America.com","isPartOf":{"@id":"https:\/\/noti-america.com\/site\/principal\/#website"},"primaryImageOfPage":{"@id":"https:\/\/noti-america.com\/site\/principal\/2026\/04\/30\/club-los-prados-se-consolida-como-referente-de-union-familiar-a-traves-del-deporte\/#primaryimage"},"image":{"@id":"https:\/\/noti-america.com\/site\/principal\/2026\/04\/30\/club-los-prados-se-consolida-como-referente-de-union-familiar-a-traves-del-deporte\/#primaryimage"},"thumbnailUrl":"https:\/\/noti-america.com\/site\/principal\/wp-content\/uploads\/sites\/26\/2026\/04\/Club-Los-Prados.jpeg","datePublished":"2026-04-30T23:56:28+00:00","author":{"@id":"https:\/\/noti-america.com\/site\/principal\/#\/schema\/person\/fd0092c1530d275fabaa5cffcbc2b976"},"breadcrumb":{"@id":"https:\/\/noti-america.com\/site\/principal\/2026\/04\/30\/club-los-prados-se-consolida-como-referente-de-union-familiar-a-traves-del-deporte\/#breadcrumb"},"inLanguage":"es","potentialAction":[{"@type":"ReadAction","target":["https:\/\/noti-america.com\/site\/principal\/2026\/04\/30\/club-los-prados-se-consolida-como-referente-de-union-familiar-a-traves-del-deporte\/"]}]},{"@type":"ImageObject","inLanguage":"es","@id":"https:\/\/noti-america.com\/site\/principal\/2026\/04\/30\/club-los-prados-se-consolida-como-referente-de-union-familiar-a-traves-del-deporte\/#primaryimage","url":"https:\/\/noti-america.com\/site\/principal\/wp-content\/uploads\/sites\/26\/2026\/04\/Club-Los-Prados.jpeg","contentUrl":"https:\/\/noti-america.com\/site\/principal\/wp-content\/uploads\/sites\/26\/2026\/04\/Club-Los-Prados.jpeg","width":1600,"height":816},{"@type":"BreadcrumbList","@id":"https:\/\/noti-america.com\/site\/principal\/2026\/04\/30\/club-los-prados-se-consolida-como-referente-de-union-familiar-a-traves-del-deporte\/#breadcrumb","itemListElement":[{"@type":"ListItem","position":1,"name":"Portada","item":"https:\/\/noti-america.com\/site\/principal\/"},{"@type":"ListItem","position":2,"name":"Club Los Prados se consolida como referente de uni\u00f3n familiar a trav\u00e9s del deporte"}]},{"@type":"WebSite","@id":"https:\/\/noti-america.com\/site\/principal\/#website","url":"https:\/\/noti-america.com\/site\/principal\/","name":"Noti-America.com","description":"El Noticiero Digital M\u00e1s Grande de Am\u00e9rica","potentialAction":[{"@type":"SearchAction","target":{"@type":"EntryPoint","urlTemplate":"https:\/\/noti-america.com\/site\/principal\/?s={search_term_string}"},"query-input":{"@type":"PropertyValueSpecification","valueRequired":true,"valueName":"search_term_string"}}],"inLanguage":"es"},{"@type":"Person","@id":"https:\/\/noti-america.com\/site\/principal\/#\/schema\/person\/fd0092c1530d275fabaa5cffcbc2b976","name":"Ad\u00e1n Soriano","image":{"@type":"ImageObject","inLanguage":"es","@id":"https:\/\/secure.gravatar.com\/avatar\/ecf97ff3aee7ff9efdae670d7e976f3e7e8acc1077e510d73707999a8bfd4467?s=96&d=mm&r=g","url":"https:\/\/secure.gravatar.com\/avatar\/ecf97ff3aee7ff9efdae670d7e976f3e7e8acc1077e510d73707999a8bfd4467?s=96&d=mm&r=g","contentUrl":"https:\/\/secure.gravatar.com\/avatar\/ecf97ff3aee7ff9efdae670d7e976f3e7e8acc1077e510d73707999a8bfd4467?s=96&d=mm&r=g","caption":"Ad\u00e1n Soriano"},"description":"Soy cronista deportivo con 10 a\u00f1os de experiencia en varios espacios, y conduzco el podcast deportivo llamado Mezcla Deportiva","sameAs":["https:\/\/x.com\/adansoriano"],"url":"https:\/\/noti-america.com\/site\/principal\/author\/asoriano\/"}]}},"_links":{"self":[{"href":"https:\/\/noti-america.com\/site\/principal\/wp-json\/wp\/v2\/posts\/87733","targetHints":{"allow":["GET"]}}],"collection":[{"href":"https:\/\/noti-america.com\/site\/principal\/wp-json\/wp\/v2\/posts"}],"about":[{"href":"https:\/\/noti-america.com\/site\/principal\/wp-json\/wp\/v2\/types\/post"}],"author":[{"embeddable":true,"href":"https:\/\/noti-america.com\/site\/principal\/wp-json\/wp\/v2\/users\/89"}],"replies":[{"embeddable":true,"href":"https:\/\/noti-america.com\/site\/principal\/wp-json\/wp\/v2\/comments?post=87733"}],"version-history":[{"count":1,"href":"https:\/\/noti-america.com\/site\/principal\/wp-json\/wp\/v2\/posts\/87733\/revisions"}],"predecessor-version":[{"id":87743,"href":"https:\/\/noti-america.com\/site\/principal\/wp-json\/wp\/v2\/posts\/87733\/revisions\/87743"}],"wp:featuredmedia":[{"embeddable":true,"href":"https:\/\/noti-america.com\/site\/principal\/wp-json\/wp\/v2\/media\/87734"}],"wp:attachment":[{"href":"https:\/\/noti-america.com\/site\/principal\/wp-json\/wp\/v2\/media?parent=87733"}],"wp:term":[{"taxonomy":"category","embeddable":true,"href":"https:\/\/noti-america.com\/site\/principal\/wp-json\/wp\/v2\/categories?post=87733"},{"taxonomy":"post_tag","embeddable":true,"href":"https:\/\/noti-america.com\/site\/principal\/wp-json\/wp\/v2\/tags?post=87733"}],"curies":[{"name":"wp","href":"https:\/\/api.w.org\/{rel}","templated":true}]}}