{"id":87706,"date":"2026-04-30T18:03:01","date_gmt":"2026-04-30T22:03:01","guid":{"rendered":"https:\/\/noti-america.com\/site\/principal\/?p=87706"},"modified":"2026-04-30T14:04:15","modified_gmt":"2026-04-30T18:04:15","slug":"gala-lirica-en-el-teatro-juarez-50-anos-de-el-sistema","status":"publish","type":"post","link":"https:\/\/noti-america.com\/site\/principal\/2026\/04\/30\/gala-lirica-en-el-teatro-juarez-50-anos-de-el-sistema\/","title":{"rendered":"Gala L\u00edrica en el Teatro Ju\u00e1rez: 50 A\u00f1os de El Sistema"},"content":{"rendered":"<p>&nbsp;<\/p>\n<h3>Venezuela | Noti-America.com<\/h3>\n<p>En las instalaciones del Conservatorio Vicente Emilio Sojo, este<\/p>\n<p>pasado mi\u00e9rcoles 29 de abril,<\/p>\n<p>las autoridades comunicaron a los medios de comunicaci\u00f3n , la pr\u00f3xima experiencia<\/p>\n<p>con figuras consagradas con el talento emergente de la regi\u00f3n.<\/p>\n<p>Este jueves 30 de abril, en el Teatro Ju\u00e1rez, se \u00a0presentara el evento cultural con la agenda<\/p>\n<p>del Viceconsulado de Italia y Espa\u00f1a, \u00a0la<\/p>\n<p>Gala L\u00edrica y la \u00f3pera en el estado Lara.<\/p>\n<p>Con la presencia de La \u00a0artista de la\u00a0Gala L\u00edrica, , la maestra Hadar<\/p>\n<p>Halevy, la \u00a0principal\u00a0invitada<\/p>\n<p>al majestuoso Teatro Ju\u00e1rez, tambi\u00e9n dijo que el pasado mes de enero<\/p>\n<p>dict\u00f3 la clase magistral de<\/p>\n<p>perfeccionamiento vocal en<\/p>\n<p>los salones del\u00a0conservatorio, dejando su aporte profesional a las nuevas<\/p>\n<p>Generaciones del sistema.<\/p>\n<p>El Maestro\u00a0Felipe Izcaray\u00a0con el \u00a0acompa\u00f1amiento de la\u00a0Orquesta Sinf\u00f3nica Regional de Lara, con el el repertorio<\/p>\n<p>franc\u00e9s e italiano, la gala se presentara en la noche, con piezas de la opera de<\/p>\n<p>la\u00a0C\u00e1tedra de Canto L\u00edrico del<\/p>\n<p>Sistema, con un alto nivel su ejecuci\u00f3n musical.<\/p>\n<p>La celebraci\u00f3n realizada para enaltecer los \u00a050 a\u00f1os de El Sistema del estado Lara.<\/p>\n<p>Entre<\/p>\n<p>los elegidos destaca el bar\u00edtono Nicol\u00e1s Torrez, licenciado en m\u00fasica y<\/p>\n<p>estudiante de la c\u00e1tedra de Canto L\u00edrico del profesor Angelo D\u2019Addona.<\/p>\n<p>&nbsp;<\/p>\n<p>&nbsp;<\/p>\n<p>Torrez, conocido por su potente interpretaci\u00f3n como \u201cEl Diablo\u201d en la Cantata<\/p>\n<p>Criolla, asumir\u00e1 en esta ocasi\u00f3n el reto de dar vida a Leporello, de la \u00f3pera<\/p>\n<p>Don Giovanni de Mozart, interpretando la famosa aria \u201cMadamina, il catalogo \u00e8<\/p>\n<p>questo\u201d.<\/p>\n<p>&nbsp;<\/p>\n<p>&nbsp;<\/p>\n<p>\u201cEs un regalo para Barquisimeto y la punta de lanza para que la \u00f3pera vuelva a<\/p>\n<p>ser protagonista en nuestro estado\u201d, afirm\u00f3 Torrez, quien compartir\u00e1 tarima con<\/p>\n<p>sus colegas Manuelita y Juliana, acompa\u00f1ados por la hist\u00f3rica Orquesta Mavare.<\/p>\n<p>&nbsp;<\/p>\n<p>&nbsp;<\/p>\n<p>Este evento marca el inicio de una ambiciosa ruta cultural que busca traer de<\/p>\n<p>vuelta grandes t\u00edtulos como La Traviata y Los Gavilanes a los escenarios<\/p>\n<p>larenses.<\/p>\n<p>&nbsp;<\/p>\n<p>El talento<\/p>\n<p>emergente, destaca la participaci\u00f3n del bar\u00edtono Nicol\u00e1s Torrez, quien interpretar\u00e1 el<\/p>\n<p>aria \u201cMadamina, il catalogo<\/p>\n<p>\u00e8 questo\u201d del Don<\/p>\n<p>Giovanni de Mozart.<\/p>\n<p>La alianza<\/p>\n<p>cultural del \u00a0evento cuenta con el respaldo del<\/p>\n<p>Viceconsulado de Italia y Espa\u00f1a, reafirmando el v\u00ednculo hist\u00f3rico de estas<\/p>\n<p>naciones con el arte l\u00edrico en la regi\u00f3n.<\/p>\n<p>Este evento regresa la Opera, y un \u00a0el punto de partida de una ruta cultural. Seg\u00fan los<\/p>\n<p>protagonistas, el objetivo es reactivar la puesta en escena de grandes t\u00edtulos<\/p>\n<p>como:<\/p>\n<ol>\n<li>La<\/li>\n<\/ol>\n<p>Traviata (Verdi).<\/p>\n<ol start=\"2\">\n<li>Los<\/li>\n<\/ol>\n<p>Gavilanes (Zarzuela).<\/p>\n<p>&nbsp;<\/p>\n<p>&nbsp;<\/p>\n<p>Protagonistas<\/p>\n<p>de la Noche Hadar Halevy ,Felipe Izcaray , Nicol\u00e1s Torrez Mezzosoprano<\/p>\n<p>invitada y mentora de la C\u00e1tedra de Canto y Orquesta mavare,que la \u00f3pera vuelva a ser protagonista en<\/p>\n<p>nuestro estado\u00bb, afirm\u00f3 Nicol\u00e1s Torrez, reflejando el sentir de una<\/p>\n<p>comunidad art\u00edstica que ve en este aniversario un renacer cultural.<\/p>\n<p>La acad\u00e9mica de la C\u00e1tedra de Canto L\u00edrico del profesor Angelo D\u2019Addona, musical de<\/p>\n<p>un referencia musical \u00a0en el pa\u00eds.<\/p>\n<p><a href=\"https:\/\/noti-america.com\/site\/principal\/wp-content\/uploads\/sites\/26\/2026\/04\/DSC_0058-scaled.jpg\"><img loading=\"lazy\" decoding=\"async\" class=\"alignleft size-medium wp-image-87707\" src=\"https:\/\/noti-america.com\/site\/venezuela\/wp-content\/uploads\/sites\/2\/2026\/04\/DSC_0058-199x300.jpg\" alt=\"\" width=\"199\" height=\"300\" \/><\/a> <a href=\"https:\/\/noti-america.com\/site\/principal\/wp-content\/uploads\/sites\/26\/2026\/04\/DSC_0053-scaled.jpg\"><img loading=\"lazy\" decoding=\"async\" class=\"alignleft size-medium wp-image-87709\" src=\"https:\/\/noti-america.com\/site\/venezuela\/wp-content\/uploads\/sites\/2\/2026\/04\/DSC_0053-300x199.jpg\" alt=\"\" width=\"300\" height=\"199\" \/><\/a> <a href=\"https:\/\/noti-america.com\/site\/principal\/wp-content\/uploads\/sites\/26\/2026\/04\/DSC_0078-scaled.jpg\"><img loading=\"lazy\" decoding=\"async\" class=\"alignleft size-medium wp-image-87711\" src=\"https:\/\/noti-america.com\/site\/venezuela\/wp-content\/uploads\/sites\/2\/2026\/04\/DSC_0078-300x199.jpg\" alt=\"\" width=\"300\" height=\"199\" \/><\/a> <a href=\"https:\/\/noti-america.com\/site\/principal\/wp-content\/uploads\/sites\/26\/2026\/04\/consevatorio-1.jpg\"><img loading=\"lazy\" decoding=\"async\" class=\"alignleft size-medium wp-image-87713\" src=\"https:\/\/noti-america.com\/site\/principal\/wp-content\/uploads\/sites\/26\/2026\/04\/consevatorio-1-225x300.jpg\" alt=\"\" width=\"225\" height=\"300\" srcset=\"https:\/\/noti-america.com\/site\/principal\/wp-content\/uploads\/sites\/26\/2026\/04\/consevatorio-1-225x300.jpg 225w, https:\/\/noti-america.com\/site\/principal\/wp-content\/uploads\/sites\/26\/2026\/04\/consevatorio-1-768x1024.jpg 768w, https:\/\/noti-america.com\/site\/principal\/wp-content\/uploads\/sites\/26\/2026\/04\/consevatorio-1-1152x1536.jpg 1152w, https:\/\/noti-america.com\/site\/principal\/wp-content\/uploads\/sites\/26\/2026\/04\/consevatorio-1-1536x2048.jpg 1536w, https:\/\/noti-america.com\/site\/principal\/wp-content\/uploads\/sites\/26\/2026\/04\/consevatorio-1.jpg 1872w\" sizes=\"auto, (max-width: 225px) 100vw, 225px\" \/><\/a> <a href=\"https:\/\/noti-america.com\/site\/principal\/wp-content\/uploads\/sites\/26\/2026\/04\/consevatorio-0-scaled.jpg\"><img loading=\"lazy\" decoding=\"async\" class=\"alignleft size-medium wp-image-87715\" src=\"https:\/\/noti-america.com\/site\/venezuela\/wp-content\/uploads\/sites\/2\/2026\/04\/consevatorio-0-225x300.jpg\" alt=\"\" width=\"225\" height=\"300\" \/><\/a> <a href=\"https:\/\/noti-america.com\/site\/principal\/wp-content\/uploads\/sites\/26\/2026\/04\/consevatorio-3-scaled.jpg\"><img loading=\"lazy\" decoding=\"async\" class=\"alignleft size-medium wp-image-87717\" src=\"https:\/\/noti-america.com\/site\/venezuela\/wp-content\/uploads\/sites\/2\/2026\/04\/consevatorio-3-225x300.jpg\" alt=\"\" width=\"225\" height=\"300\" \/><\/a> <a href=\"https:\/\/noti-america.com\/site\/principal\/wp-content\/uploads\/sites\/26\/2026\/04\/consevatorio-4-scaled.jpg\"><img loading=\"lazy\" decoding=\"async\" class=\"alignleft size-medium wp-image-87719\" src=\"https:\/\/noti-america.com\/site\/venezuela\/wp-content\/uploads\/sites\/2\/2026\/04\/consevatorio-4-225x300.jpg\" alt=\"\" width=\"225\" height=\"300\" \/><\/a> <a href=\"https:\/\/noti-america.com\/site\/principal\/wp-content\/uploads\/sites\/26\/2026\/04\/DSC_0032-scaled.jpg\"><img loading=\"lazy\" decoding=\"async\" class=\"alignleft size-medium wp-image-87721\" src=\"https:\/\/noti-america.com\/site\/venezuela\/wp-content\/uploads\/sites\/2\/2026\/04\/DSC_0032-199x300.jpg\" alt=\"\" width=\"199\" height=\"300\" \/><\/a><\/p>\n","protected":false},"excerpt":{"rendered":"<p>&nbsp; Venezuela | Noti-America.com En las instalaciones del Conservatorio Vicente Emilio Sojo, este pasado mi\u00e9rcoles 29 de abril, las autoridades comunicaron a los medios de comunicaci\u00f3n , la pr\u00f3xima experiencia con figuras consagradas con&#46;&#46;&#46;<\/p>\n","protected":false},"author":149,"featured_media":87723,"comment_status":"closed","ping_status":"open","sticky":false,"template":"","format":"standard","meta":{"_acf_changed":false,"rop_custom_images_group":[],"rop_custom_messages_group":[],"rop_publish_now":"no","rop_publish_now_accounts":[],"rop_publish_now_history":[],"rop_publish_now_status":"pending","footnotes":""},"categories":[663,8,100],"tags":[],"class_list":["post-87706","post","type-post","status-publish","format-standard","has-post-thumbnail","hentry","category-actualidad","category-arte-y-espectaculos","category-venezuela"],"acf":[],"yoast_head":"<!-- This site is optimized with the Yoast SEO Premium plugin v24.9 (Yoast SEO v27.2) - https:\/\/yoast.com\/product\/yoast-seo-premium-wordpress\/ -->\n<title>Gala L\u00edrica en el Teatro Ju\u00e1rez: 50 A\u00f1os de El Sistema - Noti-America.com<\/title>\n<meta name=\"robots\" content=\"index, follow, max-snippet:-1, max-image-preview:large, max-video-preview:-1\" \/>\n<link rel=\"canonical\" href=\"https:\/\/noti-america.com\/site\/principal\/2026\/04\/30\/gala-lirica-en-el-teatro-juarez-50-anos-de-el-sistema\/\" \/>\n<meta property=\"og:locale\" content=\"es_ES\" \/>\n<meta property=\"og:type\" content=\"article\" \/>\n<meta property=\"og:title\" content=\"Gala L\u00edrica en el Teatro Ju\u00e1rez: 50 A\u00f1os de El Sistema\" \/>\n<meta property=\"og:description\" content=\"&nbsp; Venezuela | Noti-America.com En las instalaciones del Conservatorio Vicente Emilio Sojo, este pasado mi\u00e9rcoles 29 de abril, las autoridades comunicaron a los medios de comunicaci\u00f3n , la pr\u00f3xima experiencia con figuras consagradas con&#046;&#046;&#046;\" \/>\n<meta property=\"og:url\" content=\"https:\/\/noti-america.com\/site\/principal\/2026\/04\/30\/gala-lirica-en-el-teatro-juarez-50-anos-de-el-sistema\/\" \/>\n<meta property=\"og:site_name\" content=\"Noti-America.com\" \/>\n<meta property=\"article:author\" content=\"HECTOR ANDRES SEGURA\" \/>\n<meta property=\"article:published_time\" content=\"2026-04-30T22:03:01+00:00\" \/>\n<meta property=\"og:image\" content=\"https:\/\/noti-america.com\/site\/principal\/wp-content\/uploads\/sites\/26\/2026\/04\/DSC_0061-scaled.jpg\" \/>\n\t<meta property=\"og:image:width\" content=\"2560\" \/>\n\t<meta property=\"og:image:height\" content=\"1700\" \/>\n\t<meta property=\"og:image:type\" content=\"image\/jpeg\" \/>\n<meta name=\"author\" content=\"Hector Andres Segura\" \/>\n<meta name=\"twitter:card\" content=\"summary_large_image\" \/>\n<meta name=\"twitter:label1\" content=\"Escrito por\" \/>\n\t<meta name=\"twitter:data1\" content=\"Hector Andres Segura\" \/>\n\t<meta name=\"twitter:label2\" content=\"Tiempo estimado de lectura\" \/>\n\t<meta name=\"twitter:data2\" content=\"3 minutos\" \/>\n<script type=\"application\/ld+json\" class=\"yoast-schema-graph\">{\"@context\":\"https:\/\/schema.org\",\"@graph\":[{\"@type\":\"Article\",\"@id\":\"https:\/\/noti-america.com\/site\/principal\/2026\/04\/30\/gala-lirica-en-el-teatro-juarez-50-anos-de-el-sistema\/#article\",\"isPartOf\":{\"@id\":\"https:\/\/noti-america.com\/site\/principal\/2026\/04\/30\/gala-lirica-en-el-teatro-juarez-50-anos-de-el-sistema\/\"},\"author\":{\"name\":\"Hector Andres Segura\",\"@id\":\"https:\/\/noti-america.com\/site\/principal\/#\/schema\/person\/33b90fbb24f6e2bd743cfe736c6aede7\"},\"headline\":\"Gala L\u00edrica en el Teatro Ju\u00e1rez: 50 A\u00f1os de El Sistema\",\"datePublished\":\"2026-04-30T22:03:01+00:00\",\"mainEntityOfPage\":{\"@id\":\"https:\/\/noti-america.com\/site\/principal\/2026\/04\/30\/gala-lirica-en-el-teatro-juarez-50-anos-de-el-sistema\/\"},\"wordCount\":537,\"image\":{\"@id\":\"https:\/\/noti-america.com\/site\/principal\/2026\/04\/30\/gala-lirica-en-el-teatro-juarez-50-anos-de-el-sistema\/#primaryimage\"},\"thumbnailUrl\":\"https:\/\/noti-america.com\/site\/principal\/wp-content\/uploads\/sites\/26\/2026\/04\/DSC_0061-scaled.jpg\",\"articleSection\":[\"Actualidad\",\"Arte y Espect\u00e1culos\",\"Venezuela\"],\"inLanguage\":\"es\"},{\"@type\":\"WebPage\",\"@id\":\"https:\/\/noti-america.com\/site\/principal\/2026\/04\/30\/gala-lirica-en-el-teatro-juarez-50-anos-de-el-sistema\/\",\"url\":\"https:\/\/noti-america.com\/site\/principal\/2026\/04\/30\/gala-lirica-en-el-teatro-juarez-50-anos-de-el-sistema\/\",\"name\":\"Gala L\u00edrica en el Teatro Ju\u00e1rez: 50 A\u00f1os de El Sistema - Noti-America.com\",\"isPartOf\":{\"@id\":\"https:\/\/noti-america.com\/site\/principal\/#website\"},\"primaryImageOfPage\":{\"@id\":\"https:\/\/noti-america.com\/site\/principal\/2026\/04\/30\/gala-lirica-en-el-teatro-juarez-50-anos-de-el-sistema\/#primaryimage\"},\"image\":{\"@id\":\"https:\/\/noti-america.com\/site\/principal\/2026\/04\/30\/gala-lirica-en-el-teatro-juarez-50-anos-de-el-sistema\/#primaryimage\"},\"thumbnailUrl\":\"https:\/\/noti-america.com\/site\/principal\/wp-content\/uploads\/sites\/26\/2026\/04\/DSC_0061-scaled.jpg\",\"datePublished\":\"2026-04-30T22:03:01+00:00\",\"author\":{\"@id\":\"https:\/\/noti-america.com\/site\/principal\/#\/schema\/person\/33b90fbb24f6e2bd743cfe736c6aede7\"},\"breadcrumb\":{\"@id\":\"https:\/\/noti-america.com\/site\/principal\/2026\/04\/30\/gala-lirica-en-el-teatro-juarez-50-anos-de-el-sistema\/#breadcrumb\"},\"inLanguage\":\"es\",\"potentialAction\":[{\"@type\":\"ReadAction\",\"target\":[\"https:\/\/noti-america.com\/site\/principal\/2026\/04\/30\/gala-lirica-en-el-teatro-juarez-50-anos-de-el-sistema\/\"]}]},{\"@type\":\"ImageObject\",\"inLanguage\":\"es\",\"@id\":\"https:\/\/noti-america.com\/site\/principal\/2026\/04\/30\/gala-lirica-en-el-teatro-juarez-50-anos-de-el-sistema\/#primaryimage\",\"url\":\"https:\/\/noti-america.com\/site\/principal\/wp-content\/uploads\/sites\/26\/2026\/04\/DSC_0061-scaled.jpg\",\"contentUrl\":\"https:\/\/noti-america.com\/site\/principal\/wp-content\/uploads\/sites\/26\/2026\/04\/DSC_0061-scaled.jpg\",\"width\":2560,\"height\":1700,\"caption\":\"Protagonistas de la Noche Hadar Halevy ,Felipe Izcaray , Nicol\u00e1s Torrez Mezzosoprano invitada y mentora de la C\u00e1tedra de Canto y Orquesta mavare,que la \u00f3pera vuelva a ser protagonista en nuestro estado\\\"\"},{\"@type\":\"BreadcrumbList\",\"@id\":\"https:\/\/noti-america.com\/site\/principal\/2026\/04\/30\/gala-lirica-en-el-teatro-juarez-50-anos-de-el-sistema\/#breadcrumb\",\"itemListElement\":[{\"@type\":\"ListItem\",\"position\":1,\"name\":\"Portada\",\"item\":\"https:\/\/noti-america.com\/site\/principal\/\"},{\"@type\":\"ListItem\",\"position\":2,\"name\":\"Gala L\u00edrica en el Teatro Ju\u00e1rez: 50 A\u00f1os de El Sistema\"}]},{\"@type\":\"WebSite\",\"@id\":\"https:\/\/noti-america.com\/site\/principal\/#website\",\"url\":\"https:\/\/noti-america.com\/site\/principal\/\",\"name\":\"Noti-America.com\",\"description\":\"El Noticiero Digital M\u00e1s Grande de Am\u00e9rica\",\"potentialAction\":[{\"@type\":\"SearchAction\",\"target\":{\"@type\":\"EntryPoint\",\"urlTemplate\":\"https:\/\/noti-america.com\/site\/principal\/?s={search_term_string}\"},\"query-input\":{\"@type\":\"PropertyValueSpecification\",\"valueRequired\":true,\"valueName\":\"search_term_string\"}}],\"inLanguage\":\"es\"},{\"@type\":\"Person\",\"@id\":\"https:\/\/noti-america.com\/site\/principal\/#\/schema\/person\/33b90fbb24f6e2bd743cfe736c6aede7\",\"name\":\"Hector Andres Segura\",\"image\":{\"@type\":\"ImageObject\",\"inLanguage\":\"es\",\"@id\":\"https:\/\/secure.gravatar.com\/avatar\/efa9fb89aaa182209112640c6904a8ef6b53b9742b239418b837e479a728758a?s=96&d=mm&r=g\",\"url\":\"https:\/\/secure.gravatar.com\/avatar\/efa9fb89aaa182209112640c6904a8ef6b53b9742b239418b837e479a728758a?s=96&d=mm&r=g\",\"contentUrl\":\"https:\/\/secure.gravatar.com\/avatar\/efa9fb89aaa182209112640c6904a8ef6b53b9742b239418b837e479a728758a?s=96&d=mm&r=g\",\"caption\":\"Hector Andres Segura\"},\"description\":\"H\u00e9ctor Andr\u00e9s Segura @segurita05 CRGV\/1134. FIP\/VE575. SNTP\/5003 Secretario General @crgv_lara_oficial Reportero Gr\u00e1fico CRGV-LARA Fotoperiodismo R\u00e9cit d\u00e9 vie, relato o retrato de vida IKIGAI @segurita05 \u30d8\u30af\u30c8\u30eb\u30fb\u30a2\u30f3\u30c9\u30ec\u30b9\u30fb\u30bb\u30b0\u30e9Hekutoru Ando resu segura\\\"\",\"sameAs\":[\"HECTOR ANDRES SEGURA\",\"@segurita05\",\"Hector Andres Segura\",\"@ImagenSeguritaNews05\"],\"honorificPrefix\":\"507\",\"honorificSuffix\":\"6793\",\"url\":\"https:\/\/noti-america.com\/site\/principal\/author\/hsegura\/\"}]}<\/script>\n<!-- \/ Yoast SEO Premium plugin. -->","yoast_head_json":{"title":"Gala L\u00edrica en el Teatro Ju\u00e1rez: 50 A\u00f1os de El Sistema - Noti-America.com","robots":{"index":"index","follow":"follow","max-snippet":"max-snippet:-1","max-image-preview":"max-image-preview:large","max-video-preview":"max-video-preview:-1"},"canonical":"https:\/\/noti-america.com\/site\/principal\/2026\/04\/30\/gala-lirica-en-el-teatro-juarez-50-anos-de-el-sistema\/","og_locale":"es_ES","og_type":"article","og_title":"Gala L\u00edrica en el Teatro Ju\u00e1rez: 50 A\u00f1os de El Sistema","og_description":"&nbsp; Venezuela | Noti-America.com En las instalaciones del Conservatorio Vicente Emilio Sojo, este pasado mi\u00e9rcoles 29 de abril, las autoridades comunicaron a los medios de comunicaci\u00f3n , la pr\u00f3xima experiencia con figuras consagradas con&#46;&#46;&#46;","og_url":"https:\/\/noti-america.com\/site\/principal\/2026\/04\/30\/gala-lirica-en-el-teatro-juarez-50-anos-de-el-sistema\/","og_site_name":"Noti-America.com","article_author":"HECTOR ANDRES SEGURA","article_published_time":"2026-04-30T22:03:01+00:00","og_image":[{"width":2560,"height":1700,"url":"https:\/\/noti-america.com\/site\/principal\/wp-content\/uploads\/sites\/26\/2026\/04\/DSC_0061-scaled.jpg","type":"image\/jpeg"}],"author":"Hector Andres Segura","twitter_card":"summary_large_image","twitter_misc":{"Escrito por":"Hector Andres Segura","Tiempo estimado de lectura":"3 minutos"},"schema":{"@context":"https:\/\/schema.org","@graph":[{"@type":"Article","@id":"https:\/\/noti-america.com\/site\/principal\/2026\/04\/30\/gala-lirica-en-el-teatro-juarez-50-anos-de-el-sistema\/#article","isPartOf":{"@id":"https:\/\/noti-america.com\/site\/principal\/2026\/04\/30\/gala-lirica-en-el-teatro-juarez-50-anos-de-el-sistema\/"},"author":{"name":"Hector Andres Segura","@id":"https:\/\/noti-america.com\/site\/principal\/#\/schema\/person\/33b90fbb24f6e2bd743cfe736c6aede7"},"headline":"Gala L\u00edrica en el Teatro Ju\u00e1rez: 50 A\u00f1os de El Sistema","datePublished":"2026-04-30T22:03:01+00:00","mainEntityOfPage":{"@id":"https:\/\/noti-america.com\/site\/principal\/2026\/04\/30\/gala-lirica-en-el-teatro-juarez-50-anos-de-el-sistema\/"},"wordCount":537,"image":{"@id":"https:\/\/noti-america.com\/site\/principal\/2026\/04\/30\/gala-lirica-en-el-teatro-juarez-50-anos-de-el-sistema\/#primaryimage"},"thumbnailUrl":"https:\/\/noti-america.com\/site\/principal\/wp-content\/uploads\/sites\/26\/2026\/04\/DSC_0061-scaled.jpg","articleSection":["Actualidad","Arte y Espect\u00e1culos","Venezuela"],"inLanguage":"es"},{"@type":"WebPage","@id":"https:\/\/noti-america.com\/site\/principal\/2026\/04\/30\/gala-lirica-en-el-teatro-juarez-50-anos-de-el-sistema\/","url":"https:\/\/noti-america.com\/site\/principal\/2026\/04\/30\/gala-lirica-en-el-teatro-juarez-50-anos-de-el-sistema\/","name":"Gala L\u00edrica en el Teatro Ju\u00e1rez: 50 A\u00f1os de El Sistema - Noti-America.com","isPartOf":{"@id":"https:\/\/noti-america.com\/site\/principal\/#website"},"primaryImageOfPage":{"@id":"https:\/\/noti-america.com\/site\/principal\/2026\/04\/30\/gala-lirica-en-el-teatro-juarez-50-anos-de-el-sistema\/#primaryimage"},"image":{"@id":"https:\/\/noti-america.com\/site\/principal\/2026\/04\/30\/gala-lirica-en-el-teatro-juarez-50-anos-de-el-sistema\/#primaryimage"},"thumbnailUrl":"https:\/\/noti-america.com\/site\/principal\/wp-content\/uploads\/sites\/26\/2026\/04\/DSC_0061-scaled.jpg","datePublished":"2026-04-30T22:03:01+00:00","author":{"@id":"https:\/\/noti-america.com\/site\/principal\/#\/schema\/person\/33b90fbb24f6e2bd743cfe736c6aede7"},"breadcrumb":{"@id":"https:\/\/noti-america.com\/site\/principal\/2026\/04\/30\/gala-lirica-en-el-teatro-juarez-50-anos-de-el-sistema\/#breadcrumb"},"inLanguage":"es","potentialAction":[{"@type":"ReadAction","target":["https:\/\/noti-america.com\/site\/principal\/2026\/04\/30\/gala-lirica-en-el-teatro-juarez-50-anos-de-el-sistema\/"]}]},{"@type":"ImageObject","inLanguage":"es","@id":"https:\/\/noti-america.com\/site\/principal\/2026\/04\/30\/gala-lirica-en-el-teatro-juarez-50-anos-de-el-sistema\/#primaryimage","url":"https:\/\/noti-america.com\/site\/principal\/wp-content\/uploads\/sites\/26\/2026\/04\/DSC_0061-scaled.jpg","contentUrl":"https:\/\/noti-america.com\/site\/principal\/wp-content\/uploads\/sites\/26\/2026\/04\/DSC_0061-scaled.jpg","width":2560,"height":1700,"caption":"Protagonistas de la Noche Hadar Halevy ,Felipe Izcaray , Nicol\u00e1s Torrez Mezzosoprano invitada y mentora de la C\u00e1tedra de Canto y Orquesta mavare,que la \u00f3pera vuelva a ser protagonista en nuestro estado\""},{"@type":"BreadcrumbList","@id":"https:\/\/noti-america.com\/site\/principal\/2026\/04\/30\/gala-lirica-en-el-teatro-juarez-50-anos-de-el-sistema\/#breadcrumb","itemListElement":[{"@type":"ListItem","position":1,"name":"Portada","item":"https:\/\/noti-america.com\/site\/principal\/"},{"@type":"ListItem","position":2,"name":"Gala L\u00edrica en el Teatro Ju\u00e1rez: 50 A\u00f1os de El Sistema"}]},{"@type":"WebSite","@id":"https:\/\/noti-america.com\/site\/principal\/#website","url":"https:\/\/noti-america.com\/site\/principal\/","name":"Noti-America.com","description":"El Noticiero Digital M\u00e1s Grande de Am\u00e9rica","potentialAction":[{"@type":"SearchAction","target":{"@type":"EntryPoint","urlTemplate":"https:\/\/noti-america.com\/site\/principal\/?s={search_term_string}"},"query-input":{"@type":"PropertyValueSpecification","valueRequired":true,"valueName":"search_term_string"}}],"inLanguage":"es"},{"@type":"Person","@id":"https:\/\/noti-america.com\/site\/principal\/#\/schema\/person\/33b90fbb24f6e2bd743cfe736c6aede7","name":"Hector Andres Segura","image":{"@type":"ImageObject","inLanguage":"es","@id":"https:\/\/secure.gravatar.com\/avatar\/efa9fb89aaa182209112640c6904a8ef6b53b9742b239418b837e479a728758a?s=96&d=mm&r=g","url":"https:\/\/secure.gravatar.com\/avatar\/efa9fb89aaa182209112640c6904a8ef6b53b9742b239418b837e479a728758a?s=96&d=mm&r=g","contentUrl":"https:\/\/secure.gravatar.com\/avatar\/efa9fb89aaa182209112640c6904a8ef6b53b9742b239418b837e479a728758a?s=96&d=mm&r=g","caption":"Hector Andres Segura"},"description":"H\u00e9ctor Andr\u00e9s Segura @segurita05 CRGV\/1134. FIP\/VE575. SNTP\/5003 Secretario General @crgv_lara_oficial Reportero Gr\u00e1fico CRGV-LARA Fotoperiodismo R\u00e9cit d\u00e9 vie, relato o retrato de vida IKIGAI @segurita05 \u30d8\u30af\u30c8\u30eb\u30fb\u30a2\u30f3\u30c9\u30ec\u30b9\u30fb\u30bb\u30b0\u30e9Hekutoru Ando resu segura\"","sameAs":["HECTOR ANDRES SEGURA","@segurita05","Hector Andres Segura","@ImagenSeguritaNews05"],"honorificPrefix":"507","honorificSuffix":"6793","url":"https:\/\/noti-america.com\/site\/principal\/author\/hsegura\/"}]}},"_links":{"self":[{"href":"https:\/\/noti-america.com\/site\/principal\/wp-json\/wp\/v2\/posts\/87706","targetHints":{"allow":["GET"]}}],"collection":[{"href":"https:\/\/noti-america.com\/site\/principal\/wp-json\/wp\/v2\/posts"}],"about":[{"href":"https:\/\/noti-america.com\/site\/principal\/wp-json\/wp\/v2\/types\/post"}],"author":[{"embeddable":true,"href":"https:\/\/noti-america.com\/site\/principal\/wp-json\/wp\/v2\/users\/149"}],"replies":[{"embeddable":true,"href":"https:\/\/noti-america.com\/site\/principal\/wp-json\/wp\/v2\/comments?post=87706"}],"version-history":[{"count":5,"href":"https:\/\/noti-america.com\/site\/principal\/wp-json\/wp\/v2\/posts\/87706\/revisions"}],"predecessor-version":[{"id":87722,"href":"https:\/\/noti-america.com\/site\/principal\/wp-json\/wp\/v2\/posts\/87706\/revisions\/87722"}],"wp:featuredmedia":[{"embeddable":true,"href":"https:\/\/noti-america.com\/site\/principal\/wp-json\/wp\/v2\/media\/87723"}],"wp:attachment":[{"href":"https:\/\/noti-america.com\/site\/principal\/wp-json\/wp\/v2\/media?parent=87706"}],"wp:term":[{"taxonomy":"category","embeddable":true,"href":"https:\/\/noti-america.com\/site\/principal\/wp-json\/wp\/v2\/categories?post=87706"},{"taxonomy":"post_tag","embeddable":true,"href":"https:\/\/noti-america.com\/site\/principal\/wp-json\/wp\/v2\/tags?post=87706"}],"curies":[{"name":"wp","href":"https:\/\/api.w.org\/{rel}","templated":true}]}}