{"id":87700,"date":"2026-04-30T17:08:39","date_gmt":"2026-04-30T21:08:39","guid":{"rendered":"https:\/\/noti-america.com\/site\/principal\/?p=87700"},"modified":"2026-04-30T17:08:39","modified_gmt":"2026-04-30T21:08:39","slug":"asi-es-el-trailer-de-house-of-the-dragon-3-el-regreso-de-los-dragones-ya-tiene-fecha-de-estreno","status":"publish","type":"post","link":"https:\/\/noti-america.com\/site\/principal\/2026\/04\/30\/asi-es-el-trailer-de-house-of-the-dragon-3-el-regreso-de-los-dragones-ya-tiene-fecha-de-estreno\/","title":{"rendered":"As\u00ed es el tr\u00e1iler de House of the Dragon 3: el regreso de los dragones ya tiene fecha de estreno"},"content":{"rendered":"<p>NOTI-AMERICA.COM | ESPA\u00d1A<\/p>\n<p style=\"text-align: justify\">HBO Max ha publicado el tr\u00e1iler oficial de la tercera temporada de La Casa del Drag\u00f3n, que da continuidad a la Danza de los Dragones en su momento de mayor tensi\u00f3n narrativa. Se trata de uno de los anuncios m\u00e1s esperados por los seguidores del universo de Juego de Tronos, una de las principales franquicias de la plataforma de streaming.<\/p>\n<p style=\"text-align: justify\">El estreno est\u00e1 previsto para el 21 de junio de 2026, en lo que la plataforma anticipa como uno de los grandes lanzamientos televisivos del a\u00f1o. La serie, precuela de Juego de Tronos, est\u00e1 ambientada aproximadamente 200 a\u00f1os antes de los acontecimientos de la ficci\u00f3n original y se centra en la historia de la Casa Targaryen.<\/p>\n<p style=\"text-align: justify\">El avance refuerza el tono de guerra abierta en Poniente, con una frase que condensa el clima pol\u00edtico de la temporada. \u201cNo habr\u00e1 dudas sobre qui\u00e9n fue elegido por los dioses para gobernar\u201d. La narrativa retoma el avance de Rhaenyra Targaryen y los Negros hacia Desembarco del Rey, en su prop\u00f3sito de reforzar su derecho al Trono de Hierro.<\/p>\n<p style=\"text-align: justify\">Una de las principales novedades del tr\u00e1iler es el foco en las tensiones internas del bando de los Verdes. Tras los acontecimientos de la temporada anterior, el rey Aegon II aparece en proceso de recuperaci\u00f3n, pero con una postura cada vez m\u00e1s radical frente a su entorno. Su enfrentamiento con Aemond introduce un conflicto fratricida que no est\u00e1 presente en la obra Fuego y Sangre, lo que supone una de las licencias narrativas m\u00e1s relevantes de esta adaptaci\u00f3n y a\u00f1ade una dimensi\u00f3n pol\u00edtica y emocional m\u00e1s compleja dentro del bando.<\/p>\n<p style=\"text-align: justify\">Una de las principales novedades del tr\u00e1iler es el foco en las tensiones internas del bando de los Verdes. Tras los acontecimientos de la temporada anterior, el rey Aegon II aparece en proceso de recuperaci\u00f3n, pero con una postura cada vez m\u00e1s radical frente a su entorno. Su enfrentamiento con Aemond introduce un conflicto fratricida que no est\u00e1 presente en la obra Fuego y Sangre, lo que supone una de las licencias narrativas m\u00e1s relevantes de esta adaptaci\u00f3n y a\u00f1ade una dimensi\u00f3n pol\u00edtica y emocional m\u00e1s compleja dentro del bando.<\/p>\n<p style=\"text-align: justify\">La producci\u00f3n, liderada por Ryan Condal, ha sido descrita como la m\u00e1s ambiciosa hasta el momento en t\u00e9rminos de escala y despliegue visual. El tr\u00e1iler anticipa una expansi\u00f3n significativa del conflicto, en el que los dragones vuelven a ocupar un papel central como armas estrat\u00e9gicas determinantes. La guerra se traslada a m\u00faltiples frentes, tanto terrestres como mar\u00edtimos y a\u00e9reos, elevando el nivel de destrucci\u00f3n y el alcance del enfrentamiento entre las dos facciones Targaryen.<\/p>\n<div style=\"text-align: justify\">Entre los momentos m\u00e1s importantes que se perfilan en esta temporada destaca la Batalla del Gaznate, un enfrentamiento naval de gran importancia estrat\u00e9gica para el control de Poniente. Tambi\u00e9n cobra relevancia la aparici\u00f3n de los llamados Dragonseeds, personajes de origen humilde pero con ascendencia Targaryen que ser\u00e1n reclutados como nuevos jinetes de drag\u00f3n, reforzando el ej\u00e9rcito de Rhaenyra en un punto cr\u00edtico de la guerra. A esto se suman combates a\u00e9reos de gran escala entre dragones como Caraxes, Syrax y Vhagar, que elevar\u00e1n el nivel de espectacularidad de la serie.<\/div>\n<div style=\"text-align: justify\"><\/div>\n<div style=\"text-align: justify\">El reparto principal regresa en esta entrega, con Emma D\u2019Arcy, Matt Smith y Olivia Cooke retomando sus respectivos papeles. La temporada contar\u00e1 con ocho episodios, que se emitir\u00e1n de forma semanal desde el domingo 21 de junio a las 21:00 horas, hasta su desenlace previsto el 10 de agosto de 2026. A ellos se suma James Norton, quien interpretar\u00e1 a Ormund Hightower, una figura en la estructura militar del bando Verde en el sur del reino. La serie est\u00e1 basada en la obra Fuego y Sangre de George R. R. Martin y contin\u00faa desarrollando la historia de la Casa Targaryen.<\/div>\n<div style=\"text-align: justify\"><\/div>\n<div style=\"text-align: justify\">La temporada contar\u00e1 con ocho episodios emitidos de forma semanal desde el 21 de junio hasta el 10 de agosto de 2026. HBO ha confirmado adem\u00e1s que esta tercera entrega forma parte del tramo final de la historia, ya que la serie concluir\u00e1 en su cuarta temporada, concebida como el cierre definitivo de la adaptaci\u00f3n de la Danza de los Dragones basada en la obra de George R. R. Martin.<\/div>\n","protected":false},"excerpt":{"rendered":"<p>NOTI-AMERICA.COM | ESPA\u00d1A HBO Max ha publicado el tr\u00e1iler oficial de la tercera temporada de La Casa del Drag\u00f3n, que da continuidad a la Danza de los Dragones en su momento de mayor tensi\u00f3n&#46;&#46;&#46;<\/p>\n","protected":false},"author":133,"featured_media":87701,"comment_status":"","ping_status":"open","sticky":false,"template":"","format":"image","meta":{"_acf_changed":false,"rop_custom_images_group":[],"rop_custom_messages_group":[],"rop_publish_now":"no","rop_publish_now_accounts":[],"rop_publish_now_history":[],"rop_publish_now_status":"pending","footnotes":""},"categories":[886],"tags":[],"class_list":["post-87700","post","type-post","status-publish","format-image","has-post-thumbnail","hentry","category-acturalidad","post_format-post-format-image"],"acf":[],"yoast_head":"<!-- This site is optimized with the Yoast SEO Premium plugin v24.9 (Yoast SEO v27.2) - https:\/\/yoast.com\/product\/yoast-seo-premium-wordpress\/ -->\n<title>As\u00ed es el tr\u00e1iler de House of the Dragon 3: el regreso de los dragones ya tiene fecha de estreno - Noti-America.com<\/title>\n<meta name=\"robots\" content=\"index, follow, max-snippet:-1, max-image-preview:large, max-video-preview:-1\" \/>\n<link rel=\"canonical\" href=\"https:\/\/noti-america.com\/site\/principal\/2026\/04\/30\/asi-es-el-trailer-de-house-of-the-dragon-3-el-regreso-de-los-dragones-ya-tiene-fecha-de-estreno\/\" \/>\n<meta property=\"og:locale\" content=\"es_ES\" \/>\n<meta property=\"og:type\" content=\"article\" \/>\n<meta property=\"og:title\" content=\"As\u00ed es el tr\u00e1iler de House of the Dragon 3: el regreso de los dragones ya tiene fecha de estreno\" \/>\n<meta property=\"og:description\" content=\"NOTI-AMERICA.COM | ESPA\u00d1A HBO Max ha publicado el tr\u00e1iler oficial de la tercera temporada de La Casa del Drag\u00f3n, que da continuidad a la Danza de los Dragones en su momento de mayor tensi\u00f3n&#046;&#046;&#046;\" \/>\n<meta property=\"og:url\" content=\"https:\/\/noti-america.com\/site\/principal\/2026\/04\/30\/asi-es-el-trailer-de-house-of-the-dragon-3-el-regreso-de-los-dragones-ya-tiene-fecha-de-estreno\/\" \/>\n<meta property=\"og:site_name\" content=\"Noti-America.com\" \/>\n<meta property=\"article:author\" content=\"Mar\u00eda Valentina Noguera\" \/>\n<meta property=\"article:published_time\" content=\"2026-04-30T21:08:39+00:00\" \/>\n<meta property=\"og:image\" content=\"https:\/\/noti-america.com\/site\/principal\/wp-content\/uploads\/sites\/26\/2026\/04\/Screenshot_30-4-2026_1386_st1.uvnimg.com_.jpeg\" \/>\n\t<meta property=\"og:image:width\" content=\"1349\" \/>\n\t<meta property=\"og:image:height\" content=\"626\" \/>\n\t<meta property=\"og:image:type\" content=\"image\/jpeg\" \/>\n<meta name=\"author\" content=\"Maria Valentina Noguera Medina\" \/>\n<meta name=\"twitter:card\" content=\"summary_large_image\" \/>\n<meta name=\"twitter:label1\" content=\"Escrito por\" \/>\n\t<meta name=\"twitter:data1\" content=\"Maria Valentina Noguera Medina\" \/>\n\t<meta name=\"twitter:label2\" content=\"Tiempo estimado de lectura\" \/>\n\t<meta name=\"twitter:data2\" content=\"4 minutos\" \/>\n<script type=\"application\/ld+json\" class=\"yoast-schema-graph\">{\"@context\":\"https:\/\/schema.org\",\"@graph\":[{\"@type\":\"Article\",\"@id\":\"https:\/\/noti-america.com\/site\/principal\/2026\/04\/30\/asi-es-el-trailer-de-house-of-the-dragon-3-el-regreso-de-los-dragones-ya-tiene-fecha-de-estreno\/#article\",\"isPartOf\":{\"@id\":\"https:\/\/noti-america.com\/site\/principal\/2026\/04\/30\/asi-es-el-trailer-de-house-of-the-dragon-3-el-regreso-de-los-dragones-ya-tiene-fecha-de-estreno\/\"},\"author\":{\"name\":\"Maria Valentina Noguera Medina\",\"@id\":\"https:\/\/noti-america.com\/site\/principal\/#\/schema\/person\/22806efcc2cfc4b45efb0e17be210ea8\"},\"headline\":\"As\u00ed es el tr\u00e1iler de House of the Dragon 3: el regreso de los dragones ya tiene fecha de estreno\",\"datePublished\":\"2026-04-30T21:08:39+00:00\",\"mainEntityOfPage\":{\"@id\":\"https:\/\/noti-america.com\/site\/principal\/2026\/04\/30\/asi-es-el-trailer-de-house-of-the-dragon-3-el-regreso-de-los-dragones-ya-tiene-fecha-de-estreno\/\"},\"wordCount\":756,\"image\":{\"@id\":\"https:\/\/noti-america.com\/site\/principal\/2026\/04\/30\/asi-es-el-trailer-de-house-of-the-dragon-3-el-regreso-de-los-dragones-ya-tiene-fecha-de-estreno\/#primaryimage\"},\"thumbnailUrl\":\"https:\/\/noti-america.com\/site\/principal\/wp-content\/uploads\/sites\/26\/2026\/04\/Screenshot_30-4-2026_1386_st1.uvnimg.com_.jpeg\",\"articleSection\":[\"Actualidad\"],\"inLanguage\":\"es\"},{\"@type\":\"WebPage\",\"@id\":\"https:\/\/noti-america.com\/site\/principal\/2026\/04\/30\/asi-es-el-trailer-de-house-of-the-dragon-3-el-regreso-de-los-dragones-ya-tiene-fecha-de-estreno\/\",\"url\":\"https:\/\/noti-america.com\/site\/principal\/2026\/04\/30\/asi-es-el-trailer-de-house-of-the-dragon-3-el-regreso-de-los-dragones-ya-tiene-fecha-de-estreno\/\",\"name\":\"As\u00ed es el tr\u00e1iler de House of the Dragon 3: el regreso de los dragones ya tiene fecha de estreno - Noti-America.com\",\"isPartOf\":{\"@id\":\"https:\/\/noti-america.com\/site\/principal\/#website\"},\"primaryImageOfPage\":{\"@id\":\"https:\/\/noti-america.com\/site\/principal\/2026\/04\/30\/asi-es-el-trailer-de-house-of-the-dragon-3-el-regreso-de-los-dragones-ya-tiene-fecha-de-estreno\/#primaryimage\"},\"image\":{\"@id\":\"https:\/\/noti-america.com\/site\/principal\/2026\/04\/30\/asi-es-el-trailer-de-house-of-the-dragon-3-el-regreso-de-los-dragones-ya-tiene-fecha-de-estreno\/#primaryimage\"},\"thumbnailUrl\":\"https:\/\/noti-america.com\/site\/principal\/wp-content\/uploads\/sites\/26\/2026\/04\/Screenshot_30-4-2026_1386_st1.uvnimg.com_.jpeg\",\"datePublished\":\"2026-04-30T21:08:39+00:00\",\"author\":{\"@id\":\"https:\/\/noti-america.com\/site\/principal\/#\/schema\/person\/22806efcc2cfc4b45efb0e17be210ea8\"},\"breadcrumb\":{\"@id\":\"https:\/\/noti-america.com\/site\/principal\/2026\/04\/30\/asi-es-el-trailer-de-house-of-the-dragon-3-el-regreso-de-los-dragones-ya-tiene-fecha-de-estreno\/#breadcrumb\"},\"inLanguage\":\"es\",\"potentialAction\":[{\"@type\":\"ReadAction\",\"target\":[\"https:\/\/noti-america.com\/site\/principal\/2026\/04\/30\/asi-es-el-trailer-de-house-of-the-dragon-3-el-regreso-de-los-dragones-ya-tiene-fecha-de-estreno\/\"]}]},{\"@type\":\"ImageObject\",\"inLanguage\":\"es\",\"@id\":\"https:\/\/noti-america.com\/site\/principal\/2026\/04\/30\/asi-es-el-trailer-de-house-of-the-dragon-3-el-regreso-de-los-dragones-ya-tiene-fecha-de-estreno\/#primaryimage\",\"url\":\"https:\/\/noti-america.com\/site\/principal\/wp-content\/uploads\/sites\/26\/2026\/04\/Screenshot_30-4-2026_1386_st1.uvnimg.com_.jpeg\",\"contentUrl\":\"https:\/\/noti-america.com\/site\/principal\/wp-content\/uploads\/sites\/26\/2026\/04\/Screenshot_30-4-2026_1386_st1.uvnimg.com_.jpeg\",\"width\":1349,\"height\":626},{\"@type\":\"BreadcrumbList\",\"@id\":\"https:\/\/noti-america.com\/site\/principal\/2026\/04\/30\/asi-es-el-trailer-de-house-of-the-dragon-3-el-regreso-de-los-dragones-ya-tiene-fecha-de-estreno\/#breadcrumb\",\"itemListElement\":[{\"@type\":\"ListItem\",\"position\":1,\"name\":\"Portada\",\"item\":\"https:\/\/noti-america.com\/site\/principal\/\"},{\"@type\":\"ListItem\",\"position\":2,\"name\":\"As\u00ed es el tr\u00e1iler de House of the Dragon 3: el regreso de los dragones ya tiene fecha de estreno\"}]},{\"@type\":\"WebSite\",\"@id\":\"https:\/\/noti-america.com\/site\/principal\/#website\",\"url\":\"https:\/\/noti-america.com\/site\/principal\/\",\"name\":\"Noti-America.com\",\"description\":\"El Noticiero Digital M\u00e1s Grande de Am\u00e9rica\",\"potentialAction\":[{\"@type\":\"SearchAction\",\"target\":{\"@type\":\"EntryPoint\",\"urlTemplate\":\"https:\/\/noti-america.com\/site\/principal\/?s={search_term_string}\"},\"query-input\":{\"@type\":\"PropertyValueSpecification\",\"valueRequired\":true,\"valueName\":\"search_term_string\"}}],\"inLanguage\":\"es\"},{\"@type\":\"Person\",\"@id\":\"https:\/\/noti-america.com\/site\/principal\/#\/schema\/person\/22806efcc2cfc4b45efb0e17be210ea8\",\"name\":\"Maria Valentina Noguera Medina\",\"image\":{\"@type\":\"ImageObject\",\"inLanguage\":\"es\",\"@id\":\"https:\/\/secure.gravatar.com\/avatar\/4ec5eb9d099f2608a49c9df6f7341f66f04f819cdffa09d56a7a0e91d2819d56?s=96&d=mm&r=g\",\"url\":\"https:\/\/secure.gravatar.com\/avatar\/4ec5eb9d099f2608a49c9df6f7341f66f04f819cdffa09d56a7a0e91d2819d56?s=96&d=mm&r=g\",\"contentUrl\":\"https:\/\/secure.gravatar.com\/avatar\/4ec5eb9d099f2608a49c9df6f7341f66f04f819cdffa09d56a7a0e91d2819d56?s=96&d=mm&r=g\",\"caption\":\"Maria Valentina Noguera Medina\"},\"description\":\"Periodista - noti-america - Promar Community Manager - Talento Plus Dise\u00f1adora\/ creadora de contenido...\",\"sameAs\":[\"Mar\u00eda Valentina Noguera\",\"https:\/\/www.facebook.com\/mariavalentina.noguera\",\"https:\/\/www.linkedin.com\/in\/mara-valentina-noguera-medina-373075165\/\",\"https:\/\/www.pinterest.es\/valentinanoguera95\/\",\"https:\/\/www.youtube.com\/channel\/UCdek6mbUZ-Tqqw0I63i4nmQ\"],\"url\":\"https:\/\/noti-america.com\/site\/principal\/author\/mnoguera\/\"}]}<\/script>\n<!-- \/ Yoast SEO Premium plugin. -->","yoast_head_json":{"title":"As\u00ed es el tr\u00e1iler de House of the Dragon 3: el regreso de los dragones ya tiene fecha de estreno - Noti-America.com","robots":{"index":"index","follow":"follow","max-snippet":"max-snippet:-1","max-image-preview":"max-image-preview:large","max-video-preview":"max-video-preview:-1"},"canonical":"https:\/\/noti-america.com\/site\/principal\/2026\/04\/30\/asi-es-el-trailer-de-house-of-the-dragon-3-el-regreso-de-los-dragones-ya-tiene-fecha-de-estreno\/","og_locale":"es_ES","og_type":"article","og_title":"As\u00ed es el tr\u00e1iler de House of the Dragon 3: el regreso de los dragones ya tiene fecha de estreno","og_description":"NOTI-AMERICA.COM | ESPA\u00d1A HBO Max ha publicado el tr\u00e1iler oficial de la tercera temporada de La Casa del Drag\u00f3n, que da continuidad a la Danza de los Dragones en su momento de mayor tensi\u00f3n&#46;&#46;&#46;","og_url":"https:\/\/noti-america.com\/site\/principal\/2026\/04\/30\/asi-es-el-trailer-de-house-of-the-dragon-3-el-regreso-de-los-dragones-ya-tiene-fecha-de-estreno\/","og_site_name":"Noti-America.com","article_author":"Mar\u00eda Valentina Noguera","article_published_time":"2026-04-30T21:08:39+00:00","og_image":[{"width":1349,"height":626,"url":"https:\/\/noti-america.com\/site\/principal\/wp-content\/uploads\/sites\/26\/2026\/04\/Screenshot_30-4-2026_1386_st1.uvnimg.com_.jpeg","type":"image\/jpeg"}],"author":"Maria Valentina Noguera Medina","twitter_card":"summary_large_image","twitter_misc":{"Escrito por":"Maria Valentina Noguera Medina","Tiempo estimado de lectura":"4 minutos"},"schema":{"@context":"https:\/\/schema.org","@graph":[{"@type":"Article","@id":"https:\/\/noti-america.com\/site\/principal\/2026\/04\/30\/asi-es-el-trailer-de-house-of-the-dragon-3-el-regreso-de-los-dragones-ya-tiene-fecha-de-estreno\/#article","isPartOf":{"@id":"https:\/\/noti-america.com\/site\/principal\/2026\/04\/30\/asi-es-el-trailer-de-house-of-the-dragon-3-el-regreso-de-los-dragones-ya-tiene-fecha-de-estreno\/"},"author":{"name":"Maria Valentina Noguera Medina","@id":"https:\/\/noti-america.com\/site\/principal\/#\/schema\/person\/22806efcc2cfc4b45efb0e17be210ea8"},"headline":"As\u00ed es el tr\u00e1iler de House of the Dragon 3: el regreso de los dragones ya tiene fecha de estreno","datePublished":"2026-04-30T21:08:39+00:00","mainEntityOfPage":{"@id":"https:\/\/noti-america.com\/site\/principal\/2026\/04\/30\/asi-es-el-trailer-de-house-of-the-dragon-3-el-regreso-de-los-dragones-ya-tiene-fecha-de-estreno\/"},"wordCount":756,"image":{"@id":"https:\/\/noti-america.com\/site\/principal\/2026\/04\/30\/asi-es-el-trailer-de-house-of-the-dragon-3-el-regreso-de-los-dragones-ya-tiene-fecha-de-estreno\/#primaryimage"},"thumbnailUrl":"https:\/\/noti-america.com\/site\/principal\/wp-content\/uploads\/sites\/26\/2026\/04\/Screenshot_30-4-2026_1386_st1.uvnimg.com_.jpeg","articleSection":["Actualidad"],"inLanguage":"es"},{"@type":"WebPage","@id":"https:\/\/noti-america.com\/site\/principal\/2026\/04\/30\/asi-es-el-trailer-de-house-of-the-dragon-3-el-regreso-de-los-dragones-ya-tiene-fecha-de-estreno\/","url":"https:\/\/noti-america.com\/site\/principal\/2026\/04\/30\/asi-es-el-trailer-de-house-of-the-dragon-3-el-regreso-de-los-dragones-ya-tiene-fecha-de-estreno\/","name":"As\u00ed es el tr\u00e1iler de House of the Dragon 3: el regreso de los dragones ya tiene fecha de estreno - Noti-America.com","isPartOf":{"@id":"https:\/\/noti-america.com\/site\/principal\/#website"},"primaryImageOfPage":{"@id":"https:\/\/noti-america.com\/site\/principal\/2026\/04\/30\/asi-es-el-trailer-de-house-of-the-dragon-3-el-regreso-de-los-dragones-ya-tiene-fecha-de-estreno\/#primaryimage"},"image":{"@id":"https:\/\/noti-america.com\/site\/principal\/2026\/04\/30\/asi-es-el-trailer-de-house-of-the-dragon-3-el-regreso-de-los-dragones-ya-tiene-fecha-de-estreno\/#primaryimage"},"thumbnailUrl":"https:\/\/noti-america.com\/site\/principal\/wp-content\/uploads\/sites\/26\/2026\/04\/Screenshot_30-4-2026_1386_st1.uvnimg.com_.jpeg","datePublished":"2026-04-30T21:08:39+00:00","author":{"@id":"https:\/\/noti-america.com\/site\/principal\/#\/schema\/person\/22806efcc2cfc4b45efb0e17be210ea8"},"breadcrumb":{"@id":"https:\/\/noti-america.com\/site\/principal\/2026\/04\/30\/asi-es-el-trailer-de-house-of-the-dragon-3-el-regreso-de-los-dragones-ya-tiene-fecha-de-estreno\/#breadcrumb"},"inLanguage":"es","potentialAction":[{"@type":"ReadAction","target":["https:\/\/noti-america.com\/site\/principal\/2026\/04\/30\/asi-es-el-trailer-de-house-of-the-dragon-3-el-regreso-de-los-dragones-ya-tiene-fecha-de-estreno\/"]}]},{"@type":"ImageObject","inLanguage":"es","@id":"https:\/\/noti-america.com\/site\/principal\/2026\/04\/30\/asi-es-el-trailer-de-house-of-the-dragon-3-el-regreso-de-los-dragones-ya-tiene-fecha-de-estreno\/#primaryimage","url":"https:\/\/noti-america.com\/site\/principal\/wp-content\/uploads\/sites\/26\/2026\/04\/Screenshot_30-4-2026_1386_st1.uvnimg.com_.jpeg","contentUrl":"https:\/\/noti-america.com\/site\/principal\/wp-content\/uploads\/sites\/26\/2026\/04\/Screenshot_30-4-2026_1386_st1.uvnimg.com_.jpeg","width":1349,"height":626},{"@type":"BreadcrumbList","@id":"https:\/\/noti-america.com\/site\/principal\/2026\/04\/30\/asi-es-el-trailer-de-house-of-the-dragon-3-el-regreso-de-los-dragones-ya-tiene-fecha-de-estreno\/#breadcrumb","itemListElement":[{"@type":"ListItem","position":1,"name":"Portada","item":"https:\/\/noti-america.com\/site\/principal\/"},{"@type":"ListItem","position":2,"name":"As\u00ed es el tr\u00e1iler de House of the Dragon 3: el regreso de los dragones ya tiene fecha de estreno"}]},{"@type":"WebSite","@id":"https:\/\/noti-america.com\/site\/principal\/#website","url":"https:\/\/noti-america.com\/site\/principal\/","name":"Noti-America.com","description":"El Noticiero Digital M\u00e1s Grande de Am\u00e9rica","potentialAction":[{"@type":"SearchAction","target":{"@type":"EntryPoint","urlTemplate":"https:\/\/noti-america.com\/site\/principal\/?s={search_term_string}"},"query-input":{"@type":"PropertyValueSpecification","valueRequired":true,"valueName":"search_term_string"}}],"inLanguage":"es"},{"@type":"Person","@id":"https:\/\/noti-america.com\/site\/principal\/#\/schema\/person\/22806efcc2cfc4b45efb0e17be210ea8","name":"Maria Valentina Noguera Medina","image":{"@type":"ImageObject","inLanguage":"es","@id":"https:\/\/secure.gravatar.com\/avatar\/4ec5eb9d099f2608a49c9df6f7341f66f04f819cdffa09d56a7a0e91d2819d56?s=96&d=mm&r=g","url":"https:\/\/secure.gravatar.com\/avatar\/4ec5eb9d099f2608a49c9df6f7341f66f04f819cdffa09d56a7a0e91d2819d56?s=96&d=mm&r=g","contentUrl":"https:\/\/secure.gravatar.com\/avatar\/4ec5eb9d099f2608a49c9df6f7341f66f04f819cdffa09d56a7a0e91d2819d56?s=96&d=mm&r=g","caption":"Maria Valentina Noguera Medina"},"description":"Periodista - noti-america - Promar Community Manager - Talento Plus Dise\u00f1adora\/ creadora de contenido...","sameAs":["Mar\u00eda Valentina Noguera","https:\/\/www.facebook.com\/mariavalentina.noguera","https:\/\/www.linkedin.com\/in\/mara-valentina-noguera-medina-373075165\/","https:\/\/www.pinterest.es\/valentinanoguera95\/","https:\/\/www.youtube.com\/channel\/UCdek6mbUZ-Tqqw0I63i4nmQ"],"url":"https:\/\/noti-america.com\/site\/principal\/author\/mnoguera\/"}]}},"_links":{"self":[{"href":"https:\/\/noti-america.com\/site\/principal\/wp-json\/wp\/v2\/posts\/87700","targetHints":{"allow":["GET"]}}],"collection":[{"href":"https:\/\/noti-america.com\/site\/principal\/wp-json\/wp\/v2\/posts"}],"about":[{"href":"https:\/\/noti-america.com\/site\/principal\/wp-json\/wp\/v2\/types\/post"}],"author":[{"embeddable":true,"href":"https:\/\/noti-america.com\/site\/principal\/wp-json\/wp\/v2\/users\/133"}],"replies":[{"embeddable":true,"href":"https:\/\/noti-america.com\/site\/principal\/wp-json\/wp\/v2\/comments?post=87700"}],"version-history":[{"count":1,"href":"https:\/\/noti-america.com\/site\/principal\/wp-json\/wp\/v2\/posts\/87700\/revisions"}],"predecessor-version":[{"id":87740,"href":"https:\/\/noti-america.com\/site\/principal\/wp-json\/wp\/v2\/posts\/87700\/revisions\/87740"}],"wp:featuredmedia":[{"embeddable":true,"href":"https:\/\/noti-america.com\/site\/principal\/wp-json\/wp\/v2\/media\/87701"}],"wp:attachment":[{"href":"https:\/\/noti-america.com\/site\/principal\/wp-json\/wp\/v2\/media?parent=87700"}],"wp:term":[{"taxonomy":"category","embeddable":true,"href":"https:\/\/noti-america.com\/site\/principal\/wp-json\/wp\/v2\/categories?post=87700"},{"taxonomy":"post_tag","embeddable":true,"href":"https:\/\/noti-america.com\/site\/principal\/wp-json\/wp\/v2\/tags?post=87700"}],"curies":[{"name":"wp","href":"https:\/\/api.w.org\/{rel}","templated":true}]}}