{"id":87699,"date":"2026-04-30T17:05:34","date_gmt":"2026-04-30T21:05:34","guid":{"rendered":"https:\/\/noti-america.com\/site\/principal\/?p=87699"},"modified":"2026-04-30T17:05:34","modified_gmt":"2026-04-30T21:05:34","slug":"michael-se-adueno-de-la-taquilla-mundial-en-su-fin-de-semana-de-estreno","status":"publish","type":"post","link":"https:\/\/noti-america.com\/site\/principal\/2026\/04\/30\/michael-se-adueno-de-la-taquilla-mundial-en-su-fin-de-semana-de-estreno\/","title":{"rendered":"\u00abMichael\u00bb se adue\u00f1\u00f3 de la taquilla mundial en su fin de semana de estreno"},"content":{"rendered":"<p>NOTI-AMERICA.COM | ESPA\u00d1A<\/p>\n<p style=\"text-align: justify\">\u00abMichael\u00bb, la pel\u00edcula biogr\u00e1fica sobre el legendario \u00abRey del pop\u00bb, Michael Jackson, se adue\u00f1\u00f3 de la taquilla mundial con una recaudaci\u00f3n de 217 millones de d\u00f3lares en su primer fin de semana de estreno.<\/p>\n<p style=\"text-align: justify\">De acuerdo a cifras de la web Box Office Mojo, de esa cantidad, 97 millones han sido recaudados en Estados Unidos y Canad\u00e1 y el resto en los otros mercados.<\/p>\n<p style=\"text-align: justify\">Pese a las cr\u00edticas negativas, el estreno ha superado las expectativas, convirti\u00e9ndose, seg\u00fan datos de Variety, en el mejor debut de la historia para una pel\u00edcula biogr\u00e1fica; superando el r\u00e9cord establecido por \u00abStraight Outta Compton\u00bb de 2015 (60 millones de d\u00f3lares) y \u00abBohemian Rhapsody\u00bb de 2018, con 51 millones de d\u00f3lares.<\/p>\n<p style=\"text-align: justify\">De esta manera, el filme, protagonizado por Jaafar Jackson, sobrino del cantante; desplaz\u00f3 a \u00abSuper Mario\u00bb de la cima de la taquilla.<\/p>\n<p style=\"text-align: justify\">\u00abMichael\u00bb narra los inicios del \u00abRey del pop\u00bb en los Jackson 5 hasta convertirse en uno de los artistas m\u00e1s importantes del planeta. No obstante, la cr\u00edtica especializada se ha quejado de que el filme ofrece una visi\u00f3n edulcorada de la vida de Jackson, ya que no incluye las acusaciones de abuso sexual infantil.<\/p>\n","protected":false},"excerpt":{"rendered":"<p>NOTI-AMERICA.COM | ESPA\u00d1A \u00abMichael\u00bb, la pel\u00edcula biogr\u00e1fica sobre el legendario \u00abRey del pop\u00bb, Michael Jackson, se adue\u00f1\u00f3 de la taquilla mundial con una recaudaci\u00f3n de 217 millones de d\u00f3lares en su primer fin de&#46;&#46;&#46;<\/p>\n","protected":false},"author":133,"featured_media":0,"comment_status":"","ping_status":"open","sticky":false,"template":"","format":"image","meta":{"_acf_changed":false,"rop_custom_images_group":[],"rop_custom_messages_group":[],"rop_publish_now":"no","rop_publish_now_accounts":[],"rop_publish_now_history":[],"rop_publish_now_status":"pending","footnotes":""},"categories":[886],"tags":[],"class_list":["post-87699","post","type-post","status-publish","format-image","hentry","category-acturalidad","post_format-post-format-image"],"acf":[],"yoast_head":"<!-- This site is optimized with the Yoast SEO Premium plugin v24.9 (Yoast SEO v27.2) - https:\/\/yoast.com\/product\/yoast-seo-premium-wordpress\/ -->\n<title>\u00abMichael\u00bb se adue\u00f1\u00f3 de la taquilla mundial en su fin de semana de estreno - Noti-America.com<\/title>\n<meta name=\"robots\" content=\"index, follow, max-snippet:-1, max-image-preview:large, max-video-preview:-1\" \/>\n<link rel=\"canonical\" href=\"https:\/\/noti-america.com\/site\/principal\/2026\/04\/30\/michael-se-adueno-de-la-taquilla-mundial-en-su-fin-de-semana-de-estreno\/\" \/>\n<meta property=\"og:locale\" content=\"es_ES\" \/>\n<meta property=\"og:type\" content=\"article\" \/>\n<meta property=\"og:title\" content=\"\u00abMichael\u00bb se adue\u00f1\u00f3 de la taquilla mundial en su fin de semana de estreno\" \/>\n<meta property=\"og:description\" content=\"NOTI-AMERICA.COM | ESPA\u00d1A \u00abMichael\u00bb, la pel\u00edcula biogr\u00e1fica sobre el legendario \u00abRey del pop\u00bb, Michael Jackson, se adue\u00f1\u00f3 de la taquilla mundial con una recaudaci\u00f3n de 217 millones de d\u00f3lares en su primer fin de&#046;&#046;&#046;\" \/>\n<meta property=\"og:url\" content=\"https:\/\/noti-america.com\/site\/principal\/2026\/04\/30\/michael-se-adueno-de-la-taquilla-mundial-en-su-fin-de-semana-de-estreno\/\" \/>\n<meta property=\"og:site_name\" content=\"Noti-America.com\" \/>\n<meta property=\"article:author\" content=\"Mar\u00eda Valentina Noguera\" \/>\n<meta property=\"article:published_time\" content=\"2026-04-30T21:05:34+00:00\" \/>\n<meta name=\"author\" content=\"Maria Valentina Noguera Medina\" \/>\n<meta name=\"twitter:card\" content=\"summary_large_image\" \/>\n<meta name=\"twitter:label1\" content=\"Escrito por\" \/>\n\t<meta name=\"twitter:data1\" content=\"Maria Valentina Noguera Medina\" \/>\n\t<meta name=\"twitter:label2\" content=\"Tiempo estimado de lectura\" \/>\n\t<meta name=\"twitter:data2\" content=\"1 minuto\" \/>\n<script type=\"application\/ld+json\" class=\"yoast-schema-graph\">{\"@context\":\"https:\/\/schema.org\",\"@graph\":[{\"@type\":\"Article\",\"@id\":\"https:\/\/noti-america.com\/site\/principal\/2026\/04\/30\/michael-se-adueno-de-la-taquilla-mundial-en-su-fin-de-semana-de-estreno\/#article\",\"isPartOf\":{\"@id\":\"https:\/\/noti-america.com\/site\/principal\/2026\/04\/30\/michael-se-adueno-de-la-taquilla-mundial-en-su-fin-de-semana-de-estreno\/\"},\"author\":{\"name\":\"Maria Valentina Noguera Medina\",\"@id\":\"https:\/\/noti-america.com\/site\/principal\/#\/schema\/person\/22806efcc2cfc4b45efb0e17be210ea8\"},\"headline\":\"\u00abMichael\u00bb se adue\u00f1\u00f3 de la taquilla mundial en su fin de semana de estreno\",\"datePublished\":\"2026-04-30T21:05:34+00:00\",\"mainEntityOfPage\":{\"@id\":\"https:\/\/noti-america.com\/site\/principal\/2026\/04\/30\/michael-se-adueno-de-la-taquilla-mundial-en-su-fin-de-semana-de-estreno\/\"},\"wordCount\":217,\"articleSection\":[\"Actualidad\"],\"inLanguage\":\"es\"},{\"@type\":\"WebPage\",\"@id\":\"https:\/\/noti-america.com\/site\/principal\/2026\/04\/30\/michael-se-adueno-de-la-taquilla-mundial-en-su-fin-de-semana-de-estreno\/\",\"url\":\"https:\/\/noti-america.com\/site\/principal\/2026\/04\/30\/michael-se-adueno-de-la-taquilla-mundial-en-su-fin-de-semana-de-estreno\/\",\"name\":\"\u00abMichael\u00bb se adue\u00f1\u00f3 de la taquilla mundial en su fin de semana de estreno - Noti-America.com\",\"isPartOf\":{\"@id\":\"https:\/\/noti-america.com\/site\/principal\/#website\"},\"datePublished\":\"2026-04-30T21:05:34+00:00\",\"author\":{\"@id\":\"https:\/\/noti-america.com\/site\/principal\/#\/schema\/person\/22806efcc2cfc4b45efb0e17be210ea8\"},\"breadcrumb\":{\"@id\":\"https:\/\/noti-america.com\/site\/principal\/2026\/04\/30\/michael-se-adueno-de-la-taquilla-mundial-en-su-fin-de-semana-de-estreno\/#breadcrumb\"},\"inLanguage\":\"es\",\"potentialAction\":[{\"@type\":\"ReadAction\",\"target\":[\"https:\/\/noti-america.com\/site\/principal\/2026\/04\/30\/michael-se-adueno-de-la-taquilla-mundial-en-su-fin-de-semana-de-estreno\/\"]}]},{\"@type\":\"BreadcrumbList\",\"@id\":\"https:\/\/noti-america.com\/site\/principal\/2026\/04\/30\/michael-se-adueno-de-la-taquilla-mundial-en-su-fin-de-semana-de-estreno\/#breadcrumb\",\"itemListElement\":[{\"@type\":\"ListItem\",\"position\":1,\"name\":\"Portada\",\"item\":\"https:\/\/noti-america.com\/site\/principal\/\"},{\"@type\":\"ListItem\",\"position\":2,\"name\":\"\u00abMichael\u00bb se adue\u00f1\u00f3 de la taquilla mundial en su fin de semana de estreno\"}]},{\"@type\":\"WebSite\",\"@id\":\"https:\/\/noti-america.com\/site\/principal\/#website\",\"url\":\"https:\/\/noti-america.com\/site\/principal\/\",\"name\":\"Noti-America.com\",\"description\":\"El Noticiero Digital M\u00e1s Grande de Am\u00e9rica\",\"potentialAction\":[{\"@type\":\"SearchAction\",\"target\":{\"@type\":\"EntryPoint\",\"urlTemplate\":\"https:\/\/noti-america.com\/site\/principal\/?s={search_term_string}\"},\"query-input\":{\"@type\":\"PropertyValueSpecification\",\"valueRequired\":true,\"valueName\":\"search_term_string\"}}],\"inLanguage\":\"es\"},{\"@type\":\"Person\",\"@id\":\"https:\/\/noti-america.com\/site\/principal\/#\/schema\/person\/22806efcc2cfc4b45efb0e17be210ea8\",\"name\":\"Maria Valentina Noguera Medina\",\"image\":{\"@type\":\"ImageObject\",\"inLanguage\":\"es\",\"@id\":\"https:\/\/secure.gravatar.com\/avatar\/4ec5eb9d099f2608a49c9df6f7341f66f04f819cdffa09d56a7a0e91d2819d56?s=96&d=mm&r=g\",\"url\":\"https:\/\/secure.gravatar.com\/avatar\/4ec5eb9d099f2608a49c9df6f7341f66f04f819cdffa09d56a7a0e91d2819d56?s=96&d=mm&r=g\",\"contentUrl\":\"https:\/\/secure.gravatar.com\/avatar\/4ec5eb9d099f2608a49c9df6f7341f66f04f819cdffa09d56a7a0e91d2819d56?s=96&d=mm&r=g\",\"caption\":\"Maria Valentina Noguera Medina\"},\"description\":\"Periodista - noti-america - Promar Community Manager - Talento Plus Dise\u00f1adora\/ creadora de contenido...\",\"sameAs\":[\"Mar\u00eda Valentina Noguera\",\"https:\/\/www.facebook.com\/mariavalentina.noguera\",\"https:\/\/www.linkedin.com\/in\/mara-valentina-noguera-medina-373075165\/\",\"https:\/\/www.pinterest.es\/valentinanoguera95\/\",\"https:\/\/www.youtube.com\/channel\/UCdek6mbUZ-Tqqw0I63i4nmQ\"],\"url\":\"https:\/\/noti-america.com\/site\/principal\/author\/mnoguera\/\"}]}<\/script>\n<!-- \/ Yoast SEO Premium plugin. -->","yoast_head_json":{"title":"\u00abMichael\u00bb se adue\u00f1\u00f3 de la taquilla mundial en su fin de semana de estreno - Noti-America.com","robots":{"index":"index","follow":"follow","max-snippet":"max-snippet:-1","max-image-preview":"max-image-preview:large","max-video-preview":"max-video-preview:-1"},"canonical":"https:\/\/noti-america.com\/site\/principal\/2026\/04\/30\/michael-se-adueno-de-la-taquilla-mundial-en-su-fin-de-semana-de-estreno\/","og_locale":"es_ES","og_type":"article","og_title":"\u00abMichael\u00bb se adue\u00f1\u00f3 de la taquilla mundial en su fin de semana de estreno","og_description":"NOTI-AMERICA.COM | ESPA\u00d1A \u00abMichael\u00bb, la pel\u00edcula biogr\u00e1fica sobre el legendario \u00abRey del pop\u00bb, Michael Jackson, se adue\u00f1\u00f3 de la taquilla mundial con una recaudaci\u00f3n de 217 millones de d\u00f3lares en su primer fin de&#46;&#46;&#46;","og_url":"https:\/\/noti-america.com\/site\/principal\/2026\/04\/30\/michael-se-adueno-de-la-taquilla-mundial-en-su-fin-de-semana-de-estreno\/","og_site_name":"Noti-America.com","article_author":"Mar\u00eda Valentina Noguera","article_published_time":"2026-04-30T21:05:34+00:00","author":"Maria Valentina Noguera Medina","twitter_card":"summary_large_image","twitter_misc":{"Escrito por":"Maria Valentina Noguera Medina","Tiempo estimado de lectura":"1 minuto"},"schema":{"@context":"https:\/\/schema.org","@graph":[{"@type":"Article","@id":"https:\/\/noti-america.com\/site\/principal\/2026\/04\/30\/michael-se-adueno-de-la-taquilla-mundial-en-su-fin-de-semana-de-estreno\/#article","isPartOf":{"@id":"https:\/\/noti-america.com\/site\/principal\/2026\/04\/30\/michael-se-adueno-de-la-taquilla-mundial-en-su-fin-de-semana-de-estreno\/"},"author":{"name":"Maria Valentina Noguera Medina","@id":"https:\/\/noti-america.com\/site\/principal\/#\/schema\/person\/22806efcc2cfc4b45efb0e17be210ea8"},"headline":"\u00abMichael\u00bb se adue\u00f1\u00f3 de la taquilla mundial en su fin de semana de estreno","datePublished":"2026-04-30T21:05:34+00:00","mainEntityOfPage":{"@id":"https:\/\/noti-america.com\/site\/principal\/2026\/04\/30\/michael-se-adueno-de-la-taquilla-mundial-en-su-fin-de-semana-de-estreno\/"},"wordCount":217,"articleSection":["Actualidad"],"inLanguage":"es"},{"@type":"WebPage","@id":"https:\/\/noti-america.com\/site\/principal\/2026\/04\/30\/michael-se-adueno-de-la-taquilla-mundial-en-su-fin-de-semana-de-estreno\/","url":"https:\/\/noti-america.com\/site\/principal\/2026\/04\/30\/michael-se-adueno-de-la-taquilla-mundial-en-su-fin-de-semana-de-estreno\/","name":"\u00abMichael\u00bb se adue\u00f1\u00f3 de la taquilla mundial en su fin de semana de estreno - Noti-America.com","isPartOf":{"@id":"https:\/\/noti-america.com\/site\/principal\/#website"},"datePublished":"2026-04-30T21:05:34+00:00","author":{"@id":"https:\/\/noti-america.com\/site\/principal\/#\/schema\/person\/22806efcc2cfc4b45efb0e17be210ea8"},"breadcrumb":{"@id":"https:\/\/noti-america.com\/site\/principal\/2026\/04\/30\/michael-se-adueno-de-la-taquilla-mundial-en-su-fin-de-semana-de-estreno\/#breadcrumb"},"inLanguage":"es","potentialAction":[{"@type":"ReadAction","target":["https:\/\/noti-america.com\/site\/principal\/2026\/04\/30\/michael-se-adueno-de-la-taquilla-mundial-en-su-fin-de-semana-de-estreno\/"]}]},{"@type":"BreadcrumbList","@id":"https:\/\/noti-america.com\/site\/principal\/2026\/04\/30\/michael-se-adueno-de-la-taquilla-mundial-en-su-fin-de-semana-de-estreno\/#breadcrumb","itemListElement":[{"@type":"ListItem","position":1,"name":"Portada","item":"https:\/\/noti-america.com\/site\/principal\/"},{"@type":"ListItem","position":2,"name":"\u00abMichael\u00bb se adue\u00f1\u00f3 de la taquilla mundial en su fin de semana de estreno"}]},{"@type":"WebSite","@id":"https:\/\/noti-america.com\/site\/principal\/#website","url":"https:\/\/noti-america.com\/site\/principal\/","name":"Noti-America.com","description":"El Noticiero Digital M\u00e1s Grande de Am\u00e9rica","potentialAction":[{"@type":"SearchAction","target":{"@type":"EntryPoint","urlTemplate":"https:\/\/noti-america.com\/site\/principal\/?s={search_term_string}"},"query-input":{"@type":"PropertyValueSpecification","valueRequired":true,"valueName":"search_term_string"}}],"inLanguage":"es"},{"@type":"Person","@id":"https:\/\/noti-america.com\/site\/principal\/#\/schema\/person\/22806efcc2cfc4b45efb0e17be210ea8","name":"Maria Valentina Noguera Medina","image":{"@type":"ImageObject","inLanguage":"es","@id":"https:\/\/secure.gravatar.com\/avatar\/4ec5eb9d099f2608a49c9df6f7341f66f04f819cdffa09d56a7a0e91d2819d56?s=96&d=mm&r=g","url":"https:\/\/secure.gravatar.com\/avatar\/4ec5eb9d099f2608a49c9df6f7341f66f04f819cdffa09d56a7a0e91d2819d56?s=96&d=mm&r=g","contentUrl":"https:\/\/secure.gravatar.com\/avatar\/4ec5eb9d099f2608a49c9df6f7341f66f04f819cdffa09d56a7a0e91d2819d56?s=96&d=mm&r=g","caption":"Maria Valentina Noguera Medina"},"description":"Periodista - noti-america - Promar Community Manager - Talento Plus Dise\u00f1adora\/ creadora de contenido...","sameAs":["Mar\u00eda Valentina Noguera","https:\/\/www.facebook.com\/mariavalentina.noguera","https:\/\/www.linkedin.com\/in\/mara-valentina-noguera-medina-373075165\/","https:\/\/www.pinterest.es\/valentinanoguera95\/","https:\/\/www.youtube.com\/channel\/UCdek6mbUZ-Tqqw0I63i4nmQ"],"url":"https:\/\/noti-america.com\/site\/principal\/author\/mnoguera\/"}]}},"_links":{"self":[{"href":"https:\/\/noti-america.com\/site\/principal\/wp-json\/wp\/v2\/posts\/87699","targetHints":{"allow":["GET"]}}],"collection":[{"href":"https:\/\/noti-america.com\/site\/principal\/wp-json\/wp\/v2\/posts"}],"about":[{"href":"https:\/\/noti-america.com\/site\/principal\/wp-json\/wp\/v2\/types\/post"}],"author":[{"embeddable":true,"href":"https:\/\/noti-america.com\/site\/principal\/wp-json\/wp\/v2\/users\/133"}],"replies":[{"embeddable":true,"href":"https:\/\/noti-america.com\/site\/principal\/wp-json\/wp\/v2\/comments?post=87699"}],"version-history":[{"count":1,"href":"https:\/\/noti-america.com\/site\/principal\/wp-json\/wp\/v2\/posts\/87699\/revisions"}],"predecessor-version":[{"id":87739,"href":"https:\/\/noti-america.com\/site\/principal\/wp-json\/wp\/v2\/posts\/87699\/revisions\/87739"}],"wp:attachment":[{"href":"https:\/\/noti-america.com\/site\/principal\/wp-json\/wp\/v2\/media?parent=87699"}],"wp:term":[{"taxonomy":"category","embeddable":true,"href":"https:\/\/noti-america.com\/site\/principal\/wp-json\/wp\/v2\/categories?post=87699"},{"taxonomy":"post_tag","embeddable":true,"href":"https:\/\/noti-america.com\/site\/principal\/wp-json\/wp\/v2\/tags?post=87699"}],"curies":[{"name":"wp","href":"https:\/\/api.w.org\/{rel}","templated":true}]}}