{"id":87690,"date":"2026-04-30T16:00:53","date_gmt":"2026-04-30T20:00:53","guid":{"rendered":"https:\/\/noti-america.com\/site\/principal\/?p=87690"},"modified":"2026-04-30T16:00:53","modified_gmt":"2026-04-30T20:00:53","slug":"billie-eilish-confiesa-que-tuvo-una-relacion-toxica-con-su-cuerpo-tenia-muchos-problemas-con-la-comida","status":"publish","type":"post","link":"https:\/\/noti-america.com\/site\/principal\/2026\/04\/30\/billie-eilish-confiesa-que-tuvo-una-relacion-toxica-con-su-cuerpo-tenia-muchos-problemas-con-la-comida\/","title":{"rendered":"Billie Eilish confiesa que tuvo una relaci\u00f3n t\u00f3xica con su cuerpo: \u00abTen\u00eda muchos problemas con la comida\u00bb"},"content":{"rendered":"<p>NOTI-AMERICA.COM | M\u00c9XICO<\/p>\n<p style=\"text-align: justify\">La cantante de What Was I Made For? se encuentra actualmente haciendo la promoci\u00f3n de su documental Billie Eilish &#8211; Hit Me Hard And Soft: El Tour.<\/p>\n<p style=\"text-align: justify\">Durante gran parte de su carrera, Billie Eilish se ha caracterizado por utilizar ropa ancha al estilo de muchos raperos, e incluso hoy en d\u00eda puede v\u00e9rsela recurrir a este tipo de indumentaria durante sus conciertos.<\/p>\n<p style=\"text-align: justify\">Recientemente, en una entrevista concedida a ELLE con motivo del lanzamiento de su pel\u00edcula documental Billie Eilish &#8211; Hit Me Hard And Soft: El Tour, la cantante de 24 a\u00f1os ha dado un dato sorprendente sobre su indumentaria en el pasado.<\/p>\n<p style=\"text-align: justify\">Anteriormente, ya hab\u00eda hablado sobre este tema para Variety en 2023: \u00abNo intentaba evitar que me sexualizaran. Pero no quer\u00eda que la gente tuviera acceso a mi cuerpo, ni siquiera visualmente. No era lo suficientemente fuerte ni segura como para mostrarlo. Si lo hubiera mostrado en aquel momento, me habr\u00eda sentido completamente devastada si alguien hubiera dicho algo\u00bb.<\/p>\n<p style=\"text-align: justify\">Ya en aquel entonces, Billie Eilish nos dio pistas sobre la percepci\u00f3n de su cuerpo, pero ahora la artista ha hablado claro sobre un problema que afecta a muchas personas, pero sobre todo a las mujeres.<\/p>\n<div class=\"texto-noticia\">\n<h3 class=\"article-title-1\" style=\"text-align: justify\">Una relaci\u00f3n t\u00f3xica<\/h3>\n<p style=\"text-align: justify\">En esta nueva entrevista, la cantante ha compartido c\u00f3mo era su relaci\u00f3n t\u00f3xica con su cuerpo: \u00abTen\u00eda muchos problemas con la comida.\u00a0<b>Recuerdo ponerme una camiseta grande y el alivio que sent\u00eda<\/b>\u00ab.<\/p>\n<p style=\"text-align: justify\">Al mismo tiempo, confes\u00f3 otros motivos para llevar este tipo de ropa; concretamente,<b>\u00a0su \u00abamor por la cultura hip-hop\u00bb y su \u00abdeseo de ser un hombre\u00bb<\/b>.<\/p>\n<p style=\"text-align: justify\">Ante este deseo, la artista tiene muy claro su origen: \u00abEsta es la misoginia que todos llevamos dentro&#8230; que consiste en que\u00a0<b>no quer\u00eda que me vieran como femenina<\/b>\u00a0y, por lo tanto, d\u00e9bil. No est\u00e1 bien. He encontrado una buena manera de no sentirme as\u00ed\u00bb.<\/p>\n<p>Y es que actualmente la artista\u00a0<b>suele oscilar entre estilos considerados socialmente como masculinos y femeninos<\/b>, en funci\u00f3n de c\u00f3mo se sienta m\u00e1s c\u00f3moda cada d\u00eda.<\/p>\n<\/div>\n<footer class=\"articleFooter\">\n<div class=\"tagsNoticia\">\n<div class=\"block\"><\/div>\n<div class=\"block\">\n<div class=\"tagsNoticia-container\"><\/div>\n<\/div>\n<\/div>\n<\/footer>\n","protected":false},"excerpt":{"rendered":"<p>NOTI-AMERICA.COM | M\u00c9XICO La cantante de What Was I Made For? se encuentra actualmente haciendo la promoci\u00f3n de su documental Billie Eilish &#8211; Hit Me Hard And Soft: El Tour. Durante gran parte de&#46;&#46;&#46;<\/p>\n","protected":false},"author":133,"featured_media":87691,"comment_status":"","ping_status":"open","sticky":false,"template":"","format":"image","meta":{"_acf_changed":false,"rop_custom_images_group":[],"rop_custom_messages_group":[],"rop_publish_now":"no","rop_publish_now_accounts":{"facebook_10219548024599422_1632221337088128":"","twitter_242054905_242054905":""},"rop_publish_now_history":[{"account":"twitter_242054905_242054905","service":"twitter","timestamp":1777579310,"status":"error"}],"rop_publish_now_status":"done","footnotes":""},"categories":[663],"tags":[],"class_list":["post-87690","post","type-post","status-publish","format-image","has-post-thumbnail","hentry","category-actualidad","post_format-post-format-image"],"acf":[],"yoast_head":"<!-- This site is optimized with the Yoast SEO Premium plugin v24.9 (Yoast SEO v27.2) - https:\/\/yoast.com\/product\/yoast-seo-premium-wordpress\/ -->\n<title>Billie Eilish confiesa que tuvo una relaci\u00f3n t\u00f3xica con su cuerpo: \u00abTen\u00eda muchos problemas con la comida\u00bb - Noti-America.com<\/title>\n<meta name=\"robots\" content=\"index, follow, max-snippet:-1, max-image-preview:large, max-video-preview:-1\" \/>\n<link rel=\"canonical\" href=\"https:\/\/noti-america.com\/site\/principal\/2026\/04\/30\/billie-eilish-confiesa-que-tuvo-una-relacion-toxica-con-su-cuerpo-tenia-muchos-problemas-con-la-comida\/\" \/>\n<meta property=\"og:locale\" content=\"es_ES\" \/>\n<meta property=\"og:type\" content=\"article\" \/>\n<meta property=\"og:title\" content=\"Billie Eilish confiesa que tuvo una relaci\u00f3n t\u00f3xica con su cuerpo: \u00abTen\u00eda muchos problemas con la comida\u00bb\" \/>\n<meta property=\"og:description\" content=\"NOTI-AMERICA.COM | M\u00c9XICO La cantante de What Was I Made For? se encuentra actualmente haciendo la promoci\u00f3n de su documental Billie Eilish &#8211; Hit Me Hard And Soft: El Tour. Durante gran parte de&#046;&#046;&#046;\" \/>\n<meta property=\"og:url\" content=\"https:\/\/noti-america.com\/site\/principal\/2026\/04\/30\/billie-eilish-confiesa-que-tuvo-una-relacion-toxica-con-su-cuerpo-tenia-muchos-problemas-con-la-comida\/\" \/>\n<meta property=\"og:site_name\" content=\"Noti-America.com\" \/>\n<meta property=\"article:author\" content=\"Mar\u00eda Valentina Noguera\" \/>\n<meta property=\"article:published_time\" content=\"2026-04-30T20:00:53+00:00\" \/>\n<meta property=\"og:image\" content=\"https:\/\/noti-america.com\/site\/principal\/wp-content\/uploads\/sites\/26\/2026\/04\/Screenshot_30-4-2026_115936_imagenes.elpais.com_.jpeg\" \/>\n\t<meta property=\"og:image:width\" content=\"804\" \/>\n\t<meta property=\"og:image:height\" content=\"634\" \/>\n\t<meta property=\"og:image:type\" content=\"image\/jpeg\" \/>\n<meta name=\"author\" content=\"Maria Valentina Noguera Medina\" \/>\n<meta name=\"twitter:card\" content=\"summary_large_image\" \/>\n<meta name=\"twitter:label1\" content=\"Escrito por\" \/>\n\t<meta name=\"twitter:data1\" content=\"Maria Valentina Noguera Medina\" \/>\n\t<meta name=\"twitter:label2\" content=\"Tiempo estimado de lectura\" \/>\n\t<meta name=\"twitter:data2\" content=\"2 minutos\" \/>\n<script type=\"application\/ld+json\" class=\"yoast-schema-graph\">{\"@context\":\"https:\/\/schema.org\",\"@graph\":[{\"@type\":\"Article\",\"@id\":\"https:\/\/noti-america.com\/site\/principal\/2026\/04\/30\/billie-eilish-confiesa-que-tuvo-una-relacion-toxica-con-su-cuerpo-tenia-muchos-problemas-con-la-comida\/#article\",\"isPartOf\":{\"@id\":\"https:\/\/noti-america.com\/site\/principal\/2026\/04\/30\/billie-eilish-confiesa-que-tuvo-una-relacion-toxica-con-su-cuerpo-tenia-muchos-problemas-con-la-comida\/\"},\"author\":{\"name\":\"Maria Valentina Noguera Medina\",\"@id\":\"https:\/\/noti-america.com\/site\/principal\/#\/schema\/person\/22806efcc2cfc4b45efb0e17be210ea8\"},\"headline\":\"Billie Eilish confiesa que tuvo una relaci\u00f3n t\u00f3xica con su cuerpo: \u00abTen\u00eda muchos problemas con la comida\u00bb\",\"datePublished\":\"2026-04-30T20:00:53+00:00\",\"mainEntityOfPage\":{\"@id\":\"https:\/\/noti-america.com\/site\/principal\/2026\/04\/30\/billie-eilish-confiesa-que-tuvo-una-relacion-toxica-con-su-cuerpo-tenia-muchos-problemas-con-la-comida\/\"},\"wordCount\":376,\"image\":{\"@id\":\"https:\/\/noti-america.com\/site\/principal\/2026\/04\/30\/billie-eilish-confiesa-que-tuvo-una-relacion-toxica-con-su-cuerpo-tenia-muchos-problemas-con-la-comida\/#primaryimage\"},\"thumbnailUrl\":\"https:\/\/noti-america.com\/site\/principal\/wp-content\/uploads\/sites\/26\/2026\/04\/Screenshot_30-4-2026_115936_imagenes.elpais.com_.jpeg\",\"articleSection\":[\"Actualidad\"],\"inLanguage\":\"es\"},{\"@type\":\"WebPage\",\"@id\":\"https:\/\/noti-america.com\/site\/principal\/2026\/04\/30\/billie-eilish-confiesa-que-tuvo-una-relacion-toxica-con-su-cuerpo-tenia-muchos-problemas-con-la-comida\/\",\"url\":\"https:\/\/noti-america.com\/site\/principal\/2026\/04\/30\/billie-eilish-confiesa-que-tuvo-una-relacion-toxica-con-su-cuerpo-tenia-muchos-problemas-con-la-comida\/\",\"name\":\"Billie Eilish confiesa que tuvo una relaci\u00f3n t\u00f3xica con su cuerpo: \u00abTen\u00eda muchos problemas con la comida\u00bb - Noti-America.com\",\"isPartOf\":{\"@id\":\"https:\/\/noti-america.com\/site\/principal\/#website\"},\"primaryImageOfPage\":{\"@id\":\"https:\/\/noti-america.com\/site\/principal\/2026\/04\/30\/billie-eilish-confiesa-que-tuvo-una-relacion-toxica-con-su-cuerpo-tenia-muchos-problemas-con-la-comida\/#primaryimage\"},\"image\":{\"@id\":\"https:\/\/noti-america.com\/site\/principal\/2026\/04\/30\/billie-eilish-confiesa-que-tuvo-una-relacion-toxica-con-su-cuerpo-tenia-muchos-problemas-con-la-comida\/#primaryimage\"},\"thumbnailUrl\":\"https:\/\/noti-america.com\/site\/principal\/wp-content\/uploads\/sites\/26\/2026\/04\/Screenshot_30-4-2026_115936_imagenes.elpais.com_.jpeg\",\"datePublished\":\"2026-04-30T20:00:53+00:00\",\"author\":{\"@id\":\"https:\/\/noti-america.com\/site\/principal\/#\/schema\/person\/22806efcc2cfc4b45efb0e17be210ea8\"},\"breadcrumb\":{\"@id\":\"https:\/\/noti-america.com\/site\/principal\/2026\/04\/30\/billie-eilish-confiesa-que-tuvo-una-relacion-toxica-con-su-cuerpo-tenia-muchos-problemas-con-la-comida\/#breadcrumb\"},\"inLanguage\":\"es\",\"potentialAction\":[{\"@type\":\"ReadAction\",\"target\":[\"https:\/\/noti-america.com\/site\/principal\/2026\/04\/30\/billie-eilish-confiesa-que-tuvo-una-relacion-toxica-con-su-cuerpo-tenia-muchos-problemas-con-la-comida\/\"]}]},{\"@type\":\"ImageObject\",\"inLanguage\":\"es\",\"@id\":\"https:\/\/noti-america.com\/site\/principal\/2026\/04\/30\/billie-eilish-confiesa-que-tuvo-una-relacion-toxica-con-su-cuerpo-tenia-muchos-problemas-con-la-comida\/#primaryimage\",\"url\":\"https:\/\/noti-america.com\/site\/principal\/wp-content\/uploads\/sites\/26\/2026\/04\/Screenshot_30-4-2026_115936_imagenes.elpais.com_.jpeg\",\"contentUrl\":\"https:\/\/noti-america.com\/site\/principal\/wp-content\/uploads\/sites\/26\/2026\/04\/Screenshot_30-4-2026_115936_imagenes.elpais.com_.jpeg\",\"width\":804,\"height\":634},{\"@type\":\"BreadcrumbList\",\"@id\":\"https:\/\/noti-america.com\/site\/principal\/2026\/04\/30\/billie-eilish-confiesa-que-tuvo-una-relacion-toxica-con-su-cuerpo-tenia-muchos-problemas-con-la-comida\/#breadcrumb\",\"itemListElement\":[{\"@type\":\"ListItem\",\"position\":1,\"name\":\"Portada\",\"item\":\"https:\/\/noti-america.com\/site\/principal\/\"},{\"@type\":\"ListItem\",\"position\":2,\"name\":\"Billie Eilish confiesa que tuvo una relaci\u00f3n t\u00f3xica con su cuerpo: \u00abTen\u00eda muchos problemas con la comida\u00bb\"}]},{\"@type\":\"WebSite\",\"@id\":\"https:\/\/noti-america.com\/site\/principal\/#website\",\"url\":\"https:\/\/noti-america.com\/site\/principal\/\",\"name\":\"Noti-America.com\",\"description\":\"El Noticiero Digital M\u00e1s Grande de Am\u00e9rica\",\"potentialAction\":[{\"@type\":\"SearchAction\",\"target\":{\"@type\":\"EntryPoint\",\"urlTemplate\":\"https:\/\/noti-america.com\/site\/principal\/?s={search_term_string}\"},\"query-input\":{\"@type\":\"PropertyValueSpecification\",\"valueRequired\":true,\"valueName\":\"search_term_string\"}}],\"inLanguage\":\"es\"},{\"@type\":\"Person\",\"@id\":\"https:\/\/noti-america.com\/site\/principal\/#\/schema\/person\/22806efcc2cfc4b45efb0e17be210ea8\",\"name\":\"Maria Valentina Noguera Medina\",\"image\":{\"@type\":\"ImageObject\",\"inLanguage\":\"es\",\"@id\":\"https:\/\/secure.gravatar.com\/avatar\/4ec5eb9d099f2608a49c9df6f7341f66f04f819cdffa09d56a7a0e91d2819d56?s=96&d=mm&r=g\",\"url\":\"https:\/\/secure.gravatar.com\/avatar\/4ec5eb9d099f2608a49c9df6f7341f66f04f819cdffa09d56a7a0e91d2819d56?s=96&d=mm&r=g\",\"contentUrl\":\"https:\/\/secure.gravatar.com\/avatar\/4ec5eb9d099f2608a49c9df6f7341f66f04f819cdffa09d56a7a0e91d2819d56?s=96&d=mm&r=g\",\"caption\":\"Maria Valentina Noguera Medina\"},\"description\":\"Periodista - noti-america - Promar Community Manager - Talento Plus Dise\u00f1adora\/ creadora de contenido...\",\"sameAs\":[\"Mar\u00eda Valentina Noguera\",\"https:\/\/www.facebook.com\/mariavalentina.noguera\",\"https:\/\/www.linkedin.com\/in\/mara-valentina-noguera-medina-373075165\/\",\"https:\/\/www.pinterest.es\/valentinanoguera95\/\",\"https:\/\/www.youtube.com\/channel\/UCdek6mbUZ-Tqqw0I63i4nmQ\"],\"url\":\"https:\/\/noti-america.com\/site\/principal\/author\/mnoguera\/\"}]}<\/script>\n<!-- \/ Yoast SEO Premium plugin. -->","yoast_head_json":{"title":"Billie Eilish confiesa que tuvo una relaci\u00f3n t\u00f3xica con su cuerpo: \u00abTen\u00eda muchos problemas con la comida\u00bb - Noti-America.com","robots":{"index":"index","follow":"follow","max-snippet":"max-snippet:-1","max-image-preview":"max-image-preview:large","max-video-preview":"max-video-preview:-1"},"canonical":"https:\/\/noti-america.com\/site\/principal\/2026\/04\/30\/billie-eilish-confiesa-que-tuvo-una-relacion-toxica-con-su-cuerpo-tenia-muchos-problemas-con-la-comida\/","og_locale":"es_ES","og_type":"article","og_title":"Billie Eilish confiesa que tuvo una relaci\u00f3n t\u00f3xica con su cuerpo: \u00abTen\u00eda muchos problemas con la comida\u00bb","og_description":"NOTI-AMERICA.COM | M\u00c9XICO La cantante de What Was I Made For? se encuentra actualmente haciendo la promoci\u00f3n de su documental Billie Eilish &#8211; Hit Me Hard And Soft: El Tour. Durante gran parte de&#46;&#46;&#46;","og_url":"https:\/\/noti-america.com\/site\/principal\/2026\/04\/30\/billie-eilish-confiesa-que-tuvo-una-relacion-toxica-con-su-cuerpo-tenia-muchos-problemas-con-la-comida\/","og_site_name":"Noti-America.com","article_author":"Mar\u00eda Valentina Noguera","article_published_time":"2026-04-30T20:00:53+00:00","og_image":[{"width":804,"height":634,"url":"https:\/\/noti-america.com\/site\/principal\/wp-content\/uploads\/sites\/26\/2026\/04\/Screenshot_30-4-2026_115936_imagenes.elpais.com_.jpeg","type":"image\/jpeg"}],"author":"Maria Valentina Noguera Medina","twitter_card":"summary_large_image","twitter_misc":{"Escrito por":"Maria Valentina Noguera Medina","Tiempo estimado de lectura":"2 minutos"},"schema":{"@context":"https:\/\/schema.org","@graph":[{"@type":"Article","@id":"https:\/\/noti-america.com\/site\/principal\/2026\/04\/30\/billie-eilish-confiesa-que-tuvo-una-relacion-toxica-con-su-cuerpo-tenia-muchos-problemas-con-la-comida\/#article","isPartOf":{"@id":"https:\/\/noti-america.com\/site\/principal\/2026\/04\/30\/billie-eilish-confiesa-que-tuvo-una-relacion-toxica-con-su-cuerpo-tenia-muchos-problemas-con-la-comida\/"},"author":{"name":"Maria Valentina Noguera Medina","@id":"https:\/\/noti-america.com\/site\/principal\/#\/schema\/person\/22806efcc2cfc4b45efb0e17be210ea8"},"headline":"Billie Eilish confiesa que tuvo una relaci\u00f3n t\u00f3xica con su cuerpo: \u00abTen\u00eda muchos problemas con la comida\u00bb","datePublished":"2026-04-30T20:00:53+00:00","mainEntityOfPage":{"@id":"https:\/\/noti-america.com\/site\/principal\/2026\/04\/30\/billie-eilish-confiesa-que-tuvo-una-relacion-toxica-con-su-cuerpo-tenia-muchos-problemas-con-la-comida\/"},"wordCount":376,"image":{"@id":"https:\/\/noti-america.com\/site\/principal\/2026\/04\/30\/billie-eilish-confiesa-que-tuvo-una-relacion-toxica-con-su-cuerpo-tenia-muchos-problemas-con-la-comida\/#primaryimage"},"thumbnailUrl":"https:\/\/noti-america.com\/site\/principal\/wp-content\/uploads\/sites\/26\/2026\/04\/Screenshot_30-4-2026_115936_imagenes.elpais.com_.jpeg","articleSection":["Actualidad"],"inLanguage":"es"},{"@type":"WebPage","@id":"https:\/\/noti-america.com\/site\/principal\/2026\/04\/30\/billie-eilish-confiesa-que-tuvo-una-relacion-toxica-con-su-cuerpo-tenia-muchos-problemas-con-la-comida\/","url":"https:\/\/noti-america.com\/site\/principal\/2026\/04\/30\/billie-eilish-confiesa-que-tuvo-una-relacion-toxica-con-su-cuerpo-tenia-muchos-problemas-con-la-comida\/","name":"Billie Eilish confiesa que tuvo una relaci\u00f3n t\u00f3xica con su cuerpo: \u00abTen\u00eda muchos problemas con la comida\u00bb - Noti-America.com","isPartOf":{"@id":"https:\/\/noti-america.com\/site\/principal\/#website"},"primaryImageOfPage":{"@id":"https:\/\/noti-america.com\/site\/principal\/2026\/04\/30\/billie-eilish-confiesa-que-tuvo-una-relacion-toxica-con-su-cuerpo-tenia-muchos-problemas-con-la-comida\/#primaryimage"},"image":{"@id":"https:\/\/noti-america.com\/site\/principal\/2026\/04\/30\/billie-eilish-confiesa-que-tuvo-una-relacion-toxica-con-su-cuerpo-tenia-muchos-problemas-con-la-comida\/#primaryimage"},"thumbnailUrl":"https:\/\/noti-america.com\/site\/principal\/wp-content\/uploads\/sites\/26\/2026\/04\/Screenshot_30-4-2026_115936_imagenes.elpais.com_.jpeg","datePublished":"2026-04-30T20:00:53+00:00","author":{"@id":"https:\/\/noti-america.com\/site\/principal\/#\/schema\/person\/22806efcc2cfc4b45efb0e17be210ea8"},"breadcrumb":{"@id":"https:\/\/noti-america.com\/site\/principal\/2026\/04\/30\/billie-eilish-confiesa-que-tuvo-una-relacion-toxica-con-su-cuerpo-tenia-muchos-problemas-con-la-comida\/#breadcrumb"},"inLanguage":"es","potentialAction":[{"@type":"ReadAction","target":["https:\/\/noti-america.com\/site\/principal\/2026\/04\/30\/billie-eilish-confiesa-que-tuvo-una-relacion-toxica-con-su-cuerpo-tenia-muchos-problemas-con-la-comida\/"]}]},{"@type":"ImageObject","inLanguage":"es","@id":"https:\/\/noti-america.com\/site\/principal\/2026\/04\/30\/billie-eilish-confiesa-que-tuvo-una-relacion-toxica-con-su-cuerpo-tenia-muchos-problemas-con-la-comida\/#primaryimage","url":"https:\/\/noti-america.com\/site\/principal\/wp-content\/uploads\/sites\/26\/2026\/04\/Screenshot_30-4-2026_115936_imagenes.elpais.com_.jpeg","contentUrl":"https:\/\/noti-america.com\/site\/principal\/wp-content\/uploads\/sites\/26\/2026\/04\/Screenshot_30-4-2026_115936_imagenes.elpais.com_.jpeg","width":804,"height":634},{"@type":"BreadcrumbList","@id":"https:\/\/noti-america.com\/site\/principal\/2026\/04\/30\/billie-eilish-confiesa-que-tuvo-una-relacion-toxica-con-su-cuerpo-tenia-muchos-problemas-con-la-comida\/#breadcrumb","itemListElement":[{"@type":"ListItem","position":1,"name":"Portada","item":"https:\/\/noti-america.com\/site\/principal\/"},{"@type":"ListItem","position":2,"name":"Billie Eilish confiesa que tuvo una relaci\u00f3n t\u00f3xica con su cuerpo: \u00abTen\u00eda muchos problemas con la comida\u00bb"}]},{"@type":"WebSite","@id":"https:\/\/noti-america.com\/site\/principal\/#website","url":"https:\/\/noti-america.com\/site\/principal\/","name":"Noti-America.com","description":"El Noticiero Digital M\u00e1s Grande de Am\u00e9rica","potentialAction":[{"@type":"SearchAction","target":{"@type":"EntryPoint","urlTemplate":"https:\/\/noti-america.com\/site\/principal\/?s={search_term_string}"},"query-input":{"@type":"PropertyValueSpecification","valueRequired":true,"valueName":"search_term_string"}}],"inLanguage":"es"},{"@type":"Person","@id":"https:\/\/noti-america.com\/site\/principal\/#\/schema\/person\/22806efcc2cfc4b45efb0e17be210ea8","name":"Maria Valentina Noguera Medina","image":{"@type":"ImageObject","inLanguage":"es","@id":"https:\/\/secure.gravatar.com\/avatar\/4ec5eb9d099f2608a49c9df6f7341f66f04f819cdffa09d56a7a0e91d2819d56?s=96&d=mm&r=g","url":"https:\/\/secure.gravatar.com\/avatar\/4ec5eb9d099f2608a49c9df6f7341f66f04f819cdffa09d56a7a0e91d2819d56?s=96&d=mm&r=g","contentUrl":"https:\/\/secure.gravatar.com\/avatar\/4ec5eb9d099f2608a49c9df6f7341f66f04f819cdffa09d56a7a0e91d2819d56?s=96&d=mm&r=g","caption":"Maria Valentina Noguera Medina"},"description":"Periodista - noti-america - Promar Community Manager - Talento Plus Dise\u00f1adora\/ creadora de contenido...","sameAs":["Mar\u00eda Valentina Noguera","https:\/\/www.facebook.com\/mariavalentina.noguera","https:\/\/www.linkedin.com\/in\/mara-valentina-noguera-medina-373075165\/","https:\/\/www.pinterest.es\/valentinanoguera95\/","https:\/\/www.youtube.com\/channel\/UCdek6mbUZ-Tqqw0I63i4nmQ"],"url":"https:\/\/noti-america.com\/site\/principal\/author\/mnoguera\/"}]}},"_links":{"self":[{"href":"https:\/\/noti-america.com\/site\/principal\/wp-json\/wp\/v2\/posts\/87690","targetHints":{"allow":["GET"]}}],"collection":[{"href":"https:\/\/noti-america.com\/site\/principal\/wp-json\/wp\/v2\/posts"}],"about":[{"href":"https:\/\/noti-america.com\/site\/principal\/wp-json\/wp\/v2\/types\/post"}],"author":[{"embeddable":true,"href":"https:\/\/noti-america.com\/site\/principal\/wp-json\/wp\/v2\/users\/133"}],"replies":[{"embeddable":true,"href":"https:\/\/noti-america.com\/site\/principal\/wp-json\/wp\/v2\/comments?post=87690"}],"version-history":[{"count":1,"href":"https:\/\/noti-america.com\/site\/principal\/wp-json\/wp\/v2\/posts\/87690\/revisions"}],"predecessor-version":[{"id":87736,"href":"https:\/\/noti-america.com\/site\/principal\/wp-json\/wp\/v2\/posts\/87690\/revisions\/87736"}],"wp:featuredmedia":[{"embeddable":true,"href":"https:\/\/noti-america.com\/site\/principal\/wp-json\/wp\/v2\/media\/87691"}],"wp:attachment":[{"href":"https:\/\/noti-america.com\/site\/principal\/wp-json\/wp\/v2\/media?parent=87690"}],"wp:term":[{"taxonomy":"category","embeddable":true,"href":"https:\/\/noti-america.com\/site\/principal\/wp-json\/wp\/v2\/categories?post=87690"},{"taxonomy":"post_tag","embeddable":true,"href":"https:\/\/noti-america.com\/site\/principal\/wp-json\/wp\/v2\/tags?post=87690"}],"curies":[{"name":"wp","href":"https:\/\/api.w.org\/{rel}","templated":true}]}}