{"id":87684,"date":"2026-04-30T15:28:26","date_gmt":"2026-04-30T19:28:26","guid":{"rendered":"https:\/\/noti-america.com\/site\/principal\/?p=87684"},"modified":"2026-04-30T15:28:26","modified_gmt":"2026-04-30T19:28:26","slug":"la-secuela-de-the-housemaid-se-estrenara-en-2027","status":"publish","type":"post","link":"https:\/\/noti-america.com\/site\/principal\/2026\/04\/30\/la-secuela-de-the-housemaid-se-estrenara-en-2027\/","title":{"rendered":"La secuela de &#8216;The Housemaid&#8217; se estrenar\u00e1 en 2027"},"content":{"rendered":"<p>NOTI-AMERICA.COM | CHILE<\/p>\n<p style=\"text-align: justify\">La secuela del thriller &#8216;The Housemaid&#8217;, protagonizado por Sydney Sweeney, llegar\u00e1 a los cines el 17 de diciembre de 2027, seg\u00fan inform\u00f3 Variety.<\/p>\n<p>La pel\u00edcula, titulada &#8216;The Housemaid&#8217;s Secret&#8217;, ser\u00e1 la continuaci\u00f3n del \u00e9xito estrenado en 2025, que se convirti\u00f3 en un fen\u00f3meno de taquilla y recaud\u00f3 cerca de 400 millones de d\u00f3lares en todo el mundo.<\/p>\n<p>El proyecto volver\u00e1 a contar con la direcci\u00f3n de Paul Feig (&#8216;Bridesmaid&#8217;) y estar\u00e1 basado en el segundo libro de la saga literaria firmada por Freida McFadden. La guionista Rebecca Sonnenshine, que adapt\u00f3 el primer libro, es responsable de la adaptaci\u00f3n de este nuevo proyecto.<\/p>\n<p>Adem\u00e1s de Sydenay Sweeney, el reparto incorporar\u00e1 a Kirsten Dunst como protagonista.<\/p>\n<p>La secuela comenzar\u00e1 su producci\u00f3n en 2026, consolidando as\u00ed una franquicia que ha ganado notoriedad tras el \u00e9xito del primer filme y el creciente inter\u00e9s del p\u00fablico por las adaptaciones de thrillers literarios.<\/p>\n","protected":false},"excerpt":{"rendered":"<p>NOTI-AMERICA.COM | CHILE La secuela del thriller &#8216;The Housemaid&#8217;, protagonizado por Sydney Sweeney, llegar\u00e1 a los cines el 17 de diciembre de 2027, seg\u00fan inform\u00f3 Variety. La pel\u00edcula, titulada &#8216;The Housemaid&#8217;s Secret&#8217;, ser\u00e1 la&#46;&#46;&#46;<\/p>\n","protected":false},"author":133,"featured_media":87685,"comment_status":"","ping_status":"open","sticky":false,"template":"","format":"image","meta":{"_acf_changed":false,"rop_custom_images_group":[],"rop_custom_messages_group":[],"rop_publish_now":"no","rop_publish_now_accounts":{"facebook_10219548024599422_1632221337088128":"","twitter_242054905_242054905":""},"rop_publish_now_history":[{"account":"twitter_242054905_242054905","service":"twitter","timestamp":1777577330,"status":"success"}],"rop_publish_now_status":"done","footnotes":""},"categories":[853],"tags":[],"class_list":["post-87684","post","type-post","status-publish","format-image","has-post-thumbnail","hentry","category-entretenimiento","post_format-post-format-image"],"acf":[],"yoast_head":"<!-- This site is optimized with the Yoast SEO Premium plugin v24.9 (Yoast SEO v27.2) - https:\/\/yoast.com\/product\/yoast-seo-premium-wordpress\/ -->\n<title>La secuela de &#8216;The Housemaid&#8217; se estrenar\u00e1 en 2027 - Noti-America.com<\/title>\n<meta name=\"robots\" content=\"index, follow, max-snippet:-1, max-image-preview:large, max-video-preview:-1\" \/>\n<link rel=\"canonical\" href=\"https:\/\/noti-america.com\/site\/principal\/2026\/04\/30\/la-secuela-de-the-housemaid-se-estrenara-en-2027\/\" \/>\n<meta property=\"og:locale\" content=\"es_ES\" \/>\n<meta property=\"og:type\" content=\"article\" \/>\n<meta property=\"og:title\" content=\"La secuela de &#8216;The Housemaid&#8217; se estrenar\u00e1 en 2027\" \/>\n<meta property=\"og:description\" content=\"NOTI-AMERICA.COM | CHILE La secuela del thriller &#8216;The Housemaid&#8217;, protagonizado por Sydney Sweeney, llegar\u00e1 a los cines el 17 de diciembre de 2027, seg\u00fan inform\u00f3 Variety. La pel\u00edcula, titulada &#8216;The Housemaid&#8217;s Secret&#8217;, ser\u00e1 la&#046;&#046;&#046;\" \/>\n<meta property=\"og:url\" content=\"https:\/\/noti-america.com\/site\/principal\/2026\/04\/30\/la-secuela-de-the-housemaid-se-estrenara-en-2027\/\" \/>\n<meta property=\"og:site_name\" content=\"Noti-America.com\" \/>\n<meta property=\"article:author\" content=\"Mar\u00eda Valentina Noguera\" \/>\n<meta property=\"article:published_time\" content=\"2026-04-30T19:28:26+00:00\" \/>\n<meta property=\"og:image\" content=\"https:\/\/noti-america.com\/site\/principal\/wp-content\/uploads\/sites\/26\/2026\/04\/Screenshot_30-4-2026_112737_spoiler.mx_.jpeg\" \/>\n\t<meta property=\"og:image:width\" content=\"1354\" \/>\n\t<meta property=\"og:image:height\" content=\"623\" \/>\n\t<meta property=\"og:image:type\" content=\"image\/jpeg\" \/>\n<meta name=\"author\" content=\"Maria Valentina Noguera Medina\" \/>\n<meta name=\"twitter:card\" content=\"summary_large_image\" \/>\n<meta name=\"twitter:label1\" content=\"Escrito por\" \/>\n\t<meta name=\"twitter:data1\" content=\"Maria Valentina Noguera Medina\" \/>\n\t<meta name=\"twitter:label2\" content=\"Tiempo estimado de lectura\" \/>\n\t<meta name=\"twitter:data2\" content=\"1 minuto\" \/>\n<script type=\"application\/ld+json\" class=\"yoast-schema-graph\">{\"@context\":\"https:\/\/schema.org\",\"@graph\":[{\"@type\":\"Article\",\"@id\":\"https:\/\/noti-america.com\/site\/principal\/2026\/04\/30\/la-secuela-de-the-housemaid-se-estrenara-en-2027\/#article\",\"isPartOf\":{\"@id\":\"https:\/\/noti-america.com\/site\/principal\/2026\/04\/30\/la-secuela-de-the-housemaid-se-estrenara-en-2027\/\"},\"author\":{\"name\":\"Maria Valentina Noguera Medina\",\"@id\":\"https:\/\/noti-america.com\/site\/principal\/#\/schema\/person\/22806efcc2cfc4b45efb0e17be210ea8\"},\"headline\":\"La secuela de &#8216;The Housemaid&#8217; se estrenar\u00e1 en 2027\",\"datePublished\":\"2026-04-30T19:28:26+00:00\",\"mainEntityOfPage\":{\"@id\":\"https:\/\/noti-america.com\/site\/principal\/2026\/04\/30\/la-secuela-de-the-housemaid-se-estrenara-en-2027\/\"},\"wordCount\":165,\"image\":{\"@id\":\"https:\/\/noti-america.com\/site\/principal\/2026\/04\/30\/la-secuela-de-the-housemaid-se-estrenara-en-2027\/#primaryimage\"},\"thumbnailUrl\":\"https:\/\/noti-america.com\/site\/principal\/wp-content\/uploads\/sites\/26\/2026\/04\/Screenshot_30-4-2026_112737_spoiler.mx_.jpeg\",\"articleSection\":[\"Entretenimiento\"],\"inLanguage\":\"es\"},{\"@type\":\"WebPage\",\"@id\":\"https:\/\/noti-america.com\/site\/principal\/2026\/04\/30\/la-secuela-de-the-housemaid-se-estrenara-en-2027\/\",\"url\":\"https:\/\/noti-america.com\/site\/principal\/2026\/04\/30\/la-secuela-de-the-housemaid-se-estrenara-en-2027\/\",\"name\":\"La secuela de &#8216;The Housemaid&#8217; se estrenar\u00e1 en 2027 - Noti-America.com\",\"isPartOf\":{\"@id\":\"https:\/\/noti-america.com\/site\/principal\/#website\"},\"primaryImageOfPage\":{\"@id\":\"https:\/\/noti-america.com\/site\/principal\/2026\/04\/30\/la-secuela-de-the-housemaid-se-estrenara-en-2027\/#primaryimage\"},\"image\":{\"@id\":\"https:\/\/noti-america.com\/site\/principal\/2026\/04\/30\/la-secuela-de-the-housemaid-se-estrenara-en-2027\/#primaryimage\"},\"thumbnailUrl\":\"https:\/\/noti-america.com\/site\/principal\/wp-content\/uploads\/sites\/26\/2026\/04\/Screenshot_30-4-2026_112737_spoiler.mx_.jpeg\",\"datePublished\":\"2026-04-30T19:28:26+00:00\",\"author\":{\"@id\":\"https:\/\/noti-america.com\/site\/principal\/#\/schema\/person\/22806efcc2cfc4b45efb0e17be210ea8\"},\"breadcrumb\":{\"@id\":\"https:\/\/noti-america.com\/site\/principal\/2026\/04\/30\/la-secuela-de-the-housemaid-se-estrenara-en-2027\/#breadcrumb\"},\"inLanguage\":\"es\",\"potentialAction\":[{\"@type\":\"ReadAction\",\"target\":[\"https:\/\/noti-america.com\/site\/principal\/2026\/04\/30\/la-secuela-de-the-housemaid-se-estrenara-en-2027\/\"]}]},{\"@type\":\"ImageObject\",\"inLanguage\":\"es\",\"@id\":\"https:\/\/noti-america.com\/site\/principal\/2026\/04\/30\/la-secuela-de-the-housemaid-se-estrenara-en-2027\/#primaryimage\",\"url\":\"https:\/\/noti-america.com\/site\/principal\/wp-content\/uploads\/sites\/26\/2026\/04\/Screenshot_30-4-2026_112737_spoiler.mx_.jpeg\",\"contentUrl\":\"https:\/\/noti-america.com\/site\/principal\/wp-content\/uploads\/sites\/26\/2026\/04\/Screenshot_30-4-2026_112737_spoiler.mx_.jpeg\",\"width\":1354,\"height\":623},{\"@type\":\"BreadcrumbList\",\"@id\":\"https:\/\/noti-america.com\/site\/principal\/2026\/04\/30\/la-secuela-de-the-housemaid-se-estrenara-en-2027\/#breadcrumb\",\"itemListElement\":[{\"@type\":\"ListItem\",\"position\":1,\"name\":\"Portada\",\"item\":\"https:\/\/noti-america.com\/site\/principal\/\"},{\"@type\":\"ListItem\",\"position\":2,\"name\":\"La secuela de &#8216;The Housemaid&#8217; se estrenar\u00e1 en 2027\"}]},{\"@type\":\"WebSite\",\"@id\":\"https:\/\/noti-america.com\/site\/principal\/#website\",\"url\":\"https:\/\/noti-america.com\/site\/principal\/\",\"name\":\"Noti-America.com\",\"description\":\"El Noticiero Digital M\u00e1s Grande de Am\u00e9rica\",\"potentialAction\":[{\"@type\":\"SearchAction\",\"target\":{\"@type\":\"EntryPoint\",\"urlTemplate\":\"https:\/\/noti-america.com\/site\/principal\/?s={search_term_string}\"},\"query-input\":{\"@type\":\"PropertyValueSpecification\",\"valueRequired\":true,\"valueName\":\"search_term_string\"}}],\"inLanguage\":\"es\"},{\"@type\":\"Person\",\"@id\":\"https:\/\/noti-america.com\/site\/principal\/#\/schema\/person\/22806efcc2cfc4b45efb0e17be210ea8\",\"name\":\"Maria Valentina Noguera Medina\",\"image\":{\"@type\":\"ImageObject\",\"inLanguage\":\"es\",\"@id\":\"https:\/\/secure.gravatar.com\/avatar\/4ec5eb9d099f2608a49c9df6f7341f66f04f819cdffa09d56a7a0e91d2819d56?s=96&d=mm&r=g\",\"url\":\"https:\/\/secure.gravatar.com\/avatar\/4ec5eb9d099f2608a49c9df6f7341f66f04f819cdffa09d56a7a0e91d2819d56?s=96&d=mm&r=g\",\"contentUrl\":\"https:\/\/secure.gravatar.com\/avatar\/4ec5eb9d099f2608a49c9df6f7341f66f04f819cdffa09d56a7a0e91d2819d56?s=96&d=mm&r=g\",\"caption\":\"Maria Valentina Noguera Medina\"},\"description\":\"Periodista - noti-america - Promar Community Manager - Talento Plus Dise\u00f1adora\/ creadora de contenido...\",\"sameAs\":[\"Mar\u00eda Valentina Noguera\",\"https:\/\/www.facebook.com\/mariavalentina.noguera\",\"https:\/\/www.linkedin.com\/in\/mara-valentina-noguera-medina-373075165\/\",\"https:\/\/www.pinterest.es\/valentinanoguera95\/\",\"https:\/\/www.youtube.com\/channel\/UCdek6mbUZ-Tqqw0I63i4nmQ\"],\"url\":\"https:\/\/noti-america.com\/site\/principal\/author\/mnoguera\/\"}]}<\/script>\n<!-- \/ Yoast SEO Premium plugin. -->","yoast_head_json":{"title":"La secuela de &#8216;The Housemaid&#8217; se estrenar\u00e1 en 2027 - Noti-America.com","robots":{"index":"index","follow":"follow","max-snippet":"max-snippet:-1","max-image-preview":"max-image-preview:large","max-video-preview":"max-video-preview:-1"},"canonical":"https:\/\/noti-america.com\/site\/principal\/2026\/04\/30\/la-secuela-de-the-housemaid-se-estrenara-en-2027\/","og_locale":"es_ES","og_type":"article","og_title":"La secuela de &#8216;The Housemaid&#8217; se estrenar\u00e1 en 2027","og_description":"NOTI-AMERICA.COM | CHILE La secuela del thriller &#8216;The Housemaid&#8217;, protagonizado por Sydney Sweeney, llegar\u00e1 a los cines el 17 de diciembre de 2027, seg\u00fan inform\u00f3 Variety. La pel\u00edcula, titulada &#8216;The Housemaid&#8217;s Secret&#8217;, ser\u00e1 la&#46;&#46;&#46;","og_url":"https:\/\/noti-america.com\/site\/principal\/2026\/04\/30\/la-secuela-de-the-housemaid-se-estrenara-en-2027\/","og_site_name":"Noti-America.com","article_author":"Mar\u00eda Valentina Noguera","article_published_time":"2026-04-30T19:28:26+00:00","og_image":[{"width":1354,"height":623,"url":"https:\/\/noti-america.com\/site\/principal\/wp-content\/uploads\/sites\/26\/2026\/04\/Screenshot_30-4-2026_112737_spoiler.mx_.jpeg","type":"image\/jpeg"}],"author":"Maria Valentina Noguera Medina","twitter_card":"summary_large_image","twitter_misc":{"Escrito por":"Maria Valentina Noguera Medina","Tiempo estimado de lectura":"1 minuto"},"schema":{"@context":"https:\/\/schema.org","@graph":[{"@type":"Article","@id":"https:\/\/noti-america.com\/site\/principal\/2026\/04\/30\/la-secuela-de-the-housemaid-se-estrenara-en-2027\/#article","isPartOf":{"@id":"https:\/\/noti-america.com\/site\/principal\/2026\/04\/30\/la-secuela-de-the-housemaid-se-estrenara-en-2027\/"},"author":{"name":"Maria Valentina Noguera Medina","@id":"https:\/\/noti-america.com\/site\/principal\/#\/schema\/person\/22806efcc2cfc4b45efb0e17be210ea8"},"headline":"La secuela de &#8216;The Housemaid&#8217; se estrenar\u00e1 en 2027","datePublished":"2026-04-30T19:28:26+00:00","mainEntityOfPage":{"@id":"https:\/\/noti-america.com\/site\/principal\/2026\/04\/30\/la-secuela-de-the-housemaid-se-estrenara-en-2027\/"},"wordCount":165,"image":{"@id":"https:\/\/noti-america.com\/site\/principal\/2026\/04\/30\/la-secuela-de-the-housemaid-se-estrenara-en-2027\/#primaryimage"},"thumbnailUrl":"https:\/\/noti-america.com\/site\/principal\/wp-content\/uploads\/sites\/26\/2026\/04\/Screenshot_30-4-2026_112737_spoiler.mx_.jpeg","articleSection":["Entretenimiento"],"inLanguage":"es"},{"@type":"WebPage","@id":"https:\/\/noti-america.com\/site\/principal\/2026\/04\/30\/la-secuela-de-the-housemaid-se-estrenara-en-2027\/","url":"https:\/\/noti-america.com\/site\/principal\/2026\/04\/30\/la-secuela-de-the-housemaid-se-estrenara-en-2027\/","name":"La secuela de &#8216;The Housemaid&#8217; se estrenar\u00e1 en 2027 - Noti-America.com","isPartOf":{"@id":"https:\/\/noti-america.com\/site\/principal\/#website"},"primaryImageOfPage":{"@id":"https:\/\/noti-america.com\/site\/principal\/2026\/04\/30\/la-secuela-de-the-housemaid-se-estrenara-en-2027\/#primaryimage"},"image":{"@id":"https:\/\/noti-america.com\/site\/principal\/2026\/04\/30\/la-secuela-de-the-housemaid-se-estrenara-en-2027\/#primaryimage"},"thumbnailUrl":"https:\/\/noti-america.com\/site\/principal\/wp-content\/uploads\/sites\/26\/2026\/04\/Screenshot_30-4-2026_112737_spoiler.mx_.jpeg","datePublished":"2026-04-30T19:28:26+00:00","author":{"@id":"https:\/\/noti-america.com\/site\/principal\/#\/schema\/person\/22806efcc2cfc4b45efb0e17be210ea8"},"breadcrumb":{"@id":"https:\/\/noti-america.com\/site\/principal\/2026\/04\/30\/la-secuela-de-the-housemaid-se-estrenara-en-2027\/#breadcrumb"},"inLanguage":"es","potentialAction":[{"@type":"ReadAction","target":["https:\/\/noti-america.com\/site\/principal\/2026\/04\/30\/la-secuela-de-the-housemaid-se-estrenara-en-2027\/"]}]},{"@type":"ImageObject","inLanguage":"es","@id":"https:\/\/noti-america.com\/site\/principal\/2026\/04\/30\/la-secuela-de-the-housemaid-se-estrenara-en-2027\/#primaryimage","url":"https:\/\/noti-america.com\/site\/principal\/wp-content\/uploads\/sites\/26\/2026\/04\/Screenshot_30-4-2026_112737_spoiler.mx_.jpeg","contentUrl":"https:\/\/noti-america.com\/site\/principal\/wp-content\/uploads\/sites\/26\/2026\/04\/Screenshot_30-4-2026_112737_spoiler.mx_.jpeg","width":1354,"height":623},{"@type":"BreadcrumbList","@id":"https:\/\/noti-america.com\/site\/principal\/2026\/04\/30\/la-secuela-de-the-housemaid-se-estrenara-en-2027\/#breadcrumb","itemListElement":[{"@type":"ListItem","position":1,"name":"Portada","item":"https:\/\/noti-america.com\/site\/principal\/"},{"@type":"ListItem","position":2,"name":"La secuela de &#8216;The Housemaid&#8217; se estrenar\u00e1 en 2027"}]},{"@type":"WebSite","@id":"https:\/\/noti-america.com\/site\/principal\/#website","url":"https:\/\/noti-america.com\/site\/principal\/","name":"Noti-America.com","description":"El Noticiero Digital M\u00e1s Grande de Am\u00e9rica","potentialAction":[{"@type":"SearchAction","target":{"@type":"EntryPoint","urlTemplate":"https:\/\/noti-america.com\/site\/principal\/?s={search_term_string}"},"query-input":{"@type":"PropertyValueSpecification","valueRequired":true,"valueName":"search_term_string"}}],"inLanguage":"es"},{"@type":"Person","@id":"https:\/\/noti-america.com\/site\/principal\/#\/schema\/person\/22806efcc2cfc4b45efb0e17be210ea8","name":"Maria Valentina Noguera Medina","image":{"@type":"ImageObject","inLanguage":"es","@id":"https:\/\/secure.gravatar.com\/avatar\/4ec5eb9d099f2608a49c9df6f7341f66f04f819cdffa09d56a7a0e91d2819d56?s=96&d=mm&r=g","url":"https:\/\/secure.gravatar.com\/avatar\/4ec5eb9d099f2608a49c9df6f7341f66f04f819cdffa09d56a7a0e91d2819d56?s=96&d=mm&r=g","contentUrl":"https:\/\/secure.gravatar.com\/avatar\/4ec5eb9d099f2608a49c9df6f7341f66f04f819cdffa09d56a7a0e91d2819d56?s=96&d=mm&r=g","caption":"Maria Valentina Noguera Medina"},"description":"Periodista - noti-america - Promar Community Manager - Talento Plus Dise\u00f1adora\/ creadora de contenido...","sameAs":["Mar\u00eda Valentina Noguera","https:\/\/www.facebook.com\/mariavalentina.noguera","https:\/\/www.linkedin.com\/in\/mara-valentina-noguera-medina-373075165\/","https:\/\/www.pinterest.es\/valentinanoguera95\/","https:\/\/www.youtube.com\/channel\/UCdek6mbUZ-Tqqw0I63i4nmQ"],"url":"https:\/\/noti-america.com\/site\/principal\/author\/mnoguera\/"}]}},"_links":{"self":[{"href":"https:\/\/noti-america.com\/site\/principal\/wp-json\/wp\/v2\/posts\/87684","targetHints":{"allow":["GET"]}}],"collection":[{"href":"https:\/\/noti-america.com\/site\/principal\/wp-json\/wp\/v2\/posts"}],"about":[{"href":"https:\/\/noti-america.com\/site\/principal\/wp-json\/wp\/v2\/types\/post"}],"author":[{"embeddable":true,"href":"https:\/\/noti-america.com\/site\/principal\/wp-json\/wp\/v2\/users\/133"}],"replies":[{"embeddable":true,"href":"https:\/\/noti-america.com\/site\/principal\/wp-json\/wp\/v2\/comments?post=87684"}],"version-history":[{"count":1,"href":"https:\/\/noti-america.com\/site\/principal\/wp-json\/wp\/v2\/posts\/87684\/revisions"}],"predecessor-version":[{"id":87731,"href":"https:\/\/noti-america.com\/site\/principal\/wp-json\/wp\/v2\/posts\/87684\/revisions\/87731"}],"wp:featuredmedia":[{"embeddable":true,"href":"https:\/\/noti-america.com\/site\/principal\/wp-json\/wp\/v2\/media\/87685"}],"wp:attachment":[{"href":"https:\/\/noti-america.com\/site\/principal\/wp-json\/wp\/v2\/media?parent=87684"}],"wp:term":[{"taxonomy":"category","embeddable":true,"href":"https:\/\/noti-america.com\/site\/principal\/wp-json\/wp\/v2\/categories?post=87684"},{"taxonomy":"post_tag","embeddable":true,"href":"https:\/\/noti-america.com\/site\/principal\/wp-json\/wp\/v2\/tags?post=87684"}],"curies":[{"name":"wp","href":"https:\/\/api.w.org\/{rel}","templated":true}]}}