{"id":87676,"date":"2026-04-30T12:11:22","date_gmt":"2026-04-30T16:11:22","guid":{"rendered":"https:\/\/noti-america.com\/site\/principal\/?p=87676"},"modified":"2026-04-30T12:11:22","modified_gmt":"2026-04-30T16:11:22","slug":"anitta-anuncia-el-lanzamiento-de-su-octavo-disco","status":"publish","type":"post","link":"https:\/\/noti-america.com\/site\/principal\/2026\/04\/30\/anitta-anuncia-el-lanzamiento-de-su-octavo-disco\/","title":{"rendered":"Anitta anuncia el lanzamiento de su octavo disco"},"content":{"rendered":"<p>NOTI-AMERICA.COM | ARGENTINA<\/p>\n<p style=\"text-align: justify\">La cantante brasile\u00f1a Anitta anunci\u00f3 el lanzamiento de su octavo \u00e1lbum de estudio, titulado &#8216;Equilibrivm&#8217;, que estar\u00e1 disponible en todas las plataformas digitales.<\/p>\n<p style=\"text-align: justify\">El nuevo trabajo, cuyo t\u00edtulo estilizado resalta en &#8216;EquilibrIVm&#8217; el n\u00famero romano \u00abIV\u00bb en alusi\u00f3n a su cuarto \u00e1lbum orientado al mercado global, incluye canciones en portugu\u00e9s, espa\u00f1ol e ingl\u00e9s, en l\u00ednea con la estrategia internacional que la artista ha consolidado en los \u00faltimos a\u00f1os.<\/p>\n<p style=\"text-align: justify\">Seg\u00fan la informaci\u00f3n ya divulgada por los productores, el disco ser\u00e1 presentado en dos fases. La primera estar\u00e1 enfocada en el p\u00fablico brasile\u00f1o, con temas in\u00e9ditos en portugu\u00e9s que exploran g\u00e9neros como el funk, el samba y el reggae, reafirmando la versatilidad de la cantante.<\/p>\n<p style=\"text-align: justify\">Entre las colaboraciones confirmadas figuran artistas como Luedji Luna y Rincon Sapi\u00eancia, lo que ampl\u00eda la diversidad sonora del proyecto.<\/p>\n<p style=\"text-align: justify\">Algunas canciones, como \u00abPinterest\u00bb, ya hab\u00edan sido adelantadas como sencillo, mientras que otras fueron presentadas en actuaciones recientes de la artista.<\/p>\n<p style=\"text-align: justify\">El \u00e1lbum tambi\u00e9n incluir\u00e1 una segunda etapa con temas en espa\u00f1ol e ingl\u00e9s, as\u00ed como adaptaciones y relecturas de composiciones brasile\u00f1as, lo que refuerza su proyecci\u00f3n global.<\/p>\n","protected":false},"excerpt":{"rendered":"<p>NOTI-AMERICA.COM | ARGENTINA La cantante brasile\u00f1a Anitta anunci\u00f3 el lanzamiento de su octavo \u00e1lbum de estudio, titulado &#8216;Equilibrivm&#8217;, que estar\u00e1 disponible en todas las plataformas digitales. El nuevo trabajo, cuyo t\u00edtulo estilizado resalta en&#46;&#46;&#46;<\/p>\n","protected":false},"author":133,"featured_media":87677,"comment_status":"","ping_status":"open","sticky":false,"template":"","format":"image","meta":{"_acf_changed":false,"rop_custom_images_group":[],"rop_custom_messages_group":[],"rop_publish_now":"no","rop_publish_now_accounts":[],"rop_publish_now_history":[],"rop_publish_now_status":"pending","footnotes":""},"categories":[663],"tags":[],"class_list":["post-87676","post","type-post","status-publish","format-image","has-post-thumbnail","hentry","category-actualidad","post_format-post-format-image"],"acf":[],"yoast_head":"<!-- This site is optimized with the Yoast SEO Premium plugin v24.9 (Yoast SEO v27.2) - https:\/\/yoast.com\/product\/yoast-seo-premium-wordpress\/ -->\n<title>Anitta anuncia el lanzamiento de su octavo disco - Noti-America.com<\/title>\n<meta name=\"robots\" content=\"index, follow, max-snippet:-1, max-image-preview:large, max-video-preview:-1\" \/>\n<link rel=\"canonical\" href=\"https:\/\/noti-america.com\/site\/principal\/2026\/04\/30\/anitta-anuncia-el-lanzamiento-de-su-octavo-disco\/\" \/>\n<meta property=\"og:locale\" content=\"es_ES\" \/>\n<meta property=\"og:type\" content=\"article\" \/>\n<meta property=\"og:title\" content=\"Anitta anuncia el lanzamiento de su octavo disco\" \/>\n<meta property=\"og:description\" content=\"NOTI-AMERICA.COM | ARGENTINA La cantante brasile\u00f1a Anitta anunci\u00f3 el lanzamiento de su octavo \u00e1lbum de estudio, titulado &#8216;Equilibrivm&#8217;, que estar\u00e1 disponible en todas las plataformas digitales. El nuevo trabajo, cuyo t\u00edtulo estilizado resalta en&#046;&#046;&#046;\" \/>\n<meta property=\"og:url\" content=\"https:\/\/noti-america.com\/site\/principal\/2026\/04\/30\/anitta-anuncia-el-lanzamiento-de-su-octavo-disco\/\" \/>\n<meta property=\"og:site_name\" content=\"Noti-America.com\" \/>\n<meta property=\"article:author\" content=\"Mar\u00eda Valentina Noguera\" \/>\n<meta property=\"article:published_time\" content=\"2026-04-30T16:11:22+00:00\" \/>\n<meta property=\"og:image\" content=\"https:\/\/noti-america.com\/site\/principal\/wp-content\/uploads\/sites\/26\/2026\/04\/Screenshot_30-4-2026_11106_imagenes.elpais.com_.jpeg\" \/>\n\t<meta property=\"og:image:width\" content=\"1116\" \/>\n\t<meta property=\"og:image:height\" content=\"636\" \/>\n\t<meta property=\"og:image:type\" content=\"image\/jpeg\" \/>\n<meta name=\"author\" content=\"Maria Valentina Noguera Medina\" \/>\n<meta name=\"twitter:card\" content=\"summary_large_image\" \/>\n<meta name=\"twitter:label1\" content=\"Escrito por\" \/>\n\t<meta name=\"twitter:data1\" content=\"Maria Valentina Noguera Medina\" \/>\n\t<meta name=\"twitter:label2\" content=\"Tiempo estimado de lectura\" \/>\n\t<meta name=\"twitter:data2\" content=\"1 minuto\" \/>\n<script type=\"application\/ld+json\" class=\"yoast-schema-graph\">{\"@context\":\"https:\/\/schema.org\",\"@graph\":[{\"@type\":\"Article\",\"@id\":\"https:\/\/noti-america.com\/site\/principal\/2026\/04\/30\/anitta-anuncia-el-lanzamiento-de-su-octavo-disco\/#article\",\"isPartOf\":{\"@id\":\"https:\/\/noti-america.com\/site\/principal\/2026\/04\/30\/anitta-anuncia-el-lanzamiento-de-su-octavo-disco\/\"},\"author\":{\"name\":\"Maria Valentina Noguera Medina\",\"@id\":\"https:\/\/noti-america.com\/site\/principal\/#\/schema\/person\/22806efcc2cfc4b45efb0e17be210ea8\"},\"headline\":\"Anitta anuncia el lanzamiento de su octavo disco\",\"datePublished\":\"2026-04-30T16:11:22+00:00\",\"mainEntityOfPage\":{\"@id\":\"https:\/\/noti-america.com\/site\/principal\/2026\/04\/30\/anitta-anuncia-el-lanzamiento-de-su-octavo-disco\/\"},\"wordCount\":216,\"image\":{\"@id\":\"https:\/\/noti-america.com\/site\/principal\/2026\/04\/30\/anitta-anuncia-el-lanzamiento-de-su-octavo-disco\/#primaryimage\"},\"thumbnailUrl\":\"https:\/\/noti-america.com\/site\/principal\/wp-content\/uploads\/sites\/26\/2026\/04\/Screenshot_30-4-2026_11106_imagenes.elpais.com_.jpeg\",\"articleSection\":[\"Actualidad\"],\"inLanguage\":\"es\"},{\"@type\":\"WebPage\",\"@id\":\"https:\/\/noti-america.com\/site\/principal\/2026\/04\/30\/anitta-anuncia-el-lanzamiento-de-su-octavo-disco\/\",\"url\":\"https:\/\/noti-america.com\/site\/principal\/2026\/04\/30\/anitta-anuncia-el-lanzamiento-de-su-octavo-disco\/\",\"name\":\"Anitta anuncia el lanzamiento de su octavo disco - Noti-America.com\",\"isPartOf\":{\"@id\":\"https:\/\/noti-america.com\/site\/principal\/#website\"},\"primaryImageOfPage\":{\"@id\":\"https:\/\/noti-america.com\/site\/principal\/2026\/04\/30\/anitta-anuncia-el-lanzamiento-de-su-octavo-disco\/#primaryimage\"},\"image\":{\"@id\":\"https:\/\/noti-america.com\/site\/principal\/2026\/04\/30\/anitta-anuncia-el-lanzamiento-de-su-octavo-disco\/#primaryimage\"},\"thumbnailUrl\":\"https:\/\/noti-america.com\/site\/principal\/wp-content\/uploads\/sites\/26\/2026\/04\/Screenshot_30-4-2026_11106_imagenes.elpais.com_.jpeg\",\"datePublished\":\"2026-04-30T16:11:22+00:00\",\"author\":{\"@id\":\"https:\/\/noti-america.com\/site\/principal\/#\/schema\/person\/22806efcc2cfc4b45efb0e17be210ea8\"},\"breadcrumb\":{\"@id\":\"https:\/\/noti-america.com\/site\/principal\/2026\/04\/30\/anitta-anuncia-el-lanzamiento-de-su-octavo-disco\/#breadcrumb\"},\"inLanguage\":\"es\",\"potentialAction\":[{\"@type\":\"ReadAction\",\"target\":[\"https:\/\/noti-america.com\/site\/principal\/2026\/04\/30\/anitta-anuncia-el-lanzamiento-de-su-octavo-disco\/\"]}]},{\"@type\":\"ImageObject\",\"inLanguage\":\"es\",\"@id\":\"https:\/\/noti-america.com\/site\/principal\/2026\/04\/30\/anitta-anuncia-el-lanzamiento-de-su-octavo-disco\/#primaryimage\",\"url\":\"https:\/\/noti-america.com\/site\/principal\/wp-content\/uploads\/sites\/26\/2026\/04\/Screenshot_30-4-2026_11106_imagenes.elpais.com_.jpeg\",\"contentUrl\":\"https:\/\/noti-america.com\/site\/principal\/wp-content\/uploads\/sites\/26\/2026\/04\/Screenshot_30-4-2026_11106_imagenes.elpais.com_.jpeg\",\"width\":1116,\"height\":636},{\"@type\":\"BreadcrumbList\",\"@id\":\"https:\/\/noti-america.com\/site\/principal\/2026\/04\/30\/anitta-anuncia-el-lanzamiento-de-su-octavo-disco\/#breadcrumb\",\"itemListElement\":[{\"@type\":\"ListItem\",\"position\":1,\"name\":\"Portada\",\"item\":\"https:\/\/noti-america.com\/site\/principal\/\"},{\"@type\":\"ListItem\",\"position\":2,\"name\":\"Anitta anuncia el lanzamiento de su octavo disco\"}]},{\"@type\":\"WebSite\",\"@id\":\"https:\/\/noti-america.com\/site\/principal\/#website\",\"url\":\"https:\/\/noti-america.com\/site\/principal\/\",\"name\":\"Noti-America.com\",\"description\":\"El Noticiero Digital M\u00e1s Grande de Am\u00e9rica\",\"potentialAction\":[{\"@type\":\"SearchAction\",\"target\":{\"@type\":\"EntryPoint\",\"urlTemplate\":\"https:\/\/noti-america.com\/site\/principal\/?s={search_term_string}\"},\"query-input\":{\"@type\":\"PropertyValueSpecification\",\"valueRequired\":true,\"valueName\":\"search_term_string\"}}],\"inLanguage\":\"es\"},{\"@type\":\"Person\",\"@id\":\"https:\/\/noti-america.com\/site\/principal\/#\/schema\/person\/22806efcc2cfc4b45efb0e17be210ea8\",\"name\":\"Maria Valentina Noguera Medina\",\"image\":{\"@type\":\"ImageObject\",\"inLanguage\":\"es\",\"@id\":\"https:\/\/secure.gravatar.com\/avatar\/4ec5eb9d099f2608a49c9df6f7341f66f04f819cdffa09d56a7a0e91d2819d56?s=96&d=mm&r=g\",\"url\":\"https:\/\/secure.gravatar.com\/avatar\/4ec5eb9d099f2608a49c9df6f7341f66f04f819cdffa09d56a7a0e91d2819d56?s=96&d=mm&r=g\",\"contentUrl\":\"https:\/\/secure.gravatar.com\/avatar\/4ec5eb9d099f2608a49c9df6f7341f66f04f819cdffa09d56a7a0e91d2819d56?s=96&d=mm&r=g\",\"caption\":\"Maria Valentina Noguera Medina\"},\"description\":\"Periodista - noti-america - Promar Community Manager - Talento Plus Dise\u00f1adora\/ creadora de contenido...\",\"sameAs\":[\"Mar\u00eda Valentina Noguera\",\"https:\/\/www.facebook.com\/mariavalentina.noguera\",\"https:\/\/www.linkedin.com\/in\/mara-valentina-noguera-medina-373075165\/\",\"https:\/\/www.pinterest.es\/valentinanoguera95\/\",\"https:\/\/www.youtube.com\/channel\/UCdek6mbUZ-Tqqw0I63i4nmQ\"],\"url\":\"https:\/\/noti-america.com\/site\/principal\/author\/mnoguera\/\"}]}<\/script>\n<!-- \/ Yoast SEO Premium plugin. -->","yoast_head_json":{"title":"Anitta anuncia el lanzamiento de su octavo disco - Noti-America.com","robots":{"index":"index","follow":"follow","max-snippet":"max-snippet:-1","max-image-preview":"max-image-preview:large","max-video-preview":"max-video-preview:-1"},"canonical":"https:\/\/noti-america.com\/site\/principal\/2026\/04\/30\/anitta-anuncia-el-lanzamiento-de-su-octavo-disco\/","og_locale":"es_ES","og_type":"article","og_title":"Anitta anuncia el lanzamiento de su octavo disco","og_description":"NOTI-AMERICA.COM | ARGENTINA La cantante brasile\u00f1a Anitta anunci\u00f3 el lanzamiento de su octavo \u00e1lbum de estudio, titulado &#8216;Equilibrivm&#8217;, que estar\u00e1 disponible en todas las plataformas digitales. El nuevo trabajo, cuyo t\u00edtulo estilizado resalta en&#46;&#46;&#46;","og_url":"https:\/\/noti-america.com\/site\/principal\/2026\/04\/30\/anitta-anuncia-el-lanzamiento-de-su-octavo-disco\/","og_site_name":"Noti-America.com","article_author":"Mar\u00eda Valentina Noguera","article_published_time":"2026-04-30T16:11:22+00:00","og_image":[{"width":1116,"height":636,"url":"https:\/\/noti-america.com\/site\/principal\/wp-content\/uploads\/sites\/26\/2026\/04\/Screenshot_30-4-2026_11106_imagenes.elpais.com_.jpeg","type":"image\/jpeg"}],"author":"Maria Valentina Noguera Medina","twitter_card":"summary_large_image","twitter_misc":{"Escrito por":"Maria Valentina Noguera Medina","Tiempo estimado de lectura":"1 minuto"},"schema":{"@context":"https:\/\/schema.org","@graph":[{"@type":"Article","@id":"https:\/\/noti-america.com\/site\/principal\/2026\/04\/30\/anitta-anuncia-el-lanzamiento-de-su-octavo-disco\/#article","isPartOf":{"@id":"https:\/\/noti-america.com\/site\/principal\/2026\/04\/30\/anitta-anuncia-el-lanzamiento-de-su-octavo-disco\/"},"author":{"name":"Maria Valentina Noguera Medina","@id":"https:\/\/noti-america.com\/site\/principal\/#\/schema\/person\/22806efcc2cfc4b45efb0e17be210ea8"},"headline":"Anitta anuncia el lanzamiento de su octavo disco","datePublished":"2026-04-30T16:11:22+00:00","mainEntityOfPage":{"@id":"https:\/\/noti-america.com\/site\/principal\/2026\/04\/30\/anitta-anuncia-el-lanzamiento-de-su-octavo-disco\/"},"wordCount":216,"image":{"@id":"https:\/\/noti-america.com\/site\/principal\/2026\/04\/30\/anitta-anuncia-el-lanzamiento-de-su-octavo-disco\/#primaryimage"},"thumbnailUrl":"https:\/\/noti-america.com\/site\/principal\/wp-content\/uploads\/sites\/26\/2026\/04\/Screenshot_30-4-2026_11106_imagenes.elpais.com_.jpeg","articleSection":["Actualidad"],"inLanguage":"es"},{"@type":"WebPage","@id":"https:\/\/noti-america.com\/site\/principal\/2026\/04\/30\/anitta-anuncia-el-lanzamiento-de-su-octavo-disco\/","url":"https:\/\/noti-america.com\/site\/principal\/2026\/04\/30\/anitta-anuncia-el-lanzamiento-de-su-octavo-disco\/","name":"Anitta anuncia el lanzamiento de su octavo disco - Noti-America.com","isPartOf":{"@id":"https:\/\/noti-america.com\/site\/principal\/#website"},"primaryImageOfPage":{"@id":"https:\/\/noti-america.com\/site\/principal\/2026\/04\/30\/anitta-anuncia-el-lanzamiento-de-su-octavo-disco\/#primaryimage"},"image":{"@id":"https:\/\/noti-america.com\/site\/principal\/2026\/04\/30\/anitta-anuncia-el-lanzamiento-de-su-octavo-disco\/#primaryimage"},"thumbnailUrl":"https:\/\/noti-america.com\/site\/principal\/wp-content\/uploads\/sites\/26\/2026\/04\/Screenshot_30-4-2026_11106_imagenes.elpais.com_.jpeg","datePublished":"2026-04-30T16:11:22+00:00","author":{"@id":"https:\/\/noti-america.com\/site\/principal\/#\/schema\/person\/22806efcc2cfc4b45efb0e17be210ea8"},"breadcrumb":{"@id":"https:\/\/noti-america.com\/site\/principal\/2026\/04\/30\/anitta-anuncia-el-lanzamiento-de-su-octavo-disco\/#breadcrumb"},"inLanguage":"es","potentialAction":[{"@type":"ReadAction","target":["https:\/\/noti-america.com\/site\/principal\/2026\/04\/30\/anitta-anuncia-el-lanzamiento-de-su-octavo-disco\/"]}]},{"@type":"ImageObject","inLanguage":"es","@id":"https:\/\/noti-america.com\/site\/principal\/2026\/04\/30\/anitta-anuncia-el-lanzamiento-de-su-octavo-disco\/#primaryimage","url":"https:\/\/noti-america.com\/site\/principal\/wp-content\/uploads\/sites\/26\/2026\/04\/Screenshot_30-4-2026_11106_imagenes.elpais.com_.jpeg","contentUrl":"https:\/\/noti-america.com\/site\/principal\/wp-content\/uploads\/sites\/26\/2026\/04\/Screenshot_30-4-2026_11106_imagenes.elpais.com_.jpeg","width":1116,"height":636},{"@type":"BreadcrumbList","@id":"https:\/\/noti-america.com\/site\/principal\/2026\/04\/30\/anitta-anuncia-el-lanzamiento-de-su-octavo-disco\/#breadcrumb","itemListElement":[{"@type":"ListItem","position":1,"name":"Portada","item":"https:\/\/noti-america.com\/site\/principal\/"},{"@type":"ListItem","position":2,"name":"Anitta anuncia el lanzamiento de su octavo disco"}]},{"@type":"WebSite","@id":"https:\/\/noti-america.com\/site\/principal\/#website","url":"https:\/\/noti-america.com\/site\/principal\/","name":"Noti-America.com","description":"El Noticiero Digital M\u00e1s Grande de Am\u00e9rica","potentialAction":[{"@type":"SearchAction","target":{"@type":"EntryPoint","urlTemplate":"https:\/\/noti-america.com\/site\/principal\/?s={search_term_string}"},"query-input":{"@type":"PropertyValueSpecification","valueRequired":true,"valueName":"search_term_string"}}],"inLanguage":"es"},{"@type":"Person","@id":"https:\/\/noti-america.com\/site\/principal\/#\/schema\/person\/22806efcc2cfc4b45efb0e17be210ea8","name":"Maria Valentina Noguera Medina","image":{"@type":"ImageObject","inLanguage":"es","@id":"https:\/\/secure.gravatar.com\/avatar\/4ec5eb9d099f2608a49c9df6f7341f66f04f819cdffa09d56a7a0e91d2819d56?s=96&d=mm&r=g","url":"https:\/\/secure.gravatar.com\/avatar\/4ec5eb9d099f2608a49c9df6f7341f66f04f819cdffa09d56a7a0e91d2819d56?s=96&d=mm&r=g","contentUrl":"https:\/\/secure.gravatar.com\/avatar\/4ec5eb9d099f2608a49c9df6f7341f66f04f819cdffa09d56a7a0e91d2819d56?s=96&d=mm&r=g","caption":"Maria Valentina Noguera Medina"},"description":"Periodista - noti-america - Promar Community Manager - Talento Plus Dise\u00f1adora\/ creadora de contenido...","sameAs":["Mar\u00eda Valentina Noguera","https:\/\/www.facebook.com\/mariavalentina.noguera","https:\/\/www.linkedin.com\/in\/mara-valentina-noguera-medina-373075165\/","https:\/\/www.pinterest.es\/valentinanoguera95\/","https:\/\/www.youtube.com\/channel\/UCdek6mbUZ-Tqqw0I63i4nmQ"],"url":"https:\/\/noti-america.com\/site\/principal\/author\/mnoguera\/"}]}},"_links":{"self":[{"href":"https:\/\/noti-america.com\/site\/principal\/wp-json\/wp\/v2\/posts\/87676","targetHints":{"allow":["GET"]}}],"collection":[{"href":"https:\/\/noti-america.com\/site\/principal\/wp-json\/wp\/v2\/posts"}],"about":[{"href":"https:\/\/noti-america.com\/site\/principal\/wp-json\/wp\/v2\/types\/post"}],"author":[{"embeddable":true,"href":"https:\/\/noti-america.com\/site\/principal\/wp-json\/wp\/v2\/users\/133"}],"replies":[{"embeddable":true,"href":"https:\/\/noti-america.com\/site\/principal\/wp-json\/wp\/v2\/comments?post=87676"}],"version-history":[{"count":1,"href":"https:\/\/noti-america.com\/site\/principal\/wp-json\/wp\/v2\/posts\/87676\/revisions"}],"predecessor-version":[{"id":87696,"href":"https:\/\/noti-america.com\/site\/principal\/wp-json\/wp\/v2\/posts\/87676\/revisions\/87696"}],"wp:featuredmedia":[{"embeddable":true,"href":"https:\/\/noti-america.com\/site\/principal\/wp-json\/wp\/v2\/media\/87677"}],"wp:attachment":[{"href":"https:\/\/noti-america.com\/site\/principal\/wp-json\/wp\/v2\/media?parent=87676"}],"wp:term":[{"taxonomy":"category","embeddable":true,"href":"https:\/\/noti-america.com\/site\/principal\/wp-json\/wp\/v2\/categories?post=87676"},{"taxonomy":"post_tag","embeddable":true,"href":"https:\/\/noti-america.com\/site\/principal\/wp-json\/wp\/v2\/tags?post=87676"}],"curies":[{"name":"wp","href":"https:\/\/api.w.org\/{rel}","templated":true}]}}