{"id":87671,"date":"2026-04-30T12:07:49","date_gmt":"2026-04-30T16:07:49","guid":{"rendered":"https:\/\/noti-america.com\/site\/principal\/?p=87671"},"modified":"2026-04-30T12:07:49","modified_gmt":"2026-04-30T16:07:49","slug":"rosalia-recibira-el-premio-a-compositora-internacional-del-ano-de-los-ivors-2026","status":"publish","type":"post","link":"https:\/\/noti-america.com\/site\/principal\/2026\/04\/30\/rosalia-recibira-el-premio-a-compositora-internacional-del-ano-de-los-ivors-2026\/","title":{"rendered":"Rosal\u00eda recibir\u00e1 el premio a Compositora Internacional del A\u00f1o de los Ivors 2026"},"content":{"rendered":"<p>NOTI-AMERICA.COM | ARGENTINA<\/p>\n<p style=\"text-align: justify\">La cantautora espa\u00f1ola Rosal\u00eda recibir\u00e1 el premio a la Compositora Internacional del A\u00f1o en los galardones Ivors 2026, en colaboraci\u00f3n con Amazon Music, inform\u00f3 este jueves la Academia Ivory, organizaci\u00f3n l\u00edder para compositores en el Reino Unido.<\/p>\n<p style=\"text-align: justify\">En un comunicado divulgado hoy, la academia se\u00f1ala que el premio reconoce a una compositora internacional cuyas canciones han tenido un impacto cultural y comercial en el Reino Unido en el \u00faltimo a\u00f1o.<\/p>\n<p style=\"text-align: justify\">La cantautora espa\u00f1ola lanz\u00f3 su \u00e1lbum LUX en 2025, con \u00e9xitos como \u00abLa Perla\u00bb, \u00abBerghain\u00bb o \u00abReliquia\u00bb. Escrito en 13 idiomas, LUX represent\u00f3 no solo un paso adelante art\u00edstico audaz e innovador para Rosal\u00eda, sino tambi\u00e9n un proyecto revelador que trascendi\u00f3 las barreras ling\u00fc\u00edsticas y de g\u00e9nero, indica la nota.<\/p>\n<p style=\"text-align: justify\">Ivors subraya que Rosal\u00eda se arraiga en la tradici\u00f3n, con una composici\u00f3n que fluye con naturalidad a trav\u00e9s de la forma, el idioma y el g\u00e9nero, creando obras que se sienten a la vez profundamente aut\u00e9nticas y singularmente originales.<\/p>\n<p style=\"text-align: justify\">LUX consigui\u00f3 alcanzar el n\u00famero 1 en cinco listas de Billboard, debutando en el n\u00famero 4 del Billboard 200, y fue nombrado uno de los mejores \u00e1lbumes del a\u00f1o por Rolling Stone, Billboard, The New York Times, Pitchfork y The New Yorker.<\/p>\n<p style=\"text-align: justify\">Roberto Neri, director ejecutivo de la Academia Ivors, se\u00f1al\u00f3 en la nota el orgullo de \u00abcelebrar a Rosal\u00eda como Compositora Internacional del A\u00f1o. Sus canciones han cautivado al p\u00fablico de todo el mundo. Con letras en m\u00e1s de 13 idiomas, Rosal\u00eda ha derribado barreras y fronteras\u00bb.<\/p>\n<p style=\"text-align: justify\">Asimismo, el presidente de la Academia, Tom Gray, resalt\u00f3 que, \u00abcon su talento, musicalidad e intelecto, Rosal\u00eda redefine el concepto de composici\u00f3n. Su obra fusiona tradici\u00f3n y experimentaci\u00f3n con una precisi\u00f3n e impacto extraordinarios, creando canciones que evolucionan constantemente y nos sumergen por completo en su universo\u00bb.<\/p>\n<p style=\"text-align: justify\">Los premios Ivor, que se entregar\u00e1n en Londres el pr\u00f3ximo 21 de mayo, celebran el arte, el impacto cultural y la importancia perdurable de las canciones.<\/p>\n","protected":false},"excerpt":{"rendered":"<p>NOTI-AMERICA.COM | ARGENTINA La cantautora espa\u00f1ola Rosal\u00eda recibir\u00e1 el premio a la Compositora Internacional del A\u00f1o en los galardones Ivors 2026, en colaboraci\u00f3n con Amazon Music, inform\u00f3 este jueves la Academia Ivory, organizaci\u00f3n l\u00edder&#46;&#46;&#46;<\/p>\n","protected":false},"author":133,"featured_media":87672,"comment_status":"","ping_status":"open","sticky":false,"template":"","format":"image","meta":{"_acf_changed":false,"rop_custom_images_group":[],"rop_custom_messages_group":[],"rop_publish_now":"no","rop_publish_now_accounts":[],"rop_publish_now_history":[],"rop_publish_now_status":"pending","footnotes":""},"categories":[663],"tags":[],"class_list":["post-87671","post","type-post","status-publish","format-image","has-post-thumbnail","hentry","category-actualidad","post_format-post-format-image"],"acf":[],"yoast_head":"<!-- This site is optimized with the Yoast SEO Premium plugin v24.9 (Yoast SEO v27.2) - https:\/\/yoast.com\/product\/yoast-seo-premium-wordpress\/ -->\n<title>Rosal\u00eda recibir\u00e1 el premio a Compositora Internacional del A\u00f1o de los Ivors 2026 - Noti-America.com<\/title>\n<meta name=\"robots\" content=\"index, follow, max-snippet:-1, max-image-preview:large, max-video-preview:-1\" \/>\n<link rel=\"canonical\" href=\"https:\/\/noti-america.com\/site\/principal\/2026\/04\/30\/rosalia-recibira-el-premio-a-compositora-internacional-del-ano-de-los-ivors-2026\/\" \/>\n<meta property=\"og:locale\" content=\"es_ES\" \/>\n<meta property=\"og:type\" content=\"article\" \/>\n<meta property=\"og:title\" content=\"Rosal\u00eda recibir\u00e1 el premio a Compositora Internacional del A\u00f1o de los Ivors 2026\" \/>\n<meta property=\"og:description\" content=\"NOTI-AMERICA.COM | ARGENTINA La cantautora espa\u00f1ola Rosal\u00eda recibir\u00e1 el premio a la Compositora Internacional del A\u00f1o en los galardones Ivors 2026, en colaboraci\u00f3n con Amazon Music, inform\u00f3 este jueves la Academia Ivory, organizaci\u00f3n l\u00edder&#046;&#046;&#046;\" \/>\n<meta property=\"og:url\" content=\"https:\/\/noti-america.com\/site\/principal\/2026\/04\/30\/rosalia-recibira-el-premio-a-compositora-internacional-del-ano-de-los-ivors-2026\/\" \/>\n<meta property=\"og:site_name\" content=\"Noti-America.com\" \/>\n<meta property=\"article:author\" content=\"Mar\u00eda Valentina Noguera\" \/>\n<meta property=\"article:published_time\" content=\"2026-04-30T16:07:49+00:00\" \/>\n<meta property=\"og:image\" content=\"https:\/\/noti-america.com\/site\/principal\/wp-content\/uploads\/sites\/26\/2026\/04\/Screenshot_30-4-2026_1172_media.revistagq.com_.jpeg\" \/>\n\t<meta property=\"og:image:width\" content=\"952\" \/>\n\t<meta property=\"og:image:height\" content=\"629\" \/>\n\t<meta property=\"og:image:type\" content=\"image\/jpeg\" \/>\n<meta name=\"author\" content=\"Maria Valentina Noguera Medina\" \/>\n<meta name=\"twitter:card\" content=\"summary_large_image\" \/>\n<meta name=\"twitter:label1\" content=\"Escrito por\" \/>\n\t<meta name=\"twitter:data1\" content=\"Maria Valentina Noguera Medina\" \/>\n\t<meta name=\"twitter:label2\" content=\"Tiempo estimado de lectura\" \/>\n\t<meta name=\"twitter:data2\" content=\"2 minutos\" \/>\n<script type=\"application\/ld+json\" class=\"yoast-schema-graph\">{\"@context\":\"https:\/\/schema.org\",\"@graph\":[{\"@type\":\"Article\",\"@id\":\"https:\/\/noti-america.com\/site\/principal\/2026\/04\/30\/rosalia-recibira-el-premio-a-compositora-internacional-del-ano-de-los-ivors-2026\/#article\",\"isPartOf\":{\"@id\":\"https:\/\/noti-america.com\/site\/principal\/2026\/04\/30\/rosalia-recibira-el-premio-a-compositora-internacional-del-ano-de-los-ivors-2026\/\"},\"author\":{\"name\":\"Maria Valentina Noguera Medina\",\"@id\":\"https:\/\/noti-america.com\/site\/principal\/#\/schema\/person\/22806efcc2cfc4b45efb0e17be210ea8\"},\"headline\":\"Rosal\u00eda recibir\u00e1 el premio a Compositora Internacional del A\u00f1o de los Ivors 2026\",\"datePublished\":\"2026-04-30T16:07:49+00:00\",\"mainEntityOfPage\":{\"@id\":\"https:\/\/noti-america.com\/site\/principal\/2026\/04\/30\/rosalia-recibira-el-premio-a-compositora-internacional-del-ano-de-los-ivors-2026\/\"},\"wordCount\":365,\"image\":{\"@id\":\"https:\/\/noti-america.com\/site\/principal\/2026\/04\/30\/rosalia-recibira-el-premio-a-compositora-internacional-del-ano-de-los-ivors-2026\/#primaryimage\"},\"thumbnailUrl\":\"https:\/\/noti-america.com\/site\/principal\/wp-content\/uploads\/sites\/26\/2026\/04\/Screenshot_30-4-2026_1172_media.revistagq.com_.jpeg\",\"articleSection\":[\"Actualidad\"],\"inLanguage\":\"es\"},{\"@type\":\"WebPage\",\"@id\":\"https:\/\/noti-america.com\/site\/principal\/2026\/04\/30\/rosalia-recibira-el-premio-a-compositora-internacional-del-ano-de-los-ivors-2026\/\",\"url\":\"https:\/\/noti-america.com\/site\/principal\/2026\/04\/30\/rosalia-recibira-el-premio-a-compositora-internacional-del-ano-de-los-ivors-2026\/\",\"name\":\"Rosal\u00eda recibir\u00e1 el premio a Compositora Internacional del A\u00f1o de los Ivors 2026 - Noti-America.com\",\"isPartOf\":{\"@id\":\"https:\/\/noti-america.com\/site\/principal\/#website\"},\"primaryImageOfPage\":{\"@id\":\"https:\/\/noti-america.com\/site\/principal\/2026\/04\/30\/rosalia-recibira-el-premio-a-compositora-internacional-del-ano-de-los-ivors-2026\/#primaryimage\"},\"image\":{\"@id\":\"https:\/\/noti-america.com\/site\/principal\/2026\/04\/30\/rosalia-recibira-el-premio-a-compositora-internacional-del-ano-de-los-ivors-2026\/#primaryimage\"},\"thumbnailUrl\":\"https:\/\/noti-america.com\/site\/principal\/wp-content\/uploads\/sites\/26\/2026\/04\/Screenshot_30-4-2026_1172_media.revistagq.com_.jpeg\",\"datePublished\":\"2026-04-30T16:07:49+00:00\",\"author\":{\"@id\":\"https:\/\/noti-america.com\/site\/principal\/#\/schema\/person\/22806efcc2cfc4b45efb0e17be210ea8\"},\"breadcrumb\":{\"@id\":\"https:\/\/noti-america.com\/site\/principal\/2026\/04\/30\/rosalia-recibira-el-premio-a-compositora-internacional-del-ano-de-los-ivors-2026\/#breadcrumb\"},\"inLanguage\":\"es\",\"potentialAction\":[{\"@type\":\"ReadAction\",\"target\":[\"https:\/\/noti-america.com\/site\/principal\/2026\/04\/30\/rosalia-recibira-el-premio-a-compositora-internacional-del-ano-de-los-ivors-2026\/\"]}]},{\"@type\":\"ImageObject\",\"inLanguage\":\"es\",\"@id\":\"https:\/\/noti-america.com\/site\/principal\/2026\/04\/30\/rosalia-recibira-el-premio-a-compositora-internacional-del-ano-de-los-ivors-2026\/#primaryimage\",\"url\":\"https:\/\/noti-america.com\/site\/principal\/wp-content\/uploads\/sites\/26\/2026\/04\/Screenshot_30-4-2026_1172_media.revistagq.com_.jpeg\",\"contentUrl\":\"https:\/\/noti-america.com\/site\/principal\/wp-content\/uploads\/sites\/26\/2026\/04\/Screenshot_30-4-2026_1172_media.revistagq.com_.jpeg\",\"width\":952,\"height\":629},{\"@type\":\"BreadcrumbList\",\"@id\":\"https:\/\/noti-america.com\/site\/principal\/2026\/04\/30\/rosalia-recibira-el-premio-a-compositora-internacional-del-ano-de-los-ivors-2026\/#breadcrumb\",\"itemListElement\":[{\"@type\":\"ListItem\",\"position\":1,\"name\":\"Portada\",\"item\":\"https:\/\/noti-america.com\/site\/principal\/\"},{\"@type\":\"ListItem\",\"position\":2,\"name\":\"Rosal\u00eda recibir\u00e1 el premio a Compositora Internacional del A\u00f1o de los Ivors 2026\"}]},{\"@type\":\"WebSite\",\"@id\":\"https:\/\/noti-america.com\/site\/principal\/#website\",\"url\":\"https:\/\/noti-america.com\/site\/principal\/\",\"name\":\"Noti-America.com\",\"description\":\"El Noticiero Digital M\u00e1s Grande de Am\u00e9rica\",\"potentialAction\":[{\"@type\":\"SearchAction\",\"target\":{\"@type\":\"EntryPoint\",\"urlTemplate\":\"https:\/\/noti-america.com\/site\/principal\/?s={search_term_string}\"},\"query-input\":{\"@type\":\"PropertyValueSpecification\",\"valueRequired\":true,\"valueName\":\"search_term_string\"}}],\"inLanguage\":\"es\"},{\"@type\":\"Person\",\"@id\":\"https:\/\/noti-america.com\/site\/principal\/#\/schema\/person\/22806efcc2cfc4b45efb0e17be210ea8\",\"name\":\"Maria Valentina Noguera Medina\",\"image\":{\"@type\":\"ImageObject\",\"inLanguage\":\"es\",\"@id\":\"https:\/\/secure.gravatar.com\/avatar\/4ec5eb9d099f2608a49c9df6f7341f66f04f819cdffa09d56a7a0e91d2819d56?s=96&d=mm&r=g\",\"url\":\"https:\/\/secure.gravatar.com\/avatar\/4ec5eb9d099f2608a49c9df6f7341f66f04f819cdffa09d56a7a0e91d2819d56?s=96&d=mm&r=g\",\"contentUrl\":\"https:\/\/secure.gravatar.com\/avatar\/4ec5eb9d099f2608a49c9df6f7341f66f04f819cdffa09d56a7a0e91d2819d56?s=96&d=mm&r=g\",\"caption\":\"Maria Valentina Noguera Medina\"},\"description\":\"Periodista - noti-america - Promar Community Manager - Talento Plus Dise\u00f1adora\/ creadora de contenido...\",\"sameAs\":[\"Mar\u00eda Valentina Noguera\",\"https:\/\/www.facebook.com\/mariavalentina.noguera\",\"https:\/\/www.linkedin.com\/in\/mara-valentina-noguera-medina-373075165\/\",\"https:\/\/www.pinterest.es\/valentinanoguera95\/\",\"https:\/\/www.youtube.com\/channel\/UCdek6mbUZ-Tqqw0I63i4nmQ\"],\"url\":\"https:\/\/noti-america.com\/site\/principal\/author\/mnoguera\/\"}]}<\/script>\n<!-- \/ Yoast SEO Premium plugin. -->","yoast_head_json":{"title":"Rosal\u00eda recibir\u00e1 el premio a Compositora Internacional del A\u00f1o de los Ivors 2026 - Noti-America.com","robots":{"index":"index","follow":"follow","max-snippet":"max-snippet:-1","max-image-preview":"max-image-preview:large","max-video-preview":"max-video-preview:-1"},"canonical":"https:\/\/noti-america.com\/site\/principal\/2026\/04\/30\/rosalia-recibira-el-premio-a-compositora-internacional-del-ano-de-los-ivors-2026\/","og_locale":"es_ES","og_type":"article","og_title":"Rosal\u00eda recibir\u00e1 el premio a Compositora Internacional del A\u00f1o de los Ivors 2026","og_description":"NOTI-AMERICA.COM | ARGENTINA La cantautora espa\u00f1ola Rosal\u00eda recibir\u00e1 el premio a la Compositora Internacional del A\u00f1o en los galardones Ivors 2026, en colaboraci\u00f3n con Amazon Music, inform\u00f3 este jueves la Academia Ivory, organizaci\u00f3n l\u00edder&#46;&#46;&#46;","og_url":"https:\/\/noti-america.com\/site\/principal\/2026\/04\/30\/rosalia-recibira-el-premio-a-compositora-internacional-del-ano-de-los-ivors-2026\/","og_site_name":"Noti-America.com","article_author":"Mar\u00eda Valentina Noguera","article_published_time":"2026-04-30T16:07:49+00:00","og_image":[{"width":952,"height":629,"url":"https:\/\/noti-america.com\/site\/principal\/wp-content\/uploads\/sites\/26\/2026\/04\/Screenshot_30-4-2026_1172_media.revistagq.com_.jpeg","type":"image\/jpeg"}],"author":"Maria Valentina Noguera Medina","twitter_card":"summary_large_image","twitter_misc":{"Escrito por":"Maria Valentina Noguera Medina","Tiempo estimado de lectura":"2 minutos"},"schema":{"@context":"https:\/\/schema.org","@graph":[{"@type":"Article","@id":"https:\/\/noti-america.com\/site\/principal\/2026\/04\/30\/rosalia-recibira-el-premio-a-compositora-internacional-del-ano-de-los-ivors-2026\/#article","isPartOf":{"@id":"https:\/\/noti-america.com\/site\/principal\/2026\/04\/30\/rosalia-recibira-el-premio-a-compositora-internacional-del-ano-de-los-ivors-2026\/"},"author":{"name":"Maria Valentina Noguera Medina","@id":"https:\/\/noti-america.com\/site\/principal\/#\/schema\/person\/22806efcc2cfc4b45efb0e17be210ea8"},"headline":"Rosal\u00eda recibir\u00e1 el premio a Compositora Internacional del A\u00f1o de los Ivors 2026","datePublished":"2026-04-30T16:07:49+00:00","mainEntityOfPage":{"@id":"https:\/\/noti-america.com\/site\/principal\/2026\/04\/30\/rosalia-recibira-el-premio-a-compositora-internacional-del-ano-de-los-ivors-2026\/"},"wordCount":365,"image":{"@id":"https:\/\/noti-america.com\/site\/principal\/2026\/04\/30\/rosalia-recibira-el-premio-a-compositora-internacional-del-ano-de-los-ivors-2026\/#primaryimage"},"thumbnailUrl":"https:\/\/noti-america.com\/site\/principal\/wp-content\/uploads\/sites\/26\/2026\/04\/Screenshot_30-4-2026_1172_media.revistagq.com_.jpeg","articleSection":["Actualidad"],"inLanguage":"es"},{"@type":"WebPage","@id":"https:\/\/noti-america.com\/site\/principal\/2026\/04\/30\/rosalia-recibira-el-premio-a-compositora-internacional-del-ano-de-los-ivors-2026\/","url":"https:\/\/noti-america.com\/site\/principal\/2026\/04\/30\/rosalia-recibira-el-premio-a-compositora-internacional-del-ano-de-los-ivors-2026\/","name":"Rosal\u00eda recibir\u00e1 el premio a Compositora Internacional del A\u00f1o de los Ivors 2026 - Noti-America.com","isPartOf":{"@id":"https:\/\/noti-america.com\/site\/principal\/#website"},"primaryImageOfPage":{"@id":"https:\/\/noti-america.com\/site\/principal\/2026\/04\/30\/rosalia-recibira-el-premio-a-compositora-internacional-del-ano-de-los-ivors-2026\/#primaryimage"},"image":{"@id":"https:\/\/noti-america.com\/site\/principal\/2026\/04\/30\/rosalia-recibira-el-premio-a-compositora-internacional-del-ano-de-los-ivors-2026\/#primaryimage"},"thumbnailUrl":"https:\/\/noti-america.com\/site\/principal\/wp-content\/uploads\/sites\/26\/2026\/04\/Screenshot_30-4-2026_1172_media.revistagq.com_.jpeg","datePublished":"2026-04-30T16:07:49+00:00","author":{"@id":"https:\/\/noti-america.com\/site\/principal\/#\/schema\/person\/22806efcc2cfc4b45efb0e17be210ea8"},"breadcrumb":{"@id":"https:\/\/noti-america.com\/site\/principal\/2026\/04\/30\/rosalia-recibira-el-premio-a-compositora-internacional-del-ano-de-los-ivors-2026\/#breadcrumb"},"inLanguage":"es","potentialAction":[{"@type":"ReadAction","target":["https:\/\/noti-america.com\/site\/principal\/2026\/04\/30\/rosalia-recibira-el-premio-a-compositora-internacional-del-ano-de-los-ivors-2026\/"]}]},{"@type":"ImageObject","inLanguage":"es","@id":"https:\/\/noti-america.com\/site\/principal\/2026\/04\/30\/rosalia-recibira-el-premio-a-compositora-internacional-del-ano-de-los-ivors-2026\/#primaryimage","url":"https:\/\/noti-america.com\/site\/principal\/wp-content\/uploads\/sites\/26\/2026\/04\/Screenshot_30-4-2026_1172_media.revistagq.com_.jpeg","contentUrl":"https:\/\/noti-america.com\/site\/principal\/wp-content\/uploads\/sites\/26\/2026\/04\/Screenshot_30-4-2026_1172_media.revistagq.com_.jpeg","width":952,"height":629},{"@type":"BreadcrumbList","@id":"https:\/\/noti-america.com\/site\/principal\/2026\/04\/30\/rosalia-recibira-el-premio-a-compositora-internacional-del-ano-de-los-ivors-2026\/#breadcrumb","itemListElement":[{"@type":"ListItem","position":1,"name":"Portada","item":"https:\/\/noti-america.com\/site\/principal\/"},{"@type":"ListItem","position":2,"name":"Rosal\u00eda recibir\u00e1 el premio a Compositora Internacional del A\u00f1o de los Ivors 2026"}]},{"@type":"WebSite","@id":"https:\/\/noti-america.com\/site\/principal\/#website","url":"https:\/\/noti-america.com\/site\/principal\/","name":"Noti-America.com","description":"El Noticiero Digital M\u00e1s Grande de Am\u00e9rica","potentialAction":[{"@type":"SearchAction","target":{"@type":"EntryPoint","urlTemplate":"https:\/\/noti-america.com\/site\/principal\/?s={search_term_string}"},"query-input":{"@type":"PropertyValueSpecification","valueRequired":true,"valueName":"search_term_string"}}],"inLanguage":"es"},{"@type":"Person","@id":"https:\/\/noti-america.com\/site\/principal\/#\/schema\/person\/22806efcc2cfc4b45efb0e17be210ea8","name":"Maria Valentina Noguera Medina","image":{"@type":"ImageObject","inLanguage":"es","@id":"https:\/\/secure.gravatar.com\/avatar\/4ec5eb9d099f2608a49c9df6f7341f66f04f819cdffa09d56a7a0e91d2819d56?s=96&d=mm&r=g","url":"https:\/\/secure.gravatar.com\/avatar\/4ec5eb9d099f2608a49c9df6f7341f66f04f819cdffa09d56a7a0e91d2819d56?s=96&d=mm&r=g","contentUrl":"https:\/\/secure.gravatar.com\/avatar\/4ec5eb9d099f2608a49c9df6f7341f66f04f819cdffa09d56a7a0e91d2819d56?s=96&d=mm&r=g","caption":"Maria Valentina Noguera Medina"},"description":"Periodista - noti-america - Promar Community Manager - Talento Plus Dise\u00f1adora\/ creadora de contenido...","sameAs":["Mar\u00eda Valentina Noguera","https:\/\/www.facebook.com\/mariavalentina.noguera","https:\/\/www.linkedin.com\/in\/mara-valentina-noguera-medina-373075165\/","https:\/\/www.pinterest.es\/valentinanoguera95\/","https:\/\/www.youtube.com\/channel\/UCdek6mbUZ-Tqqw0I63i4nmQ"],"url":"https:\/\/noti-america.com\/site\/principal\/author\/mnoguera\/"}]}},"_links":{"self":[{"href":"https:\/\/noti-america.com\/site\/principal\/wp-json\/wp\/v2\/posts\/87671","targetHints":{"allow":["GET"]}}],"collection":[{"href":"https:\/\/noti-america.com\/site\/principal\/wp-json\/wp\/v2\/posts"}],"about":[{"href":"https:\/\/noti-america.com\/site\/principal\/wp-json\/wp\/v2\/types\/post"}],"author":[{"embeddable":true,"href":"https:\/\/noti-america.com\/site\/principal\/wp-json\/wp\/v2\/users\/133"}],"replies":[{"embeddable":true,"href":"https:\/\/noti-america.com\/site\/principal\/wp-json\/wp\/v2\/comments?post=87671"}],"version-history":[{"count":1,"href":"https:\/\/noti-america.com\/site\/principal\/wp-json\/wp\/v2\/posts\/87671\/revisions"}],"predecessor-version":[{"id":87694,"href":"https:\/\/noti-america.com\/site\/principal\/wp-json\/wp\/v2\/posts\/87671\/revisions\/87694"}],"wp:featuredmedia":[{"embeddable":true,"href":"https:\/\/noti-america.com\/site\/principal\/wp-json\/wp\/v2\/media\/87672"}],"wp:attachment":[{"href":"https:\/\/noti-america.com\/site\/principal\/wp-json\/wp\/v2\/media?parent=87671"}],"wp:term":[{"taxonomy":"category","embeddable":true,"href":"https:\/\/noti-america.com\/site\/principal\/wp-json\/wp\/v2\/categories?post=87671"},{"taxonomy":"post_tag","embeddable":true,"href":"https:\/\/noti-america.com\/site\/principal\/wp-json\/wp\/v2\/tags?post=87671"}],"curies":[{"name":"wp","href":"https:\/\/api.w.org\/{rel}","templated":true}]}}