{"id":87657,"date":"2026-04-30T11:09:54","date_gmt":"2026-04-30T15:09:54","guid":{"rendered":"https:\/\/noti-america.com\/site\/principal\/?p=87657"},"modified":"2026-04-30T11:09:54","modified_gmt":"2026-04-30T15:09:54","slug":"tipos-de-interes-en-europa-como-afecta-a-la-comunidad-hispana-en-alemania","status":"publish","type":"post","link":"https:\/\/noti-america.com\/site\/principal\/2026\/04\/30\/tipos-de-interes-en-europa-como-afecta-a-la-comunidad-hispana-en-alemania\/","title":{"rendered":"Tipos de inter\u00e9s en Europa: c\u00f3mo afecta a la comunidad hispana en Alemania"},"content":{"rendered":"<p align=\"justify\">ALEMANIA | NOTI-AMERICA.COM<\/p>\n<p align=\"justify\">La decisi\u00f3n del Banco Central Europeo de mantener los tipos de inter\u00e9s no es solo un tema t\u00e9cnico: tiene consecuencias muy concretas para la poblaci\u00f3n hispana que vive en Alemania.<\/p>\n<p align=\"justify\">Muchos espa\u00f1oles y latinoamericanos han optado por establecerse en el pa\u00eds en los \u00faltimos a\u00f1os, accediendo a hipotecas, alquilando viviendas o emprendiendo negocios. En este contexto, unos tipos de inter\u00e9s elevados significan <strong>cr\u00e9ditos m\u00e1s caros<\/strong>, mayores dificultades para comprar vivienda y condiciones menos favorables para financiar proyectos.<\/p>\n<p align=\"justify\">Para quienes env\u00edan dinero a sus pa\u00edses de origen, tambi\u00e9n hay un impacto indirecto. Las decisiones del BCE influyen en el valor del euro y en la estabilidad econ\u00f3mica general, lo que puede afectar el poder adquisitivo de las remesas.<\/p>\n<p align=\"justify\">Adem\u00e1s, los trabajadores hispanos en sectores sensibles \u2014como hosteler\u00eda, log\u00edstica o construcci\u00f3n\u2014 pueden notar los efectos de una econom\u00eda m\u00e1s lenta, con menos oportunidades o menor crecimiento salarial.<\/p>\n","protected":false},"excerpt":{"rendered":"<p>ALEMANIA | NOTI-AMERICA.COM La decisi\u00f3n del Banco Central Europeo de mantener los tipos de inter\u00e9s no es solo un tema t\u00e9cnico: tiene consecuencias muy concretas para la poblaci\u00f3n hispana que vive en Alemania. Muchos&#46;&#46;&#46;<\/p>\n","protected":false},"author":159,"featured_media":87658,"comment_status":"","ping_status":"open","sticky":false,"template":"","format":"image","meta":{"_acf_changed":false,"rop_custom_images_group":[],"rop_custom_messages_group":[],"rop_publish_now":"no","rop_publish_now_accounts":[],"rop_publish_now_history":[],"rop_publish_now_status":"pending","footnotes":""},"categories":[663,5279],"tags":[],"class_list":["post-87657","post","type-post","status-publish","format-image","has-post-thumbnail","hentry","category-actualidad","category-economia-2","post_format-post-format-image"],"acf":[],"yoast_head":"<!-- This site is optimized with the Yoast SEO Premium plugin v24.9 (Yoast SEO v27.2) - https:\/\/yoast.com\/product\/yoast-seo-premium-wordpress\/ -->\n<title>Tipos de inter\u00e9s en Europa: c\u00f3mo afecta a la comunidad hispana en Alemania - Noti-America.com<\/title>\n<meta name=\"robots\" content=\"index, follow, max-snippet:-1, max-image-preview:large, max-video-preview:-1\" \/>\n<link rel=\"canonical\" href=\"https:\/\/noti-america.com\/site\/principal\/2026\/04\/30\/tipos-de-interes-en-europa-como-afecta-a-la-comunidad-hispana-en-alemania\/\" \/>\n<meta property=\"og:locale\" content=\"es_ES\" \/>\n<meta property=\"og:type\" content=\"article\" \/>\n<meta property=\"og:title\" content=\"Tipos de inter\u00e9s en Europa: c\u00f3mo afecta a la comunidad hispana en Alemania\" \/>\n<meta property=\"og:description\" content=\"ALEMANIA | NOTI-AMERICA.COM La decisi\u00f3n del Banco Central Europeo de mantener los tipos de inter\u00e9s no es solo un tema t\u00e9cnico: tiene consecuencias muy concretas para la poblaci\u00f3n hispana que vive en Alemania. Muchos&#046;&#046;&#046;\" \/>\n<meta property=\"og:url\" content=\"https:\/\/noti-america.com\/site\/principal\/2026\/04\/30\/tipos-de-interes-en-europa-como-afecta-a-la-comunidad-hispana-en-alemania\/\" \/>\n<meta property=\"og:site_name\" content=\"Noti-America.com\" \/>\n<meta property=\"article:published_time\" content=\"2026-04-30T15:09:54+00:00\" \/>\n<meta property=\"og:image\" content=\"https:\/\/noti-america.com\/site\/principal\/wp-content\/uploads\/sites\/26\/2026\/04\/pexels-pixabay-52551-scaled.jpg\" \/>\n\t<meta property=\"og:image:width\" content=\"2560\" \/>\n\t<meta property=\"og:image:height\" content=\"1384\" \/>\n\t<meta property=\"og:image:type\" content=\"image\/jpeg\" \/>\n<meta name=\"author\" content=\"Edcris Machado\" \/>\n<meta name=\"twitter:card\" content=\"summary_large_image\" \/>\n<meta name=\"twitter:creator\" content=\"@edcrismachado\" \/>\n<meta name=\"twitter:label1\" content=\"Escrito por\" \/>\n\t<meta name=\"twitter:data1\" content=\"Edcris Machado\" \/>\n\t<meta name=\"twitter:label2\" content=\"Tiempo estimado de lectura\" \/>\n\t<meta name=\"twitter:data2\" content=\"1 minuto\" \/>\n<script type=\"application\/ld+json\" class=\"yoast-schema-graph\">{\"@context\":\"https:\/\/schema.org\",\"@graph\":[{\"@type\":\"Article\",\"@id\":\"https:\/\/noti-america.com\/site\/principal\/2026\/04\/30\/tipos-de-interes-en-europa-como-afecta-a-la-comunidad-hispana-en-alemania\/#article\",\"isPartOf\":{\"@id\":\"https:\/\/noti-america.com\/site\/principal\/2026\/04\/30\/tipos-de-interes-en-europa-como-afecta-a-la-comunidad-hispana-en-alemania\/\"},\"author\":{\"name\":\"Edcris Machado\",\"@id\":\"https:\/\/noti-america.com\/site\/principal\/#\/schema\/person\/2c8d119440090d2d2a880904475295bb\"},\"headline\":\"Tipos de inter\u00e9s en Europa: c\u00f3mo afecta a la comunidad hispana en Alemania\",\"datePublished\":\"2026-04-30T15:09:54+00:00\",\"mainEntityOfPage\":{\"@id\":\"https:\/\/noti-america.com\/site\/principal\/2026\/04\/30\/tipos-de-interes-en-europa-como-afecta-a-la-comunidad-hispana-en-alemania\/\"},\"wordCount\":183,\"image\":{\"@id\":\"https:\/\/noti-america.com\/site\/principal\/2026\/04\/30\/tipos-de-interes-en-europa-como-afecta-a-la-comunidad-hispana-en-alemania\/#primaryimage\"},\"thumbnailUrl\":\"https:\/\/noti-america.com\/site\/principal\/wp-content\/uploads\/sites\/26\/2026\/04\/pexels-pixabay-52551-scaled.jpg\",\"articleSection\":[\"Actualidad\",\"Economia\"],\"inLanguage\":\"es\"},{\"@type\":\"WebPage\",\"@id\":\"https:\/\/noti-america.com\/site\/principal\/2026\/04\/30\/tipos-de-interes-en-europa-como-afecta-a-la-comunidad-hispana-en-alemania\/\",\"url\":\"https:\/\/noti-america.com\/site\/principal\/2026\/04\/30\/tipos-de-interes-en-europa-como-afecta-a-la-comunidad-hispana-en-alemania\/\",\"name\":\"Tipos de inter\u00e9s en Europa: c\u00f3mo afecta a la comunidad hispana en Alemania - Noti-America.com\",\"isPartOf\":{\"@id\":\"https:\/\/noti-america.com\/site\/principal\/#website\"},\"primaryImageOfPage\":{\"@id\":\"https:\/\/noti-america.com\/site\/principal\/2026\/04\/30\/tipos-de-interes-en-europa-como-afecta-a-la-comunidad-hispana-en-alemania\/#primaryimage\"},\"image\":{\"@id\":\"https:\/\/noti-america.com\/site\/principal\/2026\/04\/30\/tipos-de-interes-en-europa-como-afecta-a-la-comunidad-hispana-en-alemania\/#primaryimage\"},\"thumbnailUrl\":\"https:\/\/noti-america.com\/site\/principal\/wp-content\/uploads\/sites\/26\/2026\/04\/pexels-pixabay-52551-scaled.jpg\",\"datePublished\":\"2026-04-30T15:09:54+00:00\",\"author\":{\"@id\":\"https:\/\/noti-america.com\/site\/principal\/#\/schema\/person\/2c8d119440090d2d2a880904475295bb\"},\"breadcrumb\":{\"@id\":\"https:\/\/noti-america.com\/site\/principal\/2026\/04\/30\/tipos-de-interes-en-europa-como-afecta-a-la-comunidad-hispana-en-alemania\/#breadcrumb\"},\"inLanguage\":\"es\",\"potentialAction\":[{\"@type\":\"ReadAction\",\"target\":[\"https:\/\/noti-america.com\/site\/principal\/2026\/04\/30\/tipos-de-interes-en-europa-como-afecta-a-la-comunidad-hispana-en-alemania\/\"]}]},{\"@type\":\"ImageObject\",\"inLanguage\":\"es\",\"@id\":\"https:\/\/noti-america.com\/site\/principal\/2026\/04\/30\/tipos-de-interes-en-europa-como-afecta-a-la-comunidad-hispana-en-alemania\/#primaryimage\",\"url\":\"https:\/\/noti-america.com\/site\/principal\/wp-content\/uploads\/sites\/26\/2026\/04\/pexels-pixabay-52551-scaled.jpg\",\"contentUrl\":\"https:\/\/noti-america.com\/site\/principal\/wp-content\/uploads\/sites\/26\/2026\/04\/pexels-pixabay-52551-scaled.jpg\",\"width\":2560,\"height\":1384},{\"@type\":\"BreadcrumbList\",\"@id\":\"https:\/\/noti-america.com\/site\/principal\/2026\/04\/30\/tipos-de-interes-en-europa-como-afecta-a-la-comunidad-hispana-en-alemania\/#breadcrumb\",\"itemListElement\":[{\"@type\":\"ListItem\",\"position\":1,\"name\":\"Portada\",\"item\":\"https:\/\/noti-america.com\/site\/principal\/\"},{\"@type\":\"ListItem\",\"position\":2,\"name\":\"Tipos de inter\u00e9s en Europa: c\u00f3mo afecta a la comunidad hispana en Alemania\"}]},{\"@type\":\"WebSite\",\"@id\":\"https:\/\/noti-america.com\/site\/principal\/#website\",\"url\":\"https:\/\/noti-america.com\/site\/principal\/\",\"name\":\"Noti-America.com\",\"description\":\"El Noticiero Digital M\u00e1s Grande de Am\u00e9rica\",\"potentialAction\":[{\"@type\":\"SearchAction\",\"target\":{\"@type\":\"EntryPoint\",\"urlTemplate\":\"https:\/\/noti-america.com\/site\/principal\/?s={search_term_string}\"},\"query-input\":{\"@type\":\"PropertyValueSpecification\",\"valueRequired\":true,\"valueName\":\"search_term_string\"}}],\"inLanguage\":\"es\"},{\"@type\":\"Person\",\"@id\":\"https:\/\/noti-america.com\/site\/principal\/#\/schema\/person\/2c8d119440090d2d2a880904475295bb\",\"name\":\"Edcris Machado\",\"image\":{\"@type\":\"ImageObject\",\"inLanguage\":\"es\",\"@id\":\"https:\/\/secure.gravatar.com\/avatar\/a38b45f8b815a71e5782bb09fdc2302cf360723d562841917495b747d85c4781?s=96&d=mm&r=g\",\"url\":\"https:\/\/secure.gravatar.com\/avatar\/a38b45f8b815a71e5782bb09fdc2302cf360723d562841917495b747d85c4781?s=96&d=mm&r=g\",\"contentUrl\":\"https:\/\/secure.gravatar.com\/avatar\/a38b45f8b815a71e5782bb09fdc2302cf360723d562841917495b747d85c4781?s=96&d=mm&r=g\",\"caption\":\"Edcris Machado\"},\"description\":\"Edcris Machado es ingeniera, docente, periodista y autora venezolana residenciada en Alemania. Su trabajo se centra en la comunicaci\u00f3n, la cultura y las experiencias interculturales, con una mirada que busca ir m\u00e1s all\u00e1 de las noticias.\",\"sameAs\":[\"https:\/\/www.edcrismachado.com\",\"https:\/\/www.instagram.com\/edcrismachado?utm_source=qr&igsh=amducjB1emh0ZDZ0\",\"https:\/\/x.com\/edcrismachado\"],\"jobTitle\":\"Directora Noti-America Alemania\",\"url\":\"https:\/\/noti-america.com\/site\/principal\/author\/emachado\/\"}]}<\/script>\n<!-- \/ Yoast SEO Premium plugin. -->","yoast_head_json":{"title":"Tipos de inter\u00e9s en Europa: c\u00f3mo afecta a la comunidad hispana en Alemania - Noti-America.com","robots":{"index":"index","follow":"follow","max-snippet":"max-snippet:-1","max-image-preview":"max-image-preview:large","max-video-preview":"max-video-preview:-1"},"canonical":"https:\/\/noti-america.com\/site\/principal\/2026\/04\/30\/tipos-de-interes-en-europa-como-afecta-a-la-comunidad-hispana-en-alemania\/","og_locale":"es_ES","og_type":"article","og_title":"Tipos de inter\u00e9s en Europa: c\u00f3mo afecta a la comunidad hispana en Alemania","og_description":"ALEMANIA | NOTI-AMERICA.COM La decisi\u00f3n del Banco Central Europeo de mantener los tipos de inter\u00e9s no es solo un tema t\u00e9cnico: tiene consecuencias muy concretas para la poblaci\u00f3n hispana que vive en Alemania. Muchos&#46;&#46;&#46;","og_url":"https:\/\/noti-america.com\/site\/principal\/2026\/04\/30\/tipos-de-interes-en-europa-como-afecta-a-la-comunidad-hispana-en-alemania\/","og_site_name":"Noti-America.com","article_published_time":"2026-04-30T15:09:54+00:00","og_image":[{"width":2560,"height":1384,"url":"https:\/\/noti-america.com\/site\/principal\/wp-content\/uploads\/sites\/26\/2026\/04\/pexels-pixabay-52551-scaled.jpg","type":"image\/jpeg"}],"author":"Edcris Machado","twitter_card":"summary_large_image","twitter_creator":"@edcrismachado","twitter_misc":{"Escrito por":"Edcris Machado","Tiempo estimado de lectura":"1 minuto"},"schema":{"@context":"https:\/\/schema.org","@graph":[{"@type":"Article","@id":"https:\/\/noti-america.com\/site\/principal\/2026\/04\/30\/tipos-de-interes-en-europa-como-afecta-a-la-comunidad-hispana-en-alemania\/#article","isPartOf":{"@id":"https:\/\/noti-america.com\/site\/principal\/2026\/04\/30\/tipos-de-interes-en-europa-como-afecta-a-la-comunidad-hispana-en-alemania\/"},"author":{"name":"Edcris Machado","@id":"https:\/\/noti-america.com\/site\/principal\/#\/schema\/person\/2c8d119440090d2d2a880904475295bb"},"headline":"Tipos de inter\u00e9s en Europa: c\u00f3mo afecta a la comunidad hispana en Alemania","datePublished":"2026-04-30T15:09:54+00:00","mainEntityOfPage":{"@id":"https:\/\/noti-america.com\/site\/principal\/2026\/04\/30\/tipos-de-interes-en-europa-como-afecta-a-la-comunidad-hispana-en-alemania\/"},"wordCount":183,"image":{"@id":"https:\/\/noti-america.com\/site\/principal\/2026\/04\/30\/tipos-de-interes-en-europa-como-afecta-a-la-comunidad-hispana-en-alemania\/#primaryimage"},"thumbnailUrl":"https:\/\/noti-america.com\/site\/principal\/wp-content\/uploads\/sites\/26\/2026\/04\/pexels-pixabay-52551-scaled.jpg","articleSection":["Actualidad","Economia"],"inLanguage":"es"},{"@type":"WebPage","@id":"https:\/\/noti-america.com\/site\/principal\/2026\/04\/30\/tipos-de-interes-en-europa-como-afecta-a-la-comunidad-hispana-en-alemania\/","url":"https:\/\/noti-america.com\/site\/principal\/2026\/04\/30\/tipos-de-interes-en-europa-como-afecta-a-la-comunidad-hispana-en-alemania\/","name":"Tipos de inter\u00e9s en Europa: c\u00f3mo afecta a la comunidad hispana en Alemania - Noti-America.com","isPartOf":{"@id":"https:\/\/noti-america.com\/site\/principal\/#website"},"primaryImageOfPage":{"@id":"https:\/\/noti-america.com\/site\/principal\/2026\/04\/30\/tipos-de-interes-en-europa-como-afecta-a-la-comunidad-hispana-en-alemania\/#primaryimage"},"image":{"@id":"https:\/\/noti-america.com\/site\/principal\/2026\/04\/30\/tipos-de-interes-en-europa-como-afecta-a-la-comunidad-hispana-en-alemania\/#primaryimage"},"thumbnailUrl":"https:\/\/noti-america.com\/site\/principal\/wp-content\/uploads\/sites\/26\/2026\/04\/pexels-pixabay-52551-scaled.jpg","datePublished":"2026-04-30T15:09:54+00:00","author":{"@id":"https:\/\/noti-america.com\/site\/principal\/#\/schema\/person\/2c8d119440090d2d2a880904475295bb"},"breadcrumb":{"@id":"https:\/\/noti-america.com\/site\/principal\/2026\/04\/30\/tipos-de-interes-en-europa-como-afecta-a-la-comunidad-hispana-en-alemania\/#breadcrumb"},"inLanguage":"es","potentialAction":[{"@type":"ReadAction","target":["https:\/\/noti-america.com\/site\/principal\/2026\/04\/30\/tipos-de-interes-en-europa-como-afecta-a-la-comunidad-hispana-en-alemania\/"]}]},{"@type":"ImageObject","inLanguage":"es","@id":"https:\/\/noti-america.com\/site\/principal\/2026\/04\/30\/tipos-de-interes-en-europa-como-afecta-a-la-comunidad-hispana-en-alemania\/#primaryimage","url":"https:\/\/noti-america.com\/site\/principal\/wp-content\/uploads\/sites\/26\/2026\/04\/pexels-pixabay-52551-scaled.jpg","contentUrl":"https:\/\/noti-america.com\/site\/principal\/wp-content\/uploads\/sites\/26\/2026\/04\/pexels-pixabay-52551-scaled.jpg","width":2560,"height":1384},{"@type":"BreadcrumbList","@id":"https:\/\/noti-america.com\/site\/principal\/2026\/04\/30\/tipos-de-interes-en-europa-como-afecta-a-la-comunidad-hispana-en-alemania\/#breadcrumb","itemListElement":[{"@type":"ListItem","position":1,"name":"Portada","item":"https:\/\/noti-america.com\/site\/principal\/"},{"@type":"ListItem","position":2,"name":"Tipos de inter\u00e9s en Europa: c\u00f3mo afecta a la comunidad hispana en Alemania"}]},{"@type":"WebSite","@id":"https:\/\/noti-america.com\/site\/principal\/#website","url":"https:\/\/noti-america.com\/site\/principal\/","name":"Noti-America.com","description":"El Noticiero Digital M\u00e1s Grande de Am\u00e9rica","potentialAction":[{"@type":"SearchAction","target":{"@type":"EntryPoint","urlTemplate":"https:\/\/noti-america.com\/site\/principal\/?s={search_term_string}"},"query-input":{"@type":"PropertyValueSpecification","valueRequired":true,"valueName":"search_term_string"}}],"inLanguage":"es"},{"@type":"Person","@id":"https:\/\/noti-america.com\/site\/principal\/#\/schema\/person\/2c8d119440090d2d2a880904475295bb","name":"Edcris Machado","image":{"@type":"ImageObject","inLanguage":"es","@id":"https:\/\/secure.gravatar.com\/avatar\/a38b45f8b815a71e5782bb09fdc2302cf360723d562841917495b747d85c4781?s=96&d=mm&r=g","url":"https:\/\/secure.gravatar.com\/avatar\/a38b45f8b815a71e5782bb09fdc2302cf360723d562841917495b747d85c4781?s=96&d=mm&r=g","contentUrl":"https:\/\/secure.gravatar.com\/avatar\/a38b45f8b815a71e5782bb09fdc2302cf360723d562841917495b747d85c4781?s=96&d=mm&r=g","caption":"Edcris Machado"},"description":"Edcris Machado es ingeniera, docente, periodista y autora venezolana residenciada en Alemania. Su trabajo se centra en la comunicaci\u00f3n, la cultura y las experiencias interculturales, con una mirada que busca ir m\u00e1s all\u00e1 de las noticias.","sameAs":["https:\/\/www.edcrismachado.com","https:\/\/www.instagram.com\/edcrismachado?utm_source=qr&igsh=amducjB1emh0ZDZ0","https:\/\/x.com\/edcrismachado"],"jobTitle":"Directora Noti-America Alemania","url":"https:\/\/noti-america.com\/site\/principal\/author\/emachado\/"}]}},"_links":{"self":[{"href":"https:\/\/noti-america.com\/site\/principal\/wp-json\/wp\/v2\/posts\/87657","targetHints":{"allow":["GET"]}}],"collection":[{"href":"https:\/\/noti-america.com\/site\/principal\/wp-json\/wp\/v2\/posts"}],"about":[{"href":"https:\/\/noti-america.com\/site\/principal\/wp-json\/wp\/v2\/types\/post"}],"author":[{"embeddable":true,"href":"https:\/\/noti-america.com\/site\/principal\/wp-json\/wp\/v2\/users\/159"}],"replies":[{"embeddable":true,"href":"https:\/\/noti-america.com\/site\/principal\/wp-json\/wp\/v2\/comments?post=87657"}],"version-history":[{"count":1,"href":"https:\/\/noti-america.com\/site\/principal\/wp-json\/wp\/v2\/posts\/87657\/revisions"}],"predecessor-version":[{"id":87675,"href":"https:\/\/noti-america.com\/site\/principal\/wp-json\/wp\/v2\/posts\/87657\/revisions\/87675"}],"wp:featuredmedia":[{"embeddable":true,"href":"https:\/\/noti-america.com\/site\/principal\/wp-json\/wp\/v2\/media\/87658"}],"wp:attachment":[{"href":"https:\/\/noti-america.com\/site\/principal\/wp-json\/wp\/v2\/media?parent=87657"}],"wp:term":[{"taxonomy":"category","embeddable":true,"href":"https:\/\/noti-america.com\/site\/principal\/wp-json\/wp\/v2\/categories?post=87657"},{"taxonomy":"post_tag","embeddable":true,"href":"https:\/\/noti-america.com\/site\/principal\/wp-json\/wp\/v2\/tags?post=87657"}],"curies":[{"name":"wp","href":"https:\/\/api.w.org\/{rel}","templated":true}]}}