{"id":87655,"date":"2026-04-30T11:04:43","date_gmt":"2026-04-30T15:04:43","guid":{"rendered":"https:\/\/noti-america.com\/site\/principal\/?p=87655"},"modified":"2026-04-30T11:04:43","modified_gmt":"2026-04-30T15:04:43","slug":"la-migracion-se-ha-convertido-en-un-tema-que-trasciende-lo-administrativo","status":"publish","type":"post","link":"https:\/\/noti-america.com\/site\/principal\/2026\/04\/30\/la-migracion-se-ha-convertido-en-un-tema-que-trasciende-lo-administrativo\/","title":{"rendered":"La migraci\u00f3n se ha convertido en un tema que trasciende lo administrativo"},"content":{"rendered":"<p align=\"justify\">ALEMANIA | NOTI-AMERICA.COM<\/p>\n<p align=\"justify\">La cuesti\u00f3n migratoria vuelve a ocupar un lugar central en la agenda pol\u00edtica alemana. En medio de un aumento de llegadas y de presi\u00f3n sobre los sistemas de acogida, el gobierno liderado por Friedrich Merz se enfrenta a decisiones complejas que generan divisi\u00f3n tanto en el Parlamento como en la sociedad.<\/p>\n<p align=\"justify\">Algunos sectores abogan por endurecer los controles fronterizos y acelerar los procesos de deportaci\u00f3n para quienes no obtengan asilo. Argumentan que los recursos estatales son limitados y que es necesario garantizar la capacidad de integraci\u00f3n. Otros, sin embargo, advierten del riesgo de vulnerar compromisos internacionales y principios humanitarios.<\/p>\n<p align=\"justify\">El debate no es nuevo, pero ha adquirido un tono m\u00e1s urgente. Las autoridades regionales reclaman mayor apoyo financiero, mientras que organizaciones sociales alertan sobre la saturaci\u00f3n de los sistemas de acogida.<\/p>\n<p align=\"justify\">En las redes sociales, la conversaci\u00f3n refleja esta polarizaci\u00f3n. La migraci\u00f3n se ha convertido en un tema que trasciende lo administrativo y entra de lleno en la identidad pol\u00edtica del pa\u00eds. Las decisiones que se tomen en los pr\u00f3ximos meses podr\u00edan influir no solo en la gesti\u00f3n de fronteras, sino tambi\u00e9n en el rumbo electoral y social de Alemania.<\/p>\n","protected":false},"excerpt":{"rendered":"<p>ALEMANIA | NOTI-AMERICA.COM La cuesti\u00f3n migratoria vuelve a ocupar un lugar central en la agenda pol\u00edtica alemana. En medio de un aumento de llegadas y de presi\u00f3n sobre los sistemas de acogida, el gobierno&#46;&#46;&#46;<\/p>\n","protected":false},"author":159,"featured_media":87656,"comment_status":"","ping_status":"open","sticky":false,"template":"","format":"image","meta":{"_acf_changed":false,"rop_custom_images_group":[],"rop_custom_messages_group":[],"rop_publish_now":"no","rop_publish_now_accounts":[],"rop_publish_now_history":[],"rop_publish_now_status":"pending","footnotes":""},"categories":[663,3],"tags":[],"class_list":["post-87655","post","type-post","status-publish","format-image","has-post-thumbnail","hentry","category-actualidad","category-politica","post_format-post-format-image"],"acf":[],"yoast_head":"<!-- This site is optimized with the Yoast SEO Premium plugin v24.9 (Yoast SEO v27.2) - https:\/\/yoast.com\/product\/yoast-seo-premium-wordpress\/ -->\n<title>La migraci\u00f3n se ha convertido en un tema que trasciende lo administrativo - Noti-America.com<\/title>\n<meta name=\"robots\" content=\"index, follow, max-snippet:-1, max-image-preview:large, max-video-preview:-1\" \/>\n<link rel=\"canonical\" href=\"https:\/\/noti-america.com\/site\/principal\/2026\/04\/30\/la-migracion-se-ha-convertido-en-un-tema-que-trasciende-lo-administrativo\/\" \/>\n<meta property=\"og:locale\" content=\"es_ES\" \/>\n<meta property=\"og:type\" content=\"article\" \/>\n<meta property=\"og:title\" content=\"La migraci\u00f3n se ha convertido en un tema que trasciende lo administrativo\" \/>\n<meta property=\"og:description\" content=\"ALEMANIA | NOTI-AMERICA.COM La cuesti\u00f3n migratoria vuelve a ocupar un lugar central en la agenda pol\u00edtica alemana. En medio de un aumento de llegadas y de presi\u00f3n sobre los sistemas de acogida, el gobierno&#046;&#046;&#046;\" \/>\n<meta property=\"og:url\" content=\"https:\/\/noti-america.com\/site\/principal\/2026\/04\/30\/la-migracion-se-ha-convertido-en-un-tema-que-trasciende-lo-administrativo\/\" \/>\n<meta property=\"og:site_name\" content=\"Noti-America.com\" \/>\n<meta property=\"article:published_time\" content=\"2026-04-30T15:04:43+00:00\" \/>\n<meta property=\"og:image\" content=\"https:\/\/noti-america.com\/site\/principal\/wp-content\/uploads\/sites\/26\/2026\/04\/pexels-felix-haumann-1938529-10144306-scaled.jpg\" \/>\n\t<meta property=\"og:image:width\" content=\"2560\" \/>\n\t<meta property=\"og:image:height\" content=\"1707\" \/>\n\t<meta property=\"og:image:type\" content=\"image\/jpeg\" \/>\n<meta name=\"author\" content=\"Edcris Machado\" \/>\n<meta name=\"twitter:card\" content=\"summary_large_image\" \/>\n<meta name=\"twitter:creator\" content=\"@edcrismachado\" \/>\n<meta name=\"twitter:label1\" content=\"Escrito por\" \/>\n\t<meta name=\"twitter:data1\" content=\"Edcris Machado\" \/>\n\t<meta name=\"twitter:label2\" content=\"Tiempo estimado de lectura\" \/>\n\t<meta name=\"twitter:data2\" content=\"1 minuto\" \/>\n<script type=\"application\/ld+json\" class=\"yoast-schema-graph\">{\"@context\":\"https:\/\/schema.org\",\"@graph\":[{\"@type\":\"Article\",\"@id\":\"https:\/\/noti-america.com\/site\/principal\/2026\/04\/30\/la-migracion-se-ha-convertido-en-un-tema-que-trasciende-lo-administrativo\/#article\",\"isPartOf\":{\"@id\":\"https:\/\/noti-america.com\/site\/principal\/2026\/04\/30\/la-migracion-se-ha-convertido-en-un-tema-que-trasciende-lo-administrativo\/\"},\"author\":{\"name\":\"Edcris Machado\",\"@id\":\"https:\/\/noti-america.com\/site\/principal\/#\/schema\/person\/2c8d119440090d2d2a880904475295bb\"},\"headline\":\"La migraci\u00f3n se ha convertido en un tema que trasciende lo administrativo\",\"datePublished\":\"2026-04-30T15:04:43+00:00\",\"mainEntityOfPage\":{\"@id\":\"https:\/\/noti-america.com\/site\/principal\/2026\/04\/30\/la-migracion-se-ha-convertido-en-un-tema-que-trasciende-lo-administrativo\/\"},\"wordCount\":223,\"image\":{\"@id\":\"https:\/\/noti-america.com\/site\/principal\/2026\/04\/30\/la-migracion-se-ha-convertido-en-un-tema-que-trasciende-lo-administrativo\/#primaryimage\"},\"thumbnailUrl\":\"https:\/\/noti-america.com\/site\/principal\/wp-content\/uploads\/sites\/26\/2026\/04\/pexels-felix-haumann-1938529-10144306-scaled.jpg\",\"articleSection\":[\"Actualidad\",\"Pol\u00edtica\"],\"inLanguage\":\"es\"},{\"@type\":\"WebPage\",\"@id\":\"https:\/\/noti-america.com\/site\/principal\/2026\/04\/30\/la-migracion-se-ha-convertido-en-un-tema-que-trasciende-lo-administrativo\/\",\"url\":\"https:\/\/noti-america.com\/site\/principal\/2026\/04\/30\/la-migracion-se-ha-convertido-en-un-tema-que-trasciende-lo-administrativo\/\",\"name\":\"La migraci\u00f3n se ha convertido en un tema que trasciende lo administrativo - Noti-America.com\",\"isPartOf\":{\"@id\":\"https:\/\/noti-america.com\/site\/principal\/#website\"},\"primaryImageOfPage\":{\"@id\":\"https:\/\/noti-america.com\/site\/principal\/2026\/04\/30\/la-migracion-se-ha-convertido-en-un-tema-que-trasciende-lo-administrativo\/#primaryimage\"},\"image\":{\"@id\":\"https:\/\/noti-america.com\/site\/principal\/2026\/04\/30\/la-migracion-se-ha-convertido-en-un-tema-que-trasciende-lo-administrativo\/#primaryimage\"},\"thumbnailUrl\":\"https:\/\/noti-america.com\/site\/principal\/wp-content\/uploads\/sites\/26\/2026\/04\/pexels-felix-haumann-1938529-10144306-scaled.jpg\",\"datePublished\":\"2026-04-30T15:04:43+00:00\",\"author\":{\"@id\":\"https:\/\/noti-america.com\/site\/principal\/#\/schema\/person\/2c8d119440090d2d2a880904475295bb\"},\"breadcrumb\":{\"@id\":\"https:\/\/noti-america.com\/site\/principal\/2026\/04\/30\/la-migracion-se-ha-convertido-en-un-tema-que-trasciende-lo-administrativo\/#breadcrumb\"},\"inLanguage\":\"es\",\"potentialAction\":[{\"@type\":\"ReadAction\",\"target\":[\"https:\/\/noti-america.com\/site\/principal\/2026\/04\/30\/la-migracion-se-ha-convertido-en-un-tema-que-trasciende-lo-administrativo\/\"]}]},{\"@type\":\"ImageObject\",\"inLanguage\":\"es\",\"@id\":\"https:\/\/noti-america.com\/site\/principal\/2026\/04\/30\/la-migracion-se-ha-convertido-en-un-tema-que-trasciende-lo-administrativo\/#primaryimage\",\"url\":\"https:\/\/noti-america.com\/site\/principal\/wp-content\/uploads\/sites\/26\/2026\/04\/pexels-felix-haumann-1938529-10144306-scaled.jpg\",\"contentUrl\":\"https:\/\/noti-america.com\/site\/principal\/wp-content\/uploads\/sites\/26\/2026\/04\/pexels-felix-haumann-1938529-10144306-scaled.jpg\",\"width\":2560,\"height\":1707,\"caption\":\"Foto: Felix Haumann\"},{\"@type\":\"BreadcrumbList\",\"@id\":\"https:\/\/noti-america.com\/site\/principal\/2026\/04\/30\/la-migracion-se-ha-convertido-en-un-tema-que-trasciende-lo-administrativo\/#breadcrumb\",\"itemListElement\":[{\"@type\":\"ListItem\",\"position\":1,\"name\":\"Portada\",\"item\":\"https:\/\/noti-america.com\/site\/principal\/\"},{\"@type\":\"ListItem\",\"position\":2,\"name\":\"La migraci\u00f3n se ha convertido en un tema que trasciende lo administrativo\"}]},{\"@type\":\"WebSite\",\"@id\":\"https:\/\/noti-america.com\/site\/principal\/#website\",\"url\":\"https:\/\/noti-america.com\/site\/principal\/\",\"name\":\"Noti-America.com\",\"description\":\"El Noticiero Digital M\u00e1s Grande de Am\u00e9rica\",\"potentialAction\":[{\"@type\":\"SearchAction\",\"target\":{\"@type\":\"EntryPoint\",\"urlTemplate\":\"https:\/\/noti-america.com\/site\/principal\/?s={search_term_string}\"},\"query-input\":{\"@type\":\"PropertyValueSpecification\",\"valueRequired\":true,\"valueName\":\"search_term_string\"}}],\"inLanguage\":\"es\"},{\"@type\":\"Person\",\"@id\":\"https:\/\/noti-america.com\/site\/principal\/#\/schema\/person\/2c8d119440090d2d2a880904475295bb\",\"name\":\"Edcris Machado\",\"image\":{\"@type\":\"ImageObject\",\"inLanguage\":\"es\",\"@id\":\"https:\/\/secure.gravatar.com\/avatar\/a38b45f8b815a71e5782bb09fdc2302cf360723d562841917495b747d85c4781?s=96&d=mm&r=g\",\"url\":\"https:\/\/secure.gravatar.com\/avatar\/a38b45f8b815a71e5782bb09fdc2302cf360723d562841917495b747d85c4781?s=96&d=mm&r=g\",\"contentUrl\":\"https:\/\/secure.gravatar.com\/avatar\/a38b45f8b815a71e5782bb09fdc2302cf360723d562841917495b747d85c4781?s=96&d=mm&r=g\",\"caption\":\"Edcris Machado\"},\"description\":\"Edcris Machado es ingeniera, docente, periodista y autora venezolana residenciada en Alemania. Su trabajo se centra en la comunicaci\u00f3n, la cultura y las experiencias interculturales, con una mirada que busca ir m\u00e1s all\u00e1 de las noticias.\",\"sameAs\":[\"https:\/\/www.edcrismachado.com\",\"https:\/\/www.instagram.com\/edcrismachado?utm_source=qr&igsh=amducjB1emh0ZDZ0\",\"https:\/\/x.com\/edcrismachado\"],\"jobTitle\":\"Directora Noti-America Alemania\",\"url\":\"https:\/\/noti-america.com\/site\/principal\/author\/emachado\/\"}]}<\/script>\n<!-- \/ Yoast SEO Premium plugin. -->","yoast_head_json":{"title":"La migraci\u00f3n se ha convertido en un tema que trasciende lo administrativo - Noti-America.com","robots":{"index":"index","follow":"follow","max-snippet":"max-snippet:-1","max-image-preview":"max-image-preview:large","max-video-preview":"max-video-preview:-1"},"canonical":"https:\/\/noti-america.com\/site\/principal\/2026\/04\/30\/la-migracion-se-ha-convertido-en-un-tema-que-trasciende-lo-administrativo\/","og_locale":"es_ES","og_type":"article","og_title":"La migraci\u00f3n se ha convertido en un tema que trasciende lo administrativo","og_description":"ALEMANIA | NOTI-AMERICA.COM La cuesti\u00f3n migratoria vuelve a ocupar un lugar central en la agenda pol\u00edtica alemana. En medio de un aumento de llegadas y de presi\u00f3n sobre los sistemas de acogida, el gobierno&#46;&#46;&#46;","og_url":"https:\/\/noti-america.com\/site\/principal\/2026\/04\/30\/la-migracion-se-ha-convertido-en-un-tema-que-trasciende-lo-administrativo\/","og_site_name":"Noti-America.com","article_published_time":"2026-04-30T15:04:43+00:00","og_image":[{"width":2560,"height":1707,"url":"https:\/\/noti-america.com\/site\/principal\/wp-content\/uploads\/sites\/26\/2026\/04\/pexels-felix-haumann-1938529-10144306-scaled.jpg","type":"image\/jpeg"}],"author":"Edcris Machado","twitter_card":"summary_large_image","twitter_creator":"@edcrismachado","twitter_misc":{"Escrito por":"Edcris Machado","Tiempo estimado de lectura":"1 minuto"},"schema":{"@context":"https:\/\/schema.org","@graph":[{"@type":"Article","@id":"https:\/\/noti-america.com\/site\/principal\/2026\/04\/30\/la-migracion-se-ha-convertido-en-un-tema-que-trasciende-lo-administrativo\/#article","isPartOf":{"@id":"https:\/\/noti-america.com\/site\/principal\/2026\/04\/30\/la-migracion-se-ha-convertido-en-un-tema-que-trasciende-lo-administrativo\/"},"author":{"name":"Edcris Machado","@id":"https:\/\/noti-america.com\/site\/principal\/#\/schema\/person\/2c8d119440090d2d2a880904475295bb"},"headline":"La migraci\u00f3n se ha convertido en un tema que trasciende lo administrativo","datePublished":"2026-04-30T15:04:43+00:00","mainEntityOfPage":{"@id":"https:\/\/noti-america.com\/site\/principal\/2026\/04\/30\/la-migracion-se-ha-convertido-en-un-tema-que-trasciende-lo-administrativo\/"},"wordCount":223,"image":{"@id":"https:\/\/noti-america.com\/site\/principal\/2026\/04\/30\/la-migracion-se-ha-convertido-en-un-tema-que-trasciende-lo-administrativo\/#primaryimage"},"thumbnailUrl":"https:\/\/noti-america.com\/site\/principal\/wp-content\/uploads\/sites\/26\/2026\/04\/pexels-felix-haumann-1938529-10144306-scaled.jpg","articleSection":["Actualidad","Pol\u00edtica"],"inLanguage":"es"},{"@type":"WebPage","@id":"https:\/\/noti-america.com\/site\/principal\/2026\/04\/30\/la-migracion-se-ha-convertido-en-un-tema-que-trasciende-lo-administrativo\/","url":"https:\/\/noti-america.com\/site\/principal\/2026\/04\/30\/la-migracion-se-ha-convertido-en-un-tema-que-trasciende-lo-administrativo\/","name":"La migraci\u00f3n se ha convertido en un tema que trasciende lo administrativo - Noti-America.com","isPartOf":{"@id":"https:\/\/noti-america.com\/site\/principal\/#website"},"primaryImageOfPage":{"@id":"https:\/\/noti-america.com\/site\/principal\/2026\/04\/30\/la-migracion-se-ha-convertido-en-un-tema-que-trasciende-lo-administrativo\/#primaryimage"},"image":{"@id":"https:\/\/noti-america.com\/site\/principal\/2026\/04\/30\/la-migracion-se-ha-convertido-en-un-tema-que-trasciende-lo-administrativo\/#primaryimage"},"thumbnailUrl":"https:\/\/noti-america.com\/site\/principal\/wp-content\/uploads\/sites\/26\/2026\/04\/pexels-felix-haumann-1938529-10144306-scaled.jpg","datePublished":"2026-04-30T15:04:43+00:00","author":{"@id":"https:\/\/noti-america.com\/site\/principal\/#\/schema\/person\/2c8d119440090d2d2a880904475295bb"},"breadcrumb":{"@id":"https:\/\/noti-america.com\/site\/principal\/2026\/04\/30\/la-migracion-se-ha-convertido-en-un-tema-que-trasciende-lo-administrativo\/#breadcrumb"},"inLanguage":"es","potentialAction":[{"@type":"ReadAction","target":["https:\/\/noti-america.com\/site\/principal\/2026\/04\/30\/la-migracion-se-ha-convertido-en-un-tema-que-trasciende-lo-administrativo\/"]}]},{"@type":"ImageObject","inLanguage":"es","@id":"https:\/\/noti-america.com\/site\/principal\/2026\/04\/30\/la-migracion-se-ha-convertido-en-un-tema-que-trasciende-lo-administrativo\/#primaryimage","url":"https:\/\/noti-america.com\/site\/principal\/wp-content\/uploads\/sites\/26\/2026\/04\/pexels-felix-haumann-1938529-10144306-scaled.jpg","contentUrl":"https:\/\/noti-america.com\/site\/principal\/wp-content\/uploads\/sites\/26\/2026\/04\/pexels-felix-haumann-1938529-10144306-scaled.jpg","width":2560,"height":1707,"caption":"Foto: Felix Haumann"},{"@type":"BreadcrumbList","@id":"https:\/\/noti-america.com\/site\/principal\/2026\/04\/30\/la-migracion-se-ha-convertido-en-un-tema-que-trasciende-lo-administrativo\/#breadcrumb","itemListElement":[{"@type":"ListItem","position":1,"name":"Portada","item":"https:\/\/noti-america.com\/site\/principal\/"},{"@type":"ListItem","position":2,"name":"La migraci\u00f3n se ha convertido en un tema que trasciende lo administrativo"}]},{"@type":"WebSite","@id":"https:\/\/noti-america.com\/site\/principal\/#website","url":"https:\/\/noti-america.com\/site\/principal\/","name":"Noti-America.com","description":"El Noticiero Digital M\u00e1s Grande de Am\u00e9rica","potentialAction":[{"@type":"SearchAction","target":{"@type":"EntryPoint","urlTemplate":"https:\/\/noti-america.com\/site\/principal\/?s={search_term_string}"},"query-input":{"@type":"PropertyValueSpecification","valueRequired":true,"valueName":"search_term_string"}}],"inLanguage":"es"},{"@type":"Person","@id":"https:\/\/noti-america.com\/site\/principal\/#\/schema\/person\/2c8d119440090d2d2a880904475295bb","name":"Edcris Machado","image":{"@type":"ImageObject","inLanguage":"es","@id":"https:\/\/secure.gravatar.com\/avatar\/a38b45f8b815a71e5782bb09fdc2302cf360723d562841917495b747d85c4781?s=96&d=mm&r=g","url":"https:\/\/secure.gravatar.com\/avatar\/a38b45f8b815a71e5782bb09fdc2302cf360723d562841917495b747d85c4781?s=96&d=mm&r=g","contentUrl":"https:\/\/secure.gravatar.com\/avatar\/a38b45f8b815a71e5782bb09fdc2302cf360723d562841917495b747d85c4781?s=96&d=mm&r=g","caption":"Edcris Machado"},"description":"Edcris Machado es ingeniera, docente, periodista y autora venezolana residenciada en Alemania. Su trabajo se centra en la comunicaci\u00f3n, la cultura y las experiencias interculturales, con una mirada que busca ir m\u00e1s all\u00e1 de las noticias.","sameAs":["https:\/\/www.edcrismachado.com","https:\/\/www.instagram.com\/edcrismachado?utm_source=qr&igsh=amducjB1emh0ZDZ0","https:\/\/x.com\/edcrismachado"],"jobTitle":"Directora Noti-America Alemania","url":"https:\/\/noti-america.com\/site\/principal\/author\/emachado\/"}]}},"_links":{"self":[{"href":"https:\/\/noti-america.com\/site\/principal\/wp-json\/wp\/v2\/posts\/87655","targetHints":{"allow":["GET"]}}],"collection":[{"href":"https:\/\/noti-america.com\/site\/principal\/wp-json\/wp\/v2\/posts"}],"about":[{"href":"https:\/\/noti-america.com\/site\/principal\/wp-json\/wp\/v2\/types\/post"}],"author":[{"embeddable":true,"href":"https:\/\/noti-america.com\/site\/principal\/wp-json\/wp\/v2\/users\/159"}],"replies":[{"embeddable":true,"href":"https:\/\/noti-america.com\/site\/principal\/wp-json\/wp\/v2\/comments?post=87655"}],"version-history":[{"count":1,"href":"https:\/\/noti-america.com\/site\/principal\/wp-json\/wp\/v2\/posts\/87655\/revisions"}],"predecessor-version":[{"id":87668,"href":"https:\/\/noti-america.com\/site\/principal\/wp-json\/wp\/v2\/posts\/87655\/revisions\/87668"}],"wp:featuredmedia":[{"embeddable":true,"href":"https:\/\/noti-america.com\/site\/principal\/wp-json\/wp\/v2\/media\/87656"}],"wp:attachment":[{"href":"https:\/\/noti-america.com\/site\/principal\/wp-json\/wp\/v2\/media?parent=87655"}],"wp:term":[{"taxonomy":"category","embeddable":true,"href":"https:\/\/noti-america.com\/site\/principal\/wp-json\/wp\/v2\/categories?post=87655"},{"taxonomy":"post_tag","embeddable":true,"href":"https:\/\/noti-america.com\/site\/principal\/wp-json\/wp\/v2\/tags?post=87655"}],"curies":[{"name":"wp","href":"https:\/\/api.w.org\/{rel}","templated":true}]}}