{"id":87653,"date":"2026-04-30T10:55:04","date_gmt":"2026-04-30T14:55:04","guid":{"rendered":"https:\/\/noti-america.com\/site\/principal\/?p=87653"},"modified":"2026-04-30T10:55:04","modified_gmt":"2026-04-30T14:55:04","slug":"industria-automotriz-ajustes-en-un-sector-en-transformacion","status":"publish","type":"post","link":"https:\/\/noti-america.com\/site\/principal\/2026\/04\/30\/industria-automotriz-ajustes-en-un-sector-en-transformacion\/","title":{"rendered":"Industria automotriz: ajustes en un sector en transformaci\u00f3n"},"content":{"rendered":"<p align=\"justify\">ALEMANIA | NOTI-AMERICA.COM<\/p>\n<p align=\"justify\">El cierre de algunas plantas industriales en Alemania refleja los profundos cambios que atraviesa el sector automotriz europeo. Durante d\u00e9cadas, el pa\u00eds ha sido un referente mundial en la fabricaci\u00f3n de veh\u00edculos de combusti\u00f3n, pero la transici\u00f3n hacia el coche el\u00e9ctrico est\u00e1 alterando ese modelo.<\/p>\n<p align=\"justify\">Empresas como Volkswagen y otros grandes fabricantes han iniciado procesos de reestructuraci\u00f3n para adaptarse a nuevas tecnolog\u00edas. Este cambio no solo afecta a las grandes marcas, sino tambi\u00e9n a toda la red de proveedores que dependen de componentes tradicionales.<\/p>\n<p align=\"justify\">A ello se suman factores como el aumento de los costes energ\u00e9ticos y la competencia internacional, especialmente de fabricantes asi\u00e1ticos. En este contexto, algunas compa\u00f1\u00edas han optado por trasladar parte de su producci\u00f3n a pa\u00edses con menores costes operativos.<\/p>\n<p align=\"justify\">El resultado es una etapa de transici\u00f3n marcada por incertidumbre, pero tambi\u00e9n por la necesidad de innovaci\u00f3n para mantener la competitividad global de la industria alemana.<\/p>\n","protected":false},"excerpt":{"rendered":"<p>ALEMANIA | NOTI-AMERICA.COM El cierre de algunas plantas industriales en Alemania refleja los profundos cambios que atraviesa el sector automotriz europeo. Durante d\u00e9cadas, el pa\u00eds ha sido un referente mundial en la fabricaci\u00f3n de&#46;&#46;&#46;<\/p>\n","protected":false},"author":159,"featured_media":87654,"comment_status":"","ping_status":"open","sticky":false,"template":"","format":"image","meta":{"_acf_changed":false,"rop_custom_images_group":[],"rop_custom_messages_group":[],"rop_publish_now":"no","rop_publish_now_accounts":[],"rop_publish_now_history":[],"rop_publish_now_status":"pending","footnotes":""},"categories":[663],"tags":[],"class_list":["post-87653","post","type-post","status-publish","format-image","has-post-thumbnail","hentry","category-actualidad","post_format-post-format-image"],"acf":[],"yoast_head":"<!-- This site is optimized with the Yoast SEO Premium plugin v24.9 (Yoast SEO v27.2) - https:\/\/yoast.com\/product\/yoast-seo-premium-wordpress\/ -->\n<title>Industria automotriz: ajustes en un sector en transformaci\u00f3n - Noti-America.com<\/title>\n<meta name=\"robots\" content=\"index, follow, max-snippet:-1, max-image-preview:large, max-video-preview:-1\" \/>\n<link rel=\"canonical\" href=\"https:\/\/noti-america.com\/site\/principal\/2026\/04\/30\/industria-automotriz-ajustes-en-un-sector-en-transformacion\/\" \/>\n<meta property=\"og:locale\" content=\"es_ES\" \/>\n<meta property=\"og:type\" content=\"article\" \/>\n<meta property=\"og:title\" content=\"Industria automotriz: ajustes en un sector en transformaci\u00f3n\" \/>\n<meta property=\"og:description\" content=\"ALEMANIA | NOTI-AMERICA.COM El cierre de algunas plantas industriales en Alemania refleja los profundos cambios que atraviesa el sector automotriz europeo. Durante d\u00e9cadas, el pa\u00eds ha sido un referente mundial en la fabricaci\u00f3n de&#046;&#046;&#046;\" \/>\n<meta property=\"og:url\" content=\"https:\/\/noti-america.com\/site\/principal\/2026\/04\/30\/industria-automotriz-ajustes-en-un-sector-en-transformacion\/\" \/>\n<meta property=\"og:site_name\" content=\"Noti-America.com\" \/>\n<meta property=\"article:published_time\" content=\"2026-04-30T14:55:04+00:00\" \/>\n<meta property=\"og:image\" content=\"https:\/\/noti-america.com\/site\/principal\/wp-content\/uploads\/sites\/26\/2026\/04\/pexels-tdcat-70912-scaled.jpg\" \/>\n\t<meta property=\"og:image:width\" content=\"2560\" \/>\n\t<meta property=\"og:image:height\" content=\"1600\" \/>\n\t<meta property=\"og:image:type\" content=\"image\/jpeg\" \/>\n<meta name=\"author\" content=\"Edcris Machado\" \/>\n<meta name=\"twitter:card\" content=\"summary_large_image\" \/>\n<meta name=\"twitter:creator\" content=\"@edcrismachado\" \/>\n<meta name=\"twitter:label1\" content=\"Escrito por\" \/>\n\t<meta name=\"twitter:data1\" content=\"Edcris Machado\" \/>\n\t<meta name=\"twitter:label2\" content=\"Tiempo estimado de lectura\" \/>\n\t<meta name=\"twitter:data2\" content=\"1 minuto\" \/>\n<script type=\"application\/ld+json\" class=\"yoast-schema-graph\">{\"@context\":\"https:\/\/schema.org\",\"@graph\":[{\"@type\":\"Article\",\"@id\":\"https:\/\/noti-america.com\/site\/principal\/2026\/04\/30\/industria-automotriz-ajustes-en-un-sector-en-transformacion\/#article\",\"isPartOf\":{\"@id\":\"https:\/\/noti-america.com\/site\/principal\/2026\/04\/30\/industria-automotriz-ajustes-en-un-sector-en-transformacion\/\"},\"author\":{\"name\":\"Edcris Machado\",\"@id\":\"https:\/\/noti-america.com\/site\/principal\/#\/schema\/person\/2c8d119440090d2d2a880904475295bb\"},\"headline\":\"Industria automotriz: ajustes en un sector en transformaci\u00f3n\",\"datePublished\":\"2026-04-30T14:55:04+00:00\",\"mainEntityOfPage\":{\"@id\":\"https:\/\/noti-america.com\/site\/principal\/2026\/04\/30\/industria-automotriz-ajustes-en-un-sector-en-transformacion\/\"},\"wordCount\":179,\"image\":{\"@id\":\"https:\/\/noti-america.com\/site\/principal\/2026\/04\/30\/industria-automotriz-ajustes-en-un-sector-en-transformacion\/#primaryimage\"},\"thumbnailUrl\":\"https:\/\/noti-america.com\/site\/principal\/wp-content\/uploads\/sites\/26\/2026\/04\/pexels-tdcat-70912-scaled.jpg\",\"articleSection\":[\"Actualidad\"],\"inLanguage\":\"es\"},{\"@type\":\"WebPage\",\"@id\":\"https:\/\/noti-america.com\/site\/principal\/2026\/04\/30\/industria-automotriz-ajustes-en-un-sector-en-transformacion\/\",\"url\":\"https:\/\/noti-america.com\/site\/principal\/2026\/04\/30\/industria-automotriz-ajustes-en-un-sector-en-transformacion\/\",\"name\":\"Industria automotriz: ajustes en un sector en transformaci\u00f3n - Noti-America.com\",\"isPartOf\":{\"@id\":\"https:\/\/noti-america.com\/site\/principal\/#website\"},\"primaryImageOfPage\":{\"@id\":\"https:\/\/noti-america.com\/site\/principal\/2026\/04\/30\/industria-automotriz-ajustes-en-un-sector-en-transformacion\/#primaryimage\"},\"image\":{\"@id\":\"https:\/\/noti-america.com\/site\/principal\/2026\/04\/30\/industria-automotriz-ajustes-en-un-sector-en-transformacion\/#primaryimage\"},\"thumbnailUrl\":\"https:\/\/noti-america.com\/site\/principal\/wp-content\/uploads\/sites\/26\/2026\/04\/pexels-tdcat-70912-scaled.jpg\",\"datePublished\":\"2026-04-30T14:55:04+00:00\",\"author\":{\"@id\":\"https:\/\/noti-america.com\/site\/principal\/#\/schema\/person\/2c8d119440090d2d2a880904475295bb\"},\"breadcrumb\":{\"@id\":\"https:\/\/noti-america.com\/site\/principal\/2026\/04\/30\/industria-automotriz-ajustes-en-un-sector-en-transformacion\/#breadcrumb\"},\"inLanguage\":\"es\",\"potentialAction\":[{\"@type\":\"ReadAction\",\"target\":[\"https:\/\/noti-america.com\/site\/principal\/2026\/04\/30\/industria-automotriz-ajustes-en-un-sector-en-transformacion\/\"]}]},{\"@type\":\"ImageObject\",\"inLanguage\":\"es\",\"@id\":\"https:\/\/noti-america.com\/site\/principal\/2026\/04\/30\/industria-automotriz-ajustes-en-un-sector-en-transformacion\/#primaryimage\",\"url\":\"https:\/\/noti-america.com\/site\/principal\/wp-content\/uploads\/sites\/26\/2026\/04\/pexels-tdcat-70912-scaled.jpg\",\"contentUrl\":\"https:\/\/noti-america.com\/site\/principal\/wp-content\/uploads\/sites\/26\/2026\/04\/pexels-tdcat-70912-scaled.jpg\",\"width\":2560,\"height\":1600,\"caption\":\"Foto: Torsten Dettlaff\"},{\"@type\":\"BreadcrumbList\",\"@id\":\"https:\/\/noti-america.com\/site\/principal\/2026\/04\/30\/industria-automotriz-ajustes-en-un-sector-en-transformacion\/#breadcrumb\",\"itemListElement\":[{\"@type\":\"ListItem\",\"position\":1,\"name\":\"Portada\",\"item\":\"https:\/\/noti-america.com\/site\/principal\/\"},{\"@type\":\"ListItem\",\"position\":2,\"name\":\"Industria automotriz: ajustes en un sector en transformaci\u00f3n\"}]},{\"@type\":\"WebSite\",\"@id\":\"https:\/\/noti-america.com\/site\/principal\/#website\",\"url\":\"https:\/\/noti-america.com\/site\/principal\/\",\"name\":\"Noti-America.com\",\"description\":\"El Noticiero Digital M\u00e1s Grande de Am\u00e9rica\",\"potentialAction\":[{\"@type\":\"SearchAction\",\"target\":{\"@type\":\"EntryPoint\",\"urlTemplate\":\"https:\/\/noti-america.com\/site\/principal\/?s={search_term_string}\"},\"query-input\":{\"@type\":\"PropertyValueSpecification\",\"valueRequired\":true,\"valueName\":\"search_term_string\"}}],\"inLanguage\":\"es\"},{\"@type\":\"Person\",\"@id\":\"https:\/\/noti-america.com\/site\/principal\/#\/schema\/person\/2c8d119440090d2d2a880904475295bb\",\"name\":\"Edcris Machado\",\"image\":{\"@type\":\"ImageObject\",\"inLanguage\":\"es\",\"@id\":\"https:\/\/secure.gravatar.com\/avatar\/a38b45f8b815a71e5782bb09fdc2302cf360723d562841917495b747d85c4781?s=96&d=mm&r=g\",\"url\":\"https:\/\/secure.gravatar.com\/avatar\/a38b45f8b815a71e5782bb09fdc2302cf360723d562841917495b747d85c4781?s=96&d=mm&r=g\",\"contentUrl\":\"https:\/\/secure.gravatar.com\/avatar\/a38b45f8b815a71e5782bb09fdc2302cf360723d562841917495b747d85c4781?s=96&d=mm&r=g\",\"caption\":\"Edcris Machado\"},\"description\":\"Edcris Machado es ingeniera, docente, periodista y autora venezolana residenciada en Alemania. Su trabajo se centra en la comunicaci\u00f3n, la cultura y las experiencias interculturales, con una mirada que busca ir m\u00e1s all\u00e1 de las noticias.\",\"sameAs\":[\"https:\/\/www.edcrismachado.com\",\"https:\/\/www.instagram.com\/edcrismachado?utm_source=qr&igsh=amducjB1emh0ZDZ0\",\"https:\/\/x.com\/edcrismachado\"],\"jobTitle\":\"Directora Noti-America Alemania\",\"url\":\"https:\/\/noti-america.com\/site\/principal\/author\/emachado\/\"}]}<\/script>\n<!-- \/ Yoast SEO Premium plugin. -->","yoast_head_json":{"title":"Industria automotriz: ajustes en un sector en transformaci\u00f3n - Noti-America.com","robots":{"index":"index","follow":"follow","max-snippet":"max-snippet:-1","max-image-preview":"max-image-preview:large","max-video-preview":"max-video-preview:-1"},"canonical":"https:\/\/noti-america.com\/site\/principal\/2026\/04\/30\/industria-automotriz-ajustes-en-un-sector-en-transformacion\/","og_locale":"es_ES","og_type":"article","og_title":"Industria automotriz: ajustes en un sector en transformaci\u00f3n","og_description":"ALEMANIA | NOTI-AMERICA.COM El cierre de algunas plantas industriales en Alemania refleja los profundos cambios que atraviesa el sector automotriz europeo. Durante d\u00e9cadas, el pa\u00eds ha sido un referente mundial en la fabricaci\u00f3n de&#46;&#46;&#46;","og_url":"https:\/\/noti-america.com\/site\/principal\/2026\/04\/30\/industria-automotriz-ajustes-en-un-sector-en-transformacion\/","og_site_name":"Noti-America.com","article_published_time":"2026-04-30T14:55:04+00:00","og_image":[{"width":2560,"height":1600,"url":"https:\/\/noti-america.com\/site\/principal\/wp-content\/uploads\/sites\/26\/2026\/04\/pexels-tdcat-70912-scaled.jpg","type":"image\/jpeg"}],"author":"Edcris Machado","twitter_card":"summary_large_image","twitter_creator":"@edcrismachado","twitter_misc":{"Escrito por":"Edcris Machado","Tiempo estimado de lectura":"1 minuto"},"schema":{"@context":"https:\/\/schema.org","@graph":[{"@type":"Article","@id":"https:\/\/noti-america.com\/site\/principal\/2026\/04\/30\/industria-automotriz-ajustes-en-un-sector-en-transformacion\/#article","isPartOf":{"@id":"https:\/\/noti-america.com\/site\/principal\/2026\/04\/30\/industria-automotriz-ajustes-en-un-sector-en-transformacion\/"},"author":{"name":"Edcris Machado","@id":"https:\/\/noti-america.com\/site\/principal\/#\/schema\/person\/2c8d119440090d2d2a880904475295bb"},"headline":"Industria automotriz: ajustes en un sector en transformaci\u00f3n","datePublished":"2026-04-30T14:55:04+00:00","mainEntityOfPage":{"@id":"https:\/\/noti-america.com\/site\/principal\/2026\/04\/30\/industria-automotriz-ajustes-en-un-sector-en-transformacion\/"},"wordCount":179,"image":{"@id":"https:\/\/noti-america.com\/site\/principal\/2026\/04\/30\/industria-automotriz-ajustes-en-un-sector-en-transformacion\/#primaryimage"},"thumbnailUrl":"https:\/\/noti-america.com\/site\/principal\/wp-content\/uploads\/sites\/26\/2026\/04\/pexels-tdcat-70912-scaled.jpg","articleSection":["Actualidad"],"inLanguage":"es"},{"@type":"WebPage","@id":"https:\/\/noti-america.com\/site\/principal\/2026\/04\/30\/industria-automotriz-ajustes-en-un-sector-en-transformacion\/","url":"https:\/\/noti-america.com\/site\/principal\/2026\/04\/30\/industria-automotriz-ajustes-en-un-sector-en-transformacion\/","name":"Industria automotriz: ajustes en un sector en transformaci\u00f3n - Noti-America.com","isPartOf":{"@id":"https:\/\/noti-america.com\/site\/principal\/#website"},"primaryImageOfPage":{"@id":"https:\/\/noti-america.com\/site\/principal\/2026\/04\/30\/industria-automotriz-ajustes-en-un-sector-en-transformacion\/#primaryimage"},"image":{"@id":"https:\/\/noti-america.com\/site\/principal\/2026\/04\/30\/industria-automotriz-ajustes-en-un-sector-en-transformacion\/#primaryimage"},"thumbnailUrl":"https:\/\/noti-america.com\/site\/principal\/wp-content\/uploads\/sites\/26\/2026\/04\/pexels-tdcat-70912-scaled.jpg","datePublished":"2026-04-30T14:55:04+00:00","author":{"@id":"https:\/\/noti-america.com\/site\/principal\/#\/schema\/person\/2c8d119440090d2d2a880904475295bb"},"breadcrumb":{"@id":"https:\/\/noti-america.com\/site\/principal\/2026\/04\/30\/industria-automotriz-ajustes-en-un-sector-en-transformacion\/#breadcrumb"},"inLanguage":"es","potentialAction":[{"@type":"ReadAction","target":["https:\/\/noti-america.com\/site\/principal\/2026\/04\/30\/industria-automotriz-ajustes-en-un-sector-en-transformacion\/"]}]},{"@type":"ImageObject","inLanguage":"es","@id":"https:\/\/noti-america.com\/site\/principal\/2026\/04\/30\/industria-automotriz-ajustes-en-un-sector-en-transformacion\/#primaryimage","url":"https:\/\/noti-america.com\/site\/principal\/wp-content\/uploads\/sites\/26\/2026\/04\/pexels-tdcat-70912-scaled.jpg","contentUrl":"https:\/\/noti-america.com\/site\/principal\/wp-content\/uploads\/sites\/26\/2026\/04\/pexels-tdcat-70912-scaled.jpg","width":2560,"height":1600,"caption":"Foto: Torsten Dettlaff"},{"@type":"BreadcrumbList","@id":"https:\/\/noti-america.com\/site\/principal\/2026\/04\/30\/industria-automotriz-ajustes-en-un-sector-en-transformacion\/#breadcrumb","itemListElement":[{"@type":"ListItem","position":1,"name":"Portada","item":"https:\/\/noti-america.com\/site\/principal\/"},{"@type":"ListItem","position":2,"name":"Industria automotriz: ajustes en un sector en transformaci\u00f3n"}]},{"@type":"WebSite","@id":"https:\/\/noti-america.com\/site\/principal\/#website","url":"https:\/\/noti-america.com\/site\/principal\/","name":"Noti-America.com","description":"El Noticiero Digital M\u00e1s Grande de Am\u00e9rica","potentialAction":[{"@type":"SearchAction","target":{"@type":"EntryPoint","urlTemplate":"https:\/\/noti-america.com\/site\/principal\/?s={search_term_string}"},"query-input":{"@type":"PropertyValueSpecification","valueRequired":true,"valueName":"search_term_string"}}],"inLanguage":"es"},{"@type":"Person","@id":"https:\/\/noti-america.com\/site\/principal\/#\/schema\/person\/2c8d119440090d2d2a880904475295bb","name":"Edcris Machado","image":{"@type":"ImageObject","inLanguage":"es","@id":"https:\/\/secure.gravatar.com\/avatar\/a38b45f8b815a71e5782bb09fdc2302cf360723d562841917495b747d85c4781?s=96&d=mm&r=g","url":"https:\/\/secure.gravatar.com\/avatar\/a38b45f8b815a71e5782bb09fdc2302cf360723d562841917495b747d85c4781?s=96&d=mm&r=g","contentUrl":"https:\/\/secure.gravatar.com\/avatar\/a38b45f8b815a71e5782bb09fdc2302cf360723d562841917495b747d85c4781?s=96&d=mm&r=g","caption":"Edcris Machado"},"description":"Edcris Machado es ingeniera, docente, periodista y autora venezolana residenciada en Alemania. Su trabajo se centra en la comunicaci\u00f3n, la cultura y las experiencias interculturales, con una mirada que busca ir m\u00e1s all\u00e1 de las noticias.","sameAs":["https:\/\/www.edcrismachado.com","https:\/\/www.instagram.com\/edcrismachado?utm_source=qr&igsh=amducjB1emh0ZDZ0","https:\/\/x.com\/edcrismachado"],"jobTitle":"Directora Noti-America Alemania","url":"https:\/\/noti-america.com\/site\/principal\/author\/emachado\/"}]}},"_links":{"self":[{"href":"https:\/\/noti-america.com\/site\/principal\/wp-json\/wp\/v2\/posts\/87653","targetHints":{"allow":["GET"]}}],"collection":[{"href":"https:\/\/noti-america.com\/site\/principal\/wp-json\/wp\/v2\/posts"}],"about":[{"href":"https:\/\/noti-america.com\/site\/principal\/wp-json\/wp\/v2\/types\/post"}],"author":[{"embeddable":true,"href":"https:\/\/noti-america.com\/site\/principal\/wp-json\/wp\/v2\/users\/159"}],"replies":[{"embeddable":true,"href":"https:\/\/noti-america.com\/site\/principal\/wp-json\/wp\/v2\/comments?post=87653"}],"version-history":[{"count":1,"href":"https:\/\/noti-america.com\/site\/principal\/wp-json\/wp\/v2\/posts\/87653\/revisions"}],"predecessor-version":[{"id":87665,"href":"https:\/\/noti-america.com\/site\/principal\/wp-json\/wp\/v2\/posts\/87653\/revisions\/87665"}],"wp:featuredmedia":[{"embeddable":true,"href":"https:\/\/noti-america.com\/site\/principal\/wp-json\/wp\/v2\/media\/87654"}],"wp:attachment":[{"href":"https:\/\/noti-america.com\/site\/principal\/wp-json\/wp\/v2\/media?parent=87653"}],"wp:term":[{"taxonomy":"category","embeddable":true,"href":"https:\/\/noti-america.com\/site\/principal\/wp-json\/wp\/v2\/categories?post=87653"},{"taxonomy":"post_tag","embeddable":true,"href":"https:\/\/noti-america.com\/site\/principal\/wp-json\/wp\/v2\/tags?post=87653"}],"curies":[{"name":"wp","href":"https:\/\/api.w.org\/{rel}","templated":true}]}}