{"id":87645,"date":"2026-04-30T06:20:13","date_gmt":"2026-04-30T10:20:13","guid":{"rendered":"https:\/\/noti-america.com\/site\/principal\/?p=87645"},"modified":"2026-04-30T02:20:43","modified_gmt":"2026-04-30T06:20:43","slug":"juventud-de-ad-resistencia-lara-solicita-formalmente-apertura-de-puntos-del-registro-electoral","status":"publish","type":"post","link":"https:\/\/noti-america.com\/site\/principal\/2026\/04\/30\/juventud-de-ad-resistencia-lara-solicita-formalmente-apertura-de-puntos-del-registro-electoral\/","title":{"rendered":"Juventud de AD Resistencia Lara solicita formalmente apertura de puntos del Registro Electoral"},"content":{"rendered":"<h1>Venezuela | Noti-America.com<\/h1>\n<p class=\"query-text-line ng-star-inserted\">La dirigencia juvenil solicita al Consejo Nacional Electoral (CNE) que instale puntos de inscripci\u00f3n y actualizaci\u00f3n de datos en diversos sectores. Actualmente, el proceso est\u00e1 centralizado \u00fanicamente en la Oficina Regional Electoral (ORE), lo que dificulta el acceso a quienes residen en municipios lejanos a Barquisimeto.<\/p>\n<p class=\"query-text-line ng-star-inserted\">Resaltan la importancia de que los j\u00f3venes que han cumplido la mayor\u00eda de edad puedan formalizar su inscripci\u00f3n, incluso si no hay una elecci\u00f3n inmediata en curso.<\/p>\n<p class=\"query-text-line ng-star-inserted\">Zoley Zambrano calific\u00f3 de \u00ablamentable\u00bb que en 2026 se mantengan las mismas trabas de a\u00f1os anteriores, donde el CNE solo habilita puntos m\u00f3viles cuando hay procesos electorales pr\u00f3ximos.<\/p>\n<p class=\"query-text-line ng-star-inserted\">\u00a0La petici\u00f3n no se limita al estado Lara; exigen que la apertura del registro se extienda tambi\u00e9n a los venezolanos en el exterior.<\/p>\n<p class=\"query-text-line ng-star-inserted\">Jos\u00e9 Carlos Gim\u00e9nez, en representaci\u00f3n de la organizaci\u00f3n, plante\u00f3 puntos cr\u00edticos para la resoluci\u00f3n del conflicto pol\u00edtico en el pa\u00eds y el cuestionamiento no es t\u00e9cnico, sino pol\u00edtico. Por ello, proponen la designaci\u00f3n de nuevos rectores para despolitizar el organismo y solicitan que, de abrirse nuevos puntos, estos sean debidamente publicitados con horarios y ubicaciones claras para que la ciudadan\u00eda pueda asistir de manera informada.<\/p>\n<p>Exigen al CNE habilitar puntos de inscripci\u00f3n para j\u00f3venes larenses y venezolanos en el exterior<\/p>\n<div id=\"attachment_53251\" style=\"width: 310px\" class=\"wp-caption alignleft\"><a href=\"https:\/\/noti-america.com\/site\/principal\/wp-content\/uploads\/sites\/26\/2026\/04\/DSC_0027-scaled.jpg\"><img loading=\"lazy\" decoding=\"async\" aria-describedby=\"caption-attachment-53251\" class=\"wp-image-87646 size-medium\" src=\"https:\/\/noti-america.com\/site\/venezuela\/wp-content\/uploads\/sites\/2\/2026\/04\/DSC_0027-300x199.jpg\" alt=\"\" width=\"300\" height=\"199\" \/><\/a><p id=\"caption-attachment-53251\" class=\"wp-caption-text\">Juventud de AD Resistencia Lara solicita formalmente apertura de puntos del Registro Electoral<\/p><\/div>\n<div id=\"attachment_53247\" style=\"width: 310px\" class=\"wp-caption alignleft\"><a href=\"https:\/\/noti-america.com\/site\/principal\/wp-content\/uploads\/sites\/26\/2026\/04\/DSC_0008-scaled.jpg\"><img loading=\"lazy\" decoding=\"async\" aria-describedby=\"caption-attachment-53247\" class=\"wp-image-87648 size-medium\" src=\"https:\/\/noti-america.com\/site\/venezuela\/wp-content\/uploads\/sites\/2\/2026\/04\/DSC_0008-300x199.jpg\" alt=\"\" width=\"300\" height=\"199\" \/><\/a><p id=\"caption-attachment-53247\" class=\"wp-caption-text\">\u00a1Inscripci\u00f3n ya! J\u00f3venes de AD Resistencia exigen puntos itinerantes al CNE Lara\u00a0 \u00a0 \u00a0 \u00a0Fotos: Hector Andres Segura @imagensegurita05<\/p><\/div>\n<p>&nbsp;<\/p>\n<p>&nbsp;<\/p>\n<p>&nbsp;<\/p>\n<div id=\"attachment_53249\" style=\"width: 310px\" class=\"wp-caption alignleft\"><a href=\"https:\/\/noti-america.com\/site\/principal\/wp-content\/uploads\/sites\/26\/2026\/04\/DSC_0019-1-scaled.jpg\"><img loading=\"lazy\" decoding=\"async\" aria-describedby=\"caption-attachment-53249\" class=\"wp-image-87650 size-medium\" src=\"https:\/\/noti-america.com\/site\/venezuela\/wp-content\/uploads\/sites\/2\/2026\/04\/DSC_0019-1-300x199.jpg\" alt=\"\" width=\"300\" height=\"199\" \/><\/a><p id=\"caption-attachment-53249\" class=\"wp-caption-text\">AD Lara plantea la designaci\u00f3n de nuevos rectores ante la \u00abpolitizaci\u00f3n\u00bb del CNE\u00a0 Fotos: Hector Andres Segura @imagensegurita05<\/p><\/div>\n<p>&nbsp;<\/p>\n<p class=\"query-text-line ng-star-inserted\">La acci\u00f3n fue realizada este mi\u00e9rcoles 29 de abril de 2026, enfatizando que la actualizaci\u00f3n del registro debe ser un proceso permanente y no condicionado a un calendario electoral espec\u00edfico.<\/p>\n","protected":false},"excerpt":{"rendered":"<p>Venezuela | Noti-America.com La dirigencia juvenil solicita al Consejo Nacional Electoral (CNE) que instale puntos de inscripci\u00f3n y actualizaci\u00f3n de datos en diversos sectores. Actualmente, el proceso est\u00e1 centralizado \u00fanicamente en la Oficina Regional&#46;&#46;&#46;<\/p>\n","protected":false},"author":149,"featured_media":87650,"comment_status":"closed","ping_status":"open","sticky":false,"template":"","format":"standard","meta":{"_acf_changed":false,"rop_custom_images_group":[],"rop_custom_messages_group":[],"rop_publish_now":"no","rop_publish_now_accounts":[],"rop_publish_now_history":[],"rop_publish_now_status":"pending","footnotes":""},"categories":[886,3],"tags":[],"class_list":["post-87645","post","type-post","status-publish","format-standard","has-post-thumbnail","hentry","category-acturalidad","category-politica"],"acf":[],"yoast_head":"<!-- This site is optimized with the Yoast SEO Premium plugin v24.9 (Yoast SEO v27.2) - https:\/\/yoast.com\/product\/yoast-seo-premium-wordpress\/ -->\n<title>Juventud de AD Resistencia Lara solicita formalmente apertura de puntos del Registro Electoral - Noti-America.com<\/title>\n<meta name=\"robots\" content=\"index, follow, max-snippet:-1, max-image-preview:large, max-video-preview:-1\" \/>\n<link rel=\"canonical\" href=\"https:\/\/noti-america.com\/site\/principal\/2026\/04\/30\/juventud-de-ad-resistencia-lara-solicita-formalmente-apertura-de-puntos-del-registro-electoral\/\" \/>\n<meta property=\"og:locale\" content=\"es_ES\" \/>\n<meta property=\"og:type\" content=\"article\" \/>\n<meta property=\"og:title\" content=\"Juventud de AD Resistencia Lara solicita formalmente apertura de puntos del Registro Electoral\" \/>\n<meta property=\"og:description\" content=\"Venezuela | Noti-America.com La dirigencia juvenil solicita al Consejo Nacional Electoral (CNE) que instale puntos de inscripci\u00f3n y actualizaci\u00f3n de datos en diversos sectores. Actualmente, el proceso est\u00e1 centralizado \u00fanicamente en la Oficina Regional&#046;&#046;&#046;\" \/>\n<meta property=\"og:url\" content=\"https:\/\/noti-america.com\/site\/principal\/2026\/04\/30\/juventud-de-ad-resistencia-lara-solicita-formalmente-apertura-de-puntos-del-registro-electoral\/\" \/>\n<meta property=\"og:site_name\" content=\"Noti-America.com\" \/>\n<meta property=\"article:author\" content=\"HECTOR ANDRES SEGURA\" \/>\n<meta property=\"article:published_time\" content=\"2026-04-30T10:20:13+00:00\" \/>\n<meta property=\"og:image\" content=\"https:\/\/noti-america.com\/site\/principal\/wp-content\/uploads\/sites\/26\/2026\/04\/DSC_0019-1-scaled.jpg\" \/>\n\t<meta property=\"og:image:width\" content=\"2560\" \/>\n\t<meta property=\"og:image:height\" content=\"1700\" \/>\n\t<meta property=\"og:image:type\" content=\"image\/jpeg\" \/>\n<meta name=\"author\" content=\"Hector Andres Segura\" \/>\n<meta name=\"twitter:card\" content=\"summary_large_image\" \/>\n<meta name=\"twitter:label1\" content=\"Escrito por\" \/>\n\t<meta name=\"twitter:data1\" content=\"Hector Andres Segura\" \/>\n\t<meta name=\"twitter:label2\" content=\"Tiempo estimado de lectura\" \/>\n\t<meta name=\"twitter:data2\" content=\"2 minutos\" \/>\n<script type=\"application\/ld+json\" class=\"yoast-schema-graph\">{\"@context\":\"https:\/\/schema.org\",\"@graph\":[{\"@type\":\"Article\",\"@id\":\"https:\/\/noti-america.com\/site\/principal\/2026\/04\/30\/juventud-de-ad-resistencia-lara-solicita-formalmente-apertura-de-puntos-del-registro-electoral\/#article\",\"isPartOf\":{\"@id\":\"https:\/\/noti-america.com\/site\/principal\/2026\/04\/30\/juventud-de-ad-resistencia-lara-solicita-formalmente-apertura-de-puntos-del-registro-electoral\/\"},\"author\":{\"name\":\"Hector Andres Segura\",\"@id\":\"https:\/\/noti-america.com\/site\/principal\/#\/schema\/person\/33b90fbb24f6e2bd743cfe736c6aede7\"},\"headline\":\"Juventud de AD Resistencia Lara solicita formalmente apertura de puntos del Registro Electoral\",\"datePublished\":\"2026-04-30T10:20:13+00:00\",\"mainEntityOfPage\":{\"@id\":\"https:\/\/noti-america.com\/site\/principal\/2026\/04\/30\/juventud-de-ad-resistencia-lara-solicita-formalmente-apertura-de-puntos-del-registro-electoral\/\"},\"wordCount\":352,\"image\":{\"@id\":\"https:\/\/noti-america.com\/site\/principal\/2026\/04\/30\/juventud-de-ad-resistencia-lara-solicita-formalmente-apertura-de-puntos-del-registro-electoral\/#primaryimage\"},\"thumbnailUrl\":\"https:\/\/noti-america.com\/site\/principal\/wp-content\/uploads\/sites\/26\/2026\/04\/DSC_0019-1-scaled.jpg\",\"articleSection\":[\"Actualidad\",\"Pol\u00edtica\"],\"inLanguage\":\"es\"},{\"@type\":\"WebPage\",\"@id\":\"https:\/\/noti-america.com\/site\/principal\/2026\/04\/30\/juventud-de-ad-resistencia-lara-solicita-formalmente-apertura-de-puntos-del-registro-electoral\/\",\"url\":\"https:\/\/noti-america.com\/site\/principal\/2026\/04\/30\/juventud-de-ad-resistencia-lara-solicita-formalmente-apertura-de-puntos-del-registro-electoral\/\",\"name\":\"Juventud de AD Resistencia Lara solicita formalmente apertura de puntos del Registro Electoral - Noti-America.com\",\"isPartOf\":{\"@id\":\"https:\/\/noti-america.com\/site\/principal\/#website\"},\"primaryImageOfPage\":{\"@id\":\"https:\/\/noti-america.com\/site\/principal\/2026\/04\/30\/juventud-de-ad-resistencia-lara-solicita-formalmente-apertura-de-puntos-del-registro-electoral\/#primaryimage\"},\"image\":{\"@id\":\"https:\/\/noti-america.com\/site\/principal\/2026\/04\/30\/juventud-de-ad-resistencia-lara-solicita-formalmente-apertura-de-puntos-del-registro-electoral\/#primaryimage\"},\"thumbnailUrl\":\"https:\/\/noti-america.com\/site\/principal\/wp-content\/uploads\/sites\/26\/2026\/04\/DSC_0019-1-scaled.jpg\",\"datePublished\":\"2026-04-30T10:20:13+00:00\",\"author\":{\"@id\":\"https:\/\/noti-america.com\/site\/principal\/#\/schema\/person\/33b90fbb24f6e2bd743cfe736c6aede7\"},\"breadcrumb\":{\"@id\":\"https:\/\/noti-america.com\/site\/principal\/2026\/04\/30\/juventud-de-ad-resistencia-lara-solicita-formalmente-apertura-de-puntos-del-registro-electoral\/#breadcrumb\"},\"inLanguage\":\"es\",\"potentialAction\":[{\"@type\":\"ReadAction\",\"target\":[\"https:\/\/noti-america.com\/site\/principal\/2026\/04\/30\/juventud-de-ad-resistencia-lara-solicita-formalmente-apertura-de-puntos-del-registro-electoral\/\"]}]},{\"@type\":\"ImageObject\",\"inLanguage\":\"es\",\"@id\":\"https:\/\/noti-america.com\/site\/principal\/2026\/04\/30\/juventud-de-ad-resistencia-lara-solicita-formalmente-apertura-de-puntos-del-registro-electoral\/#primaryimage\",\"url\":\"https:\/\/noti-america.com\/site\/principal\/wp-content\/uploads\/sites\/26\/2026\/04\/DSC_0019-1-scaled.jpg\",\"contentUrl\":\"https:\/\/noti-america.com\/site\/principal\/wp-content\/uploads\/sites\/26\/2026\/04\/DSC_0019-1-scaled.jpg\",\"width\":2560,\"height\":1700},{\"@type\":\"BreadcrumbList\",\"@id\":\"https:\/\/noti-america.com\/site\/principal\/2026\/04\/30\/juventud-de-ad-resistencia-lara-solicita-formalmente-apertura-de-puntos-del-registro-electoral\/#breadcrumb\",\"itemListElement\":[{\"@type\":\"ListItem\",\"position\":1,\"name\":\"Portada\",\"item\":\"https:\/\/noti-america.com\/site\/principal\/\"},{\"@type\":\"ListItem\",\"position\":2,\"name\":\"Juventud de AD Resistencia Lara solicita formalmente apertura de puntos del Registro Electoral\"}]},{\"@type\":\"WebSite\",\"@id\":\"https:\/\/noti-america.com\/site\/principal\/#website\",\"url\":\"https:\/\/noti-america.com\/site\/principal\/\",\"name\":\"Noti-America.com\",\"description\":\"El Noticiero Digital M\u00e1s Grande de Am\u00e9rica\",\"potentialAction\":[{\"@type\":\"SearchAction\",\"target\":{\"@type\":\"EntryPoint\",\"urlTemplate\":\"https:\/\/noti-america.com\/site\/principal\/?s={search_term_string}\"},\"query-input\":{\"@type\":\"PropertyValueSpecification\",\"valueRequired\":true,\"valueName\":\"search_term_string\"}}],\"inLanguage\":\"es\"},{\"@type\":\"Person\",\"@id\":\"https:\/\/noti-america.com\/site\/principal\/#\/schema\/person\/33b90fbb24f6e2bd743cfe736c6aede7\",\"name\":\"Hector Andres Segura\",\"image\":{\"@type\":\"ImageObject\",\"inLanguage\":\"es\",\"@id\":\"https:\/\/secure.gravatar.com\/avatar\/efa9fb89aaa182209112640c6904a8ef6b53b9742b239418b837e479a728758a?s=96&d=mm&r=g\",\"url\":\"https:\/\/secure.gravatar.com\/avatar\/efa9fb89aaa182209112640c6904a8ef6b53b9742b239418b837e479a728758a?s=96&d=mm&r=g\",\"contentUrl\":\"https:\/\/secure.gravatar.com\/avatar\/efa9fb89aaa182209112640c6904a8ef6b53b9742b239418b837e479a728758a?s=96&d=mm&r=g\",\"caption\":\"Hector Andres Segura\"},\"description\":\"H\u00e9ctor Andr\u00e9s Segura @segurita05 CRGV\/1134. FIP\/VE575. SNTP\/5003 Secretario General @crgv_lara_oficial Reportero Gr\u00e1fico CRGV-LARA Fotoperiodismo R\u00e9cit d\u00e9 vie, relato o retrato de vida IKIGAI @segurita05 \u30d8\u30af\u30c8\u30eb\u30fb\u30a2\u30f3\u30c9\u30ec\u30b9\u30fb\u30bb\u30b0\u30e9Hekutoru Ando resu segura\\\"\",\"sameAs\":[\"HECTOR ANDRES SEGURA\",\"@segurita05\",\"Hector Andres Segura\",\"@ImagenSeguritaNews05\"],\"honorificPrefix\":\"507\",\"honorificSuffix\":\"6793\",\"url\":\"https:\/\/noti-america.com\/site\/principal\/author\/hsegura\/\"}]}<\/script>\n<!-- \/ Yoast SEO Premium plugin. -->","yoast_head_json":{"title":"Juventud de AD Resistencia Lara solicita formalmente apertura de puntos del Registro Electoral - Noti-America.com","robots":{"index":"index","follow":"follow","max-snippet":"max-snippet:-1","max-image-preview":"max-image-preview:large","max-video-preview":"max-video-preview:-1"},"canonical":"https:\/\/noti-america.com\/site\/principal\/2026\/04\/30\/juventud-de-ad-resistencia-lara-solicita-formalmente-apertura-de-puntos-del-registro-electoral\/","og_locale":"es_ES","og_type":"article","og_title":"Juventud de AD Resistencia Lara solicita formalmente apertura de puntos del Registro Electoral","og_description":"Venezuela | Noti-America.com La dirigencia juvenil solicita al Consejo Nacional Electoral (CNE) que instale puntos de inscripci\u00f3n y actualizaci\u00f3n de datos en diversos sectores. Actualmente, el proceso est\u00e1 centralizado \u00fanicamente en la Oficina Regional&#46;&#46;&#46;","og_url":"https:\/\/noti-america.com\/site\/principal\/2026\/04\/30\/juventud-de-ad-resistencia-lara-solicita-formalmente-apertura-de-puntos-del-registro-electoral\/","og_site_name":"Noti-America.com","article_author":"HECTOR ANDRES SEGURA","article_published_time":"2026-04-30T10:20:13+00:00","og_image":[{"width":2560,"height":1700,"url":"https:\/\/noti-america.com\/site\/principal\/wp-content\/uploads\/sites\/26\/2026\/04\/DSC_0019-1-scaled.jpg","type":"image\/jpeg"}],"author":"Hector Andres Segura","twitter_card":"summary_large_image","twitter_misc":{"Escrito por":"Hector Andres Segura","Tiempo estimado de lectura":"2 minutos"},"schema":{"@context":"https:\/\/schema.org","@graph":[{"@type":"Article","@id":"https:\/\/noti-america.com\/site\/principal\/2026\/04\/30\/juventud-de-ad-resistencia-lara-solicita-formalmente-apertura-de-puntos-del-registro-electoral\/#article","isPartOf":{"@id":"https:\/\/noti-america.com\/site\/principal\/2026\/04\/30\/juventud-de-ad-resistencia-lara-solicita-formalmente-apertura-de-puntos-del-registro-electoral\/"},"author":{"name":"Hector Andres Segura","@id":"https:\/\/noti-america.com\/site\/principal\/#\/schema\/person\/33b90fbb24f6e2bd743cfe736c6aede7"},"headline":"Juventud de AD Resistencia Lara solicita formalmente apertura de puntos del Registro Electoral","datePublished":"2026-04-30T10:20:13+00:00","mainEntityOfPage":{"@id":"https:\/\/noti-america.com\/site\/principal\/2026\/04\/30\/juventud-de-ad-resistencia-lara-solicita-formalmente-apertura-de-puntos-del-registro-electoral\/"},"wordCount":352,"image":{"@id":"https:\/\/noti-america.com\/site\/principal\/2026\/04\/30\/juventud-de-ad-resistencia-lara-solicita-formalmente-apertura-de-puntos-del-registro-electoral\/#primaryimage"},"thumbnailUrl":"https:\/\/noti-america.com\/site\/principal\/wp-content\/uploads\/sites\/26\/2026\/04\/DSC_0019-1-scaled.jpg","articleSection":["Actualidad","Pol\u00edtica"],"inLanguage":"es"},{"@type":"WebPage","@id":"https:\/\/noti-america.com\/site\/principal\/2026\/04\/30\/juventud-de-ad-resistencia-lara-solicita-formalmente-apertura-de-puntos-del-registro-electoral\/","url":"https:\/\/noti-america.com\/site\/principal\/2026\/04\/30\/juventud-de-ad-resistencia-lara-solicita-formalmente-apertura-de-puntos-del-registro-electoral\/","name":"Juventud de AD Resistencia Lara solicita formalmente apertura de puntos del Registro Electoral - Noti-America.com","isPartOf":{"@id":"https:\/\/noti-america.com\/site\/principal\/#website"},"primaryImageOfPage":{"@id":"https:\/\/noti-america.com\/site\/principal\/2026\/04\/30\/juventud-de-ad-resistencia-lara-solicita-formalmente-apertura-de-puntos-del-registro-electoral\/#primaryimage"},"image":{"@id":"https:\/\/noti-america.com\/site\/principal\/2026\/04\/30\/juventud-de-ad-resistencia-lara-solicita-formalmente-apertura-de-puntos-del-registro-electoral\/#primaryimage"},"thumbnailUrl":"https:\/\/noti-america.com\/site\/principal\/wp-content\/uploads\/sites\/26\/2026\/04\/DSC_0019-1-scaled.jpg","datePublished":"2026-04-30T10:20:13+00:00","author":{"@id":"https:\/\/noti-america.com\/site\/principal\/#\/schema\/person\/33b90fbb24f6e2bd743cfe736c6aede7"},"breadcrumb":{"@id":"https:\/\/noti-america.com\/site\/principal\/2026\/04\/30\/juventud-de-ad-resistencia-lara-solicita-formalmente-apertura-de-puntos-del-registro-electoral\/#breadcrumb"},"inLanguage":"es","potentialAction":[{"@type":"ReadAction","target":["https:\/\/noti-america.com\/site\/principal\/2026\/04\/30\/juventud-de-ad-resistencia-lara-solicita-formalmente-apertura-de-puntos-del-registro-electoral\/"]}]},{"@type":"ImageObject","inLanguage":"es","@id":"https:\/\/noti-america.com\/site\/principal\/2026\/04\/30\/juventud-de-ad-resistencia-lara-solicita-formalmente-apertura-de-puntos-del-registro-electoral\/#primaryimage","url":"https:\/\/noti-america.com\/site\/principal\/wp-content\/uploads\/sites\/26\/2026\/04\/DSC_0019-1-scaled.jpg","contentUrl":"https:\/\/noti-america.com\/site\/principal\/wp-content\/uploads\/sites\/26\/2026\/04\/DSC_0019-1-scaled.jpg","width":2560,"height":1700},{"@type":"BreadcrumbList","@id":"https:\/\/noti-america.com\/site\/principal\/2026\/04\/30\/juventud-de-ad-resistencia-lara-solicita-formalmente-apertura-de-puntos-del-registro-electoral\/#breadcrumb","itemListElement":[{"@type":"ListItem","position":1,"name":"Portada","item":"https:\/\/noti-america.com\/site\/principal\/"},{"@type":"ListItem","position":2,"name":"Juventud de AD Resistencia Lara solicita formalmente apertura de puntos del Registro Electoral"}]},{"@type":"WebSite","@id":"https:\/\/noti-america.com\/site\/principal\/#website","url":"https:\/\/noti-america.com\/site\/principal\/","name":"Noti-America.com","description":"El Noticiero Digital M\u00e1s Grande de Am\u00e9rica","potentialAction":[{"@type":"SearchAction","target":{"@type":"EntryPoint","urlTemplate":"https:\/\/noti-america.com\/site\/principal\/?s={search_term_string}"},"query-input":{"@type":"PropertyValueSpecification","valueRequired":true,"valueName":"search_term_string"}}],"inLanguage":"es"},{"@type":"Person","@id":"https:\/\/noti-america.com\/site\/principal\/#\/schema\/person\/33b90fbb24f6e2bd743cfe736c6aede7","name":"Hector Andres Segura","image":{"@type":"ImageObject","inLanguage":"es","@id":"https:\/\/secure.gravatar.com\/avatar\/efa9fb89aaa182209112640c6904a8ef6b53b9742b239418b837e479a728758a?s=96&d=mm&r=g","url":"https:\/\/secure.gravatar.com\/avatar\/efa9fb89aaa182209112640c6904a8ef6b53b9742b239418b837e479a728758a?s=96&d=mm&r=g","contentUrl":"https:\/\/secure.gravatar.com\/avatar\/efa9fb89aaa182209112640c6904a8ef6b53b9742b239418b837e479a728758a?s=96&d=mm&r=g","caption":"Hector Andres Segura"},"description":"H\u00e9ctor Andr\u00e9s Segura @segurita05 CRGV\/1134. FIP\/VE575. SNTP\/5003 Secretario General @crgv_lara_oficial Reportero Gr\u00e1fico CRGV-LARA Fotoperiodismo R\u00e9cit d\u00e9 vie, relato o retrato de vida IKIGAI @segurita05 \u30d8\u30af\u30c8\u30eb\u30fb\u30a2\u30f3\u30c9\u30ec\u30b9\u30fb\u30bb\u30b0\u30e9Hekutoru Ando resu segura\"","sameAs":["HECTOR ANDRES SEGURA","@segurita05","Hector Andres Segura","@ImagenSeguritaNews05"],"honorificPrefix":"507","honorificSuffix":"6793","url":"https:\/\/noti-america.com\/site\/principal\/author\/hsegura\/"}]}},"_links":{"self":[{"href":"https:\/\/noti-america.com\/site\/principal\/wp-json\/wp\/v2\/posts\/87645","targetHints":{"allow":["GET"]}}],"collection":[{"href":"https:\/\/noti-america.com\/site\/principal\/wp-json\/wp\/v2\/posts"}],"about":[{"href":"https:\/\/noti-america.com\/site\/principal\/wp-json\/wp\/v2\/types\/post"}],"author":[{"embeddable":true,"href":"https:\/\/noti-america.com\/site\/principal\/wp-json\/wp\/v2\/users\/149"}],"replies":[{"embeddable":true,"href":"https:\/\/noti-america.com\/site\/principal\/wp-json\/wp\/v2\/comments?post=87645"}],"version-history":[{"count":3,"href":"https:\/\/noti-america.com\/site\/principal\/wp-json\/wp\/v2\/posts\/87645\/revisions"}],"predecessor-version":[{"id":87651,"href":"https:\/\/noti-america.com\/site\/principal\/wp-json\/wp\/v2\/posts\/87645\/revisions\/87651"}],"wp:featuredmedia":[{"embeddable":true,"href":"https:\/\/noti-america.com\/site\/principal\/wp-json\/wp\/v2\/media\/87650"}],"wp:attachment":[{"href":"https:\/\/noti-america.com\/site\/principal\/wp-json\/wp\/v2\/media?parent=87645"}],"wp:term":[{"taxonomy":"category","embeddable":true,"href":"https:\/\/noti-america.com\/site\/principal\/wp-json\/wp\/v2\/categories?post=87645"},{"taxonomy":"post_tag","embeddable":true,"href":"https:\/\/noti-america.com\/site\/principal\/wp-json\/wp\/v2\/tags?post=87645"}],"curies":[{"name":"wp","href":"https:\/\/api.w.org\/{rel}","templated":true}]}}