{"id":87604,"date":"2026-04-29T16:40:35","date_gmt":"2026-04-29T20:40:35","guid":{"rendered":"https:\/\/noti-america.com\/site\/principal\/?p=87604"},"modified":"2026-04-29T16:40:35","modified_gmt":"2026-04-29T20:40:35","slug":"alejandro-manuel-y-soranyi-rodriguez-se-imponen-en-la-carrera-carrefour-10k","status":"publish","type":"post","link":"https:\/\/noti-america.com\/site\/principal\/2026\/04\/29\/alejandro-manuel-y-soranyi-rodriguez-se-imponen-en-la-carrera-carrefour-10k\/","title":{"rendered":"Alejandro Manuel y Soranyi Rodr\u00edguez se imponen en la Carrera Carrefour 10K"},"content":{"rendered":"<p>NOTI-AMERICA.COM | REP\u00daBLICA DOMINICANA<\/p>\n<p style=\"text-align: justify\">SANTO DOMINGO &#8211; Alejandro Manuel Rodr\u00edguez y Soranyi Rodr\u00edguez triunfaron este domingo en la duod\u00e9cima edici\u00f3n de la Carrera Carrefour 10K, evento que reuni\u00f3 a 3,500 corredores en un recorrido que combin\u00f3 desaf\u00edo y belleza urbana por importantes avenidas de Santo Domingo.<\/p>\n<p style=\"text-align: justify\">Fue una jornada marcada por la solidaridad hacia las fundaciones FACCI y O\u00edr para Vivir, la emoci\u00f3n competitiva y el respaldo de reconocidas marcas.<\/p>\n<p style=\"text-align: justify\">Alejandro domin\u00f3 la categor\u00eda Open Masculina con tiempo de 29 minutos y 43 segundos, seguido por Jilberto Santana (30.14) y Wilde De Mayer (31.53).<\/p>\n<p style=\"text-align: justify\">Soranyi domin\u00f3 entre las damas con crono de 35.11. Fue escoltada por Anayelis Ram\u00edrez (36.24) y Leslie Amat \u00c1lvarez (36.26).<\/p>\n<p style=\"text-align: justify\">La competencia inici\u00f3 a las 6:00 de la ma\u00f1ana con salida desde Downtown Center, en la avenida N\u00fa\u00f1ez de C\u00e1ceres esquina R\u00f3mulo Betancourt, y culmin\u00f3 en la avenida George Washington, a la altura del reci\u00e9n inaugurado Parque Deportivo Municipal.<\/p>\n<p style=\"text-align: justify\">El trayecto de 10 kil\u00f3metros incluy\u00f3 tramos de las avenidas Anacaona y Jim\u00e9nez Moya, antes de descender hacia el malec\u00f3n de Santo Domingo.<\/p>\n<p style=\"text-align: justify\">El evento apoy\u00f3 la labor de la Fundaci\u00f3n Amigos contra el C\u00e1ncer Infantil (FACCI), dedicada al acompa\u00f1amiento integral de ni\u00f1os con c\u00e1ncer, y de la Fundaci\u00f3n O\u00edr para Vivir, enfocada en mejorar la calidad de vida de personas con discapacidad auditiva.<\/p>\n<p style=\"text-align: justify\">Los corredores participaron tambi\u00e9n en las divisiones por edad (16-19, 20-29, 30-39, 40-49, 50-59, 60-69 y 70 o m\u00e1s a\u00f1os), junto a la categor\u00eda especial para corredores en silla de ruedas.<\/p>\n<p style=\"text-align: justify\">La carrera Carrefour 10K fue organizada por Carrefour Dominicana, con la log\u00edstica de Santo Domingo Corre, y cont\u00f3 con el auspicio de reconocidas marcas como Sura, Gatorade, Altice, Banreservas, Nestl\u00e9 y Downtown Center, entre otras.<\/p>\n<p style=\"text-align: justify\">El programa de la jornada inici\u00f3 con las palabras de bienvenida de Karine Noetinger, seguidas de un din\u00e1mico calentamiento dirigido por Universal Fitness.<\/p>\n<p style=\"text-align: justify\">Uno de los momentos m\u00e1s emotivos fue la entrega simb\u00f3lica de cheques a las fundaciones beneficiadas, acompa\u00f1ada de discursos y presentaciones art\u00edsticas que resaltaron el compromiso social del evento.<\/p>\n<p style=\"text-align: justify\">Tambi\u00e9n se realiz\u00f3 un reconocimiento especial al corredor m\u00e1s joven y al de mayor edad, destacando la diversidad y el esp\u00edritu deportivo de la competencia.<\/p>\n<p style=\"text-align: justify\">La premiaci\u00f3n de las categor\u00edas masculina y femenina estuvo bajo la conducci\u00f3n de los reconocidos presentadores Brea Frank y Brian Kelton, quienes aportaron energ\u00eda y dinamismo a la celebraci\u00f3n.<\/p>\n<p style=\"text-align: justify\">Finalmente, la jornada culmin\u00f3 con la rifa de boletos a\u00e9reos en el Caribe, gracias a la alianza entre Air Century y Carrefour, en un cierre festivo que cont\u00f3 con la participaci\u00f3n de figuras destacadas de la comunicaci\u00f3n.<\/p>\n","protected":false},"excerpt":{"rendered":"<p>NOTI-AMERICA.COM | REP\u00daBLICA DOMINICANA SANTO DOMINGO &#8211; Alejandro Manuel Rodr\u00edguez y Soranyi Rodr\u00edguez triunfaron este domingo en la duod\u00e9cima edici\u00f3n de la Carrera Carrefour 10K, evento que reuni\u00f3 a 3,500 corredores en un recorrido&#46;&#46;&#46;<\/p>\n","protected":false},"author":89,"featured_media":87605,"comment_status":"","ping_status":"open","sticky":false,"template":"","format":"standard","meta":{"_acf_changed":false,"rop_custom_images_group":[],"rop_custom_messages_group":[],"rop_publish_now":"no","rop_publish_now_accounts":[],"rop_publish_now_history":[],"rop_publish_now_status":"pending","footnotes":""},"categories":[16],"tags":[5355,5356,4037],"class_list":["post-87604","post","type-post","status-publish","format-standard","has-post-thumbnail","hentry","category-deportes","tag-alejandro-manuel-rodriguez","tag-carrera-carrefour-10k","tag-soranyi-rodriguez"],"acf":[],"yoast_head":"<!-- This site is optimized with the Yoast SEO Premium plugin v24.9 (Yoast SEO v27.2) - https:\/\/yoast.com\/product\/yoast-seo-premium-wordpress\/ -->\n<title>Alejandro Manuel y Soranyi Rodr\u00edguez se imponen en la Carrera Carrefour 10K - Noti-America.com<\/title>\n<meta name=\"robots\" content=\"index, follow, max-snippet:-1, max-image-preview:large, max-video-preview:-1\" \/>\n<link rel=\"canonical\" href=\"https:\/\/noti-america.com\/site\/principal\/2026\/04\/29\/alejandro-manuel-y-soranyi-rodriguez-se-imponen-en-la-carrera-carrefour-10k\/\" \/>\n<meta property=\"og:locale\" content=\"es_ES\" \/>\n<meta property=\"og:type\" content=\"article\" \/>\n<meta property=\"og:title\" content=\"Alejandro Manuel y Soranyi Rodr\u00edguez se imponen en la Carrera Carrefour 10K\" \/>\n<meta property=\"og:description\" content=\"NOTI-AMERICA.COM | REP\u00daBLICA DOMINICANA SANTO DOMINGO &#8211; Alejandro Manuel Rodr\u00edguez y Soranyi Rodr\u00edguez triunfaron este domingo en la duod\u00e9cima edici\u00f3n de la Carrera Carrefour 10K, evento que reuni\u00f3 a 3,500 corredores en un recorrido&#046;&#046;&#046;\" \/>\n<meta property=\"og:url\" content=\"https:\/\/noti-america.com\/site\/principal\/2026\/04\/29\/alejandro-manuel-y-soranyi-rodriguez-se-imponen-en-la-carrera-carrefour-10k\/\" \/>\n<meta property=\"og:site_name\" content=\"Noti-America.com\" \/>\n<meta property=\"article:published_time\" content=\"2026-04-29T20:40:35+00:00\" \/>\n<meta property=\"og:image\" content=\"https:\/\/noti-america.com\/site\/principal\/wp-content\/uploads\/sites\/26\/2026\/04\/Carrefour-10K.jpeg\" \/>\n\t<meta property=\"og:image:width\" content=\"1600\" \/>\n\t<meta property=\"og:image:height\" content=\"1066\" \/>\n\t<meta property=\"og:image:type\" content=\"image\/jpeg\" \/>\n<meta name=\"author\" content=\"Ad\u00e1n Soriano\" \/>\n<meta name=\"twitter:card\" content=\"summary_large_image\" \/>\n<meta name=\"twitter:creator\" content=\"@adansoriano\" \/>\n<meta name=\"twitter:label1\" content=\"Escrito por\" \/>\n\t<meta name=\"twitter:data1\" content=\"Ad\u00e1n Soriano\" \/>\n\t<meta name=\"twitter:label2\" content=\"Tiempo estimado de lectura\" \/>\n\t<meta name=\"twitter:data2\" content=\"1 minuto\" \/>\n<script type=\"application\/ld+json\" class=\"yoast-schema-graph\">{\"@context\":\"https:\/\/schema.org\",\"@graph\":[{\"@type\":\"Article\",\"@id\":\"https:\/\/noti-america.com\/site\/principal\/2026\/04\/29\/alejandro-manuel-y-soranyi-rodriguez-se-imponen-en-la-carrera-carrefour-10k\/#article\",\"isPartOf\":{\"@id\":\"https:\/\/noti-america.com\/site\/principal\/2026\/04\/29\/alejandro-manuel-y-soranyi-rodriguez-se-imponen-en-la-carrera-carrefour-10k\/\"},\"author\":{\"name\":\"Ad\u00e1n Soriano\",\"@id\":\"https:\/\/noti-america.com\/site\/principal\/#\/schema\/person\/fd0092c1530d275fabaa5cffcbc2b976\"},\"headline\":\"Alejandro Manuel y Soranyi Rodr\u00edguez se imponen en la Carrera Carrefour 10K\",\"datePublished\":\"2026-04-29T20:40:35+00:00\",\"mainEntityOfPage\":{\"@id\":\"https:\/\/noti-america.com\/site\/principal\/2026\/04\/29\/alejandro-manuel-y-soranyi-rodriguez-se-imponen-en-la-carrera-carrefour-10k\/\"},\"wordCount\":474,\"image\":{\"@id\":\"https:\/\/noti-america.com\/site\/principal\/2026\/04\/29\/alejandro-manuel-y-soranyi-rodriguez-se-imponen-en-la-carrera-carrefour-10k\/#primaryimage\"},\"thumbnailUrl\":\"https:\/\/noti-america.com\/site\/principal\/wp-content\/uploads\/sites\/26\/2026\/04\/Carrefour-10K.jpeg\",\"keywords\":[\"Alejandro Manuel Rodr\u00edguez\",\"Carrera Carrefour 10K\",\"Soranyi Rodr\u00edguez\"],\"articleSection\":[\"Deportes\"],\"inLanguage\":\"es\"},{\"@type\":\"WebPage\",\"@id\":\"https:\/\/noti-america.com\/site\/principal\/2026\/04\/29\/alejandro-manuel-y-soranyi-rodriguez-se-imponen-en-la-carrera-carrefour-10k\/\",\"url\":\"https:\/\/noti-america.com\/site\/principal\/2026\/04\/29\/alejandro-manuel-y-soranyi-rodriguez-se-imponen-en-la-carrera-carrefour-10k\/\",\"name\":\"Alejandro Manuel y Soranyi Rodr\u00edguez se imponen en la Carrera Carrefour 10K - Noti-America.com\",\"isPartOf\":{\"@id\":\"https:\/\/noti-america.com\/site\/principal\/#website\"},\"primaryImageOfPage\":{\"@id\":\"https:\/\/noti-america.com\/site\/principal\/2026\/04\/29\/alejandro-manuel-y-soranyi-rodriguez-se-imponen-en-la-carrera-carrefour-10k\/#primaryimage\"},\"image\":{\"@id\":\"https:\/\/noti-america.com\/site\/principal\/2026\/04\/29\/alejandro-manuel-y-soranyi-rodriguez-se-imponen-en-la-carrera-carrefour-10k\/#primaryimage\"},\"thumbnailUrl\":\"https:\/\/noti-america.com\/site\/principal\/wp-content\/uploads\/sites\/26\/2026\/04\/Carrefour-10K.jpeg\",\"datePublished\":\"2026-04-29T20:40:35+00:00\",\"author\":{\"@id\":\"https:\/\/noti-america.com\/site\/principal\/#\/schema\/person\/fd0092c1530d275fabaa5cffcbc2b976\"},\"breadcrumb\":{\"@id\":\"https:\/\/noti-america.com\/site\/principal\/2026\/04\/29\/alejandro-manuel-y-soranyi-rodriguez-se-imponen-en-la-carrera-carrefour-10k\/#breadcrumb\"},\"inLanguage\":\"es\",\"potentialAction\":[{\"@type\":\"ReadAction\",\"target\":[\"https:\/\/noti-america.com\/site\/principal\/2026\/04\/29\/alejandro-manuel-y-soranyi-rodriguez-se-imponen-en-la-carrera-carrefour-10k\/\"]}]},{\"@type\":\"ImageObject\",\"inLanguage\":\"es\",\"@id\":\"https:\/\/noti-america.com\/site\/principal\/2026\/04\/29\/alejandro-manuel-y-soranyi-rodriguez-se-imponen-en-la-carrera-carrefour-10k\/#primaryimage\",\"url\":\"https:\/\/noti-america.com\/site\/principal\/wp-content\/uploads\/sites\/26\/2026\/04\/Carrefour-10K.jpeg\",\"contentUrl\":\"https:\/\/noti-america.com\/site\/principal\/wp-content\/uploads\/sites\/26\/2026\/04\/Carrefour-10K.jpeg\",\"width\":1600,\"height\":1066},{\"@type\":\"BreadcrumbList\",\"@id\":\"https:\/\/noti-america.com\/site\/principal\/2026\/04\/29\/alejandro-manuel-y-soranyi-rodriguez-se-imponen-en-la-carrera-carrefour-10k\/#breadcrumb\",\"itemListElement\":[{\"@type\":\"ListItem\",\"position\":1,\"name\":\"Portada\",\"item\":\"https:\/\/noti-america.com\/site\/principal\/\"},{\"@type\":\"ListItem\",\"position\":2,\"name\":\"Alejandro Manuel y Soranyi Rodr\u00edguez se imponen en la Carrera Carrefour 10K\"}]},{\"@type\":\"WebSite\",\"@id\":\"https:\/\/noti-america.com\/site\/principal\/#website\",\"url\":\"https:\/\/noti-america.com\/site\/principal\/\",\"name\":\"Noti-America.com\",\"description\":\"El Noticiero Digital M\u00e1s Grande de Am\u00e9rica\",\"potentialAction\":[{\"@type\":\"SearchAction\",\"target\":{\"@type\":\"EntryPoint\",\"urlTemplate\":\"https:\/\/noti-america.com\/site\/principal\/?s={search_term_string}\"},\"query-input\":{\"@type\":\"PropertyValueSpecification\",\"valueRequired\":true,\"valueName\":\"search_term_string\"}}],\"inLanguage\":\"es\"},{\"@type\":\"Person\",\"@id\":\"https:\/\/noti-america.com\/site\/principal\/#\/schema\/person\/fd0092c1530d275fabaa5cffcbc2b976\",\"name\":\"Ad\u00e1n Soriano\",\"image\":{\"@type\":\"ImageObject\",\"inLanguage\":\"es\",\"@id\":\"https:\/\/secure.gravatar.com\/avatar\/ecf97ff3aee7ff9efdae670d7e976f3e7e8acc1077e510d73707999a8bfd4467?s=96&d=mm&r=g\",\"url\":\"https:\/\/secure.gravatar.com\/avatar\/ecf97ff3aee7ff9efdae670d7e976f3e7e8acc1077e510d73707999a8bfd4467?s=96&d=mm&r=g\",\"contentUrl\":\"https:\/\/secure.gravatar.com\/avatar\/ecf97ff3aee7ff9efdae670d7e976f3e7e8acc1077e510d73707999a8bfd4467?s=96&d=mm&r=g\",\"caption\":\"Ad\u00e1n Soriano\"},\"description\":\"Soy cronista deportivo con 10 a\u00f1os de experiencia en varios espacios, y conduzco el podcast deportivo llamado Mezcla Deportiva\",\"sameAs\":[\"https:\/\/x.com\/adansoriano\"],\"url\":\"https:\/\/noti-america.com\/site\/principal\/author\/asoriano\/\"}]}<\/script>\n<!-- \/ Yoast SEO Premium plugin. -->","yoast_head_json":{"title":"Alejandro Manuel y Soranyi Rodr\u00edguez se imponen en la Carrera Carrefour 10K - Noti-America.com","robots":{"index":"index","follow":"follow","max-snippet":"max-snippet:-1","max-image-preview":"max-image-preview:large","max-video-preview":"max-video-preview:-1"},"canonical":"https:\/\/noti-america.com\/site\/principal\/2026\/04\/29\/alejandro-manuel-y-soranyi-rodriguez-se-imponen-en-la-carrera-carrefour-10k\/","og_locale":"es_ES","og_type":"article","og_title":"Alejandro Manuel y Soranyi Rodr\u00edguez se imponen en la Carrera Carrefour 10K","og_description":"NOTI-AMERICA.COM | REP\u00daBLICA DOMINICANA SANTO DOMINGO &#8211; Alejandro Manuel Rodr\u00edguez y Soranyi Rodr\u00edguez triunfaron este domingo en la duod\u00e9cima edici\u00f3n de la Carrera Carrefour 10K, evento que reuni\u00f3 a 3,500 corredores en un recorrido&#46;&#46;&#46;","og_url":"https:\/\/noti-america.com\/site\/principal\/2026\/04\/29\/alejandro-manuel-y-soranyi-rodriguez-se-imponen-en-la-carrera-carrefour-10k\/","og_site_name":"Noti-America.com","article_published_time":"2026-04-29T20:40:35+00:00","og_image":[{"width":1600,"height":1066,"url":"https:\/\/noti-america.com\/site\/principal\/wp-content\/uploads\/sites\/26\/2026\/04\/Carrefour-10K.jpeg","type":"image\/jpeg"}],"author":"Ad\u00e1n Soriano","twitter_card":"summary_large_image","twitter_creator":"@adansoriano","twitter_misc":{"Escrito por":"Ad\u00e1n Soriano","Tiempo estimado de lectura":"1 minuto"},"schema":{"@context":"https:\/\/schema.org","@graph":[{"@type":"Article","@id":"https:\/\/noti-america.com\/site\/principal\/2026\/04\/29\/alejandro-manuel-y-soranyi-rodriguez-se-imponen-en-la-carrera-carrefour-10k\/#article","isPartOf":{"@id":"https:\/\/noti-america.com\/site\/principal\/2026\/04\/29\/alejandro-manuel-y-soranyi-rodriguez-se-imponen-en-la-carrera-carrefour-10k\/"},"author":{"name":"Ad\u00e1n Soriano","@id":"https:\/\/noti-america.com\/site\/principal\/#\/schema\/person\/fd0092c1530d275fabaa5cffcbc2b976"},"headline":"Alejandro Manuel y Soranyi Rodr\u00edguez se imponen en la Carrera Carrefour 10K","datePublished":"2026-04-29T20:40:35+00:00","mainEntityOfPage":{"@id":"https:\/\/noti-america.com\/site\/principal\/2026\/04\/29\/alejandro-manuel-y-soranyi-rodriguez-se-imponen-en-la-carrera-carrefour-10k\/"},"wordCount":474,"image":{"@id":"https:\/\/noti-america.com\/site\/principal\/2026\/04\/29\/alejandro-manuel-y-soranyi-rodriguez-se-imponen-en-la-carrera-carrefour-10k\/#primaryimage"},"thumbnailUrl":"https:\/\/noti-america.com\/site\/principal\/wp-content\/uploads\/sites\/26\/2026\/04\/Carrefour-10K.jpeg","keywords":["Alejandro Manuel Rodr\u00edguez","Carrera Carrefour 10K","Soranyi Rodr\u00edguez"],"articleSection":["Deportes"],"inLanguage":"es"},{"@type":"WebPage","@id":"https:\/\/noti-america.com\/site\/principal\/2026\/04\/29\/alejandro-manuel-y-soranyi-rodriguez-se-imponen-en-la-carrera-carrefour-10k\/","url":"https:\/\/noti-america.com\/site\/principal\/2026\/04\/29\/alejandro-manuel-y-soranyi-rodriguez-se-imponen-en-la-carrera-carrefour-10k\/","name":"Alejandro Manuel y Soranyi Rodr\u00edguez se imponen en la Carrera Carrefour 10K - Noti-America.com","isPartOf":{"@id":"https:\/\/noti-america.com\/site\/principal\/#website"},"primaryImageOfPage":{"@id":"https:\/\/noti-america.com\/site\/principal\/2026\/04\/29\/alejandro-manuel-y-soranyi-rodriguez-se-imponen-en-la-carrera-carrefour-10k\/#primaryimage"},"image":{"@id":"https:\/\/noti-america.com\/site\/principal\/2026\/04\/29\/alejandro-manuel-y-soranyi-rodriguez-se-imponen-en-la-carrera-carrefour-10k\/#primaryimage"},"thumbnailUrl":"https:\/\/noti-america.com\/site\/principal\/wp-content\/uploads\/sites\/26\/2026\/04\/Carrefour-10K.jpeg","datePublished":"2026-04-29T20:40:35+00:00","author":{"@id":"https:\/\/noti-america.com\/site\/principal\/#\/schema\/person\/fd0092c1530d275fabaa5cffcbc2b976"},"breadcrumb":{"@id":"https:\/\/noti-america.com\/site\/principal\/2026\/04\/29\/alejandro-manuel-y-soranyi-rodriguez-se-imponen-en-la-carrera-carrefour-10k\/#breadcrumb"},"inLanguage":"es","potentialAction":[{"@type":"ReadAction","target":["https:\/\/noti-america.com\/site\/principal\/2026\/04\/29\/alejandro-manuel-y-soranyi-rodriguez-se-imponen-en-la-carrera-carrefour-10k\/"]}]},{"@type":"ImageObject","inLanguage":"es","@id":"https:\/\/noti-america.com\/site\/principal\/2026\/04\/29\/alejandro-manuel-y-soranyi-rodriguez-se-imponen-en-la-carrera-carrefour-10k\/#primaryimage","url":"https:\/\/noti-america.com\/site\/principal\/wp-content\/uploads\/sites\/26\/2026\/04\/Carrefour-10K.jpeg","contentUrl":"https:\/\/noti-america.com\/site\/principal\/wp-content\/uploads\/sites\/26\/2026\/04\/Carrefour-10K.jpeg","width":1600,"height":1066},{"@type":"BreadcrumbList","@id":"https:\/\/noti-america.com\/site\/principal\/2026\/04\/29\/alejandro-manuel-y-soranyi-rodriguez-se-imponen-en-la-carrera-carrefour-10k\/#breadcrumb","itemListElement":[{"@type":"ListItem","position":1,"name":"Portada","item":"https:\/\/noti-america.com\/site\/principal\/"},{"@type":"ListItem","position":2,"name":"Alejandro Manuel y Soranyi Rodr\u00edguez se imponen en la Carrera Carrefour 10K"}]},{"@type":"WebSite","@id":"https:\/\/noti-america.com\/site\/principal\/#website","url":"https:\/\/noti-america.com\/site\/principal\/","name":"Noti-America.com","description":"El Noticiero Digital M\u00e1s Grande de Am\u00e9rica","potentialAction":[{"@type":"SearchAction","target":{"@type":"EntryPoint","urlTemplate":"https:\/\/noti-america.com\/site\/principal\/?s={search_term_string}"},"query-input":{"@type":"PropertyValueSpecification","valueRequired":true,"valueName":"search_term_string"}}],"inLanguage":"es"},{"@type":"Person","@id":"https:\/\/noti-america.com\/site\/principal\/#\/schema\/person\/fd0092c1530d275fabaa5cffcbc2b976","name":"Ad\u00e1n Soriano","image":{"@type":"ImageObject","inLanguage":"es","@id":"https:\/\/secure.gravatar.com\/avatar\/ecf97ff3aee7ff9efdae670d7e976f3e7e8acc1077e510d73707999a8bfd4467?s=96&d=mm&r=g","url":"https:\/\/secure.gravatar.com\/avatar\/ecf97ff3aee7ff9efdae670d7e976f3e7e8acc1077e510d73707999a8bfd4467?s=96&d=mm&r=g","contentUrl":"https:\/\/secure.gravatar.com\/avatar\/ecf97ff3aee7ff9efdae670d7e976f3e7e8acc1077e510d73707999a8bfd4467?s=96&d=mm&r=g","caption":"Ad\u00e1n Soriano"},"description":"Soy cronista deportivo con 10 a\u00f1os de experiencia en varios espacios, y conduzco el podcast deportivo llamado Mezcla Deportiva","sameAs":["https:\/\/x.com\/adansoriano"],"url":"https:\/\/noti-america.com\/site\/principal\/author\/asoriano\/"}]}},"_links":{"self":[{"href":"https:\/\/noti-america.com\/site\/principal\/wp-json\/wp\/v2\/posts\/87604","targetHints":{"allow":["GET"]}}],"collection":[{"href":"https:\/\/noti-america.com\/site\/principal\/wp-json\/wp\/v2\/posts"}],"about":[{"href":"https:\/\/noti-america.com\/site\/principal\/wp-json\/wp\/v2\/types\/post"}],"author":[{"embeddable":true,"href":"https:\/\/noti-america.com\/site\/principal\/wp-json\/wp\/v2\/users\/89"}],"replies":[{"embeddable":true,"href":"https:\/\/noti-america.com\/site\/principal\/wp-json\/wp\/v2\/comments?post=87604"}],"version-history":[{"count":1,"href":"https:\/\/noti-america.com\/site\/principal\/wp-json\/wp\/v2\/posts\/87604\/revisions"}],"predecessor-version":[{"id":87627,"href":"https:\/\/noti-america.com\/site\/principal\/wp-json\/wp\/v2\/posts\/87604\/revisions\/87627"}],"wp:featuredmedia":[{"embeddable":true,"href":"https:\/\/noti-america.com\/site\/principal\/wp-json\/wp\/v2\/media\/87605"}],"wp:attachment":[{"href":"https:\/\/noti-america.com\/site\/principal\/wp-json\/wp\/v2\/media?parent=87604"}],"wp:term":[{"taxonomy":"category","embeddable":true,"href":"https:\/\/noti-america.com\/site\/principal\/wp-json\/wp\/v2\/categories?post=87604"},{"taxonomy":"post_tag","embeddable":true,"href":"https:\/\/noti-america.com\/site\/principal\/wp-json\/wp\/v2\/tags?post=87604"}],"curies":[{"name":"wp","href":"https:\/\/api.w.org\/{rel}","templated":true}]}}