{"id":87581,"date":"2026-04-29T15:37:15","date_gmt":"2026-04-29T19:37:15","guid":{"rendered":"https:\/\/noti-america.com\/site\/principal\/?p=87581"},"modified":"2026-04-29T15:37:15","modified_gmt":"2026-04-29T19:37:15","slug":"maluma-anuncia-un-nuevo-album-personal-loco-x-volver","status":"publish","type":"post","link":"https:\/\/noti-america.com\/site\/principal\/2026\/04\/29\/maluma-anuncia-un-nuevo-album-personal-loco-x-volver\/","title":{"rendered":"Maluma anuncia un nuevo \u00e1lbum personal, \u2018Loco X Volver\u2019"},"content":{"rendered":"<p>NOTI-AMERICA.COM | VENEZUELA<\/p>\n<p style=\"text-align: justify\">El pr\u00f3ximo 15 de mayo, Maluma presentar\u00e1 su s\u00e9ptimo \u00e1lbum de estudio titulado Loco x Volver, un proyecto que el artista define como el m\u00e1s \u00edntimo de su trayectoria. Tras dos a\u00f1os de trabajo, el colombiano destac\u00f3 que este disco representa un reencuentro con su esencia y sus ra\u00edces.<\/p>\n<p style=\"text-align: justify\">La producci\u00f3n cuenta con un repertorio de 14 temas, destacando colaboraciones de alto nivel como Kany Garc\u00eda, cuyo tema \u00ab1+1\u00bb ya lidera las listas de Billboard, Arc\u00e1ngel, Ryan Castro y una pieza p\u00f3stuma junto a Yeison Jim\u00e9nez.<\/p>\n<p style=\"text-align: justify\">Este lanzamiento marca el regreso discogr\u00e1fico de Maluma tras tres a\u00f1os desde su \u00faltimo \u00e1lbum, consolidando una evoluci\u00f3n musical que busca conectar con el \u00abJuan Luis\u00bb so\u00f1ador de sus inicios. Seg\u00fan el equipo del cantante, el \u00e1lbum funciona como una herramienta de sanaci\u00f3n personal y una fusi\u00f3n de g\u00e9neros que celebra su madurez actual.<\/p>\n","protected":false},"excerpt":{"rendered":"<p>NOTI-AMERICA.COM | VENEZUELA El pr\u00f3ximo 15 de mayo, Maluma presentar\u00e1 su s\u00e9ptimo \u00e1lbum de estudio titulado Loco x Volver, un proyecto que el artista define como el m\u00e1s \u00edntimo de su trayectoria. Tras dos&#46;&#46;&#46;<\/p>\n","protected":false},"author":133,"featured_media":87582,"comment_status":"","ping_status":"open","sticky":false,"template":"","format":"image","meta":{"_acf_changed":false,"rop_custom_images_group":[],"rop_custom_messages_group":[],"rop_publish_now":"no","rop_publish_now_accounts":[],"rop_publish_now_history":[],"rop_publish_now_status":"pending","footnotes":""},"categories":[886],"tags":[],"class_list":["post-87581","post","type-post","status-publish","format-image","has-post-thumbnail","hentry","category-acturalidad","post_format-post-format-image"],"acf":[],"yoast_head":"<!-- This site is optimized with the Yoast SEO Premium plugin v24.9 (Yoast SEO v27.2) - https:\/\/yoast.com\/product\/yoast-seo-premium-wordpress\/ -->\n<title>Maluma anuncia un nuevo \u00e1lbum personal, \u2018Loco X Volver\u2019 - Noti-America.com<\/title>\n<meta name=\"robots\" content=\"index, follow, max-snippet:-1, max-image-preview:large, max-video-preview:-1\" \/>\n<link rel=\"canonical\" href=\"https:\/\/noti-america.com\/site\/principal\/2026\/04\/29\/maluma-anuncia-un-nuevo-album-personal-loco-x-volver\/\" \/>\n<meta property=\"og:locale\" content=\"es_ES\" \/>\n<meta property=\"og:type\" content=\"article\" \/>\n<meta property=\"og:title\" content=\"Maluma anuncia un nuevo \u00e1lbum personal, \u2018Loco X Volver\u2019\" \/>\n<meta property=\"og:description\" content=\"NOTI-AMERICA.COM | VENEZUELA El pr\u00f3ximo 15 de mayo, Maluma presentar\u00e1 su s\u00e9ptimo \u00e1lbum de estudio titulado Loco x Volver, un proyecto que el artista define como el m\u00e1s \u00edntimo de su trayectoria. Tras dos&#046;&#046;&#046;\" \/>\n<meta property=\"og:url\" content=\"https:\/\/noti-america.com\/site\/principal\/2026\/04\/29\/maluma-anuncia-un-nuevo-album-personal-loco-x-volver\/\" \/>\n<meta property=\"og:site_name\" content=\"Noti-America.com\" \/>\n<meta property=\"article:author\" content=\"Mar\u00eda Valentina Noguera\" \/>\n<meta property=\"article:published_time\" content=\"2026-04-29T19:37:15+00:00\" \/>\n<meta property=\"og:image\" content=\"https:\/\/noti-america.com\/site\/principal\/wp-content\/uploads\/sites\/26\/2026\/04\/Screenshot_29-4-2026_113418_w2a-noticierovenevision-net.s3.amazonaws.com_.jpeg\" \/>\n\t<meta property=\"og:image:width\" content=\"1220\" \/>\n\t<meta property=\"og:image:height\" content=\"589\" \/>\n\t<meta property=\"og:image:type\" content=\"image\/jpeg\" \/>\n<meta name=\"author\" content=\"Maria Valentina Noguera Medina\" \/>\n<meta name=\"twitter:card\" content=\"summary_large_image\" \/>\n<meta name=\"twitter:label1\" content=\"Escrito por\" \/>\n\t<meta name=\"twitter:data1\" content=\"Maria Valentina Noguera Medina\" \/>\n\t<meta name=\"twitter:label2\" content=\"Tiempo estimado de lectura\" \/>\n\t<meta name=\"twitter:data2\" content=\"1 minuto\" \/>\n<script type=\"application\/ld+json\" class=\"yoast-schema-graph\">{\"@context\":\"https:\/\/schema.org\",\"@graph\":[{\"@type\":\"Article\",\"@id\":\"https:\/\/noti-america.com\/site\/principal\/2026\/04\/29\/maluma-anuncia-un-nuevo-album-personal-loco-x-volver\/#article\",\"isPartOf\":{\"@id\":\"https:\/\/noti-america.com\/site\/principal\/2026\/04\/29\/maluma-anuncia-un-nuevo-album-personal-loco-x-volver\/\"},\"author\":{\"name\":\"Maria Valentina Noguera Medina\",\"@id\":\"https:\/\/noti-america.com\/site\/principal\/#\/schema\/person\/22806efcc2cfc4b45efb0e17be210ea8\"},\"headline\":\"Maluma anuncia un nuevo \u00e1lbum personal, \u2018Loco X Volver\u2019\",\"datePublished\":\"2026-04-29T19:37:15+00:00\",\"mainEntityOfPage\":{\"@id\":\"https:\/\/noti-america.com\/site\/principal\/2026\/04\/29\/maluma-anuncia-un-nuevo-album-personal-loco-x-volver\/\"},\"wordCount\":167,\"image\":{\"@id\":\"https:\/\/noti-america.com\/site\/principal\/2026\/04\/29\/maluma-anuncia-un-nuevo-album-personal-loco-x-volver\/#primaryimage\"},\"thumbnailUrl\":\"https:\/\/noti-america.com\/site\/principal\/wp-content\/uploads\/sites\/26\/2026\/04\/Screenshot_29-4-2026_113418_w2a-noticierovenevision-net.s3.amazonaws.com_.jpeg\",\"articleSection\":[\"Actualidad\"],\"inLanguage\":\"es\"},{\"@type\":\"WebPage\",\"@id\":\"https:\/\/noti-america.com\/site\/principal\/2026\/04\/29\/maluma-anuncia-un-nuevo-album-personal-loco-x-volver\/\",\"url\":\"https:\/\/noti-america.com\/site\/principal\/2026\/04\/29\/maluma-anuncia-un-nuevo-album-personal-loco-x-volver\/\",\"name\":\"Maluma anuncia un nuevo \u00e1lbum personal, \u2018Loco X Volver\u2019 - Noti-America.com\",\"isPartOf\":{\"@id\":\"https:\/\/noti-america.com\/site\/principal\/#website\"},\"primaryImageOfPage\":{\"@id\":\"https:\/\/noti-america.com\/site\/principal\/2026\/04\/29\/maluma-anuncia-un-nuevo-album-personal-loco-x-volver\/#primaryimage\"},\"image\":{\"@id\":\"https:\/\/noti-america.com\/site\/principal\/2026\/04\/29\/maluma-anuncia-un-nuevo-album-personal-loco-x-volver\/#primaryimage\"},\"thumbnailUrl\":\"https:\/\/noti-america.com\/site\/principal\/wp-content\/uploads\/sites\/26\/2026\/04\/Screenshot_29-4-2026_113418_w2a-noticierovenevision-net.s3.amazonaws.com_.jpeg\",\"datePublished\":\"2026-04-29T19:37:15+00:00\",\"author\":{\"@id\":\"https:\/\/noti-america.com\/site\/principal\/#\/schema\/person\/22806efcc2cfc4b45efb0e17be210ea8\"},\"breadcrumb\":{\"@id\":\"https:\/\/noti-america.com\/site\/principal\/2026\/04\/29\/maluma-anuncia-un-nuevo-album-personal-loco-x-volver\/#breadcrumb\"},\"inLanguage\":\"es\",\"potentialAction\":[{\"@type\":\"ReadAction\",\"target\":[\"https:\/\/noti-america.com\/site\/principal\/2026\/04\/29\/maluma-anuncia-un-nuevo-album-personal-loco-x-volver\/\"]}]},{\"@type\":\"ImageObject\",\"inLanguage\":\"es\",\"@id\":\"https:\/\/noti-america.com\/site\/principal\/2026\/04\/29\/maluma-anuncia-un-nuevo-album-personal-loco-x-volver\/#primaryimage\",\"url\":\"https:\/\/noti-america.com\/site\/principal\/wp-content\/uploads\/sites\/26\/2026\/04\/Screenshot_29-4-2026_113418_w2a-noticierovenevision-net.s3.amazonaws.com_.jpeg\",\"contentUrl\":\"https:\/\/noti-america.com\/site\/principal\/wp-content\/uploads\/sites\/26\/2026\/04\/Screenshot_29-4-2026_113418_w2a-noticierovenevision-net.s3.amazonaws.com_.jpeg\",\"width\":1220,\"height\":589},{\"@type\":\"BreadcrumbList\",\"@id\":\"https:\/\/noti-america.com\/site\/principal\/2026\/04\/29\/maluma-anuncia-un-nuevo-album-personal-loco-x-volver\/#breadcrumb\",\"itemListElement\":[{\"@type\":\"ListItem\",\"position\":1,\"name\":\"Portada\",\"item\":\"https:\/\/noti-america.com\/site\/principal\/\"},{\"@type\":\"ListItem\",\"position\":2,\"name\":\"Maluma anuncia un nuevo \u00e1lbum personal, \u2018Loco X Volver\u2019\"}]},{\"@type\":\"WebSite\",\"@id\":\"https:\/\/noti-america.com\/site\/principal\/#website\",\"url\":\"https:\/\/noti-america.com\/site\/principal\/\",\"name\":\"Noti-America.com\",\"description\":\"El Noticiero Digital M\u00e1s Grande de Am\u00e9rica\",\"potentialAction\":[{\"@type\":\"SearchAction\",\"target\":{\"@type\":\"EntryPoint\",\"urlTemplate\":\"https:\/\/noti-america.com\/site\/principal\/?s={search_term_string}\"},\"query-input\":{\"@type\":\"PropertyValueSpecification\",\"valueRequired\":true,\"valueName\":\"search_term_string\"}}],\"inLanguage\":\"es\"},{\"@type\":\"Person\",\"@id\":\"https:\/\/noti-america.com\/site\/principal\/#\/schema\/person\/22806efcc2cfc4b45efb0e17be210ea8\",\"name\":\"Maria Valentina Noguera Medina\",\"image\":{\"@type\":\"ImageObject\",\"inLanguage\":\"es\",\"@id\":\"https:\/\/secure.gravatar.com\/avatar\/4ec5eb9d099f2608a49c9df6f7341f66f04f819cdffa09d56a7a0e91d2819d56?s=96&d=mm&r=g\",\"url\":\"https:\/\/secure.gravatar.com\/avatar\/4ec5eb9d099f2608a49c9df6f7341f66f04f819cdffa09d56a7a0e91d2819d56?s=96&d=mm&r=g\",\"contentUrl\":\"https:\/\/secure.gravatar.com\/avatar\/4ec5eb9d099f2608a49c9df6f7341f66f04f819cdffa09d56a7a0e91d2819d56?s=96&d=mm&r=g\",\"caption\":\"Maria Valentina Noguera Medina\"},\"description\":\"Periodista - noti-america - Promar Community Manager - Talento Plus Dise\u00f1adora\/ creadora de contenido...\",\"sameAs\":[\"Mar\u00eda Valentina Noguera\",\"https:\/\/www.facebook.com\/mariavalentina.noguera\",\"https:\/\/www.linkedin.com\/in\/mara-valentina-noguera-medina-373075165\/\",\"https:\/\/www.pinterest.es\/valentinanoguera95\/\",\"https:\/\/www.youtube.com\/channel\/UCdek6mbUZ-Tqqw0I63i4nmQ\"],\"url\":\"https:\/\/noti-america.com\/site\/principal\/author\/mnoguera\/\"}]}<\/script>\n<!-- \/ Yoast SEO Premium plugin. -->","yoast_head_json":{"title":"Maluma anuncia un nuevo \u00e1lbum personal, \u2018Loco X Volver\u2019 - Noti-America.com","robots":{"index":"index","follow":"follow","max-snippet":"max-snippet:-1","max-image-preview":"max-image-preview:large","max-video-preview":"max-video-preview:-1"},"canonical":"https:\/\/noti-america.com\/site\/principal\/2026\/04\/29\/maluma-anuncia-un-nuevo-album-personal-loco-x-volver\/","og_locale":"es_ES","og_type":"article","og_title":"Maluma anuncia un nuevo \u00e1lbum personal, \u2018Loco X Volver\u2019","og_description":"NOTI-AMERICA.COM | VENEZUELA El pr\u00f3ximo 15 de mayo, Maluma presentar\u00e1 su s\u00e9ptimo \u00e1lbum de estudio titulado Loco x Volver, un proyecto que el artista define como el m\u00e1s \u00edntimo de su trayectoria. Tras dos&#46;&#46;&#46;","og_url":"https:\/\/noti-america.com\/site\/principal\/2026\/04\/29\/maluma-anuncia-un-nuevo-album-personal-loco-x-volver\/","og_site_name":"Noti-America.com","article_author":"Mar\u00eda Valentina Noguera","article_published_time":"2026-04-29T19:37:15+00:00","og_image":[{"width":1220,"height":589,"url":"https:\/\/noti-america.com\/site\/principal\/wp-content\/uploads\/sites\/26\/2026\/04\/Screenshot_29-4-2026_113418_w2a-noticierovenevision-net.s3.amazonaws.com_.jpeg","type":"image\/jpeg"}],"author":"Maria Valentina Noguera Medina","twitter_card":"summary_large_image","twitter_misc":{"Escrito por":"Maria Valentina Noguera Medina","Tiempo estimado de lectura":"1 minuto"},"schema":{"@context":"https:\/\/schema.org","@graph":[{"@type":"Article","@id":"https:\/\/noti-america.com\/site\/principal\/2026\/04\/29\/maluma-anuncia-un-nuevo-album-personal-loco-x-volver\/#article","isPartOf":{"@id":"https:\/\/noti-america.com\/site\/principal\/2026\/04\/29\/maluma-anuncia-un-nuevo-album-personal-loco-x-volver\/"},"author":{"name":"Maria Valentina Noguera Medina","@id":"https:\/\/noti-america.com\/site\/principal\/#\/schema\/person\/22806efcc2cfc4b45efb0e17be210ea8"},"headline":"Maluma anuncia un nuevo \u00e1lbum personal, \u2018Loco X Volver\u2019","datePublished":"2026-04-29T19:37:15+00:00","mainEntityOfPage":{"@id":"https:\/\/noti-america.com\/site\/principal\/2026\/04\/29\/maluma-anuncia-un-nuevo-album-personal-loco-x-volver\/"},"wordCount":167,"image":{"@id":"https:\/\/noti-america.com\/site\/principal\/2026\/04\/29\/maluma-anuncia-un-nuevo-album-personal-loco-x-volver\/#primaryimage"},"thumbnailUrl":"https:\/\/noti-america.com\/site\/principal\/wp-content\/uploads\/sites\/26\/2026\/04\/Screenshot_29-4-2026_113418_w2a-noticierovenevision-net.s3.amazonaws.com_.jpeg","articleSection":["Actualidad"],"inLanguage":"es"},{"@type":"WebPage","@id":"https:\/\/noti-america.com\/site\/principal\/2026\/04\/29\/maluma-anuncia-un-nuevo-album-personal-loco-x-volver\/","url":"https:\/\/noti-america.com\/site\/principal\/2026\/04\/29\/maluma-anuncia-un-nuevo-album-personal-loco-x-volver\/","name":"Maluma anuncia un nuevo \u00e1lbum personal, \u2018Loco X Volver\u2019 - Noti-America.com","isPartOf":{"@id":"https:\/\/noti-america.com\/site\/principal\/#website"},"primaryImageOfPage":{"@id":"https:\/\/noti-america.com\/site\/principal\/2026\/04\/29\/maluma-anuncia-un-nuevo-album-personal-loco-x-volver\/#primaryimage"},"image":{"@id":"https:\/\/noti-america.com\/site\/principal\/2026\/04\/29\/maluma-anuncia-un-nuevo-album-personal-loco-x-volver\/#primaryimage"},"thumbnailUrl":"https:\/\/noti-america.com\/site\/principal\/wp-content\/uploads\/sites\/26\/2026\/04\/Screenshot_29-4-2026_113418_w2a-noticierovenevision-net.s3.amazonaws.com_.jpeg","datePublished":"2026-04-29T19:37:15+00:00","author":{"@id":"https:\/\/noti-america.com\/site\/principal\/#\/schema\/person\/22806efcc2cfc4b45efb0e17be210ea8"},"breadcrumb":{"@id":"https:\/\/noti-america.com\/site\/principal\/2026\/04\/29\/maluma-anuncia-un-nuevo-album-personal-loco-x-volver\/#breadcrumb"},"inLanguage":"es","potentialAction":[{"@type":"ReadAction","target":["https:\/\/noti-america.com\/site\/principal\/2026\/04\/29\/maluma-anuncia-un-nuevo-album-personal-loco-x-volver\/"]}]},{"@type":"ImageObject","inLanguage":"es","@id":"https:\/\/noti-america.com\/site\/principal\/2026\/04\/29\/maluma-anuncia-un-nuevo-album-personal-loco-x-volver\/#primaryimage","url":"https:\/\/noti-america.com\/site\/principal\/wp-content\/uploads\/sites\/26\/2026\/04\/Screenshot_29-4-2026_113418_w2a-noticierovenevision-net.s3.amazonaws.com_.jpeg","contentUrl":"https:\/\/noti-america.com\/site\/principal\/wp-content\/uploads\/sites\/26\/2026\/04\/Screenshot_29-4-2026_113418_w2a-noticierovenevision-net.s3.amazonaws.com_.jpeg","width":1220,"height":589},{"@type":"BreadcrumbList","@id":"https:\/\/noti-america.com\/site\/principal\/2026\/04\/29\/maluma-anuncia-un-nuevo-album-personal-loco-x-volver\/#breadcrumb","itemListElement":[{"@type":"ListItem","position":1,"name":"Portada","item":"https:\/\/noti-america.com\/site\/principal\/"},{"@type":"ListItem","position":2,"name":"Maluma anuncia un nuevo \u00e1lbum personal, \u2018Loco X Volver\u2019"}]},{"@type":"WebSite","@id":"https:\/\/noti-america.com\/site\/principal\/#website","url":"https:\/\/noti-america.com\/site\/principal\/","name":"Noti-America.com","description":"El Noticiero Digital M\u00e1s Grande de Am\u00e9rica","potentialAction":[{"@type":"SearchAction","target":{"@type":"EntryPoint","urlTemplate":"https:\/\/noti-america.com\/site\/principal\/?s={search_term_string}"},"query-input":{"@type":"PropertyValueSpecification","valueRequired":true,"valueName":"search_term_string"}}],"inLanguage":"es"},{"@type":"Person","@id":"https:\/\/noti-america.com\/site\/principal\/#\/schema\/person\/22806efcc2cfc4b45efb0e17be210ea8","name":"Maria Valentina Noguera Medina","image":{"@type":"ImageObject","inLanguage":"es","@id":"https:\/\/secure.gravatar.com\/avatar\/4ec5eb9d099f2608a49c9df6f7341f66f04f819cdffa09d56a7a0e91d2819d56?s=96&d=mm&r=g","url":"https:\/\/secure.gravatar.com\/avatar\/4ec5eb9d099f2608a49c9df6f7341f66f04f819cdffa09d56a7a0e91d2819d56?s=96&d=mm&r=g","contentUrl":"https:\/\/secure.gravatar.com\/avatar\/4ec5eb9d099f2608a49c9df6f7341f66f04f819cdffa09d56a7a0e91d2819d56?s=96&d=mm&r=g","caption":"Maria Valentina Noguera Medina"},"description":"Periodista - noti-america - Promar Community Manager - Talento Plus Dise\u00f1adora\/ creadora de contenido...","sameAs":["Mar\u00eda Valentina Noguera","https:\/\/www.facebook.com\/mariavalentina.noguera","https:\/\/www.linkedin.com\/in\/mara-valentina-noguera-medina-373075165\/","https:\/\/www.pinterest.es\/valentinanoguera95\/","https:\/\/www.youtube.com\/channel\/UCdek6mbUZ-Tqqw0I63i4nmQ"],"url":"https:\/\/noti-america.com\/site\/principal\/author\/mnoguera\/"}]}},"_links":{"self":[{"href":"https:\/\/noti-america.com\/site\/principal\/wp-json\/wp\/v2\/posts\/87581","targetHints":{"allow":["GET"]}}],"collection":[{"href":"https:\/\/noti-america.com\/site\/principal\/wp-json\/wp\/v2\/posts"}],"about":[{"href":"https:\/\/noti-america.com\/site\/principal\/wp-json\/wp\/v2\/types\/post"}],"author":[{"embeddable":true,"href":"https:\/\/noti-america.com\/site\/principal\/wp-json\/wp\/v2\/users\/133"}],"replies":[{"embeddable":true,"href":"https:\/\/noti-america.com\/site\/principal\/wp-json\/wp\/v2\/comments?post=87581"}],"version-history":[{"count":1,"href":"https:\/\/noti-america.com\/site\/principal\/wp-json\/wp\/v2\/posts\/87581\/revisions"}],"predecessor-version":[{"id":87616,"href":"https:\/\/noti-america.com\/site\/principal\/wp-json\/wp\/v2\/posts\/87581\/revisions\/87616"}],"wp:featuredmedia":[{"embeddable":true,"href":"https:\/\/noti-america.com\/site\/principal\/wp-json\/wp\/v2\/media\/87582"}],"wp:attachment":[{"href":"https:\/\/noti-america.com\/site\/principal\/wp-json\/wp\/v2\/media?parent=87581"}],"wp:term":[{"taxonomy":"category","embeddable":true,"href":"https:\/\/noti-america.com\/site\/principal\/wp-json\/wp\/v2\/categories?post=87581"},{"taxonomy":"post_tag","embeddable":true,"href":"https:\/\/noti-america.com\/site\/principal\/wp-json\/wp\/v2\/tags?post=87581"}],"curies":[{"name":"wp","href":"https:\/\/api.w.org\/{rel}","templated":true}]}}