{"id":87558,"date":"2026-04-29T01:57:40","date_gmt":"2026-04-29T05:57:40","guid":{"rendered":"https:\/\/noti-america.com\/site\/principal\/?p=87558"},"modified":"2026-04-29T01:57:40","modified_gmt":"2026-04-29T05:57:40","slug":"cootad-entra-a-tramite-para-reforma","status":"publish","type":"post","link":"https:\/\/noti-america.com\/site\/principal\/2026\/04\/29\/cootad-entra-a-tramite-para-reforma\/","title":{"rendered":"Cootad entra a tr\u00e1mite para reforma"},"content":{"rendered":"<p><em><strong>REDACCI\u00d3N NOTI-AM\u00c9RICA (ECUADOR)<\/strong><\/em><\/p>\n<div style=\"width: 430px\" class=\"wp-caption aligncenter\"><img loading=\"lazy\" decoding=\"async\" src=\"https:\/\/www.asambleanacional.gob.ec\/sites\/default\/files\/styles\/noticias\/public\/field\/imagen\/whatsapp_image_2026-04-28_at_17.53.30.jpeg?itok=QCkB4MTN\" alt=\"\" width=\"420\" height=\"282\" \/><p class=\"wp-caption-text\">Miembros de La Comisi\u00f3n de Gobiernos Aut\u00f3nomos<\/p><\/div>\n<p style=\"text-align: justify\">La Comisi\u00f3n de Gobiernos Aut\u00f3nomos inici\u00f3 este martes el tr\u00e1mite de una nueva propuesta de reforma al C\u00f3digo Org\u00e1nico de Organizaci\u00f3n Territorial, Autonom\u00eda y Descentralizaci\u00f3n (Cootad), tras conocer la resoluci\u00f3n del Consejo de Administraci\u00f3n Legislativa (CAL), que calific\u00f3 el proyecto presentado por el asamble\u00edsta Andr\u00e9s Guschmer.<\/p>\n<p style=\"text-align: justify\">Con siete votos afirmativos, la mesa legislativa resolvi\u00f3 unificar esta iniciativa con otros proyectos relacionados con reformas al mismo cuerpo legal, en cumplimiento de la Ley Org\u00e1nica de la Funci\u00f3n Legislativa. La decisi\u00f3n cuenta, adem\u00e1s, con el informe favorable de la Unidad de T\u00e9cnica Legislativa, que recomend\u00f3 el tratamiento conjunto de las propuestas.<\/p>\n<p style=\"text-align: justify\">La iniciativa plantea actualizar el marco normativo para facilitar dos procesos clave en la gesti\u00f3n de los gobiernos aut\u00f3nomos descentralizados. El primero busca fortalecer la participaci\u00f3n ciudadana mediante la conformaci\u00f3n de comit\u00e9s barriales y federaciones con personer\u00eda jur\u00eddica otorgada por los concejos municipales, atribuci\u00f3n que se incorporar\u00eda de forma expresa en el Cootad.<\/p>\n<p style=\"text-align: justify\">El segundo eje de la propuesta se enfoca en la regularizaci\u00f3n urbana, con el prop\u00f3sito de simplificar la transferencia de dominio de predios municipales a favor de sus actuales ocupantes.<\/p>\n<p style=\"text-align: justify\">Tras aprobar la unificaci\u00f3n, la presidenta de la comisi\u00f3n, Luc\u00eda Pozo, inform\u00f3 sobre la apertura de la fase de socializaci\u00f3n del proyecto.<\/p>\n","protected":false},"excerpt":{"rendered":"<p>REDACCI\u00d3N NOTI-AM\u00c9RICA (ECUADOR) La Comisi\u00f3n de Gobiernos Aut\u00f3nomos inici\u00f3 este martes el tr\u00e1mite de una nueva propuesta de reforma al C\u00f3digo Org\u00e1nico de Organizaci\u00f3n Territorial, Autonom\u00eda y Descentralizaci\u00f3n (Cootad), tras conocer la resoluci\u00f3n del&#46;&#46;&#46;<\/p>\n","protected":false},"author":17,"featured_media":87559,"comment_status":"","ping_status":"open","sticky":false,"template":"","format":"standard","meta":{"_acf_changed":false,"rop_custom_images_group":[],"rop_custom_messages_group":[],"rop_publish_now":"no","rop_publish_now_accounts":[],"rop_publish_now_history":[],"rop_publish_now_status":"pending","footnotes":""},"categories":[47],"tags":[],"class_list":["post-87558","post","type-post","status-publish","format-standard","has-post-thumbnail","hentry","category-politica-opinion"],"acf":[],"yoast_head":"<!-- This site is optimized with the Yoast SEO Premium plugin v24.9 (Yoast SEO v27.2) - https:\/\/yoast.com\/product\/yoast-seo-premium-wordpress\/ -->\n<title>Cootad entra a tr\u00e1mite para reforma - Noti-America.com<\/title>\n<meta name=\"robots\" content=\"index, follow, max-snippet:-1, max-image-preview:large, max-video-preview:-1\" \/>\n<link rel=\"canonical\" href=\"https:\/\/noti-america.com\/site\/principal\/2026\/04\/29\/cootad-entra-a-tramite-para-reforma\/\" \/>\n<meta property=\"og:locale\" content=\"es_ES\" \/>\n<meta property=\"og:type\" content=\"article\" \/>\n<meta property=\"og:title\" content=\"Cootad entra a tr\u00e1mite para reforma\" \/>\n<meta property=\"og:description\" content=\"REDACCI\u00d3N NOTI-AM\u00c9RICA (ECUADOR) La Comisi\u00f3n de Gobiernos Aut\u00f3nomos inici\u00f3 este martes el tr\u00e1mite de una nueva propuesta de reforma al C\u00f3digo Org\u00e1nico de Organizaci\u00f3n Territorial, Autonom\u00eda y Descentralizaci\u00f3n (Cootad), tras conocer la resoluci\u00f3n del&#046;&#046;&#046;\" \/>\n<meta property=\"og:url\" content=\"https:\/\/noti-america.com\/site\/principal\/2026\/04\/29\/cootad-entra-a-tramite-para-reforma\/\" \/>\n<meta property=\"og:site_name\" content=\"Noti-America.com\" \/>\n<meta property=\"article:published_time\" content=\"2026-04-29T05:57:40+00:00\" \/>\n<meta property=\"og:image\" content=\"https:\/\/noti-america.com\/site\/principal\/wp-content\/uploads\/sites\/26\/2026\/04\/Miembros-de-La-Comision-de-Gobiernos-Autonomos.jpeg\" \/>\n\t<meta property=\"og:image:width\" content=\"420\" \/>\n\t<meta property=\"og:image:height\" content=\"282\" \/>\n\t<meta property=\"og:image:type\" content=\"image\/jpeg\" \/>\n<meta name=\"author\" content=\"Gregory Quintana Montiel\" \/>\n<meta name=\"twitter:card\" content=\"summary_large_image\" \/>\n<meta name=\"twitter:creator\" content=\"@gdgregori1\" \/>\n<meta name=\"twitter:label1\" content=\"Escrito por\" \/>\n\t<meta name=\"twitter:data1\" content=\"Gregory Quintana Montiel\" \/>\n\t<meta name=\"twitter:label2\" content=\"Tiempo estimado de lectura\" \/>\n\t<meta name=\"twitter:data2\" content=\"1 minuto\" \/>\n<script type=\"application\/ld+json\" class=\"yoast-schema-graph\">{\"@context\":\"https:\/\/schema.org\",\"@graph\":[{\"@type\":\"Article\",\"@id\":\"https:\/\/noti-america.com\/site\/principal\/2026\/04\/29\/cootad-entra-a-tramite-para-reforma\/#article\",\"isPartOf\":{\"@id\":\"https:\/\/noti-america.com\/site\/principal\/2026\/04\/29\/cootad-entra-a-tramite-para-reforma\/\"},\"author\":{\"name\":\"Gregory Quintana Montiel\",\"@id\":\"https:\/\/noti-america.com\/site\/principal\/#\/schema\/person\/3b975e42f15abfe64bfe3abdd916efda\"},\"headline\":\"Cootad entra a tr\u00e1mite para reforma\",\"datePublished\":\"2026-04-29T05:57:40+00:00\",\"mainEntityOfPage\":{\"@id\":\"https:\/\/noti-america.com\/site\/principal\/2026\/04\/29\/cootad-entra-a-tramite-para-reforma\/\"},\"wordCount\":263,\"image\":{\"@id\":\"https:\/\/noti-america.com\/site\/principal\/2026\/04\/29\/cootad-entra-a-tramite-para-reforma\/#primaryimage\"},\"thumbnailUrl\":\"https:\/\/noti-america.com\/site\/principal\/wp-content\/uploads\/sites\/26\/2026\/04\/Miembros-de-La-Comision-de-Gobiernos-Autonomos.jpeg\",\"articleSection\":[\"Pol\u00edtica\"],\"inLanguage\":\"es\"},{\"@type\":\"WebPage\",\"@id\":\"https:\/\/noti-america.com\/site\/principal\/2026\/04\/29\/cootad-entra-a-tramite-para-reforma\/\",\"url\":\"https:\/\/noti-america.com\/site\/principal\/2026\/04\/29\/cootad-entra-a-tramite-para-reforma\/\",\"name\":\"Cootad entra a tr\u00e1mite para reforma - Noti-America.com\",\"isPartOf\":{\"@id\":\"https:\/\/noti-america.com\/site\/principal\/#website\"},\"primaryImageOfPage\":{\"@id\":\"https:\/\/noti-america.com\/site\/principal\/2026\/04\/29\/cootad-entra-a-tramite-para-reforma\/#primaryimage\"},\"image\":{\"@id\":\"https:\/\/noti-america.com\/site\/principal\/2026\/04\/29\/cootad-entra-a-tramite-para-reforma\/#primaryimage\"},\"thumbnailUrl\":\"https:\/\/noti-america.com\/site\/principal\/wp-content\/uploads\/sites\/26\/2026\/04\/Miembros-de-La-Comision-de-Gobiernos-Autonomos.jpeg\",\"datePublished\":\"2026-04-29T05:57:40+00:00\",\"author\":{\"@id\":\"https:\/\/noti-america.com\/site\/principal\/#\/schema\/person\/3b975e42f15abfe64bfe3abdd916efda\"},\"breadcrumb\":{\"@id\":\"https:\/\/noti-america.com\/site\/principal\/2026\/04\/29\/cootad-entra-a-tramite-para-reforma\/#breadcrumb\"},\"inLanguage\":\"es\",\"potentialAction\":[{\"@type\":\"ReadAction\",\"target\":[\"https:\/\/noti-america.com\/site\/principal\/2026\/04\/29\/cootad-entra-a-tramite-para-reforma\/\"]}]},{\"@type\":\"ImageObject\",\"inLanguage\":\"es\",\"@id\":\"https:\/\/noti-america.com\/site\/principal\/2026\/04\/29\/cootad-entra-a-tramite-para-reforma\/#primaryimage\",\"url\":\"https:\/\/noti-america.com\/site\/principal\/wp-content\/uploads\/sites\/26\/2026\/04\/Miembros-de-La-Comision-de-Gobiernos-Autonomos.jpeg\",\"contentUrl\":\"https:\/\/noti-america.com\/site\/principal\/wp-content\/uploads\/sites\/26\/2026\/04\/Miembros-de-La-Comision-de-Gobiernos-Autonomos.jpeg\",\"width\":420,\"height\":282},{\"@type\":\"BreadcrumbList\",\"@id\":\"https:\/\/noti-america.com\/site\/principal\/2026\/04\/29\/cootad-entra-a-tramite-para-reforma\/#breadcrumb\",\"itemListElement\":[{\"@type\":\"ListItem\",\"position\":1,\"name\":\"Portada\",\"item\":\"https:\/\/noti-america.com\/site\/principal\/\"},{\"@type\":\"ListItem\",\"position\":2,\"name\":\"Cootad entra a tr\u00e1mite para reforma\"}]},{\"@type\":\"WebSite\",\"@id\":\"https:\/\/noti-america.com\/site\/principal\/#website\",\"url\":\"https:\/\/noti-america.com\/site\/principal\/\",\"name\":\"Noti-America.com\",\"description\":\"El Noticiero Digital M\u00e1s Grande de Am\u00e9rica\",\"potentialAction\":[{\"@type\":\"SearchAction\",\"target\":{\"@type\":\"EntryPoint\",\"urlTemplate\":\"https:\/\/noti-america.com\/site\/principal\/?s={search_term_string}\"},\"query-input\":{\"@type\":\"PropertyValueSpecification\",\"valueRequired\":true,\"valueName\":\"search_term_string\"}}],\"inLanguage\":\"es\"},{\"@type\":\"Person\",\"@id\":\"https:\/\/noti-america.com\/site\/principal\/#\/schema\/person\/3b975e42f15abfe64bfe3abdd916efda\",\"name\":\"Gregory Quintana Montiel\",\"image\":{\"@type\":\"ImageObject\",\"inLanguage\":\"es\",\"@id\":\"https:\/\/secure.gravatar.com\/avatar\/2d6b802f7720c2ec7744dcbe608cc2f3417aeb964d58b443c6d612b77531de1d?s=96&d=mm&r=g\",\"url\":\"https:\/\/secure.gravatar.com\/avatar\/2d6b802f7720c2ec7744dcbe608cc2f3417aeb964d58b443c6d612b77531de1d?s=96&d=mm&r=g\",\"contentUrl\":\"https:\/\/secure.gravatar.com\/avatar\/2d6b802f7720c2ec7744dcbe608cc2f3417aeb964d58b443c6d612b77531de1d?s=96&d=mm&r=g\",\"caption\":\"Gregory Quintana Montiel\"},\"description\":\"Licenciatura en Ciencias de la Comunicaci\u00f3n Social, egresado en la Especializaci\u00f3n Derecho Ambiental Desarrollo Sostenible y Sustentable, Miembro de la Comunidad de profesionales y experto para Latinoam\u00e9rica y el Caribe en Gesti\u00f3n por Resultado en el Desarrollo (COPLAC - GpRD) del Banco Interamericano de Desarrollo, experiencia en medios radiales y escritos.\",\"sameAs\":[\"https:\/\/x.com\/gdgregori1\",\"gquintana\"],\"url\":\"https:\/\/noti-america.com\/site\/principal\/author\/gquintana\/\"}]}<\/script>\n<!-- \/ Yoast SEO Premium plugin. -->","yoast_head_json":{"title":"Cootad entra a tr\u00e1mite para reforma - Noti-America.com","robots":{"index":"index","follow":"follow","max-snippet":"max-snippet:-1","max-image-preview":"max-image-preview:large","max-video-preview":"max-video-preview:-1"},"canonical":"https:\/\/noti-america.com\/site\/principal\/2026\/04\/29\/cootad-entra-a-tramite-para-reforma\/","og_locale":"es_ES","og_type":"article","og_title":"Cootad entra a tr\u00e1mite para reforma","og_description":"REDACCI\u00d3N NOTI-AM\u00c9RICA (ECUADOR) La Comisi\u00f3n de Gobiernos Aut\u00f3nomos inici\u00f3 este martes el tr\u00e1mite de una nueva propuesta de reforma al C\u00f3digo Org\u00e1nico de Organizaci\u00f3n Territorial, Autonom\u00eda y Descentralizaci\u00f3n (Cootad), tras conocer la resoluci\u00f3n del&#46;&#46;&#46;","og_url":"https:\/\/noti-america.com\/site\/principal\/2026\/04\/29\/cootad-entra-a-tramite-para-reforma\/","og_site_name":"Noti-America.com","article_published_time":"2026-04-29T05:57:40+00:00","og_image":[{"width":420,"height":282,"url":"https:\/\/noti-america.com\/site\/principal\/wp-content\/uploads\/sites\/26\/2026\/04\/Miembros-de-La-Comision-de-Gobiernos-Autonomos.jpeg","type":"image\/jpeg"}],"author":"Gregory Quintana Montiel","twitter_card":"summary_large_image","twitter_creator":"@gdgregori1","twitter_misc":{"Escrito por":"Gregory Quintana Montiel","Tiempo estimado de lectura":"1 minuto"},"schema":{"@context":"https:\/\/schema.org","@graph":[{"@type":"Article","@id":"https:\/\/noti-america.com\/site\/principal\/2026\/04\/29\/cootad-entra-a-tramite-para-reforma\/#article","isPartOf":{"@id":"https:\/\/noti-america.com\/site\/principal\/2026\/04\/29\/cootad-entra-a-tramite-para-reforma\/"},"author":{"name":"Gregory Quintana Montiel","@id":"https:\/\/noti-america.com\/site\/principal\/#\/schema\/person\/3b975e42f15abfe64bfe3abdd916efda"},"headline":"Cootad entra a tr\u00e1mite para reforma","datePublished":"2026-04-29T05:57:40+00:00","mainEntityOfPage":{"@id":"https:\/\/noti-america.com\/site\/principal\/2026\/04\/29\/cootad-entra-a-tramite-para-reforma\/"},"wordCount":263,"image":{"@id":"https:\/\/noti-america.com\/site\/principal\/2026\/04\/29\/cootad-entra-a-tramite-para-reforma\/#primaryimage"},"thumbnailUrl":"https:\/\/noti-america.com\/site\/principal\/wp-content\/uploads\/sites\/26\/2026\/04\/Miembros-de-La-Comision-de-Gobiernos-Autonomos.jpeg","articleSection":["Pol\u00edtica"],"inLanguage":"es"},{"@type":"WebPage","@id":"https:\/\/noti-america.com\/site\/principal\/2026\/04\/29\/cootad-entra-a-tramite-para-reforma\/","url":"https:\/\/noti-america.com\/site\/principal\/2026\/04\/29\/cootad-entra-a-tramite-para-reforma\/","name":"Cootad entra a tr\u00e1mite para reforma - Noti-America.com","isPartOf":{"@id":"https:\/\/noti-america.com\/site\/principal\/#website"},"primaryImageOfPage":{"@id":"https:\/\/noti-america.com\/site\/principal\/2026\/04\/29\/cootad-entra-a-tramite-para-reforma\/#primaryimage"},"image":{"@id":"https:\/\/noti-america.com\/site\/principal\/2026\/04\/29\/cootad-entra-a-tramite-para-reforma\/#primaryimage"},"thumbnailUrl":"https:\/\/noti-america.com\/site\/principal\/wp-content\/uploads\/sites\/26\/2026\/04\/Miembros-de-La-Comision-de-Gobiernos-Autonomos.jpeg","datePublished":"2026-04-29T05:57:40+00:00","author":{"@id":"https:\/\/noti-america.com\/site\/principal\/#\/schema\/person\/3b975e42f15abfe64bfe3abdd916efda"},"breadcrumb":{"@id":"https:\/\/noti-america.com\/site\/principal\/2026\/04\/29\/cootad-entra-a-tramite-para-reforma\/#breadcrumb"},"inLanguage":"es","potentialAction":[{"@type":"ReadAction","target":["https:\/\/noti-america.com\/site\/principal\/2026\/04\/29\/cootad-entra-a-tramite-para-reforma\/"]}]},{"@type":"ImageObject","inLanguage":"es","@id":"https:\/\/noti-america.com\/site\/principal\/2026\/04\/29\/cootad-entra-a-tramite-para-reforma\/#primaryimage","url":"https:\/\/noti-america.com\/site\/principal\/wp-content\/uploads\/sites\/26\/2026\/04\/Miembros-de-La-Comision-de-Gobiernos-Autonomos.jpeg","contentUrl":"https:\/\/noti-america.com\/site\/principal\/wp-content\/uploads\/sites\/26\/2026\/04\/Miembros-de-La-Comision-de-Gobiernos-Autonomos.jpeg","width":420,"height":282},{"@type":"BreadcrumbList","@id":"https:\/\/noti-america.com\/site\/principal\/2026\/04\/29\/cootad-entra-a-tramite-para-reforma\/#breadcrumb","itemListElement":[{"@type":"ListItem","position":1,"name":"Portada","item":"https:\/\/noti-america.com\/site\/principal\/"},{"@type":"ListItem","position":2,"name":"Cootad entra a tr\u00e1mite para reforma"}]},{"@type":"WebSite","@id":"https:\/\/noti-america.com\/site\/principal\/#website","url":"https:\/\/noti-america.com\/site\/principal\/","name":"Noti-America.com","description":"El Noticiero Digital M\u00e1s Grande de Am\u00e9rica","potentialAction":[{"@type":"SearchAction","target":{"@type":"EntryPoint","urlTemplate":"https:\/\/noti-america.com\/site\/principal\/?s={search_term_string}"},"query-input":{"@type":"PropertyValueSpecification","valueRequired":true,"valueName":"search_term_string"}}],"inLanguage":"es"},{"@type":"Person","@id":"https:\/\/noti-america.com\/site\/principal\/#\/schema\/person\/3b975e42f15abfe64bfe3abdd916efda","name":"Gregory Quintana Montiel","image":{"@type":"ImageObject","inLanguage":"es","@id":"https:\/\/secure.gravatar.com\/avatar\/2d6b802f7720c2ec7744dcbe608cc2f3417aeb964d58b443c6d612b77531de1d?s=96&d=mm&r=g","url":"https:\/\/secure.gravatar.com\/avatar\/2d6b802f7720c2ec7744dcbe608cc2f3417aeb964d58b443c6d612b77531de1d?s=96&d=mm&r=g","contentUrl":"https:\/\/secure.gravatar.com\/avatar\/2d6b802f7720c2ec7744dcbe608cc2f3417aeb964d58b443c6d612b77531de1d?s=96&d=mm&r=g","caption":"Gregory Quintana Montiel"},"description":"Licenciatura en Ciencias de la Comunicaci\u00f3n Social, egresado en la Especializaci\u00f3n Derecho Ambiental Desarrollo Sostenible y Sustentable, Miembro de la Comunidad de profesionales y experto para Latinoam\u00e9rica y el Caribe en Gesti\u00f3n por Resultado en el Desarrollo (COPLAC - GpRD) del Banco Interamericano de Desarrollo, experiencia en medios radiales y escritos.","sameAs":["https:\/\/x.com\/gdgregori1","gquintana"],"url":"https:\/\/noti-america.com\/site\/principal\/author\/gquintana\/"}]}},"_links":{"self":[{"href":"https:\/\/noti-america.com\/site\/principal\/wp-json\/wp\/v2\/posts\/87558","targetHints":{"allow":["GET"]}}],"collection":[{"href":"https:\/\/noti-america.com\/site\/principal\/wp-json\/wp\/v2\/posts"}],"about":[{"href":"https:\/\/noti-america.com\/site\/principal\/wp-json\/wp\/v2\/types\/post"}],"author":[{"embeddable":true,"href":"https:\/\/noti-america.com\/site\/principal\/wp-json\/wp\/v2\/users\/17"}],"replies":[{"embeddable":true,"href":"https:\/\/noti-america.com\/site\/principal\/wp-json\/wp\/v2\/comments?post=87558"}],"version-history":[{"count":1,"href":"https:\/\/noti-america.com\/site\/principal\/wp-json\/wp\/v2\/posts\/87558\/revisions"}],"predecessor-version":[{"id":87569,"href":"https:\/\/noti-america.com\/site\/principal\/wp-json\/wp\/v2\/posts\/87558\/revisions\/87569"}],"wp:featuredmedia":[{"embeddable":true,"href":"https:\/\/noti-america.com\/site\/principal\/wp-json\/wp\/v2\/media\/87559"}],"wp:attachment":[{"href":"https:\/\/noti-america.com\/site\/principal\/wp-json\/wp\/v2\/media?parent=87558"}],"wp:term":[{"taxonomy":"category","embeddable":true,"href":"https:\/\/noti-america.com\/site\/principal\/wp-json\/wp\/v2\/categories?post=87558"},{"taxonomy":"post_tag","embeddable":true,"href":"https:\/\/noti-america.com\/site\/principal\/wp-json\/wp\/v2\/tags?post=87558"}],"curies":[{"name":"wp","href":"https:\/\/api.w.org\/{rel}","templated":true}]}}