{"id":87507,"date":"2026-04-28T18:33:58","date_gmt":"2026-04-28T22:33:58","guid":{"rendered":"https:\/\/noti-america.com\/site\/principal\/?p=87507"},"modified":"2026-04-28T18:33:58","modified_gmt":"2026-04-28T22:33:58","slug":"david-ballesta-es-el-campeon-de-categoria-elite-del-triatlon-costa-del-faro","status":"publish","type":"post","link":"https:\/\/noti-america.com\/site\/principal\/2026\/04\/28\/david-ballesta-es-el-campeon-de-categoria-elite-del-triatlon-costa-del-faro\/","title":{"rendered":"David Ballesta es el campe\u00f3n de categor\u00eda \u00c9lite del triatl\u00f3n Costa del Faro"},"content":{"rendered":"<p>NOTI-AMERICA.COM <em>|\u00a0<\/em>REP\u00daBLICA DOMINICANA<\/p>\n<p style=\"text-align: justify\">SANTO DOMINGO &#8211; El atleta David Ballesta conquist\u00f3 el t\u00edtulo de campe\u00f3n de la categor\u00eda \u00c9lite Ol\u00edmpico Masculino en el campeonato de triatl\u00f3n Costa del Faro, que se celebr\u00f3 el domingo en la playa de Sans Souc\u00ed, en el club de Oficiales de la Armada de Rep\u00fablica Dominicana, del sector de Villa Duarte, en el Municipio Santo Domingo Este.<\/p>\n<p style=\"text-align: justify\">Ballesta Garc\u00eda consigui\u00f3 un tiempo de 2:02:12 para adue\u00f1arse del primer lugar, mientras que el segundo correspondi\u00f3 a V\u00edctor Feliz, quien cronometr\u00f3 2:06:53, y Rodrigo P\u00e1ez lleg\u00f3 en tercero al registrar tiempo de 2:19:48, en la categor\u00eda \u00c9lite Ol\u00edmpico Masculino.<\/p>\n<p style=\"text-align: justify\">En la categor\u00eda Ol\u00edmpica Femenino se alz\u00f3 con el primer lugar L\u00eda Campusano con tiempo de 2:31:29, en segundo lleg\u00f3 Lizbeth Galindo, con 2:41:07, y en tercero qued\u00f3 Tatiana Jim\u00e9nez, con cron\u00f3metro de 2:42:49.<\/p>\n<p style=\"text-align: justify\">En la categor\u00eda m\u00e1ster masculino sprint el triunfo fue de Dennis Lockward Estrella con registro en el reloj de 01:30:11, el segundo de Miguel Andr\u00e9s S\u00e1nchez, con 01:34:52, y el tercero lo ocup\u00f3 Carlos Jos\u00e9 Jim\u00e9nez, con tiempo de 02:33:00.<\/p>\n<p style=\"text-align: justify\">La justa fue organizada por la Federaci\u00f3n Dominicana de Triatl\u00f3n (FEDOTRI), que preside el dirigente deportivo Franklin De la Cruz, quien encabez\u00f3 el acto de premiaci\u00f3n acompa\u00f1ado de Luis Chanlatte, secretario general del Comit\u00e9 Ol\u00edmpico Dominicano (COD), el t\u00e9cnico Manuel Jim\u00e9nez y Nicasio Garc\u00eda Guerrero, primer vocal de FEDOTRI.<\/p>\n<p style=\"text-align: justify\">De la Cruz indic\u00f3 que el certamen se organiz\u00f3 como preparaci\u00f3n para los XXV Juegos Centroamericanos y del Caribe Santo Domingo 2026, que se har\u00e1n del viernes 24 de julio hasta el s\u00e1bado 8 de agosto en 40 deportes (56 disciplinas) y seis mil atletas de 37 pa\u00edses.<\/p>\n<p style=\"text-align: justify\"><strong>Otros ganadores<\/strong><\/p>\n<p style=\"text-align: justify\">En la categor\u00eda m\u00e1ster A distancia sprint femenino gan\u00f3 Laura Soler Saavedra y el segundo Evedre Abad, y en la categor\u00eda s\u00faper sprint con 400 metros nataci\u00f3n, 10 kms ciclismo y 5 kms carreras domin\u00f3 Esteban Sena (00:10:49), Sa\u00fal Moronta (00:11:27), en segundo, y en tercero, Jes\u00fas Marte (00:12:29), y en femenino, Alan\u00eds Cabrera (00:19:30).<\/p>\n<p style=\"text-align: justify\">En sprint individual masculino gan\u00f3 Marcos Gonz\u00e1lez, 01:04:07; en segundo, Ali\u00e1n Gonz\u00e1lez, 01:04:34, y tercero, Andrews Montilla, 01:05:35, y en femenino, Natalia Salafranca (01:14:28), Nashla Grull\u00f3n (01:23:22), y Laura Soler, (01:24:46), tercero.<\/p>\n<p style=\"text-align: justify\">Franklin De la Cruz, presidente de FEDOTRI, agradeci\u00f3 el apoyo de los patrocinadores, Wendy Almonte, gerente general de Vitasalud; Luis Vega Tono, de San Miguel y Compa\u00f1\u00eda; el alcalde D\u00edo Astacio, del Municipio Santo Domingo Este; Baldom; Caf\u00e9 Santo Domingo; y Sport Tape.<\/p>\n<p style=\"text-align: justify\">El Ministerio de Deportes y su ministro Kelvin Cruz; el Comit\u00e9 Ol\u00edmpico Dominicano (COD); la empresa Opal Jeans, y el apoyo de la Armada de Rep\u00fablica Dominicana, a trav\u00e9s de su comandante general, el vicealmirante Juan Bienvenido Cris\u00f3stomo Mart\u00ednez.<\/p>\n","protected":false},"excerpt":{"rendered":"<p>NOTI-AMERICA.COM |\u00a0REP\u00daBLICA DOMINICANA SANTO DOMINGO &#8211; El atleta David Ballesta conquist\u00f3 el t\u00edtulo de campe\u00f3n de la categor\u00eda \u00c9lite Ol\u00edmpico Masculino en el campeonato de triatl\u00f3n Costa del Faro, que se celebr\u00f3 el domingo&#46;&#46;&#46;<\/p>\n","protected":false},"author":89,"featured_media":87508,"comment_status":"","ping_status":"open","sticky":false,"template":"","format":"standard","meta":{"_acf_changed":false,"rop_custom_images_group":[],"rop_custom_messages_group":[],"rop_publish_now":"no","rop_publish_now_accounts":[],"rop_publish_now_history":[],"rop_publish_now_status":"pending","footnotes":""},"categories":[16],"tags":[5350,5351,3996],"class_list":["post-87507","post","type-post","status-publish","format-standard","has-post-thumbnail","hentry","category-deportes","tag-campeonato-de-triatlon-costa-del-faro","tag-david-ballesta","tag-federacion-dominicana-de-triatlon"],"acf":[],"yoast_head":"<!-- This site is optimized with the Yoast SEO Premium plugin v24.9 (Yoast SEO v27.2) - https:\/\/yoast.com\/product\/yoast-seo-premium-wordpress\/ -->\n<title>David Ballesta es el campe\u00f3n de categor\u00eda \u00c9lite del triatl\u00f3n Costa del Faro - Noti-America.com<\/title>\n<meta name=\"robots\" content=\"index, follow, max-snippet:-1, max-image-preview:large, max-video-preview:-1\" \/>\n<link rel=\"canonical\" href=\"https:\/\/noti-america.com\/site\/principal\/2026\/04\/28\/david-ballesta-es-el-campeon-de-categoria-elite-del-triatlon-costa-del-faro\/\" \/>\n<meta property=\"og:locale\" content=\"es_ES\" \/>\n<meta property=\"og:type\" content=\"article\" \/>\n<meta property=\"og:title\" content=\"David Ballesta es el campe\u00f3n de categor\u00eda \u00c9lite del triatl\u00f3n Costa del Faro\" \/>\n<meta property=\"og:description\" content=\"NOTI-AMERICA.COM |\u00a0REP\u00daBLICA DOMINICANA SANTO DOMINGO &#8211; El atleta David Ballesta conquist\u00f3 el t\u00edtulo de campe\u00f3n de la categor\u00eda \u00c9lite Ol\u00edmpico Masculino en el campeonato de triatl\u00f3n Costa del Faro, que se celebr\u00f3 el domingo&#046;&#046;&#046;\" \/>\n<meta property=\"og:url\" content=\"https:\/\/noti-america.com\/site\/principal\/2026\/04\/28\/david-ballesta-es-el-campeon-de-categoria-elite-del-triatlon-costa-del-faro\/\" \/>\n<meta property=\"og:site_name\" content=\"Noti-America.com\" \/>\n<meta property=\"article:published_time\" content=\"2026-04-28T22:33:58+00:00\" \/>\n<meta property=\"og:image\" content=\"https:\/\/noti-america.com\/site\/principal\/wp-content\/uploads\/sites\/26\/2026\/04\/David-Ballesta.jpeg\" \/>\n\t<meta property=\"og:image:width\" content=\"720\" \/>\n\t<meta property=\"og:image:height\" content=\"906\" \/>\n\t<meta property=\"og:image:type\" content=\"image\/jpeg\" \/>\n<meta name=\"author\" content=\"Ad\u00e1n Soriano\" \/>\n<meta name=\"twitter:card\" content=\"summary_large_image\" \/>\n<meta name=\"twitter:creator\" content=\"@adansoriano\" \/>\n<meta name=\"twitter:label1\" content=\"Escrito por\" \/>\n\t<meta name=\"twitter:data1\" content=\"Ad\u00e1n Soriano\" \/>\n\t<meta name=\"twitter:label2\" content=\"Tiempo estimado de lectura\" \/>\n\t<meta name=\"twitter:data2\" content=\"2 minutos\" \/>\n<script type=\"application\/ld+json\" class=\"yoast-schema-graph\">{\"@context\":\"https:\/\/schema.org\",\"@graph\":[{\"@type\":\"Article\",\"@id\":\"https:\/\/noti-america.com\/site\/principal\/2026\/04\/28\/david-ballesta-es-el-campeon-de-categoria-elite-del-triatlon-costa-del-faro\/#article\",\"isPartOf\":{\"@id\":\"https:\/\/noti-america.com\/site\/principal\/2026\/04\/28\/david-ballesta-es-el-campeon-de-categoria-elite-del-triatlon-costa-del-faro\/\"},\"author\":{\"name\":\"Ad\u00e1n Soriano\",\"@id\":\"https:\/\/noti-america.com\/site\/principal\/#\/schema\/person\/fd0092c1530d275fabaa5cffcbc2b976\"},\"headline\":\"David Ballesta es el campe\u00f3n de categor\u00eda \u00c9lite del triatl\u00f3n Costa del Faro\",\"datePublished\":\"2026-04-28T22:33:58+00:00\",\"mainEntityOfPage\":{\"@id\":\"https:\/\/noti-america.com\/site\/principal\/2026\/04\/28\/david-ballesta-es-el-campeon-de-categoria-elite-del-triatlon-costa-del-faro\/\"},\"wordCount\":487,\"image\":{\"@id\":\"https:\/\/noti-america.com\/site\/principal\/2026\/04\/28\/david-ballesta-es-el-campeon-de-categoria-elite-del-triatlon-costa-del-faro\/#primaryimage\"},\"thumbnailUrl\":\"https:\/\/noti-america.com\/site\/principal\/wp-content\/uploads\/sites\/26\/2026\/04\/David-Ballesta.jpeg\",\"keywords\":[\"Campeonato de Triatl\u00f3n Costa del Faro\",\"David Ballesta\",\"Federaci\u00f3n Dominicana de Triatl\u00f3n\"],\"articleSection\":[\"Deportes\"],\"inLanguage\":\"es\"},{\"@type\":\"WebPage\",\"@id\":\"https:\/\/noti-america.com\/site\/principal\/2026\/04\/28\/david-ballesta-es-el-campeon-de-categoria-elite-del-triatlon-costa-del-faro\/\",\"url\":\"https:\/\/noti-america.com\/site\/principal\/2026\/04\/28\/david-ballesta-es-el-campeon-de-categoria-elite-del-triatlon-costa-del-faro\/\",\"name\":\"David Ballesta es el campe\u00f3n de categor\u00eda \u00c9lite del triatl\u00f3n Costa del Faro - Noti-America.com\",\"isPartOf\":{\"@id\":\"https:\/\/noti-america.com\/site\/principal\/#website\"},\"primaryImageOfPage\":{\"@id\":\"https:\/\/noti-america.com\/site\/principal\/2026\/04\/28\/david-ballesta-es-el-campeon-de-categoria-elite-del-triatlon-costa-del-faro\/#primaryimage\"},\"image\":{\"@id\":\"https:\/\/noti-america.com\/site\/principal\/2026\/04\/28\/david-ballesta-es-el-campeon-de-categoria-elite-del-triatlon-costa-del-faro\/#primaryimage\"},\"thumbnailUrl\":\"https:\/\/noti-america.com\/site\/principal\/wp-content\/uploads\/sites\/26\/2026\/04\/David-Ballesta.jpeg\",\"datePublished\":\"2026-04-28T22:33:58+00:00\",\"author\":{\"@id\":\"https:\/\/noti-america.com\/site\/principal\/#\/schema\/person\/fd0092c1530d275fabaa5cffcbc2b976\"},\"breadcrumb\":{\"@id\":\"https:\/\/noti-america.com\/site\/principal\/2026\/04\/28\/david-ballesta-es-el-campeon-de-categoria-elite-del-triatlon-costa-del-faro\/#breadcrumb\"},\"inLanguage\":\"es\",\"potentialAction\":[{\"@type\":\"ReadAction\",\"target\":[\"https:\/\/noti-america.com\/site\/principal\/2026\/04\/28\/david-ballesta-es-el-campeon-de-categoria-elite-del-triatlon-costa-del-faro\/\"]}]},{\"@type\":\"ImageObject\",\"inLanguage\":\"es\",\"@id\":\"https:\/\/noti-america.com\/site\/principal\/2026\/04\/28\/david-ballesta-es-el-campeon-de-categoria-elite-del-triatlon-costa-del-faro\/#primaryimage\",\"url\":\"https:\/\/noti-america.com\/site\/principal\/wp-content\/uploads\/sites\/26\/2026\/04\/David-Ballesta.jpeg\",\"contentUrl\":\"https:\/\/noti-america.com\/site\/principal\/wp-content\/uploads\/sites\/26\/2026\/04\/David-Ballesta.jpeg\",\"width\":720,\"height\":906},{\"@type\":\"BreadcrumbList\",\"@id\":\"https:\/\/noti-america.com\/site\/principal\/2026\/04\/28\/david-ballesta-es-el-campeon-de-categoria-elite-del-triatlon-costa-del-faro\/#breadcrumb\",\"itemListElement\":[{\"@type\":\"ListItem\",\"position\":1,\"name\":\"Portada\",\"item\":\"https:\/\/noti-america.com\/site\/principal\/\"},{\"@type\":\"ListItem\",\"position\":2,\"name\":\"David Ballesta es el campe\u00f3n de categor\u00eda \u00c9lite del triatl\u00f3n Costa del Faro\"}]},{\"@type\":\"WebSite\",\"@id\":\"https:\/\/noti-america.com\/site\/principal\/#website\",\"url\":\"https:\/\/noti-america.com\/site\/principal\/\",\"name\":\"Noti-America.com\",\"description\":\"El Noticiero Digital M\u00e1s Grande de Am\u00e9rica\",\"potentialAction\":[{\"@type\":\"SearchAction\",\"target\":{\"@type\":\"EntryPoint\",\"urlTemplate\":\"https:\/\/noti-america.com\/site\/principal\/?s={search_term_string}\"},\"query-input\":{\"@type\":\"PropertyValueSpecification\",\"valueRequired\":true,\"valueName\":\"search_term_string\"}}],\"inLanguage\":\"es\"},{\"@type\":\"Person\",\"@id\":\"https:\/\/noti-america.com\/site\/principal\/#\/schema\/person\/fd0092c1530d275fabaa5cffcbc2b976\",\"name\":\"Ad\u00e1n Soriano\",\"image\":{\"@type\":\"ImageObject\",\"inLanguage\":\"es\",\"@id\":\"https:\/\/secure.gravatar.com\/avatar\/ecf97ff3aee7ff9efdae670d7e976f3e7e8acc1077e510d73707999a8bfd4467?s=96&d=mm&r=g\",\"url\":\"https:\/\/secure.gravatar.com\/avatar\/ecf97ff3aee7ff9efdae670d7e976f3e7e8acc1077e510d73707999a8bfd4467?s=96&d=mm&r=g\",\"contentUrl\":\"https:\/\/secure.gravatar.com\/avatar\/ecf97ff3aee7ff9efdae670d7e976f3e7e8acc1077e510d73707999a8bfd4467?s=96&d=mm&r=g\",\"caption\":\"Ad\u00e1n Soriano\"},\"description\":\"Soy cronista deportivo con 10 a\u00f1os de experiencia en varios espacios, y conduzco el podcast deportivo llamado Mezcla Deportiva\",\"sameAs\":[\"https:\/\/x.com\/adansoriano\"],\"url\":\"https:\/\/noti-america.com\/site\/principal\/author\/asoriano\/\"}]}<\/script>\n<!-- \/ Yoast SEO Premium plugin. -->","yoast_head_json":{"title":"David Ballesta es el campe\u00f3n de categor\u00eda \u00c9lite del triatl\u00f3n Costa del Faro - Noti-America.com","robots":{"index":"index","follow":"follow","max-snippet":"max-snippet:-1","max-image-preview":"max-image-preview:large","max-video-preview":"max-video-preview:-1"},"canonical":"https:\/\/noti-america.com\/site\/principal\/2026\/04\/28\/david-ballesta-es-el-campeon-de-categoria-elite-del-triatlon-costa-del-faro\/","og_locale":"es_ES","og_type":"article","og_title":"David Ballesta es el campe\u00f3n de categor\u00eda \u00c9lite del triatl\u00f3n Costa del Faro","og_description":"NOTI-AMERICA.COM |\u00a0REP\u00daBLICA DOMINICANA SANTO DOMINGO &#8211; El atleta David Ballesta conquist\u00f3 el t\u00edtulo de campe\u00f3n de la categor\u00eda \u00c9lite Ol\u00edmpico Masculino en el campeonato de triatl\u00f3n Costa del Faro, que se celebr\u00f3 el domingo&#46;&#46;&#46;","og_url":"https:\/\/noti-america.com\/site\/principal\/2026\/04\/28\/david-ballesta-es-el-campeon-de-categoria-elite-del-triatlon-costa-del-faro\/","og_site_name":"Noti-America.com","article_published_time":"2026-04-28T22:33:58+00:00","og_image":[{"width":720,"height":906,"url":"https:\/\/noti-america.com\/site\/principal\/wp-content\/uploads\/sites\/26\/2026\/04\/David-Ballesta.jpeg","type":"image\/jpeg"}],"author":"Ad\u00e1n Soriano","twitter_card":"summary_large_image","twitter_creator":"@adansoriano","twitter_misc":{"Escrito por":"Ad\u00e1n Soriano","Tiempo estimado de lectura":"2 minutos"},"schema":{"@context":"https:\/\/schema.org","@graph":[{"@type":"Article","@id":"https:\/\/noti-america.com\/site\/principal\/2026\/04\/28\/david-ballesta-es-el-campeon-de-categoria-elite-del-triatlon-costa-del-faro\/#article","isPartOf":{"@id":"https:\/\/noti-america.com\/site\/principal\/2026\/04\/28\/david-ballesta-es-el-campeon-de-categoria-elite-del-triatlon-costa-del-faro\/"},"author":{"name":"Ad\u00e1n Soriano","@id":"https:\/\/noti-america.com\/site\/principal\/#\/schema\/person\/fd0092c1530d275fabaa5cffcbc2b976"},"headline":"David Ballesta es el campe\u00f3n de categor\u00eda \u00c9lite del triatl\u00f3n Costa del Faro","datePublished":"2026-04-28T22:33:58+00:00","mainEntityOfPage":{"@id":"https:\/\/noti-america.com\/site\/principal\/2026\/04\/28\/david-ballesta-es-el-campeon-de-categoria-elite-del-triatlon-costa-del-faro\/"},"wordCount":487,"image":{"@id":"https:\/\/noti-america.com\/site\/principal\/2026\/04\/28\/david-ballesta-es-el-campeon-de-categoria-elite-del-triatlon-costa-del-faro\/#primaryimage"},"thumbnailUrl":"https:\/\/noti-america.com\/site\/principal\/wp-content\/uploads\/sites\/26\/2026\/04\/David-Ballesta.jpeg","keywords":["Campeonato de Triatl\u00f3n Costa del Faro","David Ballesta","Federaci\u00f3n Dominicana de Triatl\u00f3n"],"articleSection":["Deportes"],"inLanguage":"es"},{"@type":"WebPage","@id":"https:\/\/noti-america.com\/site\/principal\/2026\/04\/28\/david-ballesta-es-el-campeon-de-categoria-elite-del-triatlon-costa-del-faro\/","url":"https:\/\/noti-america.com\/site\/principal\/2026\/04\/28\/david-ballesta-es-el-campeon-de-categoria-elite-del-triatlon-costa-del-faro\/","name":"David Ballesta es el campe\u00f3n de categor\u00eda \u00c9lite del triatl\u00f3n Costa del Faro - Noti-America.com","isPartOf":{"@id":"https:\/\/noti-america.com\/site\/principal\/#website"},"primaryImageOfPage":{"@id":"https:\/\/noti-america.com\/site\/principal\/2026\/04\/28\/david-ballesta-es-el-campeon-de-categoria-elite-del-triatlon-costa-del-faro\/#primaryimage"},"image":{"@id":"https:\/\/noti-america.com\/site\/principal\/2026\/04\/28\/david-ballesta-es-el-campeon-de-categoria-elite-del-triatlon-costa-del-faro\/#primaryimage"},"thumbnailUrl":"https:\/\/noti-america.com\/site\/principal\/wp-content\/uploads\/sites\/26\/2026\/04\/David-Ballesta.jpeg","datePublished":"2026-04-28T22:33:58+00:00","author":{"@id":"https:\/\/noti-america.com\/site\/principal\/#\/schema\/person\/fd0092c1530d275fabaa5cffcbc2b976"},"breadcrumb":{"@id":"https:\/\/noti-america.com\/site\/principal\/2026\/04\/28\/david-ballesta-es-el-campeon-de-categoria-elite-del-triatlon-costa-del-faro\/#breadcrumb"},"inLanguage":"es","potentialAction":[{"@type":"ReadAction","target":["https:\/\/noti-america.com\/site\/principal\/2026\/04\/28\/david-ballesta-es-el-campeon-de-categoria-elite-del-triatlon-costa-del-faro\/"]}]},{"@type":"ImageObject","inLanguage":"es","@id":"https:\/\/noti-america.com\/site\/principal\/2026\/04\/28\/david-ballesta-es-el-campeon-de-categoria-elite-del-triatlon-costa-del-faro\/#primaryimage","url":"https:\/\/noti-america.com\/site\/principal\/wp-content\/uploads\/sites\/26\/2026\/04\/David-Ballesta.jpeg","contentUrl":"https:\/\/noti-america.com\/site\/principal\/wp-content\/uploads\/sites\/26\/2026\/04\/David-Ballesta.jpeg","width":720,"height":906},{"@type":"BreadcrumbList","@id":"https:\/\/noti-america.com\/site\/principal\/2026\/04\/28\/david-ballesta-es-el-campeon-de-categoria-elite-del-triatlon-costa-del-faro\/#breadcrumb","itemListElement":[{"@type":"ListItem","position":1,"name":"Portada","item":"https:\/\/noti-america.com\/site\/principal\/"},{"@type":"ListItem","position":2,"name":"David Ballesta es el campe\u00f3n de categor\u00eda \u00c9lite del triatl\u00f3n Costa del Faro"}]},{"@type":"WebSite","@id":"https:\/\/noti-america.com\/site\/principal\/#website","url":"https:\/\/noti-america.com\/site\/principal\/","name":"Noti-America.com","description":"El Noticiero Digital M\u00e1s Grande de Am\u00e9rica","potentialAction":[{"@type":"SearchAction","target":{"@type":"EntryPoint","urlTemplate":"https:\/\/noti-america.com\/site\/principal\/?s={search_term_string}"},"query-input":{"@type":"PropertyValueSpecification","valueRequired":true,"valueName":"search_term_string"}}],"inLanguage":"es"},{"@type":"Person","@id":"https:\/\/noti-america.com\/site\/principal\/#\/schema\/person\/fd0092c1530d275fabaa5cffcbc2b976","name":"Ad\u00e1n Soriano","image":{"@type":"ImageObject","inLanguage":"es","@id":"https:\/\/secure.gravatar.com\/avatar\/ecf97ff3aee7ff9efdae670d7e976f3e7e8acc1077e510d73707999a8bfd4467?s=96&d=mm&r=g","url":"https:\/\/secure.gravatar.com\/avatar\/ecf97ff3aee7ff9efdae670d7e976f3e7e8acc1077e510d73707999a8bfd4467?s=96&d=mm&r=g","contentUrl":"https:\/\/secure.gravatar.com\/avatar\/ecf97ff3aee7ff9efdae670d7e976f3e7e8acc1077e510d73707999a8bfd4467?s=96&d=mm&r=g","caption":"Ad\u00e1n Soriano"},"description":"Soy cronista deportivo con 10 a\u00f1os de experiencia en varios espacios, y conduzco el podcast deportivo llamado Mezcla Deportiva","sameAs":["https:\/\/x.com\/adansoriano"],"url":"https:\/\/noti-america.com\/site\/principal\/author\/asoriano\/"}]}},"_links":{"self":[{"href":"https:\/\/noti-america.com\/site\/principal\/wp-json\/wp\/v2\/posts\/87507","targetHints":{"allow":["GET"]}}],"collection":[{"href":"https:\/\/noti-america.com\/site\/principal\/wp-json\/wp\/v2\/posts"}],"about":[{"href":"https:\/\/noti-america.com\/site\/principal\/wp-json\/wp\/v2\/types\/post"}],"author":[{"embeddable":true,"href":"https:\/\/noti-america.com\/site\/principal\/wp-json\/wp\/v2\/users\/89"}],"replies":[{"embeddable":true,"href":"https:\/\/noti-america.com\/site\/principal\/wp-json\/wp\/v2\/comments?post=87507"}],"version-history":[{"count":1,"href":"https:\/\/noti-america.com\/site\/principal\/wp-json\/wp\/v2\/posts\/87507\/revisions"}],"predecessor-version":[{"id":87525,"href":"https:\/\/noti-america.com\/site\/principal\/wp-json\/wp\/v2\/posts\/87507\/revisions\/87525"}],"wp:featuredmedia":[{"embeddable":true,"href":"https:\/\/noti-america.com\/site\/principal\/wp-json\/wp\/v2\/media\/87508"}],"wp:attachment":[{"href":"https:\/\/noti-america.com\/site\/principal\/wp-json\/wp\/v2\/media?parent=87507"}],"wp:term":[{"taxonomy":"category","embeddable":true,"href":"https:\/\/noti-america.com\/site\/principal\/wp-json\/wp\/v2\/categories?post=87507"},{"taxonomy":"post_tag","embeddable":true,"href":"https:\/\/noti-america.com\/site\/principal\/wp-json\/wp\/v2\/tags?post=87507"}],"curies":[{"name":"wp","href":"https:\/\/api.w.org\/{rel}","templated":true}]}}